{"id":65752,"date":"2023-11-14T19:13:13","date_gmt":"2023-11-15T02:13:13","guid":{"rendered":"https:\/\/fuentesfidedignas.com.mx\/?p=65752"},"modified":"2023-11-14T19:13:13","modified_gmt":"2023-11-15T02:13:13","slug":"para-mario-bojorquez-y-monica-lavin-el-premio-nacional-letras-de-sinaloa-2023","status":"publish","type":"post","link":"https:\/\/fuentesfidedignas.com.mx\/index.php\/2023\/11\/14\/para-mario-bojorquez-y-monica-lavin-el-premio-nacional-letras-de-sinaloa-2023\/","title":{"rendered":"Para Mario Boj\u00f3rquez y M\u00f3nica Lav\u00edn, el Premio Nacional Letras de Sinaloa 2023"},"content":{"rendered":"\n<p><strong><em>Les ser\u00e1 entregado el pr\u00f3ximo 5 de diciembre, en el marco de la Feria del Libro de Los Mochis<\/em><\/strong><\/p>\n\n\n\n<p>Culiac\u00e1n, Sin.- El poeta mochiteco Mario Boj\u00f3rquez y la escritora M\u00f3nica Lav\u00edn, fueron declarados ganadores del Premio Nacional Letras de Sinaloa 2023, \u201cpor la calidad de su obra y la riqueza de su trayectoria literaria\u201d, anunci\u00f3 este martes el Instituto Sinaloense de Cultura.<\/p>\n\n\n\n<p>El anuncio fue hecho este mediod\u00eda por el Dr. Juan Salvador Avil\u00e9s Ochoa, director general del ISIC, quien acompa\u00f1ado por Ernestina Y\u00e9piz, directora de Literatura y Editorial, inform\u00f3 que la entrega del importante galard\u00f3n se har\u00e1 el pr\u00f3ximo martes 5 de diciembre a las 19:30 horas, en el marco de la Feria Internacional del Libro de Los Mochis, que se realizar\u00e1 del 3 al 10 de diciembre en la Plazuela 27 de Septiembre de esa ciudad.<\/p>\n\n\n\n<p>De acuerdo con el acta del jurado, integrado por Cristina Razc\u00f3n, Rogelio Guedea y Sandra Lorenzano, la decisi\u00f3n de otorgar el galard\u00f3n en forma compartida por primera vez, fue tomada por unanimidad.<\/p>\n\n\n\n<p>El dictamen especifica que &#8220;la literatura de M\u00f3nica Lav\u00edn es ya un referente de la narrativa mexicana contempor\u00e1nea, tanto en nuestro pa\u00eds como a nivel internacional; se ha destacado fundamentalmente, como cuentista, siendo tambi\u00e9n autora reconocida en el g\u00e9nero de novela&#8221;.<\/p>\n\n\n\n<p>&#8220;Mario Alberto Boj\u00f3rquez, por su parte, es autor de una obra po\u00e9tica de gran envergadura, que igual abreva en la tradici\u00f3n cl\u00e1sica de la poes\u00eda de nuestra lengua que en obras de vanguardia de otras literaturas del mundo&#8221;.<\/p>\n\n\n\n<p>En ambos casos -concluye el jurado- &#8220;se reconoce el rigor de su propuesta, as\u00ed como el alcance que tienen sus libros entre las y los lectores de todas las generaciones, y la recepci\u00f3n cr\u00edtica de los mismos&#8221;.<\/p>\n\n\n\n<p>Dicho galard\u00f3n, convocado por el Gobierno de Sinaloa a trav\u00e9s del Instituto Sinaloense de Cultura desde 2009, est\u00e1 dotado de 100 mil pesos, que ser\u00e1n repartido entre ambos ganadores, y diploma, y tras la recepci\u00f3n, los ganadores participar\u00e1n en una conversaci\u00f3n en la que hablar\u00e1n de su obra y sus procesos creativos.<\/p>\n\n\n\n<p>Hasta la fecha el Premio Letras de Sinaloa lo han recibido Vicente Le\u00f1ero (2009), Emmanuel Carballo (2010), Federico Campbell (2011), Miguel Le\u00f3n-Portilla (2012), Marco Antonio Campos (2013), Jaime Labastida (2014), Hugo Hiriart (2015), Felipe Garrido (2016), Coral Bracho (2017), Elena Poniatowska (2018), \u00c9lmer Mendoza (2019), Jos\u00e9 Luis Rivas (2020), Francisco Hinojosa (2021) y Eduardo Langagne (2022).<\/p>\n","protected":false},"excerpt":{"rendered":"<p>Les ser\u00e1 entregado el pr\u00f3ximo 5 de diciembre, en el marco de la Feria del Libro de Los Mochis Culiac\u00e1n, Sin.- El poeta mochiteco Mario Boj\u00f3rquez y la escritora M\u00f3nica Lav\u00edn, fueron declarados ganadores del Premio Nacional Letras de Sinaloa 2023, \u201cpor la calidad de su obra y la riqueza de su trayectoria literaria\u201d, anunci\u00f3 [&hellip;]<\/p>\n","protected":false},"author":4,"featured_media":65753,"comment_status":"open","ping_status":"open","sticky":false,"template":"","format":"standard","meta":{"tdm_status":"","tdm_grid_status":"","footnotes":""},"categories":[1],"tags":[],"class_list":{"0":"post-65752","1":"post","2":"type-post","3":"status-publish","4":"format-standard","5":"has-post-thumbnail","7":"category-sin-categoria"},"yoast_head":"<!-- This site is optimized with the Yoast SEO plugin v27.5 - https:\/\/yoast.com\/product\/yoast-seo-wordpress\/ -->\n<title>Para Mario Boj\u00f3rquez y M\u00f3nica Lav\u00edn, el Premio Nacional Letras de Sinaloa 2023 - Fuentes Fidedignas<\/title>\n<meta name=\"robots\" content=\"index, follow, max-snippet:-1, max-image-preview:large, max-video-preview:-1\" \/>\n<link rel=\"canonical\" href=\"https:\/\/fuentesfidedignas.com.mx\/index.php\/2023\/11\/14\/para-mario-bojorquez-y-monica-lavin-el-premio-nacional-letras-de-sinaloa-2023\/\" \/>\n<meta property=\"og:locale\" content=\"es_MX\" \/>\n<meta property=\"og:type\" content=\"article\" \/>\n<meta property=\"og:title\" content=\"Para Mario Boj\u00f3rquez y M\u00f3nica Lav\u00edn, el Premio Nacional Letras de Sinaloa 2023 - Fuentes Fidedignas\" \/>\n<meta property=\"og:description\" content=\"Les ser\u00e1 entregado el pr\u00f3ximo 5 de diciembre, en el marco de la Feria del Libro de Los Mochis Culiac\u00e1n, Sin.- El poeta mochiteco Mario Boj\u00f3rquez y la escritora M\u00f3nica Lav\u00edn, fueron declarados ganadores del Premio Nacional Letras de Sinaloa 2023, \u201cpor la calidad de su obra y la riqueza de su trayectoria literaria\u201d, anunci\u00f3 [&hellip;]\" \/>\n<meta property=\"og:url\" content=\"https:\/\/fuentesfidedignas.com.mx\/index.php\/2023\/11\/14\/para-mario-bojorquez-y-monica-lavin-el-premio-nacional-letras-de-sinaloa-2023\/\" \/>\n<meta property=\"og:site_name\" content=\"Fuentes Fidedignas\" \/>\n<meta property=\"article:publisher\" content=\"https:\/\/www.facebook.com\/Fuentes-Fidedignas-368234489921644\" \/>\n<meta property=\"article:published_time\" content=\"2023-11-15T02:13:13+00:00\" \/>\n<meta property=\"og:image\" content=\"https:\/\/fuentesfidedignas.com.mx\/wp-content\/uploads\/2023\/11\/14Nov2023-Anuncian-ganadores-del-Premio-Letras-de-Sinaloa.jpg\" \/>\n\t<meta property=\"og:image:width\" content=\"1600\" \/>\n\t<meta property=\"og:image:height\" content=\"1200\" \/>\n\t<meta property=\"og:image:type\" content=\"image\/jpeg\" \/>\n<meta name=\"author\" content=\"Redacci\u00f3n\" \/>\n<meta name=\"twitter:card\" content=\"summary_large_image\" \/>\n<meta name=\"twitter:creator\" content=\"@fidedignas\" \/>\n<meta name=\"twitter:site\" content=\"@fidedignas\" \/>\n<meta name=\"twitter:label1\" content=\"Escrito por\" \/>\n\t<meta name=\"twitter:data1\" content=\"Redacci\u00f3n\" \/>\n\t<meta name=\"twitter:label2\" content=\"Tiempo de lectura\" \/>\n\t<meta name=\"twitter:data2\" content=\"2 minutos\" \/>\n<script type=\"application\/ld+json\" class=\"yoast-schema-graph\">{\"@context\":\"https:\\\/\\\/schema.org\",\"@graph\":[{\"@type\":\"Article\",\"@id\":\"https:\\\/\\\/fuentesfidedignas.com.mx\\\/index.php\\\/2023\\\/11\\\/14\\\/para-mario-bojorquez-y-monica-lavin-el-premio-nacional-letras-de-sinaloa-2023\\\/#article\",\"isPartOf\":{\"@id\":\"https:\\\/\\\/fuentesfidedignas.com.mx\\\/index.php\\\/2023\\\/11\\\/14\\\/para-mario-bojorquez-y-monica-lavin-el-premio-nacional-letras-de-sinaloa-2023\\\/\"},\"author\":{\"name\":\"Redacci\u00f3n\",\"@id\":\"https:\\\/\\\/fuentesfidedignas.com.mx\\\/#\\\/schema\\\/person\\\/331be9283d37198e2acd5750279085b0\"},\"headline\":\"Para Mario Boj\u00f3rquez y M\u00f3nica Lav\u00edn, el Premio Nacional Letras de Sinaloa 2023\",\"datePublished\":\"2023-11-15T02:13:13+00:00\",\"mainEntityOfPage\":{\"@id\":\"https:\\\/\\\/fuentesfidedignas.com.mx\\\/index.php\\\/2023\\\/11\\\/14\\\/para-mario-bojorquez-y-monica-lavin-el-premio-nacional-letras-de-sinaloa-2023\\\/\"},\"wordCount\":423,\"commentCount\":0,\"publisher\":{\"@id\":\"https:\\\/\\\/fuentesfidedignas.com.mx\\\/#organization\"},\"image\":{\"@id\":\"https:\\\/\\\/fuentesfidedignas.com.mx\\\/index.php\\\/2023\\\/11\\\/14\\\/para-mario-bojorquez-y-monica-lavin-el-premio-nacional-letras-de-sinaloa-2023\\\/#primaryimage\"},\"thumbnailUrl\":\"https:\\\/\\\/fuentesfidedignas.com.mx\\\/wp-content\\\/uploads\\\/2023\\\/11\\\/14Nov2023-Anuncian-ganadores-del-Premio-Letras-de-Sinaloa.jpg\",\"inLanguage\":\"es\",\"potentialAction\":[{\"@type\":\"CommentAction\",\"name\":\"Comment\",\"target\":[\"https:\\\/\\\/fuentesfidedignas.com.mx\\\/index.php\\\/2023\\\/11\\\/14\\\/para-mario-bojorquez-y-monica-lavin-el-premio-nacional-letras-de-sinaloa-2023\\\/#respond\"]}]},{\"@type\":\"WebPage\",\"@id\":\"https:\\\/\\\/fuentesfidedignas.com.mx\\\/index.php\\\/2023\\\/11\\\/14\\\/para-mario-bojorquez-y-monica-lavin-el-premio-nacional-letras-de-sinaloa-2023\\\/\",\"url\":\"https:\\\/\\\/fuentesfidedignas.com.mx\\\/index.php\\\/2023\\\/11\\\/14\\\/para-mario-bojorquez-y-monica-lavin-el-premio-nacional-letras-de-sinaloa-2023\\\/\",\"name\":\"Para Mario Boj\u00f3rquez y M\u00f3nica Lav\u00edn, el Premio Nacional Letras de Sinaloa 2023 - Fuentes Fidedignas\",\"isPartOf\":{\"@id\":\"https:\\\/\\\/fuentesfidedignas.com.mx\\\/#website\"},\"primaryImageOfPage\":{\"@id\":\"https:\\\/\\\/fuentesfidedignas.com.mx\\\/index.php\\\/2023\\\/11\\\/14\\\/para-mario-bojorquez-y-monica-lavin-el-premio-nacional-letras-de-sinaloa-2023\\\/#primaryimage\"},\"image\":{\"@id\":\"https:\\\/\\\/fuentesfidedignas.com.mx\\\/index.php\\\/2023\\\/11\\\/14\\\/para-mario-bojorquez-y-monica-lavin-el-premio-nacional-letras-de-sinaloa-2023\\\/#primaryimage\"},\"thumbnailUrl\":\"https:\\\/\\\/fuentesfidedignas.com.mx\\\/wp-content\\\/uploads\\\/2023\\\/11\\\/14Nov2023-Anuncian-ganadores-del-Premio-Letras-de-Sinaloa.jpg\",\"datePublished\":\"2023-11-15T02:13:13+00:00\",\"breadcrumb\":{\"@id\":\"https:\\\/\\\/fuentesfidedignas.com.mx\\\/index.php\\\/2023\\\/11\\\/14\\\/para-mario-bojorquez-y-monica-lavin-el-premio-nacional-letras-de-sinaloa-2023\\\/#breadcrumb\"},\"inLanguage\":\"es\",\"potentialAction\":[{\"@type\":\"ReadAction\",\"target\":[\"https:\\\/\\\/fuentesfidedignas.com.mx\\\/index.php\\\/2023\\\/11\\\/14\\\/para-mario-bojorquez-y-monica-lavin-el-premio-nacional-letras-de-sinaloa-2023\\\/\"]}]},{\"@type\":\"ImageObject\",\"inLanguage\":\"es\",\"@id\":\"https:\\\/\\\/fuentesfidedignas.com.mx\\\/index.php\\\/2023\\\/11\\\/14\\\/para-mario-bojorquez-y-monica-lavin-el-premio-nacional-letras-de-sinaloa-2023\\\/#primaryimage\",\"url\":\"https:\\\/\\\/fuentesfidedignas.com.mx\\\/wp-content\\\/uploads\\\/2023\\\/11\\\/14Nov2023-Anuncian-ganadores-del-Premio-Letras-de-Sinaloa.jpg\",\"contentUrl\":\"https:\\\/\\\/fuentesfidedignas.com.mx\\\/wp-content\\\/uploads\\\/2023\\\/11\\\/14Nov2023-Anuncian-ganadores-del-Premio-Letras-de-Sinaloa.jpg\",\"width\":1600,\"height\":1200},{\"@type\":\"BreadcrumbList\",\"@id\":\"https:\\\/\\\/fuentesfidedignas.com.mx\\\/index.php\\\/2023\\\/11\\\/14\\\/para-mario-bojorquez-y-monica-lavin-el-premio-nacional-letras-de-sinaloa-2023\\\/#breadcrumb\",\"itemListElement\":[{\"@type\":\"ListItem\",\"position\":1,\"name\":\"Inicio\",\"item\":\"https:\\\/\\\/fuentesfidedignas.com.mx\\\/\"},{\"@type\":\"ListItem\",\"position\":2,\"name\":\"Para Mario Boj\u00f3rquez y M\u00f3nica Lav\u00edn, el Premio Nacional Letras de Sinaloa 2023\"}]},{\"@type\":\"WebSite\",\"@id\":\"https:\\\/\\\/fuentesfidedignas.com.mx\\\/#website\",\"url\":\"https:\\\/\\\/fuentesfidedignas.com.mx\\\/\",\"name\":\"Fuentes Fidedignas\",\"description\":\"Otro sitio realizado con WordPress\",\"publisher\":{\"@id\":\"https:\\\/\\\/fuentesfidedignas.com.mx\\\/#organization\"},\"potentialAction\":[{\"@type\":\"SearchAction\",\"target\":{\"@type\":\"EntryPoint\",\"urlTemplate\":\"https:\\\/\\\/fuentesfidedignas.com.mx\\\/?s={search_term_string}\"},\"query-input\":{\"@type\":\"PropertyValueSpecification\",\"valueRequired\":true,\"valueName\":\"search_term_string\"}}],\"inLanguage\":\"es\"},{\"@type\":\"Organization\",\"@id\":\"https:\\\/\\\/fuentesfidedignas.com.mx\\\/#organization\",\"name\":\"Fuentes Fidedignas\",\"url\":\"https:\\\/\\\/fuentesfidedignas.com.mx\\\/\",\"logo\":{\"@type\":\"ImageObject\",\"inLanguage\":\"es\",\"@id\":\"https:\\\/\\\/fuentesfidedignas.com.mx\\\/#\\\/schema\\\/logo\\\/image\\\/\",\"url\":\"https:\\\/\\\/fuentesfidedignas.com.mx\\\/wp-content\\\/uploads\\\/2021\\\/04\\\/logo-retina.png\",\"contentUrl\":\"https:\\\/\\\/fuentesfidedignas.com.mx\\\/wp-content\\\/uploads\\\/2021\\\/04\\\/logo-retina.png\",\"width\":280,\"height\":51,\"caption\":\"Fuentes Fidedignas\"},\"image\":{\"@id\":\"https:\\\/\\\/fuentesfidedignas.com.mx\\\/#\\\/schema\\\/logo\\\/image\\\/\"},\"sameAs\":[\"https:\\\/\\\/www.facebook.com\\\/Fuentes-Fidedignas-368234489921644\",\"https:\\\/\\\/x.com\\\/fidedignas\"]},{\"@type\":\"Person\",\"@id\":\"https:\\\/\\\/fuentesfidedignas.com.mx\\\/#\\\/schema\\\/person\\\/331be9283d37198e2acd5750279085b0\",\"name\":\"Redacci\u00f3n\",\"image\":{\"@type\":\"ImageObject\",\"inLanguage\":\"es\",\"@id\":\"https:\\\/\\\/secure.gravatar.com\\\/avatar\\\/f6d8782c11d12b2d4ad3fbb6931aeab5309937a4d6cd2fc9cfaa28a6396a5aec?s=96&d=mm&r=g\",\"url\":\"https:\\\/\\\/secure.gravatar.com\\\/avatar\\\/f6d8782c11d12b2d4ad3fbb6931aeab5309937a4d6cd2fc9cfaa28a6396a5aec?s=96&d=mm&r=g\",\"contentUrl\":\"https:\\\/\\\/secure.gravatar.com\\\/avatar\\\/f6d8782c11d12b2d4ad3fbb6931aeab5309937a4d6cd2fc9cfaa28a6396a5aec?s=96&d=mm&r=g\",\"caption\":\"Redacci\u00f3n\"},\"url\":\"https:\\\/\\\/fuentesfidedignas.com.mx\\\/index.php\\\/author\\\/redaccion\\\/\"}]}<\/script>\n<!-- \/ Yoast SEO plugin. -->","yoast_head_json":{"title":"Para Mario Boj\u00f3rquez y M\u00f3nica Lav\u00edn, el Premio Nacional Letras de Sinaloa 2023 - Fuentes Fidedignas","robots":{"index":"index","follow":"follow","max-snippet":"max-snippet:-1","max-image-preview":"max-image-preview:large","max-video-preview":"max-video-preview:-1"},"canonical":"https:\/\/fuentesfidedignas.com.mx\/index.php\/2023\/11\/14\/para-mario-bojorquez-y-monica-lavin-el-premio-nacional-letras-de-sinaloa-2023\/","og_locale":"es_MX","og_type":"article","og_title":"Para Mario Boj\u00f3rquez y M\u00f3nica Lav\u00edn, el Premio Nacional Letras de Sinaloa 2023 - Fuentes Fidedignas","og_description":"Les ser\u00e1 entregado el pr\u00f3ximo 5 de diciembre, en el marco de la Feria del Libro de Los Mochis Culiac\u00e1n, Sin.- El poeta mochiteco Mario Boj\u00f3rquez y la escritora M\u00f3nica Lav\u00edn, fueron declarados ganadores del Premio Nacional Letras de Sinaloa 2023, \u201cpor la calidad de su obra y la riqueza de su trayectoria literaria\u201d, anunci\u00f3 [&hellip;]","og_url":"https:\/\/fuentesfidedignas.com.mx\/index.php\/2023\/11\/14\/para-mario-bojorquez-y-monica-lavin-el-premio-nacional-letras-de-sinaloa-2023\/","og_site_name":"Fuentes Fidedignas","article_publisher":"https:\/\/www.facebook.com\/Fuentes-Fidedignas-368234489921644","article_published_time":"2023-11-15T02:13:13+00:00","og_image":[{"width":1600,"height":1200,"url":"https:\/\/fuentesfidedignas.com.mx\/wp-content\/uploads\/2023\/11\/14Nov2023-Anuncian-ganadores-del-Premio-Letras-de-Sinaloa.jpg","type":"image\/jpeg"}],"author":"Redacci\u00f3n","twitter_card":"summary_large_image","twitter_creator":"@fidedignas","twitter_site":"@fidedignas","twitter_misc":{"Escrito por":"Redacci\u00f3n","Tiempo de lectura":"2 minutos"},"schema":{"@context":"https:\/\/schema.org","@graph":[{"@type":"Article","@id":"https:\/\/fuentesfidedignas.com.mx\/index.php\/2023\/11\/14\/para-mario-bojorquez-y-monica-lavin-el-premio-nacional-letras-de-sinaloa-2023\/#article","isPartOf":{"@id":"https:\/\/fuentesfidedignas.com.mx\/index.php\/2023\/11\/14\/para-mario-bojorquez-y-monica-lavin-el-premio-nacional-letras-de-sinaloa-2023\/"},"author":{"name":"Redacci\u00f3n","@id":"https:\/\/fuentesfidedignas.com.mx\/#\/schema\/person\/331be9283d37198e2acd5750279085b0"},"headline":"Para Mario Boj\u00f3rquez y M\u00f3nica Lav\u00edn, el Premio Nacional Letras de Sinaloa 2023","datePublished":"2023-11-15T02:13:13+00:00","mainEntityOfPage":{"@id":"https:\/\/fuentesfidedignas.com.mx\/index.php\/2023\/11\/14\/para-mario-bojorquez-y-monica-lavin-el-premio-nacional-letras-de-sinaloa-2023\/"},"wordCount":423,"commentCount":0,"publisher":{"@id":"https:\/\/fuentesfidedignas.com.mx\/#organization"},"image":{"@id":"https:\/\/fuentesfidedignas.com.mx\/index.php\/2023\/11\/14\/para-mario-bojorquez-y-monica-lavin-el-premio-nacional-letras-de-sinaloa-2023\/#primaryimage"},"thumbnailUrl":"https:\/\/fuentesfidedignas.com.mx\/wp-content\/uploads\/2023\/11\/14Nov2023-Anuncian-ganadores-del-Premio-Letras-de-Sinaloa.jpg","inLanguage":"es","potentialAction":[{"@type":"CommentAction","name":"Comment","target":["https:\/\/fuentesfidedignas.com.mx\/index.php\/2023\/11\/14\/para-mario-bojorquez-y-monica-lavin-el-premio-nacional-letras-de-sinaloa-2023\/#respond"]}]},{"@type":"WebPage","@id":"https:\/\/fuentesfidedignas.com.mx\/index.php\/2023\/11\/14\/para-mario-bojorquez-y-monica-lavin-el-premio-nacional-letras-de-sinaloa-2023\/","url":"https:\/\/fuentesfidedignas.com.mx\/index.php\/2023\/11\/14\/para-mario-bojorquez-y-monica-lavin-el-premio-nacional-letras-de-sinaloa-2023\/","name":"Para Mario Boj\u00f3rquez y M\u00f3nica Lav\u00edn, el Premio Nacional Letras de Sinaloa 2023 - Fuentes Fidedignas","isPartOf":{"@id":"https:\/\/fuentesfidedignas.com.mx\/#website"},"primaryImageOfPage":{"@id":"https:\/\/fuentesfidedignas.com.mx\/index.php\/2023\/11\/14\/para-mario-bojorquez-y-monica-lavin-el-premio-nacional-letras-de-sinaloa-2023\/#primaryimage"},"image":{"@id":"https:\/\/fuentesfidedignas.com.mx\/index.php\/2023\/11\/14\/para-mario-bojorquez-y-monica-lavin-el-premio-nacional-letras-de-sinaloa-2023\/#primaryimage"},"thumbnailUrl":"https:\/\/fuentesfidedignas.com.mx\/wp-content\/uploads\/2023\/11\/14Nov2023-Anuncian-ganadores-del-Premio-Letras-de-Sinaloa.jpg","datePublished":"2023-11-15T02:13:13+00:00","breadcrumb":{"@id":"https:\/\/fuentesfidedignas.com.mx\/index.php\/2023\/11\/14\/para-mario-bojorquez-y-monica-lavin-el-premio-nacional-letras-de-sinaloa-2023\/#breadcrumb"},"inLanguage":"es","potentialAction":[{"@type":"ReadAction","target":["https:\/\/fuentesfidedignas.com.mx\/index.php\/2023\/11\/14\/para-mario-bojorquez-y-monica-lavin-el-premio-nacional-letras-de-sinaloa-2023\/"]}]},{"@type":"ImageObject","inLanguage":"es","@id":"https:\/\/fuentesfidedignas.com.mx\/index.php\/2023\/11\/14\/para-mario-bojorquez-y-monica-lavin-el-premio-nacional-letras-de-sinaloa-2023\/#primaryimage","url":"https:\/\/fuentesfidedignas.com.mx\/wp-content\/uploads\/2023\/11\/14Nov2023-Anuncian-ganadores-del-Premio-Letras-de-Sinaloa.jpg","contentUrl":"https:\/\/fuentesfidedignas.com.mx\/wp-content\/uploads\/2023\/11\/14Nov2023-Anuncian-ganadores-del-Premio-Letras-de-Sinaloa.jpg","width":1600,"height":1200},{"@type":"BreadcrumbList","@id":"https:\/\/fuentesfidedignas.com.mx\/index.php\/2023\/11\/14\/para-mario-bojorquez-y-monica-lavin-el-premio-nacional-letras-de-sinaloa-2023\/#breadcrumb","itemListElement":[{"@type":"ListItem","position":1,"name":"Inicio","item":"https:\/\/fuentesfidedignas.com.mx\/"},{"@type":"ListItem","position":2,"name":"Para Mario Boj\u00f3rquez y M\u00f3nica Lav\u00edn, el Premio Nacional Letras de Sinaloa 2023"}]},{"@type":"WebSite","@id":"https:\/\/fuentesfidedignas.com.mx\/#website","url":"https:\/\/fuentesfidedignas.com.mx\/","name":"Fuentes Fidedignas","description":"Otro sitio realizado con WordPress","publisher":{"@id":"https:\/\/fuentesfidedignas.com.mx\/#organization"},"potentialAction":[{"@type":"SearchAction","target":{"@type":"EntryPoint","urlTemplate":"https:\/\/fuentesfidedignas.com.mx\/?s={search_term_string}"},"query-input":{"@type":"PropertyValueSpecification","valueRequired":true,"valueName":"search_term_string"}}],"inLanguage":"es"},{"@type":"Organization","@id":"https:\/\/fuentesfidedignas.com.mx\/#organization","name":"Fuentes Fidedignas","url":"https:\/\/fuentesfidedignas.com.mx\/","logo":{"@type":"ImageObject","inLanguage":"es","@id":"https:\/\/fuentesfidedignas.com.mx\/#\/schema\/logo\/image\/","url":"https:\/\/fuentesfidedignas.com.mx\/wp-content\/uploads\/2021\/04\/logo-retina.png","contentUrl":"https:\/\/fuentesfidedignas.com.mx\/wp-content\/uploads\/2021\/04\/logo-retina.png","width":280,"height":51,"caption":"Fuentes Fidedignas"},"image":{"@id":"https:\/\/fuentesfidedignas.com.mx\/#\/schema\/logo\/image\/"},"sameAs":["https:\/\/www.facebook.com\/Fuentes-Fidedignas-368234489921644","https:\/\/x.com\/fidedignas"]},{"@type":"Person","@id":"https:\/\/fuentesfidedignas.com.mx\/#\/schema\/person\/331be9283d37198e2acd5750279085b0","name":"Redacci\u00f3n","image":{"@type":"ImageObject","inLanguage":"es","@id":"https:\/\/secure.gravatar.com\/avatar\/f6d8782c11d12b2d4ad3fbb6931aeab5309937a4d6cd2fc9cfaa28a6396a5aec?s=96&d=mm&r=g","url":"https:\/\/secure.gravatar.com\/avatar\/f6d8782c11d12b2d4ad3fbb6931aeab5309937a4d6cd2fc9cfaa28a6396a5aec?s=96&d=mm&r=g","contentUrl":"https:\/\/secure.gravatar.com\/avatar\/f6d8782c11d12b2d4ad3fbb6931aeab5309937a4d6cd2fc9cfaa28a6396a5aec?s=96&d=mm&r=g","caption":"Redacci\u00f3n"},"url":"https:\/\/fuentesfidedignas.com.mx\/index.php\/author\/redaccion\/"}]}},"_links":{"self":[{"href":"https:\/\/fuentesfidedignas.com.mx\/index.php\/wp-json\/wp\/v2\/posts\/65752","targetHints":{"allow":["GET"]}}],"collection":[{"href":"https:\/\/fuentesfidedignas.com.mx\/index.php\/wp-json\/wp\/v2\/posts"}],"about":[{"href":"https:\/\/fuentesfidedignas.com.mx\/index.php\/wp-json\/wp\/v2\/types\/post"}],"author":[{"embeddable":true,"href":"https:\/\/fuentesfidedignas.com.mx\/index.php\/wp-json\/wp\/v2\/users\/4"}],"replies":[{"embeddable":true,"href":"https:\/\/fuentesfidedignas.com.mx\/index.php\/wp-json\/wp\/v2\/comments?post=65752"}],"version-history":[{"count":1,"href":"https:\/\/fuentesfidedignas.com.mx\/index.php\/wp-json\/wp\/v2\/posts\/65752\/revisions"}],"predecessor-version":[{"id":65754,"href":"https:\/\/fuentesfidedignas.com.mx\/index.php\/wp-json\/wp\/v2\/posts\/65752\/revisions\/65754"}],"wp:featuredmedia":[{"embeddable":true,"href":"https:\/\/fuentesfidedignas.com.mx\/index.php\/wp-json\/wp\/v2\/media\/65753"}],"wp:attachment":[{"href":"https:\/\/fuentesfidedignas.com.mx\/index.php\/wp-json\/wp\/v2\/media?parent=65752"}],"wp:term":[{"taxonomy":"category","embeddable":true,"href":"https:\/\/fuentesfidedignas.com.mx\/index.php\/wp-json\/wp\/v2\/categories?post=65752"},{"taxonomy":"post_tag","embeddable":true,"href":"https:\/\/fuentesfidedignas.com.mx\/index.php\/wp-json\/wp\/v2\/tags?post=65752"}],"curies":[{"name":"wp","href":"https:\/\/api.w.org\/{rel}","templated":true}]}}