{"id":65661,"date":"2023-11-14T10:13:15","date_gmt":"2023-11-14T17:13:15","guid":{"rendered":"https:\/\/fuentesfidedignas.com.mx\/?p=65661"},"modified":"2023-11-14T10:13:17","modified_gmt":"2023-11-14T17:13:17","slug":"ine-propone-fechas-para-los-tres-debates-presidenciales-en-2024","status":"publish","type":"post","link":"https:\/\/fuentesfidedignas.com.mx\/index.php\/2023\/11\/14\/ine-propone-fechas-para-los-tres-debates-presidenciales-en-2024\/","title":{"rendered":"INE propone fechas para los tres debates presidenciales en 2024"},"content":{"rendered":"\n<p><br><strong><em>La Comisi\u00f3n Temporal de Debates del INE prev\u00e9 que los tres debates a la Presidencia de la Rep\u00fablica se lleven cabo en CDMX<\/em><\/strong><\/p>\n\n\n\n<p>Ciudad de M\u00e9xico.- La Comisi\u00f3n Temporal de Debates del<a href=\"https:\/\/www.ine.mx\/\" target=\"_blank\" rel=\"noreferrer noopener\"><strong>\u00a0Instituto Nacional Electoral<\/strong><\/a>\u00a0(<strong>INE<\/strong>) aprob\u00f3 por unanimidad las Reglas B\u00e1sicas para la celebraci\u00f3n de los\u00a0<strong>debates<\/strong>\u00a0entre las\u00a0<strong>candidaturas<\/strong>\u00a0a la\u00a0<strong>Presidencia de la Rep\u00fablica<\/strong>\u00a0durante el<strong>\u00a0Proceso Electoral Federal 2023-2024<\/strong>, as\u00ed como los criterios para la selecci\u00f3n de las y los moderadores.<\/p>\n\n\n\n<p>Como presidenta de la Comisi\u00f3n Temporal de Debates, la consejera&nbsp;<strong>Carla Humphrey<\/strong>&nbsp;inform\u00f3 que se trata de las directrices que deber\u00e1n seguir el dise\u00f1o de los formatos y la ejecuci\u00f3n de los debates presidenciales del 2024, \u201ccomo ejercicios que promuevan el libre intercambio de ideas, con formatos flexibles e innovadores, con temas que reflejen el inter\u00e9s de las y los mexicanos\u201d.<\/p>\n\n\n\n<p>Entre las Reglas B\u00e1sicas, se defini\u00f3 que los<strong>\u00a0tres debates<\/strong>\u00a0a la Presidencia de la Rep\u00fablica se lleven cabo en la\u00a0<strong>Ciudad de M\u00e9xico<\/strong>, privilegiando criterios t\u00e9cnicos y la contenci\u00f3n del gasto institucional, y se celebrar\u00e1n, tentativamente, los d\u00edas\u00a0<strong>domingos 7 de abril, 28 de abril y 19 de mayo,<\/strong>\u00a0a las<strong>\u00a020:00 h<\/strong>.<\/p>\n\n\n\n<p>Asimismo, entre los temas que abarcar\u00e1n los debates presidenciales, se propone que sean los de mayor importancia e inquietud entre la ciudadan\u00eda, como: seguridad, econom\u00eda, combate a la corrupci\u00f3n, salud, educaci\u00f3n, pobreza, medio ambiente, migraci\u00f3n y pol\u00edtica exterior. A los que se incorporar\u00edan la atenci\u00f3n a grupos en situaci\u00f3n de vulnerabilidad, as\u00ed como pol\u00edtica y gobierno, todos los cuales son enunciativos m\u00e1s no limitativos.<\/p>\n\n\n\n<p>Para la organizaci\u00f3n de los debates presidenciales, se propondr\u00e1n al Consejo General ocho criterios espec\u00edficos: moderaci\u00f3n, interacci\u00f3n entre candidaturas, caracter\u00edsticas de las preguntas, participaci\u00f3n de la ciudadan\u00eda, formatos de debates, temas, medidas de inclusi\u00f3n y criterios de producci\u00f3n.<\/p>\n\n\n\n<p>Respecto de las medidas de inclusi\u00f3n, las Reglas B\u00e1sicas contienen la participaci\u00f3n de int\u00e9rpretes de Lengua de Se\u00f1as Mexicana, as\u00ed como la transmisi\u00f3n en redes sociales y en el canal de YouTube del INE. Adem\u00e1s, se analizar\u00e1 la posibilidad de difundir los debates en lenguas originarias.<\/p>\n\n\n\n<p>En los debates presidenciales que se realizar\u00e1n en 2024, el objetivo de la moderaci\u00f3n ser\u00e1 facilitar el di\u00e1logo, el intercambio de ideas y el contraste de propuestas entre quienes contiendan por la Presidencia de la Rep\u00fablica.<\/p>\n","protected":false},"excerpt":{"rendered":"<p>La Comisi\u00f3n Temporal de Debates del INE prev\u00e9 que los tres debates a la Presidencia de la Rep\u00fablica se lleven cabo en CDMX Ciudad de M\u00e9xico.- La Comisi\u00f3n Temporal de Debates del\u00a0Instituto Nacional Electoral\u00a0(INE) aprob\u00f3 por unanimidad las Reglas B\u00e1sicas para la celebraci\u00f3n de los\u00a0debates\u00a0entre las\u00a0candidaturas\u00a0a la\u00a0Presidencia de la Rep\u00fablica\u00a0durante el\u00a0Proceso Electoral Federal 2023-2024, as\u00ed [&hellip;]<\/p>\n","protected":false},"author":47,"featured_media":65662,"comment_status":"open","ping_status":"open","sticky":false,"template":"","format":"standard","meta":{"tdm_status":"","tdm_grid_status":"","footnotes":""},"categories":[39],"tags":[],"class_list":{"0":"post-65661","1":"post","2":"type-post","3":"status-publish","4":"format-standard","5":"has-post-thumbnail","7":"category-noticias-nacionales"},"yoast_head":"<!-- This site is optimized with the Yoast SEO plugin v27.5 - https:\/\/yoast.com\/product\/yoast-seo-wordpress\/ -->\n<title>INE propone fechas para los tres debates presidenciales en 2024 - Fuentes Fidedignas<\/title>\n<meta name=\"robots\" content=\"index, follow, max-snippet:-1, max-image-preview:large, max-video-preview:-1\" \/>\n<link rel=\"canonical\" href=\"https:\/\/fuentesfidedignas.com.mx\/index.php\/2023\/11\/14\/ine-propone-fechas-para-los-tres-debates-presidenciales-en-2024\/\" \/>\n<meta property=\"og:locale\" content=\"es_MX\" \/>\n<meta property=\"og:type\" content=\"article\" \/>\n<meta property=\"og:title\" content=\"INE propone fechas para los tres debates presidenciales en 2024 - Fuentes Fidedignas\" \/>\n<meta property=\"og:description\" content=\"La Comisi\u00f3n Temporal de Debates del INE prev\u00e9 que los tres debates a la Presidencia de la Rep\u00fablica se lleven cabo en CDMX Ciudad de M\u00e9xico.- La Comisi\u00f3n Temporal de Debates del\u00a0Instituto Nacional Electoral\u00a0(INE) aprob\u00f3 por unanimidad las Reglas B\u00e1sicas para la celebraci\u00f3n de los\u00a0debates\u00a0entre las\u00a0candidaturas\u00a0a la\u00a0Presidencia de la Rep\u00fablica\u00a0durante el\u00a0Proceso Electoral Federal 2023-2024, as\u00ed [&hellip;]\" \/>\n<meta property=\"og:url\" content=\"https:\/\/fuentesfidedignas.com.mx\/index.php\/2023\/11\/14\/ine-propone-fechas-para-los-tres-debates-presidenciales-en-2024\/\" \/>\n<meta property=\"og:site_name\" content=\"Fuentes Fidedignas\" \/>\n<meta property=\"article:publisher\" content=\"https:\/\/www.facebook.com\/Fuentes-Fidedignas-368234489921644\" \/>\n<meta property=\"article:published_time\" content=\"2023-11-14T17:13:15+00:00\" \/>\n<meta property=\"article:modified_time\" content=\"2023-11-14T17:13:17+00:00\" \/>\n<meta property=\"og:image\" content=\"https:\/\/fuentesfidedignas.com.mx\/wp-content\/uploads\/2023\/11\/debate.jpg\" \/>\n\t<meta property=\"og:image:width\" content=\"700\" \/>\n\t<meta property=\"og:image:height\" content=\"373\" \/>\n\t<meta property=\"og:image:type\" content=\"image\/jpeg\" \/>\n<meta name=\"author\" content=\"L\u00f3pez D\u00f3riga\" \/>\n<meta name=\"twitter:card\" content=\"summary_large_image\" \/>\n<meta name=\"twitter:creator\" content=\"@fidedignas\" \/>\n<meta name=\"twitter:site\" content=\"@fidedignas\" \/>\n<meta name=\"twitter:label1\" content=\"Escrito por\" \/>\n\t<meta name=\"twitter:data1\" content=\"L\u00f3pez D\u00f3riga\" \/>\n\t<meta name=\"twitter:label2\" content=\"Tiempo de lectura\" \/>\n\t<meta name=\"twitter:data2\" content=\"2 minutos\" \/>\n<script type=\"application\/ld+json\" class=\"yoast-schema-graph\">{\"@context\":\"https:\\\/\\\/schema.org\",\"@graph\":[{\"@type\":\"Article\",\"@id\":\"https:\\\/\\\/fuentesfidedignas.com.mx\\\/index.php\\\/2023\\\/11\\\/14\\\/ine-propone-fechas-para-los-tres-debates-presidenciales-en-2024\\\/#article\",\"isPartOf\":{\"@id\":\"https:\\\/\\\/fuentesfidedignas.com.mx\\\/index.php\\\/2023\\\/11\\\/14\\\/ine-propone-fechas-para-los-tres-debates-presidenciales-en-2024\\\/\"},\"author\":{\"name\":\"L\u00f3pez D\u00f3riga\",\"@id\":\"https:\\\/\\\/fuentesfidedignas.com.mx\\\/#\\\/schema\\\/person\\\/67d852f0557c8509146a4b9ddebd543a\"},\"headline\":\"INE propone fechas para los tres debates presidenciales en 2024\",\"datePublished\":\"2023-11-14T17:13:15+00:00\",\"dateModified\":\"2023-11-14T17:13:17+00:00\",\"mainEntityOfPage\":{\"@id\":\"https:\\\/\\\/fuentesfidedignas.com.mx\\\/index.php\\\/2023\\\/11\\\/14\\\/ine-propone-fechas-para-los-tres-debates-presidenciales-en-2024\\\/\"},\"wordCount\":433,\"commentCount\":0,\"publisher\":{\"@id\":\"https:\\\/\\\/fuentesfidedignas.com.mx\\\/#organization\"},\"image\":{\"@id\":\"https:\\\/\\\/fuentesfidedignas.com.mx\\\/index.php\\\/2023\\\/11\\\/14\\\/ine-propone-fechas-para-los-tres-debates-presidenciales-en-2024\\\/#primaryimage\"},\"thumbnailUrl\":\"https:\\\/\\\/fuentesfidedignas.com.mx\\\/wp-content\\\/uploads\\\/2023\\\/11\\\/debate.jpg\",\"articleSection\":[\"NOTICIAS NACIONALES\"],\"inLanguage\":\"es\",\"potentialAction\":[{\"@type\":\"CommentAction\",\"name\":\"Comment\",\"target\":[\"https:\\\/\\\/fuentesfidedignas.com.mx\\\/index.php\\\/2023\\\/11\\\/14\\\/ine-propone-fechas-para-los-tres-debates-presidenciales-en-2024\\\/#respond\"]}]},{\"@type\":\"WebPage\",\"@id\":\"https:\\\/\\\/fuentesfidedignas.com.mx\\\/index.php\\\/2023\\\/11\\\/14\\\/ine-propone-fechas-para-los-tres-debates-presidenciales-en-2024\\\/\",\"url\":\"https:\\\/\\\/fuentesfidedignas.com.mx\\\/index.php\\\/2023\\\/11\\\/14\\\/ine-propone-fechas-para-los-tres-debates-presidenciales-en-2024\\\/\",\"name\":\"INE propone fechas para los tres debates presidenciales en 2024 - Fuentes Fidedignas\",\"isPartOf\":{\"@id\":\"https:\\\/\\\/fuentesfidedignas.com.mx\\\/#website\"},\"primaryImageOfPage\":{\"@id\":\"https:\\\/\\\/fuentesfidedignas.com.mx\\\/index.php\\\/2023\\\/11\\\/14\\\/ine-propone-fechas-para-los-tres-debates-presidenciales-en-2024\\\/#primaryimage\"},\"image\":{\"@id\":\"https:\\\/\\\/fuentesfidedignas.com.mx\\\/index.php\\\/2023\\\/11\\\/14\\\/ine-propone-fechas-para-los-tres-debates-presidenciales-en-2024\\\/#primaryimage\"},\"thumbnailUrl\":\"https:\\\/\\\/fuentesfidedignas.com.mx\\\/wp-content\\\/uploads\\\/2023\\\/11\\\/debate.jpg\",\"datePublished\":\"2023-11-14T17:13:15+00:00\",\"dateModified\":\"2023-11-14T17:13:17+00:00\",\"breadcrumb\":{\"@id\":\"https:\\\/\\\/fuentesfidedignas.com.mx\\\/index.php\\\/2023\\\/11\\\/14\\\/ine-propone-fechas-para-los-tres-debates-presidenciales-en-2024\\\/#breadcrumb\"},\"inLanguage\":\"es\",\"potentialAction\":[{\"@type\":\"ReadAction\",\"target\":[\"https:\\\/\\\/fuentesfidedignas.com.mx\\\/index.php\\\/2023\\\/11\\\/14\\\/ine-propone-fechas-para-los-tres-debates-presidenciales-en-2024\\\/\"]}]},{\"@type\":\"ImageObject\",\"inLanguage\":\"es\",\"@id\":\"https:\\\/\\\/fuentesfidedignas.com.mx\\\/index.php\\\/2023\\\/11\\\/14\\\/ine-propone-fechas-para-los-tres-debates-presidenciales-en-2024\\\/#primaryimage\",\"url\":\"https:\\\/\\\/fuentesfidedignas.com.mx\\\/wp-content\\\/uploads\\\/2023\\\/11\\\/debate.jpg\",\"contentUrl\":\"https:\\\/\\\/fuentesfidedignas.com.mx\\\/wp-content\\\/uploads\\\/2023\\\/11\\\/debate.jpg\",\"width\":700,\"height\":373},{\"@type\":\"BreadcrumbList\",\"@id\":\"https:\\\/\\\/fuentesfidedignas.com.mx\\\/index.php\\\/2023\\\/11\\\/14\\\/ine-propone-fechas-para-los-tres-debates-presidenciales-en-2024\\\/#breadcrumb\",\"itemListElement\":[{\"@type\":\"ListItem\",\"position\":1,\"name\":\"Inicio\",\"item\":\"https:\\\/\\\/fuentesfidedignas.com.mx\\\/\"},{\"@type\":\"ListItem\",\"position\":2,\"name\":\"INE propone fechas para los tres debates presidenciales en 2024\"}]},{\"@type\":\"WebSite\",\"@id\":\"https:\\\/\\\/fuentesfidedignas.com.mx\\\/#website\",\"url\":\"https:\\\/\\\/fuentesfidedignas.com.mx\\\/\",\"name\":\"Fuentes Fidedignas\",\"description\":\"Otro sitio realizado con WordPress\",\"publisher\":{\"@id\":\"https:\\\/\\\/fuentesfidedignas.com.mx\\\/#organization\"},\"potentialAction\":[{\"@type\":\"SearchAction\",\"target\":{\"@type\":\"EntryPoint\",\"urlTemplate\":\"https:\\\/\\\/fuentesfidedignas.com.mx\\\/?s={search_term_string}\"},\"query-input\":{\"@type\":\"PropertyValueSpecification\",\"valueRequired\":true,\"valueName\":\"search_term_string\"}}],\"inLanguage\":\"es\"},{\"@type\":\"Organization\",\"@id\":\"https:\\\/\\\/fuentesfidedignas.com.mx\\\/#organization\",\"name\":\"Fuentes Fidedignas\",\"url\":\"https:\\\/\\\/fuentesfidedignas.com.mx\\\/\",\"logo\":{\"@type\":\"ImageObject\",\"inLanguage\":\"es\",\"@id\":\"https:\\\/\\\/fuentesfidedignas.com.mx\\\/#\\\/schema\\\/logo\\\/image\\\/\",\"url\":\"https:\\\/\\\/fuentesfidedignas.com.mx\\\/wp-content\\\/uploads\\\/2021\\\/04\\\/logo-retina.png\",\"contentUrl\":\"https:\\\/\\\/fuentesfidedignas.com.mx\\\/wp-content\\\/uploads\\\/2021\\\/04\\\/logo-retina.png\",\"width\":280,\"height\":51,\"caption\":\"Fuentes Fidedignas\"},\"image\":{\"@id\":\"https:\\\/\\\/fuentesfidedignas.com.mx\\\/#\\\/schema\\\/logo\\\/image\\\/\"},\"sameAs\":[\"https:\\\/\\\/www.facebook.com\\\/Fuentes-Fidedignas-368234489921644\",\"https:\\\/\\\/x.com\\\/fidedignas\"]},{\"@type\":\"Person\",\"@id\":\"https:\\\/\\\/fuentesfidedignas.com.mx\\\/#\\\/schema\\\/person\\\/67d852f0557c8509146a4b9ddebd543a\",\"name\":\"L\u00f3pez D\u00f3riga\",\"image\":{\"@type\":\"ImageObject\",\"inLanguage\":\"es\",\"@id\":\"https:\\\/\\\/secure.gravatar.com\\\/avatar\\\/e525b06574ca18b33cded59dfe5778d6c823b9513154eff47da551b0551bdd1e?s=96&d=mm&r=g\",\"url\":\"https:\\\/\\\/secure.gravatar.com\\\/avatar\\\/e525b06574ca18b33cded59dfe5778d6c823b9513154eff47da551b0551bdd1e?s=96&d=mm&r=g\",\"contentUrl\":\"https:\\\/\\\/secure.gravatar.com\\\/avatar\\\/e525b06574ca18b33cded59dfe5778d6c823b9513154eff47da551b0551bdd1e?s=96&d=mm&r=g\",\"caption\":\"L\u00f3pez D\u00f3riga\"},\"url\":\"https:\\\/\\\/fuentesfidedignas.com.mx\\\/index.php\\\/author\\\/doriga\\\/\"}]}<\/script>\n<!-- \/ Yoast SEO plugin. -->","yoast_head_json":{"title":"INE propone fechas para los tres debates presidenciales en 2024 - Fuentes Fidedignas","robots":{"index":"index","follow":"follow","max-snippet":"max-snippet:-1","max-image-preview":"max-image-preview:large","max-video-preview":"max-video-preview:-1"},"canonical":"https:\/\/fuentesfidedignas.com.mx\/index.php\/2023\/11\/14\/ine-propone-fechas-para-los-tres-debates-presidenciales-en-2024\/","og_locale":"es_MX","og_type":"article","og_title":"INE propone fechas para los tres debates presidenciales en 2024 - Fuentes Fidedignas","og_description":"La Comisi\u00f3n Temporal de Debates del INE prev\u00e9 que los tres debates a la Presidencia de la Rep\u00fablica se lleven cabo en CDMX Ciudad de M\u00e9xico.- La Comisi\u00f3n Temporal de Debates del\u00a0Instituto Nacional Electoral\u00a0(INE) aprob\u00f3 por unanimidad las Reglas B\u00e1sicas para la celebraci\u00f3n de los\u00a0debates\u00a0entre las\u00a0candidaturas\u00a0a la\u00a0Presidencia de la Rep\u00fablica\u00a0durante el\u00a0Proceso Electoral Federal 2023-2024, as\u00ed [&hellip;]","og_url":"https:\/\/fuentesfidedignas.com.mx\/index.php\/2023\/11\/14\/ine-propone-fechas-para-los-tres-debates-presidenciales-en-2024\/","og_site_name":"Fuentes Fidedignas","article_publisher":"https:\/\/www.facebook.com\/Fuentes-Fidedignas-368234489921644","article_published_time":"2023-11-14T17:13:15+00:00","article_modified_time":"2023-11-14T17:13:17+00:00","og_image":[{"width":700,"height":373,"url":"https:\/\/fuentesfidedignas.com.mx\/wp-content\/uploads\/2023\/11\/debate.jpg","type":"image\/jpeg"}],"author":"L\u00f3pez D\u00f3riga","twitter_card":"summary_large_image","twitter_creator":"@fidedignas","twitter_site":"@fidedignas","twitter_misc":{"Escrito por":"L\u00f3pez D\u00f3riga","Tiempo de lectura":"2 minutos"},"schema":{"@context":"https:\/\/schema.org","@graph":[{"@type":"Article","@id":"https:\/\/fuentesfidedignas.com.mx\/index.php\/2023\/11\/14\/ine-propone-fechas-para-los-tres-debates-presidenciales-en-2024\/#article","isPartOf":{"@id":"https:\/\/fuentesfidedignas.com.mx\/index.php\/2023\/11\/14\/ine-propone-fechas-para-los-tres-debates-presidenciales-en-2024\/"},"author":{"name":"L\u00f3pez D\u00f3riga","@id":"https:\/\/fuentesfidedignas.com.mx\/#\/schema\/person\/67d852f0557c8509146a4b9ddebd543a"},"headline":"INE propone fechas para los tres debates presidenciales en 2024","datePublished":"2023-11-14T17:13:15+00:00","dateModified":"2023-11-14T17:13:17+00:00","mainEntityOfPage":{"@id":"https:\/\/fuentesfidedignas.com.mx\/index.php\/2023\/11\/14\/ine-propone-fechas-para-los-tres-debates-presidenciales-en-2024\/"},"wordCount":433,"commentCount":0,"publisher":{"@id":"https:\/\/fuentesfidedignas.com.mx\/#organization"},"image":{"@id":"https:\/\/fuentesfidedignas.com.mx\/index.php\/2023\/11\/14\/ine-propone-fechas-para-los-tres-debates-presidenciales-en-2024\/#primaryimage"},"thumbnailUrl":"https:\/\/fuentesfidedignas.com.mx\/wp-content\/uploads\/2023\/11\/debate.jpg","articleSection":["NOTICIAS NACIONALES"],"inLanguage":"es","potentialAction":[{"@type":"CommentAction","name":"Comment","target":["https:\/\/fuentesfidedignas.com.mx\/index.php\/2023\/11\/14\/ine-propone-fechas-para-los-tres-debates-presidenciales-en-2024\/#respond"]}]},{"@type":"WebPage","@id":"https:\/\/fuentesfidedignas.com.mx\/index.php\/2023\/11\/14\/ine-propone-fechas-para-los-tres-debates-presidenciales-en-2024\/","url":"https:\/\/fuentesfidedignas.com.mx\/index.php\/2023\/11\/14\/ine-propone-fechas-para-los-tres-debates-presidenciales-en-2024\/","name":"INE propone fechas para los tres debates presidenciales en 2024 - Fuentes Fidedignas","isPartOf":{"@id":"https:\/\/fuentesfidedignas.com.mx\/#website"},"primaryImageOfPage":{"@id":"https:\/\/fuentesfidedignas.com.mx\/index.php\/2023\/11\/14\/ine-propone-fechas-para-los-tres-debates-presidenciales-en-2024\/#primaryimage"},"image":{"@id":"https:\/\/fuentesfidedignas.com.mx\/index.php\/2023\/11\/14\/ine-propone-fechas-para-los-tres-debates-presidenciales-en-2024\/#primaryimage"},"thumbnailUrl":"https:\/\/fuentesfidedignas.com.mx\/wp-content\/uploads\/2023\/11\/debate.jpg","datePublished":"2023-11-14T17:13:15+00:00","dateModified":"2023-11-14T17:13:17+00:00","breadcrumb":{"@id":"https:\/\/fuentesfidedignas.com.mx\/index.php\/2023\/11\/14\/ine-propone-fechas-para-los-tres-debates-presidenciales-en-2024\/#breadcrumb"},"inLanguage":"es","potentialAction":[{"@type":"ReadAction","target":["https:\/\/fuentesfidedignas.com.mx\/index.php\/2023\/11\/14\/ine-propone-fechas-para-los-tres-debates-presidenciales-en-2024\/"]}]},{"@type":"ImageObject","inLanguage":"es","@id":"https:\/\/fuentesfidedignas.com.mx\/index.php\/2023\/11\/14\/ine-propone-fechas-para-los-tres-debates-presidenciales-en-2024\/#primaryimage","url":"https:\/\/fuentesfidedignas.com.mx\/wp-content\/uploads\/2023\/11\/debate.jpg","contentUrl":"https:\/\/fuentesfidedignas.com.mx\/wp-content\/uploads\/2023\/11\/debate.jpg","width":700,"height":373},{"@type":"BreadcrumbList","@id":"https:\/\/fuentesfidedignas.com.mx\/index.php\/2023\/11\/14\/ine-propone-fechas-para-los-tres-debates-presidenciales-en-2024\/#breadcrumb","itemListElement":[{"@type":"ListItem","position":1,"name":"Inicio","item":"https:\/\/fuentesfidedignas.com.mx\/"},{"@type":"ListItem","position":2,"name":"INE propone fechas para los tres debates presidenciales en 2024"}]},{"@type":"WebSite","@id":"https:\/\/fuentesfidedignas.com.mx\/#website","url":"https:\/\/fuentesfidedignas.com.mx\/","name":"Fuentes Fidedignas","description":"Otro sitio realizado con WordPress","publisher":{"@id":"https:\/\/fuentesfidedignas.com.mx\/#organization"},"potentialAction":[{"@type":"SearchAction","target":{"@type":"EntryPoint","urlTemplate":"https:\/\/fuentesfidedignas.com.mx\/?s={search_term_string}"},"query-input":{"@type":"PropertyValueSpecification","valueRequired":true,"valueName":"search_term_string"}}],"inLanguage":"es"},{"@type":"Organization","@id":"https:\/\/fuentesfidedignas.com.mx\/#organization","name":"Fuentes Fidedignas","url":"https:\/\/fuentesfidedignas.com.mx\/","logo":{"@type":"ImageObject","inLanguage":"es","@id":"https:\/\/fuentesfidedignas.com.mx\/#\/schema\/logo\/image\/","url":"https:\/\/fuentesfidedignas.com.mx\/wp-content\/uploads\/2021\/04\/logo-retina.png","contentUrl":"https:\/\/fuentesfidedignas.com.mx\/wp-content\/uploads\/2021\/04\/logo-retina.png","width":280,"height":51,"caption":"Fuentes Fidedignas"},"image":{"@id":"https:\/\/fuentesfidedignas.com.mx\/#\/schema\/logo\/image\/"},"sameAs":["https:\/\/www.facebook.com\/Fuentes-Fidedignas-368234489921644","https:\/\/x.com\/fidedignas"]},{"@type":"Person","@id":"https:\/\/fuentesfidedignas.com.mx\/#\/schema\/person\/67d852f0557c8509146a4b9ddebd543a","name":"L\u00f3pez D\u00f3riga","image":{"@type":"ImageObject","inLanguage":"es","@id":"https:\/\/secure.gravatar.com\/avatar\/e525b06574ca18b33cded59dfe5778d6c823b9513154eff47da551b0551bdd1e?s=96&d=mm&r=g","url":"https:\/\/secure.gravatar.com\/avatar\/e525b06574ca18b33cded59dfe5778d6c823b9513154eff47da551b0551bdd1e?s=96&d=mm&r=g","contentUrl":"https:\/\/secure.gravatar.com\/avatar\/e525b06574ca18b33cded59dfe5778d6c823b9513154eff47da551b0551bdd1e?s=96&d=mm&r=g","caption":"L\u00f3pez D\u00f3riga"},"url":"https:\/\/fuentesfidedignas.com.mx\/index.php\/author\/doriga\/"}]}},"_links":{"self":[{"href":"https:\/\/fuentesfidedignas.com.mx\/index.php\/wp-json\/wp\/v2\/posts\/65661","targetHints":{"allow":["GET"]}}],"collection":[{"href":"https:\/\/fuentesfidedignas.com.mx\/index.php\/wp-json\/wp\/v2\/posts"}],"about":[{"href":"https:\/\/fuentesfidedignas.com.mx\/index.php\/wp-json\/wp\/v2\/types\/post"}],"author":[{"embeddable":true,"href":"https:\/\/fuentesfidedignas.com.mx\/index.php\/wp-json\/wp\/v2\/users\/47"}],"replies":[{"embeddable":true,"href":"https:\/\/fuentesfidedignas.com.mx\/index.php\/wp-json\/wp\/v2\/comments?post=65661"}],"version-history":[{"count":1,"href":"https:\/\/fuentesfidedignas.com.mx\/index.php\/wp-json\/wp\/v2\/posts\/65661\/revisions"}],"predecessor-version":[{"id":65663,"href":"https:\/\/fuentesfidedignas.com.mx\/index.php\/wp-json\/wp\/v2\/posts\/65661\/revisions\/65663"}],"wp:featuredmedia":[{"embeddable":true,"href":"https:\/\/fuentesfidedignas.com.mx\/index.php\/wp-json\/wp\/v2\/media\/65662"}],"wp:attachment":[{"href":"https:\/\/fuentesfidedignas.com.mx\/index.php\/wp-json\/wp\/v2\/media?parent=65661"}],"wp:term":[{"taxonomy":"category","embeddable":true,"href":"https:\/\/fuentesfidedignas.com.mx\/index.php\/wp-json\/wp\/v2\/categories?post=65661"},{"taxonomy":"post_tag","embeddable":true,"href":"https:\/\/fuentesfidedignas.com.mx\/index.php\/wp-json\/wp\/v2\/tags?post=65661"}],"curies":[{"name":"wp","href":"https:\/\/api.w.org\/{rel}","templated":true}]}}