{"id":65643,"date":"2023-11-14T07:34:07","date_gmt":"2023-11-14T14:34:07","guid":{"rendered":"https:\/\/fuentesfidedignas.com.mx\/?p=65643"},"modified":"2023-11-14T10:30:35","modified_gmt":"2023-11-14T17:30:35","slug":"anuncia-la-uas-la-marcha-por-la-dignidad-universitaria-hoy-14-de-noviembre-a-nivel-estatal","status":"publish","type":"post","link":"https:\/\/fuentesfidedignas.com.mx\/index.php\/2023\/11\/14\/anuncia-la-uas-la-marcha-por-la-dignidad-universitaria-hoy-14-de-noviembre-a-nivel-estatal\/","title":{"rendered":"Anuncia la UAS \u201cLa Marcha por la Dignidad Universitaria\u201d hoy 14 de noviembre a nivel estatal"},"content":{"rendered":"\n<p><strong><em>Buscan expresarse en contra del abuso del Gobierno del Estado de Sinaloa y en favor, de la educaci\u00f3n p\u00fablica.<\/em><\/strong><\/p>\n\n\n\n<p>Culiac\u00e1n, Sin.- En sesi\u00f3n ordinaria del H. Consejo Universitario, m\u00e1ximo \u00f3rgano de gobierno de la Universidad Aut\u00f3noma de Sinaloa (UAS), rindieron protesta 194 alumnos y maestros del nivel medio superior y superior como consejeros universitarios propietarios y suplentes para el periodo 2023-2025, asimismo autoridades de la instituci\u00f3n anunciaron que este 14 de noviembre se realizar\u00e1 \u201cLa Marcha por la Dignidad Universitaria\u201d, a nivel estatal.<\/p>\n\n\n\n<p>Al llevarse a cabo la integraci\u00f3n y renovaci\u00f3n del Consejo Universitario, el encargado del despacho de Rector\u00eda, doctor Robespierre Liz\u00e1rraga Otero, se\u00f1al\u00f3 que se aprovechar\u00e1 la visita del Presidente de la Rep\u00fablica, el licenciado Andr\u00e9s Manuel L\u00f3pez Obrador para este martes en punto de las 9:00 de la ma\u00f1ana, llevar a cabo una mega marcha para expresarse en contra del abuso del Gobierno del Estado de Sinaloa y en favor, de la educaci\u00f3n p\u00fablica.<\/p>\n\n\n\n<p>\u201cDesde aqu\u00ed le decimos al Rector titular de la Universidad Aut\u00f3noma de Sinaloa que ni un paso atr\u00e1s en la defensa de la autonom\u00eda, saldremos adelante porque nos asiste la raz\u00f3n, nos asiste la justicia; el d\u00eda de ma\u00f1ana compa\u00f1eros, compa\u00f1eras tenemos otra cita con el destino, salgamos a la calle, tomemos las plazas p\u00fablicas, gritemos en una sola voz que de rodillas nunca, viva la Universidad Aut\u00f3noma de Sinaloa\u201d, manifest\u00f3.<\/p>\n\n\n\n<p>Asimismo, expres\u00f3 que el Rector titular, el doctor Jes\u00fas Madue\u00f1a Molina, dej\u00f3 una instrucci\u00f3n donde precisa que la mejor manera de combatir los ataques en contra de la universidad y de defender la Autonom\u00eda Universitaria es a trav\u00e9s del cumplimiento del objeto y misi\u00f3n de la instituci\u00f3n, por ello dijo, la universidad a pesar de los embates no ha dejado de trabajar en sus actividades sustantivas y present\u00f3 los resultados de la ardua labor que realiza la instituci\u00f3n en este rubro en el que destacan diversos estudiantes y profesores que han puesto en alto el nombre de la universidad.<\/p>\n\n\n\n<p>Por su parte, el maestro Jos\u00e9 Carlos Aceves Tamayo, a nombre de la Comisi\u00f3n Estatal del Plan de Acci\u00f3n, inform\u00f3 que se han institucionalizado los comit\u00e9s de defensa de la autonom\u00eda universitaria en el 100 por ciento de las unidades acad\u00e9micas y organizacionales y dio los detalles de la marcha por la dignidad universitaria, movilizaci\u00f3n que contar\u00e1 con contingentes que saldr\u00e1n desde diferentes puntos de la ciudad para hacer una gran concentraci\u00f3n en la Catedral, lugar \u00edcono de la capital sinaloense.<\/p>\n\n\n\n<p>\u201cNo habr\u00e1 denuncia, audiencia, semanera o columnista que ponga de rodillas a los universitarios, motivos nos sobran para estar con el doctor Jes\u00fas Madue\u00f1a Molina, y a diferencia de otros con la palabra completa podemos decir nosotros nunca le fallaremos a las y los universitarios, por eso ma\u00f1ana es muy importante que nos demos cita bajo la log\u00edstica de la \u00faltima movilizaci\u00f3n a las 9:00 de la ma\u00f1ana en punto (\u2026) donde podemos decir juntos \u201cSursum Versus\u201d, hacia la c\u00faspide. Unidos y organizados venceremos por esta gran universidad y por el futuro de las y los estudiantes\u201d, extern\u00f3 el l\u00edder sindical.<\/p>\n\n\n\n<p>En el marco de esta sesi\u00f3n ordinaria el maestro Milton Ayala Vega y el doctor Ram\u00f3n Bonilla Rojas, este \u00faltimo asesor jur\u00eddico de la UAS, ofrecieron un informe acerca de lo transcurrido en audiencia del d\u00eda 12 de noviembre, en la cual los argumentos y pruebas se aportaron no fueron escuchadas por el juez.<\/p>\n\n\n\n<p>De igual manera, Bonilla Rojas invit\u00f3 a los consejeros y consejeras entrantes a promover amparos en contra de la Ley de Educaci\u00f3n Superior del Estado de Sinaloa y a proteger la libertad de c\u00e1tedra.<\/p>\n\n\n\n<p>Al tomar protesta a las y los consejeros, Liz\u00e1rraga Otero, destac\u00f3 que este acto se realiza como un pleno ejercicio de democracia, tambi\u00e9n reconoci\u00f3 la labor de las y los consejeros salientes para sacar adelante la agenda de la universitaria y a los nuevos integrantes del H. Consejo Universitario, los conmin\u00f3 a cumplir y hacer cumplir la normatividad que rige la vida de la instituci\u00f3n y enfatiz\u00f3 que el compromiso que asuman ser\u00e1 trascendente para el engrandecimiento de la Casa Rosalina<\/p>\n\n\n\n<p>Adem\u00e1s, agradeci\u00f3 las muestras de apoyo y respaldo de los universitarios, as\u00ed como de diversas instituciones educativas del pa\u00eds que se han posicionado en contra del abuso hacia la m\u00e1xima casa de estudios de Sinaloa y han llamado a las autoridades de gobierno a respetar la autonom\u00eda universitaria.<\/p>\n\n\n\n<p>Cabe decir que, durante la sesi\u00f3n, en la cual tambi\u00e9n se aprob\u00f3 la reforma de tres programas educativos de posgrado, diferentes miembros de la comunidad Rosalina hicieron uso de la voz para manifestar su total respaldo a la UAS y sus autoridades y reiteraron que, continuar\u00e1n con convicci\u00f3n, con valent\u00eda y con fuerza en pie de lucha por la defensa de la Autonom\u00eda Universitaria de la m\u00e1s que centenaria instituci\u00f3n.<\/p>\n","protected":false},"excerpt":{"rendered":"<p>Buscan expresarse en contra del abuso del Gobierno del Estado de Sinaloa y en favor, de la educaci\u00f3n p\u00fablica. Culiac\u00e1n, Sin.- En sesi\u00f3n ordinaria del H. Consejo Universitario, m\u00e1ximo \u00f3rgano de gobierno de la Universidad Aut\u00f3noma de Sinaloa (UAS), rindieron protesta 194 alumnos y maestros del nivel medio superior y superior como consejeros universitarios propietarios [&hellip;]<\/p>\n","protected":false},"author":4,"featured_media":65644,"comment_status":"open","ping_status":"open","sticky":false,"template":"","format":"standard","meta":{"tdm_status":"","tdm_grid_status":"","footnotes":""},"categories":[1],"tags":[],"class_list":{"0":"post-65643","1":"post","2":"type-post","3":"status-publish","4":"format-standard","5":"has-post-thumbnail","7":"category-sin-categoria"},"yoast_head":"<!-- This site is optimized with the Yoast SEO plugin v27.5 - https:\/\/yoast.com\/product\/yoast-seo-wordpress\/ -->\n<title>Anuncia la UAS \u201cLa Marcha por la Dignidad Universitaria\u201d hoy 14 de noviembre a nivel estatal - Fuentes Fidedignas<\/title>\n<meta name=\"robots\" content=\"index, follow, max-snippet:-1, max-image-preview:large, max-video-preview:-1\" \/>\n<link rel=\"canonical\" href=\"https:\/\/fuentesfidedignas.com.mx\/index.php\/2023\/11\/14\/anuncia-la-uas-la-marcha-por-la-dignidad-universitaria-hoy-14-de-noviembre-a-nivel-estatal\/\" \/>\n<meta property=\"og:locale\" content=\"es_MX\" \/>\n<meta property=\"og:type\" content=\"article\" \/>\n<meta property=\"og:title\" content=\"Anuncia la UAS \u201cLa Marcha por la Dignidad Universitaria\u201d hoy 14 de noviembre a nivel estatal - Fuentes Fidedignas\" \/>\n<meta property=\"og:description\" content=\"Buscan expresarse en contra del abuso del Gobierno del Estado de Sinaloa y en favor, de la educaci\u00f3n p\u00fablica. Culiac\u00e1n, Sin.- En sesi\u00f3n ordinaria del H. Consejo Universitario, m\u00e1ximo \u00f3rgano de gobierno de la Universidad Aut\u00f3noma de Sinaloa (UAS), rindieron protesta 194 alumnos y maestros del nivel medio superior y superior como consejeros universitarios propietarios [&hellip;]\" \/>\n<meta property=\"og:url\" content=\"https:\/\/fuentesfidedignas.com.mx\/index.php\/2023\/11\/14\/anuncia-la-uas-la-marcha-por-la-dignidad-universitaria-hoy-14-de-noviembre-a-nivel-estatal\/\" \/>\n<meta property=\"og:site_name\" content=\"Fuentes Fidedignas\" \/>\n<meta property=\"article:publisher\" content=\"https:\/\/www.facebook.com\/Fuentes-Fidedignas-368234489921644\" \/>\n<meta property=\"article:published_time\" content=\"2023-11-14T14:34:07+00:00\" \/>\n<meta property=\"article:modified_time\" content=\"2023-11-14T17:30:35+00:00\" \/>\n<meta property=\"og:image\" content=\"https:\/\/fuentesfidedignas.com.mx\/wp-content\/uploads\/2023\/11\/CONSEJO-1.jpg\" \/>\n\t<meta property=\"og:image:width\" content=\"1280\" \/>\n\t<meta property=\"og:image:height\" content=\"853\" \/>\n\t<meta property=\"og:image:type\" content=\"image\/jpeg\" \/>\n<meta name=\"author\" content=\"Redacci\u00f3n\" \/>\n<meta name=\"twitter:card\" content=\"summary_large_image\" \/>\n<meta name=\"twitter:creator\" content=\"@fidedignas\" \/>\n<meta name=\"twitter:site\" content=\"@fidedignas\" \/>\n<meta name=\"twitter:label1\" content=\"Escrito por\" \/>\n\t<meta name=\"twitter:data1\" content=\"Redacci\u00f3n\" \/>\n\t<meta name=\"twitter:label2\" content=\"Tiempo de lectura\" \/>\n\t<meta name=\"twitter:data2\" content=\"4 minutos\" \/>\n<script type=\"application\/ld+json\" class=\"yoast-schema-graph\">{\"@context\":\"https:\\\/\\\/schema.org\",\"@graph\":[{\"@type\":\"Article\",\"@id\":\"https:\\\/\\\/fuentesfidedignas.com.mx\\\/index.php\\\/2023\\\/11\\\/14\\\/anuncia-la-uas-la-marcha-por-la-dignidad-universitaria-hoy-14-de-noviembre-a-nivel-estatal\\\/#article\",\"isPartOf\":{\"@id\":\"https:\\\/\\\/fuentesfidedignas.com.mx\\\/index.php\\\/2023\\\/11\\\/14\\\/anuncia-la-uas-la-marcha-por-la-dignidad-universitaria-hoy-14-de-noviembre-a-nivel-estatal\\\/\"},\"author\":{\"name\":\"Redacci\u00f3n\",\"@id\":\"https:\\\/\\\/fuentesfidedignas.com.mx\\\/#\\\/schema\\\/person\\\/331be9283d37198e2acd5750279085b0\"},\"headline\":\"Anuncia la UAS \u201cLa Marcha por la Dignidad Universitaria\u201d hoy 14 de noviembre a nivel estatal\",\"datePublished\":\"2023-11-14T14:34:07+00:00\",\"dateModified\":\"2023-11-14T17:30:35+00:00\",\"mainEntityOfPage\":{\"@id\":\"https:\\\/\\\/fuentesfidedignas.com.mx\\\/index.php\\\/2023\\\/11\\\/14\\\/anuncia-la-uas-la-marcha-por-la-dignidad-universitaria-hoy-14-de-noviembre-a-nivel-estatal\\\/\"},\"wordCount\":878,\"commentCount\":0,\"publisher\":{\"@id\":\"https:\\\/\\\/fuentesfidedignas.com.mx\\\/#organization\"},\"image\":{\"@id\":\"https:\\\/\\\/fuentesfidedignas.com.mx\\\/index.php\\\/2023\\\/11\\\/14\\\/anuncia-la-uas-la-marcha-por-la-dignidad-universitaria-hoy-14-de-noviembre-a-nivel-estatal\\\/#primaryimage\"},\"thumbnailUrl\":\"https:\\\/\\\/fuentesfidedignas.com.mx\\\/wp-content\\\/uploads\\\/2023\\\/11\\\/CONSEJO-1.jpg\",\"inLanguage\":\"es\",\"potentialAction\":[{\"@type\":\"CommentAction\",\"name\":\"Comment\",\"target\":[\"https:\\\/\\\/fuentesfidedignas.com.mx\\\/index.php\\\/2023\\\/11\\\/14\\\/anuncia-la-uas-la-marcha-por-la-dignidad-universitaria-hoy-14-de-noviembre-a-nivel-estatal\\\/#respond\"]}]},{\"@type\":\"WebPage\",\"@id\":\"https:\\\/\\\/fuentesfidedignas.com.mx\\\/index.php\\\/2023\\\/11\\\/14\\\/anuncia-la-uas-la-marcha-por-la-dignidad-universitaria-hoy-14-de-noviembre-a-nivel-estatal\\\/\",\"url\":\"https:\\\/\\\/fuentesfidedignas.com.mx\\\/index.php\\\/2023\\\/11\\\/14\\\/anuncia-la-uas-la-marcha-por-la-dignidad-universitaria-hoy-14-de-noviembre-a-nivel-estatal\\\/\",\"name\":\"Anuncia la UAS \u201cLa Marcha por la Dignidad Universitaria\u201d hoy 14 de noviembre a nivel estatal - Fuentes Fidedignas\",\"isPartOf\":{\"@id\":\"https:\\\/\\\/fuentesfidedignas.com.mx\\\/#website\"},\"primaryImageOfPage\":{\"@id\":\"https:\\\/\\\/fuentesfidedignas.com.mx\\\/index.php\\\/2023\\\/11\\\/14\\\/anuncia-la-uas-la-marcha-por-la-dignidad-universitaria-hoy-14-de-noviembre-a-nivel-estatal\\\/#primaryimage\"},\"image\":{\"@id\":\"https:\\\/\\\/fuentesfidedignas.com.mx\\\/index.php\\\/2023\\\/11\\\/14\\\/anuncia-la-uas-la-marcha-por-la-dignidad-universitaria-hoy-14-de-noviembre-a-nivel-estatal\\\/#primaryimage\"},\"thumbnailUrl\":\"https:\\\/\\\/fuentesfidedignas.com.mx\\\/wp-content\\\/uploads\\\/2023\\\/11\\\/CONSEJO-1.jpg\",\"datePublished\":\"2023-11-14T14:34:07+00:00\",\"dateModified\":\"2023-11-14T17:30:35+00:00\",\"breadcrumb\":{\"@id\":\"https:\\\/\\\/fuentesfidedignas.com.mx\\\/index.php\\\/2023\\\/11\\\/14\\\/anuncia-la-uas-la-marcha-por-la-dignidad-universitaria-hoy-14-de-noviembre-a-nivel-estatal\\\/#breadcrumb\"},\"inLanguage\":\"es\",\"potentialAction\":[{\"@type\":\"ReadAction\",\"target\":[\"https:\\\/\\\/fuentesfidedignas.com.mx\\\/index.php\\\/2023\\\/11\\\/14\\\/anuncia-la-uas-la-marcha-por-la-dignidad-universitaria-hoy-14-de-noviembre-a-nivel-estatal\\\/\"]}]},{\"@type\":\"ImageObject\",\"inLanguage\":\"es\",\"@id\":\"https:\\\/\\\/fuentesfidedignas.com.mx\\\/index.php\\\/2023\\\/11\\\/14\\\/anuncia-la-uas-la-marcha-por-la-dignidad-universitaria-hoy-14-de-noviembre-a-nivel-estatal\\\/#primaryimage\",\"url\":\"https:\\\/\\\/fuentesfidedignas.com.mx\\\/wp-content\\\/uploads\\\/2023\\\/11\\\/CONSEJO-1.jpg\",\"contentUrl\":\"https:\\\/\\\/fuentesfidedignas.com.mx\\\/wp-content\\\/uploads\\\/2023\\\/11\\\/CONSEJO-1.jpg\",\"width\":1280,\"height\":853},{\"@type\":\"BreadcrumbList\",\"@id\":\"https:\\\/\\\/fuentesfidedignas.com.mx\\\/index.php\\\/2023\\\/11\\\/14\\\/anuncia-la-uas-la-marcha-por-la-dignidad-universitaria-hoy-14-de-noviembre-a-nivel-estatal\\\/#breadcrumb\",\"itemListElement\":[{\"@type\":\"ListItem\",\"position\":1,\"name\":\"Inicio\",\"item\":\"https:\\\/\\\/fuentesfidedignas.com.mx\\\/\"},{\"@type\":\"ListItem\",\"position\":2,\"name\":\"Anuncia la UAS \u201cLa Marcha por la Dignidad Universitaria\u201d hoy 14 de noviembre a nivel estatal\"}]},{\"@type\":\"WebSite\",\"@id\":\"https:\\\/\\\/fuentesfidedignas.com.mx\\\/#website\",\"url\":\"https:\\\/\\\/fuentesfidedignas.com.mx\\\/\",\"name\":\"Fuentes Fidedignas\",\"description\":\"Otro sitio realizado con WordPress\",\"publisher\":{\"@id\":\"https:\\\/\\\/fuentesfidedignas.com.mx\\\/#organization\"},\"potentialAction\":[{\"@type\":\"SearchAction\",\"target\":{\"@type\":\"EntryPoint\",\"urlTemplate\":\"https:\\\/\\\/fuentesfidedignas.com.mx\\\/?s={search_term_string}\"},\"query-input\":{\"@type\":\"PropertyValueSpecification\",\"valueRequired\":true,\"valueName\":\"search_term_string\"}}],\"inLanguage\":\"es\"},{\"@type\":\"Organization\",\"@id\":\"https:\\\/\\\/fuentesfidedignas.com.mx\\\/#organization\",\"name\":\"Fuentes Fidedignas\",\"url\":\"https:\\\/\\\/fuentesfidedignas.com.mx\\\/\",\"logo\":{\"@type\":\"ImageObject\",\"inLanguage\":\"es\",\"@id\":\"https:\\\/\\\/fuentesfidedignas.com.mx\\\/#\\\/schema\\\/logo\\\/image\\\/\",\"url\":\"https:\\\/\\\/fuentesfidedignas.com.mx\\\/wp-content\\\/uploads\\\/2021\\\/04\\\/logo-retina.png\",\"contentUrl\":\"https:\\\/\\\/fuentesfidedignas.com.mx\\\/wp-content\\\/uploads\\\/2021\\\/04\\\/logo-retina.png\",\"width\":280,\"height\":51,\"caption\":\"Fuentes Fidedignas\"},\"image\":{\"@id\":\"https:\\\/\\\/fuentesfidedignas.com.mx\\\/#\\\/schema\\\/logo\\\/image\\\/\"},\"sameAs\":[\"https:\\\/\\\/www.facebook.com\\\/Fuentes-Fidedignas-368234489921644\",\"https:\\\/\\\/x.com\\\/fidedignas\"]},{\"@type\":\"Person\",\"@id\":\"https:\\\/\\\/fuentesfidedignas.com.mx\\\/#\\\/schema\\\/person\\\/331be9283d37198e2acd5750279085b0\",\"name\":\"Redacci\u00f3n\",\"image\":{\"@type\":\"ImageObject\",\"inLanguage\":\"es\",\"@id\":\"https:\\\/\\\/secure.gravatar.com\\\/avatar\\\/f6d8782c11d12b2d4ad3fbb6931aeab5309937a4d6cd2fc9cfaa28a6396a5aec?s=96&d=mm&r=g\",\"url\":\"https:\\\/\\\/secure.gravatar.com\\\/avatar\\\/f6d8782c11d12b2d4ad3fbb6931aeab5309937a4d6cd2fc9cfaa28a6396a5aec?s=96&d=mm&r=g\",\"contentUrl\":\"https:\\\/\\\/secure.gravatar.com\\\/avatar\\\/f6d8782c11d12b2d4ad3fbb6931aeab5309937a4d6cd2fc9cfaa28a6396a5aec?s=96&d=mm&r=g\",\"caption\":\"Redacci\u00f3n\"},\"url\":\"https:\\\/\\\/fuentesfidedignas.com.mx\\\/index.php\\\/author\\\/redaccion\\\/\"}]}<\/script>\n<!-- \/ Yoast SEO plugin. -->","yoast_head_json":{"title":"Anuncia la UAS \u201cLa Marcha por la Dignidad Universitaria\u201d hoy 14 de noviembre a nivel estatal - Fuentes Fidedignas","robots":{"index":"index","follow":"follow","max-snippet":"max-snippet:-1","max-image-preview":"max-image-preview:large","max-video-preview":"max-video-preview:-1"},"canonical":"https:\/\/fuentesfidedignas.com.mx\/index.php\/2023\/11\/14\/anuncia-la-uas-la-marcha-por-la-dignidad-universitaria-hoy-14-de-noviembre-a-nivel-estatal\/","og_locale":"es_MX","og_type":"article","og_title":"Anuncia la UAS \u201cLa Marcha por la Dignidad Universitaria\u201d hoy 14 de noviembre a nivel estatal - Fuentes Fidedignas","og_description":"Buscan expresarse en contra del abuso del Gobierno del Estado de Sinaloa y en favor, de la educaci\u00f3n p\u00fablica. Culiac\u00e1n, Sin.- En sesi\u00f3n ordinaria del H. Consejo Universitario, m\u00e1ximo \u00f3rgano de gobierno de la Universidad Aut\u00f3noma de Sinaloa (UAS), rindieron protesta 194 alumnos y maestros del nivel medio superior y superior como consejeros universitarios propietarios [&hellip;]","og_url":"https:\/\/fuentesfidedignas.com.mx\/index.php\/2023\/11\/14\/anuncia-la-uas-la-marcha-por-la-dignidad-universitaria-hoy-14-de-noviembre-a-nivel-estatal\/","og_site_name":"Fuentes Fidedignas","article_publisher":"https:\/\/www.facebook.com\/Fuentes-Fidedignas-368234489921644","article_published_time":"2023-11-14T14:34:07+00:00","article_modified_time":"2023-11-14T17:30:35+00:00","og_image":[{"width":1280,"height":853,"url":"https:\/\/fuentesfidedignas.com.mx\/wp-content\/uploads\/2023\/11\/CONSEJO-1.jpg","type":"image\/jpeg"}],"author":"Redacci\u00f3n","twitter_card":"summary_large_image","twitter_creator":"@fidedignas","twitter_site":"@fidedignas","twitter_misc":{"Escrito por":"Redacci\u00f3n","Tiempo de lectura":"4 minutos"},"schema":{"@context":"https:\/\/schema.org","@graph":[{"@type":"Article","@id":"https:\/\/fuentesfidedignas.com.mx\/index.php\/2023\/11\/14\/anuncia-la-uas-la-marcha-por-la-dignidad-universitaria-hoy-14-de-noviembre-a-nivel-estatal\/#article","isPartOf":{"@id":"https:\/\/fuentesfidedignas.com.mx\/index.php\/2023\/11\/14\/anuncia-la-uas-la-marcha-por-la-dignidad-universitaria-hoy-14-de-noviembre-a-nivel-estatal\/"},"author":{"name":"Redacci\u00f3n","@id":"https:\/\/fuentesfidedignas.com.mx\/#\/schema\/person\/331be9283d37198e2acd5750279085b0"},"headline":"Anuncia la UAS \u201cLa Marcha por la Dignidad Universitaria\u201d hoy 14 de noviembre a nivel estatal","datePublished":"2023-11-14T14:34:07+00:00","dateModified":"2023-11-14T17:30:35+00:00","mainEntityOfPage":{"@id":"https:\/\/fuentesfidedignas.com.mx\/index.php\/2023\/11\/14\/anuncia-la-uas-la-marcha-por-la-dignidad-universitaria-hoy-14-de-noviembre-a-nivel-estatal\/"},"wordCount":878,"commentCount":0,"publisher":{"@id":"https:\/\/fuentesfidedignas.com.mx\/#organization"},"image":{"@id":"https:\/\/fuentesfidedignas.com.mx\/index.php\/2023\/11\/14\/anuncia-la-uas-la-marcha-por-la-dignidad-universitaria-hoy-14-de-noviembre-a-nivel-estatal\/#primaryimage"},"thumbnailUrl":"https:\/\/fuentesfidedignas.com.mx\/wp-content\/uploads\/2023\/11\/CONSEJO-1.jpg","inLanguage":"es","potentialAction":[{"@type":"CommentAction","name":"Comment","target":["https:\/\/fuentesfidedignas.com.mx\/index.php\/2023\/11\/14\/anuncia-la-uas-la-marcha-por-la-dignidad-universitaria-hoy-14-de-noviembre-a-nivel-estatal\/#respond"]}]},{"@type":"WebPage","@id":"https:\/\/fuentesfidedignas.com.mx\/index.php\/2023\/11\/14\/anuncia-la-uas-la-marcha-por-la-dignidad-universitaria-hoy-14-de-noviembre-a-nivel-estatal\/","url":"https:\/\/fuentesfidedignas.com.mx\/index.php\/2023\/11\/14\/anuncia-la-uas-la-marcha-por-la-dignidad-universitaria-hoy-14-de-noviembre-a-nivel-estatal\/","name":"Anuncia la UAS \u201cLa Marcha por la Dignidad Universitaria\u201d hoy 14 de noviembre a nivel estatal - Fuentes Fidedignas","isPartOf":{"@id":"https:\/\/fuentesfidedignas.com.mx\/#website"},"primaryImageOfPage":{"@id":"https:\/\/fuentesfidedignas.com.mx\/index.php\/2023\/11\/14\/anuncia-la-uas-la-marcha-por-la-dignidad-universitaria-hoy-14-de-noviembre-a-nivel-estatal\/#primaryimage"},"image":{"@id":"https:\/\/fuentesfidedignas.com.mx\/index.php\/2023\/11\/14\/anuncia-la-uas-la-marcha-por-la-dignidad-universitaria-hoy-14-de-noviembre-a-nivel-estatal\/#primaryimage"},"thumbnailUrl":"https:\/\/fuentesfidedignas.com.mx\/wp-content\/uploads\/2023\/11\/CONSEJO-1.jpg","datePublished":"2023-11-14T14:34:07+00:00","dateModified":"2023-11-14T17:30:35+00:00","breadcrumb":{"@id":"https:\/\/fuentesfidedignas.com.mx\/index.php\/2023\/11\/14\/anuncia-la-uas-la-marcha-por-la-dignidad-universitaria-hoy-14-de-noviembre-a-nivel-estatal\/#breadcrumb"},"inLanguage":"es","potentialAction":[{"@type":"ReadAction","target":["https:\/\/fuentesfidedignas.com.mx\/index.php\/2023\/11\/14\/anuncia-la-uas-la-marcha-por-la-dignidad-universitaria-hoy-14-de-noviembre-a-nivel-estatal\/"]}]},{"@type":"ImageObject","inLanguage":"es","@id":"https:\/\/fuentesfidedignas.com.mx\/index.php\/2023\/11\/14\/anuncia-la-uas-la-marcha-por-la-dignidad-universitaria-hoy-14-de-noviembre-a-nivel-estatal\/#primaryimage","url":"https:\/\/fuentesfidedignas.com.mx\/wp-content\/uploads\/2023\/11\/CONSEJO-1.jpg","contentUrl":"https:\/\/fuentesfidedignas.com.mx\/wp-content\/uploads\/2023\/11\/CONSEJO-1.jpg","width":1280,"height":853},{"@type":"BreadcrumbList","@id":"https:\/\/fuentesfidedignas.com.mx\/index.php\/2023\/11\/14\/anuncia-la-uas-la-marcha-por-la-dignidad-universitaria-hoy-14-de-noviembre-a-nivel-estatal\/#breadcrumb","itemListElement":[{"@type":"ListItem","position":1,"name":"Inicio","item":"https:\/\/fuentesfidedignas.com.mx\/"},{"@type":"ListItem","position":2,"name":"Anuncia la UAS \u201cLa Marcha por la Dignidad Universitaria\u201d hoy 14 de noviembre a nivel estatal"}]},{"@type":"WebSite","@id":"https:\/\/fuentesfidedignas.com.mx\/#website","url":"https:\/\/fuentesfidedignas.com.mx\/","name":"Fuentes Fidedignas","description":"Otro sitio realizado con WordPress","publisher":{"@id":"https:\/\/fuentesfidedignas.com.mx\/#organization"},"potentialAction":[{"@type":"SearchAction","target":{"@type":"EntryPoint","urlTemplate":"https:\/\/fuentesfidedignas.com.mx\/?s={search_term_string}"},"query-input":{"@type":"PropertyValueSpecification","valueRequired":true,"valueName":"search_term_string"}}],"inLanguage":"es"},{"@type":"Organization","@id":"https:\/\/fuentesfidedignas.com.mx\/#organization","name":"Fuentes Fidedignas","url":"https:\/\/fuentesfidedignas.com.mx\/","logo":{"@type":"ImageObject","inLanguage":"es","@id":"https:\/\/fuentesfidedignas.com.mx\/#\/schema\/logo\/image\/","url":"https:\/\/fuentesfidedignas.com.mx\/wp-content\/uploads\/2021\/04\/logo-retina.png","contentUrl":"https:\/\/fuentesfidedignas.com.mx\/wp-content\/uploads\/2021\/04\/logo-retina.png","width":280,"height":51,"caption":"Fuentes Fidedignas"},"image":{"@id":"https:\/\/fuentesfidedignas.com.mx\/#\/schema\/logo\/image\/"},"sameAs":["https:\/\/www.facebook.com\/Fuentes-Fidedignas-368234489921644","https:\/\/x.com\/fidedignas"]},{"@type":"Person","@id":"https:\/\/fuentesfidedignas.com.mx\/#\/schema\/person\/331be9283d37198e2acd5750279085b0","name":"Redacci\u00f3n","image":{"@type":"ImageObject","inLanguage":"es","@id":"https:\/\/secure.gravatar.com\/avatar\/f6d8782c11d12b2d4ad3fbb6931aeab5309937a4d6cd2fc9cfaa28a6396a5aec?s=96&d=mm&r=g","url":"https:\/\/secure.gravatar.com\/avatar\/f6d8782c11d12b2d4ad3fbb6931aeab5309937a4d6cd2fc9cfaa28a6396a5aec?s=96&d=mm&r=g","contentUrl":"https:\/\/secure.gravatar.com\/avatar\/f6d8782c11d12b2d4ad3fbb6931aeab5309937a4d6cd2fc9cfaa28a6396a5aec?s=96&d=mm&r=g","caption":"Redacci\u00f3n"},"url":"https:\/\/fuentesfidedignas.com.mx\/index.php\/author\/redaccion\/"}]}},"_links":{"self":[{"href":"https:\/\/fuentesfidedignas.com.mx\/index.php\/wp-json\/wp\/v2\/posts\/65643","targetHints":{"allow":["GET"]}}],"collection":[{"href":"https:\/\/fuentesfidedignas.com.mx\/index.php\/wp-json\/wp\/v2\/posts"}],"about":[{"href":"https:\/\/fuentesfidedignas.com.mx\/index.php\/wp-json\/wp\/v2\/types\/post"}],"author":[{"embeddable":true,"href":"https:\/\/fuentesfidedignas.com.mx\/index.php\/wp-json\/wp\/v2\/users\/4"}],"replies":[{"embeddable":true,"href":"https:\/\/fuentesfidedignas.com.mx\/index.php\/wp-json\/wp\/v2\/comments?post=65643"}],"version-history":[{"count":1,"href":"https:\/\/fuentesfidedignas.com.mx\/index.php\/wp-json\/wp\/v2\/posts\/65643\/revisions"}],"predecessor-version":[{"id":65645,"href":"https:\/\/fuentesfidedignas.com.mx\/index.php\/wp-json\/wp\/v2\/posts\/65643\/revisions\/65645"}],"wp:featuredmedia":[{"embeddable":true,"href":"https:\/\/fuentesfidedignas.com.mx\/index.php\/wp-json\/wp\/v2\/media\/65644"}],"wp:attachment":[{"href":"https:\/\/fuentesfidedignas.com.mx\/index.php\/wp-json\/wp\/v2\/media?parent=65643"}],"wp:term":[{"taxonomy":"category","embeddable":true,"href":"https:\/\/fuentesfidedignas.com.mx\/index.php\/wp-json\/wp\/v2\/categories?post=65643"},{"taxonomy":"post_tag","embeddable":true,"href":"https:\/\/fuentesfidedignas.com.mx\/index.php\/wp-json\/wp\/v2\/tags?post=65643"}],"curies":[{"name":"wp","href":"https:\/\/api.w.org\/{rel}","templated":true}]}}