{"id":65614,"date":"2023-11-13T17:01:28","date_gmt":"2023-11-14T00:01:28","guid":{"rendered":"https:\/\/fuentesfidedignas.com.mx\/?p=65614"},"modified":"2023-11-13T18:02:09","modified_gmt":"2023-11-14T01:02:09","slug":"murio-a-los-82-anos-el-conductor-hector-benavides","status":"publish","type":"post","link":"https:\/\/fuentesfidedignas.com.mx\/index.php\/2023\/11\/13\/murio-a-los-82-anos-el-conductor-hector-benavides\/","title":{"rendered":"Muri\u00f3 a los 82 a\u00f1os el conductor H\u00e9ctor Benavides"},"content":{"rendered":"\n<p><strong><em>H\u00e9ctor Benavides present\u00f3 recientemente problemas de salud, que lo llevaron a ausentarse de Telediario Nocturno<\/em><\/strong><\/p>\n\n\n\n<p>El periodista y presentador de noticias H\u00e9ctor Benavides muri\u00f3 a los 82 a\u00f1os de edad, confirm\u00f3 por medio de X su familia.<\/p>\n\n\n\n<blockquote class=\"twitter-tweet\"><p lang=\"es\" dir=\"ltr\">Con profunda tristeza comparto que nuestro adorado pap\u00e1 el Arq. H\u00e9ctor Benavides, acaba de fallecer, rodeado del amor de su familia y en paz, te extra\u00f1aremos por siempre pap\u00e1 \ud83d\ude4f\ud83d\ude4f\ud83d\ude4fFamilia Benavides Mier<\/p>&mdash; Hector Benavides F. (@Arq_Benavides) <a href=\"https:\/\/twitter.com\/Arq_Benavides\/status\/1724181430329074069?ref_src=twsrc%5Etfw\">November 13, 2023<\/a><\/blockquote> <script async src=\"https:\/\/platform.twitter.com\/widgets.js\" charset=\"utf-8\"><\/script>\n\n\n\n<p>Con profunda tristeza comparto que nuestro adorado pap\u00e1 el Arq. H\u00e9ctor Benavides, acaba de fallecer, rodeado del amor de su familia y en paz, te extra\u00f1aremos por siempre pap\u00e1. Familia Benavides Mier\u201d, apunt\u00f3.<\/p>\n\n\n\n<p>H\u00e9ctor Benavides present\u00f3 recientemente problemas de salud, que lo llevaron a ausentarse de Telediario Nocturno.<\/p>\n\n\n\n<blockquote class=\"twitter-tweet\"><p lang=\"es\" dir=\"ltr\">\u25b6\ufe0f \u00a1El hombre r\u00e9cord! El arquitecto H\u00e9ctor Benavides recibe un nuevo R\u00e9cord Guinness por la carrera m\u00e1s larga como locutor de noticias en televisi\u00f3n con 54 a\u00f1os y 176 d\u00edas. <br><br>\ud83d\udcfa <a href=\"https:\/\/twitter.com\/hashtag\/TelediarioMediod%C3%ADa?src=hash&amp;ref_src=twsrc%5Etfw\">#TelediarioMediod\u00eda<\/a> con <a href=\"https:\/\/twitter.com\/licmariajulia?ref_src=twsrc%5Etfw\">@licmariajulia<\/a> y <a href=\"https:\/\/twitter.com\/Erik_Reportero?ref_src=twsrc%5Etfw\">@Erik_Reportero<\/a> \u2b50 <a href=\"https:\/\/t.co\/rBZ6hPVSZO\">pic.twitter.com\/rBZ6hPVSZO<\/a><\/p>&mdash; @telediariomty (@telediariomty) <a href=\"https:\/\/twitter.com\/telediariomty\/status\/1715462246867046420?ref_src=twsrc%5Etfw\">October 20, 2023<\/a><\/blockquote> <script async src=\"https:\/\/platform.twitter.com\/widgets.js\" charset=\"utf-8\"><\/script>\n\n\n\n<p>Jes\u00fas H\u00e9ctor Benavides Fern\u00e1ndez, \u2018el Arqui\u2019 fue el comunicador en activo con m\u00e1s horas al aire y entrevistas en las \u00faltimas seis d\u00e9cadas en la radio y televisi\u00f3n mexicanas.<\/p>\n\n\n\n<p>Su trabajo incluye locuci\u00f3n, animaci\u00f3n, narraci\u00f3n y conducci\u00f3n.<\/p>\n","protected":false},"excerpt":{"rendered":"<p>H\u00e9ctor Benavides present\u00f3 recientemente problemas de salud, que lo llevaron a ausentarse de Telediario Nocturno El periodista y presentador de noticias H\u00e9ctor Benavides muri\u00f3 a los 82 a\u00f1os de edad, confirm\u00f3 por medio de X su familia. Con profunda tristeza comparto que nuestro adorado pap\u00e1 el Arq. H\u00e9ctor Benavides, acaba de fallecer, rodeado del amor [&hellip;]<\/p>\n","protected":false},"author":47,"featured_media":65615,"comment_status":"open","ping_status":"open","sticky":false,"template":"","format":"standard","meta":{"tdm_status":"","tdm_grid_status":"","footnotes":""},"categories":[39],"tags":[],"class_list":{"0":"post-65614","1":"post","2":"type-post","3":"status-publish","4":"format-standard","5":"has-post-thumbnail","7":"category-noticias-nacionales"},"yoast_head":"<!-- This site is optimized with the Yoast SEO plugin v27.5 - https:\/\/yoast.com\/product\/yoast-seo-wordpress\/ -->\n<title>Muri\u00f3 a los 82 a\u00f1os el conductor H\u00e9ctor Benavides - Fuentes Fidedignas<\/title>\n<meta name=\"robots\" content=\"index, follow, max-snippet:-1, max-image-preview:large, max-video-preview:-1\" \/>\n<link rel=\"canonical\" href=\"https:\/\/fuentesfidedignas.com.mx\/index.php\/2023\/11\/13\/murio-a-los-82-anos-el-conductor-hector-benavides\/\" \/>\n<meta property=\"og:locale\" content=\"es_MX\" \/>\n<meta property=\"og:type\" content=\"article\" \/>\n<meta property=\"og:title\" content=\"Muri\u00f3 a los 82 a\u00f1os el conductor H\u00e9ctor Benavides - Fuentes Fidedignas\" \/>\n<meta property=\"og:description\" content=\"H\u00e9ctor Benavides present\u00f3 recientemente problemas de salud, que lo llevaron a ausentarse de Telediario Nocturno El periodista y presentador de noticias H\u00e9ctor Benavides muri\u00f3 a los 82 a\u00f1os de edad, confirm\u00f3 por medio de X su familia. Con profunda tristeza comparto que nuestro adorado pap\u00e1 el Arq. H\u00e9ctor Benavides, acaba de fallecer, rodeado del amor [&hellip;]\" \/>\n<meta property=\"og:url\" content=\"https:\/\/fuentesfidedignas.com.mx\/index.php\/2023\/11\/13\/murio-a-los-82-anos-el-conductor-hector-benavides\/\" \/>\n<meta property=\"og:site_name\" content=\"Fuentes Fidedignas\" \/>\n<meta property=\"article:publisher\" content=\"https:\/\/www.facebook.com\/Fuentes-Fidedignas-368234489921644\" \/>\n<meta property=\"article:published_time\" content=\"2023-11-14T00:01:28+00:00\" \/>\n<meta property=\"article:modified_time\" content=\"2023-11-14T01:02:09+00:00\" \/>\n<meta property=\"og:image\" content=\"https:\/\/fuentesfidedignas.com.mx\/wp-content\/uploads\/2023\/11\/HERTOR_BENAVIDES.jpg\" \/>\n\t<meta property=\"og:image:width\" content=\"800\" \/>\n\t<meta property=\"og:image:height\" content=\"600\" \/>\n\t<meta property=\"og:image:type\" content=\"image\/jpeg\" \/>\n<meta name=\"author\" content=\"L\u00f3pez D\u00f3riga\" \/>\n<meta name=\"twitter:card\" content=\"summary_large_image\" \/>\n<meta name=\"twitter:creator\" content=\"@fidedignas\" \/>\n<meta name=\"twitter:site\" content=\"@fidedignas\" \/>\n<meta name=\"twitter:label1\" content=\"Escrito por\" \/>\n\t<meta name=\"twitter:data1\" content=\"L\u00f3pez D\u00f3riga\" \/>\n\t<meta name=\"twitter:label2\" content=\"Tiempo de lectura\" \/>\n\t<meta name=\"twitter:data2\" content=\"1 minuto\" \/>\n<script type=\"application\/ld+json\" class=\"yoast-schema-graph\">{\"@context\":\"https:\\\/\\\/schema.org\",\"@graph\":[{\"@type\":\"Article\",\"@id\":\"https:\\\/\\\/fuentesfidedignas.com.mx\\\/index.php\\\/2023\\\/11\\\/13\\\/murio-a-los-82-anos-el-conductor-hector-benavides\\\/#article\",\"isPartOf\":{\"@id\":\"https:\\\/\\\/fuentesfidedignas.com.mx\\\/index.php\\\/2023\\\/11\\\/13\\\/murio-a-los-82-anos-el-conductor-hector-benavides\\\/\"},\"author\":{\"name\":\"L\u00f3pez D\u00f3riga\",\"@id\":\"https:\\\/\\\/fuentesfidedignas.com.mx\\\/#\\\/schema\\\/person\\\/67d852f0557c8509146a4b9ddebd543a\"},\"headline\":\"Muri\u00f3 a los 82 a\u00f1os el conductor H\u00e9ctor Benavides\",\"datePublished\":\"2023-11-14T00:01:28+00:00\",\"dateModified\":\"2023-11-14T01:02:09+00:00\",\"mainEntityOfPage\":{\"@id\":\"https:\\\/\\\/fuentesfidedignas.com.mx\\\/index.php\\\/2023\\\/11\\\/13\\\/murio-a-los-82-anos-el-conductor-hector-benavides\\\/\"},\"wordCount\":238,\"commentCount\":0,\"publisher\":{\"@id\":\"https:\\\/\\\/fuentesfidedignas.com.mx\\\/#organization\"},\"image\":{\"@id\":\"https:\\\/\\\/fuentesfidedignas.com.mx\\\/index.php\\\/2023\\\/11\\\/13\\\/murio-a-los-82-anos-el-conductor-hector-benavides\\\/#primaryimage\"},\"thumbnailUrl\":\"https:\\\/\\\/fuentesfidedignas.com.mx\\\/wp-content\\\/uploads\\\/2023\\\/11\\\/HERTOR_BENAVIDES.jpg\",\"articleSection\":[\"NOTICIAS NACIONALES\"],\"inLanguage\":\"es\",\"potentialAction\":[{\"@type\":\"CommentAction\",\"name\":\"Comment\",\"target\":[\"https:\\\/\\\/fuentesfidedignas.com.mx\\\/index.php\\\/2023\\\/11\\\/13\\\/murio-a-los-82-anos-el-conductor-hector-benavides\\\/#respond\"]}]},{\"@type\":\"WebPage\",\"@id\":\"https:\\\/\\\/fuentesfidedignas.com.mx\\\/index.php\\\/2023\\\/11\\\/13\\\/murio-a-los-82-anos-el-conductor-hector-benavides\\\/\",\"url\":\"https:\\\/\\\/fuentesfidedignas.com.mx\\\/index.php\\\/2023\\\/11\\\/13\\\/murio-a-los-82-anos-el-conductor-hector-benavides\\\/\",\"name\":\"Muri\u00f3 a los 82 a\u00f1os el conductor H\u00e9ctor Benavides - Fuentes Fidedignas\",\"isPartOf\":{\"@id\":\"https:\\\/\\\/fuentesfidedignas.com.mx\\\/#website\"},\"primaryImageOfPage\":{\"@id\":\"https:\\\/\\\/fuentesfidedignas.com.mx\\\/index.php\\\/2023\\\/11\\\/13\\\/murio-a-los-82-anos-el-conductor-hector-benavides\\\/#primaryimage\"},\"image\":{\"@id\":\"https:\\\/\\\/fuentesfidedignas.com.mx\\\/index.php\\\/2023\\\/11\\\/13\\\/murio-a-los-82-anos-el-conductor-hector-benavides\\\/#primaryimage\"},\"thumbnailUrl\":\"https:\\\/\\\/fuentesfidedignas.com.mx\\\/wp-content\\\/uploads\\\/2023\\\/11\\\/HERTOR_BENAVIDES.jpg\",\"datePublished\":\"2023-11-14T00:01:28+00:00\",\"dateModified\":\"2023-11-14T01:02:09+00:00\",\"breadcrumb\":{\"@id\":\"https:\\\/\\\/fuentesfidedignas.com.mx\\\/index.php\\\/2023\\\/11\\\/13\\\/murio-a-los-82-anos-el-conductor-hector-benavides\\\/#breadcrumb\"},\"inLanguage\":\"es\",\"potentialAction\":[{\"@type\":\"ReadAction\",\"target\":[\"https:\\\/\\\/fuentesfidedignas.com.mx\\\/index.php\\\/2023\\\/11\\\/13\\\/murio-a-los-82-anos-el-conductor-hector-benavides\\\/\"]}]},{\"@type\":\"ImageObject\",\"inLanguage\":\"es\",\"@id\":\"https:\\\/\\\/fuentesfidedignas.com.mx\\\/index.php\\\/2023\\\/11\\\/13\\\/murio-a-los-82-anos-el-conductor-hector-benavides\\\/#primaryimage\",\"url\":\"https:\\\/\\\/fuentesfidedignas.com.mx\\\/wp-content\\\/uploads\\\/2023\\\/11\\\/HERTOR_BENAVIDES.jpg\",\"contentUrl\":\"https:\\\/\\\/fuentesfidedignas.com.mx\\\/wp-content\\\/uploads\\\/2023\\\/11\\\/HERTOR_BENAVIDES.jpg\",\"width\":800,\"height\":600},{\"@type\":\"BreadcrumbList\",\"@id\":\"https:\\\/\\\/fuentesfidedignas.com.mx\\\/index.php\\\/2023\\\/11\\\/13\\\/murio-a-los-82-anos-el-conductor-hector-benavides\\\/#breadcrumb\",\"itemListElement\":[{\"@type\":\"ListItem\",\"position\":1,\"name\":\"Inicio\",\"item\":\"https:\\\/\\\/fuentesfidedignas.com.mx\\\/\"},{\"@type\":\"ListItem\",\"position\":2,\"name\":\"Muri\u00f3 a los 82 a\u00f1os el conductor H\u00e9ctor Benavides\"}]},{\"@type\":\"WebSite\",\"@id\":\"https:\\\/\\\/fuentesfidedignas.com.mx\\\/#website\",\"url\":\"https:\\\/\\\/fuentesfidedignas.com.mx\\\/\",\"name\":\"Fuentes Fidedignas\",\"description\":\"Otro sitio realizado con WordPress\",\"publisher\":{\"@id\":\"https:\\\/\\\/fuentesfidedignas.com.mx\\\/#organization\"},\"potentialAction\":[{\"@type\":\"SearchAction\",\"target\":{\"@type\":\"EntryPoint\",\"urlTemplate\":\"https:\\\/\\\/fuentesfidedignas.com.mx\\\/?s={search_term_string}\"},\"query-input\":{\"@type\":\"PropertyValueSpecification\",\"valueRequired\":true,\"valueName\":\"search_term_string\"}}],\"inLanguage\":\"es\"},{\"@type\":\"Organization\",\"@id\":\"https:\\\/\\\/fuentesfidedignas.com.mx\\\/#organization\",\"name\":\"Fuentes Fidedignas\",\"url\":\"https:\\\/\\\/fuentesfidedignas.com.mx\\\/\",\"logo\":{\"@type\":\"ImageObject\",\"inLanguage\":\"es\",\"@id\":\"https:\\\/\\\/fuentesfidedignas.com.mx\\\/#\\\/schema\\\/logo\\\/image\\\/\",\"url\":\"https:\\\/\\\/fuentesfidedignas.com.mx\\\/wp-content\\\/uploads\\\/2021\\\/04\\\/logo-retina.png\",\"contentUrl\":\"https:\\\/\\\/fuentesfidedignas.com.mx\\\/wp-content\\\/uploads\\\/2021\\\/04\\\/logo-retina.png\",\"width\":280,\"height\":51,\"caption\":\"Fuentes Fidedignas\"},\"image\":{\"@id\":\"https:\\\/\\\/fuentesfidedignas.com.mx\\\/#\\\/schema\\\/logo\\\/image\\\/\"},\"sameAs\":[\"https:\\\/\\\/www.facebook.com\\\/Fuentes-Fidedignas-368234489921644\",\"https:\\\/\\\/x.com\\\/fidedignas\"]},{\"@type\":\"Person\",\"@id\":\"https:\\\/\\\/fuentesfidedignas.com.mx\\\/#\\\/schema\\\/person\\\/67d852f0557c8509146a4b9ddebd543a\",\"name\":\"L\u00f3pez D\u00f3riga\",\"image\":{\"@type\":\"ImageObject\",\"inLanguage\":\"es\",\"@id\":\"https:\\\/\\\/secure.gravatar.com\\\/avatar\\\/e525b06574ca18b33cded59dfe5778d6c823b9513154eff47da551b0551bdd1e?s=96&d=mm&r=g\",\"url\":\"https:\\\/\\\/secure.gravatar.com\\\/avatar\\\/e525b06574ca18b33cded59dfe5778d6c823b9513154eff47da551b0551bdd1e?s=96&d=mm&r=g\",\"contentUrl\":\"https:\\\/\\\/secure.gravatar.com\\\/avatar\\\/e525b06574ca18b33cded59dfe5778d6c823b9513154eff47da551b0551bdd1e?s=96&d=mm&r=g\",\"caption\":\"L\u00f3pez D\u00f3riga\"},\"url\":\"https:\\\/\\\/fuentesfidedignas.com.mx\\\/index.php\\\/author\\\/doriga\\\/\"}]}<\/script>\n<!-- \/ Yoast SEO plugin. -->","yoast_head_json":{"title":"Muri\u00f3 a los 82 a\u00f1os el conductor H\u00e9ctor Benavides - Fuentes Fidedignas","robots":{"index":"index","follow":"follow","max-snippet":"max-snippet:-1","max-image-preview":"max-image-preview:large","max-video-preview":"max-video-preview:-1"},"canonical":"https:\/\/fuentesfidedignas.com.mx\/index.php\/2023\/11\/13\/murio-a-los-82-anos-el-conductor-hector-benavides\/","og_locale":"es_MX","og_type":"article","og_title":"Muri\u00f3 a los 82 a\u00f1os el conductor H\u00e9ctor Benavides - Fuentes Fidedignas","og_description":"H\u00e9ctor Benavides present\u00f3 recientemente problemas de salud, que lo llevaron a ausentarse de Telediario Nocturno El periodista y presentador de noticias H\u00e9ctor Benavides muri\u00f3 a los 82 a\u00f1os de edad, confirm\u00f3 por medio de X su familia. Con profunda tristeza comparto que nuestro adorado pap\u00e1 el Arq. H\u00e9ctor Benavides, acaba de fallecer, rodeado del amor [&hellip;]","og_url":"https:\/\/fuentesfidedignas.com.mx\/index.php\/2023\/11\/13\/murio-a-los-82-anos-el-conductor-hector-benavides\/","og_site_name":"Fuentes Fidedignas","article_publisher":"https:\/\/www.facebook.com\/Fuentes-Fidedignas-368234489921644","article_published_time":"2023-11-14T00:01:28+00:00","article_modified_time":"2023-11-14T01:02:09+00:00","og_image":[{"width":800,"height":600,"url":"https:\/\/fuentesfidedignas.com.mx\/wp-content\/uploads\/2023\/11\/HERTOR_BENAVIDES.jpg","type":"image\/jpeg"}],"author":"L\u00f3pez D\u00f3riga","twitter_card":"summary_large_image","twitter_creator":"@fidedignas","twitter_site":"@fidedignas","twitter_misc":{"Escrito por":"L\u00f3pez D\u00f3riga","Tiempo de lectura":"1 minuto"},"schema":{"@context":"https:\/\/schema.org","@graph":[{"@type":"Article","@id":"https:\/\/fuentesfidedignas.com.mx\/index.php\/2023\/11\/13\/murio-a-los-82-anos-el-conductor-hector-benavides\/#article","isPartOf":{"@id":"https:\/\/fuentesfidedignas.com.mx\/index.php\/2023\/11\/13\/murio-a-los-82-anos-el-conductor-hector-benavides\/"},"author":{"name":"L\u00f3pez D\u00f3riga","@id":"https:\/\/fuentesfidedignas.com.mx\/#\/schema\/person\/67d852f0557c8509146a4b9ddebd543a"},"headline":"Muri\u00f3 a los 82 a\u00f1os el conductor H\u00e9ctor Benavides","datePublished":"2023-11-14T00:01:28+00:00","dateModified":"2023-11-14T01:02:09+00:00","mainEntityOfPage":{"@id":"https:\/\/fuentesfidedignas.com.mx\/index.php\/2023\/11\/13\/murio-a-los-82-anos-el-conductor-hector-benavides\/"},"wordCount":238,"commentCount":0,"publisher":{"@id":"https:\/\/fuentesfidedignas.com.mx\/#organization"},"image":{"@id":"https:\/\/fuentesfidedignas.com.mx\/index.php\/2023\/11\/13\/murio-a-los-82-anos-el-conductor-hector-benavides\/#primaryimage"},"thumbnailUrl":"https:\/\/fuentesfidedignas.com.mx\/wp-content\/uploads\/2023\/11\/HERTOR_BENAVIDES.jpg","articleSection":["NOTICIAS NACIONALES"],"inLanguage":"es","potentialAction":[{"@type":"CommentAction","name":"Comment","target":["https:\/\/fuentesfidedignas.com.mx\/index.php\/2023\/11\/13\/murio-a-los-82-anos-el-conductor-hector-benavides\/#respond"]}]},{"@type":"WebPage","@id":"https:\/\/fuentesfidedignas.com.mx\/index.php\/2023\/11\/13\/murio-a-los-82-anos-el-conductor-hector-benavides\/","url":"https:\/\/fuentesfidedignas.com.mx\/index.php\/2023\/11\/13\/murio-a-los-82-anos-el-conductor-hector-benavides\/","name":"Muri\u00f3 a los 82 a\u00f1os el conductor H\u00e9ctor Benavides - Fuentes Fidedignas","isPartOf":{"@id":"https:\/\/fuentesfidedignas.com.mx\/#website"},"primaryImageOfPage":{"@id":"https:\/\/fuentesfidedignas.com.mx\/index.php\/2023\/11\/13\/murio-a-los-82-anos-el-conductor-hector-benavides\/#primaryimage"},"image":{"@id":"https:\/\/fuentesfidedignas.com.mx\/index.php\/2023\/11\/13\/murio-a-los-82-anos-el-conductor-hector-benavides\/#primaryimage"},"thumbnailUrl":"https:\/\/fuentesfidedignas.com.mx\/wp-content\/uploads\/2023\/11\/HERTOR_BENAVIDES.jpg","datePublished":"2023-11-14T00:01:28+00:00","dateModified":"2023-11-14T01:02:09+00:00","breadcrumb":{"@id":"https:\/\/fuentesfidedignas.com.mx\/index.php\/2023\/11\/13\/murio-a-los-82-anos-el-conductor-hector-benavides\/#breadcrumb"},"inLanguage":"es","potentialAction":[{"@type":"ReadAction","target":["https:\/\/fuentesfidedignas.com.mx\/index.php\/2023\/11\/13\/murio-a-los-82-anos-el-conductor-hector-benavides\/"]}]},{"@type":"ImageObject","inLanguage":"es","@id":"https:\/\/fuentesfidedignas.com.mx\/index.php\/2023\/11\/13\/murio-a-los-82-anos-el-conductor-hector-benavides\/#primaryimage","url":"https:\/\/fuentesfidedignas.com.mx\/wp-content\/uploads\/2023\/11\/HERTOR_BENAVIDES.jpg","contentUrl":"https:\/\/fuentesfidedignas.com.mx\/wp-content\/uploads\/2023\/11\/HERTOR_BENAVIDES.jpg","width":800,"height":600},{"@type":"BreadcrumbList","@id":"https:\/\/fuentesfidedignas.com.mx\/index.php\/2023\/11\/13\/murio-a-los-82-anos-el-conductor-hector-benavides\/#breadcrumb","itemListElement":[{"@type":"ListItem","position":1,"name":"Inicio","item":"https:\/\/fuentesfidedignas.com.mx\/"},{"@type":"ListItem","position":2,"name":"Muri\u00f3 a los 82 a\u00f1os el conductor H\u00e9ctor Benavides"}]},{"@type":"WebSite","@id":"https:\/\/fuentesfidedignas.com.mx\/#website","url":"https:\/\/fuentesfidedignas.com.mx\/","name":"Fuentes Fidedignas","description":"Otro sitio realizado con WordPress","publisher":{"@id":"https:\/\/fuentesfidedignas.com.mx\/#organization"},"potentialAction":[{"@type":"SearchAction","target":{"@type":"EntryPoint","urlTemplate":"https:\/\/fuentesfidedignas.com.mx\/?s={search_term_string}"},"query-input":{"@type":"PropertyValueSpecification","valueRequired":true,"valueName":"search_term_string"}}],"inLanguage":"es"},{"@type":"Organization","@id":"https:\/\/fuentesfidedignas.com.mx\/#organization","name":"Fuentes Fidedignas","url":"https:\/\/fuentesfidedignas.com.mx\/","logo":{"@type":"ImageObject","inLanguage":"es","@id":"https:\/\/fuentesfidedignas.com.mx\/#\/schema\/logo\/image\/","url":"https:\/\/fuentesfidedignas.com.mx\/wp-content\/uploads\/2021\/04\/logo-retina.png","contentUrl":"https:\/\/fuentesfidedignas.com.mx\/wp-content\/uploads\/2021\/04\/logo-retina.png","width":280,"height":51,"caption":"Fuentes Fidedignas"},"image":{"@id":"https:\/\/fuentesfidedignas.com.mx\/#\/schema\/logo\/image\/"},"sameAs":["https:\/\/www.facebook.com\/Fuentes-Fidedignas-368234489921644","https:\/\/x.com\/fidedignas"]},{"@type":"Person","@id":"https:\/\/fuentesfidedignas.com.mx\/#\/schema\/person\/67d852f0557c8509146a4b9ddebd543a","name":"L\u00f3pez D\u00f3riga","image":{"@type":"ImageObject","inLanguage":"es","@id":"https:\/\/secure.gravatar.com\/avatar\/e525b06574ca18b33cded59dfe5778d6c823b9513154eff47da551b0551bdd1e?s=96&d=mm&r=g","url":"https:\/\/secure.gravatar.com\/avatar\/e525b06574ca18b33cded59dfe5778d6c823b9513154eff47da551b0551bdd1e?s=96&d=mm&r=g","contentUrl":"https:\/\/secure.gravatar.com\/avatar\/e525b06574ca18b33cded59dfe5778d6c823b9513154eff47da551b0551bdd1e?s=96&d=mm&r=g","caption":"L\u00f3pez D\u00f3riga"},"url":"https:\/\/fuentesfidedignas.com.mx\/index.php\/author\/doriga\/"}]}},"_links":{"self":[{"href":"https:\/\/fuentesfidedignas.com.mx\/index.php\/wp-json\/wp\/v2\/posts\/65614","targetHints":{"allow":["GET"]}}],"collection":[{"href":"https:\/\/fuentesfidedignas.com.mx\/index.php\/wp-json\/wp\/v2\/posts"}],"about":[{"href":"https:\/\/fuentesfidedignas.com.mx\/index.php\/wp-json\/wp\/v2\/types\/post"}],"author":[{"embeddable":true,"href":"https:\/\/fuentesfidedignas.com.mx\/index.php\/wp-json\/wp\/v2\/users\/47"}],"replies":[{"embeddable":true,"href":"https:\/\/fuentesfidedignas.com.mx\/index.php\/wp-json\/wp\/v2\/comments?post=65614"}],"version-history":[{"count":1,"href":"https:\/\/fuentesfidedignas.com.mx\/index.php\/wp-json\/wp\/v2\/posts\/65614\/revisions"}],"predecessor-version":[{"id":65616,"href":"https:\/\/fuentesfidedignas.com.mx\/index.php\/wp-json\/wp\/v2\/posts\/65614\/revisions\/65616"}],"wp:featuredmedia":[{"embeddable":true,"href":"https:\/\/fuentesfidedignas.com.mx\/index.php\/wp-json\/wp\/v2\/media\/65615"}],"wp:attachment":[{"href":"https:\/\/fuentesfidedignas.com.mx\/index.php\/wp-json\/wp\/v2\/media?parent=65614"}],"wp:term":[{"taxonomy":"category","embeddable":true,"href":"https:\/\/fuentesfidedignas.com.mx\/index.php\/wp-json\/wp\/v2\/categories?post=65614"},{"taxonomy":"post_tag","embeddable":true,"href":"https:\/\/fuentesfidedignas.com.mx\/index.php\/wp-json\/wp\/v2\/tags?post=65614"}],"curies":[{"name":"wp","href":"https:\/\/api.w.org\/{rel}","templated":true}]}}