{"id":65565,"date":"2023-11-13T09:58:41","date_gmt":"2023-11-13T16:58:41","guid":{"rendered":"https:\/\/fuentesfidedignas.com.mx\/?p=65565"},"modified":"2023-11-13T09:58:44","modified_gmt":"2023-11-13T16:58:44","slug":"hallan-muerto-al-magistrade-ociel-baena-en-su-casa-de-aguascalientes","status":"publish","type":"post","link":"https:\/\/fuentesfidedignas.com.mx\/index.php\/2023\/11\/13\/hallan-muerto-al-magistrade-ociel-baena-en-su-casa-de-aguascalientes\/","title":{"rendered":"Hallan muerto al \u201cmagistrade\u201d Ociel Baena en su casa de Aguascalientes"},"content":{"rendered":"\n<p><strong><em>Fue encontrado muerto junto a su pareja sentimental al interior de su domicilio<\/em><\/strong><\/p>\n\n\n\n<p>Aguascalientes.  El denominado \u201cmagistrade\u201d del Tribunal Electoral del Estado de Aguascalientes,<strong>\u00a0Jes\u00fas Ociel Baena Saucedo<\/strong>, fue hallado\u00a0<strong>muerto<\/strong>\u00a0al interior de su\u00a0<strong>domicilio<\/strong>.<\/p>\n\n\n\n<p>Su cuerpo estaba al interior de su\u00a0<strong>departamento<\/strong>\u00a0ubicado en el municipio de\u00a0<strong>Jes\u00fas Mar\u00eda<\/strong>.<\/p>\n\n\n\n<p>Autoridades se movilizaron al&nbsp;<strong>fraccionamiento Punta del Carmen<\/strong>&nbsp;del complejo Punta del Cielo.<\/p>\n\n\n\n<p>Adem\u00e1s del cuerpo del \u201c<strong>magistrade<\/strong>\u201d se localiz\u00f3 el de su pareja sentimental.<\/p>\n\n\n\n<p>Primeros informes se\u00f1alan que ambos cuerpos presentaban&nbsp;<strong>huellas de violencia<\/strong>.<\/p>\n\n\n\n<p>Cuestionado sobre el hecho en la conferencia de prensa matutina, el presidente&nbsp;<strong>Andr\u00e9s Manuel L\u00f3pez Obrador<\/strong>&nbsp;dijo no saber al respecto.<\/p>\n\n\n\n<p>Al tomar la palabra, la secretaria de Seguridad y Protecci\u00f3n Ciudadana,\u00a0<strong>Rosa Icela Rodr\u00edguez<\/strong>, pidi\u00f3 no caer en especulaciones al apuntar que las autoridades de Aguascalientes investigar\u00e1n lo ocurrido.<\/p>\n\n\n\n<p><em>&#8220;No sabemos si se trata de un homicidio o si fue un accidente. Tenemos que cerciorarnos de qu\u00e9 se trata\u201d, se\u00f1al\u00f3.<\/em><\/p>\n\n\n\n<figure class=\"wp-block-embed is-type-rich is-provider-twitter wp-block-embed-twitter\"><div class=\"wp-block-embed__wrapper\">\n<blockquote class=\"twitter-tweet\" data-width=\"550\" data-dnt=\"true\"><p lang=\"es\" dir=\"ltr\">&quot;No sabemos si se trata de un homicidio o si fue un accidente&quot;, se\u00f1al\u00f3 la secretaria de Seguridad, Rosa Icela Rodr\u00edguez, sobre la muerte del magistrade Ociel Baena.<br><br>&quot;Tenemos que cerciorarnos de qu\u00e9 se trata\u201d, agreg\u00f3. <a href=\"https:\/\/t.co\/sVzlOCAtrA\">pic.twitter.com\/sVzlOCAtrA<\/a><\/p>&mdash; Joaqu\u00edn L\u00f3pez-D\u00f3riga (@lopezdoriga) <a href=\"https:\/\/twitter.com\/lopezdoriga\/status\/1724105898967105750?ref_src=twsrc%5Etfw\">November 13, 2023<\/a><\/blockquote><script async src=\"https:\/\/platform.twitter.com\/widgets.js\" charset=\"utf-8\"><\/script>\n<\/div><\/figure>\n\n\n\n<p>Labor\u00f3 en juntas distritales ejecutivas del INE en Guanajuato y Aguascalientes, adem\u00e1s de dar clases de Derecho Electoral en la Universidad Aut\u00f3noma de Aguascalientes y en el campus Aguascalientes de la Universidad Cuauht\u00e9moc.<\/p>\n\n\n\n<p>Tambi\u00e9n particip\u00f3 como ponente en temas pol\u00edtico-electorales dentro de partidos pol\u00edticos e instituciones educativas.<\/p>\n\n\n\n<p>En octubre de 2022 se convirti\u00f3 en magistrado electoral de Aguascalientes, destac\u00e1ndose como el \u201cprimer magistrade electoral no binarie en Am\u00e9rica Latina\u201d, seg\u00fan public\u00f3 en redes sociales.<\/p>\n\n\n\n<p>Su llegada al cargo ocurri\u00f3 tras interponer un juicio contra el Senado de la Rep\u00fablica bajo el argumento de que se discrimin\u00f3 a miembros de la comunidad LGBTTIQ+, transgredi\u00e9ndose el derecho a la igualdad.<\/p>\n","protected":false},"excerpt":{"rendered":"<p>Fue encontrado muerto junto a su pareja sentimental al interior de su domicilio Aguascalientes. El denominado \u201cmagistrade\u201d del Tribunal Electoral del Estado de Aguascalientes,\u00a0Jes\u00fas Ociel Baena Saucedo, fue hallado\u00a0muerto\u00a0al interior de su\u00a0domicilio. Su cuerpo estaba al interior de su\u00a0departamento\u00a0ubicado en el municipio de\u00a0Jes\u00fas Mar\u00eda. Autoridades se movilizaron al&nbsp;fraccionamiento Punta del Carmen&nbsp;del complejo Punta del Cielo. [&hellip;]<\/p>\n","protected":false},"author":47,"featured_media":65566,"comment_status":"open","ping_status":"open","sticky":false,"template":"","format":"standard","meta":{"tdm_status":"","tdm_grid_status":"","footnotes":""},"categories":[39],"tags":[],"class_list":{"0":"post-65565","1":"post","2":"type-post","3":"status-publish","4":"format-standard","5":"has-post-thumbnail","7":"category-noticias-nacionales"},"yoast_head":"<!-- This site is optimized with the Yoast SEO plugin v27.5 - https:\/\/yoast.com\/product\/yoast-seo-wordpress\/ -->\n<title>Hallan muerto al \u201cmagistrade\u201d Ociel Baena en su casa de Aguascalientes - Fuentes Fidedignas<\/title>\n<meta name=\"robots\" content=\"index, follow, max-snippet:-1, max-image-preview:large, max-video-preview:-1\" \/>\n<link rel=\"canonical\" href=\"https:\/\/fuentesfidedignas.com.mx\/index.php\/2023\/11\/13\/hallan-muerto-al-magistrade-ociel-baena-en-su-casa-de-aguascalientes\/\" \/>\n<meta property=\"og:locale\" content=\"es_MX\" \/>\n<meta property=\"og:type\" content=\"article\" \/>\n<meta property=\"og:title\" content=\"Hallan muerto al \u201cmagistrade\u201d Ociel Baena en su casa de Aguascalientes - Fuentes Fidedignas\" \/>\n<meta property=\"og:description\" content=\"Fue encontrado muerto junto a su pareja sentimental al interior de su domicilio Aguascalientes. El denominado \u201cmagistrade\u201d del Tribunal Electoral del Estado de Aguascalientes,\u00a0Jes\u00fas Ociel Baena Saucedo, fue hallado\u00a0muerto\u00a0al interior de su\u00a0domicilio. Su cuerpo estaba al interior de su\u00a0departamento\u00a0ubicado en el municipio de\u00a0Jes\u00fas Mar\u00eda. Autoridades se movilizaron al&nbsp;fraccionamiento Punta del Carmen&nbsp;del complejo Punta del Cielo. [&hellip;]\" \/>\n<meta property=\"og:url\" content=\"https:\/\/fuentesfidedignas.com.mx\/index.php\/2023\/11\/13\/hallan-muerto-al-magistrade-ociel-baena-en-su-casa-de-aguascalientes\/\" \/>\n<meta property=\"og:site_name\" content=\"Fuentes Fidedignas\" \/>\n<meta property=\"article:publisher\" content=\"https:\/\/www.facebook.com\/Fuentes-Fidedignas-368234489921644\" \/>\n<meta property=\"article:published_time\" content=\"2023-11-13T16:58:41+00:00\" \/>\n<meta property=\"article:modified_time\" content=\"2023-11-13T16:58:44+00:00\" \/>\n<meta property=\"og:image\" content=\"https:\/\/fuentesfidedignas.com.mx\/wp-content\/uploads\/2023\/11\/magistrade-ociel-baena.jpg\" \/>\n\t<meta property=\"og:image:width\" content=\"1200\" \/>\n\t<meta property=\"og:image:height\" content=\"675\" \/>\n\t<meta property=\"og:image:type\" content=\"image\/jpeg\" \/>\n<meta name=\"author\" content=\"L\u00f3pez D\u00f3riga\" \/>\n<meta name=\"twitter:card\" content=\"summary_large_image\" \/>\n<meta name=\"twitter:creator\" content=\"@fidedignas\" \/>\n<meta name=\"twitter:site\" content=\"@fidedignas\" \/>\n<meta name=\"twitter:label1\" content=\"Escrito por\" \/>\n\t<meta name=\"twitter:data1\" content=\"L\u00f3pez D\u00f3riga\" \/>\n\t<meta name=\"twitter:label2\" content=\"Tiempo de lectura\" \/>\n\t<meta name=\"twitter:data2\" content=\"2 minutos\" \/>\n<script type=\"application\/ld+json\" class=\"yoast-schema-graph\">{\"@context\":\"https:\\\/\\\/schema.org\",\"@graph\":[{\"@type\":\"Article\",\"@id\":\"https:\\\/\\\/fuentesfidedignas.com.mx\\\/index.php\\\/2023\\\/11\\\/13\\\/hallan-muerto-al-magistrade-ociel-baena-en-su-casa-de-aguascalientes\\\/#article\",\"isPartOf\":{\"@id\":\"https:\\\/\\\/fuentesfidedignas.com.mx\\\/index.php\\\/2023\\\/11\\\/13\\\/hallan-muerto-al-magistrade-ociel-baena-en-su-casa-de-aguascalientes\\\/\"},\"author\":{\"name\":\"L\u00f3pez D\u00f3riga\",\"@id\":\"https:\\\/\\\/fuentesfidedignas.com.mx\\\/#\\\/schema\\\/person\\\/67d852f0557c8509146a4b9ddebd543a\"},\"headline\":\"Hallan muerto al \u201cmagistrade\u201d Ociel Baena en su casa de Aguascalientes\",\"datePublished\":\"2023-11-13T16:58:41+00:00\",\"dateModified\":\"2023-11-13T16:58:44+00:00\",\"mainEntityOfPage\":{\"@id\":\"https:\\\/\\\/fuentesfidedignas.com.mx\\\/index.php\\\/2023\\\/11\\\/13\\\/hallan-muerto-al-magistrade-ociel-baena-en-su-casa-de-aguascalientes\\\/\"},\"wordCount\":315,\"commentCount\":0,\"publisher\":{\"@id\":\"https:\\\/\\\/fuentesfidedignas.com.mx\\\/#organization\"},\"image\":{\"@id\":\"https:\\\/\\\/fuentesfidedignas.com.mx\\\/index.php\\\/2023\\\/11\\\/13\\\/hallan-muerto-al-magistrade-ociel-baena-en-su-casa-de-aguascalientes\\\/#primaryimage\"},\"thumbnailUrl\":\"https:\\\/\\\/fuentesfidedignas.com.mx\\\/wp-content\\\/uploads\\\/2023\\\/11\\\/magistrade-ociel-baena.jpg\",\"articleSection\":[\"NOTICIAS NACIONALES\"],\"inLanguage\":\"es\",\"potentialAction\":[{\"@type\":\"CommentAction\",\"name\":\"Comment\",\"target\":[\"https:\\\/\\\/fuentesfidedignas.com.mx\\\/index.php\\\/2023\\\/11\\\/13\\\/hallan-muerto-al-magistrade-ociel-baena-en-su-casa-de-aguascalientes\\\/#respond\"]}]},{\"@type\":\"WebPage\",\"@id\":\"https:\\\/\\\/fuentesfidedignas.com.mx\\\/index.php\\\/2023\\\/11\\\/13\\\/hallan-muerto-al-magistrade-ociel-baena-en-su-casa-de-aguascalientes\\\/\",\"url\":\"https:\\\/\\\/fuentesfidedignas.com.mx\\\/index.php\\\/2023\\\/11\\\/13\\\/hallan-muerto-al-magistrade-ociel-baena-en-su-casa-de-aguascalientes\\\/\",\"name\":\"Hallan muerto al \u201cmagistrade\u201d Ociel Baena en su casa de Aguascalientes - Fuentes Fidedignas\",\"isPartOf\":{\"@id\":\"https:\\\/\\\/fuentesfidedignas.com.mx\\\/#website\"},\"primaryImageOfPage\":{\"@id\":\"https:\\\/\\\/fuentesfidedignas.com.mx\\\/index.php\\\/2023\\\/11\\\/13\\\/hallan-muerto-al-magistrade-ociel-baena-en-su-casa-de-aguascalientes\\\/#primaryimage\"},\"image\":{\"@id\":\"https:\\\/\\\/fuentesfidedignas.com.mx\\\/index.php\\\/2023\\\/11\\\/13\\\/hallan-muerto-al-magistrade-ociel-baena-en-su-casa-de-aguascalientes\\\/#primaryimage\"},\"thumbnailUrl\":\"https:\\\/\\\/fuentesfidedignas.com.mx\\\/wp-content\\\/uploads\\\/2023\\\/11\\\/magistrade-ociel-baena.jpg\",\"datePublished\":\"2023-11-13T16:58:41+00:00\",\"dateModified\":\"2023-11-13T16:58:44+00:00\",\"breadcrumb\":{\"@id\":\"https:\\\/\\\/fuentesfidedignas.com.mx\\\/index.php\\\/2023\\\/11\\\/13\\\/hallan-muerto-al-magistrade-ociel-baena-en-su-casa-de-aguascalientes\\\/#breadcrumb\"},\"inLanguage\":\"es\",\"potentialAction\":[{\"@type\":\"ReadAction\",\"target\":[\"https:\\\/\\\/fuentesfidedignas.com.mx\\\/index.php\\\/2023\\\/11\\\/13\\\/hallan-muerto-al-magistrade-ociel-baena-en-su-casa-de-aguascalientes\\\/\"]}]},{\"@type\":\"ImageObject\",\"inLanguage\":\"es\",\"@id\":\"https:\\\/\\\/fuentesfidedignas.com.mx\\\/index.php\\\/2023\\\/11\\\/13\\\/hallan-muerto-al-magistrade-ociel-baena-en-su-casa-de-aguascalientes\\\/#primaryimage\",\"url\":\"https:\\\/\\\/fuentesfidedignas.com.mx\\\/wp-content\\\/uploads\\\/2023\\\/11\\\/magistrade-ociel-baena.jpg\",\"contentUrl\":\"https:\\\/\\\/fuentesfidedignas.com.mx\\\/wp-content\\\/uploads\\\/2023\\\/11\\\/magistrade-ociel-baena.jpg\",\"width\":1200,\"height\":675},{\"@type\":\"BreadcrumbList\",\"@id\":\"https:\\\/\\\/fuentesfidedignas.com.mx\\\/index.php\\\/2023\\\/11\\\/13\\\/hallan-muerto-al-magistrade-ociel-baena-en-su-casa-de-aguascalientes\\\/#breadcrumb\",\"itemListElement\":[{\"@type\":\"ListItem\",\"position\":1,\"name\":\"Inicio\",\"item\":\"https:\\\/\\\/fuentesfidedignas.com.mx\\\/\"},{\"@type\":\"ListItem\",\"position\":2,\"name\":\"Hallan muerto al \u201cmagistrade\u201d Ociel Baena en su casa de Aguascalientes\"}]},{\"@type\":\"WebSite\",\"@id\":\"https:\\\/\\\/fuentesfidedignas.com.mx\\\/#website\",\"url\":\"https:\\\/\\\/fuentesfidedignas.com.mx\\\/\",\"name\":\"Fuentes Fidedignas\",\"description\":\"Otro sitio realizado con WordPress\",\"publisher\":{\"@id\":\"https:\\\/\\\/fuentesfidedignas.com.mx\\\/#organization\"},\"potentialAction\":[{\"@type\":\"SearchAction\",\"target\":{\"@type\":\"EntryPoint\",\"urlTemplate\":\"https:\\\/\\\/fuentesfidedignas.com.mx\\\/?s={search_term_string}\"},\"query-input\":{\"@type\":\"PropertyValueSpecification\",\"valueRequired\":true,\"valueName\":\"search_term_string\"}}],\"inLanguage\":\"es\"},{\"@type\":\"Organization\",\"@id\":\"https:\\\/\\\/fuentesfidedignas.com.mx\\\/#organization\",\"name\":\"Fuentes Fidedignas\",\"url\":\"https:\\\/\\\/fuentesfidedignas.com.mx\\\/\",\"logo\":{\"@type\":\"ImageObject\",\"inLanguage\":\"es\",\"@id\":\"https:\\\/\\\/fuentesfidedignas.com.mx\\\/#\\\/schema\\\/logo\\\/image\\\/\",\"url\":\"https:\\\/\\\/fuentesfidedignas.com.mx\\\/wp-content\\\/uploads\\\/2021\\\/04\\\/logo-retina.png\",\"contentUrl\":\"https:\\\/\\\/fuentesfidedignas.com.mx\\\/wp-content\\\/uploads\\\/2021\\\/04\\\/logo-retina.png\",\"width\":280,\"height\":51,\"caption\":\"Fuentes Fidedignas\"},\"image\":{\"@id\":\"https:\\\/\\\/fuentesfidedignas.com.mx\\\/#\\\/schema\\\/logo\\\/image\\\/\"},\"sameAs\":[\"https:\\\/\\\/www.facebook.com\\\/Fuentes-Fidedignas-368234489921644\",\"https:\\\/\\\/x.com\\\/fidedignas\"]},{\"@type\":\"Person\",\"@id\":\"https:\\\/\\\/fuentesfidedignas.com.mx\\\/#\\\/schema\\\/person\\\/67d852f0557c8509146a4b9ddebd543a\",\"name\":\"L\u00f3pez D\u00f3riga\",\"image\":{\"@type\":\"ImageObject\",\"inLanguage\":\"es\",\"@id\":\"https:\\\/\\\/secure.gravatar.com\\\/avatar\\\/e525b06574ca18b33cded59dfe5778d6c823b9513154eff47da551b0551bdd1e?s=96&d=mm&r=g\",\"url\":\"https:\\\/\\\/secure.gravatar.com\\\/avatar\\\/e525b06574ca18b33cded59dfe5778d6c823b9513154eff47da551b0551bdd1e?s=96&d=mm&r=g\",\"contentUrl\":\"https:\\\/\\\/secure.gravatar.com\\\/avatar\\\/e525b06574ca18b33cded59dfe5778d6c823b9513154eff47da551b0551bdd1e?s=96&d=mm&r=g\",\"caption\":\"L\u00f3pez D\u00f3riga\"},\"url\":\"https:\\\/\\\/fuentesfidedignas.com.mx\\\/index.php\\\/author\\\/doriga\\\/\"}]}<\/script>\n<!-- \/ Yoast SEO plugin. -->","yoast_head_json":{"title":"Hallan muerto al \u201cmagistrade\u201d Ociel Baena en su casa de Aguascalientes - Fuentes Fidedignas","robots":{"index":"index","follow":"follow","max-snippet":"max-snippet:-1","max-image-preview":"max-image-preview:large","max-video-preview":"max-video-preview:-1"},"canonical":"https:\/\/fuentesfidedignas.com.mx\/index.php\/2023\/11\/13\/hallan-muerto-al-magistrade-ociel-baena-en-su-casa-de-aguascalientes\/","og_locale":"es_MX","og_type":"article","og_title":"Hallan muerto al \u201cmagistrade\u201d Ociel Baena en su casa de Aguascalientes - Fuentes Fidedignas","og_description":"Fue encontrado muerto junto a su pareja sentimental al interior de su domicilio Aguascalientes. El denominado \u201cmagistrade\u201d del Tribunal Electoral del Estado de Aguascalientes,\u00a0Jes\u00fas Ociel Baena Saucedo, fue hallado\u00a0muerto\u00a0al interior de su\u00a0domicilio. Su cuerpo estaba al interior de su\u00a0departamento\u00a0ubicado en el municipio de\u00a0Jes\u00fas Mar\u00eda. Autoridades se movilizaron al&nbsp;fraccionamiento Punta del Carmen&nbsp;del complejo Punta del Cielo. [&hellip;]","og_url":"https:\/\/fuentesfidedignas.com.mx\/index.php\/2023\/11\/13\/hallan-muerto-al-magistrade-ociel-baena-en-su-casa-de-aguascalientes\/","og_site_name":"Fuentes Fidedignas","article_publisher":"https:\/\/www.facebook.com\/Fuentes-Fidedignas-368234489921644","article_published_time":"2023-11-13T16:58:41+00:00","article_modified_time":"2023-11-13T16:58:44+00:00","og_image":[{"width":1200,"height":675,"url":"https:\/\/fuentesfidedignas.com.mx\/wp-content\/uploads\/2023\/11\/magistrade-ociel-baena.jpg","type":"image\/jpeg"}],"author":"L\u00f3pez D\u00f3riga","twitter_card":"summary_large_image","twitter_creator":"@fidedignas","twitter_site":"@fidedignas","twitter_misc":{"Escrito por":"L\u00f3pez D\u00f3riga","Tiempo de lectura":"2 minutos"},"schema":{"@context":"https:\/\/schema.org","@graph":[{"@type":"Article","@id":"https:\/\/fuentesfidedignas.com.mx\/index.php\/2023\/11\/13\/hallan-muerto-al-magistrade-ociel-baena-en-su-casa-de-aguascalientes\/#article","isPartOf":{"@id":"https:\/\/fuentesfidedignas.com.mx\/index.php\/2023\/11\/13\/hallan-muerto-al-magistrade-ociel-baena-en-su-casa-de-aguascalientes\/"},"author":{"name":"L\u00f3pez D\u00f3riga","@id":"https:\/\/fuentesfidedignas.com.mx\/#\/schema\/person\/67d852f0557c8509146a4b9ddebd543a"},"headline":"Hallan muerto al \u201cmagistrade\u201d Ociel Baena en su casa de Aguascalientes","datePublished":"2023-11-13T16:58:41+00:00","dateModified":"2023-11-13T16:58:44+00:00","mainEntityOfPage":{"@id":"https:\/\/fuentesfidedignas.com.mx\/index.php\/2023\/11\/13\/hallan-muerto-al-magistrade-ociel-baena-en-su-casa-de-aguascalientes\/"},"wordCount":315,"commentCount":0,"publisher":{"@id":"https:\/\/fuentesfidedignas.com.mx\/#organization"},"image":{"@id":"https:\/\/fuentesfidedignas.com.mx\/index.php\/2023\/11\/13\/hallan-muerto-al-magistrade-ociel-baena-en-su-casa-de-aguascalientes\/#primaryimage"},"thumbnailUrl":"https:\/\/fuentesfidedignas.com.mx\/wp-content\/uploads\/2023\/11\/magistrade-ociel-baena.jpg","articleSection":["NOTICIAS NACIONALES"],"inLanguage":"es","potentialAction":[{"@type":"CommentAction","name":"Comment","target":["https:\/\/fuentesfidedignas.com.mx\/index.php\/2023\/11\/13\/hallan-muerto-al-magistrade-ociel-baena-en-su-casa-de-aguascalientes\/#respond"]}]},{"@type":"WebPage","@id":"https:\/\/fuentesfidedignas.com.mx\/index.php\/2023\/11\/13\/hallan-muerto-al-magistrade-ociel-baena-en-su-casa-de-aguascalientes\/","url":"https:\/\/fuentesfidedignas.com.mx\/index.php\/2023\/11\/13\/hallan-muerto-al-magistrade-ociel-baena-en-su-casa-de-aguascalientes\/","name":"Hallan muerto al \u201cmagistrade\u201d Ociel Baena en su casa de Aguascalientes - Fuentes Fidedignas","isPartOf":{"@id":"https:\/\/fuentesfidedignas.com.mx\/#website"},"primaryImageOfPage":{"@id":"https:\/\/fuentesfidedignas.com.mx\/index.php\/2023\/11\/13\/hallan-muerto-al-magistrade-ociel-baena-en-su-casa-de-aguascalientes\/#primaryimage"},"image":{"@id":"https:\/\/fuentesfidedignas.com.mx\/index.php\/2023\/11\/13\/hallan-muerto-al-magistrade-ociel-baena-en-su-casa-de-aguascalientes\/#primaryimage"},"thumbnailUrl":"https:\/\/fuentesfidedignas.com.mx\/wp-content\/uploads\/2023\/11\/magistrade-ociel-baena.jpg","datePublished":"2023-11-13T16:58:41+00:00","dateModified":"2023-11-13T16:58:44+00:00","breadcrumb":{"@id":"https:\/\/fuentesfidedignas.com.mx\/index.php\/2023\/11\/13\/hallan-muerto-al-magistrade-ociel-baena-en-su-casa-de-aguascalientes\/#breadcrumb"},"inLanguage":"es","potentialAction":[{"@type":"ReadAction","target":["https:\/\/fuentesfidedignas.com.mx\/index.php\/2023\/11\/13\/hallan-muerto-al-magistrade-ociel-baena-en-su-casa-de-aguascalientes\/"]}]},{"@type":"ImageObject","inLanguage":"es","@id":"https:\/\/fuentesfidedignas.com.mx\/index.php\/2023\/11\/13\/hallan-muerto-al-magistrade-ociel-baena-en-su-casa-de-aguascalientes\/#primaryimage","url":"https:\/\/fuentesfidedignas.com.mx\/wp-content\/uploads\/2023\/11\/magistrade-ociel-baena.jpg","contentUrl":"https:\/\/fuentesfidedignas.com.mx\/wp-content\/uploads\/2023\/11\/magistrade-ociel-baena.jpg","width":1200,"height":675},{"@type":"BreadcrumbList","@id":"https:\/\/fuentesfidedignas.com.mx\/index.php\/2023\/11\/13\/hallan-muerto-al-magistrade-ociel-baena-en-su-casa-de-aguascalientes\/#breadcrumb","itemListElement":[{"@type":"ListItem","position":1,"name":"Inicio","item":"https:\/\/fuentesfidedignas.com.mx\/"},{"@type":"ListItem","position":2,"name":"Hallan muerto al \u201cmagistrade\u201d Ociel Baena en su casa de Aguascalientes"}]},{"@type":"WebSite","@id":"https:\/\/fuentesfidedignas.com.mx\/#website","url":"https:\/\/fuentesfidedignas.com.mx\/","name":"Fuentes Fidedignas","description":"Otro sitio realizado con WordPress","publisher":{"@id":"https:\/\/fuentesfidedignas.com.mx\/#organization"},"potentialAction":[{"@type":"SearchAction","target":{"@type":"EntryPoint","urlTemplate":"https:\/\/fuentesfidedignas.com.mx\/?s={search_term_string}"},"query-input":{"@type":"PropertyValueSpecification","valueRequired":true,"valueName":"search_term_string"}}],"inLanguage":"es"},{"@type":"Organization","@id":"https:\/\/fuentesfidedignas.com.mx\/#organization","name":"Fuentes Fidedignas","url":"https:\/\/fuentesfidedignas.com.mx\/","logo":{"@type":"ImageObject","inLanguage":"es","@id":"https:\/\/fuentesfidedignas.com.mx\/#\/schema\/logo\/image\/","url":"https:\/\/fuentesfidedignas.com.mx\/wp-content\/uploads\/2021\/04\/logo-retina.png","contentUrl":"https:\/\/fuentesfidedignas.com.mx\/wp-content\/uploads\/2021\/04\/logo-retina.png","width":280,"height":51,"caption":"Fuentes Fidedignas"},"image":{"@id":"https:\/\/fuentesfidedignas.com.mx\/#\/schema\/logo\/image\/"},"sameAs":["https:\/\/www.facebook.com\/Fuentes-Fidedignas-368234489921644","https:\/\/x.com\/fidedignas"]},{"@type":"Person","@id":"https:\/\/fuentesfidedignas.com.mx\/#\/schema\/person\/67d852f0557c8509146a4b9ddebd543a","name":"L\u00f3pez D\u00f3riga","image":{"@type":"ImageObject","inLanguage":"es","@id":"https:\/\/secure.gravatar.com\/avatar\/e525b06574ca18b33cded59dfe5778d6c823b9513154eff47da551b0551bdd1e?s=96&d=mm&r=g","url":"https:\/\/secure.gravatar.com\/avatar\/e525b06574ca18b33cded59dfe5778d6c823b9513154eff47da551b0551bdd1e?s=96&d=mm&r=g","contentUrl":"https:\/\/secure.gravatar.com\/avatar\/e525b06574ca18b33cded59dfe5778d6c823b9513154eff47da551b0551bdd1e?s=96&d=mm&r=g","caption":"L\u00f3pez D\u00f3riga"},"url":"https:\/\/fuentesfidedignas.com.mx\/index.php\/author\/doriga\/"}]}},"_links":{"self":[{"href":"https:\/\/fuentesfidedignas.com.mx\/index.php\/wp-json\/wp\/v2\/posts\/65565","targetHints":{"allow":["GET"]}}],"collection":[{"href":"https:\/\/fuentesfidedignas.com.mx\/index.php\/wp-json\/wp\/v2\/posts"}],"about":[{"href":"https:\/\/fuentesfidedignas.com.mx\/index.php\/wp-json\/wp\/v2\/types\/post"}],"author":[{"embeddable":true,"href":"https:\/\/fuentesfidedignas.com.mx\/index.php\/wp-json\/wp\/v2\/users\/47"}],"replies":[{"embeddable":true,"href":"https:\/\/fuentesfidedignas.com.mx\/index.php\/wp-json\/wp\/v2\/comments?post=65565"}],"version-history":[{"count":1,"href":"https:\/\/fuentesfidedignas.com.mx\/index.php\/wp-json\/wp\/v2\/posts\/65565\/revisions"}],"predecessor-version":[{"id":65567,"href":"https:\/\/fuentesfidedignas.com.mx\/index.php\/wp-json\/wp\/v2\/posts\/65565\/revisions\/65567"}],"wp:featuredmedia":[{"embeddable":true,"href":"https:\/\/fuentesfidedignas.com.mx\/index.php\/wp-json\/wp\/v2\/media\/65566"}],"wp:attachment":[{"href":"https:\/\/fuentesfidedignas.com.mx\/index.php\/wp-json\/wp\/v2\/media?parent=65565"}],"wp:term":[{"taxonomy":"category","embeddable":true,"href":"https:\/\/fuentesfidedignas.com.mx\/index.php\/wp-json\/wp\/v2\/categories?post=65565"},{"taxonomy":"post_tag","embeddable":true,"href":"https:\/\/fuentesfidedignas.com.mx\/index.php\/wp-json\/wp\/v2\/tags?post=65565"}],"curies":[{"name":"wp","href":"https:\/\/api.w.org\/{rel}","templated":true}]}}