{"id":65328,"date":"2023-11-10T10:52:28","date_gmt":"2023-11-10T17:52:28","guid":{"rendered":"https:\/\/fuentesfidedignas.com.mx\/?p=65328"},"modified":"2023-11-10T10:52:30","modified_gmt":"2023-11-10T17:52:30","slug":"fiesta-en-el-garmendia-el-mercado-cumple-su-107-aniversario","status":"publish","type":"post","link":"https:\/\/fuentesfidedignas.com.mx\/index.php\/2023\/11\/10\/fiesta-en-el-garmendia-el-mercado-cumple-su-107-aniversario\/","title":{"rendered":"\u00a1Fiesta en el Garmendia! El mercado cumple su 107 Aniversario"},"content":{"rendered":"\n<p><\/p>\n\n\n\n<p>Culiac\u00e1n, Sin.- Para celebrar el 107 Aniversario de la Fundaci\u00f3n del Mercado Municipal \u201cGral. Gustavo Garmendia\u201d y el 49 Aniversario de la Uni\u00f3n de Locatarios, a lo largo del d\u00eda de hoy, se llevar\u00e1n a cabo diversos eventos en la calle Rub\u00ed, entre \u00c1ngel Flores e Hidalgo.<\/p>\n\n\n\n<figure class=\"wp-block-image size-large\"><img decoding=\"async\" width=\"1024\" height=\"683\" src=\"https:\/\/fuentesfidedignas.com.mx\/wp-content\/uploads\/2023\/11\/IMG-20231110-WA0017-1024x683.jpg\" alt=\"\" class=\"wp-image-65329\" srcset=\"https:\/\/fuentesfidedignas.com.mx\/wp-content\/uploads\/2023\/11\/IMG-20231110-WA0017-1024x683.jpg 1024w, https:\/\/fuentesfidedignas.com.mx\/wp-content\/uploads\/2023\/11\/IMG-20231110-WA0017-300x200.jpg 300w, https:\/\/fuentesfidedignas.com.mx\/wp-content\/uploads\/2023\/11\/IMG-20231110-WA0017-768x512.jpg 768w, https:\/\/fuentesfidedignas.com.mx\/wp-content\/uploads\/2023\/11\/IMG-20231110-WA0017-1536x1024.jpg 1536w, https:\/\/fuentesfidedignas.com.mx\/wp-content\/uploads\/2023\/11\/IMG-20231110-WA0017-2048x1366.jpg 2048w, https:\/\/fuentesfidedignas.com.mx\/wp-content\/uploads\/2023\/11\/IMG-20231110-WA0017-696x464.jpg 696w, https:\/\/fuentesfidedignas.com.mx\/wp-content\/uploads\/2023\/11\/IMG-20231110-WA0017-1068x712.jpg 1068w, https:\/\/fuentesfidedignas.com.mx\/wp-content\/uploads\/2023\/11\/IMG-20231110-WA0017-1920x1280.jpg 1920w, https:\/\/fuentesfidedignas.com.mx\/wp-content\/uploads\/2023\/11\/IMG-20231110-WA0017-630x420.jpg 630w\" sizes=\"(max-width: 1024px) 100vw, 1024px\" \/><\/figure>\n\n\n\n<p>Para iniciar el d\u00eda, el alcalde Juan de Dios G\u00e1mez Mend\u00edvil recorri\u00f3 al son de la tambora sinaloense las instalaciones de este emblem\u00e1tico espacio de Culiac\u00e1n, donde aprovech\u00f3 la ocasi\u00f3n para saludar a los comerciantes y escuchar algunas de las propuestas de mejora, que ellos, quienes viven cada d\u00eda el vaiv\u00e9n del Garmendia son los m\u00e1s indicados para expresar.<\/p>\n\n\n\n<figure class=\"wp-block-gallery has-nested-images columns-default is-cropped wp-block-gallery-1 is-layout-flex wp-block-gallery-is-layout-flex\">\n<figure class=\"wp-block-image size-large\"><img decoding=\"async\" width=\"1024\" height=\"683\" data-id=\"65330\" src=\"https:\/\/fuentesfidedignas.com.mx\/wp-content\/uploads\/2023\/11\/IMG-20231110-WA0027-1024x683.jpg\" alt=\"\" class=\"wp-image-65330\" srcset=\"https:\/\/fuentesfidedignas.com.mx\/wp-content\/uploads\/2023\/11\/IMG-20231110-WA0027-1024x683.jpg 1024w, https:\/\/fuentesfidedignas.com.mx\/wp-content\/uploads\/2023\/11\/IMG-20231110-WA0027-300x200.jpg 300w, https:\/\/fuentesfidedignas.com.mx\/wp-content\/uploads\/2023\/11\/IMG-20231110-WA0027-768x512.jpg 768w, https:\/\/fuentesfidedignas.com.mx\/wp-content\/uploads\/2023\/11\/IMG-20231110-WA0027-1536x1024.jpg 1536w, https:\/\/fuentesfidedignas.com.mx\/wp-content\/uploads\/2023\/11\/IMG-20231110-WA0027-2048x1366.jpg 2048w, https:\/\/fuentesfidedignas.com.mx\/wp-content\/uploads\/2023\/11\/IMG-20231110-WA0027-696x464.jpg 696w, https:\/\/fuentesfidedignas.com.mx\/wp-content\/uploads\/2023\/11\/IMG-20231110-WA0027-1068x712.jpg 1068w, https:\/\/fuentesfidedignas.com.mx\/wp-content\/uploads\/2023\/11\/IMG-20231110-WA0027-1920x1280.jpg 1920w, https:\/\/fuentesfidedignas.com.mx\/wp-content\/uploads\/2023\/11\/IMG-20231110-WA0027-630x420.jpg 630w\" sizes=\"(max-width: 1024px) 100vw, 1024px\" \/><\/figure>\n<\/figure>\n\n\n\n<p>En este sentido, G\u00e1mez Mend\u00edvil, enfatiz\u00f3 la importancia que este recinto tiene para Culiac\u00e1n tanto por su recorrido hist\u00f3rico como por su folclor popular y su esplendor arquitect\u00f3nico, adem\u00e1s manifest\u00f3 su felicidad por compartir con los locatarios este d\u00eda tan especial para todos.<\/p>\n\n\n\n<p><strong>\u201cA nosotros realmente nos emociona y nos motiva hacer este recorrido y acompa\u00f1arlos en este festejo porque ah\u00ed te das cuenta lo que esto significa para muchas familias de Culiac\u00e1n y para su diversidad cultural\u201d,<\/strong> expres\u00f3.<\/p>\n\n\n\n<figure class=\"wp-block-gallery has-nested-images columns-default is-cropped wp-block-gallery-2 is-layout-flex wp-block-gallery-is-layout-flex\">\n<figure class=\"wp-block-image size-large\"><img decoding=\"async\" width=\"1024\" height=\"683\" data-id=\"65331\" src=\"https:\/\/fuentesfidedignas.com.mx\/wp-content\/uploads\/2023\/11\/IMG-20231110-WA0021-1024x683.jpg\" alt=\"\" class=\"wp-image-65331\" srcset=\"https:\/\/fuentesfidedignas.com.mx\/wp-content\/uploads\/2023\/11\/IMG-20231110-WA0021-1024x683.jpg 1024w, https:\/\/fuentesfidedignas.com.mx\/wp-content\/uploads\/2023\/11\/IMG-20231110-WA0021-300x200.jpg 300w, https:\/\/fuentesfidedignas.com.mx\/wp-content\/uploads\/2023\/11\/IMG-20231110-WA0021-768x512.jpg 768w, https:\/\/fuentesfidedignas.com.mx\/wp-content\/uploads\/2023\/11\/IMG-20231110-WA0021-1536x1024.jpg 1536w, https:\/\/fuentesfidedignas.com.mx\/wp-content\/uploads\/2023\/11\/IMG-20231110-WA0021-2048x1366.jpg 2048w, https:\/\/fuentesfidedignas.com.mx\/wp-content\/uploads\/2023\/11\/IMG-20231110-WA0021-696x464.jpg 696w, https:\/\/fuentesfidedignas.com.mx\/wp-content\/uploads\/2023\/11\/IMG-20231110-WA0021-1068x712.jpg 1068w, https:\/\/fuentesfidedignas.com.mx\/wp-content\/uploads\/2023\/11\/IMG-20231110-WA0021-1920x1280.jpg 1920w, https:\/\/fuentesfidedignas.com.mx\/wp-content\/uploads\/2023\/11\/IMG-20231110-WA0021-630x420.jpg 630w\" sizes=\"(max-width: 1024px) 100vw, 1024px\" \/><\/figure>\n\n\n\n<figure class=\"wp-block-image size-large\"><img decoding=\"async\" width=\"1024\" height=\"683\" data-id=\"65332\" src=\"https:\/\/fuentesfidedignas.com.mx\/wp-content\/uploads\/2023\/11\/IMG-20231110-WA0023-1024x683.jpg\" alt=\"\" class=\"wp-image-65332\" srcset=\"https:\/\/fuentesfidedignas.com.mx\/wp-content\/uploads\/2023\/11\/IMG-20231110-WA0023-1024x683.jpg 1024w, https:\/\/fuentesfidedignas.com.mx\/wp-content\/uploads\/2023\/11\/IMG-20231110-WA0023-300x200.jpg 300w, https:\/\/fuentesfidedignas.com.mx\/wp-content\/uploads\/2023\/11\/IMG-20231110-WA0023-768x512.jpg 768w, https:\/\/fuentesfidedignas.com.mx\/wp-content\/uploads\/2023\/11\/IMG-20231110-WA0023-1536x1024.jpg 1536w, https:\/\/fuentesfidedignas.com.mx\/wp-content\/uploads\/2023\/11\/IMG-20231110-WA0023-2048x1366.jpg 2048w, https:\/\/fuentesfidedignas.com.mx\/wp-content\/uploads\/2023\/11\/IMG-20231110-WA0023-696x464.jpg 696w, https:\/\/fuentesfidedignas.com.mx\/wp-content\/uploads\/2023\/11\/IMG-20231110-WA0023-1068x712.jpg 1068w, https:\/\/fuentesfidedignas.com.mx\/wp-content\/uploads\/2023\/11\/IMG-20231110-WA0023-1920x1280.jpg 1920w, https:\/\/fuentesfidedignas.com.mx\/wp-content\/uploads\/2023\/11\/IMG-20231110-WA0023-630x420.jpg 630w\" sizes=\"(max-width: 1024px) 100vw, 1024px\" \/><\/figure>\n\n\n\n<figure class=\"wp-block-image size-large\"><img decoding=\"async\" width=\"1024\" height=\"683\" data-id=\"65334\" src=\"https:\/\/fuentesfidedignas.com.mx\/wp-content\/uploads\/2023\/11\/IMG-20231110-WA0025-1024x683.jpg\" alt=\"\" class=\"wp-image-65334\" srcset=\"https:\/\/fuentesfidedignas.com.mx\/wp-content\/uploads\/2023\/11\/IMG-20231110-WA0025-1024x683.jpg 1024w, https:\/\/fuentesfidedignas.com.mx\/wp-content\/uploads\/2023\/11\/IMG-20231110-WA0025-300x200.jpg 300w, https:\/\/fuentesfidedignas.com.mx\/wp-content\/uploads\/2023\/11\/IMG-20231110-WA0025-768x512.jpg 768w, https:\/\/fuentesfidedignas.com.mx\/wp-content\/uploads\/2023\/11\/IMG-20231110-WA0025-1536x1024.jpg 1536w, https:\/\/fuentesfidedignas.com.mx\/wp-content\/uploads\/2023\/11\/IMG-20231110-WA0025-2048x1366.jpg 2048w, https:\/\/fuentesfidedignas.com.mx\/wp-content\/uploads\/2023\/11\/IMG-20231110-WA0025-696x464.jpg 696w, https:\/\/fuentesfidedignas.com.mx\/wp-content\/uploads\/2023\/11\/IMG-20231110-WA0025-1068x712.jpg 1068w, https:\/\/fuentesfidedignas.com.mx\/wp-content\/uploads\/2023\/11\/IMG-20231110-WA0025-1920x1280.jpg 1920w, https:\/\/fuentesfidedignas.com.mx\/wp-content\/uploads\/2023\/11\/IMG-20231110-WA0025-630x420.jpg 630w\" sizes=\"(max-width: 1024px) 100vw, 1024px\" \/><\/figure>\n\n\n\n<figure class=\"wp-block-image size-large\"><img decoding=\"async\" width=\"1024\" height=\"683\" data-id=\"65333\" src=\"https:\/\/fuentesfidedignas.com.mx\/wp-content\/uploads\/2023\/11\/IMG-20231110-WA0019-1024x683.jpg\" alt=\"\" class=\"wp-image-65333\" srcset=\"https:\/\/fuentesfidedignas.com.mx\/wp-content\/uploads\/2023\/11\/IMG-20231110-WA0019-1024x683.jpg 1024w, https:\/\/fuentesfidedignas.com.mx\/wp-content\/uploads\/2023\/11\/IMG-20231110-WA0019-300x200.jpg 300w, https:\/\/fuentesfidedignas.com.mx\/wp-content\/uploads\/2023\/11\/IMG-20231110-WA0019-768x512.jpg 768w, https:\/\/fuentesfidedignas.com.mx\/wp-content\/uploads\/2023\/11\/IMG-20231110-WA0019-1536x1024.jpg 1536w, https:\/\/fuentesfidedignas.com.mx\/wp-content\/uploads\/2023\/11\/IMG-20231110-WA0019-2048x1366.jpg 2048w, https:\/\/fuentesfidedignas.com.mx\/wp-content\/uploads\/2023\/11\/IMG-20231110-WA0019-696x464.jpg 696w, https:\/\/fuentesfidedignas.com.mx\/wp-content\/uploads\/2023\/11\/IMG-20231110-WA0019-1068x712.jpg 1068w, https:\/\/fuentesfidedignas.com.mx\/wp-content\/uploads\/2023\/11\/IMG-20231110-WA0019-1920x1280.jpg 1920w, https:\/\/fuentesfidedignas.com.mx\/wp-content\/uploads\/2023\/11\/IMG-20231110-WA0019-630x420.jpg 630w\" sizes=\"(max-width: 1024px) 100vw, 1024px\" \/><\/figure>\n<\/figure>\n\n\n\n<p>Posterior a ello, se realiz\u00f3 la partida del tradicional pastel de aniversario, mismo que con un excelente sabor, fue degustado por los asistentes al evento.<\/p>\n\n\n\n<p>Durante el recorrido estuvieron presentes la s\u00edndica procuradora, mar\u00eda del Rosario Valdez P\u00e1ez; la secretaria de Desarrollo Econ\u00f3mico, Janet Faviola Tostado Noriega; el director del Instituto Municipal de Cultura Culiac\u00e1n, Adolfo Plata Guzm\u00e1n; algunos integrantes del cuerpo de regidores; entre otras personalidades.<\/p>\n\n\n\n<p>Los festejos continuar\u00e1n desarroll\u00e1ndose a lo largo del d\u00eda, con m\u00e1s presentaciones de grupos musicales locales, show de payasos, algunas rifas y, entretenimiento para toda la familia en el templete colocado en las afueras de este representativo edificio hist\u00f3rico.<\/p>\n","protected":false},"excerpt":{"rendered":"<p>Culiac\u00e1n, Sin.- Para celebrar el 107 Aniversario de la Fundaci\u00f3n del Mercado Municipal \u201cGral. Gustavo Garmendia\u201d y el 49 Aniversario de la Uni\u00f3n de Locatarios, a lo largo del d\u00eda de hoy, se llevar\u00e1n a cabo diversos eventos en la calle Rub\u00ed, entre \u00c1ngel Flores e Hidalgo. Para iniciar el d\u00eda, el alcalde Juan de [&hellip;]<\/p>\n","protected":false},"author":4,"featured_media":65335,"comment_status":"open","ping_status":"open","sticky":false,"template":"","format":"standard","meta":{"tdm_status":"","tdm_grid_status":"","footnotes":""},"categories":[37],"tags":[],"class_list":{"0":"post-65328","1":"post","2":"type-post","3":"status-publish","4":"format-standard","5":"has-post-thumbnail","7":"category-nota-principal"},"yoast_head":"<!-- This site is optimized with the Yoast SEO plugin v27.5 - https:\/\/yoast.com\/product\/yoast-seo-wordpress\/ -->\n<title>\u00a1Fiesta en el Garmendia! El mercado cumple su 107 Aniversario - Fuentes Fidedignas<\/title>\n<meta name=\"robots\" content=\"index, follow, max-snippet:-1, max-image-preview:large, max-video-preview:-1\" \/>\n<link rel=\"canonical\" href=\"https:\/\/fuentesfidedignas.com.mx\/index.php\/2023\/11\/10\/fiesta-en-el-garmendia-el-mercado-cumple-su-107-aniversario\/\" \/>\n<meta property=\"og:locale\" content=\"es_MX\" \/>\n<meta property=\"og:type\" content=\"article\" \/>\n<meta property=\"og:title\" content=\"\u00a1Fiesta en el Garmendia! El mercado cumple su 107 Aniversario - Fuentes Fidedignas\" \/>\n<meta property=\"og:description\" content=\"Culiac\u00e1n, Sin.- Para celebrar el 107 Aniversario de la Fundaci\u00f3n del Mercado Municipal \u201cGral. Gustavo Garmendia\u201d y el 49 Aniversario de la Uni\u00f3n de Locatarios, a lo largo del d\u00eda de hoy, se llevar\u00e1n a cabo diversos eventos en la calle Rub\u00ed, entre \u00c1ngel Flores e Hidalgo. Para iniciar el d\u00eda, el alcalde Juan de [&hellip;]\" \/>\n<meta property=\"og:url\" content=\"https:\/\/fuentesfidedignas.com.mx\/index.php\/2023\/11\/10\/fiesta-en-el-garmendia-el-mercado-cumple-su-107-aniversario\/\" \/>\n<meta property=\"og:site_name\" content=\"Fuentes Fidedignas\" \/>\n<meta property=\"article:publisher\" content=\"https:\/\/www.facebook.com\/Fuentes-Fidedignas-368234489921644\" \/>\n<meta property=\"article:published_time\" content=\"2023-11-10T17:52:28+00:00\" \/>\n<meta property=\"article:modified_time\" content=\"2023-11-10T17:52:30+00:00\" \/>\n<meta property=\"og:image\" content=\"https:\/\/fuentesfidedignas.com.mx\/wp-content\/uploads\/2023\/11\/IMG-20231110-WA0015-scaled.jpg\" \/>\n\t<meta property=\"og:image:width\" content=\"2560\" \/>\n\t<meta property=\"og:image:height\" content=\"1707\" \/>\n\t<meta property=\"og:image:type\" content=\"image\/jpeg\" \/>\n<meta name=\"author\" content=\"Redacci\u00f3n\" \/>\n<meta name=\"twitter:card\" content=\"summary_large_image\" \/>\n<meta name=\"twitter:creator\" content=\"@fidedignas\" \/>\n<meta name=\"twitter:site\" content=\"@fidedignas\" \/>\n<meta name=\"twitter:label1\" content=\"Escrito por\" \/>\n\t<meta name=\"twitter:data1\" content=\"Redacci\u00f3n\" \/>\n\t<meta name=\"twitter:label2\" content=\"Tiempo de lectura\" \/>\n\t<meta name=\"twitter:data2\" content=\"3 minutos\" \/>\n<script type=\"application\/ld+json\" class=\"yoast-schema-graph\">{\"@context\":\"https:\\\/\\\/schema.org\",\"@graph\":[{\"@type\":\"Article\",\"@id\":\"https:\\\/\\\/fuentesfidedignas.com.mx\\\/index.php\\\/2023\\\/11\\\/10\\\/fiesta-en-el-garmendia-el-mercado-cumple-su-107-aniversario\\\/#article\",\"isPartOf\":{\"@id\":\"https:\\\/\\\/fuentesfidedignas.com.mx\\\/index.php\\\/2023\\\/11\\\/10\\\/fiesta-en-el-garmendia-el-mercado-cumple-su-107-aniversario\\\/\"},\"author\":{\"name\":\"Redacci\u00f3n\",\"@id\":\"https:\\\/\\\/fuentesfidedignas.com.mx\\\/#\\\/schema\\\/person\\\/331be9283d37198e2acd5750279085b0\"},\"headline\":\"\u00a1Fiesta en el Garmendia! El mercado cumple su 107 Aniversario\",\"datePublished\":\"2023-11-10T17:52:28+00:00\",\"dateModified\":\"2023-11-10T17:52:30+00:00\",\"mainEntityOfPage\":{\"@id\":\"https:\\\/\\\/fuentesfidedignas.com.mx\\\/index.php\\\/2023\\\/11\\\/10\\\/fiesta-en-el-garmendia-el-mercado-cumple-su-107-aniversario\\\/\"},\"wordCount\":333,\"commentCount\":0,\"publisher\":{\"@id\":\"https:\\\/\\\/fuentesfidedignas.com.mx\\\/#organization\"},\"image\":{\"@id\":\"https:\\\/\\\/fuentesfidedignas.com.mx\\\/index.php\\\/2023\\\/11\\\/10\\\/fiesta-en-el-garmendia-el-mercado-cumple-su-107-aniversario\\\/#primaryimage\"},\"thumbnailUrl\":\"https:\\\/\\\/fuentesfidedignas.com.mx\\\/wp-content\\\/uploads\\\/2023\\\/11\\\/IMG-20231110-WA0015-scaled.jpg\",\"articleSection\":[\"NOTA PRINCIPAL\"],\"inLanguage\":\"es\",\"potentialAction\":[{\"@type\":\"CommentAction\",\"name\":\"Comment\",\"target\":[\"https:\\\/\\\/fuentesfidedignas.com.mx\\\/index.php\\\/2023\\\/11\\\/10\\\/fiesta-en-el-garmendia-el-mercado-cumple-su-107-aniversario\\\/#respond\"]}]},{\"@type\":\"WebPage\",\"@id\":\"https:\\\/\\\/fuentesfidedignas.com.mx\\\/index.php\\\/2023\\\/11\\\/10\\\/fiesta-en-el-garmendia-el-mercado-cumple-su-107-aniversario\\\/\",\"url\":\"https:\\\/\\\/fuentesfidedignas.com.mx\\\/index.php\\\/2023\\\/11\\\/10\\\/fiesta-en-el-garmendia-el-mercado-cumple-su-107-aniversario\\\/\",\"name\":\"\u00a1Fiesta en el Garmendia! El mercado cumple su 107 Aniversario - Fuentes Fidedignas\",\"isPartOf\":{\"@id\":\"https:\\\/\\\/fuentesfidedignas.com.mx\\\/#website\"},\"primaryImageOfPage\":{\"@id\":\"https:\\\/\\\/fuentesfidedignas.com.mx\\\/index.php\\\/2023\\\/11\\\/10\\\/fiesta-en-el-garmendia-el-mercado-cumple-su-107-aniversario\\\/#primaryimage\"},\"image\":{\"@id\":\"https:\\\/\\\/fuentesfidedignas.com.mx\\\/index.php\\\/2023\\\/11\\\/10\\\/fiesta-en-el-garmendia-el-mercado-cumple-su-107-aniversario\\\/#primaryimage\"},\"thumbnailUrl\":\"https:\\\/\\\/fuentesfidedignas.com.mx\\\/wp-content\\\/uploads\\\/2023\\\/11\\\/IMG-20231110-WA0015-scaled.jpg\",\"datePublished\":\"2023-11-10T17:52:28+00:00\",\"dateModified\":\"2023-11-10T17:52:30+00:00\",\"breadcrumb\":{\"@id\":\"https:\\\/\\\/fuentesfidedignas.com.mx\\\/index.php\\\/2023\\\/11\\\/10\\\/fiesta-en-el-garmendia-el-mercado-cumple-su-107-aniversario\\\/#breadcrumb\"},\"inLanguage\":\"es\",\"potentialAction\":[{\"@type\":\"ReadAction\",\"target\":[\"https:\\\/\\\/fuentesfidedignas.com.mx\\\/index.php\\\/2023\\\/11\\\/10\\\/fiesta-en-el-garmendia-el-mercado-cumple-su-107-aniversario\\\/\"]}]},{\"@type\":\"ImageObject\",\"inLanguage\":\"es\",\"@id\":\"https:\\\/\\\/fuentesfidedignas.com.mx\\\/index.php\\\/2023\\\/11\\\/10\\\/fiesta-en-el-garmendia-el-mercado-cumple-su-107-aniversario\\\/#primaryimage\",\"url\":\"https:\\\/\\\/fuentesfidedignas.com.mx\\\/wp-content\\\/uploads\\\/2023\\\/11\\\/IMG-20231110-WA0015-scaled.jpg\",\"contentUrl\":\"https:\\\/\\\/fuentesfidedignas.com.mx\\\/wp-content\\\/uploads\\\/2023\\\/11\\\/IMG-20231110-WA0015-scaled.jpg\",\"width\":2560,\"height\":1707},{\"@type\":\"BreadcrumbList\",\"@id\":\"https:\\\/\\\/fuentesfidedignas.com.mx\\\/index.php\\\/2023\\\/11\\\/10\\\/fiesta-en-el-garmendia-el-mercado-cumple-su-107-aniversario\\\/#breadcrumb\",\"itemListElement\":[{\"@type\":\"ListItem\",\"position\":1,\"name\":\"Inicio\",\"item\":\"https:\\\/\\\/fuentesfidedignas.com.mx\\\/\"},{\"@type\":\"ListItem\",\"position\":2,\"name\":\"\u00a1Fiesta en el Garmendia! El mercado cumple su 107 Aniversario\"}]},{\"@type\":\"WebSite\",\"@id\":\"https:\\\/\\\/fuentesfidedignas.com.mx\\\/#website\",\"url\":\"https:\\\/\\\/fuentesfidedignas.com.mx\\\/\",\"name\":\"Fuentes Fidedignas\",\"description\":\"Otro sitio realizado con WordPress\",\"publisher\":{\"@id\":\"https:\\\/\\\/fuentesfidedignas.com.mx\\\/#organization\"},\"potentialAction\":[{\"@type\":\"SearchAction\",\"target\":{\"@type\":\"EntryPoint\",\"urlTemplate\":\"https:\\\/\\\/fuentesfidedignas.com.mx\\\/?s={search_term_string}\"},\"query-input\":{\"@type\":\"PropertyValueSpecification\",\"valueRequired\":true,\"valueName\":\"search_term_string\"}}],\"inLanguage\":\"es\"},{\"@type\":\"Organization\",\"@id\":\"https:\\\/\\\/fuentesfidedignas.com.mx\\\/#organization\",\"name\":\"Fuentes Fidedignas\",\"url\":\"https:\\\/\\\/fuentesfidedignas.com.mx\\\/\",\"logo\":{\"@type\":\"ImageObject\",\"inLanguage\":\"es\",\"@id\":\"https:\\\/\\\/fuentesfidedignas.com.mx\\\/#\\\/schema\\\/logo\\\/image\\\/\",\"url\":\"https:\\\/\\\/fuentesfidedignas.com.mx\\\/wp-content\\\/uploads\\\/2021\\\/04\\\/logo-retina.png\",\"contentUrl\":\"https:\\\/\\\/fuentesfidedignas.com.mx\\\/wp-content\\\/uploads\\\/2021\\\/04\\\/logo-retina.png\",\"width\":280,\"height\":51,\"caption\":\"Fuentes Fidedignas\"},\"image\":{\"@id\":\"https:\\\/\\\/fuentesfidedignas.com.mx\\\/#\\\/schema\\\/logo\\\/image\\\/\"},\"sameAs\":[\"https:\\\/\\\/www.facebook.com\\\/Fuentes-Fidedignas-368234489921644\",\"https:\\\/\\\/x.com\\\/fidedignas\"]},{\"@type\":\"Person\",\"@id\":\"https:\\\/\\\/fuentesfidedignas.com.mx\\\/#\\\/schema\\\/person\\\/331be9283d37198e2acd5750279085b0\",\"name\":\"Redacci\u00f3n\",\"image\":{\"@type\":\"ImageObject\",\"inLanguage\":\"es\",\"@id\":\"https:\\\/\\\/secure.gravatar.com\\\/avatar\\\/f6d8782c11d12b2d4ad3fbb6931aeab5309937a4d6cd2fc9cfaa28a6396a5aec?s=96&d=mm&r=g\",\"url\":\"https:\\\/\\\/secure.gravatar.com\\\/avatar\\\/f6d8782c11d12b2d4ad3fbb6931aeab5309937a4d6cd2fc9cfaa28a6396a5aec?s=96&d=mm&r=g\",\"contentUrl\":\"https:\\\/\\\/secure.gravatar.com\\\/avatar\\\/f6d8782c11d12b2d4ad3fbb6931aeab5309937a4d6cd2fc9cfaa28a6396a5aec?s=96&d=mm&r=g\",\"caption\":\"Redacci\u00f3n\"},\"url\":\"https:\\\/\\\/fuentesfidedignas.com.mx\\\/index.php\\\/author\\\/redaccion\\\/\"}]}<\/script>\n<!-- \/ Yoast SEO plugin. -->","yoast_head_json":{"title":"\u00a1Fiesta en el Garmendia! El mercado cumple su 107 Aniversario - Fuentes Fidedignas","robots":{"index":"index","follow":"follow","max-snippet":"max-snippet:-1","max-image-preview":"max-image-preview:large","max-video-preview":"max-video-preview:-1"},"canonical":"https:\/\/fuentesfidedignas.com.mx\/index.php\/2023\/11\/10\/fiesta-en-el-garmendia-el-mercado-cumple-su-107-aniversario\/","og_locale":"es_MX","og_type":"article","og_title":"\u00a1Fiesta en el Garmendia! El mercado cumple su 107 Aniversario - Fuentes Fidedignas","og_description":"Culiac\u00e1n, Sin.- Para celebrar el 107 Aniversario de la Fundaci\u00f3n del Mercado Municipal \u201cGral. Gustavo Garmendia\u201d y el 49 Aniversario de la Uni\u00f3n de Locatarios, a lo largo del d\u00eda de hoy, se llevar\u00e1n a cabo diversos eventos en la calle Rub\u00ed, entre \u00c1ngel Flores e Hidalgo. Para iniciar el d\u00eda, el alcalde Juan de [&hellip;]","og_url":"https:\/\/fuentesfidedignas.com.mx\/index.php\/2023\/11\/10\/fiesta-en-el-garmendia-el-mercado-cumple-su-107-aniversario\/","og_site_name":"Fuentes Fidedignas","article_publisher":"https:\/\/www.facebook.com\/Fuentes-Fidedignas-368234489921644","article_published_time":"2023-11-10T17:52:28+00:00","article_modified_time":"2023-11-10T17:52:30+00:00","og_image":[{"width":2560,"height":1707,"url":"https:\/\/fuentesfidedignas.com.mx\/wp-content\/uploads\/2023\/11\/IMG-20231110-WA0015-scaled.jpg","type":"image\/jpeg"}],"author":"Redacci\u00f3n","twitter_card":"summary_large_image","twitter_creator":"@fidedignas","twitter_site":"@fidedignas","twitter_misc":{"Escrito por":"Redacci\u00f3n","Tiempo de lectura":"3 minutos"},"schema":{"@context":"https:\/\/schema.org","@graph":[{"@type":"Article","@id":"https:\/\/fuentesfidedignas.com.mx\/index.php\/2023\/11\/10\/fiesta-en-el-garmendia-el-mercado-cumple-su-107-aniversario\/#article","isPartOf":{"@id":"https:\/\/fuentesfidedignas.com.mx\/index.php\/2023\/11\/10\/fiesta-en-el-garmendia-el-mercado-cumple-su-107-aniversario\/"},"author":{"name":"Redacci\u00f3n","@id":"https:\/\/fuentesfidedignas.com.mx\/#\/schema\/person\/331be9283d37198e2acd5750279085b0"},"headline":"\u00a1Fiesta en el Garmendia! El mercado cumple su 107 Aniversario","datePublished":"2023-11-10T17:52:28+00:00","dateModified":"2023-11-10T17:52:30+00:00","mainEntityOfPage":{"@id":"https:\/\/fuentesfidedignas.com.mx\/index.php\/2023\/11\/10\/fiesta-en-el-garmendia-el-mercado-cumple-su-107-aniversario\/"},"wordCount":333,"commentCount":0,"publisher":{"@id":"https:\/\/fuentesfidedignas.com.mx\/#organization"},"image":{"@id":"https:\/\/fuentesfidedignas.com.mx\/index.php\/2023\/11\/10\/fiesta-en-el-garmendia-el-mercado-cumple-su-107-aniversario\/#primaryimage"},"thumbnailUrl":"https:\/\/fuentesfidedignas.com.mx\/wp-content\/uploads\/2023\/11\/IMG-20231110-WA0015-scaled.jpg","articleSection":["NOTA PRINCIPAL"],"inLanguage":"es","potentialAction":[{"@type":"CommentAction","name":"Comment","target":["https:\/\/fuentesfidedignas.com.mx\/index.php\/2023\/11\/10\/fiesta-en-el-garmendia-el-mercado-cumple-su-107-aniversario\/#respond"]}]},{"@type":"WebPage","@id":"https:\/\/fuentesfidedignas.com.mx\/index.php\/2023\/11\/10\/fiesta-en-el-garmendia-el-mercado-cumple-su-107-aniversario\/","url":"https:\/\/fuentesfidedignas.com.mx\/index.php\/2023\/11\/10\/fiesta-en-el-garmendia-el-mercado-cumple-su-107-aniversario\/","name":"\u00a1Fiesta en el Garmendia! El mercado cumple su 107 Aniversario - Fuentes Fidedignas","isPartOf":{"@id":"https:\/\/fuentesfidedignas.com.mx\/#website"},"primaryImageOfPage":{"@id":"https:\/\/fuentesfidedignas.com.mx\/index.php\/2023\/11\/10\/fiesta-en-el-garmendia-el-mercado-cumple-su-107-aniversario\/#primaryimage"},"image":{"@id":"https:\/\/fuentesfidedignas.com.mx\/index.php\/2023\/11\/10\/fiesta-en-el-garmendia-el-mercado-cumple-su-107-aniversario\/#primaryimage"},"thumbnailUrl":"https:\/\/fuentesfidedignas.com.mx\/wp-content\/uploads\/2023\/11\/IMG-20231110-WA0015-scaled.jpg","datePublished":"2023-11-10T17:52:28+00:00","dateModified":"2023-11-10T17:52:30+00:00","breadcrumb":{"@id":"https:\/\/fuentesfidedignas.com.mx\/index.php\/2023\/11\/10\/fiesta-en-el-garmendia-el-mercado-cumple-su-107-aniversario\/#breadcrumb"},"inLanguage":"es","potentialAction":[{"@type":"ReadAction","target":["https:\/\/fuentesfidedignas.com.mx\/index.php\/2023\/11\/10\/fiesta-en-el-garmendia-el-mercado-cumple-su-107-aniversario\/"]}]},{"@type":"ImageObject","inLanguage":"es","@id":"https:\/\/fuentesfidedignas.com.mx\/index.php\/2023\/11\/10\/fiesta-en-el-garmendia-el-mercado-cumple-su-107-aniversario\/#primaryimage","url":"https:\/\/fuentesfidedignas.com.mx\/wp-content\/uploads\/2023\/11\/IMG-20231110-WA0015-scaled.jpg","contentUrl":"https:\/\/fuentesfidedignas.com.mx\/wp-content\/uploads\/2023\/11\/IMG-20231110-WA0015-scaled.jpg","width":2560,"height":1707},{"@type":"BreadcrumbList","@id":"https:\/\/fuentesfidedignas.com.mx\/index.php\/2023\/11\/10\/fiesta-en-el-garmendia-el-mercado-cumple-su-107-aniversario\/#breadcrumb","itemListElement":[{"@type":"ListItem","position":1,"name":"Inicio","item":"https:\/\/fuentesfidedignas.com.mx\/"},{"@type":"ListItem","position":2,"name":"\u00a1Fiesta en el Garmendia! El mercado cumple su 107 Aniversario"}]},{"@type":"WebSite","@id":"https:\/\/fuentesfidedignas.com.mx\/#website","url":"https:\/\/fuentesfidedignas.com.mx\/","name":"Fuentes Fidedignas","description":"Otro sitio realizado con WordPress","publisher":{"@id":"https:\/\/fuentesfidedignas.com.mx\/#organization"},"potentialAction":[{"@type":"SearchAction","target":{"@type":"EntryPoint","urlTemplate":"https:\/\/fuentesfidedignas.com.mx\/?s={search_term_string}"},"query-input":{"@type":"PropertyValueSpecification","valueRequired":true,"valueName":"search_term_string"}}],"inLanguage":"es"},{"@type":"Organization","@id":"https:\/\/fuentesfidedignas.com.mx\/#organization","name":"Fuentes Fidedignas","url":"https:\/\/fuentesfidedignas.com.mx\/","logo":{"@type":"ImageObject","inLanguage":"es","@id":"https:\/\/fuentesfidedignas.com.mx\/#\/schema\/logo\/image\/","url":"https:\/\/fuentesfidedignas.com.mx\/wp-content\/uploads\/2021\/04\/logo-retina.png","contentUrl":"https:\/\/fuentesfidedignas.com.mx\/wp-content\/uploads\/2021\/04\/logo-retina.png","width":280,"height":51,"caption":"Fuentes Fidedignas"},"image":{"@id":"https:\/\/fuentesfidedignas.com.mx\/#\/schema\/logo\/image\/"},"sameAs":["https:\/\/www.facebook.com\/Fuentes-Fidedignas-368234489921644","https:\/\/x.com\/fidedignas"]},{"@type":"Person","@id":"https:\/\/fuentesfidedignas.com.mx\/#\/schema\/person\/331be9283d37198e2acd5750279085b0","name":"Redacci\u00f3n","image":{"@type":"ImageObject","inLanguage":"es","@id":"https:\/\/secure.gravatar.com\/avatar\/f6d8782c11d12b2d4ad3fbb6931aeab5309937a4d6cd2fc9cfaa28a6396a5aec?s=96&d=mm&r=g","url":"https:\/\/secure.gravatar.com\/avatar\/f6d8782c11d12b2d4ad3fbb6931aeab5309937a4d6cd2fc9cfaa28a6396a5aec?s=96&d=mm&r=g","contentUrl":"https:\/\/secure.gravatar.com\/avatar\/f6d8782c11d12b2d4ad3fbb6931aeab5309937a4d6cd2fc9cfaa28a6396a5aec?s=96&d=mm&r=g","caption":"Redacci\u00f3n"},"url":"https:\/\/fuentesfidedignas.com.mx\/index.php\/author\/redaccion\/"}]}},"_links":{"self":[{"href":"https:\/\/fuentesfidedignas.com.mx\/index.php\/wp-json\/wp\/v2\/posts\/65328","targetHints":{"allow":["GET"]}}],"collection":[{"href":"https:\/\/fuentesfidedignas.com.mx\/index.php\/wp-json\/wp\/v2\/posts"}],"about":[{"href":"https:\/\/fuentesfidedignas.com.mx\/index.php\/wp-json\/wp\/v2\/types\/post"}],"author":[{"embeddable":true,"href":"https:\/\/fuentesfidedignas.com.mx\/index.php\/wp-json\/wp\/v2\/users\/4"}],"replies":[{"embeddable":true,"href":"https:\/\/fuentesfidedignas.com.mx\/index.php\/wp-json\/wp\/v2\/comments?post=65328"}],"version-history":[{"count":1,"href":"https:\/\/fuentesfidedignas.com.mx\/index.php\/wp-json\/wp\/v2\/posts\/65328\/revisions"}],"predecessor-version":[{"id":65336,"href":"https:\/\/fuentesfidedignas.com.mx\/index.php\/wp-json\/wp\/v2\/posts\/65328\/revisions\/65336"}],"wp:featuredmedia":[{"embeddable":true,"href":"https:\/\/fuentesfidedignas.com.mx\/index.php\/wp-json\/wp\/v2\/media\/65335"}],"wp:attachment":[{"href":"https:\/\/fuentesfidedignas.com.mx\/index.php\/wp-json\/wp\/v2\/media?parent=65328"}],"wp:term":[{"taxonomy":"category","embeddable":true,"href":"https:\/\/fuentesfidedignas.com.mx\/index.php\/wp-json\/wp\/v2\/categories?post=65328"},{"taxonomy":"post_tag","embeddable":true,"href":"https:\/\/fuentesfidedignas.com.mx\/index.php\/wp-json\/wp\/v2\/tags?post=65328"}],"curies":[{"name":"wp","href":"https:\/\/api.w.org\/{rel}","templated":true}]}}