{"id":65325,"date":"2023-11-10T09:51:09","date_gmt":"2023-11-10T16:51:09","guid":{"rendered":"https:\/\/fuentesfidedignas.com.mx\/?p=65325"},"modified":"2023-11-10T09:51:11","modified_gmt":"2023-11-10T16:51:11","slug":"samuel-garcia-y-mariana-rodriguez-anuncian-gira-por-mexico-rumbo-al-2024","status":"publish","type":"post","link":"https:\/\/fuentesfidedignas.com.mx\/index.php\/2023\/11\/10\/samuel-garcia-y-mariana-rodriguez-anuncian-gira-por-mexico-rumbo-al-2024\/","title":{"rendered":"Samuel Garc\u00eda y Mariana Rodr\u00edguez anuncian gira por M\u00e9xico rumbo al 2024"},"content":{"rendered":"\n<p><strong><em><br>El gobernador de Nuevo Le\u00f3n y su esposa indicaron que recorrer\u00e1n todo el pa\u00eds como parte de su aspiraci\u00f3n a la candidatura presidencial<\/em><\/strong><\/p>\n\n\n\n<p>Nueno Le\u00f3n<strong>. Samuel Garc\u00eda Sep\u00falveda<\/strong>, gobernador de Nuevo Le\u00f3n, y su esposa,<strong>\u00a0Mariana Rodr\u00edguez<\/strong>, anunciaron que en en los pr\u00f3ximos d\u00edas iniciar\u00e1n una\u00a0<strong>gira de precampa\u00f1a\u00a0<\/strong>por todo M\u00e9xico, como parte de su aspiraci\u00f3n a sercandidato a la Presidencia de la Rep\u00fablicapor parte de Movimiento Ciudadano, en las elecciones del 2024.<\/p>\n\n\n\n<figure class=\"wp-block-embed is-type-rich is-provider-twitter wp-block-embed-twitter\"><div class=\"wp-block-embed__wrapper\">\n<blockquote class=\"twitter-tweet\" data-width=\"550\" data-dnt=\"true\"><p lang=\"es\" dir=\"ltr\">Mensaje para Nuevo Le\u00f3n\u2026 y M\u00e9xico.<a href=\"https:\/\/twitter.com\/chavacanamayor?ref_src=twsrc%5Etfw\">@chavacanamayor<\/a><a href=\"https:\/\/t.co\/9TsDgFzISQ\">https:\/\/t.co\/9TsDgFzISQ<\/a> <a href=\"https:\/\/t.co\/Xh422KLM2V\">pic.twitter.com\/Xh422KLM2V<\/a><\/p>&mdash; Samuel Garc\u00eda (@samuel_garcias) <a href=\"https:\/\/twitter.com\/samuel_garcias\/status\/1723002953550971370?ref_src=twsrc%5Etfw\">November 10, 2023<\/a><\/blockquote><script async src=\"https:\/\/platform.twitter.com\/widgets.js\" charset=\"utf-8\"><\/script>\n<\/div><\/figure>\n\n\n\n<p>En un video publicado en su cuenta de Instagram y dirigido a los habitantes de Nuevo Le\u00f3n, Garc\u00eda Sep\u00falveda explic\u00f3 cu\u00e1les sus razones para buscar la&nbsp;<strong>candidatura presidencial<\/strong>; sin embargo, asegur\u00f3 que\u201cno ha sido una decisi\u00f3n f\u00e1cil\u201d, pero la tom\u00f3 a partir del nacimiento de su hija Mariel.<\/p>\n\n\n\n<p>\u201cAl igual que ustedes, para mi lo m\u00e1s importante es mi familia, mi hija Mariel, que hoy cumple ocho meses, y por supuesto mi estado de Nuevo le\u00f3n y M\u00e9xico, no es una decisi\u00f3n f\u00e1cil, pero si muy importante.<\/p>\n\n\n\n<p>\u201cCreo firmemente que M\u00e9xico puede lograr muchas cosas, merece algo nuevo y si bien es cierto, llevo 10 a\u00f1os planeando, imaginando, modelando un nuevo Nuevo Le\u00f3n que hoy da muchos resultados, en dos a\u00f1os de gobierno lo que no se hizo en 40, pues tambi\u00e9n quiero decirles que desde que naci\u00f3 Mariel, mis ganas de mover a M\u00e9xico, de que se convierta en algo nuevo, se han triplicado\u201d, dijo.<\/p>\n\n\n\n<p>Ambos detallaron que recorrer\u00e1n todo el pa\u00eds para acercarse a la ciudadan\u00eda y dar conocer su visi\u00f3n de gobierno, afirmando que se basar\u00e1 en las familias mexicanas.<\/p>\n\n\n\n<p>\u201cVamos a iniciar una precampa\u00f1a, vamos a ir a todo M\u00e9xico a saludarlos, a contarles que queremos para el pa\u00eds, siempre pensando en ti , en tus hijos, tu familia y en un nuevo M\u00e9xico\u201d, adelant\u00f3 Samuel Garc\u00eda.<\/p>\n","protected":false},"excerpt":{"rendered":"<p>El gobernador de Nuevo Le\u00f3n y su esposa indicaron que recorrer\u00e1n todo el pa\u00eds como parte de su aspiraci\u00f3n a la candidatura presidencial Nueno Le\u00f3n. Samuel Garc\u00eda Sep\u00falveda, gobernador de Nuevo Le\u00f3n, y su esposa,\u00a0Mariana Rodr\u00edguez, anunciaron que en en los pr\u00f3ximos d\u00edas iniciar\u00e1n una\u00a0gira de precampa\u00f1a\u00a0por todo M\u00e9xico, como parte de su aspiraci\u00f3n a [&hellip;]<\/p>\n","protected":false},"author":41,"featured_media":65326,"comment_status":"open","ping_status":"open","sticky":false,"template":"","format":"standard","meta":{"tdm_status":"","tdm_grid_status":"","footnotes":""},"categories":[39],"tags":[],"class_list":{"0":"post-65325","1":"post","2":"type-post","3":"status-publish","4":"format-standard","5":"has-post-thumbnail","7":"category-noticias-nacionales"},"yoast_head":"<!-- This site is optimized with the Yoast SEO plugin v27.4 - https:\/\/yoast.com\/product\/yoast-seo-wordpress\/ -->\n<title>Samuel Garc\u00eda y Mariana Rodr\u00edguez anuncian gira por M\u00e9xico rumbo al 2024 - Fuentes Fidedignas<\/title>\n<meta name=\"robots\" content=\"index, follow, max-snippet:-1, max-image-preview:large, max-video-preview:-1\" \/>\n<link rel=\"canonical\" href=\"https:\/\/fuentesfidedignas.com.mx\/index.php\/2023\/11\/10\/samuel-garcia-y-mariana-rodriguez-anuncian-gira-por-mexico-rumbo-al-2024\/\" \/>\n<meta property=\"og:locale\" content=\"es_MX\" \/>\n<meta property=\"og:type\" content=\"article\" \/>\n<meta property=\"og:title\" content=\"Samuel Garc\u00eda y Mariana Rodr\u00edguez anuncian gira por M\u00e9xico rumbo al 2024 - Fuentes Fidedignas\" \/>\n<meta property=\"og:description\" content=\"El gobernador de Nuevo Le\u00f3n y su esposa indicaron que recorrer\u00e1n todo el pa\u00eds como parte de su aspiraci\u00f3n a la candidatura presidencial Nueno Le\u00f3n. Samuel Garc\u00eda Sep\u00falveda, gobernador de Nuevo Le\u00f3n, y su esposa,\u00a0Mariana Rodr\u00edguez, anunciaron que en en los pr\u00f3ximos d\u00edas iniciar\u00e1n una\u00a0gira de precampa\u00f1a\u00a0por todo M\u00e9xico, como parte de su aspiraci\u00f3n a [&hellip;]\" \/>\n<meta property=\"og:url\" content=\"https:\/\/fuentesfidedignas.com.mx\/index.php\/2023\/11\/10\/samuel-garcia-y-mariana-rodriguez-anuncian-gira-por-mexico-rumbo-al-2024\/\" \/>\n<meta property=\"og:site_name\" content=\"Fuentes Fidedignas\" \/>\n<meta property=\"article:publisher\" content=\"https:\/\/www.facebook.com\/Fuentes-Fidedignas-368234489921644\" \/>\n<meta property=\"article:published_time\" content=\"2023-11-10T16:51:09+00:00\" \/>\n<meta property=\"article:modified_time\" content=\"2023-11-10T16:51:11+00:00\" \/>\n<meta property=\"og:image\" content=\"https:\/\/fuentesfidedignas.com.mx\/wp-content\/uploads\/2023\/11\/JNYMASJQTBHWLMQZXZDREEYGZY.jpg\" \/>\n\t<meta property=\"og:image:width\" content=\"1920\" \/>\n\t<meta property=\"og:image:height\" content=\"1080\" \/>\n\t<meta property=\"og:image:type\" content=\"image\/jpeg\" \/>\n<meta name=\"author\" content=\"Infobae\" \/>\n<meta name=\"twitter:card\" content=\"summary_large_image\" \/>\n<meta name=\"twitter:creator\" content=\"@fidedignas\" \/>\n<meta name=\"twitter:site\" content=\"@fidedignas\" \/>\n<meta name=\"twitter:label1\" content=\"Escrito por\" \/>\n\t<meta name=\"twitter:data1\" content=\"Infobae\" \/>\n\t<meta name=\"twitter:label2\" content=\"Tiempo de lectura\" \/>\n\t<meta name=\"twitter:data2\" content=\"2 minutos\" \/>\n<script type=\"application\/ld+json\" class=\"yoast-schema-graph\">{\"@context\":\"https:\\\/\\\/schema.org\",\"@graph\":[{\"@type\":\"Article\",\"@id\":\"https:\\\/\\\/fuentesfidedignas.com.mx\\\/index.php\\\/2023\\\/11\\\/10\\\/samuel-garcia-y-mariana-rodriguez-anuncian-gira-por-mexico-rumbo-al-2024\\\/#article\",\"isPartOf\":{\"@id\":\"https:\\\/\\\/fuentesfidedignas.com.mx\\\/index.php\\\/2023\\\/11\\\/10\\\/samuel-garcia-y-mariana-rodriguez-anuncian-gira-por-mexico-rumbo-al-2024\\\/\"},\"author\":{\"name\":\"Infobae\",\"@id\":\"https:\\\/\\\/fuentesfidedignas.com.mx\\\/#\\\/schema\\\/person\\\/8575896a7c1067d352f6c1cd6582c389\"},\"headline\":\"Samuel Garc\u00eda y Mariana Rodr\u00edguez anuncian gira por M\u00e9xico rumbo al 2024\",\"datePublished\":\"2023-11-10T16:51:09+00:00\",\"dateModified\":\"2023-11-10T16:51:11+00:00\",\"mainEntityOfPage\":{\"@id\":\"https:\\\/\\\/fuentesfidedignas.com.mx\\\/index.php\\\/2023\\\/11\\\/10\\\/samuel-garcia-y-mariana-rodriguez-anuncian-gira-por-mexico-rumbo-al-2024\\\/\"},\"wordCount\":361,\"commentCount\":0,\"publisher\":{\"@id\":\"https:\\\/\\\/fuentesfidedignas.com.mx\\\/#organization\"},\"image\":{\"@id\":\"https:\\\/\\\/fuentesfidedignas.com.mx\\\/index.php\\\/2023\\\/11\\\/10\\\/samuel-garcia-y-mariana-rodriguez-anuncian-gira-por-mexico-rumbo-al-2024\\\/#primaryimage\"},\"thumbnailUrl\":\"https:\\\/\\\/fuentesfidedignas.com.mx\\\/wp-content\\\/uploads\\\/2023\\\/11\\\/JNYMASJQTBHWLMQZXZDREEYGZY.jpg\",\"articleSection\":[\"NOTICIAS NACIONALES\"],\"inLanguage\":\"es\",\"potentialAction\":[{\"@type\":\"CommentAction\",\"name\":\"Comment\",\"target\":[\"https:\\\/\\\/fuentesfidedignas.com.mx\\\/index.php\\\/2023\\\/11\\\/10\\\/samuel-garcia-y-mariana-rodriguez-anuncian-gira-por-mexico-rumbo-al-2024\\\/#respond\"]}]},{\"@type\":\"WebPage\",\"@id\":\"https:\\\/\\\/fuentesfidedignas.com.mx\\\/index.php\\\/2023\\\/11\\\/10\\\/samuel-garcia-y-mariana-rodriguez-anuncian-gira-por-mexico-rumbo-al-2024\\\/\",\"url\":\"https:\\\/\\\/fuentesfidedignas.com.mx\\\/index.php\\\/2023\\\/11\\\/10\\\/samuel-garcia-y-mariana-rodriguez-anuncian-gira-por-mexico-rumbo-al-2024\\\/\",\"name\":\"Samuel Garc\u00eda y Mariana Rodr\u00edguez anuncian gira por M\u00e9xico rumbo al 2024 - Fuentes Fidedignas\",\"isPartOf\":{\"@id\":\"https:\\\/\\\/fuentesfidedignas.com.mx\\\/#website\"},\"primaryImageOfPage\":{\"@id\":\"https:\\\/\\\/fuentesfidedignas.com.mx\\\/index.php\\\/2023\\\/11\\\/10\\\/samuel-garcia-y-mariana-rodriguez-anuncian-gira-por-mexico-rumbo-al-2024\\\/#primaryimage\"},\"image\":{\"@id\":\"https:\\\/\\\/fuentesfidedignas.com.mx\\\/index.php\\\/2023\\\/11\\\/10\\\/samuel-garcia-y-mariana-rodriguez-anuncian-gira-por-mexico-rumbo-al-2024\\\/#primaryimage\"},\"thumbnailUrl\":\"https:\\\/\\\/fuentesfidedignas.com.mx\\\/wp-content\\\/uploads\\\/2023\\\/11\\\/JNYMASJQTBHWLMQZXZDREEYGZY.jpg\",\"datePublished\":\"2023-11-10T16:51:09+00:00\",\"dateModified\":\"2023-11-10T16:51:11+00:00\",\"breadcrumb\":{\"@id\":\"https:\\\/\\\/fuentesfidedignas.com.mx\\\/index.php\\\/2023\\\/11\\\/10\\\/samuel-garcia-y-mariana-rodriguez-anuncian-gira-por-mexico-rumbo-al-2024\\\/#breadcrumb\"},\"inLanguage\":\"es\",\"potentialAction\":[{\"@type\":\"ReadAction\",\"target\":[\"https:\\\/\\\/fuentesfidedignas.com.mx\\\/index.php\\\/2023\\\/11\\\/10\\\/samuel-garcia-y-mariana-rodriguez-anuncian-gira-por-mexico-rumbo-al-2024\\\/\"]}]},{\"@type\":\"ImageObject\",\"inLanguage\":\"es\",\"@id\":\"https:\\\/\\\/fuentesfidedignas.com.mx\\\/index.php\\\/2023\\\/11\\\/10\\\/samuel-garcia-y-mariana-rodriguez-anuncian-gira-por-mexico-rumbo-al-2024\\\/#primaryimage\",\"url\":\"https:\\\/\\\/fuentesfidedignas.com.mx\\\/wp-content\\\/uploads\\\/2023\\\/11\\\/JNYMASJQTBHWLMQZXZDREEYGZY.jpg\",\"contentUrl\":\"https:\\\/\\\/fuentesfidedignas.com.mx\\\/wp-content\\\/uploads\\\/2023\\\/11\\\/JNYMASJQTBHWLMQZXZDREEYGZY.jpg\",\"width\":1920,\"height\":1080},{\"@type\":\"BreadcrumbList\",\"@id\":\"https:\\\/\\\/fuentesfidedignas.com.mx\\\/index.php\\\/2023\\\/11\\\/10\\\/samuel-garcia-y-mariana-rodriguez-anuncian-gira-por-mexico-rumbo-al-2024\\\/#breadcrumb\",\"itemListElement\":[{\"@type\":\"ListItem\",\"position\":1,\"name\":\"Inicio\",\"item\":\"https:\\\/\\\/fuentesfidedignas.com.mx\\\/\"},{\"@type\":\"ListItem\",\"position\":2,\"name\":\"Samuel Garc\u00eda y Mariana Rodr\u00edguez anuncian gira por M\u00e9xico rumbo al 2024\"}]},{\"@type\":\"WebSite\",\"@id\":\"https:\\\/\\\/fuentesfidedignas.com.mx\\\/#website\",\"url\":\"https:\\\/\\\/fuentesfidedignas.com.mx\\\/\",\"name\":\"Fuentes Fidedignas\",\"description\":\"Otro sitio realizado con WordPress\",\"publisher\":{\"@id\":\"https:\\\/\\\/fuentesfidedignas.com.mx\\\/#organization\"},\"potentialAction\":[{\"@type\":\"SearchAction\",\"target\":{\"@type\":\"EntryPoint\",\"urlTemplate\":\"https:\\\/\\\/fuentesfidedignas.com.mx\\\/?s={search_term_string}\"},\"query-input\":{\"@type\":\"PropertyValueSpecification\",\"valueRequired\":true,\"valueName\":\"search_term_string\"}}],\"inLanguage\":\"es\"},{\"@type\":\"Organization\",\"@id\":\"https:\\\/\\\/fuentesfidedignas.com.mx\\\/#organization\",\"name\":\"Fuentes Fidedignas\",\"url\":\"https:\\\/\\\/fuentesfidedignas.com.mx\\\/\",\"logo\":{\"@type\":\"ImageObject\",\"inLanguage\":\"es\",\"@id\":\"https:\\\/\\\/fuentesfidedignas.com.mx\\\/#\\\/schema\\\/logo\\\/image\\\/\",\"url\":\"https:\\\/\\\/fuentesfidedignas.com.mx\\\/wp-content\\\/uploads\\\/2021\\\/04\\\/logo-retina.png\",\"contentUrl\":\"https:\\\/\\\/fuentesfidedignas.com.mx\\\/wp-content\\\/uploads\\\/2021\\\/04\\\/logo-retina.png\",\"width\":280,\"height\":51,\"caption\":\"Fuentes Fidedignas\"},\"image\":{\"@id\":\"https:\\\/\\\/fuentesfidedignas.com.mx\\\/#\\\/schema\\\/logo\\\/image\\\/\"},\"sameAs\":[\"https:\\\/\\\/www.facebook.com\\\/Fuentes-Fidedignas-368234489921644\",\"https:\\\/\\\/x.com\\\/fidedignas\"]},{\"@type\":\"Person\",\"@id\":\"https:\\\/\\\/fuentesfidedignas.com.mx\\\/#\\\/schema\\\/person\\\/8575896a7c1067d352f6c1cd6582c389\",\"name\":\"Infobae\",\"image\":{\"@type\":\"ImageObject\",\"inLanguage\":\"es\",\"@id\":\"https:\\\/\\\/secure.gravatar.com\\\/avatar\\\/e4ec95706f8d1670343f6526fdcec45474bab17475a851434a64ca12b5acba1c?s=96&d=mm&r=g\",\"url\":\"https:\\\/\\\/secure.gravatar.com\\\/avatar\\\/e4ec95706f8d1670343f6526fdcec45474bab17475a851434a64ca12b5acba1c?s=96&d=mm&r=g\",\"contentUrl\":\"https:\\\/\\\/secure.gravatar.com\\\/avatar\\\/e4ec95706f8d1670343f6526fdcec45474bab17475a851434a64ca12b5acba1c?s=96&d=mm&r=g\",\"caption\":\"Infobae\"},\"url\":\"https:\\\/\\\/fuentesfidedignas.com.mx\\\/index.php\\\/author\\\/infobae\\\/\"}]}<\/script>\n<!-- \/ Yoast SEO plugin. -->","yoast_head_json":{"title":"Samuel Garc\u00eda y Mariana Rodr\u00edguez anuncian gira por M\u00e9xico rumbo al 2024 - Fuentes Fidedignas","robots":{"index":"index","follow":"follow","max-snippet":"max-snippet:-1","max-image-preview":"max-image-preview:large","max-video-preview":"max-video-preview:-1"},"canonical":"https:\/\/fuentesfidedignas.com.mx\/index.php\/2023\/11\/10\/samuel-garcia-y-mariana-rodriguez-anuncian-gira-por-mexico-rumbo-al-2024\/","og_locale":"es_MX","og_type":"article","og_title":"Samuel Garc\u00eda y Mariana Rodr\u00edguez anuncian gira por M\u00e9xico rumbo al 2024 - Fuentes Fidedignas","og_description":"El gobernador de Nuevo Le\u00f3n y su esposa indicaron que recorrer\u00e1n todo el pa\u00eds como parte de su aspiraci\u00f3n a la candidatura presidencial Nueno Le\u00f3n. Samuel Garc\u00eda Sep\u00falveda, gobernador de Nuevo Le\u00f3n, y su esposa,\u00a0Mariana Rodr\u00edguez, anunciaron que en en los pr\u00f3ximos d\u00edas iniciar\u00e1n una\u00a0gira de precampa\u00f1a\u00a0por todo M\u00e9xico, como parte de su aspiraci\u00f3n a [&hellip;]","og_url":"https:\/\/fuentesfidedignas.com.mx\/index.php\/2023\/11\/10\/samuel-garcia-y-mariana-rodriguez-anuncian-gira-por-mexico-rumbo-al-2024\/","og_site_name":"Fuentes Fidedignas","article_publisher":"https:\/\/www.facebook.com\/Fuentes-Fidedignas-368234489921644","article_published_time":"2023-11-10T16:51:09+00:00","article_modified_time":"2023-11-10T16:51:11+00:00","og_image":[{"width":1920,"height":1080,"url":"https:\/\/fuentesfidedignas.com.mx\/wp-content\/uploads\/2023\/11\/JNYMASJQTBHWLMQZXZDREEYGZY.jpg","type":"image\/jpeg"}],"author":"Infobae","twitter_card":"summary_large_image","twitter_creator":"@fidedignas","twitter_site":"@fidedignas","twitter_misc":{"Escrito por":"Infobae","Tiempo de lectura":"2 minutos"},"schema":{"@context":"https:\/\/schema.org","@graph":[{"@type":"Article","@id":"https:\/\/fuentesfidedignas.com.mx\/index.php\/2023\/11\/10\/samuel-garcia-y-mariana-rodriguez-anuncian-gira-por-mexico-rumbo-al-2024\/#article","isPartOf":{"@id":"https:\/\/fuentesfidedignas.com.mx\/index.php\/2023\/11\/10\/samuel-garcia-y-mariana-rodriguez-anuncian-gira-por-mexico-rumbo-al-2024\/"},"author":{"name":"Infobae","@id":"https:\/\/fuentesfidedignas.com.mx\/#\/schema\/person\/8575896a7c1067d352f6c1cd6582c389"},"headline":"Samuel Garc\u00eda y Mariana Rodr\u00edguez anuncian gira por M\u00e9xico rumbo al 2024","datePublished":"2023-11-10T16:51:09+00:00","dateModified":"2023-11-10T16:51:11+00:00","mainEntityOfPage":{"@id":"https:\/\/fuentesfidedignas.com.mx\/index.php\/2023\/11\/10\/samuel-garcia-y-mariana-rodriguez-anuncian-gira-por-mexico-rumbo-al-2024\/"},"wordCount":361,"commentCount":0,"publisher":{"@id":"https:\/\/fuentesfidedignas.com.mx\/#organization"},"image":{"@id":"https:\/\/fuentesfidedignas.com.mx\/index.php\/2023\/11\/10\/samuel-garcia-y-mariana-rodriguez-anuncian-gira-por-mexico-rumbo-al-2024\/#primaryimage"},"thumbnailUrl":"https:\/\/fuentesfidedignas.com.mx\/wp-content\/uploads\/2023\/11\/JNYMASJQTBHWLMQZXZDREEYGZY.jpg","articleSection":["NOTICIAS NACIONALES"],"inLanguage":"es","potentialAction":[{"@type":"CommentAction","name":"Comment","target":["https:\/\/fuentesfidedignas.com.mx\/index.php\/2023\/11\/10\/samuel-garcia-y-mariana-rodriguez-anuncian-gira-por-mexico-rumbo-al-2024\/#respond"]}]},{"@type":"WebPage","@id":"https:\/\/fuentesfidedignas.com.mx\/index.php\/2023\/11\/10\/samuel-garcia-y-mariana-rodriguez-anuncian-gira-por-mexico-rumbo-al-2024\/","url":"https:\/\/fuentesfidedignas.com.mx\/index.php\/2023\/11\/10\/samuel-garcia-y-mariana-rodriguez-anuncian-gira-por-mexico-rumbo-al-2024\/","name":"Samuel Garc\u00eda y Mariana Rodr\u00edguez anuncian gira por M\u00e9xico rumbo al 2024 - Fuentes Fidedignas","isPartOf":{"@id":"https:\/\/fuentesfidedignas.com.mx\/#website"},"primaryImageOfPage":{"@id":"https:\/\/fuentesfidedignas.com.mx\/index.php\/2023\/11\/10\/samuel-garcia-y-mariana-rodriguez-anuncian-gira-por-mexico-rumbo-al-2024\/#primaryimage"},"image":{"@id":"https:\/\/fuentesfidedignas.com.mx\/index.php\/2023\/11\/10\/samuel-garcia-y-mariana-rodriguez-anuncian-gira-por-mexico-rumbo-al-2024\/#primaryimage"},"thumbnailUrl":"https:\/\/fuentesfidedignas.com.mx\/wp-content\/uploads\/2023\/11\/JNYMASJQTBHWLMQZXZDREEYGZY.jpg","datePublished":"2023-11-10T16:51:09+00:00","dateModified":"2023-11-10T16:51:11+00:00","breadcrumb":{"@id":"https:\/\/fuentesfidedignas.com.mx\/index.php\/2023\/11\/10\/samuel-garcia-y-mariana-rodriguez-anuncian-gira-por-mexico-rumbo-al-2024\/#breadcrumb"},"inLanguage":"es","potentialAction":[{"@type":"ReadAction","target":["https:\/\/fuentesfidedignas.com.mx\/index.php\/2023\/11\/10\/samuel-garcia-y-mariana-rodriguez-anuncian-gira-por-mexico-rumbo-al-2024\/"]}]},{"@type":"ImageObject","inLanguage":"es","@id":"https:\/\/fuentesfidedignas.com.mx\/index.php\/2023\/11\/10\/samuel-garcia-y-mariana-rodriguez-anuncian-gira-por-mexico-rumbo-al-2024\/#primaryimage","url":"https:\/\/fuentesfidedignas.com.mx\/wp-content\/uploads\/2023\/11\/JNYMASJQTBHWLMQZXZDREEYGZY.jpg","contentUrl":"https:\/\/fuentesfidedignas.com.mx\/wp-content\/uploads\/2023\/11\/JNYMASJQTBHWLMQZXZDREEYGZY.jpg","width":1920,"height":1080},{"@type":"BreadcrumbList","@id":"https:\/\/fuentesfidedignas.com.mx\/index.php\/2023\/11\/10\/samuel-garcia-y-mariana-rodriguez-anuncian-gira-por-mexico-rumbo-al-2024\/#breadcrumb","itemListElement":[{"@type":"ListItem","position":1,"name":"Inicio","item":"https:\/\/fuentesfidedignas.com.mx\/"},{"@type":"ListItem","position":2,"name":"Samuel Garc\u00eda y Mariana Rodr\u00edguez anuncian gira por M\u00e9xico rumbo al 2024"}]},{"@type":"WebSite","@id":"https:\/\/fuentesfidedignas.com.mx\/#website","url":"https:\/\/fuentesfidedignas.com.mx\/","name":"Fuentes Fidedignas","description":"Otro sitio realizado con WordPress","publisher":{"@id":"https:\/\/fuentesfidedignas.com.mx\/#organization"},"potentialAction":[{"@type":"SearchAction","target":{"@type":"EntryPoint","urlTemplate":"https:\/\/fuentesfidedignas.com.mx\/?s={search_term_string}"},"query-input":{"@type":"PropertyValueSpecification","valueRequired":true,"valueName":"search_term_string"}}],"inLanguage":"es"},{"@type":"Organization","@id":"https:\/\/fuentesfidedignas.com.mx\/#organization","name":"Fuentes Fidedignas","url":"https:\/\/fuentesfidedignas.com.mx\/","logo":{"@type":"ImageObject","inLanguage":"es","@id":"https:\/\/fuentesfidedignas.com.mx\/#\/schema\/logo\/image\/","url":"https:\/\/fuentesfidedignas.com.mx\/wp-content\/uploads\/2021\/04\/logo-retina.png","contentUrl":"https:\/\/fuentesfidedignas.com.mx\/wp-content\/uploads\/2021\/04\/logo-retina.png","width":280,"height":51,"caption":"Fuentes Fidedignas"},"image":{"@id":"https:\/\/fuentesfidedignas.com.mx\/#\/schema\/logo\/image\/"},"sameAs":["https:\/\/www.facebook.com\/Fuentes-Fidedignas-368234489921644","https:\/\/x.com\/fidedignas"]},{"@type":"Person","@id":"https:\/\/fuentesfidedignas.com.mx\/#\/schema\/person\/8575896a7c1067d352f6c1cd6582c389","name":"Infobae","image":{"@type":"ImageObject","inLanguage":"es","@id":"https:\/\/secure.gravatar.com\/avatar\/e4ec95706f8d1670343f6526fdcec45474bab17475a851434a64ca12b5acba1c?s=96&d=mm&r=g","url":"https:\/\/secure.gravatar.com\/avatar\/e4ec95706f8d1670343f6526fdcec45474bab17475a851434a64ca12b5acba1c?s=96&d=mm&r=g","contentUrl":"https:\/\/secure.gravatar.com\/avatar\/e4ec95706f8d1670343f6526fdcec45474bab17475a851434a64ca12b5acba1c?s=96&d=mm&r=g","caption":"Infobae"},"url":"https:\/\/fuentesfidedignas.com.mx\/index.php\/author\/infobae\/"}]}},"_links":{"self":[{"href":"https:\/\/fuentesfidedignas.com.mx\/index.php\/wp-json\/wp\/v2\/posts\/65325","targetHints":{"allow":["GET"]}}],"collection":[{"href":"https:\/\/fuentesfidedignas.com.mx\/index.php\/wp-json\/wp\/v2\/posts"}],"about":[{"href":"https:\/\/fuentesfidedignas.com.mx\/index.php\/wp-json\/wp\/v2\/types\/post"}],"author":[{"embeddable":true,"href":"https:\/\/fuentesfidedignas.com.mx\/index.php\/wp-json\/wp\/v2\/users\/41"}],"replies":[{"embeddable":true,"href":"https:\/\/fuentesfidedignas.com.mx\/index.php\/wp-json\/wp\/v2\/comments?post=65325"}],"version-history":[{"count":1,"href":"https:\/\/fuentesfidedignas.com.mx\/index.php\/wp-json\/wp\/v2\/posts\/65325\/revisions"}],"predecessor-version":[{"id":65327,"href":"https:\/\/fuentesfidedignas.com.mx\/index.php\/wp-json\/wp\/v2\/posts\/65325\/revisions\/65327"}],"wp:featuredmedia":[{"embeddable":true,"href":"https:\/\/fuentesfidedignas.com.mx\/index.php\/wp-json\/wp\/v2\/media\/65326"}],"wp:attachment":[{"href":"https:\/\/fuentesfidedignas.com.mx\/index.php\/wp-json\/wp\/v2\/media?parent=65325"}],"wp:term":[{"taxonomy":"category","embeddable":true,"href":"https:\/\/fuentesfidedignas.com.mx\/index.php\/wp-json\/wp\/v2\/categories?post=65325"},{"taxonomy":"post_tag","embeddable":true,"href":"https:\/\/fuentesfidedignas.com.mx\/index.php\/wp-json\/wp\/v2\/tags?post=65325"}],"curies":[{"name":"wp","href":"https:\/\/api.w.org\/{rel}","templated":true}]}}