{"id":65287,"date":"2023-11-10T06:22:01","date_gmt":"2023-11-10T13:22:01","guid":{"rendered":"https:\/\/fuentesfidedignas.com.mx\/?p=65287"},"modified":"2023-11-10T06:22:01","modified_gmt":"2023-11-10T13:22:01","slug":"desde-gobierno-del-estado-respaldamos-con-acciones-concretas-a-los-menores-con-espectro-autista-rocha","status":"publish","type":"post","link":"https:\/\/fuentesfidedignas.com.mx\/index.php\/2023\/11\/10\/desde-gobierno-del-estado-respaldamos-con-acciones-concretas-a-los-menores-con-espectro-autista-rocha\/","title":{"rendered":"Desde Gobierno del Estado respaldamos con acciones concretas a los menores con espectro autista: Rocha"},"content":{"rendered":"\n<p><strong><em>El mandatario estatal asisti\u00f3 a la presentaci\u00f3n del libro que narra la vida de Fran Santamar\u00eda, diagnosticado con este padecimiento.<\/em><\/strong><\/p>\n\n\n\n<p>Culiac\u00e1n, Sin.- Como una narrativa emotiva, realista y profunda, que permite adentrarse en el complejo mundo de las personas con espectro autista, calific\u00f3 el Gobernador Rub\u00e9n Rocha Moya el libro &#8220;La Vida Cotidiana de Fran&#8221;, al asistir a la presentaci\u00f3n de esta obra del reconocido acad\u00e9mico Arturo Santamar\u00eda G\u00f3mez y su hija, Alessandra Santamar\u00eda L\u00f3pez, padre y hermana de Fran, quien al ser diagnosticado con este padecimiento, impuls\u00f3 a toda su familia a reflexionar y ver el d\u00eda a d\u00eda desde otra \u00f3ptica, emprendiendo un amplio recorrido con diferentes especialistas que pudieran ayudar a mejorar su calidad de vida.<\/p>\n\n\n\n<p>Al dar a conocer sus impresiones sobre esta publicaci\u00f3n, Eneyda Rocha Ruiz, Presidente del Sistema DIF Estatal, destac\u00f3 las acciones de la familia Santamar\u00eda L\u00f3pez, quienes han fomentado la visita de m\u00e9dicos especialistas reconocidos internacionalmente en el an\u00e1lisis de la conducta del autista y en base a esto, lograr formar los primeros terapeutas locales en esta entidad.<\/p>\n\n\n\n<p>Por su parte, Estela Robledo Conde, Directora del Centro de Autismo de Sinaloa, afirm\u00f3 que la pr\u00f3xima apertura del Centro de Rehabilitaci\u00f3n e Inclusi\u00f3n Infantil Telet\u00f3n (CRIT) en el municipio de Mazatl\u00e1n, ser\u00e1 de gran relevancia para la sociedad y cambiar\u00e1 la historia del puerto brindando atenci\u00f3n a los ni\u00f1os, logrando su inclusi\u00f3n y abriendo la posibilidad de obtener un diagn\u00f3stico temprano que impactar\u00e1 de manera directa en su vida posterior.<\/p>\n\n\n\n<p>Finalmente, el autor Arturo Santamar\u00eda G\u00f3mez, agradeci\u00f3 la apertura de su amigo Rub\u00e9n Rocha en estos temas, quien al conocer personalmente la historia de su familia, entiende la magnitud de las pol\u00edticas p\u00fablicas que est\u00e1 implementando como mandatario estatal y la relevancia de las acciones gubernamentales para contribuir a informar a los padres de familia de una manera cient\u00edfica y fundamentada sobre la mejor manera de ayudar a sus descendientes diagnosticados con espectro autista.<\/p>\n","protected":false},"excerpt":{"rendered":"<p>El mandatario estatal asisti\u00f3 a la presentaci\u00f3n del libro que narra la vida de Fran Santamar\u00eda, diagnosticado con este padecimiento. Culiac\u00e1n, Sin.- Como una narrativa emotiva, realista y profunda, que permite adentrarse en el complejo mundo de las personas con espectro autista, calific\u00f3 el Gobernador Rub\u00e9n Rocha Moya el libro &#8220;La Vida Cotidiana de Fran&#8221;, [&hellip;]<\/p>\n","protected":false},"author":4,"featured_media":65288,"comment_status":"open","ping_status":"open","sticky":false,"template":"","format":"standard","meta":{"tdm_status":"","tdm_grid_status":"","footnotes":""},"categories":[1],"tags":[],"class_list":{"0":"post-65287","1":"post","2":"type-post","3":"status-publish","4":"format-standard","5":"has-post-thumbnail","7":"category-sin-categoria"},"yoast_head":"<!-- This site is optimized with the Yoast SEO plugin v27.5 - https:\/\/yoast.com\/product\/yoast-seo-wordpress\/ -->\n<title>Desde Gobierno del Estado respaldamos con acciones concretas a los menores con espectro autista: Rocha - Fuentes Fidedignas<\/title>\n<meta name=\"robots\" content=\"index, follow, max-snippet:-1, max-image-preview:large, max-video-preview:-1\" \/>\n<link rel=\"canonical\" href=\"https:\/\/fuentesfidedignas.com.mx\/index.php\/2023\/11\/10\/desde-gobierno-del-estado-respaldamos-con-acciones-concretas-a-los-menores-con-espectro-autista-rocha\/\" \/>\n<meta property=\"og:locale\" content=\"es_MX\" \/>\n<meta property=\"og:type\" content=\"article\" \/>\n<meta property=\"og:title\" content=\"Desde Gobierno del Estado respaldamos con acciones concretas a los menores con espectro autista: Rocha - Fuentes Fidedignas\" \/>\n<meta property=\"og:description\" content=\"El mandatario estatal asisti\u00f3 a la presentaci\u00f3n del libro que narra la vida de Fran Santamar\u00eda, diagnosticado con este padecimiento. Culiac\u00e1n, Sin.- Como una narrativa emotiva, realista y profunda, que permite adentrarse en el complejo mundo de las personas con espectro autista, calific\u00f3 el Gobernador Rub\u00e9n Rocha Moya el libro &#8220;La Vida Cotidiana de Fran&#8221;, [&hellip;]\" \/>\n<meta property=\"og:url\" content=\"https:\/\/fuentesfidedignas.com.mx\/index.php\/2023\/11\/10\/desde-gobierno-del-estado-respaldamos-con-acciones-concretas-a-los-menores-con-espectro-autista-rocha\/\" \/>\n<meta property=\"og:site_name\" content=\"Fuentes Fidedignas\" \/>\n<meta property=\"article:publisher\" content=\"https:\/\/www.facebook.com\/Fuentes-Fidedignas-368234489921644\" \/>\n<meta property=\"article:published_time\" content=\"2023-11-10T13:22:01+00:00\" \/>\n<meta property=\"og:image\" content=\"https:\/\/fuentesfidedignas.com.mx\/wp-content\/uploads\/2023\/11\/WhatsApp-Image-2023-11-09-at-8.01.09-PM.jpeg\" \/>\n\t<meta property=\"og:image:width\" content=\"1024\" \/>\n\t<meta property=\"og:image:height\" content=\"682\" \/>\n\t<meta property=\"og:image:type\" content=\"image\/jpeg\" \/>\n<meta name=\"author\" content=\"Redacci\u00f3n\" \/>\n<meta name=\"twitter:card\" content=\"summary_large_image\" \/>\n<meta name=\"twitter:creator\" content=\"@fidedignas\" \/>\n<meta name=\"twitter:site\" content=\"@fidedignas\" \/>\n<meta name=\"twitter:label1\" content=\"Escrito por\" \/>\n\t<meta name=\"twitter:data1\" content=\"Redacci\u00f3n\" \/>\n\t<meta name=\"twitter:label2\" content=\"Tiempo de lectura\" \/>\n\t<meta name=\"twitter:data2\" content=\"2 minutos\" \/>\n<script type=\"application\/ld+json\" class=\"yoast-schema-graph\">{\"@context\":\"https:\\\/\\\/schema.org\",\"@graph\":[{\"@type\":\"Article\",\"@id\":\"https:\\\/\\\/fuentesfidedignas.com.mx\\\/index.php\\\/2023\\\/11\\\/10\\\/desde-gobierno-del-estado-respaldamos-con-acciones-concretas-a-los-menores-con-espectro-autista-rocha\\\/#article\",\"isPartOf\":{\"@id\":\"https:\\\/\\\/fuentesfidedignas.com.mx\\\/index.php\\\/2023\\\/11\\\/10\\\/desde-gobierno-del-estado-respaldamos-con-acciones-concretas-a-los-menores-con-espectro-autista-rocha\\\/\"},\"author\":{\"name\":\"Redacci\u00f3n\",\"@id\":\"https:\\\/\\\/fuentesfidedignas.com.mx\\\/#\\\/schema\\\/person\\\/331be9283d37198e2acd5750279085b0\"},\"headline\":\"Desde Gobierno del Estado respaldamos con acciones concretas a los menores con espectro autista: Rocha\",\"datePublished\":\"2023-11-10T13:22:01+00:00\",\"mainEntityOfPage\":{\"@id\":\"https:\\\/\\\/fuentesfidedignas.com.mx\\\/index.php\\\/2023\\\/11\\\/10\\\/desde-gobierno-del-estado-respaldamos-con-acciones-concretas-a-los-menores-con-espectro-autista-rocha\\\/\"},\"wordCount\":369,\"commentCount\":0,\"publisher\":{\"@id\":\"https:\\\/\\\/fuentesfidedignas.com.mx\\\/#organization\"},\"image\":{\"@id\":\"https:\\\/\\\/fuentesfidedignas.com.mx\\\/index.php\\\/2023\\\/11\\\/10\\\/desde-gobierno-del-estado-respaldamos-con-acciones-concretas-a-los-menores-con-espectro-autista-rocha\\\/#primaryimage\"},\"thumbnailUrl\":\"https:\\\/\\\/fuentesfidedignas.com.mx\\\/wp-content\\\/uploads\\\/2023\\\/11\\\/WhatsApp-Image-2023-11-09-at-8.01.09-PM.jpeg\",\"inLanguage\":\"es\",\"potentialAction\":[{\"@type\":\"CommentAction\",\"name\":\"Comment\",\"target\":[\"https:\\\/\\\/fuentesfidedignas.com.mx\\\/index.php\\\/2023\\\/11\\\/10\\\/desde-gobierno-del-estado-respaldamos-con-acciones-concretas-a-los-menores-con-espectro-autista-rocha\\\/#respond\"]}]},{\"@type\":\"WebPage\",\"@id\":\"https:\\\/\\\/fuentesfidedignas.com.mx\\\/index.php\\\/2023\\\/11\\\/10\\\/desde-gobierno-del-estado-respaldamos-con-acciones-concretas-a-los-menores-con-espectro-autista-rocha\\\/\",\"url\":\"https:\\\/\\\/fuentesfidedignas.com.mx\\\/index.php\\\/2023\\\/11\\\/10\\\/desde-gobierno-del-estado-respaldamos-con-acciones-concretas-a-los-menores-con-espectro-autista-rocha\\\/\",\"name\":\"Desde Gobierno del Estado respaldamos con acciones concretas a los menores con espectro autista: Rocha - Fuentes Fidedignas\",\"isPartOf\":{\"@id\":\"https:\\\/\\\/fuentesfidedignas.com.mx\\\/#website\"},\"primaryImageOfPage\":{\"@id\":\"https:\\\/\\\/fuentesfidedignas.com.mx\\\/index.php\\\/2023\\\/11\\\/10\\\/desde-gobierno-del-estado-respaldamos-con-acciones-concretas-a-los-menores-con-espectro-autista-rocha\\\/#primaryimage\"},\"image\":{\"@id\":\"https:\\\/\\\/fuentesfidedignas.com.mx\\\/index.php\\\/2023\\\/11\\\/10\\\/desde-gobierno-del-estado-respaldamos-con-acciones-concretas-a-los-menores-con-espectro-autista-rocha\\\/#primaryimage\"},\"thumbnailUrl\":\"https:\\\/\\\/fuentesfidedignas.com.mx\\\/wp-content\\\/uploads\\\/2023\\\/11\\\/WhatsApp-Image-2023-11-09-at-8.01.09-PM.jpeg\",\"datePublished\":\"2023-11-10T13:22:01+00:00\",\"breadcrumb\":{\"@id\":\"https:\\\/\\\/fuentesfidedignas.com.mx\\\/index.php\\\/2023\\\/11\\\/10\\\/desde-gobierno-del-estado-respaldamos-con-acciones-concretas-a-los-menores-con-espectro-autista-rocha\\\/#breadcrumb\"},\"inLanguage\":\"es\",\"potentialAction\":[{\"@type\":\"ReadAction\",\"target\":[\"https:\\\/\\\/fuentesfidedignas.com.mx\\\/index.php\\\/2023\\\/11\\\/10\\\/desde-gobierno-del-estado-respaldamos-con-acciones-concretas-a-los-menores-con-espectro-autista-rocha\\\/\"]}]},{\"@type\":\"ImageObject\",\"inLanguage\":\"es\",\"@id\":\"https:\\\/\\\/fuentesfidedignas.com.mx\\\/index.php\\\/2023\\\/11\\\/10\\\/desde-gobierno-del-estado-respaldamos-con-acciones-concretas-a-los-menores-con-espectro-autista-rocha\\\/#primaryimage\",\"url\":\"https:\\\/\\\/fuentesfidedignas.com.mx\\\/wp-content\\\/uploads\\\/2023\\\/11\\\/WhatsApp-Image-2023-11-09-at-8.01.09-PM.jpeg\",\"contentUrl\":\"https:\\\/\\\/fuentesfidedignas.com.mx\\\/wp-content\\\/uploads\\\/2023\\\/11\\\/WhatsApp-Image-2023-11-09-at-8.01.09-PM.jpeg\",\"width\":1024,\"height\":682},{\"@type\":\"BreadcrumbList\",\"@id\":\"https:\\\/\\\/fuentesfidedignas.com.mx\\\/index.php\\\/2023\\\/11\\\/10\\\/desde-gobierno-del-estado-respaldamos-con-acciones-concretas-a-los-menores-con-espectro-autista-rocha\\\/#breadcrumb\",\"itemListElement\":[{\"@type\":\"ListItem\",\"position\":1,\"name\":\"Inicio\",\"item\":\"https:\\\/\\\/fuentesfidedignas.com.mx\\\/\"},{\"@type\":\"ListItem\",\"position\":2,\"name\":\"Desde Gobierno del Estado respaldamos con acciones concretas a los menores con espectro autista: Rocha\"}]},{\"@type\":\"WebSite\",\"@id\":\"https:\\\/\\\/fuentesfidedignas.com.mx\\\/#website\",\"url\":\"https:\\\/\\\/fuentesfidedignas.com.mx\\\/\",\"name\":\"Fuentes Fidedignas\",\"description\":\"Otro sitio realizado con WordPress\",\"publisher\":{\"@id\":\"https:\\\/\\\/fuentesfidedignas.com.mx\\\/#organization\"},\"potentialAction\":[{\"@type\":\"SearchAction\",\"target\":{\"@type\":\"EntryPoint\",\"urlTemplate\":\"https:\\\/\\\/fuentesfidedignas.com.mx\\\/?s={search_term_string}\"},\"query-input\":{\"@type\":\"PropertyValueSpecification\",\"valueRequired\":true,\"valueName\":\"search_term_string\"}}],\"inLanguage\":\"es\"},{\"@type\":\"Organization\",\"@id\":\"https:\\\/\\\/fuentesfidedignas.com.mx\\\/#organization\",\"name\":\"Fuentes Fidedignas\",\"url\":\"https:\\\/\\\/fuentesfidedignas.com.mx\\\/\",\"logo\":{\"@type\":\"ImageObject\",\"inLanguage\":\"es\",\"@id\":\"https:\\\/\\\/fuentesfidedignas.com.mx\\\/#\\\/schema\\\/logo\\\/image\\\/\",\"url\":\"https:\\\/\\\/fuentesfidedignas.com.mx\\\/wp-content\\\/uploads\\\/2021\\\/04\\\/logo-retina.png\",\"contentUrl\":\"https:\\\/\\\/fuentesfidedignas.com.mx\\\/wp-content\\\/uploads\\\/2021\\\/04\\\/logo-retina.png\",\"width\":280,\"height\":51,\"caption\":\"Fuentes Fidedignas\"},\"image\":{\"@id\":\"https:\\\/\\\/fuentesfidedignas.com.mx\\\/#\\\/schema\\\/logo\\\/image\\\/\"},\"sameAs\":[\"https:\\\/\\\/www.facebook.com\\\/Fuentes-Fidedignas-368234489921644\",\"https:\\\/\\\/x.com\\\/fidedignas\"]},{\"@type\":\"Person\",\"@id\":\"https:\\\/\\\/fuentesfidedignas.com.mx\\\/#\\\/schema\\\/person\\\/331be9283d37198e2acd5750279085b0\",\"name\":\"Redacci\u00f3n\",\"image\":{\"@type\":\"ImageObject\",\"inLanguage\":\"es\",\"@id\":\"https:\\\/\\\/secure.gravatar.com\\\/avatar\\\/f6d8782c11d12b2d4ad3fbb6931aeab5309937a4d6cd2fc9cfaa28a6396a5aec?s=96&d=mm&r=g\",\"url\":\"https:\\\/\\\/secure.gravatar.com\\\/avatar\\\/f6d8782c11d12b2d4ad3fbb6931aeab5309937a4d6cd2fc9cfaa28a6396a5aec?s=96&d=mm&r=g\",\"contentUrl\":\"https:\\\/\\\/secure.gravatar.com\\\/avatar\\\/f6d8782c11d12b2d4ad3fbb6931aeab5309937a4d6cd2fc9cfaa28a6396a5aec?s=96&d=mm&r=g\",\"caption\":\"Redacci\u00f3n\"},\"url\":\"https:\\\/\\\/fuentesfidedignas.com.mx\\\/index.php\\\/author\\\/redaccion\\\/\"}]}<\/script>\n<!-- \/ Yoast SEO plugin. -->","yoast_head_json":{"title":"Desde Gobierno del Estado respaldamos con acciones concretas a los menores con espectro autista: Rocha - Fuentes Fidedignas","robots":{"index":"index","follow":"follow","max-snippet":"max-snippet:-1","max-image-preview":"max-image-preview:large","max-video-preview":"max-video-preview:-1"},"canonical":"https:\/\/fuentesfidedignas.com.mx\/index.php\/2023\/11\/10\/desde-gobierno-del-estado-respaldamos-con-acciones-concretas-a-los-menores-con-espectro-autista-rocha\/","og_locale":"es_MX","og_type":"article","og_title":"Desde Gobierno del Estado respaldamos con acciones concretas a los menores con espectro autista: Rocha - Fuentes Fidedignas","og_description":"El mandatario estatal asisti\u00f3 a la presentaci\u00f3n del libro que narra la vida de Fran Santamar\u00eda, diagnosticado con este padecimiento. Culiac\u00e1n, Sin.- Como una narrativa emotiva, realista y profunda, que permite adentrarse en el complejo mundo de las personas con espectro autista, calific\u00f3 el Gobernador Rub\u00e9n Rocha Moya el libro &#8220;La Vida Cotidiana de Fran&#8221;, [&hellip;]","og_url":"https:\/\/fuentesfidedignas.com.mx\/index.php\/2023\/11\/10\/desde-gobierno-del-estado-respaldamos-con-acciones-concretas-a-los-menores-con-espectro-autista-rocha\/","og_site_name":"Fuentes Fidedignas","article_publisher":"https:\/\/www.facebook.com\/Fuentes-Fidedignas-368234489921644","article_published_time":"2023-11-10T13:22:01+00:00","og_image":[{"width":1024,"height":682,"url":"https:\/\/fuentesfidedignas.com.mx\/wp-content\/uploads\/2023\/11\/WhatsApp-Image-2023-11-09-at-8.01.09-PM.jpeg","type":"image\/jpeg"}],"author":"Redacci\u00f3n","twitter_card":"summary_large_image","twitter_creator":"@fidedignas","twitter_site":"@fidedignas","twitter_misc":{"Escrito por":"Redacci\u00f3n","Tiempo de lectura":"2 minutos"},"schema":{"@context":"https:\/\/schema.org","@graph":[{"@type":"Article","@id":"https:\/\/fuentesfidedignas.com.mx\/index.php\/2023\/11\/10\/desde-gobierno-del-estado-respaldamos-con-acciones-concretas-a-los-menores-con-espectro-autista-rocha\/#article","isPartOf":{"@id":"https:\/\/fuentesfidedignas.com.mx\/index.php\/2023\/11\/10\/desde-gobierno-del-estado-respaldamos-con-acciones-concretas-a-los-menores-con-espectro-autista-rocha\/"},"author":{"name":"Redacci\u00f3n","@id":"https:\/\/fuentesfidedignas.com.mx\/#\/schema\/person\/331be9283d37198e2acd5750279085b0"},"headline":"Desde Gobierno del Estado respaldamos con acciones concretas a los menores con espectro autista: Rocha","datePublished":"2023-11-10T13:22:01+00:00","mainEntityOfPage":{"@id":"https:\/\/fuentesfidedignas.com.mx\/index.php\/2023\/11\/10\/desde-gobierno-del-estado-respaldamos-con-acciones-concretas-a-los-menores-con-espectro-autista-rocha\/"},"wordCount":369,"commentCount":0,"publisher":{"@id":"https:\/\/fuentesfidedignas.com.mx\/#organization"},"image":{"@id":"https:\/\/fuentesfidedignas.com.mx\/index.php\/2023\/11\/10\/desde-gobierno-del-estado-respaldamos-con-acciones-concretas-a-los-menores-con-espectro-autista-rocha\/#primaryimage"},"thumbnailUrl":"https:\/\/fuentesfidedignas.com.mx\/wp-content\/uploads\/2023\/11\/WhatsApp-Image-2023-11-09-at-8.01.09-PM.jpeg","inLanguage":"es","potentialAction":[{"@type":"CommentAction","name":"Comment","target":["https:\/\/fuentesfidedignas.com.mx\/index.php\/2023\/11\/10\/desde-gobierno-del-estado-respaldamos-con-acciones-concretas-a-los-menores-con-espectro-autista-rocha\/#respond"]}]},{"@type":"WebPage","@id":"https:\/\/fuentesfidedignas.com.mx\/index.php\/2023\/11\/10\/desde-gobierno-del-estado-respaldamos-con-acciones-concretas-a-los-menores-con-espectro-autista-rocha\/","url":"https:\/\/fuentesfidedignas.com.mx\/index.php\/2023\/11\/10\/desde-gobierno-del-estado-respaldamos-con-acciones-concretas-a-los-menores-con-espectro-autista-rocha\/","name":"Desde Gobierno del Estado respaldamos con acciones concretas a los menores con espectro autista: Rocha - Fuentes Fidedignas","isPartOf":{"@id":"https:\/\/fuentesfidedignas.com.mx\/#website"},"primaryImageOfPage":{"@id":"https:\/\/fuentesfidedignas.com.mx\/index.php\/2023\/11\/10\/desde-gobierno-del-estado-respaldamos-con-acciones-concretas-a-los-menores-con-espectro-autista-rocha\/#primaryimage"},"image":{"@id":"https:\/\/fuentesfidedignas.com.mx\/index.php\/2023\/11\/10\/desde-gobierno-del-estado-respaldamos-con-acciones-concretas-a-los-menores-con-espectro-autista-rocha\/#primaryimage"},"thumbnailUrl":"https:\/\/fuentesfidedignas.com.mx\/wp-content\/uploads\/2023\/11\/WhatsApp-Image-2023-11-09-at-8.01.09-PM.jpeg","datePublished":"2023-11-10T13:22:01+00:00","breadcrumb":{"@id":"https:\/\/fuentesfidedignas.com.mx\/index.php\/2023\/11\/10\/desde-gobierno-del-estado-respaldamos-con-acciones-concretas-a-los-menores-con-espectro-autista-rocha\/#breadcrumb"},"inLanguage":"es","potentialAction":[{"@type":"ReadAction","target":["https:\/\/fuentesfidedignas.com.mx\/index.php\/2023\/11\/10\/desde-gobierno-del-estado-respaldamos-con-acciones-concretas-a-los-menores-con-espectro-autista-rocha\/"]}]},{"@type":"ImageObject","inLanguage":"es","@id":"https:\/\/fuentesfidedignas.com.mx\/index.php\/2023\/11\/10\/desde-gobierno-del-estado-respaldamos-con-acciones-concretas-a-los-menores-con-espectro-autista-rocha\/#primaryimage","url":"https:\/\/fuentesfidedignas.com.mx\/wp-content\/uploads\/2023\/11\/WhatsApp-Image-2023-11-09-at-8.01.09-PM.jpeg","contentUrl":"https:\/\/fuentesfidedignas.com.mx\/wp-content\/uploads\/2023\/11\/WhatsApp-Image-2023-11-09-at-8.01.09-PM.jpeg","width":1024,"height":682},{"@type":"BreadcrumbList","@id":"https:\/\/fuentesfidedignas.com.mx\/index.php\/2023\/11\/10\/desde-gobierno-del-estado-respaldamos-con-acciones-concretas-a-los-menores-con-espectro-autista-rocha\/#breadcrumb","itemListElement":[{"@type":"ListItem","position":1,"name":"Inicio","item":"https:\/\/fuentesfidedignas.com.mx\/"},{"@type":"ListItem","position":2,"name":"Desde Gobierno del Estado respaldamos con acciones concretas a los menores con espectro autista: Rocha"}]},{"@type":"WebSite","@id":"https:\/\/fuentesfidedignas.com.mx\/#website","url":"https:\/\/fuentesfidedignas.com.mx\/","name":"Fuentes Fidedignas","description":"Otro sitio realizado con WordPress","publisher":{"@id":"https:\/\/fuentesfidedignas.com.mx\/#organization"},"potentialAction":[{"@type":"SearchAction","target":{"@type":"EntryPoint","urlTemplate":"https:\/\/fuentesfidedignas.com.mx\/?s={search_term_string}"},"query-input":{"@type":"PropertyValueSpecification","valueRequired":true,"valueName":"search_term_string"}}],"inLanguage":"es"},{"@type":"Organization","@id":"https:\/\/fuentesfidedignas.com.mx\/#organization","name":"Fuentes Fidedignas","url":"https:\/\/fuentesfidedignas.com.mx\/","logo":{"@type":"ImageObject","inLanguage":"es","@id":"https:\/\/fuentesfidedignas.com.mx\/#\/schema\/logo\/image\/","url":"https:\/\/fuentesfidedignas.com.mx\/wp-content\/uploads\/2021\/04\/logo-retina.png","contentUrl":"https:\/\/fuentesfidedignas.com.mx\/wp-content\/uploads\/2021\/04\/logo-retina.png","width":280,"height":51,"caption":"Fuentes Fidedignas"},"image":{"@id":"https:\/\/fuentesfidedignas.com.mx\/#\/schema\/logo\/image\/"},"sameAs":["https:\/\/www.facebook.com\/Fuentes-Fidedignas-368234489921644","https:\/\/x.com\/fidedignas"]},{"@type":"Person","@id":"https:\/\/fuentesfidedignas.com.mx\/#\/schema\/person\/331be9283d37198e2acd5750279085b0","name":"Redacci\u00f3n","image":{"@type":"ImageObject","inLanguage":"es","@id":"https:\/\/secure.gravatar.com\/avatar\/f6d8782c11d12b2d4ad3fbb6931aeab5309937a4d6cd2fc9cfaa28a6396a5aec?s=96&d=mm&r=g","url":"https:\/\/secure.gravatar.com\/avatar\/f6d8782c11d12b2d4ad3fbb6931aeab5309937a4d6cd2fc9cfaa28a6396a5aec?s=96&d=mm&r=g","contentUrl":"https:\/\/secure.gravatar.com\/avatar\/f6d8782c11d12b2d4ad3fbb6931aeab5309937a4d6cd2fc9cfaa28a6396a5aec?s=96&d=mm&r=g","caption":"Redacci\u00f3n"},"url":"https:\/\/fuentesfidedignas.com.mx\/index.php\/author\/redaccion\/"}]}},"_links":{"self":[{"href":"https:\/\/fuentesfidedignas.com.mx\/index.php\/wp-json\/wp\/v2\/posts\/65287","targetHints":{"allow":["GET"]}}],"collection":[{"href":"https:\/\/fuentesfidedignas.com.mx\/index.php\/wp-json\/wp\/v2\/posts"}],"about":[{"href":"https:\/\/fuentesfidedignas.com.mx\/index.php\/wp-json\/wp\/v2\/types\/post"}],"author":[{"embeddable":true,"href":"https:\/\/fuentesfidedignas.com.mx\/index.php\/wp-json\/wp\/v2\/users\/4"}],"replies":[{"embeddable":true,"href":"https:\/\/fuentesfidedignas.com.mx\/index.php\/wp-json\/wp\/v2\/comments?post=65287"}],"version-history":[{"count":1,"href":"https:\/\/fuentesfidedignas.com.mx\/index.php\/wp-json\/wp\/v2\/posts\/65287\/revisions"}],"predecessor-version":[{"id":65289,"href":"https:\/\/fuentesfidedignas.com.mx\/index.php\/wp-json\/wp\/v2\/posts\/65287\/revisions\/65289"}],"wp:featuredmedia":[{"embeddable":true,"href":"https:\/\/fuentesfidedignas.com.mx\/index.php\/wp-json\/wp\/v2\/media\/65288"}],"wp:attachment":[{"href":"https:\/\/fuentesfidedignas.com.mx\/index.php\/wp-json\/wp\/v2\/media?parent=65287"}],"wp:term":[{"taxonomy":"category","embeddable":true,"href":"https:\/\/fuentesfidedignas.com.mx\/index.php\/wp-json\/wp\/v2\/categories?post=65287"},{"taxonomy":"post_tag","embeddable":true,"href":"https:\/\/fuentesfidedignas.com.mx\/index.php\/wp-json\/wp\/v2\/tags?post=65287"}],"curies":[{"name":"wp","href":"https:\/\/api.w.org\/{rel}","templated":true}]}}