{"id":65265,"date":"2023-11-10T05:09:03","date_gmt":"2023-11-10T12:09:03","guid":{"rendered":"https:\/\/fuentesfidedignas.com.mx\/?p=65265"},"modified":"2023-11-09T18:09:45","modified_gmt":"2023-11-10T01:09:45","slug":"alienigena-o-minipersona-resuelven-misterio-de-extrana-criatura-momificada","status":"publish","type":"post","link":"https:\/\/fuentesfidedignas.com.mx\/index.php\/2023\/11\/10\/alienigena-o-minipersona-resuelven-misterio-de-extrana-criatura-momificada\/","title":{"rendered":"\u00bfAlien\u00edgena o minipersona? Resuelven misterio de extra\u00f1a criatura momificada"},"content":{"rendered":"\n<p><strong><em>Los restos de s\u00f3lo 15 cent\u00edmetros, no tiene r\u00f3tulas, un cr\u00e1neo puntiagudo en forma de cono, cuencas oculares inclinadas y diez costillas, adem\u00e1s de que no eran un feto humano, sino un ser completamente formado.<\/em><\/strong><\/p>\n\n\n\n<p>Hace un par de meses, M\u00e9xico sorprendi\u00f3 al mundo cuando Jaime Maussan present\u00f3 en el Congreso los cuerpos de dos supuestos seres \u201cno humanos\u201d hallados en Per\u00fa y que adem\u00e1s de provocar inquietud, no faltaron las risas y cuestionamientos tanto de la sociedad en general, como de la comunidad cient\u00edfica.<\/p>\n\n\n\n<p>Sin embargo, este tipo de evidencias se han encontrado en otras partes de mundo, en donde se han estudiado a fondo para descubrir de qu\u00e9 se trata o a qu\u00e9 tipo de animal o criatura corresponden los restos hallados.<\/p>\n\n\n\n<p>Y es que recientemente un grupo de investigadores aseguraron haber descifrado el enigma que rodeaba a un diminuto esqueleto supuestamente &#8220;alien\u00edgena&#8221; hallado en un desierto de Atacama hace 20 a\u00f1os podr\u00eda pertenecer en realidad a una raza desconocida de minipersonas que viv\u00edan en cuevas.<\/p>\n\n\n\n<p>Seg\u00fan estudios anteriores, los restos, que med\u00edan s\u00f3lo 15 cent\u00edmetros, no tiene r\u00f3tulas, un cr\u00e1neo puntiagudo en forma de cono, cuencas oculares inclinadas y diez costillas, adem\u00e1s de que no eran un feto humano, sino un ser completamente formado.<\/p>\n\n\n\n<figure class=\"wp-block-image size-large\"><img decoding=\"async\" width=\"1024\" height=\"678\" src=\"https:\/\/fuentesfidedignas.com.mx\/wp-content\/uploads\/2023\/11\/alien_3-1024x678.jpg\" alt=\"\" class=\"wp-image-65267\" srcset=\"https:\/\/fuentesfidedignas.com.mx\/wp-content\/uploads\/2023\/11\/alien_3-1024x678.jpg 1024w, https:\/\/fuentesfidedignas.com.mx\/wp-content\/uploads\/2023\/11\/alien_3-300x199.jpg 300w, https:\/\/fuentesfidedignas.com.mx\/wp-content\/uploads\/2023\/11\/alien_3-768x509.jpg 768w, https:\/\/fuentesfidedignas.com.mx\/wp-content\/uploads\/2023\/11\/alien_3-1536x1017.jpg 1536w, https:\/\/fuentesfidedignas.com.mx\/wp-content\/uploads\/2023\/11\/alien_3-2048x1357.jpg 2048w, https:\/\/fuentesfidedignas.com.mx\/wp-content\/uploads\/2023\/11\/alien_3-696x461.jpg 696w, https:\/\/fuentesfidedignas.com.mx\/wp-content\/uploads\/2023\/11\/alien_3-1068x707.jpg 1068w, https:\/\/fuentesfidedignas.com.mx\/wp-content\/uploads\/2023\/11\/alien_3-1920x1272.jpg 1920w, https:\/\/fuentesfidedignas.com.mx\/wp-content\/uploads\/2023\/11\/alien_3-634x420.jpg 634w\" sizes=\"(max-width: 1024px) 100vw, 1024px\" \/><\/figure>\n\n\n\n<p>Los peculiares restos, apodados Ata, fueron descubiertos en una iglesia abandonada del desierto chileno de Atacama y fue un hombre, identificado como Oscar Mu\u00f1oz quien encontr\u00f3 el cad\u00e1ver dentro de una bolsa de cuero envuelta en tela blanca y atada con una cinta morada, sin nada que indicara su procedencia.<\/p>\n\n\n\n<p>M\u00e1s tarde, Mu\u00f1oz lo vendi\u00f3 al empresario e investigador espa\u00f1ol Ram\u00f3n Navia-Osorio Villar, quien ahora cree que el esqueleto pertenece a una peque\u00f1a raza de personas que coexistieron con el pueblo aymara en Sudam\u00e9rica hace muchos a\u00f1os.<\/p>\n\n\n\n<p>Recientemente apareci\u00f3 en el programa de televisi\u00f3n espa\u00f1ol Cuarto Milenio y descart\u00f3 la posibilidad de que se tratara de un extraterrestre.<\/p>\n\n\n\n<p>&#8220;Lo recibimos en la Real Academia de Ciencias de Espa\u00f1a y all\u00ed realizamos la primera radiograf\u00eda, con baja radiaci\u00f3n para no da\u00f1ar el esp\u00e9cimen.<\/p>\n\n\n\n<p>&#8220;Ya nos dijeron que no sab\u00edan lo que era, la cabeza era tan voluminosa, las manos eran tan alargadas, no ten\u00eda r\u00f3tulas, la clav\u00edcula era m\u00e1s triangular que la de los humanos, que empec\u00e9 a preocuparme&#8221;.<\/p>\n\n\n\n<p>Seg\u00fan Navia-Osorio, algunos de sus colegas afirmaron categ\u00f3ricamente que Ata no era un feto humano.<\/p>\n\n\n\n<p>El investigador cree que Ata no procede del espacio exterior, sino que coexisti\u00f3 con los humanos hace muchos a\u00f1os y explic\u00f3 que podr\u00eda pertenecer a un grupo de personas muy peque\u00f1as que viv\u00edan en cuevas y s\u00f3lo sal\u00edan de noche, de ah\u00ed sus extra\u00f1os ojos almendrados.<\/p>\n\n\n\n<p>&#8220;Un amigo nativo de la tribu aymara me dijo que estos seres viv\u00edan con sus antepasados antes de que llegaran los colonos espa\u00f1oles&#8221;.<\/p>\n\n\n\n<p>Desde el descubrimiento de Ata en 2003, las especulaciones sobre su origen se han disparado, y muchos creen que es extraterrestre, la teor\u00eda creci\u00f3 en popularidad despu\u00e9s de que el esqueleto apareciera en un documental como posible evidencia de vida extraterrestre.<\/p>\n\n\n\n<figure class=\"wp-block-image size-full\"><img decoding=\"async\" width=\"634\" height=\"213\" src=\"https:\/\/fuentesfidedignas.com.mx\/wp-content\/uploads\/2023\/11\/image-4.png\" alt=\"\" class=\"wp-image-65266\" srcset=\"https:\/\/fuentesfidedignas.com.mx\/wp-content\/uploads\/2023\/11\/image-4.png 634w, https:\/\/fuentesfidedignas.com.mx\/wp-content\/uploads\/2023\/11\/image-4-300x101.png 300w\" sizes=\"(max-width: 634px) 100vw, 634px\" \/><\/figure>\n\n\n\n<p>Los an\u00e1lisis de ADN realizados en 2018 sugirieron que se trataba de un feto femenino humano con mutaciones inusuales relacionadas con el enanismo y la escoliosis.<\/p>\n\n\n\n<p>\u00c9sta no es la \u00fanica criatura extra\u00f1a cuyo misterio se ha resuelto recientemente.<\/p>\n\n\n\n<p>Hace poco sali\u00f3 a la luz que una extra\u00f1a &#8220;sirena&#8221; que se cre\u00eda en parte pez, en parte mono y en parte reptil era en realidad un enga\u00f1o. Se descubri\u00f3 que la criatura es completamente artificial, fabricada a finales del siglo XIX.<\/p>\n","protected":false},"excerpt":{"rendered":"<p>Los restos de s\u00f3lo 15 cent\u00edmetros, no tiene r\u00f3tulas, un cr\u00e1neo puntiagudo en forma de cono, cuencas oculares inclinadas y diez costillas, adem\u00e1s de que no eran un feto humano, sino un ser completamente formado. Hace un par de meses, M\u00e9xico sorprendi\u00f3 al mundo cuando Jaime Maussan present\u00f3 en el Congreso los cuerpos de dos [&hellip;]<\/p>\n","protected":false},"author":7,"featured_media":65268,"comment_status":"open","ping_status":"open","sticky":false,"template":"","format":"standard","meta":{"tdm_status":"","tdm_grid_status":"","footnotes":""},"categories":[40],"tags":[],"class_list":{"0":"post-65265","1":"post","2":"type-post","3":"status-publish","4":"format-standard","5":"has-post-thumbnail","7":"category-las-asombrosas"},"yoast_head":"<!-- This site is optimized with the Yoast SEO plugin v27.4 - https:\/\/yoast.com\/product\/yoast-seo-wordpress\/ -->\n<title>\u00bfAlien\u00edgena o minipersona? Resuelven misterio de extra\u00f1a criatura momificada - Fuentes Fidedignas<\/title>\n<meta name=\"robots\" content=\"index, follow, max-snippet:-1, max-image-preview:large, max-video-preview:-1\" \/>\n<link rel=\"canonical\" href=\"https:\/\/fuentesfidedignas.com.mx\/index.php\/2023\/11\/10\/alienigena-o-minipersona-resuelven-misterio-de-extrana-criatura-momificada\/\" \/>\n<meta property=\"og:locale\" content=\"es_MX\" \/>\n<meta property=\"og:type\" content=\"article\" \/>\n<meta property=\"og:title\" content=\"\u00bfAlien\u00edgena o minipersona? Resuelven misterio de extra\u00f1a criatura momificada - Fuentes Fidedignas\" \/>\n<meta property=\"og:description\" content=\"Los restos de s\u00f3lo 15 cent\u00edmetros, no tiene r\u00f3tulas, un cr\u00e1neo puntiagudo en forma de cono, cuencas oculares inclinadas y diez costillas, adem\u00e1s de que no eran un feto humano, sino un ser completamente formado. Hace un par de meses, M\u00e9xico sorprendi\u00f3 al mundo cuando Jaime Maussan present\u00f3 en el Congreso los cuerpos de dos [&hellip;]\" \/>\n<meta property=\"og:url\" content=\"https:\/\/fuentesfidedignas.com.mx\/index.php\/2023\/11\/10\/alienigena-o-minipersona-resuelven-misterio-de-extrana-criatura-momificada\/\" \/>\n<meta property=\"og:site_name\" content=\"Fuentes Fidedignas\" \/>\n<meta property=\"article:publisher\" content=\"https:\/\/www.facebook.com\/Fuentes-Fidedignas-368234489921644\" \/>\n<meta property=\"article:published_time\" content=\"2023-11-10T12:09:03+00:00\" \/>\n<meta property=\"og:image\" content=\"https:\/\/fuentesfidedignas.com.mx\/wp-content\/uploads\/2023\/11\/MOMIA_ALIENIGENA.jpg\" \/>\n\t<meta property=\"og:image:width\" content=\"800\" \/>\n\t<meta property=\"og:image:height\" content=\"600\" \/>\n\t<meta property=\"og:image:type\" content=\"image\/jpeg\" \/>\n<meta name=\"author\" content=\"Exc\u00e9lsior\" \/>\n<meta name=\"twitter:card\" content=\"summary_large_image\" \/>\n<meta name=\"twitter:creator\" content=\"@fidedignas\" \/>\n<meta name=\"twitter:site\" content=\"@fidedignas\" \/>\n<meta name=\"twitter:label1\" content=\"Escrito por\" \/>\n\t<meta name=\"twitter:data1\" content=\"Exc\u00e9lsior\" \/>\n\t<meta name=\"twitter:label2\" content=\"Tiempo de lectura\" \/>\n\t<meta name=\"twitter:data2\" content=\"4 minutos\" \/>\n<script type=\"application\/ld+json\" class=\"yoast-schema-graph\">{\"@context\":\"https:\\\/\\\/schema.org\",\"@graph\":[{\"@type\":\"Article\",\"@id\":\"https:\\\/\\\/fuentesfidedignas.com.mx\\\/index.php\\\/2023\\\/11\\\/10\\\/alienigena-o-minipersona-resuelven-misterio-de-extrana-criatura-momificada\\\/#article\",\"isPartOf\":{\"@id\":\"https:\\\/\\\/fuentesfidedignas.com.mx\\\/index.php\\\/2023\\\/11\\\/10\\\/alienigena-o-minipersona-resuelven-misterio-de-extrana-criatura-momificada\\\/\"},\"author\":{\"name\":\"Exc\u00e9lsior\",\"@id\":\"https:\\\/\\\/fuentesfidedignas.com.mx\\\/#\\\/schema\\\/person\\\/ec4edd1fbf5efa3e44fce34fe2787780\"},\"headline\":\"\u00bfAlien\u00edgena o minipersona? Resuelven misterio de extra\u00f1a criatura momificada\",\"datePublished\":\"2023-11-10T12:09:03+00:00\",\"mainEntityOfPage\":{\"@id\":\"https:\\\/\\\/fuentesfidedignas.com.mx\\\/index.php\\\/2023\\\/11\\\/10\\\/alienigena-o-minipersona-resuelven-misterio-de-extrana-criatura-momificada\\\/\"},\"wordCount\":645,\"commentCount\":0,\"publisher\":{\"@id\":\"https:\\\/\\\/fuentesfidedignas.com.mx\\\/#organization\"},\"image\":{\"@id\":\"https:\\\/\\\/fuentesfidedignas.com.mx\\\/index.php\\\/2023\\\/11\\\/10\\\/alienigena-o-minipersona-resuelven-misterio-de-extrana-criatura-momificada\\\/#primaryimage\"},\"thumbnailUrl\":\"https:\\\/\\\/fuentesfidedignas.com.mx\\\/wp-content\\\/uploads\\\/2023\\\/11\\\/MOMIA_ALIENIGENA.jpg\",\"articleSection\":[\"LAS ASOMBROSAS\"],\"inLanguage\":\"es\",\"potentialAction\":[{\"@type\":\"CommentAction\",\"name\":\"Comment\",\"target\":[\"https:\\\/\\\/fuentesfidedignas.com.mx\\\/index.php\\\/2023\\\/11\\\/10\\\/alienigena-o-minipersona-resuelven-misterio-de-extrana-criatura-momificada\\\/#respond\"]}]},{\"@type\":\"WebPage\",\"@id\":\"https:\\\/\\\/fuentesfidedignas.com.mx\\\/index.php\\\/2023\\\/11\\\/10\\\/alienigena-o-minipersona-resuelven-misterio-de-extrana-criatura-momificada\\\/\",\"url\":\"https:\\\/\\\/fuentesfidedignas.com.mx\\\/index.php\\\/2023\\\/11\\\/10\\\/alienigena-o-minipersona-resuelven-misterio-de-extrana-criatura-momificada\\\/\",\"name\":\"\u00bfAlien\u00edgena o minipersona? Resuelven misterio de extra\u00f1a criatura momificada - Fuentes Fidedignas\",\"isPartOf\":{\"@id\":\"https:\\\/\\\/fuentesfidedignas.com.mx\\\/#website\"},\"primaryImageOfPage\":{\"@id\":\"https:\\\/\\\/fuentesfidedignas.com.mx\\\/index.php\\\/2023\\\/11\\\/10\\\/alienigena-o-minipersona-resuelven-misterio-de-extrana-criatura-momificada\\\/#primaryimage\"},\"image\":{\"@id\":\"https:\\\/\\\/fuentesfidedignas.com.mx\\\/index.php\\\/2023\\\/11\\\/10\\\/alienigena-o-minipersona-resuelven-misterio-de-extrana-criatura-momificada\\\/#primaryimage\"},\"thumbnailUrl\":\"https:\\\/\\\/fuentesfidedignas.com.mx\\\/wp-content\\\/uploads\\\/2023\\\/11\\\/MOMIA_ALIENIGENA.jpg\",\"datePublished\":\"2023-11-10T12:09:03+00:00\",\"breadcrumb\":{\"@id\":\"https:\\\/\\\/fuentesfidedignas.com.mx\\\/index.php\\\/2023\\\/11\\\/10\\\/alienigena-o-minipersona-resuelven-misterio-de-extrana-criatura-momificada\\\/#breadcrumb\"},\"inLanguage\":\"es\",\"potentialAction\":[{\"@type\":\"ReadAction\",\"target\":[\"https:\\\/\\\/fuentesfidedignas.com.mx\\\/index.php\\\/2023\\\/11\\\/10\\\/alienigena-o-minipersona-resuelven-misterio-de-extrana-criatura-momificada\\\/\"]}]},{\"@type\":\"ImageObject\",\"inLanguage\":\"es\",\"@id\":\"https:\\\/\\\/fuentesfidedignas.com.mx\\\/index.php\\\/2023\\\/11\\\/10\\\/alienigena-o-minipersona-resuelven-misterio-de-extrana-criatura-momificada\\\/#primaryimage\",\"url\":\"https:\\\/\\\/fuentesfidedignas.com.mx\\\/wp-content\\\/uploads\\\/2023\\\/11\\\/MOMIA_ALIENIGENA.jpg\",\"contentUrl\":\"https:\\\/\\\/fuentesfidedignas.com.mx\\\/wp-content\\\/uploads\\\/2023\\\/11\\\/MOMIA_ALIENIGENA.jpg\",\"width\":800,\"height\":600},{\"@type\":\"BreadcrumbList\",\"@id\":\"https:\\\/\\\/fuentesfidedignas.com.mx\\\/index.php\\\/2023\\\/11\\\/10\\\/alienigena-o-minipersona-resuelven-misterio-de-extrana-criatura-momificada\\\/#breadcrumb\",\"itemListElement\":[{\"@type\":\"ListItem\",\"position\":1,\"name\":\"Inicio\",\"item\":\"https:\\\/\\\/fuentesfidedignas.com.mx\\\/\"},{\"@type\":\"ListItem\",\"position\":2,\"name\":\"\u00bfAlien\u00edgena o minipersona? Resuelven misterio de extra\u00f1a criatura momificada\"}]},{\"@type\":\"WebSite\",\"@id\":\"https:\\\/\\\/fuentesfidedignas.com.mx\\\/#website\",\"url\":\"https:\\\/\\\/fuentesfidedignas.com.mx\\\/\",\"name\":\"Fuentes Fidedignas\",\"description\":\"Otro sitio realizado con WordPress\",\"publisher\":{\"@id\":\"https:\\\/\\\/fuentesfidedignas.com.mx\\\/#organization\"},\"potentialAction\":[{\"@type\":\"SearchAction\",\"target\":{\"@type\":\"EntryPoint\",\"urlTemplate\":\"https:\\\/\\\/fuentesfidedignas.com.mx\\\/?s={search_term_string}\"},\"query-input\":{\"@type\":\"PropertyValueSpecification\",\"valueRequired\":true,\"valueName\":\"search_term_string\"}}],\"inLanguage\":\"es\"},{\"@type\":\"Organization\",\"@id\":\"https:\\\/\\\/fuentesfidedignas.com.mx\\\/#organization\",\"name\":\"Fuentes Fidedignas\",\"url\":\"https:\\\/\\\/fuentesfidedignas.com.mx\\\/\",\"logo\":{\"@type\":\"ImageObject\",\"inLanguage\":\"es\",\"@id\":\"https:\\\/\\\/fuentesfidedignas.com.mx\\\/#\\\/schema\\\/logo\\\/image\\\/\",\"url\":\"https:\\\/\\\/fuentesfidedignas.com.mx\\\/wp-content\\\/uploads\\\/2021\\\/04\\\/logo-retina.png\",\"contentUrl\":\"https:\\\/\\\/fuentesfidedignas.com.mx\\\/wp-content\\\/uploads\\\/2021\\\/04\\\/logo-retina.png\",\"width\":280,\"height\":51,\"caption\":\"Fuentes Fidedignas\"},\"image\":{\"@id\":\"https:\\\/\\\/fuentesfidedignas.com.mx\\\/#\\\/schema\\\/logo\\\/image\\\/\"},\"sameAs\":[\"https:\\\/\\\/www.facebook.com\\\/Fuentes-Fidedignas-368234489921644\",\"https:\\\/\\\/x.com\\\/fidedignas\"]},{\"@type\":\"Person\",\"@id\":\"https:\\\/\\\/fuentesfidedignas.com.mx\\\/#\\\/schema\\\/person\\\/ec4edd1fbf5efa3e44fce34fe2787780\",\"name\":\"Exc\u00e9lsior\",\"image\":{\"@type\":\"ImageObject\",\"inLanguage\":\"es\",\"@id\":\"https:\\\/\\\/secure.gravatar.com\\\/avatar\\\/4b7ee9206b48be08447852b3f0814dbc7c0f3b51541b164f1464a2725614020b?s=96&d=mm&r=g\",\"url\":\"https:\\\/\\\/secure.gravatar.com\\\/avatar\\\/4b7ee9206b48be08447852b3f0814dbc7c0f3b51541b164f1464a2725614020b?s=96&d=mm&r=g\",\"contentUrl\":\"https:\\\/\\\/secure.gravatar.com\\\/avatar\\\/4b7ee9206b48be08447852b3f0814dbc7c0f3b51541b164f1464a2725614020b?s=96&d=mm&r=g\",\"caption\":\"Exc\u00e9lsior\"},\"url\":\"https:\\\/\\\/fuentesfidedignas.com.mx\\\/index.php\\\/author\\\/excelsior\\\/\"}]}<\/script>\n<!-- \/ Yoast SEO plugin. -->","yoast_head_json":{"title":"\u00bfAlien\u00edgena o minipersona? Resuelven misterio de extra\u00f1a criatura momificada - Fuentes Fidedignas","robots":{"index":"index","follow":"follow","max-snippet":"max-snippet:-1","max-image-preview":"max-image-preview:large","max-video-preview":"max-video-preview:-1"},"canonical":"https:\/\/fuentesfidedignas.com.mx\/index.php\/2023\/11\/10\/alienigena-o-minipersona-resuelven-misterio-de-extrana-criatura-momificada\/","og_locale":"es_MX","og_type":"article","og_title":"\u00bfAlien\u00edgena o minipersona? Resuelven misterio de extra\u00f1a criatura momificada - Fuentes Fidedignas","og_description":"Los restos de s\u00f3lo 15 cent\u00edmetros, no tiene r\u00f3tulas, un cr\u00e1neo puntiagudo en forma de cono, cuencas oculares inclinadas y diez costillas, adem\u00e1s de que no eran un feto humano, sino un ser completamente formado. Hace un par de meses, M\u00e9xico sorprendi\u00f3 al mundo cuando Jaime Maussan present\u00f3 en el Congreso los cuerpos de dos [&hellip;]","og_url":"https:\/\/fuentesfidedignas.com.mx\/index.php\/2023\/11\/10\/alienigena-o-minipersona-resuelven-misterio-de-extrana-criatura-momificada\/","og_site_name":"Fuentes Fidedignas","article_publisher":"https:\/\/www.facebook.com\/Fuentes-Fidedignas-368234489921644","article_published_time":"2023-11-10T12:09:03+00:00","og_image":[{"width":800,"height":600,"url":"https:\/\/fuentesfidedignas.com.mx\/wp-content\/uploads\/2023\/11\/MOMIA_ALIENIGENA.jpg","type":"image\/jpeg"}],"author":"Exc\u00e9lsior","twitter_card":"summary_large_image","twitter_creator":"@fidedignas","twitter_site":"@fidedignas","twitter_misc":{"Escrito por":"Exc\u00e9lsior","Tiempo de lectura":"4 minutos"},"schema":{"@context":"https:\/\/schema.org","@graph":[{"@type":"Article","@id":"https:\/\/fuentesfidedignas.com.mx\/index.php\/2023\/11\/10\/alienigena-o-minipersona-resuelven-misterio-de-extrana-criatura-momificada\/#article","isPartOf":{"@id":"https:\/\/fuentesfidedignas.com.mx\/index.php\/2023\/11\/10\/alienigena-o-minipersona-resuelven-misterio-de-extrana-criatura-momificada\/"},"author":{"name":"Exc\u00e9lsior","@id":"https:\/\/fuentesfidedignas.com.mx\/#\/schema\/person\/ec4edd1fbf5efa3e44fce34fe2787780"},"headline":"\u00bfAlien\u00edgena o minipersona? Resuelven misterio de extra\u00f1a criatura momificada","datePublished":"2023-11-10T12:09:03+00:00","mainEntityOfPage":{"@id":"https:\/\/fuentesfidedignas.com.mx\/index.php\/2023\/11\/10\/alienigena-o-minipersona-resuelven-misterio-de-extrana-criatura-momificada\/"},"wordCount":645,"commentCount":0,"publisher":{"@id":"https:\/\/fuentesfidedignas.com.mx\/#organization"},"image":{"@id":"https:\/\/fuentesfidedignas.com.mx\/index.php\/2023\/11\/10\/alienigena-o-minipersona-resuelven-misterio-de-extrana-criatura-momificada\/#primaryimage"},"thumbnailUrl":"https:\/\/fuentesfidedignas.com.mx\/wp-content\/uploads\/2023\/11\/MOMIA_ALIENIGENA.jpg","articleSection":["LAS ASOMBROSAS"],"inLanguage":"es","potentialAction":[{"@type":"CommentAction","name":"Comment","target":["https:\/\/fuentesfidedignas.com.mx\/index.php\/2023\/11\/10\/alienigena-o-minipersona-resuelven-misterio-de-extrana-criatura-momificada\/#respond"]}]},{"@type":"WebPage","@id":"https:\/\/fuentesfidedignas.com.mx\/index.php\/2023\/11\/10\/alienigena-o-minipersona-resuelven-misterio-de-extrana-criatura-momificada\/","url":"https:\/\/fuentesfidedignas.com.mx\/index.php\/2023\/11\/10\/alienigena-o-minipersona-resuelven-misterio-de-extrana-criatura-momificada\/","name":"\u00bfAlien\u00edgena o minipersona? Resuelven misterio de extra\u00f1a criatura momificada - Fuentes Fidedignas","isPartOf":{"@id":"https:\/\/fuentesfidedignas.com.mx\/#website"},"primaryImageOfPage":{"@id":"https:\/\/fuentesfidedignas.com.mx\/index.php\/2023\/11\/10\/alienigena-o-minipersona-resuelven-misterio-de-extrana-criatura-momificada\/#primaryimage"},"image":{"@id":"https:\/\/fuentesfidedignas.com.mx\/index.php\/2023\/11\/10\/alienigena-o-minipersona-resuelven-misterio-de-extrana-criatura-momificada\/#primaryimage"},"thumbnailUrl":"https:\/\/fuentesfidedignas.com.mx\/wp-content\/uploads\/2023\/11\/MOMIA_ALIENIGENA.jpg","datePublished":"2023-11-10T12:09:03+00:00","breadcrumb":{"@id":"https:\/\/fuentesfidedignas.com.mx\/index.php\/2023\/11\/10\/alienigena-o-minipersona-resuelven-misterio-de-extrana-criatura-momificada\/#breadcrumb"},"inLanguage":"es","potentialAction":[{"@type":"ReadAction","target":["https:\/\/fuentesfidedignas.com.mx\/index.php\/2023\/11\/10\/alienigena-o-minipersona-resuelven-misterio-de-extrana-criatura-momificada\/"]}]},{"@type":"ImageObject","inLanguage":"es","@id":"https:\/\/fuentesfidedignas.com.mx\/index.php\/2023\/11\/10\/alienigena-o-minipersona-resuelven-misterio-de-extrana-criatura-momificada\/#primaryimage","url":"https:\/\/fuentesfidedignas.com.mx\/wp-content\/uploads\/2023\/11\/MOMIA_ALIENIGENA.jpg","contentUrl":"https:\/\/fuentesfidedignas.com.mx\/wp-content\/uploads\/2023\/11\/MOMIA_ALIENIGENA.jpg","width":800,"height":600},{"@type":"BreadcrumbList","@id":"https:\/\/fuentesfidedignas.com.mx\/index.php\/2023\/11\/10\/alienigena-o-minipersona-resuelven-misterio-de-extrana-criatura-momificada\/#breadcrumb","itemListElement":[{"@type":"ListItem","position":1,"name":"Inicio","item":"https:\/\/fuentesfidedignas.com.mx\/"},{"@type":"ListItem","position":2,"name":"\u00bfAlien\u00edgena o minipersona? Resuelven misterio de extra\u00f1a criatura momificada"}]},{"@type":"WebSite","@id":"https:\/\/fuentesfidedignas.com.mx\/#website","url":"https:\/\/fuentesfidedignas.com.mx\/","name":"Fuentes Fidedignas","description":"Otro sitio realizado con WordPress","publisher":{"@id":"https:\/\/fuentesfidedignas.com.mx\/#organization"},"potentialAction":[{"@type":"SearchAction","target":{"@type":"EntryPoint","urlTemplate":"https:\/\/fuentesfidedignas.com.mx\/?s={search_term_string}"},"query-input":{"@type":"PropertyValueSpecification","valueRequired":true,"valueName":"search_term_string"}}],"inLanguage":"es"},{"@type":"Organization","@id":"https:\/\/fuentesfidedignas.com.mx\/#organization","name":"Fuentes Fidedignas","url":"https:\/\/fuentesfidedignas.com.mx\/","logo":{"@type":"ImageObject","inLanguage":"es","@id":"https:\/\/fuentesfidedignas.com.mx\/#\/schema\/logo\/image\/","url":"https:\/\/fuentesfidedignas.com.mx\/wp-content\/uploads\/2021\/04\/logo-retina.png","contentUrl":"https:\/\/fuentesfidedignas.com.mx\/wp-content\/uploads\/2021\/04\/logo-retina.png","width":280,"height":51,"caption":"Fuentes Fidedignas"},"image":{"@id":"https:\/\/fuentesfidedignas.com.mx\/#\/schema\/logo\/image\/"},"sameAs":["https:\/\/www.facebook.com\/Fuentes-Fidedignas-368234489921644","https:\/\/x.com\/fidedignas"]},{"@type":"Person","@id":"https:\/\/fuentesfidedignas.com.mx\/#\/schema\/person\/ec4edd1fbf5efa3e44fce34fe2787780","name":"Exc\u00e9lsior","image":{"@type":"ImageObject","inLanguage":"es","@id":"https:\/\/secure.gravatar.com\/avatar\/4b7ee9206b48be08447852b3f0814dbc7c0f3b51541b164f1464a2725614020b?s=96&d=mm&r=g","url":"https:\/\/secure.gravatar.com\/avatar\/4b7ee9206b48be08447852b3f0814dbc7c0f3b51541b164f1464a2725614020b?s=96&d=mm&r=g","contentUrl":"https:\/\/secure.gravatar.com\/avatar\/4b7ee9206b48be08447852b3f0814dbc7c0f3b51541b164f1464a2725614020b?s=96&d=mm&r=g","caption":"Exc\u00e9lsior"},"url":"https:\/\/fuentesfidedignas.com.mx\/index.php\/author\/excelsior\/"}]}},"_links":{"self":[{"href":"https:\/\/fuentesfidedignas.com.mx\/index.php\/wp-json\/wp\/v2\/posts\/65265","targetHints":{"allow":["GET"]}}],"collection":[{"href":"https:\/\/fuentesfidedignas.com.mx\/index.php\/wp-json\/wp\/v2\/posts"}],"about":[{"href":"https:\/\/fuentesfidedignas.com.mx\/index.php\/wp-json\/wp\/v2\/types\/post"}],"author":[{"embeddable":true,"href":"https:\/\/fuentesfidedignas.com.mx\/index.php\/wp-json\/wp\/v2\/users\/7"}],"replies":[{"embeddable":true,"href":"https:\/\/fuentesfidedignas.com.mx\/index.php\/wp-json\/wp\/v2\/comments?post=65265"}],"version-history":[{"count":1,"href":"https:\/\/fuentesfidedignas.com.mx\/index.php\/wp-json\/wp\/v2\/posts\/65265\/revisions"}],"predecessor-version":[{"id":65269,"href":"https:\/\/fuentesfidedignas.com.mx\/index.php\/wp-json\/wp\/v2\/posts\/65265\/revisions\/65269"}],"wp:featuredmedia":[{"embeddable":true,"href":"https:\/\/fuentesfidedignas.com.mx\/index.php\/wp-json\/wp\/v2\/media\/65268"}],"wp:attachment":[{"href":"https:\/\/fuentesfidedignas.com.mx\/index.php\/wp-json\/wp\/v2\/media?parent=65265"}],"wp:term":[{"taxonomy":"category","embeddable":true,"href":"https:\/\/fuentesfidedignas.com.mx\/index.php\/wp-json\/wp\/v2\/categories?post=65265"},{"taxonomy":"post_tag","embeddable":true,"href":"https:\/\/fuentesfidedignas.com.mx\/index.php\/wp-json\/wp\/v2\/tags?post=65265"}],"curies":[{"name":"wp","href":"https:\/\/api.w.org\/{rel}","templated":true}]}}