{"id":65194,"date":"2023-11-09T07:27:08","date_gmt":"2023-11-09T14:27:08","guid":{"rendered":"https:\/\/fuentesfidedignas.com.mx\/?p=65194"},"modified":"2023-11-09T07:27:08","modified_gmt":"2023-11-09T14:27:08","slug":"gobierno-da-por-concluida-emergencia-en-acapulco-y-coyuca-por-otis","status":"publish","type":"post","link":"https:\/\/fuentesfidedignas.com.mx\/index.php\/2023\/11\/09\/gobierno-da-por-concluida-emergencia-en-acapulco-y-coyuca-por-otis\/","title":{"rendered":"Gobierno da por concluida emergencia en Acapulco y Coyuca por Otis"},"content":{"rendered":"\n<p><strong><em>Autoridades consideran que \u201cya no persisten las condiciones de emergencia\u201d en Acapulco y Coyuca para continuar con la vigencia de la declaratoria<\/em><\/strong><\/p>\n\n\n\n<p>Autoridades consideran que \u201cya no persisten las condiciones de emergencia\u201d en Acapulco y Coyuca para continuar con la vigencia de la declaratoria<\/p>\n\n\n\n<p>Ciudad de M\u00e9xico.- El Gobierno Federal dio por concluida la declaratoria de emergencia por el paso del hurac\u00e1n Otis.<\/p>\n\n\n\n<p>Inicialmente, la Secretar\u00eda de Seguridad y Protecci\u00f3n Ciudadana (SSPC) activ\u00f3 la declaratoria en 47 municipios de Guerrero, sin embargo, despu\u00e9s la redujo a tan solo Acapulco y Coyuca de Ben\u00edtez.<\/p>\n\n\n\n<p>La situaci\u00f3n de emergencia se estableci\u00f3 por la ocurrencia de \u201clluvia severa y vientos fuertes el 24 de octubre\u201d, pero para el 2 de noviembre se consider\u00f3 que \u201cya no persisten las condiciones de emergencia para continuar con la vigencia de la declaratoria\u201d.<\/p>\n\n\n\n<p>El t\u00e9rmino de la declaratoria de emergencia en dos municipios de Acapulco fue publicado en el Diario Oficial de la Federaci\u00f3n (DOF).<\/p>\n\n\n\n<p>A dos semanas del paso del hurac\u00e1n Otis por Guerrero suman 48 personas muertas y 31 m\u00e1s desaparecidas, de acuerdo con la Coordinaci\u00f3n Nacional de Protecci\u00f3n Civil (CNPC).<\/p>\n\n\n\n<p>Han sido censadas 232 mil 345 viviendas y comercios afectados, tr\u00e1mites a cargo de dos mil 806 servidores de la Naci\u00f3n.<\/p>\n\n\n\n<p>El presidente Andr\u00e9s Manuel L\u00f3pez Obrador buscar\u00e1 que la actividad hotelera en Acapulco se retome este diciembre, ante lo cual los empresarios del sector se muestran esc\u00e9pticos, dadas las afectaciones por el hurac\u00e1n Otis.<\/p>\n\n\n\n<p>No obstante, se espera que alrededor de 40 hoteles reabran para las fiestas decembrinas, cifra que subir\u00eda en el primer trimestre de 2024, de cara al Abierto Mexicano de Tenis y el Tianguis Tur\u00edstico.<\/p>\n\n\n\n<p><\/p>\n","protected":false},"excerpt":{"rendered":"<p>Autoridades consideran que \u201cya no persisten las condiciones de emergencia\u201d en Acapulco y Coyuca para continuar con la vigencia de la declaratoria Autoridades consideran que \u201cya no persisten las condiciones de emergencia\u201d en Acapulco y Coyuca para continuar con la vigencia de la declaratoria Ciudad de M\u00e9xico.- El Gobierno Federal dio por concluida la declaratoria [&hellip;]<\/p>\n","protected":false},"author":47,"featured_media":65195,"comment_status":"open","ping_status":"open","sticky":false,"template":"","format":"standard","meta":{"tdm_status":"","tdm_grid_status":"","footnotes":""},"categories":[39],"tags":[],"class_list":{"0":"post-65194","1":"post","2":"type-post","3":"status-publish","4":"format-standard","5":"has-post-thumbnail","7":"category-noticias-nacionales"},"yoast_head":"<!-- This site is optimized with the Yoast SEO plugin v27.5 - https:\/\/yoast.com\/product\/yoast-seo-wordpress\/ -->\n<title>Gobierno da por concluida emergencia en Acapulco y Coyuca por Otis - Fuentes Fidedignas<\/title>\n<meta name=\"robots\" content=\"index, follow, max-snippet:-1, max-image-preview:large, max-video-preview:-1\" \/>\n<link rel=\"canonical\" href=\"https:\/\/fuentesfidedignas.com.mx\/index.php\/2023\/11\/09\/gobierno-da-por-concluida-emergencia-en-acapulco-y-coyuca-por-otis\/\" \/>\n<meta property=\"og:locale\" content=\"es_MX\" \/>\n<meta property=\"og:type\" content=\"article\" \/>\n<meta property=\"og:title\" content=\"Gobierno da por concluida emergencia en Acapulco y Coyuca por Otis - Fuentes Fidedignas\" \/>\n<meta property=\"og:description\" content=\"Autoridades consideran que \u201cya no persisten las condiciones de emergencia\u201d en Acapulco y Coyuca para continuar con la vigencia de la declaratoria Autoridades consideran que \u201cya no persisten las condiciones de emergencia\u201d en Acapulco y Coyuca para continuar con la vigencia de la declaratoria Ciudad de M\u00e9xico.- El Gobierno Federal dio por concluida la declaratoria [&hellip;]\" \/>\n<meta property=\"og:url\" content=\"https:\/\/fuentesfidedignas.com.mx\/index.php\/2023\/11\/09\/gobierno-da-por-concluida-emergencia-en-acapulco-y-coyuca-por-otis\/\" \/>\n<meta property=\"og:site_name\" content=\"Fuentes Fidedignas\" \/>\n<meta property=\"article:publisher\" content=\"https:\/\/www.facebook.com\/Fuentes-Fidedignas-368234489921644\" \/>\n<meta property=\"article:published_time\" content=\"2023-11-09T14:27:08+00:00\" \/>\n<meta property=\"og:image\" content=\"https:\/\/fuentesfidedignas.com.mx\/wp-content\/uploads\/2023\/11\/ACAPULCO_OTIS.jpg\" \/>\n\t<meta property=\"og:image:width\" content=\"1000\" \/>\n\t<meta property=\"og:image:height\" content=\"502\" \/>\n\t<meta property=\"og:image:type\" content=\"image\/jpeg\" \/>\n<meta name=\"author\" content=\"L\u00f3pez D\u00f3riga\" \/>\n<meta name=\"twitter:card\" content=\"summary_large_image\" \/>\n<meta name=\"twitter:creator\" content=\"@fidedignas\" \/>\n<meta name=\"twitter:site\" content=\"@fidedignas\" \/>\n<meta name=\"twitter:label1\" content=\"Escrito por\" \/>\n\t<meta name=\"twitter:data1\" content=\"L\u00f3pez D\u00f3riga\" \/>\n\t<meta name=\"twitter:label2\" content=\"Tiempo de lectura\" \/>\n\t<meta name=\"twitter:data2\" content=\"2 minutos\" \/>\n<script type=\"application\/ld+json\" class=\"yoast-schema-graph\">{\"@context\":\"https:\\\/\\\/schema.org\",\"@graph\":[{\"@type\":\"Article\",\"@id\":\"https:\\\/\\\/fuentesfidedignas.com.mx\\\/index.php\\\/2023\\\/11\\\/09\\\/gobierno-da-por-concluida-emergencia-en-acapulco-y-coyuca-por-otis\\\/#article\",\"isPartOf\":{\"@id\":\"https:\\\/\\\/fuentesfidedignas.com.mx\\\/index.php\\\/2023\\\/11\\\/09\\\/gobierno-da-por-concluida-emergencia-en-acapulco-y-coyuca-por-otis\\\/\"},\"author\":{\"name\":\"L\u00f3pez D\u00f3riga\",\"@id\":\"https:\\\/\\\/fuentesfidedignas.com.mx\\\/#\\\/schema\\\/person\\\/67d852f0557c8509146a4b9ddebd543a\"},\"headline\":\"Gobierno da por concluida emergencia en Acapulco y Coyuca por Otis\",\"datePublished\":\"2023-11-09T14:27:08+00:00\",\"mainEntityOfPage\":{\"@id\":\"https:\\\/\\\/fuentesfidedignas.com.mx\\\/index.php\\\/2023\\\/11\\\/09\\\/gobierno-da-por-concluida-emergencia-en-acapulco-y-coyuca-por-otis\\\/\"},\"wordCount\":298,\"commentCount\":0,\"publisher\":{\"@id\":\"https:\\\/\\\/fuentesfidedignas.com.mx\\\/#organization\"},\"image\":{\"@id\":\"https:\\\/\\\/fuentesfidedignas.com.mx\\\/index.php\\\/2023\\\/11\\\/09\\\/gobierno-da-por-concluida-emergencia-en-acapulco-y-coyuca-por-otis\\\/#primaryimage\"},\"thumbnailUrl\":\"https:\\\/\\\/fuentesfidedignas.com.mx\\\/wp-content\\\/uploads\\\/2023\\\/11\\\/ACAPULCO_OTIS.jpg\",\"articleSection\":[\"NOTICIAS NACIONALES\"],\"inLanguage\":\"es\",\"potentialAction\":[{\"@type\":\"CommentAction\",\"name\":\"Comment\",\"target\":[\"https:\\\/\\\/fuentesfidedignas.com.mx\\\/index.php\\\/2023\\\/11\\\/09\\\/gobierno-da-por-concluida-emergencia-en-acapulco-y-coyuca-por-otis\\\/#respond\"]}]},{\"@type\":\"WebPage\",\"@id\":\"https:\\\/\\\/fuentesfidedignas.com.mx\\\/index.php\\\/2023\\\/11\\\/09\\\/gobierno-da-por-concluida-emergencia-en-acapulco-y-coyuca-por-otis\\\/\",\"url\":\"https:\\\/\\\/fuentesfidedignas.com.mx\\\/index.php\\\/2023\\\/11\\\/09\\\/gobierno-da-por-concluida-emergencia-en-acapulco-y-coyuca-por-otis\\\/\",\"name\":\"Gobierno da por concluida emergencia en Acapulco y Coyuca por Otis - Fuentes Fidedignas\",\"isPartOf\":{\"@id\":\"https:\\\/\\\/fuentesfidedignas.com.mx\\\/#website\"},\"primaryImageOfPage\":{\"@id\":\"https:\\\/\\\/fuentesfidedignas.com.mx\\\/index.php\\\/2023\\\/11\\\/09\\\/gobierno-da-por-concluida-emergencia-en-acapulco-y-coyuca-por-otis\\\/#primaryimage\"},\"image\":{\"@id\":\"https:\\\/\\\/fuentesfidedignas.com.mx\\\/index.php\\\/2023\\\/11\\\/09\\\/gobierno-da-por-concluida-emergencia-en-acapulco-y-coyuca-por-otis\\\/#primaryimage\"},\"thumbnailUrl\":\"https:\\\/\\\/fuentesfidedignas.com.mx\\\/wp-content\\\/uploads\\\/2023\\\/11\\\/ACAPULCO_OTIS.jpg\",\"datePublished\":\"2023-11-09T14:27:08+00:00\",\"breadcrumb\":{\"@id\":\"https:\\\/\\\/fuentesfidedignas.com.mx\\\/index.php\\\/2023\\\/11\\\/09\\\/gobierno-da-por-concluida-emergencia-en-acapulco-y-coyuca-por-otis\\\/#breadcrumb\"},\"inLanguage\":\"es\",\"potentialAction\":[{\"@type\":\"ReadAction\",\"target\":[\"https:\\\/\\\/fuentesfidedignas.com.mx\\\/index.php\\\/2023\\\/11\\\/09\\\/gobierno-da-por-concluida-emergencia-en-acapulco-y-coyuca-por-otis\\\/\"]}]},{\"@type\":\"ImageObject\",\"inLanguage\":\"es\",\"@id\":\"https:\\\/\\\/fuentesfidedignas.com.mx\\\/index.php\\\/2023\\\/11\\\/09\\\/gobierno-da-por-concluida-emergencia-en-acapulco-y-coyuca-por-otis\\\/#primaryimage\",\"url\":\"https:\\\/\\\/fuentesfidedignas.com.mx\\\/wp-content\\\/uploads\\\/2023\\\/11\\\/ACAPULCO_OTIS.jpg\",\"contentUrl\":\"https:\\\/\\\/fuentesfidedignas.com.mx\\\/wp-content\\\/uploads\\\/2023\\\/11\\\/ACAPULCO_OTIS.jpg\",\"width\":1000,\"height\":502},{\"@type\":\"BreadcrumbList\",\"@id\":\"https:\\\/\\\/fuentesfidedignas.com.mx\\\/index.php\\\/2023\\\/11\\\/09\\\/gobierno-da-por-concluida-emergencia-en-acapulco-y-coyuca-por-otis\\\/#breadcrumb\",\"itemListElement\":[{\"@type\":\"ListItem\",\"position\":1,\"name\":\"Inicio\",\"item\":\"https:\\\/\\\/fuentesfidedignas.com.mx\\\/\"},{\"@type\":\"ListItem\",\"position\":2,\"name\":\"Gobierno da por concluida emergencia en Acapulco y Coyuca por Otis\"}]},{\"@type\":\"WebSite\",\"@id\":\"https:\\\/\\\/fuentesfidedignas.com.mx\\\/#website\",\"url\":\"https:\\\/\\\/fuentesfidedignas.com.mx\\\/\",\"name\":\"Fuentes Fidedignas\",\"description\":\"Otro sitio realizado con WordPress\",\"publisher\":{\"@id\":\"https:\\\/\\\/fuentesfidedignas.com.mx\\\/#organization\"},\"potentialAction\":[{\"@type\":\"SearchAction\",\"target\":{\"@type\":\"EntryPoint\",\"urlTemplate\":\"https:\\\/\\\/fuentesfidedignas.com.mx\\\/?s={search_term_string}\"},\"query-input\":{\"@type\":\"PropertyValueSpecification\",\"valueRequired\":true,\"valueName\":\"search_term_string\"}}],\"inLanguage\":\"es\"},{\"@type\":\"Organization\",\"@id\":\"https:\\\/\\\/fuentesfidedignas.com.mx\\\/#organization\",\"name\":\"Fuentes Fidedignas\",\"url\":\"https:\\\/\\\/fuentesfidedignas.com.mx\\\/\",\"logo\":{\"@type\":\"ImageObject\",\"inLanguage\":\"es\",\"@id\":\"https:\\\/\\\/fuentesfidedignas.com.mx\\\/#\\\/schema\\\/logo\\\/image\\\/\",\"url\":\"https:\\\/\\\/fuentesfidedignas.com.mx\\\/wp-content\\\/uploads\\\/2021\\\/04\\\/logo-retina.png\",\"contentUrl\":\"https:\\\/\\\/fuentesfidedignas.com.mx\\\/wp-content\\\/uploads\\\/2021\\\/04\\\/logo-retina.png\",\"width\":280,\"height\":51,\"caption\":\"Fuentes Fidedignas\"},\"image\":{\"@id\":\"https:\\\/\\\/fuentesfidedignas.com.mx\\\/#\\\/schema\\\/logo\\\/image\\\/\"},\"sameAs\":[\"https:\\\/\\\/www.facebook.com\\\/Fuentes-Fidedignas-368234489921644\",\"https:\\\/\\\/x.com\\\/fidedignas\"]},{\"@type\":\"Person\",\"@id\":\"https:\\\/\\\/fuentesfidedignas.com.mx\\\/#\\\/schema\\\/person\\\/67d852f0557c8509146a4b9ddebd543a\",\"name\":\"L\u00f3pez D\u00f3riga\",\"image\":{\"@type\":\"ImageObject\",\"inLanguage\":\"es\",\"@id\":\"https:\\\/\\\/secure.gravatar.com\\\/avatar\\\/e525b06574ca18b33cded59dfe5778d6c823b9513154eff47da551b0551bdd1e?s=96&d=mm&r=g\",\"url\":\"https:\\\/\\\/secure.gravatar.com\\\/avatar\\\/e525b06574ca18b33cded59dfe5778d6c823b9513154eff47da551b0551bdd1e?s=96&d=mm&r=g\",\"contentUrl\":\"https:\\\/\\\/secure.gravatar.com\\\/avatar\\\/e525b06574ca18b33cded59dfe5778d6c823b9513154eff47da551b0551bdd1e?s=96&d=mm&r=g\",\"caption\":\"L\u00f3pez D\u00f3riga\"},\"url\":\"https:\\\/\\\/fuentesfidedignas.com.mx\\\/index.php\\\/author\\\/doriga\\\/\"}]}<\/script>\n<!-- \/ Yoast SEO plugin. -->","yoast_head_json":{"title":"Gobierno da por concluida emergencia en Acapulco y Coyuca por Otis - Fuentes Fidedignas","robots":{"index":"index","follow":"follow","max-snippet":"max-snippet:-1","max-image-preview":"max-image-preview:large","max-video-preview":"max-video-preview:-1"},"canonical":"https:\/\/fuentesfidedignas.com.mx\/index.php\/2023\/11\/09\/gobierno-da-por-concluida-emergencia-en-acapulco-y-coyuca-por-otis\/","og_locale":"es_MX","og_type":"article","og_title":"Gobierno da por concluida emergencia en Acapulco y Coyuca por Otis - Fuentes Fidedignas","og_description":"Autoridades consideran que \u201cya no persisten las condiciones de emergencia\u201d en Acapulco y Coyuca para continuar con la vigencia de la declaratoria Autoridades consideran que \u201cya no persisten las condiciones de emergencia\u201d en Acapulco y Coyuca para continuar con la vigencia de la declaratoria Ciudad de M\u00e9xico.- El Gobierno Federal dio por concluida la declaratoria [&hellip;]","og_url":"https:\/\/fuentesfidedignas.com.mx\/index.php\/2023\/11\/09\/gobierno-da-por-concluida-emergencia-en-acapulco-y-coyuca-por-otis\/","og_site_name":"Fuentes Fidedignas","article_publisher":"https:\/\/www.facebook.com\/Fuentes-Fidedignas-368234489921644","article_published_time":"2023-11-09T14:27:08+00:00","og_image":[{"width":1000,"height":502,"url":"https:\/\/fuentesfidedignas.com.mx\/wp-content\/uploads\/2023\/11\/ACAPULCO_OTIS.jpg","type":"image\/jpeg"}],"author":"L\u00f3pez D\u00f3riga","twitter_card":"summary_large_image","twitter_creator":"@fidedignas","twitter_site":"@fidedignas","twitter_misc":{"Escrito por":"L\u00f3pez D\u00f3riga","Tiempo de lectura":"2 minutos"},"schema":{"@context":"https:\/\/schema.org","@graph":[{"@type":"Article","@id":"https:\/\/fuentesfidedignas.com.mx\/index.php\/2023\/11\/09\/gobierno-da-por-concluida-emergencia-en-acapulco-y-coyuca-por-otis\/#article","isPartOf":{"@id":"https:\/\/fuentesfidedignas.com.mx\/index.php\/2023\/11\/09\/gobierno-da-por-concluida-emergencia-en-acapulco-y-coyuca-por-otis\/"},"author":{"name":"L\u00f3pez D\u00f3riga","@id":"https:\/\/fuentesfidedignas.com.mx\/#\/schema\/person\/67d852f0557c8509146a4b9ddebd543a"},"headline":"Gobierno da por concluida emergencia en Acapulco y Coyuca por Otis","datePublished":"2023-11-09T14:27:08+00:00","mainEntityOfPage":{"@id":"https:\/\/fuentesfidedignas.com.mx\/index.php\/2023\/11\/09\/gobierno-da-por-concluida-emergencia-en-acapulco-y-coyuca-por-otis\/"},"wordCount":298,"commentCount":0,"publisher":{"@id":"https:\/\/fuentesfidedignas.com.mx\/#organization"},"image":{"@id":"https:\/\/fuentesfidedignas.com.mx\/index.php\/2023\/11\/09\/gobierno-da-por-concluida-emergencia-en-acapulco-y-coyuca-por-otis\/#primaryimage"},"thumbnailUrl":"https:\/\/fuentesfidedignas.com.mx\/wp-content\/uploads\/2023\/11\/ACAPULCO_OTIS.jpg","articleSection":["NOTICIAS NACIONALES"],"inLanguage":"es","potentialAction":[{"@type":"CommentAction","name":"Comment","target":["https:\/\/fuentesfidedignas.com.mx\/index.php\/2023\/11\/09\/gobierno-da-por-concluida-emergencia-en-acapulco-y-coyuca-por-otis\/#respond"]}]},{"@type":"WebPage","@id":"https:\/\/fuentesfidedignas.com.mx\/index.php\/2023\/11\/09\/gobierno-da-por-concluida-emergencia-en-acapulco-y-coyuca-por-otis\/","url":"https:\/\/fuentesfidedignas.com.mx\/index.php\/2023\/11\/09\/gobierno-da-por-concluida-emergencia-en-acapulco-y-coyuca-por-otis\/","name":"Gobierno da por concluida emergencia en Acapulco y Coyuca por Otis - Fuentes Fidedignas","isPartOf":{"@id":"https:\/\/fuentesfidedignas.com.mx\/#website"},"primaryImageOfPage":{"@id":"https:\/\/fuentesfidedignas.com.mx\/index.php\/2023\/11\/09\/gobierno-da-por-concluida-emergencia-en-acapulco-y-coyuca-por-otis\/#primaryimage"},"image":{"@id":"https:\/\/fuentesfidedignas.com.mx\/index.php\/2023\/11\/09\/gobierno-da-por-concluida-emergencia-en-acapulco-y-coyuca-por-otis\/#primaryimage"},"thumbnailUrl":"https:\/\/fuentesfidedignas.com.mx\/wp-content\/uploads\/2023\/11\/ACAPULCO_OTIS.jpg","datePublished":"2023-11-09T14:27:08+00:00","breadcrumb":{"@id":"https:\/\/fuentesfidedignas.com.mx\/index.php\/2023\/11\/09\/gobierno-da-por-concluida-emergencia-en-acapulco-y-coyuca-por-otis\/#breadcrumb"},"inLanguage":"es","potentialAction":[{"@type":"ReadAction","target":["https:\/\/fuentesfidedignas.com.mx\/index.php\/2023\/11\/09\/gobierno-da-por-concluida-emergencia-en-acapulco-y-coyuca-por-otis\/"]}]},{"@type":"ImageObject","inLanguage":"es","@id":"https:\/\/fuentesfidedignas.com.mx\/index.php\/2023\/11\/09\/gobierno-da-por-concluida-emergencia-en-acapulco-y-coyuca-por-otis\/#primaryimage","url":"https:\/\/fuentesfidedignas.com.mx\/wp-content\/uploads\/2023\/11\/ACAPULCO_OTIS.jpg","contentUrl":"https:\/\/fuentesfidedignas.com.mx\/wp-content\/uploads\/2023\/11\/ACAPULCO_OTIS.jpg","width":1000,"height":502},{"@type":"BreadcrumbList","@id":"https:\/\/fuentesfidedignas.com.mx\/index.php\/2023\/11\/09\/gobierno-da-por-concluida-emergencia-en-acapulco-y-coyuca-por-otis\/#breadcrumb","itemListElement":[{"@type":"ListItem","position":1,"name":"Inicio","item":"https:\/\/fuentesfidedignas.com.mx\/"},{"@type":"ListItem","position":2,"name":"Gobierno da por concluida emergencia en Acapulco y Coyuca por Otis"}]},{"@type":"WebSite","@id":"https:\/\/fuentesfidedignas.com.mx\/#website","url":"https:\/\/fuentesfidedignas.com.mx\/","name":"Fuentes Fidedignas","description":"Otro sitio realizado con WordPress","publisher":{"@id":"https:\/\/fuentesfidedignas.com.mx\/#organization"},"potentialAction":[{"@type":"SearchAction","target":{"@type":"EntryPoint","urlTemplate":"https:\/\/fuentesfidedignas.com.mx\/?s={search_term_string}"},"query-input":{"@type":"PropertyValueSpecification","valueRequired":true,"valueName":"search_term_string"}}],"inLanguage":"es"},{"@type":"Organization","@id":"https:\/\/fuentesfidedignas.com.mx\/#organization","name":"Fuentes Fidedignas","url":"https:\/\/fuentesfidedignas.com.mx\/","logo":{"@type":"ImageObject","inLanguage":"es","@id":"https:\/\/fuentesfidedignas.com.mx\/#\/schema\/logo\/image\/","url":"https:\/\/fuentesfidedignas.com.mx\/wp-content\/uploads\/2021\/04\/logo-retina.png","contentUrl":"https:\/\/fuentesfidedignas.com.mx\/wp-content\/uploads\/2021\/04\/logo-retina.png","width":280,"height":51,"caption":"Fuentes Fidedignas"},"image":{"@id":"https:\/\/fuentesfidedignas.com.mx\/#\/schema\/logo\/image\/"},"sameAs":["https:\/\/www.facebook.com\/Fuentes-Fidedignas-368234489921644","https:\/\/x.com\/fidedignas"]},{"@type":"Person","@id":"https:\/\/fuentesfidedignas.com.mx\/#\/schema\/person\/67d852f0557c8509146a4b9ddebd543a","name":"L\u00f3pez D\u00f3riga","image":{"@type":"ImageObject","inLanguage":"es","@id":"https:\/\/secure.gravatar.com\/avatar\/e525b06574ca18b33cded59dfe5778d6c823b9513154eff47da551b0551bdd1e?s=96&d=mm&r=g","url":"https:\/\/secure.gravatar.com\/avatar\/e525b06574ca18b33cded59dfe5778d6c823b9513154eff47da551b0551bdd1e?s=96&d=mm&r=g","contentUrl":"https:\/\/secure.gravatar.com\/avatar\/e525b06574ca18b33cded59dfe5778d6c823b9513154eff47da551b0551bdd1e?s=96&d=mm&r=g","caption":"L\u00f3pez D\u00f3riga"},"url":"https:\/\/fuentesfidedignas.com.mx\/index.php\/author\/doriga\/"}]}},"_links":{"self":[{"href":"https:\/\/fuentesfidedignas.com.mx\/index.php\/wp-json\/wp\/v2\/posts\/65194","targetHints":{"allow":["GET"]}}],"collection":[{"href":"https:\/\/fuentesfidedignas.com.mx\/index.php\/wp-json\/wp\/v2\/posts"}],"about":[{"href":"https:\/\/fuentesfidedignas.com.mx\/index.php\/wp-json\/wp\/v2\/types\/post"}],"author":[{"embeddable":true,"href":"https:\/\/fuentesfidedignas.com.mx\/index.php\/wp-json\/wp\/v2\/users\/47"}],"replies":[{"embeddable":true,"href":"https:\/\/fuentesfidedignas.com.mx\/index.php\/wp-json\/wp\/v2\/comments?post=65194"}],"version-history":[{"count":1,"href":"https:\/\/fuentesfidedignas.com.mx\/index.php\/wp-json\/wp\/v2\/posts\/65194\/revisions"}],"predecessor-version":[{"id":65196,"href":"https:\/\/fuentesfidedignas.com.mx\/index.php\/wp-json\/wp\/v2\/posts\/65194\/revisions\/65196"}],"wp:featuredmedia":[{"embeddable":true,"href":"https:\/\/fuentesfidedignas.com.mx\/index.php\/wp-json\/wp\/v2\/media\/65195"}],"wp:attachment":[{"href":"https:\/\/fuentesfidedignas.com.mx\/index.php\/wp-json\/wp\/v2\/media?parent=65194"}],"wp:term":[{"taxonomy":"category","embeddable":true,"href":"https:\/\/fuentesfidedignas.com.mx\/index.php\/wp-json\/wp\/v2\/categories?post=65194"},{"taxonomy":"post_tag","embeddable":true,"href":"https:\/\/fuentesfidedignas.com.mx\/index.php\/wp-json\/wp\/v2\/tags?post=65194"}],"curies":[{"name":"wp","href":"https:\/\/api.w.org\/{rel}","templated":true}]}}