{"id":65158,"date":"2023-11-08T17:52:19","date_gmt":"2023-11-09T00:52:19","guid":{"rendered":"https:\/\/fuentesfidedignas.com.mx\/?p=65158"},"modified":"2023-11-08T17:52:19","modified_gmt":"2023-11-09T00:52:19","slug":"pueblo-magico-de-el-fuerte-presente-en-la-convencion-anual-de-cruceros-de-florida-y-el-caribe","status":"publish","type":"post","link":"https:\/\/fuentesfidedignas.com.mx\/index.php\/2023\/11\/08\/pueblo-magico-de-el-fuerte-presente-en-la-convencion-anual-de-cruceros-de-florida-y-el-caribe\/","title":{"rendered":"Pueblo m\u00e1gico de El Fuerte presente en la Convenci\u00f3n Anual de Cruceros de Florida y El Caribe"},"content":{"rendered":"\n<p><strong><em>Este evento re\u00fane a las principales industrias navieras del mundo para conocer la oferta tur\u00edstica del estado y se estar\u00e1 realizando del 07 al 10 de noviembre, en el puerto de Mazatl\u00e1n.<\/em><\/strong><\/p>\n\n\n\n<p>El Fuerte, Sin.- Se llev\u00f3 a cabo la inauguraci\u00f3n de la Convenci\u00f3n Anual de Cruceros de Florida y El Caribe, donde estuvo presente el Gobernador del Estado, Rub\u00e9n Rocha Moya, la Secretaria de Turismo de Sinaloa, Estrella Palacios Dom\u00ednguez y fueron invitados alcaldes y alcaldesas de diferentes municipios del estado, empresarios nacionales e internacionales. Este evento ha reunido a las principales empresas navieras del mundo durante cuatro d\u00edas en Mazatl\u00e1n, Sinaloa, para conocer la oferta tur\u00edstica de Sinaloa y Sonora.<\/p>\n\n\n\n<p>La invitaci\u00f3n se extendi\u00f3 a los pueblos m\u00e1gicos de Sinaloa y El Fuerte se encuentra presente, representado por el presidente municipal Gildardo Leyva Ortega y la Direcci\u00f3n de Turismo, a cargo de Carlos Adri\u00e1n Cota Rodr\u00edguez. En el espacio asignado para el municipio, se cont\u00f3 con informaci\u00f3n tur\u00edstica en ingl\u00e9s y espa\u00f1ol, sobre los principales atractivos con los que se cuenta, en cuanto a lugares emblem\u00e1ticos, hoteles, restaurantes, patrimonio cultural y gastron\u00f3mico.<\/p>\n\n\n\n<p>Durante el acto de inauguraci\u00f3n se habl\u00f3 sobre el privilegio geogr\u00e1fico del estado, al contar con un amplio litoral, donde es posible realizar actividades econ\u00f3micas, tur\u00edsticas, deportivas y culturales, no solo en Mazatl\u00e1n, sino en todo el estado, lo que permite diversificar el inter\u00e9s de posibles visitantes a pueblos m\u00e1gicos y se\u00f1oriales.<\/p>\n\n\n\n<p>El Director de Turismo, Carlos Adri\u00e1n Cota Rodr\u00edguez, coment\u00f3 que se han encontrado muy activos promoviendo a El Fuerte, brindando informaci\u00f3n a personas interesadas en el municipio y estableciendo contacto con representantes de agencias de viajes y otros prestadores de servicios.<\/p>\n\n\n\n<p>\u201cCon el fin de promover los puertos de M\u00e9xico y hacer conectividad con los cruceros que pertenecen a esta asociaci\u00f3n. Dentro de esta actividad se llevan a cabo reuniones de negocios con las principales navieras del mundo, de Estados Unidos, Canad\u00e1, El Caribe. El compromiso del gobierno del estado de Sinaloa es promover que los cruceros lleguen a Mazatl\u00e1n y se queden en Mazatl\u00e1n, promover los pueblos m\u00e1gicos. La indicaci\u00f3n de nuestro alcalde fue venirnos preparados con toda la informaci\u00f3n en ingl\u00e9s y espa\u00f1ol, se est\u00e1n proyectando videos con promoci\u00f3n tur\u00edstica, el stand estar\u00e1 todos los d\u00edas en este evento\u201d, expres\u00f3.<\/p>\n\n\n\n<p>Otro de los prop\u00f3sitos del gobierno del estado en esta convenci\u00f3n es que el puerto de Topolobampo reciba tambi\u00e9n este tipo de embarcaciones y detone el turismo regional entre Ahome y El Fuerte, lo cual representar\u00eda una derrama econ\u00f3mica importante para ambos municipios.<\/p>\n\n\n\n<figure class=\"wp-block-gallery has-nested-images columns-default is-cropped wp-block-gallery-1 is-layout-flex wp-block-gallery-is-layout-flex\">\n<figure class=\"wp-block-image size-large\"><img decoding=\"async\" width=\"1024\" height=\"768\" data-id=\"65162\" src=\"https:\/\/fuentesfidedignas.com.mx\/wp-content\/uploads\/2023\/11\/WhatsApp-Image-2023-11-08-at-5.48.01-PM-4-1024x768.jpeg\" alt=\"\" class=\"wp-image-65162\" srcset=\"https:\/\/fuentesfidedignas.com.mx\/wp-content\/uploads\/2023\/11\/WhatsApp-Image-2023-11-08-at-5.48.01-PM-4-1024x768.jpeg 1024w, https:\/\/fuentesfidedignas.com.mx\/wp-content\/uploads\/2023\/11\/WhatsApp-Image-2023-11-08-at-5.48.01-PM-4-300x225.jpeg 300w, https:\/\/fuentesfidedignas.com.mx\/wp-content\/uploads\/2023\/11\/WhatsApp-Image-2023-11-08-at-5.48.01-PM-4-768x576.jpeg 768w, https:\/\/fuentesfidedignas.com.mx\/wp-content\/uploads\/2023\/11\/WhatsApp-Image-2023-11-08-at-5.48.01-PM-4-696x522.jpeg 696w, https:\/\/fuentesfidedignas.com.mx\/wp-content\/uploads\/2023\/11\/WhatsApp-Image-2023-11-08-at-5.48.01-PM-4-1068x801.jpeg 1068w, https:\/\/fuentesfidedignas.com.mx\/wp-content\/uploads\/2023\/11\/WhatsApp-Image-2023-11-08-at-5.48.01-PM-4-560x420.jpeg 560w, https:\/\/fuentesfidedignas.com.mx\/wp-content\/uploads\/2023\/11\/WhatsApp-Image-2023-11-08-at-5.48.01-PM-4-80x60.jpeg 80w, https:\/\/fuentesfidedignas.com.mx\/wp-content\/uploads\/2023\/11\/WhatsApp-Image-2023-11-08-at-5.48.01-PM-4-265x198.jpeg 265w, https:\/\/fuentesfidedignas.com.mx\/wp-content\/uploads\/2023\/11\/WhatsApp-Image-2023-11-08-at-5.48.01-PM-4.jpeg 1280w\" sizes=\"(max-width: 1024px) 100vw, 1024px\" \/><\/figure>\n\n\n\n<figure class=\"wp-block-image size-large\"><img decoding=\"async\" width=\"1024\" height=\"768\" data-id=\"65163\" src=\"https:\/\/fuentesfidedignas.com.mx\/wp-content\/uploads\/2023\/11\/WhatsApp-Image-2023-11-08-at-5.48.01-PM-3.jpeg\" alt=\"\" class=\"wp-image-65163\" srcset=\"https:\/\/fuentesfidedignas.com.mx\/wp-content\/uploads\/2023\/11\/WhatsApp-Image-2023-11-08-at-5.48.01-PM-3.jpeg 1024w, https:\/\/fuentesfidedignas.com.mx\/wp-content\/uploads\/2023\/11\/WhatsApp-Image-2023-11-08-at-5.48.01-PM-3-300x225.jpeg 300w, https:\/\/fuentesfidedignas.com.mx\/wp-content\/uploads\/2023\/11\/WhatsApp-Image-2023-11-08-at-5.48.01-PM-3-768x576.jpeg 768w, https:\/\/fuentesfidedignas.com.mx\/wp-content\/uploads\/2023\/11\/WhatsApp-Image-2023-11-08-at-5.48.01-PM-3-696x522.jpeg 696w, https:\/\/fuentesfidedignas.com.mx\/wp-content\/uploads\/2023\/11\/WhatsApp-Image-2023-11-08-at-5.48.01-PM-3-560x420.jpeg 560w, https:\/\/fuentesfidedignas.com.mx\/wp-content\/uploads\/2023\/11\/WhatsApp-Image-2023-11-08-at-5.48.01-PM-3-80x60.jpeg 80w, https:\/\/fuentesfidedignas.com.mx\/wp-content\/uploads\/2023\/11\/WhatsApp-Image-2023-11-08-at-5.48.01-PM-3-265x198.jpeg 265w\" sizes=\"(max-width: 1024px) 100vw, 1024px\" \/><\/figure>\n\n\n\n<figure class=\"wp-block-image size-large\"><img decoding=\"async\" width=\"1024\" height=\"768\" data-id=\"65164\" src=\"https:\/\/fuentesfidedignas.com.mx\/wp-content\/uploads\/2023\/11\/WhatsApp-Image-2023-11-08-at-5.48.01-PM-2-1024x768.jpeg\" alt=\"\" class=\"wp-image-65164\" srcset=\"https:\/\/fuentesfidedignas.com.mx\/wp-content\/uploads\/2023\/11\/WhatsApp-Image-2023-11-08-at-5.48.01-PM-2-1024x768.jpeg 1024w, https:\/\/fuentesfidedignas.com.mx\/wp-content\/uploads\/2023\/11\/WhatsApp-Image-2023-11-08-at-5.48.01-PM-2-300x225.jpeg 300w, https:\/\/fuentesfidedignas.com.mx\/wp-content\/uploads\/2023\/11\/WhatsApp-Image-2023-11-08-at-5.48.01-PM-2-768x576.jpeg 768w, https:\/\/fuentesfidedignas.com.mx\/wp-content\/uploads\/2023\/11\/WhatsApp-Image-2023-11-08-at-5.48.01-PM-2-696x522.jpeg 696w, https:\/\/fuentesfidedignas.com.mx\/wp-content\/uploads\/2023\/11\/WhatsApp-Image-2023-11-08-at-5.48.01-PM-2-1068x801.jpeg 1068w, https:\/\/fuentesfidedignas.com.mx\/wp-content\/uploads\/2023\/11\/WhatsApp-Image-2023-11-08-at-5.48.01-PM-2-560x420.jpeg 560w, https:\/\/fuentesfidedignas.com.mx\/wp-content\/uploads\/2023\/11\/WhatsApp-Image-2023-11-08-at-5.48.01-PM-2-80x60.jpeg 80w, https:\/\/fuentesfidedignas.com.mx\/wp-content\/uploads\/2023\/11\/WhatsApp-Image-2023-11-08-at-5.48.01-PM-2-265x198.jpeg 265w, https:\/\/fuentesfidedignas.com.mx\/wp-content\/uploads\/2023\/11\/WhatsApp-Image-2023-11-08-at-5.48.01-PM-2.jpeg 1280w\" sizes=\"(max-width: 1024px) 100vw, 1024px\" \/><\/figure>\n\n\n\n<figure class=\"wp-block-image size-large\"><img decoding=\"async\" width=\"768\" height=\"1024\" data-id=\"65161\" src=\"https:\/\/fuentesfidedignas.com.mx\/wp-content\/uploads\/2023\/11\/WhatsApp-Image-2023-11-08-at-5.48.01-PM-1.jpeg\" alt=\"\" class=\"wp-image-65161\" srcset=\"https:\/\/fuentesfidedignas.com.mx\/wp-content\/uploads\/2023\/11\/WhatsApp-Image-2023-11-08-at-5.48.01-PM-1.jpeg 768w, https:\/\/fuentesfidedignas.com.mx\/wp-content\/uploads\/2023\/11\/WhatsApp-Image-2023-11-08-at-5.48.01-PM-1-225x300.jpeg 225w, https:\/\/fuentesfidedignas.com.mx\/wp-content\/uploads\/2023\/11\/WhatsApp-Image-2023-11-08-at-5.48.01-PM-1-696x928.jpeg 696w, https:\/\/fuentesfidedignas.com.mx\/wp-content\/uploads\/2023\/11\/WhatsApp-Image-2023-11-08-at-5.48.01-PM-1-315x420.jpeg 315w\" sizes=\"(max-width: 768px) 100vw, 768px\" \/><\/figure>\n\n\n\n<figure class=\"wp-block-image size-large\"><img decoding=\"async\" width=\"1024\" height=\"768\" data-id=\"65160\" src=\"https:\/\/fuentesfidedignas.com.mx\/wp-content\/uploads\/2023\/11\/WhatsApp-Image-2023-11-08-at-5.48.01-PM.jpeg\" alt=\"\" class=\"wp-image-65160\" srcset=\"https:\/\/fuentesfidedignas.com.mx\/wp-content\/uploads\/2023\/11\/WhatsApp-Image-2023-11-08-at-5.48.01-PM.jpeg 1024w, https:\/\/fuentesfidedignas.com.mx\/wp-content\/uploads\/2023\/11\/WhatsApp-Image-2023-11-08-at-5.48.01-PM-300x225.jpeg 300w, https:\/\/fuentesfidedignas.com.mx\/wp-content\/uploads\/2023\/11\/WhatsApp-Image-2023-11-08-at-5.48.01-PM-768x576.jpeg 768w, https:\/\/fuentesfidedignas.com.mx\/wp-content\/uploads\/2023\/11\/WhatsApp-Image-2023-11-08-at-5.48.01-PM-696x522.jpeg 696w, https:\/\/fuentesfidedignas.com.mx\/wp-content\/uploads\/2023\/11\/WhatsApp-Image-2023-11-08-at-5.48.01-PM-560x420.jpeg 560w, https:\/\/fuentesfidedignas.com.mx\/wp-content\/uploads\/2023\/11\/WhatsApp-Image-2023-11-08-at-5.48.01-PM-80x60.jpeg 80w, https:\/\/fuentesfidedignas.com.mx\/wp-content\/uploads\/2023\/11\/WhatsApp-Image-2023-11-08-at-5.48.01-PM-265x198.jpeg 265w\" sizes=\"(max-width: 1024px) 100vw, 1024px\" \/><\/figure>\n\n\n\n<figure class=\"wp-block-image size-large\"><img decoding=\"async\" width=\"699\" height=\"874\" data-id=\"65159\" src=\"https:\/\/fuentesfidedignas.com.mx\/wp-content\/uploads\/2023\/11\/WhatsApp-Image-2023-11-08-at-5.48.00-PM-4.jpeg\" alt=\"\" class=\"wp-image-65159\" srcset=\"https:\/\/fuentesfidedignas.com.mx\/wp-content\/uploads\/2023\/11\/WhatsApp-Image-2023-11-08-at-5.48.00-PM-4.jpeg 699w, https:\/\/fuentesfidedignas.com.mx\/wp-content\/uploads\/2023\/11\/WhatsApp-Image-2023-11-08-at-5.48.00-PM-4-240x300.jpeg 240w, https:\/\/fuentesfidedignas.com.mx\/wp-content\/uploads\/2023\/11\/WhatsApp-Image-2023-11-08-at-5.48.00-PM-4-696x870.jpeg 696w, https:\/\/fuentesfidedignas.com.mx\/wp-content\/uploads\/2023\/11\/WhatsApp-Image-2023-11-08-at-5.48.00-PM-4-336x420.jpeg 336w\" sizes=\"(max-width: 699px) 100vw, 699px\" \/><\/figure>\n\n\n\n<figure class=\"wp-block-image size-large\"><img decoding=\"async\" width=\"1024\" height=\"768\" data-id=\"65165\" src=\"https:\/\/fuentesfidedignas.com.mx\/wp-content\/uploads\/2023\/11\/WhatsApp-Image-2023-11-08-at-5.48.00-PM-3-1024x768.jpeg\" alt=\"\" class=\"wp-image-65165\" srcset=\"https:\/\/fuentesfidedignas.com.mx\/wp-content\/uploads\/2023\/11\/WhatsApp-Image-2023-11-08-at-5.48.00-PM-3-1024x768.jpeg 1024w, https:\/\/fuentesfidedignas.com.mx\/wp-content\/uploads\/2023\/11\/WhatsApp-Image-2023-11-08-at-5.48.00-PM-3-300x225.jpeg 300w, https:\/\/fuentesfidedignas.com.mx\/wp-content\/uploads\/2023\/11\/WhatsApp-Image-2023-11-08-at-5.48.00-PM-3-768x576.jpeg 768w, https:\/\/fuentesfidedignas.com.mx\/wp-content\/uploads\/2023\/11\/WhatsApp-Image-2023-11-08-at-5.48.00-PM-3-696x522.jpeg 696w, https:\/\/fuentesfidedignas.com.mx\/wp-content\/uploads\/2023\/11\/WhatsApp-Image-2023-11-08-at-5.48.00-PM-3-1068x801.jpeg 1068w, https:\/\/fuentesfidedignas.com.mx\/wp-content\/uploads\/2023\/11\/WhatsApp-Image-2023-11-08-at-5.48.00-PM-3-560x420.jpeg 560w, https:\/\/fuentesfidedignas.com.mx\/wp-content\/uploads\/2023\/11\/WhatsApp-Image-2023-11-08-at-5.48.00-PM-3-80x60.jpeg 80w, https:\/\/fuentesfidedignas.com.mx\/wp-content\/uploads\/2023\/11\/WhatsApp-Image-2023-11-08-at-5.48.00-PM-3-265x198.jpeg 265w, https:\/\/fuentesfidedignas.com.mx\/wp-content\/uploads\/2023\/11\/WhatsApp-Image-2023-11-08-at-5.48.00-PM-3.jpeg 1280w\" sizes=\"(max-width: 1024px) 100vw, 1024px\" \/><\/figure>\n\n\n\n<figure class=\"wp-block-image size-large\"><img decoding=\"async\" width=\"768\" height=\"1024\" data-id=\"65166\" src=\"https:\/\/fuentesfidedignas.com.mx\/wp-content\/uploads\/2023\/11\/WhatsApp-Image-2023-11-08-at-5.48.00-PM-2.jpeg\" alt=\"\" class=\"wp-image-65166\" srcset=\"https:\/\/fuentesfidedignas.com.mx\/wp-content\/uploads\/2023\/11\/WhatsApp-Image-2023-11-08-at-5.48.00-PM-2.jpeg 768w, https:\/\/fuentesfidedignas.com.mx\/wp-content\/uploads\/2023\/11\/WhatsApp-Image-2023-11-08-at-5.48.00-PM-2-225x300.jpeg 225w, https:\/\/fuentesfidedignas.com.mx\/wp-content\/uploads\/2023\/11\/WhatsApp-Image-2023-11-08-at-5.48.00-PM-2-696x928.jpeg 696w, https:\/\/fuentesfidedignas.com.mx\/wp-content\/uploads\/2023\/11\/WhatsApp-Image-2023-11-08-at-5.48.00-PM-2-315x420.jpeg 315w\" sizes=\"(max-width: 768px) 100vw, 768px\" \/><\/figure>\n\n\n\n<figure class=\"wp-block-image size-large\"><img decoding=\"async\" width=\"768\" height=\"1024\" data-id=\"65167\" src=\"https:\/\/fuentesfidedignas.com.mx\/wp-content\/uploads\/2023\/11\/WhatsApp-Image-2023-11-08-at-5.48.00-PM-1.jpeg\" alt=\"\" class=\"wp-image-65167\" srcset=\"https:\/\/fuentesfidedignas.com.mx\/wp-content\/uploads\/2023\/11\/WhatsApp-Image-2023-11-08-at-5.48.00-PM-1.jpeg 768w, https:\/\/fuentesfidedignas.com.mx\/wp-content\/uploads\/2023\/11\/WhatsApp-Image-2023-11-08-at-5.48.00-PM-1-225x300.jpeg 225w, https:\/\/fuentesfidedignas.com.mx\/wp-content\/uploads\/2023\/11\/WhatsApp-Image-2023-11-08-at-5.48.00-PM-1-696x928.jpeg 696w, https:\/\/fuentesfidedignas.com.mx\/wp-content\/uploads\/2023\/11\/WhatsApp-Image-2023-11-08-at-5.48.00-PM-1-315x420.jpeg 315w\" sizes=\"(max-width: 768px) 100vw, 768px\" \/><\/figure>\n\n\n\n<figure class=\"wp-block-image size-large\"><img decoding=\"async\" width=\"768\" height=\"1024\" data-id=\"65168\" src=\"https:\/\/fuentesfidedignas.com.mx\/wp-content\/uploads\/2023\/11\/WhatsApp-Image-2023-11-08-at-5.48.00-PM-768x1024.jpeg\" alt=\"\" class=\"wp-image-65168\" srcset=\"https:\/\/fuentesfidedignas.com.mx\/wp-content\/uploads\/2023\/11\/WhatsApp-Image-2023-11-08-at-5.48.00-PM-768x1024.jpeg 768w, https:\/\/fuentesfidedignas.com.mx\/wp-content\/uploads\/2023\/11\/WhatsApp-Image-2023-11-08-at-5.48.00-PM-225x300.jpeg 225w, https:\/\/fuentesfidedignas.com.mx\/wp-content\/uploads\/2023\/11\/WhatsApp-Image-2023-11-08-at-5.48.00-PM-696x928.jpeg 696w, https:\/\/fuentesfidedignas.com.mx\/wp-content\/uploads\/2023\/11\/WhatsApp-Image-2023-11-08-at-5.48.00-PM-315x420.jpeg 315w, https:\/\/fuentesfidedignas.com.mx\/wp-content\/uploads\/2023\/11\/WhatsApp-Image-2023-11-08-at-5.48.00-PM.jpeg 960w\" sizes=\"(max-width: 768px) 100vw, 768px\" \/><\/figure>\n<\/figure>\n","protected":false},"excerpt":{"rendered":"<p>Este evento re\u00fane a las principales industrias navieras del mundo para conocer la oferta tur\u00edstica del estado y se estar\u00e1 realizando del 07 al 10 de noviembre, en el puerto de Mazatl\u00e1n. El Fuerte, Sin.- Se llev\u00f3 a cabo la inauguraci\u00f3n de la Convenci\u00f3n Anual de Cruceros de Florida y El Caribe, donde estuvo presente [&hellip;]<\/p>\n","protected":false},"author":4,"featured_media":65164,"comment_status":"open","ping_status":"open","sticky":false,"template":"","format":"standard","meta":{"tdm_status":"","tdm_grid_status":"","footnotes":""},"categories":[1],"tags":[],"class_list":{"0":"post-65158","1":"post","2":"type-post","3":"status-publish","4":"format-standard","5":"has-post-thumbnail","7":"category-sin-categoria"},"yoast_head":"<!-- This site is optimized with the Yoast SEO plugin v27.5 - https:\/\/yoast.com\/product\/yoast-seo-wordpress\/ -->\n<title>Pueblo m\u00e1gico de El Fuerte presente en la Convenci\u00f3n Anual de Cruceros de Florida y El Caribe - Fuentes Fidedignas<\/title>\n<meta name=\"robots\" content=\"index, follow, max-snippet:-1, max-image-preview:large, max-video-preview:-1\" \/>\n<link rel=\"canonical\" href=\"https:\/\/fuentesfidedignas.com.mx\/index.php\/2023\/11\/08\/pueblo-magico-de-el-fuerte-presente-en-la-convencion-anual-de-cruceros-de-florida-y-el-caribe\/\" \/>\n<meta property=\"og:locale\" content=\"es_MX\" \/>\n<meta property=\"og:type\" content=\"article\" \/>\n<meta property=\"og:title\" content=\"Pueblo m\u00e1gico de El Fuerte presente en la Convenci\u00f3n Anual de Cruceros de Florida y El Caribe - Fuentes Fidedignas\" \/>\n<meta property=\"og:description\" content=\"Este evento re\u00fane a las principales industrias navieras del mundo para conocer la oferta tur\u00edstica del estado y se estar\u00e1 realizando del 07 al 10 de noviembre, en el puerto de Mazatl\u00e1n. El Fuerte, Sin.- Se llev\u00f3 a cabo la inauguraci\u00f3n de la Convenci\u00f3n Anual de Cruceros de Florida y El Caribe, donde estuvo presente [&hellip;]\" \/>\n<meta property=\"og:url\" content=\"https:\/\/fuentesfidedignas.com.mx\/index.php\/2023\/11\/08\/pueblo-magico-de-el-fuerte-presente-en-la-convencion-anual-de-cruceros-de-florida-y-el-caribe\/\" \/>\n<meta property=\"og:site_name\" content=\"Fuentes Fidedignas\" \/>\n<meta property=\"article:publisher\" content=\"https:\/\/www.facebook.com\/Fuentes-Fidedignas-368234489921644\" \/>\n<meta property=\"article:published_time\" content=\"2023-11-09T00:52:19+00:00\" \/>\n<meta property=\"og:image\" content=\"https:\/\/fuentesfidedignas.com.mx\/wp-content\/uploads\/2023\/11\/WhatsApp-Image-2023-11-08-at-5.48.01-PM-2.jpeg\" \/>\n\t<meta property=\"og:image:width\" content=\"1280\" \/>\n\t<meta property=\"og:image:height\" content=\"960\" \/>\n\t<meta property=\"og:image:type\" content=\"image\/jpeg\" \/>\n<meta name=\"author\" content=\"Redacci\u00f3n\" \/>\n<meta name=\"twitter:card\" content=\"summary_large_image\" \/>\n<meta name=\"twitter:creator\" content=\"@fidedignas\" \/>\n<meta name=\"twitter:site\" content=\"@fidedignas\" \/>\n<meta name=\"twitter:label1\" content=\"Escrito por\" \/>\n\t<meta name=\"twitter:data1\" content=\"Redacci\u00f3n\" \/>\n\t<meta name=\"twitter:label2\" content=\"Tiempo de lectura\" \/>\n\t<meta name=\"twitter:data2\" content=\"4 minutos\" \/>\n<script type=\"application\/ld+json\" class=\"yoast-schema-graph\">{\"@context\":\"https:\\\/\\\/schema.org\",\"@graph\":[{\"@type\":\"Article\",\"@id\":\"https:\\\/\\\/fuentesfidedignas.com.mx\\\/index.php\\\/2023\\\/11\\\/08\\\/pueblo-magico-de-el-fuerte-presente-en-la-convencion-anual-de-cruceros-de-florida-y-el-caribe\\\/#article\",\"isPartOf\":{\"@id\":\"https:\\\/\\\/fuentesfidedignas.com.mx\\\/index.php\\\/2023\\\/11\\\/08\\\/pueblo-magico-de-el-fuerte-presente-en-la-convencion-anual-de-cruceros-de-florida-y-el-caribe\\\/\"},\"author\":{\"name\":\"Redacci\u00f3n\",\"@id\":\"https:\\\/\\\/fuentesfidedignas.com.mx\\\/#\\\/schema\\\/person\\\/331be9283d37198e2acd5750279085b0\"},\"headline\":\"Pueblo m\u00e1gico de El Fuerte presente en la Convenci\u00f3n Anual de Cruceros de Florida y El Caribe\",\"datePublished\":\"2023-11-09T00:52:19+00:00\",\"mainEntityOfPage\":{\"@id\":\"https:\\\/\\\/fuentesfidedignas.com.mx\\\/index.php\\\/2023\\\/11\\\/08\\\/pueblo-magico-de-el-fuerte-presente-en-la-convencion-anual-de-cruceros-de-florida-y-el-caribe\\\/\"},\"wordCount\":489,\"commentCount\":0,\"publisher\":{\"@id\":\"https:\\\/\\\/fuentesfidedignas.com.mx\\\/#organization\"},\"image\":{\"@id\":\"https:\\\/\\\/fuentesfidedignas.com.mx\\\/index.php\\\/2023\\\/11\\\/08\\\/pueblo-magico-de-el-fuerte-presente-en-la-convencion-anual-de-cruceros-de-florida-y-el-caribe\\\/#primaryimage\"},\"thumbnailUrl\":\"https:\\\/\\\/fuentesfidedignas.com.mx\\\/wp-content\\\/uploads\\\/2023\\\/11\\\/WhatsApp-Image-2023-11-08-at-5.48.01-PM-2.jpeg\",\"inLanguage\":\"es\",\"potentialAction\":[{\"@type\":\"CommentAction\",\"name\":\"Comment\",\"target\":[\"https:\\\/\\\/fuentesfidedignas.com.mx\\\/index.php\\\/2023\\\/11\\\/08\\\/pueblo-magico-de-el-fuerte-presente-en-la-convencion-anual-de-cruceros-de-florida-y-el-caribe\\\/#respond\"]}]},{\"@type\":\"WebPage\",\"@id\":\"https:\\\/\\\/fuentesfidedignas.com.mx\\\/index.php\\\/2023\\\/11\\\/08\\\/pueblo-magico-de-el-fuerte-presente-en-la-convencion-anual-de-cruceros-de-florida-y-el-caribe\\\/\",\"url\":\"https:\\\/\\\/fuentesfidedignas.com.mx\\\/index.php\\\/2023\\\/11\\\/08\\\/pueblo-magico-de-el-fuerte-presente-en-la-convencion-anual-de-cruceros-de-florida-y-el-caribe\\\/\",\"name\":\"Pueblo m\u00e1gico de El Fuerte presente en la Convenci\u00f3n Anual de Cruceros de Florida y El Caribe - Fuentes Fidedignas\",\"isPartOf\":{\"@id\":\"https:\\\/\\\/fuentesfidedignas.com.mx\\\/#website\"},\"primaryImageOfPage\":{\"@id\":\"https:\\\/\\\/fuentesfidedignas.com.mx\\\/index.php\\\/2023\\\/11\\\/08\\\/pueblo-magico-de-el-fuerte-presente-en-la-convencion-anual-de-cruceros-de-florida-y-el-caribe\\\/#primaryimage\"},\"image\":{\"@id\":\"https:\\\/\\\/fuentesfidedignas.com.mx\\\/index.php\\\/2023\\\/11\\\/08\\\/pueblo-magico-de-el-fuerte-presente-en-la-convencion-anual-de-cruceros-de-florida-y-el-caribe\\\/#primaryimage\"},\"thumbnailUrl\":\"https:\\\/\\\/fuentesfidedignas.com.mx\\\/wp-content\\\/uploads\\\/2023\\\/11\\\/WhatsApp-Image-2023-11-08-at-5.48.01-PM-2.jpeg\",\"datePublished\":\"2023-11-09T00:52:19+00:00\",\"breadcrumb\":{\"@id\":\"https:\\\/\\\/fuentesfidedignas.com.mx\\\/index.php\\\/2023\\\/11\\\/08\\\/pueblo-magico-de-el-fuerte-presente-en-la-convencion-anual-de-cruceros-de-florida-y-el-caribe\\\/#breadcrumb\"},\"inLanguage\":\"es\",\"potentialAction\":[{\"@type\":\"ReadAction\",\"target\":[\"https:\\\/\\\/fuentesfidedignas.com.mx\\\/index.php\\\/2023\\\/11\\\/08\\\/pueblo-magico-de-el-fuerte-presente-en-la-convencion-anual-de-cruceros-de-florida-y-el-caribe\\\/\"]}]},{\"@type\":\"ImageObject\",\"inLanguage\":\"es\",\"@id\":\"https:\\\/\\\/fuentesfidedignas.com.mx\\\/index.php\\\/2023\\\/11\\\/08\\\/pueblo-magico-de-el-fuerte-presente-en-la-convencion-anual-de-cruceros-de-florida-y-el-caribe\\\/#primaryimage\",\"url\":\"https:\\\/\\\/fuentesfidedignas.com.mx\\\/wp-content\\\/uploads\\\/2023\\\/11\\\/WhatsApp-Image-2023-11-08-at-5.48.01-PM-2.jpeg\",\"contentUrl\":\"https:\\\/\\\/fuentesfidedignas.com.mx\\\/wp-content\\\/uploads\\\/2023\\\/11\\\/WhatsApp-Image-2023-11-08-at-5.48.01-PM-2.jpeg\",\"width\":1280,\"height\":960},{\"@type\":\"BreadcrumbList\",\"@id\":\"https:\\\/\\\/fuentesfidedignas.com.mx\\\/index.php\\\/2023\\\/11\\\/08\\\/pueblo-magico-de-el-fuerte-presente-en-la-convencion-anual-de-cruceros-de-florida-y-el-caribe\\\/#breadcrumb\",\"itemListElement\":[{\"@type\":\"ListItem\",\"position\":1,\"name\":\"Inicio\",\"item\":\"https:\\\/\\\/fuentesfidedignas.com.mx\\\/\"},{\"@type\":\"ListItem\",\"position\":2,\"name\":\"Pueblo m\u00e1gico de El Fuerte presente en la Convenci\u00f3n Anual de Cruceros de Florida y El Caribe\"}]},{\"@type\":\"WebSite\",\"@id\":\"https:\\\/\\\/fuentesfidedignas.com.mx\\\/#website\",\"url\":\"https:\\\/\\\/fuentesfidedignas.com.mx\\\/\",\"name\":\"Fuentes Fidedignas\",\"description\":\"Otro sitio realizado con WordPress\",\"publisher\":{\"@id\":\"https:\\\/\\\/fuentesfidedignas.com.mx\\\/#organization\"},\"potentialAction\":[{\"@type\":\"SearchAction\",\"target\":{\"@type\":\"EntryPoint\",\"urlTemplate\":\"https:\\\/\\\/fuentesfidedignas.com.mx\\\/?s={search_term_string}\"},\"query-input\":{\"@type\":\"PropertyValueSpecification\",\"valueRequired\":true,\"valueName\":\"search_term_string\"}}],\"inLanguage\":\"es\"},{\"@type\":\"Organization\",\"@id\":\"https:\\\/\\\/fuentesfidedignas.com.mx\\\/#organization\",\"name\":\"Fuentes Fidedignas\",\"url\":\"https:\\\/\\\/fuentesfidedignas.com.mx\\\/\",\"logo\":{\"@type\":\"ImageObject\",\"inLanguage\":\"es\",\"@id\":\"https:\\\/\\\/fuentesfidedignas.com.mx\\\/#\\\/schema\\\/logo\\\/image\\\/\",\"url\":\"https:\\\/\\\/fuentesfidedignas.com.mx\\\/wp-content\\\/uploads\\\/2021\\\/04\\\/logo-retina.png\",\"contentUrl\":\"https:\\\/\\\/fuentesfidedignas.com.mx\\\/wp-content\\\/uploads\\\/2021\\\/04\\\/logo-retina.png\",\"width\":280,\"height\":51,\"caption\":\"Fuentes Fidedignas\"},\"image\":{\"@id\":\"https:\\\/\\\/fuentesfidedignas.com.mx\\\/#\\\/schema\\\/logo\\\/image\\\/\"},\"sameAs\":[\"https:\\\/\\\/www.facebook.com\\\/Fuentes-Fidedignas-368234489921644\",\"https:\\\/\\\/x.com\\\/fidedignas\"]},{\"@type\":\"Person\",\"@id\":\"https:\\\/\\\/fuentesfidedignas.com.mx\\\/#\\\/schema\\\/person\\\/331be9283d37198e2acd5750279085b0\",\"name\":\"Redacci\u00f3n\",\"image\":{\"@type\":\"ImageObject\",\"inLanguage\":\"es\",\"@id\":\"https:\\\/\\\/secure.gravatar.com\\\/avatar\\\/f6d8782c11d12b2d4ad3fbb6931aeab5309937a4d6cd2fc9cfaa28a6396a5aec?s=96&d=mm&r=g\",\"url\":\"https:\\\/\\\/secure.gravatar.com\\\/avatar\\\/f6d8782c11d12b2d4ad3fbb6931aeab5309937a4d6cd2fc9cfaa28a6396a5aec?s=96&d=mm&r=g\",\"contentUrl\":\"https:\\\/\\\/secure.gravatar.com\\\/avatar\\\/f6d8782c11d12b2d4ad3fbb6931aeab5309937a4d6cd2fc9cfaa28a6396a5aec?s=96&d=mm&r=g\",\"caption\":\"Redacci\u00f3n\"},\"url\":\"https:\\\/\\\/fuentesfidedignas.com.mx\\\/index.php\\\/author\\\/redaccion\\\/\"}]}<\/script>\n<!-- \/ Yoast SEO plugin. -->","yoast_head_json":{"title":"Pueblo m\u00e1gico de El Fuerte presente en la Convenci\u00f3n Anual de Cruceros de Florida y El Caribe - Fuentes Fidedignas","robots":{"index":"index","follow":"follow","max-snippet":"max-snippet:-1","max-image-preview":"max-image-preview:large","max-video-preview":"max-video-preview:-1"},"canonical":"https:\/\/fuentesfidedignas.com.mx\/index.php\/2023\/11\/08\/pueblo-magico-de-el-fuerte-presente-en-la-convencion-anual-de-cruceros-de-florida-y-el-caribe\/","og_locale":"es_MX","og_type":"article","og_title":"Pueblo m\u00e1gico de El Fuerte presente en la Convenci\u00f3n Anual de Cruceros de Florida y El Caribe - Fuentes Fidedignas","og_description":"Este evento re\u00fane a las principales industrias navieras del mundo para conocer la oferta tur\u00edstica del estado y se estar\u00e1 realizando del 07 al 10 de noviembre, en el puerto de Mazatl\u00e1n. El Fuerte, Sin.- Se llev\u00f3 a cabo la inauguraci\u00f3n de la Convenci\u00f3n Anual de Cruceros de Florida y El Caribe, donde estuvo presente [&hellip;]","og_url":"https:\/\/fuentesfidedignas.com.mx\/index.php\/2023\/11\/08\/pueblo-magico-de-el-fuerte-presente-en-la-convencion-anual-de-cruceros-de-florida-y-el-caribe\/","og_site_name":"Fuentes Fidedignas","article_publisher":"https:\/\/www.facebook.com\/Fuentes-Fidedignas-368234489921644","article_published_time":"2023-11-09T00:52:19+00:00","og_image":[{"width":1280,"height":960,"url":"https:\/\/fuentesfidedignas.com.mx\/wp-content\/uploads\/2023\/11\/WhatsApp-Image-2023-11-08-at-5.48.01-PM-2.jpeg","type":"image\/jpeg"}],"author":"Redacci\u00f3n","twitter_card":"summary_large_image","twitter_creator":"@fidedignas","twitter_site":"@fidedignas","twitter_misc":{"Escrito por":"Redacci\u00f3n","Tiempo de lectura":"4 minutos"},"schema":{"@context":"https:\/\/schema.org","@graph":[{"@type":"Article","@id":"https:\/\/fuentesfidedignas.com.mx\/index.php\/2023\/11\/08\/pueblo-magico-de-el-fuerte-presente-en-la-convencion-anual-de-cruceros-de-florida-y-el-caribe\/#article","isPartOf":{"@id":"https:\/\/fuentesfidedignas.com.mx\/index.php\/2023\/11\/08\/pueblo-magico-de-el-fuerte-presente-en-la-convencion-anual-de-cruceros-de-florida-y-el-caribe\/"},"author":{"name":"Redacci\u00f3n","@id":"https:\/\/fuentesfidedignas.com.mx\/#\/schema\/person\/331be9283d37198e2acd5750279085b0"},"headline":"Pueblo m\u00e1gico de El Fuerte presente en la Convenci\u00f3n Anual de Cruceros de Florida y El Caribe","datePublished":"2023-11-09T00:52:19+00:00","mainEntityOfPage":{"@id":"https:\/\/fuentesfidedignas.com.mx\/index.php\/2023\/11\/08\/pueblo-magico-de-el-fuerte-presente-en-la-convencion-anual-de-cruceros-de-florida-y-el-caribe\/"},"wordCount":489,"commentCount":0,"publisher":{"@id":"https:\/\/fuentesfidedignas.com.mx\/#organization"},"image":{"@id":"https:\/\/fuentesfidedignas.com.mx\/index.php\/2023\/11\/08\/pueblo-magico-de-el-fuerte-presente-en-la-convencion-anual-de-cruceros-de-florida-y-el-caribe\/#primaryimage"},"thumbnailUrl":"https:\/\/fuentesfidedignas.com.mx\/wp-content\/uploads\/2023\/11\/WhatsApp-Image-2023-11-08-at-5.48.01-PM-2.jpeg","inLanguage":"es","potentialAction":[{"@type":"CommentAction","name":"Comment","target":["https:\/\/fuentesfidedignas.com.mx\/index.php\/2023\/11\/08\/pueblo-magico-de-el-fuerte-presente-en-la-convencion-anual-de-cruceros-de-florida-y-el-caribe\/#respond"]}]},{"@type":"WebPage","@id":"https:\/\/fuentesfidedignas.com.mx\/index.php\/2023\/11\/08\/pueblo-magico-de-el-fuerte-presente-en-la-convencion-anual-de-cruceros-de-florida-y-el-caribe\/","url":"https:\/\/fuentesfidedignas.com.mx\/index.php\/2023\/11\/08\/pueblo-magico-de-el-fuerte-presente-en-la-convencion-anual-de-cruceros-de-florida-y-el-caribe\/","name":"Pueblo m\u00e1gico de El Fuerte presente en la Convenci\u00f3n Anual de Cruceros de Florida y El Caribe - Fuentes Fidedignas","isPartOf":{"@id":"https:\/\/fuentesfidedignas.com.mx\/#website"},"primaryImageOfPage":{"@id":"https:\/\/fuentesfidedignas.com.mx\/index.php\/2023\/11\/08\/pueblo-magico-de-el-fuerte-presente-en-la-convencion-anual-de-cruceros-de-florida-y-el-caribe\/#primaryimage"},"image":{"@id":"https:\/\/fuentesfidedignas.com.mx\/index.php\/2023\/11\/08\/pueblo-magico-de-el-fuerte-presente-en-la-convencion-anual-de-cruceros-de-florida-y-el-caribe\/#primaryimage"},"thumbnailUrl":"https:\/\/fuentesfidedignas.com.mx\/wp-content\/uploads\/2023\/11\/WhatsApp-Image-2023-11-08-at-5.48.01-PM-2.jpeg","datePublished":"2023-11-09T00:52:19+00:00","breadcrumb":{"@id":"https:\/\/fuentesfidedignas.com.mx\/index.php\/2023\/11\/08\/pueblo-magico-de-el-fuerte-presente-en-la-convencion-anual-de-cruceros-de-florida-y-el-caribe\/#breadcrumb"},"inLanguage":"es","potentialAction":[{"@type":"ReadAction","target":["https:\/\/fuentesfidedignas.com.mx\/index.php\/2023\/11\/08\/pueblo-magico-de-el-fuerte-presente-en-la-convencion-anual-de-cruceros-de-florida-y-el-caribe\/"]}]},{"@type":"ImageObject","inLanguage":"es","@id":"https:\/\/fuentesfidedignas.com.mx\/index.php\/2023\/11\/08\/pueblo-magico-de-el-fuerte-presente-en-la-convencion-anual-de-cruceros-de-florida-y-el-caribe\/#primaryimage","url":"https:\/\/fuentesfidedignas.com.mx\/wp-content\/uploads\/2023\/11\/WhatsApp-Image-2023-11-08-at-5.48.01-PM-2.jpeg","contentUrl":"https:\/\/fuentesfidedignas.com.mx\/wp-content\/uploads\/2023\/11\/WhatsApp-Image-2023-11-08-at-5.48.01-PM-2.jpeg","width":1280,"height":960},{"@type":"BreadcrumbList","@id":"https:\/\/fuentesfidedignas.com.mx\/index.php\/2023\/11\/08\/pueblo-magico-de-el-fuerte-presente-en-la-convencion-anual-de-cruceros-de-florida-y-el-caribe\/#breadcrumb","itemListElement":[{"@type":"ListItem","position":1,"name":"Inicio","item":"https:\/\/fuentesfidedignas.com.mx\/"},{"@type":"ListItem","position":2,"name":"Pueblo m\u00e1gico de El Fuerte presente en la Convenci\u00f3n Anual de Cruceros de Florida y El Caribe"}]},{"@type":"WebSite","@id":"https:\/\/fuentesfidedignas.com.mx\/#website","url":"https:\/\/fuentesfidedignas.com.mx\/","name":"Fuentes Fidedignas","description":"Otro sitio realizado con WordPress","publisher":{"@id":"https:\/\/fuentesfidedignas.com.mx\/#organization"},"potentialAction":[{"@type":"SearchAction","target":{"@type":"EntryPoint","urlTemplate":"https:\/\/fuentesfidedignas.com.mx\/?s={search_term_string}"},"query-input":{"@type":"PropertyValueSpecification","valueRequired":true,"valueName":"search_term_string"}}],"inLanguage":"es"},{"@type":"Organization","@id":"https:\/\/fuentesfidedignas.com.mx\/#organization","name":"Fuentes Fidedignas","url":"https:\/\/fuentesfidedignas.com.mx\/","logo":{"@type":"ImageObject","inLanguage":"es","@id":"https:\/\/fuentesfidedignas.com.mx\/#\/schema\/logo\/image\/","url":"https:\/\/fuentesfidedignas.com.mx\/wp-content\/uploads\/2021\/04\/logo-retina.png","contentUrl":"https:\/\/fuentesfidedignas.com.mx\/wp-content\/uploads\/2021\/04\/logo-retina.png","width":280,"height":51,"caption":"Fuentes Fidedignas"},"image":{"@id":"https:\/\/fuentesfidedignas.com.mx\/#\/schema\/logo\/image\/"},"sameAs":["https:\/\/www.facebook.com\/Fuentes-Fidedignas-368234489921644","https:\/\/x.com\/fidedignas"]},{"@type":"Person","@id":"https:\/\/fuentesfidedignas.com.mx\/#\/schema\/person\/331be9283d37198e2acd5750279085b0","name":"Redacci\u00f3n","image":{"@type":"ImageObject","inLanguage":"es","@id":"https:\/\/secure.gravatar.com\/avatar\/f6d8782c11d12b2d4ad3fbb6931aeab5309937a4d6cd2fc9cfaa28a6396a5aec?s=96&d=mm&r=g","url":"https:\/\/secure.gravatar.com\/avatar\/f6d8782c11d12b2d4ad3fbb6931aeab5309937a4d6cd2fc9cfaa28a6396a5aec?s=96&d=mm&r=g","contentUrl":"https:\/\/secure.gravatar.com\/avatar\/f6d8782c11d12b2d4ad3fbb6931aeab5309937a4d6cd2fc9cfaa28a6396a5aec?s=96&d=mm&r=g","caption":"Redacci\u00f3n"},"url":"https:\/\/fuentesfidedignas.com.mx\/index.php\/author\/redaccion\/"}]}},"_links":{"self":[{"href":"https:\/\/fuentesfidedignas.com.mx\/index.php\/wp-json\/wp\/v2\/posts\/65158","targetHints":{"allow":["GET"]}}],"collection":[{"href":"https:\/\/fuentesfidedignas.com.mx\/index.php\/wp-json\/wp\/v2\/posts"}],"about":[{"href":"https:\/\/fuentesfidedignas.com.mx\/index.php\/wp-json\/wp\/v2\/types\/post"}],"author":[{"embeddable":true,"href":"https:\/\/fuentesfidedignas.com.mx\/index.php\/wp-json\/wp\/v2\/users\/4"}],"replies":[{"embeddable":true,"href":"https:\/\/fuentesfidedignas.com.mx\/index.php\/wp-json\/wp\/v2\/comments?post=65158"}],"version-history":[{"count":1,"href":"https:\/\/fuentesfidedignas.com.mx\/index.php\/wp-json\/wp\/v2\/posts\/65158\/revisions"}],"predecessor-version":[{"id":65169,"href":"https:\/\/fuentesfidedignas.com.mx\/index.php\/wp-json\/wp\/v2\/posts\/65158\/revisions\/65169"}],"wp:featuredmedia":[{"embeddable":true,"href":"https:\/\/fuentesfidedignas.com.mx\/index.php\/wp-json\/wp\/v2\/media\/65164"}],"wp:attachment":[{"href":"https:\/\/fuentesfidedignas.com.mx\/index.php\/wp-json\/wp\/v2\/media?parent=65158"}],"wp:term":[{"taxonomy":"category","embeddable":true,"href":"https:\/\/fuentesfidedignas.com.mx\/index.php\/wp-json\/wp\/v2\/categories?post=65158"},{"taxonomy":"post_tag","embeddable":true,"href":"https:\/\/fuentesfidedignas.com.mx\/index.php\/wp-json\/wp\/v2\/tags?post=65158"}],"curies":[{"name":"wp","href":"https:\/\/api.w.org\/{rel}","templated":true}]}}