{"id":65139,"date":"2023-11-08T16:48:18","date_gmt":"2023-11-08T23:48:18","guid":{"rendered":"https:\/\/fuentesfidedignas.com.mx\/?p=65139"},"modified":"2023-11-08T16:48:18","modified_gmt":"2023-11-08T23:48:18","slug":"es-hora-de-fortalecer-los-sistemas-de-justicia-capacitar-a-policias-y-jueces-para-eliminar-los-estereotipos-y-los-prejuicios-hacia-la-mujer-pas","status":"publish","type":"post","link":"https:\/\/fuentesfidedignas.com.mx\/index.php\/2023\/11\/08\/es-hora-de-fortalecer-los-sistemas-de-justicia-capacitar-a-policias-y-jueces-para-eliminar-los-estereotipos-y-los-prejuicios-hacia-la-mujer-pas\/","title":{"rendered":"\u201cEs hora de fortalecer los sistemas de justicia, capacitar a polic\u00edas y jueces para eliminar los estereotipos y los prejuicios hacia la mujer\u201d: PAS"},"content":{"rendered":"\n<p>Culiac\u00e1n, Sin.- Hoy el Grupo Parlamentario del Partido Sinaloense votar\u00e1 en apoyo al dictamen relacionado con las Medidas de Protecci\u00f3n de Mujeres relacionado con iniciativa presentada por el Ejecutivo del Estado. Las diputadas y diputado del PAS esperamos que la iniciativa que aprobaremos refuerce las normas, y resulte en un plan de acci\u00f3n que sirva para prevenir y poner fin a todas las formas de violencia contra las mujeres, adolescentes y las ni\u00f1as. Hoy estamos aqu\u00ed para hablar de la manifestaci\u00f3n m\u00e1s extrema de la violencia contra las mujeres; los asesinatos de mujeres por razones de g\u00e9nero, llamados feminicidios.<\/p>\n\n\n\n<p>\u201cDebemos reconocer que hoy, a\u00fan hay una necesidad urgente de consolidar la igualdad entre hombres y mujeres, la igualdad de vivir sin violencia ni discriminaci\u00f3n. Los asesinatos de mujeres por razones de g\u00e9nero es un asunto de derechos humanos universales y de la innata dignidad humana que nos concierne a todas y todos, nos afecta a todas y todos, y requiere un esfuerzo concertado y urgente por parte de todas y todos nosotros\u201d, as\u00ed lo expres\u00f3 la diputada Mar\u00eda del Rosario Osuna Guti\u00e9rrez, integrante de la Comisi\u00f3n de Igualdad, G\u00e9nero, Diversidad Sexual e Inclusi\u00f3n.<\/p>\n\n\n\n<p>La falta de investigaciones, de juicios y de sanciones por actos de violencia contra las mujeres ha contribuido a un entorno de impunidad y de poca confianza entre la sociedad. Esta impunidad transmite el mensaje a la sociedad de que la violencia hacia las mujeres infligida por los hombres no s\u00f3lo es tolerada, sino que es aceptada. Es por lo que debemos de enfocar la mirada al actuar de la justicia y exigir que se castiguen a los culpables de violencia contra las mujeres, adolescentes y las ni\u00f1as, adem\u00e1s de proporcionar el debido cumplimiento de los servicios y apoyos a las v\u00edctimas y a sus familias.<\/p>\n\n\n\n<p>La falta de coordinaci\u00f3n institucional en la investigaci\u00f3n y persecuci\u00f3n de los delitos contra las mujeres, as\u00ed como la ausencia en la implementaci\u00f3n de pol\u00edticas p\u00fablicas, han impedido garantizar de manera efectiva la protecci\u00f3n a la vida y la integridad de las mujeres en nuestro Estado.<\/p>\n\n\n\n<p>Las mujeres v\u00edctimas de violencia sufren, por lo general, una revictimizaci\u00f3n; la primera vez cuando son v\u00edctimas de la violencia y la segunda cuando buscan, pero no encuentran los servicios y la justicia a los que tienen derecho, porque evidentemente a menudo la cantidad de juicios y sanciones por estos cr\u00edmenes son escasos. Es hora de que se fortalezcan los sistemas de justicia, de capacitar a la polic\u00eda y a los jueces para eliminar los estereotipos y los prejuicios hacia la mujer, de mejorar los servicios de apoyo a las v\u00edctimas y a sus familias, y de dedicar planes y presupuestos para prevenir la violencia contra las mujeres, adolescentes y las ni\u00f1as.<\/p>\n","protected":false},"excerpt":{"rendered":"<p>Culiac\u00e1n, Sin.- Hoy el Grupo Parlamentario del Partido Sinaloense votar\u00e1 en apoyo al dictamen relacionado con las Medidas de Protecci\u00f3n de Mujeres relacionado con iniciativa presentada por el Ejecutivo del Estado. Las diputadas y diputado del PAS esperamos que la iniciativa que aprobaremos refuerce las normas, y resulte en un plan de acci\u00f3n que sirva [&hellip;]<\/p>\n","protected":false},"author":4,"featured_media":65140,"comment_status":"open","ping_status":"open","sticky":false,"template":"","format":"standard","meta":{"tdm_status":"","tdm_grid_status":"","footnotes":""},"categories":[1],"tags":[],"class_list":{"0":"post-65139","1":"post","2":"type-post","3":"status-publish","4":"format-standard","5":"has-post-thumbnail","7":"category-sin-categoria"},"yoast_head":"<!-- This site is optimized with the Yoast SEO plugin v27.5 - https:\/\/yoast.com\/product\/yoast-seo-wordpress\/ -->\n<title>\u201cEs hora de fortalecer los sistemas de justicia, capacitar a polic\u00edas y jueces para eliminar los estereotipos y los prejuicios hacia la mujer\u201d: PAS - Fuentes Fidedignas<\/title>\n<meta name=\"robots\" content=\"index, follow, max-snippet:-1, max-image-preview:large, max-video-preview:-1\" \/>\n<link rel=\"canonical\" href=\"https:\/\/fuentesfidedignas.com.mx\/index.php\/2023\/11\/08\/es-hora-de-fortalecer-los-sistemas-de-justicia-capacitar-a-policias-y-jueces-para-eliminar-los-estereotipos-y-los-prejuicios-hacia-la-mujer-pas\/\" \/>\n<meta property=\"og:locale\" content=\"es_MX\" \/>\n<meta property=\"og:type\" content=\"article\" \/>\n<meta property=\"og:title\" content=\"\u201cEs hora de fortalecer los sistemas de justicia, capacitar a polic\u00edas y jueces para eliminar los estereotipos y los prejuicios hacia la mujer\u201d: PAS - Fuentes Fidedignas\" \/>\n<meta property=\"og:description\" content=\"Culiac\u00e1n, Sin.- Hoy el Grupo Parlamentario del Partido Sinaloense votar\u00e1 en apoyo al dictamen relacionado con las Medidas de Protecci\u00f3n de Mujeres relacionado con iniciativa presentada por el Ejecutivo del Estado. Las diputadas y diputado del PAS esperamos que la iniciativa que aprobaremos refuerce las normas, y resulte en un plan de acci\u00f3n que sirva [&hellip;]\" \/>\n<meta property=\"og:url\" content=\"https:\/\/fuentesfidedignas.com.mx\/index.php\/2023\/11\/08\/es-hora-de-fortalecer-los-sistemas-de-justicia-capacitar-a-policias-y-jueces-para-eliminar-los-estereotipos-y-los-prejuicios-hacia-la-mujer-pas\/\" \/>\n<meta property=\"og:site_name\" content=\"Fuentes Fidedignas\" \/>\n<meta property=\"article:publisher\" content=\"https:\/\/www.facebook.com\/Fuentes-Fidedignas-368234489921644\" \/>\n<meta property=\"article:published_time\" content=\"2023-11-08T23:48:18+00:00\" \/>\n<meta property=\"og:image\" content=\"https:\/\/fuentesfidedignas.com.mx\/wp-content\/uploads\/2023\/11\/WhatsApp-Image-2023-11-08-at-4.40.21-PM.jpeg\" \/>\n\t<meta property=\"og:image:width\" content=\"1600\" \/>\n\t<meta property=\"og:image:height\" content=\"1070\" \/>\n\t<meta property=\"og:image:type\" content=\"image\/jpeg\" \/>\n<meta name=\"author\" content=\"Redacci\u00f3n\" \/>\n<meta name=\"twitter:card\" content=\"summary_large_image\" \/>\n<meta name=\"twitter:creator\" content=\"@fidedignas\" \/>\n<meta name=\"twitter:site\" content=\"@fidedignas\" \/>\n<meta name=\"twitter:label1\" content=\"Escrito por\" \/>\n\t<meta name=\"twitter:data1\" content=\"Redacci\u00f3n\" \/>\n\t<meta name=\"twitter:label2\" content=\"Tiempo de lectura\" \/>\n\t<meta name=\"twitter:data2\" content=\"3 minutos\" \/>\n<script type=\"application\/ld+json\" class=\"yoast-schema-graph\">{\"@context\":\"https:\\\/\\\/schema.org\",\"@graph\":[{\"@type\":\"Article\",\"@id\":\"https:\\\/\\\/fuentesfidedignas.com.mx\\\/index.php\\\/2023\\\/11\\\/08\\\/es-hora-de-fortalecer-los-sistemas-de-justicia-capacitar-a-policias-y-jueces-para-eliminar-los-estereotipos-y-los-prejuicios-hacia-la-mujer-pas\\\/#article\",\"isPartOf\":{\"@id\":\"https:\\\/\\\/fuentesfidedignas.com.mx\\\/index.php\\\/2023\\\/11\\\/08\\\/es-hora-de-fortalecer-los-sistemas-de-justicia-capacitar-a-policias-y-jueces-para-eliminar-los-estereotipos-y-los-prejuicios-hacia-la-mujer-pas\\\/\"},\"author\":{\"name\":\"Redacci\u00f3n\",\"@id\":\"https:\\\/\\\/fuentesfidedignas.com.mx\\\/#\\\/schema\\\/person\\\/331be9283d37198e2acd5750279085b0\"},\"headline\":\"\u201cEs hora de fortalecer los sistemas de justicia, capacitar a polic\u00edas y jueces para eliminar los estereotipos y los prejuicios hacia la mujer\u201d: PAS\",\"datePublished\":\"2023-11-08T23:48:18+00:00\",\"mainEntityOfPage\":{\"@id\":\"https:\\\/\\\/fuentesfidedignas.com.mx\\\/index.php\\\/2023\\\/11\\\/08\\\/es-hora-de-fortalecer-los-sistemas-de-justicia-capacitar-a-policias-y-jueces-para-eliminar-los-estereotipos-y-los-prejuicios-hacia-la-mujer-pas\\\/\"},\"wordCount\":516,\"commentCount\":0,\"publisher\":{\"@id\":\"https:\\\/\\\/fuentesfidedignas.com.mx\\\/#organization\"},\"image\":{\"@id\":\"https:\\\/\\\/fuentesfidedignas.com.mx\\\/index.php\\\/2023\\\/11\\\/08\\\/es-hora-de-fortalecer-los-sistemas-de-justicia-capacitar-a-policias-y-jueces-para-eliminar-los-estereotipos-y-los-prejuicios-hacia-la-mujer-pas\\\/#primaryimage\"},\"thumbnailUrl\":\"https:\\\/\\\/fuentesfidedignas.com.mx\\\/wp-content\\\/uploads\\\/2023\\\/11\\\/WhatsApp-Image-2023-11-08-at-4.40.21-PM.jpeg\",\"inLanguage\":\"es\",\"potentialAction\":[{\"@type\":\"CommentAction\",\"name\":\"Comment\",\"target\":[\"https:\\\/\\\/fuentesfidedignas.com.mx\\\/index.php\\\/2023\\\/11\\\/08\\\/es-hora-de-fortalecer-los-sistemas-de-justicia-capacitar-a-policias-y-jueces-para-eliminar-los-estereotipos-y-los-prejuicios-hacia-la-mujer-pas\\\/#respond\"]}]},{\"@type\":\"WebPage\",\"@id\":\"https:\\\/\\\/fuentesfidedignas.com.mx\\\/index.php\\\/2023\\\/11\\\/08\\\/es-hora-de-fortalecer-los-sistemas-de-justicia-capacitar-a-policias-y-jueces-para-eliminar-los-estereotipos-y-los-prejuicios-hacia-la-mujer-pas\\\/\",\"url\":\"https:\\\/\\\/fuentesfidedignas.com.mx\\\/index.php\\\/2023\\\/11\\\/08\\\/es-hora-de-fortalecer-los-sistemas-de-justicia-capacitar-a-policias-y-jueces-para-eliminar-los-estereotipos-y-los-prejuicios-hacia-la-mujer-pas\\\/\",\"name\":\"\u201cEs hora de fortalecer los sistemas de justicia, capacitar a polic\u00edas y jueces para eliminar los estereotipos y los prejuicios hacia la mujer\u201d: PAS - Fuentes Fidedignas\",\"isPartOf\":{\"@id\":\"https:\\\/\\\/fuentesfidedignas.com.mx\\\/#website\"},\"primaryImageOfPage\":{\"@id\":\"https:\\\/\\\/fuentesfidedignas.com.mx\\\/index.php\\\/2023\\\/11\\\/08\\\/es-hora-de-fortalecer-los-sistemas-de-justicia-capacitar-a-policias-y-jueces-para-eliminar-los-estereotipos-y-los-prejuicios-hacia-la-mujer-pas\\\/#primaryimage\"},\"image\":{\"@id\":\"https:\\\/\\\/fuentesfidedignas.com.mx\\\/index.php\\\/2023\\\/11\\\/08\\\/es-hora-de-fortalecer-los-sistemas-de-justicia-capacitar-a-policias-y-jueces-para-eliminar-los-estereotipos-y-los-prejuicios-hacia-la-mujer-pas\\\/#primaryimage\"},\"thumbnailUrl\":\"https:\\\/\\\/fuentesfidedignas.com.mx\\\/wp-content\\\/uploads\\\/2023\\\/11\\\/WhatsApp-Image-2023-11-08-at-4.40.21-PM.jpeg\",\"datePublished\":\"2023-11-08T23:48:18+00:00\",\"breadcrumb\":{\"@id\":\"https:\\\/\\\/fuentesfidedignas.com.mx\\\/index.php\\\/2023\\\/11\\\/08\\\/es-hora-de-fortalecer-los-sistemas-de-justicia-capacitar-a-policias-y-jueces-para-eliminar-los-estereotipos-y-los-prejuicios-hacia-la-mujer-pas\\\/#breadcrumb\"},\"inLanguage\":\"es\",\"potentialAction\":[{\"@type\":\"ReadAction\",\"target\":[\"https:\\\/\\\/fuentesfidedignas.com.mx\\\/index.php\\\/2023\\\/11\\\/08\\\/es-hora-de-fortalecer-los-sistemas-de-justicia-capacitar-a-policias-y-jueces-para-eliminar-los-estereotipos-y-los-prejuicios-hacia-la-mujer-pas\\\/\"]}]},{\"@type\":\"ImageObject\",\"inLanguage\":\"es\",\"@id\":\"https:\\\/\\\/fuentesfidedignas.com.mx\\\/index.php\\\/2023\\\/11\\\/08\\\/es-hora-de-fortalecer-los-sistemas-de-justicia-capacitar-a-policias-y-jueces-para-eliminar-los-estereotipos-y-los-prejuicios-hacia-la-mujer-pas\\\/#primaryimage\",\"url\":\"https:\\\/\\\/fuentesfidedignas.com.mx\\\/wp-content\\\/uploads\\\/2023\\\/11\\\/WhatsApp-Image-2023-11-08-at-4.40.21-PM.jpeg\",\"contentUrl\":\"https:\\\/\\\/fuentesfidedignas.com.mx\\\/wp-content\\\/uploads\\\/2023\\\/11\\\/WhatsApp-Image-2023-11-08-at-4.40.21-PM.jpeg\",\"width\":1600,\"height\":1070},{\"@type\":\"BreadcrumbList\",\"@id\":\"https:\\\/\\\/fuentesfidedignas.com.mx\\\/index.php\\\/2023\\\/11\\\/08\\\/es-hora-de-fortalecer-los-sistemas-de-justicia-capacitar-a-policias-y-jueces-para-eliminar-los-estereotipos-y-los-prejuicios-hacia-la-mujer-pas\\\/#breadcrumb\",\"itemListElement\":[{\"@type\":\"ListItem\",\"position\":1,\"name\":\"Inicio\",\"item\":\"https:\\\/\\\/fuentesfidedignas.com.mx\\\/\"},{\"@type\":\"ListItem\",\"position\":2,\"name\":\"\u201cEs hora de fortalecer los sistemas de justicia, capacitar a polic\u00edas y jueces para eliminar los estereotipos y los prejuicios hacia la mujer\u201d: PAS\"}]},{\"@type\":\"WebSite\",\"@id\":\"https:\\\/\\\/fuentesfidedignas.com.mx\\\/#website\",\"url\":\"https:\\\/\\\/fuentesfidedignas.com.mx\\\/\",\"name\":\"Fuentes Fidedignas\",\"description\":\"Otro sitio realizado con WordPress\",\"publisher\":{\"@id\":\"https:\\\/\\\/fuentesfidedignas.com.mx\\\/#organization\"},\"potentialAction\":[{\"@type\":\"SearchAction\",\"target\":{\"@type\":\"EntryPoint\",\"urlTemplate\":\"https:\\\/\\\/fuentesfidedignas.com.mx\\\/?s={search_term_string}\"},\"query-input\":{\"@type\":\"PropertyValueSpecification\",\"valueRequired\":true,\"valueName\":\"search_term_string\"}}],\"inLanguage\":\"es\"},{\"@type\":\"Organization\",\"@id\":\"https:\\\/\\\/fuentesfidedignas.com.mx\\\/#organization\",\"name\":\"Fuentes Fidedignas\",\"url\":\"https:\\\/\\\/fuentesfidedignas.com.mx\\\/\",\"logo\":{\"@type\":\"ImageObject\",\"inLanguage\":\"es\",\"@id\":\"https:\\\/\\\/fuentesfidedignas.com.mx\\\/#\\\/schema\\\/logo\\\/image\\\/\",\"url\":\"https:\\\/\\\/fuentesfidedignas.com.mx\\\/wp-content\\\/uploads\\\/2021\\\/04\\\/logo-retina.png\",\"contentUrl\":\"https:\\\/\\\/fuentesfidedignas.com.mx\\\/wp-content\\\/uploads\\\/2021\\\/04\\\/logo-retina.png\",\"width\":280,\"height\":51,\"caption\":\"Fuentes Fidedignas\"},\"image\":{\"@id\":\"https:\\\/\\\/fuentesfidedignas.com.mx\\\/#\\\/schema\\\/logo\\\/image\\\/\"},\"sameAs\":[\"https:\\\/\\\/www.facebook.com\\\/Fuentes-Fidedignas-368234489921644\",\"https:\\\/\\\/x.com\\\/fidedignas\"]},{\"@type\":\"Person\",\"@id\":\"https:\\\/\\\/fuentesfidedignas.com.mx\\\/#\\\/schema\\\/person\\\/331be9283d37198e2acd5750279085b0\",\"name\":\"Redacci\u00f3n\",\"image\":{\"@type\":\"ImageObject\",\"inLanguage\":\"es\",\"@id\":\"https:\\\/\\\/secure.gravatar.com\\\/avatar\\\/f6d8782c11d12b2d4ad3fbb6931aeab5309937a4d6cd2fc9cfaa28a6396a5aec?s=96&d=mm&r=g\",\"url\":\"https:\\\/\\\/secure.gravatar.com\\\/avatar\\\/f6d8782c11d12b2d4ad3fbb6931aeab5309937a4d6cd2fc9cfaa28a6396a5aec?s=96&d=mm&r=g\",\"contentUrl\":\"https:\\\/\\\/secure.gravatar.com\\\/avatar\\\/f6d8782c11d12b2d4ad3fbb6931aeab5309937a4d6cd2fc9cfaa28a6396a5aec?s=96&d=mm&r=g\",\"caption\":\"Redacci\u00f3n\"},\"url\":\"https:\\\/\\\/fuentesfidedignas.com.mx\\\/index.php\\\/author\\\/redaccion\\\/\"}]}<\/script>\n<!-- \/ Yoast SEO plugin. -->","yoast_head_json":{"title":"\u201cEs hora de fortalecer los sistemas de justicia, capacitar a polic\u00edas y jueces para eliminar los estereotipos y los prejuicios hacia la mujer\u201d: PAS - Fuentes Fidedignas","robots":{"index":"index","follow":"follow","max-snippet":"max-snippet:-1","max-image-preview":"max-image-preview:large","max-video-preview":"max-video-preview:-1"},"canonical":"https:\/\/fuentesfidedignas.com.mx\/index.php\/2023\/11\/08\/es-hora-de-fortalecer-los-sistemas-de-justicia-capacitar-a-policias-y-jueces-para-eliminar-los-estereotipos-y-los-prejuicios-hacia-la-mujer-pas\/","og_locale":"es_MX","og_type":"article","og_title":"\u201cEs hora de fortalecer los sistemas de justicia, capacitar a polic\u00edas y jueces para eliminar los estereotipos y los prejuicios hacia la mujer\u201d: PAS - Fuentes Fidedignas","og_description":"Culiac\u00e1n, Sin.- Hoy el Grupo Parlamentario del Partido Sinaloense votar\u00e1 en apoyo al dictamen relacionado con las Medidas de Protecci\u00f3n de Mujeres relacionado con iniciativa presentada por el Ejecutivo del Estado. Las diputadas y diputado del PAS esperamos que la iniciativa que aprobaremos refuerce las normas, y resulte en un plan de acci\u00f3n que sirva [&hellip;]","og_url":"https:\/\/fuentesfidedignas.com.mx\/index.php\/2023\/11\/08\/es-hora-de-fortalecer-los-sistemas-de-justicia-capacitar-a-policias-y-jueces-para-eliminar-los-estereotipos-y-los-prejuicios-hacia-la-mujer-pas\/","og_site_name":"Fuentes Fidedignas","article_publisher":"https:\/\/www.facebook.com\/Fuentes-Fidedignas-368234489921644","article_published_time":"2023-11-08T23:48:18+00:00","og_image":[{"width":1600,"height":1070,"url":"https:\/\/fuentesfidedignas.com.mx\/wp-content\/uploads\/2023\/11\/WhatsApp-Image-2023-11-08-at-4.40.21-PM.jpeg","type":"image\/jpeg"}],"author":"Redacci\u00f3n","twitter_card":"summary_large_image","twitter_creator":"@fidedignas","twitter_site":"@fidedignas","twitter_misc":{"Escrito por":"Redacci\u00f3n","Tiempo de lectura":"3 minutos"},"schema":{"@context":"https:\/\/schema.org","@graph":[{"@type":"Article","@id":"https:\/\/fuentesfidedignas.com.mx\/index.php\/2023\/11\/08\/es-hora-de-fortalecer-los-sistemas-de-justicia-capacitar-a-policias-y-jueces-para-eliminar-los-estereotipos-y-los-prejuicios-hacia-la-mujer-pas\/#article","isPartOf":{"@id":"https:\/\/fuentesfidedignas.com.mx\/index.php\/2023\/11\/08\/es-hora-de-fortalecer-los-sistemas-de-justicia-capacitar-a-policias-y-jueces-para-eliminar-los-estereotipos-y-los-prejuicios-hacia-la-mujer-pas\/"},"author":{"name":"Redacci\u00f3n","@id":"https:\/\/fuentesfidedignas.com.mx\/#\/schema\/person\/331be9283d37198e2acd5750279085b0"},"headline":"\u201cEs hora de fortalecer los sistemas de justicia, capacitar a polic\u00edas y jueces para eliminar los estereotipos y los prejuicios hacia la mujer\u201d: PAS","datePublished":"2023-11-08T23:48:18+00:00","mainEntityOfPage":{"@id":"https:\/\/fuentesfidedignas.com.mx\/index.php\/2023\/11\/08\/es-hora-de-fortalecer-los-sistemas-de-justicia-capacitar-a-policias-y-jueces-para-eliminar-los-estereotipos-y-los-prejuicios-hacia-la-mujer-pas\/"},"wordCount":516,"commentCount":0,"publisher":{"@id":"https:\/\/fuentesfidedignas.com.mx\/#organization"},"image":{"@id":"https:\/\/fuentesfidedignas.com.mx\/index.php\/2023\/11\/08\/es-hora-de-fortalecer-los-sistemas-de-justicia-capacitar-a-policias-y-jueces-para-eliminar-los-estereotipos-y-los-prejuicios-hacia-la-mujer-pas\/#primaryimage"},"thumbnailUrl":"https:\/\/fuentesfidedignas.com.mx\/wp-content\/uploads\/2023\/11\/WhatsApp-Image-2023-11-08-at-4.40.21-PM.jpeg","inLanguage":"es","potentialAction":[{"@type":"CommentAction","name":"Comment","target":["https:\/\/fuentesfidedignas.com.mx\/index.php\/2023\/11\/08\/es-hora-de-fortalecer-los-sistemas-de-justicia-capacitar-a-policias-y-jueces-para-eliminar-los-estereotipos-y-los-prejuicios-hacia-la-mujer-pas\/#respond"]}]},{"@type":"WebPage","@id":"https:\/\/fuentesfidedignas.com.mx\/index.php\/2023\/11\/08\/es-hora-de-fortalecer-los-sistemas-de-justicia-capacitar-a-policias-y-jueces-para-eliminar-los-estereotipos-y-los-prejuicios-hacia-la-mujer-pas\/","url":"https:\/\/fuentesfidedignas.com.mx\/index.php\/2023\/11\/08\/es-hora-de-fortalecer-los-sistemas-de-justicia-capacitar-a-policias-y-jueces-para-eliminar-los-estereotipos-y-los-prejuicios-hacia-la-mujer-pas\/","name":"\u201cEs hora de fortalecer los sistemas de justicia, capacitar a polic\u00edas y jueces para eliminar los estereotipos y los prejuicios hacia la mujer\u201d: PAS - Fuentes Fidedignas","isPartOf":{"@id":"https:\/\/fuentesfidedignas.com.mx\/#website"},"primaryImageOfPage":{"@id":"https:\/\/fuentesfidedignas.com.mx\/index.php\/2023\/11\/08\/es-hora-de-fortalecer-los-sistemas-de-justicia-capacitar-a-policias-y-jueces-para-eliminar-los-estereotipos-y-los-prejuicios-hacia-la-mujer-pas\/#primaryimage"},"image":{"@id":"https:\/\/fuentesfidedignas.com.mx\/index.php\/2023\/11\/08\/es-hora-de-fortalecer-los-sistemas-de-justicia-capacitar-a-policias-y-jueces-para-eliminar-los-estereotipos-y-los-prejuicios-hacia-la-mujer-pas\/#primaryimage"},"thumbnailUrl":"https:\/\/fuentesfidedignas.com.mx\/wp-content\/uploads\/2023\/11\/WhatsApp-Image-2023-11-08-at-4.40.21-PM.jpeg","datePublished":"2023-11-08T23:48:18+00:00","breadcrumb":{"@id":"https:\/\/fuentesfidedignas.com.mx\/index.php\/2023\/11\/08\/es-hora-de-fortalecer-los-sistemas-de-justicia-capacitar-a-policias-y-jueces-para-eliminar-los-estereotipos-y-los-prejuicios-hacia-la-mujer-pas\/#breadcrumb"},"inLanguage":"es","potentialAction":[{"@type":"ReadAction","target":["https:\/\/fuentesfidedignas.com.mx\/index.php\/2023\/11\/08\/es-hora-de-fortalecer-los-sistemas-de-justicia-capacitar-a-policias-y-jueces-para-eliminar-los-estereotipos-y-los-prejuicios-hacia-la-mujer-pas\/"]}]},{"@type":"ImageObject","inLanguage":"es","@id":"https:\/\/fuentesfidedignas.com.mx\/index.php\/2023\/11\/08\/es-hora-de-fortalecer-los-sistemas-de-justicia-capacitar-a-policias-y-jueces-para-eliminar-los-estereotipos-y-los-prejuicios-hacia-la-mujer-pas\/#primaryimage","url":"https:\/\/fuentesfidedignas.com.mx\/wp-content\/uploads\/2023\/11\/WhatsApp-Image-2023-11-08-at-4.40.21-PM.jpeg","contentUrl":"https:\/\/fuentesfidedignas.com.mx\/wp-content\/uploads\/2023\/11\/WhatsApp-Image-2023-11-08-at-4.40.21-PM.jpeg","width":1600,"height":1070},{"@type":"BreadcrumbList","@id":"https:\/\/fuentesfidedignas.com.mx\/index.php\/2023\/11\/08\/es-hora-de-fortalecer-los-sistemas-de-justicia-capacitar-a-policias-y-jueces-para-eliminar-los-estereotipos-y-los-prejuicios-hacia-la-mujer-pas\/#breadcrumb","itemListElement":[{"@type":"ListItem","position":1,"name":"Inicio","item":"https:\/\/fuentesfidedignas.com.mx\/"},{"@type":"ListItem","position":2,"name":"\u201cEs hora de fortalecer los sistemas de justicia, capacitar a polic\u00edas y jueces para eliminar los estereotipos y los prejuicios hacia la mujer\u201d: PAS"}]},{"@type":"WebSite","@id":"https:\/\/fuentesfidedignas.com.mx\/#website","url":"https:\/\/fuentesfidedignas.com.mx\/","name":"Fuentes Fidedignas","description":"Otro sitio realizado con WordPress","publisher":{"@id":"https:\/\/fuentesfidedignas.com.mx\/#organization"},"potentialAction":[{"@type":"SearchAction","target":{"@type":"EntryPoint","urlTemplate":"https:\/\/fuentesfidedignas.com.mx\/?s={search_term_string}"},"query-input":{"@type":"PropertyValueSpecification","valueRequired":true,"valueName":"search_term_string"}}],"inLanguage":"es"},{"@type":"Organization","@id":"https:\/\/fuentesfidedignas.com.mx\/#organization","name":"Fuentes Fidedignas","url":"https:\/\/fuentesfidedignas.com.mx\/","logo":{"@type":"ImageObject","inLanguage":"es","@id":"https:\/\/fuentesfidedignas.com.mx\/#\/schema\/logo\/image\/","url":"https:\/\/fuentesfidedignas.com.mx\/wp-content\/uploads\/2021\/04\/logo-retina.png","contentUrl":"https:\/\/fuentesfidedignas.com.mx\/wp-content\/uploads\/2021\/04\/logo-retina.png","width":280,"height":51,"caption":"Fuentes Fidedignas"},"image":{"@id":"https:\/\/fuentesfidedignas.com.mx\/#\/schema\/logo\/image\/"},"sameAs":["https:\/\/www.facebook.com\/Fuentes-Fidedignas-368234489921644","https:\/\/x.com\/fidedignas"]},{"@type":"Person","@id":"https:\/\/fuentesfidedignas.com.mx\/#\/schema\/person\/331be9283d37198e2acd5750279085b0","name":"Redacci\u00f3n","image":{"@type":"ImageObject","inLanguage":"es","@id":"https:\/\/secure.gravatar.com\/avatar\/f6d8782c11d12b2d4ad3fbb6931aeab5309937a4d6cd2fc9cfaa28a6396a5aec?s=96&d=mm&r=g","url":"https:\/\/secure.gravatar.com\/avatar\/f6d8782c11d12b2d4ad3fbb6931aeab5309937a4d6cd2fc9cfaa28a6396a5aec?s=96&d=mm&r=g","contentUrl":"https:\/\/secure.gravatar.com\/avatar\/f6d8782c11d12b2d4ad3fbb6931aeab5309937a4d6cd2fc9cfaa28a6396a5aec?s=96&d=mm&r=g","caption":"Redacci\u00f3n"},"url":"https:\/\/fuentesfidedignas.com.mx\/index.php\/author\/redaccion\/"}]}},"_links":{"self":[{"href":"https:\/\/fuentesfidedignas.com.mx\/index.php\/wp-json\/wp\/v2\/posts\/65139","targetHints":{"allow":["GET"]}}],"collection":[{"href":"https:\/\/fuentesfidedignas.com.mx\/index.php\/wp-json\/wp\/v2\/posts"}],"about":[{"href":"https:\/\/fuentesfidedignas.com.mx\/index.php\/wp-json\/wp\/v2\/types\/post"}],"author":[{"embeddable":true,"href":"https:\/\/fuentesfidedignas.com.mx\/index.php\/wp-json\/wp\/v2\/users\/4"}],"replies":[{"embeddable":true,"href":"https:\/\/fuentesfidedignas.com.mx\/index.php\/wp-json\/wp\/v2\/comments?post=65139"}],"version-history":[{"count":1,"href":"https:\/\/fuentesfidedignas.com.mx\/index.php\/wp-json\/wp\/v2\/posts\/65139\/revisions"}],"predecessor-version":[{"id":65141,"href":"https:\/\/fuentesfidedignas.com.mx\/index.php\/wp-json\/wp\/v2\/posts\/65139\/revisions\/65141"}],"wp:featuredmedia":[{"embeddable":true,"href":"https:\/\/fuentesfidedignas.com.mx\/index.php\/wp-json\/wp\/v2\/media\/65140"}],"wp:attachment":[{"href":"https:\/\/fuentesfidedignas.com.mx\/index.php\/wp-json\/wp\/v2\/media?parent=65139"}],"wp:term":[{"taxonomy":"category","embeddable":true,"href":"https:\/\/fuentesfidedignas.com.mx\/index.php\/wp-json\/wp\/v2\/categories?post=65139"},{"taxonomy":"post_tag","embeddable":true,"href":"https:\/\/fuentesfidedignas.com.mx\/index.php\/wp-json\/wp\/v2\/tags?post=65139"}],"curies":[{"name":"wp","href":"https:\/\/api.w.org\/{rel}","templated":true}]}}