{"id":65130,"date":"2023-11-08T16:29:07","date_gmt":"2023-11-08T23:29:07","guid":{"rendered":"https:\/\/fuentesfidedignas.com.mx\/?p=65130"},"modified":"2023-11-08T16:29:07","modified_gmt":"2023-11-08T23:29:07","slug":"del-3-al-10-de-diciembre-se-realizara-la-feria-internacional-del-libro-de-los-mochis","status":"publish","type":"post","link":"https:\/\/fuentesfidedignas.com.mx\/index.php\/2023\/11\/08\/del-3-al-10-de-diciembre-se-realizara-la-feria-internacional-del-libro-de-los-mochis\/","title":{"rendered":"Del 3 al 10 de diciembre, se realizar\u00e1 la Feria Internacional del Libro de Los Mochis"},"content":{"rendered":"\n<p><strong><em>Dentro del evento que originalmente se realizar\u00eda 12 al 19 del presente mes, se llevar\u00e1 a cabo la entrega del Premio Nacional Letras de Sinaloa 2023<\/em><\/strong><\/p>\n\n\n\n<p>Culiac\u00e1n, Sin.- El Gobierno del estado de Sinaloa, a trav\u00e9s del Instituto Sinaloense de Cultura, informa al p\u00fablico en general que las fechas de programaci\u00f3n de la Feria Internacional del Libro de Los Mochis, originalmente planeada para celebrarse del 12 al 19 de noviembre, se realizar\u00e1 del 3 al 10 de diciembre.<\/p>\n\n\n\n<p>Dentro de las actividades centrales de dicho evento, considerado la fiesta literaria m\u00e1s grande del Noroeste, y la primera en el Estado de Sinaloa, fundada y coordinada por el escritor Alfonso Orejel Soria, y que en sus 21 ediciones ha tenido como sede principal la Plazuela 27 de Septiembre, se lleva a cabo la entrega del Premio Nacional Letras de Sinaloa, dirigido a novelistas, cuentistas, poetas o ensayistas, con obra publicada y relevante a nivel nacional, cuya convocatoria cerr\u00f3 el pasado 20 de octubre.<\/p>\n\n\n\n<p>Dicho galard\u00f3n, otorgado por el Instituto Sinaloense de Cultura est\u00e1 dotado de 100 mil pesos y diploma, y ser\u00e1 entregado en fecha por definir en la ciudad de Los Mochis, donde el ganador, que ser\u00e1 elegido por un jurado, participar\u00e1 en una conversaci\u00f3n en la que hablar\u00e1 de su obra y sus procesos creativos.<\/p>\n\n\n\n<p>El Premio Nacional Letras de Sinaloa, fue creado por el Gobierno del estado en 2009, ser\u00e1 entregado por las autoridades del ISIC presididas por el director, doctor Juan Salvador Avil\u00e9s Ochoa y los coordinadores de la Feria.<\/p>\n\n\n\n<p>Lo han recibido Vicente Le\u00f1ero (2009), Emmanuel Carballo (2010), Federico Campbell (2011), Miguel Le\u00f3n-Portilla (2012), Marco Antonio Campos (2013), Jaime Labastida (2014), Hugo Hiriart (2015), Felipe Garrido (2016), Coral Bracho (2017), Elena Poniatowska (2018), \u00c9lmer Mendoza (2019), Jos\u00e9 Luis Rivas (2020), Francisco Hinojosa (2021) y Eduardo Langagne (2022).<\/p>\n","protected":false},"excerpt":{"rendered":"<p>Dentro del evento que originalmente se realizar\u00eda 12 al 19 del presente mes, se llevar\u00e1 a cabo la entrega del Premio Nacional Letras de Sinaloa 2023 Culiac\u00e1n, Sin.- El Gobierno del estado de Sinaloa, a trav\u00e9s del Instituto Sinaloense de Cultura, informa al p\u00fablico en general que las fechas de programaci\u00f3n de la Feria Internacional [&hellip;]<\/p>\n","protected":false},"author":4,"featured_media":65131,"comment_status":"open","ping_status":"open","sticky":false,"template":"","format":"standard","meta":{"tdm_status":"","tdm_grid_status":"","footnotes":""},"categories":[1],"tags":[],"class_list":{"0":"post-65130","1":"post","2":"type-post","3":"status-publish","4":"format-standard","5":"has-post-thumbnail","7":"category-sin-categoria"},"yoast_head":"<!-- This site is optimized with the Yoast SEO plugin v27.5 - https:\/\/yoast.com\/product\/yoast-seo-wordpress\/ -->\n<title>Del 3 al 10 de diciembre, se realizar\u00e1 la Feria Internacional del Libro de Los Mochis - Fuentes Fidedignas<\/title>\n<meta name=\"robots\" content=\"index, follow, max-snippet:-1, max-image-preview:large, max-video-preview:-1\" \/>\n<link rel=\"canonical\" href=\"https:\/\/fuentesfidedignas.com.mx\/index.php\/2023\/11\/08\/del-3-al-10-de-diciembre-se-realizara-la-feria-internacional-del-libro-de-los-mochis\/\" \/>\n<meta property=\"og:locale\" content=\"es_MX\" \/>\n<meta property=\"og:type\" content=\"article\" \/>\n<meta property=\"og:title\" content=\"Del 3 al 10 de diciembre, se realizar\u00e1 la Feria Internacional del Libro de Los Mochis - Fuentes Fidedignas\" \/>\n<meta property=\"og:description\" content=\"Dentro del evento que originalmente se realizar\u00eda 12 al 19 del presente mes, se llevar\u00e1 a cabo la entrega del Premio Nacional Letras de Sinaloa 2023 Culiac\u00e1n, Sin.- El Gobierno del estado de Sinaloa, a trav\u00e9s del Instituto Sinaloense de Cultura, informa al p\u00fablico en general que las fechas de programaci\u00f3n de la Feria Internacional [&hellip;]\" \/>\n<meta property=\"og:url\" content=\"https:\/\/fuentesfidedignas.com.mx\/index.php\/2023\/11\/08\/del-3-al-10-de-diciembre-se-realizara-la-feria-internacional-del-libro-de-los-mochis\/\" \/>\n<meta property=\"og:site_name\" content=\"Fuentes Fidedignas\" \/>\n<meta property=\"article:publisher\" content=\"https:\/\/www.facebook.com\/Fuentes-Fidedignas-368234489921644\" \/>\n<meta property=\"article:published_time\" content=\"2023-11-08T23:29:07+00:00\" \/>\n<meta property=\"og:image\" content=\"https:\/\/fuentesfidedignas.com.mx\/wp-content\/uploads\/2023\/11\/08Nov2023-Feria-del-Libro-de-Los-Mochis.jpg\" \/>\n\t<meta property=\"og:image:width\" content=\"1024\" \/>\n\t<meta property=\"og:image:height\" content=\"683\" \/>\n\t<meta property=\"og:image:type\" content=\"image\/jpeg\" \/>\n<meta name=\"author\" content=\"Redacci\u00f3n\" \/>\n<meta name=\"twitter:card\" content=\"summary_large_image\" \/>\n<meta name=\"twitter:creator\" content=\"@fidedignas\" \/>\n<meta name=\"twitter:site\" content=\"@fidedignas\" \/>\n<meta name=\"twitter:label1\" content=\"Escrito por\" \/>\n\t<meta name=\"twitter:data1\" content=\"Redacci\u00f3n\" \/>\n\t<meta name=\"twitter:label2\" content=\"Tiempo de lectura\" \/>\n\t<meta name=\"twitter:data2\" content=\"2 minutos\" \/>\n<script type=\"application\/ld+json\" class=\"yoast-schema-graph\">{\"@context\":\"https:\\\/\\\/schema.org\",\"@graph\":[{\"@type\":\"Article\",\"@id\":\"https:\\\/\\\/fuentesfidedignas.com.mx\\\/index.php\\\/2023\\\/11\\\/08\\\/del-3-al-10-de-diciembre-se-realizara-la-feria-internacional-del-libro-de-los-mochis\\\/#article\",\"isPartOf\":{\"@id\":\"https:\\\/\\\/fuentesfidedignas.com.mx\\\/index.php\\\/2023\\\/11\\\/08\\\/del-3-al-10-de-diciembre-se-realizara-la-feria-internacional-del-libro-de-los-mochis\\\/\"},\"author\":{\"name\":\"Redacci\u00f3n\",\"@id\":\"https:\\\/\\\/fuentesfidedignas.com.mx\\\/#\\\/schema\\\/person\\\/331be9283d37198e2acd5750279085b0\"},\"headline\":\"Del 3 al 10 de diciembre, se realizar\u00e1 la Feria Internacional del Libro de Los Mochis\",\"datePublished\":\"2023-11-08T23:29:07+00:00\",\"mainEntityOfPage\":{\"@id\":\"https:\\\/\\\/fuentesfidedignas.com.mx\\\/index.php\\\/2023\\\/11\\\/08\\\/del-3-al-10-de-diciembre-se-realizara-la-feria-internacional-del-libro-de-los-mochis\\\/\"},\"wordCount\":301,\"commentCount\":0,\"publisher\":{\"@id\":\"https:\\\/\\\/fuentesfidedignas.com.mx\\\/#organization\"},\"image\":{\"@id\":\"https:\\\/\\\/fuentesfidedignas.com.mx\\\/index.php\\\/2023\\\/11\\\/08\\\/del-3-al-10-de-diciembre-se-realizara-la-feria-internacional-del-libro-de-los-mochis\\\/#primaryimage\"},\"thumbnailUrl\":\"https:\\\/\\\/fuentesfidedignas.com.mx\\\/wp-content\\\/uploads\\\/2023\\\/11\\\/08Nov2023-Feria-del-Libro-de-Los-Mochis.jpg\",\"inLanguage\":\"es\",\"potentialAction\":[{\"@type\":\"CommentAction\",\"name\":\"Comment\",\"target\":[\"https:\\\/\\\/fuentesfidedignas.com.mx\\\/index.php\\\/2023\\\/11\\\/08\\\/del-3-al-10-de-diciembre-se-realizara-la-feria-internacional-del-libro-de-los-mochis\\\/#respond\"]}]},{\"@type\":\"WebPage\",\"@id\":\"https:\\\/\\\/fuentesfidedignas.com.mx\\\/index.php\\\/2023\\\/11\\\/08\\\/del-3-al-10-de-diciembre-se-realizara-la-feria-internacional-del-libro-de-los-mochis\\\/\",\"url\":\"https:\\\/\\\/fuentesfidedignas.com.mx\\\/index.php\\\/2023\\\/11\\\/08\\\/del-3-al-10-de-diciembre-se-realizara-la-feria-internacional-del-libro-de-los-mochis\\\/\",\"name\":\"Del 3 al 10 de diciembre, se realizar\u00e1 la Feria Internacional del Libro de Los Mochis - Fuentes Fidedignas\",\"isPartOf\":{\"@id\":\"https:\\\/\\\/fuentesfidedignas.com.mx\\\/#website\"},\"primaryImageOfPage\":{\"@id\":\"https:\\\/\\\/fuentesfidedignas.com.mx\\\/index.php\\\/2023\\\/11\\\/08\\\/del-3-al-10-de-diciembre-se-realizara-la-feria-internacional-del-libro-de-los-mochis\\\/#primaryimage\"},\"image\":{\"@id\":\"https:\\\/\\\/fuentesfidedignas.com.mx\\\/index.php\\\/2023\\\/11\\\/08\\\/del-3-al-10-de-diciembre-se-realizara-la-feria-internacional-del-libro-de-los-mochis\\\/#primaryimage\"},\"thumbnailUrl\":\"https:\\\/\\\/fuentesfidedignas.com.mx\\\/wp-content\\\/uploads\\\/2023\\\/11\\\/08Nov2023-Feria-del-Libro-de-Los-Mochis.jpg\",\"datePublished\":\"2023-11-08T23:29:07+00:00\",\"breadcrumb\":{\"@id\":\"https:\\\/\\\/fuentesfidedignas.com.mx\\\/index.php\\\/2023\\\/11\\\/08\\\/del-3-al-10-de-diciembre-se-realizara-la-feria-internacional-del-libro-de-los-mochis\\\/#breadcrumb\"},\"inLanguage\":\"es\",\"potentialAction\":[{\"@type\":\"ReadAction\",\"target\":[\"https:\\\/\\\/fuentesfidedignas.com.mx\\\/index.php\\\/2023\\\/11\\\/08\\\/del-3-al-10-de-diciembre-se-realizara-la-feria-internacional-del-libro-de-los-mochis\\\/\"]}]},{\"@type\":\"ImageObject\",\"inLanguage\":\"es\",\"@id\":\"https:\\\/\\\/fuentesfidedignas.com.mx\\\/index.php\\\/2023\\\/11\\\/08\\\/del-3-al-10-de-diciembre-se-realizara-la-feria-internacional-del-libro-de-los-mochis\\\/#primaryimage\",\"url\":\"https:\\\/\\\/fuentesfidedignas.com.mx\\\/wp-content\\\/uploads\\\/2023\\\/11\\\/08Nov2023-Feria-del-Libro-de-Los-Mochis.jpg\",\"contentUrl\":\"https:\\\/\\\/fuentesfidedignas.com.mx\\\/wp-content\\\/uploads\\\/2023\\\/11\\\/08Nov2023-Feria-del-Libro-de-Los-Mochis.jpg\",\"width\":1024,\"height\":683},{\"@type\":\"BreadcrumbList\",\"@id\":\"https:\\\/\\\/fuentesfidedignas.com.mx\\\/index.php\\\/2023\\\/11\\\/08\\\/del-3-al-10-de-diciembre-se-realizara-la-feria-internacional-del-libro-de-los-mochis\\\/#breadcrumb\",\"itemListElement\":[{\"@type\":\"ListItem\",\"position\":1,\"name\":\"Inicio\",\"item\":\"https:\\\/\\\/fuentesfidedignas.com.mx\\\/\"},{\"@type\":\"ListItem\",\"position\":2,\"name\":\"Del 3 al 10 de diciembre, se realizar\u00e1 la Feria Internacional del Libro de Los Mochis\"}]},{\"@type\":\"WebSite\",\"@id\":\"https:\\\/\\\/fuentesfidedignas.com.mx\\\/#website\",\"url\":\"https:\\\/\\\/fuentesfidedignas.com.mx\\\/\",\"name\":\"Fuentes Fidedignas\",\"description\":\"Otro sitio realizado con WordPress\",\"publisher\":{\"@id\":\"https:\\\/\\\/fuentesfidedignas.com.mx\\\/#organization\"},\"potentialAction\":[{\"@type\":\"SearchAction\",\"target\":{\"@type\":\"EntryPoint\",\"urlTemplate\":\"https:\\\/\\\/fuentesfidedignas.com.mx\\\/?s={search_term_string}\"},\"query-input\":{\"@type\":\"PropertyValueSpecification\",\"valueRequired\":true,\"valueName\":\"search_term_string\"}}],\"inLanguage\":\"es\"},{\"@type\":\"Organization\",\"@id\":\"https:\\\/\\\/fuentesfidedignas.com.mx\\\/#organization\",\"name\":\"Fuentes Fidedignas\",\"url\":\"https:\\\/\\\/fuentesfidedignas.com.mx\\\/\",\"logo\":{\"@type\":\"ImageObject\",\"inLanguage\":\"es\",\"@id\":\"https:\\\/\\\/fuentesfidedignas.com.mx\\\/#\\\/schema\\\/logo\\\/image\\\/\",\"url\":\"https:\\\/\\\/fuentesfidedignas.com.mx\\\/wp-content\\\/uploads\\\/2021\\\/04\\\/logo-retina.png\",\"contentUrl\":\"https:\\\/\\\/fuentesfidedignas.com.mx\\\/wp-content\\\/uploads\\\/2021\\\/04\\\/logo-retina.png\",\"width\":280,\"height\":51,\"caption\":\"Fuentes Fidedignas\"},\"image\":{\"@id\":\"https:\\\/\\\/fuentesfidedignas.com.mx\\\/#\\\/schema\\\/logo\\\/image\\\/\"},\"sameAs\":[\"https:\\\/\\\/www.facebook.com\\\/Fuentes-Fidedignas-368234489921644\",\"https:\\\/\\\/x.com\\\/fidedignas\"]},{\"@type\":\"Person\",\"@id\":\"https:\\\/\\\/fuentesfidedignas.com.mx\\\/#\\\/schema\\\/person\\\/331be9283d37198e2acd5750279085b0\",\"name\":\"Redacci\u00f3n\",\"image\":{\"@type\":\"ImageObject\",\"inLanguage\":\"es\",\"@id\":\"https:\\\/\\\/secure.gravatar.com\\\/avatar\\\/f6d8782c11d12b2d4ad3fbb6931aeab5309937a4d6cd2fc9cfaa28a6396a5aec?s=96&d=mm&r=g\",\"url\":\"https:\\\/\\\/secure.gravatar.com\\\/avatar\\\/f6d8782c11d12b2d4ad3fbb6931aeab5309937a4d6cd2fc9cfaa28a6396a5aec?s=96&d=mm&r=g\",\"contentUrl\":\"https:\\\/\\\/secure.gravatar.com\\\/avatar\\\/f6d8782c11d12b2d4ad3fbb6931aeab5309937a4d6cd2fc9cfaa28a6396a5aec?s=96&d=mm&r=g\",\"caption\":\"Redacci\u00f3n\"},\"url\":\"https:\\\/\\\/fuentesfidedignas.com.mx\\\/index.php\\\/author\\\/redaccion\\\/\"}]}<\/script>\n<!-- \/ Yoast SEO plugin. -->","yoast_head_json":{"title":"Del 3 al 10 de diciembre, se realizar\u00e1 la Feria Internacional del Libro de Los Mochis - Fuentes Fidedignas","robots":{"index":"index","follow":"follow","max-snippet":"max-snippet:-1","max-image-preview":"max-image-preview:large","max-video-preview":"max-video-preview:-1"},"canonical":"https:\/\/fuentesfidedignas.com.mx\/index.php\/2023\/11\/08\/del-3-al-10-de-diciembre-se-realizara-la-feria-internacional-del-libro-de-los-mochis\/","og_locale":"es_MX","og_type":"article","og_title":"Del 3 al 10 de diciembre, se realizar\u00e1 la Feria Internacional del Libro de Los Mochis - Fuentes Fidedignas","og_description":"Dentro del evento que originalmente se realizar\u00eda 12 al 19 del presente mes, se llevar\u00e1 a cabo la entrega del Premio Nacional Letras de Sinaloa 2023 Culiac\u00e1n, Sin.- El Gobierno del estado de Sinaloa, a trav\u00e9s del Instituto Sinaloense de Cultura, informa al p\u00fablico en general que las fechas de programaci\u00f3n de la Feria Internacional [&hellip;]","og_url":"https:\/\/fuentesfidedignas.com.mx\/index.php\/2023\/11\/08\/del-3-al-10-de-diciembre-se-realizara-la-feria-internacional-del-libro-de-los-mochis\/","og_site_name":"Fuentes Fidedignas","article_publisher":"https:\/\/www.facebook.com\/Fuentes-Fidedignas-368234489921644","article_published_time":"2023-11-08T23:29:07+00:00","og_image":[{"width":1024,"height":683,"url":"https:\/\/fuentesfidedignas.com.mx\/wp-content\/uploads\/2023\/11\/08Nov2023-Feria-del-Libro-de-Los-Mochis.jpg","type":"image\/jpeg"}],"author":"Redacci\u00f3n","twitter_card":"summary_large_image","twitter_creator":"@fidedignas","twitter_site":"@fidedignas","twitter_misc":{"Escrito por":"Redacci\u00f3n","Tiempo de lectura":"2 minutos"},"schema":{"@context":"https:\/\/schema.org","@graph":[{"@type":"Article","@id":"https:\/\/fuentesfidedignas.com.mx\/index.php\/2023\/11\/08\/del-3-al-10-de-diciembre-se-realizara-la-feria-internacional-del-libro-de-los-mochis\/#article","isPartOf":{"@id":"https:\/\/fuentesfidedignas.com.mx\/index.php\/2023\/11\/08\/del-3-al-10-de-diciembre-se-realizara-la-feria-internacional-del-libro-de-los-mochis\/"},"author":{"name":"Redacci\u00f3n","@id":"https:\/\/fuentesfidedignas.com.mx\/#\/schema\/person\/331be9283d37198e2acd5750279085b0"},"headline":"Del 3 al 10 de diciembre, se realizar\u00e1 la Feria Internacional del Libro de Los Mochis","datePublished":"2023-11-08T23:29:07+00:00","mainEntityOfPage":{"@id":"https:\/\/fuentesfidedignas.com.mx\/index.php\/2023\/11\/08\/del-3-al-10-de-diciembre-se-realizara-la-feria-internacional-del-libro-de-los-mochis\/"},"wordCount":301,"commentCount":0,"publisher":{"@id":"https:\/\/fuentesfidedignas.com.mx\/#organization"},"image":{"@id":"https:\/\/fuentesfidedignas.com.mx\/index.php\/2023\/11\/08\/del-3-al-10-de-diciembre-se-realizara-la-feria-internacional-del-libro-de-los-mochis\/#primaryimage"},"thumbnailUrl":"https:\/\/fuentesfidedignas.com.mx\/wp-content\/uploads\/2023\/11\/08Nov2023-Feria-del-Libro-de-Los-Mochis.jpg","inLanguage":"es","potentialAction":[{"@type":"CommentAction","name":"Comment","target":["https:\/\/fuentesfidedignas.com.mx\/index.php\/2023\/11\/08\/del-3-al-10-de-diciembre-se-realizara-la-feria-internacional-del-libro-de-los-mochis\/#respond"]}]},{"@type":"WebPage","@id":"https:\/\/fuentesfidedignas.com.mx\/index.php\/2023\/11\/08\/del-3-al-10-de-diciembre-se-realizara-la-feria-internacional-del-libro-de-los-mochis\/","url":"https:\/\/fuentesfidedignas.com.mx\/index.php\/2023\/11\/08\/del-3-al-10-de-diciembre-se-realizara-la-feria-internacional-del-libro-de-los-mochis\/","name":"Del 3 al 10 de diciembre, se realizar\u00e1 la Feria Internacional del Libro de Los Mochis - Fuentes Fidedignas","isPartOf":{"@id":"https:\/\/fuentesfidedignas.com.mx\/#website"},"primaryImageOfPage":{"@id":"https:\/\/fuentesfidedignas.com.mx\/index.php\/2023\/11\/08\/del-3-al-10-de-diciembre-se-realizara-la-feria-internacional-del-libro-de-los-mochis\/#primaryimage"},"image":{"@id":"https:\/\/fuentesfidedignas.com.mx\/index.php\/2023\/11\/08\/del-3-al-10-de-diciembre-se-realizara-la-feria-internacional-del-libro-de-los-mochis\/#primaryimage"},"thumbnailUrl":"https:\/\/fuentesfidedignas.com.mx\/wp-content\/uploads\/2023\/11\/08Nov2023-Feria-del-Libro-de-Los-Mochis.jpg","datePublished":"2023-11-08T23:29:07+00:00","breadcrumb":{"@id":"https:\/\/fuentesfidedignas.com.mx\/index.php\/2023\/11\/08\/del-3-al-10-de-diciembre-se-realizara-la-feria-internacional-del-libro-de-los-mochis\/#breadcrumb"},"inLanguage":"es","potentialAction":[{"@type":"ReadAction","target":["https:\/\/fuentesfidedignas.com.mx\/index.php\/2023\/11\/08\/del-3-al-10-de-diciembre-se-realizara-la-feria-internacional-del-libro-de-los-mochis\/"]}]},{"@type":"ImageObject","inLanguage":"es","@id":"https:\/\/fuentesfidedignas.com.mx\/index.php\/2023\/11\/08\/del-3-al-10-de-diciembre-se-realizara-la-feria-internacional-del-libro-de-los-mochis\/#primaryimage","url":"https:\/\/fuentesfidedignas.com.mx\/wp-content\/uploads\/2023\/11\/08Nov2023-Feria-del-Libro-de-Los-Mochis.jpg","contentUrl":"https:\/\/fuentesfidedignas.com.mx\/wp-content\/uploads\/2023\/11\/08Nov2023-Feria-del-Libro-de-Los-Mochis.jpg","width":1024,"height":683},{"@type":"BreadcrumbList","@id":"https:\/\/fuentesfidedignas.com.mx\/index.php\/2023\/11\/08\/del-3-al-10-de-diciembre-se-realizara-la-feria-internacional-del-libro-de-los-mochis\/#breadcrumb","itemListElement":[{"@type":"ListItem","position":1,"name":"Inicio","item":"https:\/\/fuentesfidedignas.com.mx\/"},{"@type":"ListItem","position":2,"name":"Del 3 al 10 de diciembre, se realizar\u00e1 la Feria Internacional del Libro de Los Mochis"}]},{"@type":"WebSite","@id":"https:\/\/fuentesfidedignas.com.mx\/#website","url":"https:\/\/fuentesfidedignas.com.mx\/","name":"Fuentes Fidedignas","description":"Otro sitio realizado con WordPress","publisher":{"@id":"https:\/\/fuentesfidedignas.com.mx\/#organization"},"potentialAction":[{"@type":"SearchAction","target":{"@type":"EntryPoint","urlTemplate":"https:\/\/fuentesfidedignas.com.mx\/?s={search_term_string}"},"query-input":{"@type":"PropertyValueSpecification","valueRequired":true,"valueName":"search_term_string"}}],"inLanguage":"es"},{"@type":"Organization","@id":"https:\/\/fuentesfidedignas.com.mx\/#organization","name":"Fuentes Fidedignas","url":"https:\/\/fuentesfidedignas.com.mx\/","logo":{"@type":"ImageObject","inLanguage":"es","@id":"https:\/\/fuentesfidedignas.com.mx\/#\/schema\/logo\/image\/","url":"https:\/\/fuentesfidedignas.com.mx\/wp-content\/uploads\/2021\/04\/logo-retina.png","contentUrl":"https:\/\/fuentesfidedignas.com.mx\/wp-content\/uploads\/2021\/04\/logo-retina.png","width":280,"height":51,"caption":"Fuentes Fidedignas"},"image":{"@id":"https:\/\/fuentesfidedignas.com.mx\/#\/schema\/logo\/image\/"},"sameAs":["https:\/\/www.facebook.com\/Fuentes-Fidedignas-368234489921644","https:\/\/x.com\/fidedignas"]},{"@type":"Person","@id":"https:\/\/fuentesfidedignas.com.mx\/#\/schema\/person\/331be9283d37198e2acd5750279085b0","name":"Redacci\u00f3n","image":{"@type":"ImageObject","inLanguage":"es","@id":"https:\/\/secure.gravatar.com\/avatar\/f6d8782c11d12b2d4ad3fbb6931aeab5309937a4d6cd2fc9cfaa28a6396a5aec?s=96&d=mm&r=g","url":"https:\/\/secure.gravatar.com\/avatar\/f6d8782c11d12b2d4ad3fbb6931aeab5309937a4d6cd2fc9cfaa28a6396a5aec?s=96&d=mm&r=g","contentUrl":"https:\/\/secure.gravatar.com\/avatar\/f6d8782c11d12b2d4ad3fbb6931aeab5309937a4d6cd2fc9cfaa28a6396a5aec?s=96&d=mm&r=g","caption":"Redacci\u00f3n"},"url":"https:\/\/fuentesfidedignas.com.mx\/index.php\/author\/redaccion\/"}]}},"_links":{"self":[{"href":"https:\/\/fuentesfidedignas.com.mx\/index.php\/wp-json\/wp\/v2\/posts\/65130","targetHints":{"allow":["GET"]}}],"collection":[{"href":"https:\/\/fuentesfidedignas.com.mx\/index.php\/wp-json\/wp\/v2\/posts"}],"about":[{"href":"https:\/\/fuentesfidedignas.com.mx\/index.php\/wp-json\/wp\/v2\/types\/post"}],"author":[{"embeddable":true,"href":"https:\/\/fuentesfidedignas.com.mx\/index.php\/wp-json\/wp\/v2\/users\/4"}],"replies":[{"embeddable":true,"href":"https:\/\/fuentesfidedignas.com.mx\/index.php\/wp-json\/wp\/v2\/comments?post=65130"}],"version-history":[{"count":1,"href":"https:\/\/fuentesfidedignas.com.mx\/index.php\/wp-json\/wp\/v2\/posts\/65130\/revisions"}],"predecessor-version":[{"id":65132,"href":"https:\/\/fuentesfidedignas.com.mx\/index.php\/wp-json\/wp\/v2\/posts\/65130\/revisions\/65132"}],"wp:featuredmedia":[{"embeddable":true,"href":"https:\/\/fuentesfidedignas.com.mx\/index.php\/wp-json\/wp\/v2\/media\/65131"}],"wp:attachment":[{"href":"https:\/\/fuentesfidedignas.com.mx\/index.php\/wp-json\/wp\/v2\/media?parent=65130"}],"wp:term":[{"taxonomy":"category","embeddable":true,"href":"https:\/\/fuentesfidedignas.com.mx\/index.php\/wp-json\/wp\/v2\/categories?post=65130"},{"taxonomy":"post_tag","embeddable":true,"href":"https:\/\/fuentesfidedignas.com.mx\/index.php\/wp-json\/wp\/v2\/tags?post=65130"}],"curies":[{"name":"wp","href":"https:\/\/api.w.org\/{rel}","templated":true}]}}