{"id":65097,"date":"2023-11-08T13:54:57","date_gmt":"2023-11-08T20:54:57","guid":{"rendered":"https:\/\/fuentesfidedignas.com.mx\/?p=65097"},"modified":"2023-11-08T14:55:18","modified_gmt":"2023-11-08T21:55:18","slug":"inscriben-tecnologico-nacional-de-mexico-instituto-tecnologico-de-culiacan-en-el-muro-de-honor-del-congreso","status":"publish","type":"post","link":"https:\/\/fuentesfidedignas.com.mx\/index.php\/2023\/11\/08\/inscriben-tecnologico-nacional-de-mexico-instituto-tecnologico-de-culiacan-en-el-muro-de-honor-del-congreso\/","title":{"rendered":"Inscriben \u201cTecnol\u00f3gico Nacional de M\u00e9xico &#8211; Instituto Tecnol\u00f3gico de Culiac\u00e1n\u201d en el Muro de Honor del Congreso"},"content":{"rendered":"\n<iframe loading=\"lazy\" src=\"https:\/\/www.facebook.com\/plugins\/video.php?height=314&#038;href=https%3A%2F%2Fwww.facebook.com%2Fcongresosinaloa%2Fvideos%2F1390178598563754%2F&#038;show_text=false&#038;width=560&#038;t=0\" width=\"560\" height=\"314\" style=\"border:none;overflow:hidden\" scrolling=\"no\" frameborder=\"0\" allowfullscreen=\"true\" allow=\"autoplay; clipboard-write; encrypted-media; picture-in-picture; web-share\" allowFullScreen=\"true\"><\/iframe>\n\n\n\n<p>Culiac\u00e1n, Sin.- La divisa <strong>\u201cTecnol\u00f3gico Nacional de M\u00e9xico-Instituto Tecnol\u00f3gico de Culiac\u00e1n\u201d<\/strong> fue develada en letras doradas en el <strong>Muro de Honor del Congreso del Estado de Sinaloa<\/strong>, en homenaje a una instituci\u00f3n que permanece con la m\u00edstica de su creaci\u00f3n altamente vigente, y en reconocimiento a su invaluable labor al dar acceso a la educaci\u00f3n superior t\u00e9cnica y creativa a varias generaciones de sinaloenses.<\/p>\n\n\n\n<figure class=\"wp-block-image size-full\"><img decoding=\"async\" width=\"1024\" height=\"684\" src=\"https:\/\/fuentesfidedignas.com.mx\/wp-content\/uploads\/2023\/11\/WhatsApp-Image-2023-11-08-at-11.54.02-AM-1.jpeg\" alt=\"\" class=\"wp-image-65098\" srcset=\"https:\/\/fuentesfidedignas.com.mx\/wp-content\/uploads\/2023\/11\/WhatsApp-Image-2023-11-08-at-11.54.02-AM-1.jpeg 1024w, https:\/\/fuentesfidedignas.com.mx\/wp-content\/uploads\/2023\/11\/WhatsApp-Image-2023-11-08-at-11.54.02-AM-1-300x200.jpeg 300w, https:\/\/fuentesfidedignas.com.mx\/wp-content\/uploads\/2023\/11\/WhatsApp-Image-2023-11-08-at-11.54.02-AM-1-768x513.jpeg 768w, https:\/\/fuentesfidedignas.com.mx\/wp-content\/uploads\/2023\/11\/WhatsApp-Image-2023-11-08-at-11.54.02-AM-1-696x465.jpeg 696w, https:\/\/fuentesfidedignas.com.mx\/wp-content\/uploads\/2023\/11\/WhatsApp-Image-2023-11-08-at-11.54.02-AM-1-629x420.jpeg 629w\" sizes=\"(max-width: 1024px) 100vw, 1024px\" \/><\/figure>\n\n\n\n<p>El diputado <strong>Feliciano Castro Mel\u00e9ndrez<\/strong>, presidente de la<strong> Junta de Coordinaci\u00f3n Pol\u00edtica del Congreso del Estado de Sinaloa<\/strong>, sostuvo que la pedagog\u00eda de la ingenier\u00eda, la t\u00e9cnica y la ciencia del<strong> Instituto Tecnol\u00f3gico de Culiac\u00e1n<\/strong> pone en el centro el desarrollo cient\u00edfico y tecnol\u00f3gico de la naci\u00f3n.<\/p>\n\n\n\n<p>Advirti\u00f3 que los j\u00f3venes est\u00e1n convocados a cultivar la espiritualidad y prepararse desde una perspectiva humanista para generar bienestar social sin ser indiferentes al dolor humano.<\/p>\n\n\n\n<figure class=\"wp-block-image size-full\"><img decoding=\"async\" width=\"684\" height=\"1024\" src=\"https:\/\/fuentesfidedignas.com.mx\/wp-content\/uploads\/2023\/11\/WhatsApp-Image-2023-11-08-at-11.54.03-AM.jpeg\" alt=\"\" class=\"wp-image-65099\" srcset=\"https:\/\/fuentesfidedignas.com.mx\/wp-content\/uploads\/2023\/11\/WhatsApp-Image-2023-11-08-at-11.54.03-AM.jpeg 684w, https:\/\/fuentesfidedignas.com.mx\/wp-content\/uploads\/2023\/11\/WhatsApp-Image-2023-11-08-at-11.54.03-AM-200x300.jpeg 200w, https:\/\/fuentesfidedignas.com.mx\/wp-content\/uploads\/2023\/11\/WhatsApp-Image-2023-11-08-at-11.54.03-AM-281x420.jpeg 281w\" sizes=\"(max-width: 684px) 100vw, 684px\" \/><\/figure>\n\n\n\n<p>El presidente de la <strong>Mesa Directiva<\/strong>, diputado <strong>Ricardo Madrid P\u00e9rez<\/strong>, indic\u00f3 que el \u00fanico objetivo de la Sesi\u00f3n Solemne 195 fue dar cumplimiento al Decreto N\u00famero 534, por el cual se inscribe para la posteridad el nombre en el Muro de Honor de tan gloriosa instituci\u00f3n educativa en Sinaloa.<\/p>\n\n\n\n<p>Con el p\u00fablico de pie y entre una lluvia de aplausos se celebr\u00f3 la develaci\u00f3n de la placa con la inscripci\u00f3n con letras doradas en el Muro de Honor de la divisa \u201cTecnol\u00f3gico Nacional de M\u00e9xico-Instituto Tecnol\u00f3gico de Culiac\u00e1n\u201d.<\/p>\n\n\n\n<p><strong>Graciela Dom\u00ednguez Nava, Secretaria de Educaci\u00f3n P\u00fablica y Cultura<\/strong> y representante del gobernador <strong>Rub\u00e9n Rocha Moya<\/strong>, afirm\u00f3 que conmemorar la historia y el legado del prestigiado<strong> Instituto Tecnol\u00f3gico de Culiac\u00e1n<\/strong> es un acto de gratitud y justicia para una instituci\u00f3n que ha dado tanto para Sinaloa, referente educativo por ser semillero de excelentes profesionales y pionero en la investigaci\u00f3n cient\u00edfica y tecnol\u00f3gica en la regi\u00f3n.<\/p>\n\n\n\n<p>Record\u00f3 que sus or\u00edgenes se remontan a 1963 cuando el ingeniero V\u00edctor Bravo Ah\u00faja, Secretario de Educaci\u00f3n P\u00fablica, se comprometi\u00f3 con el ingeniero Luis Cisneros a crear esta instituci\u00f3n.<\/p>\n\n\n\n<iframe loading=\"lazy\" src=\"https:\/\/www.facebook.com\/plugins\/video.php?height=314&#038;href=https%3A%2F%2Fwww.facebook.com%2Fcongresosinaloa%2Fvideos%2F2196640670540359%2F&#038;show_text=false&#038;width=560&#038;t=0\" width=\"560\" height=\"314\" style=\"border:none;overflow:hidden\" scrolling=\"no\" frameborder=\"0\" allowfullscreen=\"true\" allow=\"autoplay; clipboard-write; encrypted-media; picture-in-picture; web-share\" allowFullScreen=\"true\"><\/iframe>\n\n\n\n<p>Dicha promesa se cristaliz\u00f3 cuando en 1965 el gobernador Leopoldo Celis S\u00e1nchez Celis firm\u00f3 un convenio con el gobierno federal en el que se comprometi\u00f3 a aportar el terreno donde se construir\u00eda, as\u00ed como la mitad del valor total de dicha obra.<\/p>\n\n\n\n<p>En 1966 la Secretar\u00eda de Educaci\u00f3n P\u00fablica inici\u00f3 la construcci\u00f3n del <strong>Instituto Tecnol\u00f3gico de Sinaloa<\/strong>, como se le llamaba en ese entonces, y en 1967 concluy\u00f3 su primera etapa. Los art\u00edfices de la obra fueron el arquitecto Jaime Sevilla Poyastro y el ingeniero Arturo Ortiz. La inauguraci\u00f3n del Instituto Tecnol\u00f3gico fue el 21 de mayo de 1968.<\/p>\n\n\n\n<p>Desde entonces, dijo, el Instituto Tecnol\u00f3gico de Culiac\u00e1n se convirti\u00f3 en una instituci\u00f3n que ha proporcionado una formaci\u00f3n s\u00f3lida e integral.<\/p>\n\n\n\n<p>El Profesor <strong>Ram\u00f3n Jim\u00e9nez L\u00f3pez<\/strong>, Director General del Tecnol\u00f3gico Nacional de M\u00e9xico, precis\u00f3 que cuando inici\u00f3 sus actividades esta instituci\u00f3n educativa hace 55 a\u00f1os fue el primer tecnol\u00f3gico en Sinaloa.<\/p>\n\n\n\n<p>Desde esa fecha, la instituci\u00f3n homenajeada ha logrado un impacto hist\u00f3rico en la regi\u00f3n ya que sus egresados han contribuido significativamente al desarrollo econ\u00f3mico y social de Sinaloa, testimonio del compromiso constante con la formaci\u00f3n de profesionales, altamente calificados y preparados para enfrentar los desaf\u00edos cambiantes de la sociedad y de la econom\u00eda de M\u00e9xico, siempre a la vanguardia con nuevas ciencias e ingenier\u00edas.<\/p>\n\n\n\n<p>\u201c<strong><em>Aunque comenz\u00f3 con modestia su impacto y su relevancia crecieron de manera extraordinaria transformando no solamente a Culiac\u00e1n sino tambi\u00e9n al Estado, desempe\u00f1ando un papel fundamental en la consolidaci\u00f3n de la educaci\u00f3n tecnol\u00f3gica en Sinaloa<\/em><\/strong>\u201d, dijo.<\/p>\n\n\n\n<iframe loading=\"lazy\" src=\"https:\/\/www.facebook.com\/plugins\/video.php?height=314&#038;href=https%3A%2F%2Fwww.facebook.com%2Fcongresosinaloa%2Fvideos%2F920215696478556%2F&#038;show_text=false&#038;width=560&#038;t=0\" width=\"560\" height=\"314\" style=\"border:none;overflow:hidden\" scrolling=\"no\" frameborder=\"0\" allowfullscreen=\"true\" allow=\"autoplay; clipboard-write; encrypted-media; picture-in-picture; web-share\" allowFullScreen=\"true\"><\/iframe>\n\n\n\n<p>Record\u00f3 que el Instituto Tecnol\u00f3gico de Culiac\u00e1n inici\u00f3 labores en septiembre de 1968, en tanto que las clases dieron inicio el 4 de noviembre del mismo a\u00f1o, cuando este plantel recibi\u00f3 sus primeros 273 estudiantes ofreciendo inicialmente dos carreras.<\/p>\n\n\n\n<p>Destac\u00f3 que el crecimiento ha sido significativo en tama\u00f1o y en impacto albergando actualmente una poblaci\u00f3n estudiantil de alrededor de 5,377 alumnos y ofreciendo un abanico de 11 carreras, tres programas de posgrado, dos de maestr\u00eda y uno de doctorado.<\/p>\n\n\n\n<p>Jes\u00fas Iv\u00e1n Ch\u00e1vez Rangel, magistrado presidente del Supremo Tribunal de Justicia del Estado, sostuvo que el Instituto Tecnol\u00f3gico de Culiac\u00e1n naci\u00f3 en una etapa hist\u00f3rica en la que Sinaloa requer\u00eda recursos humanos con educaci\u00f3n tecnol\u00f3gica en el nivel de licenciatura y desde entonces ha contribuido al desarrollo industrial y tecnol\u00f3gico del estado, formando profesionales comprometidos con la regi\u00f3n.<\/p>\n\n\n\n<iframe loading=\"lazy\" src=\"https:\/\/www.facebook.com\/plugins\/video.php?height=314&#038;href=https%3A%2F%2Fwww.facebook.com%2Fcongresosinaloa%2Fvideos%2F3500000310252564%2F&#038;show_text=false&#038;width=560&#038;t=0\" width=\"560\" height=\"314\" style=\"border:none;overflow:hidden\" scrolling=\"no\" frameborder=\"0\" allowfullscreen=\"true\" allow=\"autoplay; clipboard-write; encrypted-media; picture-in-picture; web-share\" allowFullScreen=\"true\"><\/iframe>\n\n\n\n<p>El Instituto Tecnol\u00f3gico de Culiac\u00e1n, puntualiz\u00f3, ha respondido a los desaf\u00edos ampliando su oferta educativa para preparar a los nuevos profesionistas de este siglo.<\/p>\n\n\n\n<p>Al iniciar la Sesi\u00f3n Solemne, Graciela Dom\u00ednguez Nava, Secretaria de Educaci\u00f3n P\u00fablica y Cultura y representante del gobernador Rub\u00e9n Rocha Moya, y Jes\u00fas Iv\u00e1n Ch\u00e1vez Rangel, Magistrado Presidente del Supremo Tribunal de Justicia fueron recibidos por una comisi\u00f3n legislativa de cortes\u00eda en su entrada al recinto parlamentario.<\/p>\n\n\n\n<p>Los titulares de los poderes p\u00fablicos fueron recibidos por la comisi\u00f3n de cortes\u00eda integrada por los diputados y las diputadas Rosario Guadalupe Sarabia Soto, Viridiana Camacho Mill\u00e1n, Luis Javier de la Rocha Zazueta, Guadalupe C\u00e1zares Gallegos y Cinthia Valenzuela Langarica.<\/p>\n\n\n\n<p>Los honores a la bandera y el canto al himno nacional se rindieron con la participaci\u00f3n de la Banda de Guerra y Escolta del Instituto Tecnol\u00f3gico de Culiac\u00e1n, a cargo del Ing. Aldo Moreno Z\u00fa\u00f1iga y del Lic. Alfredo Nieblas Iribe.<\/p>\n\n\n\n<p>Asimismo, tuvieron el acompa\u00f1amiento en el Himno Nacional de la Banda de M\u00fasica de la Tercera Regi\u00f3n Militar, dirigida por la Subteniente M\u00fasico Rosa Mar\u00eda Hern\u00e1ndez G\u00f3mez, quienes posteriormente deleitaron al p\u00fablico con las Marchas Musicales \u201cLos Laureles\u201d y \u201cViva M\u00e9xico\u201d.<\/p>\n","protected":false},"excerpt":{"rendered":"<p>Culiac\u00e1n, Sin.- La divisa \u201cTecnol\u00f3gico Nacional de M\u00e9xico-Instituto Tecnol\u00f3gico de Culiac\u00e1n\u201d fue develada en letras doradas en el Muro de Honor del Congreso del Estado de Sinaloa, en homenaje a una instituci\u00f3n que permanece con la m\u00edstica de su creaci\u00f3n altamente vigente, y en reconocimiento a su invaluable labor al dar acceso a la educaci\u00f3n [&hellip;]<\/p>\n","protected":false},"author":4,"featured_media":65101,"comment_status":"open","ping_status":"open","sticky":false,"template":"","format":"standard","meta":{"tdm_status":"","tdm_grid_status":"","footnotes":""},"categories":[1],"tags":[],"class_list":{"0":"post-65097","1":"post","2":"type-post","3":"status-publish","4":"format-standard","5":"has-post-thumbnail","7":"category-sin-categoria"},"yoast_head":"<!-- This site is optimized with the Yoast SEO plugin v27.5 - https:\/\/yoast.com\/product\/yoast-seo-wordpress\/ -->\n<title>Inscriben \u201cTecnol\u00f3gico Nacional de M\u00e9xico - Instituto Tecnol\u00f3gico de Culiac\u00e1n\u201d en el Muro de Honor del Congreso - Fuentes Fidedignas<\/title>\n<meta name=\"robots\" content=\"index, follow, max-snippet:-1, max-image-preview:large, max-video-preview:-1\" \/>\n<link rel=\"canonical\" href=\"https:\/\/fuentesfidedignas.com.mx\/index.php\/2023\/11\/08\/inscriben-tecnologico-nacional-de-mexico-instituto-tecnologico-de-culiacan-en-el-muro-de-honor-del-congreso\/\" \/>\n<meta property=\"og:locale\" content=\"es_MX\" \/>\n<meta property=\"og:type\" content=\"article\" \/>\n<meta property=\"og:title\" content=\"Inscriben \u201cTecnol\u00f3gico Nacional de M\u00e9xico - Instituto Tecnol\u00f3gico de Culiac\u00e1n\u201d en el Muro de Honor del Congreso - Fuentes Fidedignas\" \/>\n<meta property=\"og:description\" content=\"Culiac\u00e1n, Sin.- La divisa \u201cTecnol\u00f3gico Nacional de M\u00e9xico-Instituto Tecnol\u00f3gico de Culiac\u00e1n\u201d fue develada en letras doradas en el Muro de Honor del Congreso del Estado de Sinaloa, en homenaje a una instituci\u00f3n que permanece con la m\u00edstica de su creaci\u00f3n altamente vigente, y en reconocimiento a su invaluable labor al dar acceso a la educaci\u00f3n [&hellip;]\" \/>\n<meta property=\"og:url\" content=\"https:\/\/fuentesfidedignas.com.mx\/index.php\/2023\/11\/08\/inscriben-tecnologico-nacional-de-mexico-instituto-tecnologico-de-culiacan-en-el-muro-de-honor-del-congreso\/\" \/>\n<meta property=\"og:site_name\" content=\"Fuentes Fidedignas\" \/>\n<meta property=\"article:publisher\" content=\"https:\/\/www.facebook.com\/Fuentes-Fidedignas-368234489921644\" \/>\n<meta property=\"article:published_time\" content=\"2023-11-08T20:54:57+00:00\" \/>\n<meta property=\"article:modified_time\" content=\"2023-11-08T21:55:18+00:00\" \/>\n<meta property=\"og:image\" content=\"https:\/\/fuentesfidedignas.com.mx\/wp-content\/uploads\/2023\/11\/WhatsApp-Image-2023-11-08-at-12.03.41-PM-e1699476863845.jpeg\" \/>\n\t<meta property=\"og:image:width\" content=\"600\" \/>\n\t<meta property=\"og:image:height\" content=\"401\" \/>\n\t<meta property=\"og:image:type\" content=\"image\/jpeg\" \/>\n<meta name=\"author\" content=\"Redacci\u00f3n\" \/>\n<meta name=\"twitter:card\" content=\"summary_large_image\" \/>\n<meta name=\"twitter:creator\" content=\"@fidedignas\" \/>\n<meta name=\"twitter:site\" content=\"@fidedignas\" \/>\n<meta name=\"twitter:label1\" content=\"Escrito por\" \/>\n\t<meta name=\"twitter:data1\" content=\"Redacci\u00f3n\" \/>\n\t<meta name=\"twitter:label2\" content=\"Tiempo de lectura\" \/>\n\t<meta name=\"twitter:data2\" content=\"5 minutos\" \/>\n<script type=\"application\/ld+json\" class=\"yoast-schema-graph\">{\"@context\":\"https:\\\/\\\/schema.org\",\"@graph\":[{\"@type\":\"Article\",\"@id\":\"https:\\\/\\\/fuentesfidedignas.com.mx\\\/index.php\\\/2023\\\/11\\\/08\\\/inscriben-tecnologico-nacional-de-mexico-instituto-tecnologico-de-culiacan-en-el-muro-de-honor-del-congreso\\\/#article\",\"isPartOf\":{\"@id\":\"https:\\\/\\\/fuentesfidedignas.com.mx\\\/index.php\\\/2023\\\/11\\\/08\\\/inscriben-tecnologico-nacional-de-mexico-instituto-tecnologico-de-culiacan-en-el-muro-de-honor-del-congreso\\\/\"},\"author\":{\"name\":\"Redacci\u00f3n\",\"@id\":\"https:\\\/\\\/fuentesfidedignas.com.mx\\\/#\\\/schema\\\/person\\\/331be9283d37198e2acd5750279085b0\"},\"headline\":\"Inscriben \u201cTecnol\u00f3gico Nacional de M\u00e9xico &#8211; Instituto Tecnol\u00f3gico de Culiac\u00e1n\u201d en el Muro de Honor del Congreso\",\"datePublished\":\"2023-11-08T20:54:57+00:00\",\"dateModified\":\"2023-11-08T21:55:18+00:00\",\"mainEntityOfPage\":{\"@id\":\"https:\\\/\\\/fuentesfidedignas.com.mx\\\/index.php\\\/2023\\\/11\\\/08\\\/inscriben-tecnologico-nacional-de-mexico-instituto-tecnologico-de-culiacan-en-el-muro-de-honor-del-congreso\\\/\"},\"wordCount\":1044,\"commentCount\":0,\"publisher\":{\"@id\":\"https:\\\/\\\/fuentesfidedignas.com.mx\\\/#organization\"},\"image\":{\"@id\":\"https:\\\/\\\/fuentesfidedignas.com.mx\\\/index.php\\\/2023\\\/11\\\/08\\\/inscriben-tecnologico-nacional-de-mexico-instituto-tecnologico-de-culiacan-en-el-muro-de-honor-del-congreso\\\/#primaryimage\"},\"thumbnailUrl\":\"https:\\\/\\\/fuentesfidedignas.com.mx\\\/wp-content\\\/uploads\\\/2023\\\/11\\\/WhatsApp-Image-2023-11-08-at-12.03.41-PM-e1699476863845.jpeg\",\"inLanguage\":\"es\",\"potentialAction\":[{\"@type\":\"CommentAction\",\"name\":\"Comment\",\"target\":[\"https:\\\/\\\/fuentesfidedignas.com.mx\\\/index.php\\\/2023\\\/11\\\/08\\\/inscriben-tecnologico-nacional-de-mexico-instituto-tecnologico-de-culiacan-en-el-muro-de-honor-del-congreso\\\/#respond\"]}]},{\"@type\":\"WebPage\",\"@id\":\"https:\\\/\\\/fuentesfidedignas.com.mx\\\/index.php\\\/2023\\\/11\\\/08\\\/inscriben-tecnologico-nacional-de-mexico-instituto-tecnologico-de-culiacan-en-el-muro-de-honor-del-congreso\\\/\",\"url\":\"https:\\\/\\\/fuentesfidedignas.com.mx\\\/index.php\\\/2023\\\/11\\\/08\\\/inscriben-tecnologico-nacional-de-mexico-instituto-tecnologico-de-culiacan-en-el-muro-de-honor-del-congreso\\\/\",\"name\":\"Inscriben \u201cTecnol\u00f3gico Nacional de M\u00e9xico - Instituto Tecnol\u00f3gico de Culiac\u00e1n\u201d en el Muro de Honor del Congreso - Fuentes Fidedignas\",\"isPartOf\":{\"@id\":\"https:\\\/\\\/fuentesfidedignas.com.mx\\\/#website\"},\"primaryImageOfPage\":{\"@id\":\"https:\\\/\\\/fuentesfidedignas.com.mx\\\/index.php\\\/2023\\\/11\\\/08\\\/inscriben-tecnologico-nacional-de-mexico-instituto-tecnologico-de-culiacan-en-el-muro-de-honor-del-congreso\\\/#primaryimage\"},\"image\":{\"@id\":\"https:\\\/\\\/fuentesfidedignas.com.mx\\\/index.php\\\/2023\\\/11\\\/08\\\/inscriben-tecnologico-nacional-de-mexico-instituto-tecnologico-de-culiacan-en-el-muro-de-honor-del-congreso\\\/#primaryimage\"},\"thumbnailUrl\":\"https:\\\/\\\/fuentesfidedignas.com.mx\\\/wp-content\\\/uploads\\\/2023\\\/11\\\/WhatsApp-Image-2023-11-08-at-12.03.41-PM-e1699476863845.jpeg\",\"datePublished\":\"2023-11-08T20:54:57+00:00\",\"dateModified\":\"2023-11-08T21:55:18+00:00\",\"breadcrumb\":{\"@id\":\"https:\\\/\\\/fuentesfidedignas.com.mx\\\/index.php\\\/2023\\\/11\\\/08\\\/inscriben-tecnologico-nacional-de-mexico-instituto-tecnologico-de-culiacan-en-el-muro-de-honor-del-congreso\\\/#breadcrumb\"},\"inLanguage\":\"es\",\"potentialAction\":[{\"@type\":\"ReadAction\",\"target\":[\"https:\\\/\\\/fuentesfidedignas.com.mx\\\/index.php\\\/2023\\\/11\\\/08\\\/inscriben-tecnologico-nacional-de-mexico-instituto-tecnologico-de-culiacan-en-el-muro-de-honor-del-congreso\\\/\"]}]},{\"@type\":\"ImageObject\",\"inLanguage\":\"es\",\"@id\":\"https:\\\/\\\/fuentesfidedignas.com.mx\\\/index.php\\\/2023\\\/11\\\/08\\\/inscriben-tecnologico-nacional-de-mexico-instituto-tecnologico-de-culiacan-en-el-muro-de-honor-del-congreso\\\/#primaryimage\",\"url\":\"https:\\\/\\\/fuentesfidedignas.com.mx\\\/wp-content\\\/uploads\\\/2023\\\/11\\\/WhatsApp-Image-2023-11-08-at-12.03.41-PM-e1699476863845.jpeg\",\"contentUrl\":\"https:\\\/\\\/fuentesfidedignas.com.mx\\\/wp-content\\\/uploads\\\/2023\\\/11\\\/WhatsApp-Image-2023-11-08-at-12.03.41-PM-e1699476863845.jpeg\",\"width\":600,\"height\":401},{\"@type\":\"BreadcrumbList\",\"@id\":\"https:\\\/\\\/fuentesfidedignas.com.mx\\\/index.php\\\/2023\\\/11\\\/08\\\/inscriben-tecnologico-nacional-de-mexico-instituto-tecnologico-de-culiacan-en-el-muro-de-honor-del-congreso\\\/#breadcrumb\",\"itemListElement\":[{\"@type\":\"ListItem\",\"position\":1,\"name\":\"Inicio\",\"item\":\"https:\\\/\\\/fuentesfidedignas.com.mx\\\/\"},{\"@type\":\"ListItem\",\"position\":2,\"name\":\"Inscriben \u201cTecnol\u00f3gico Nacional de M\u00e9xico &#8211; Instituto Tecnol\u00f3gico de Culiac\u00e1n\u201d en el Muro de Honor del Congreso\"}]},{\"@type\":\"WebSite\",\"@id\":\"https:\\\/\\\/fuentesfidedignas.com.mx\\\/#website\",\"url\":\"https:\\\/\\\/fuentesfidedignas.com.mx\\\/\",\"name\":\"Fuentes Fidedignas\",\"description\":\"Otro sitio realizado con WordPress\",\"publisher\":{\"@id\":\"https:\\\/\\\/fuentesfidedignas.com.mx\\\/#organization\"},\"potentialAction\":[{\"@type\":\"SearchAction\",\"target\":{\"@type\":\"EntryPoint\",\"urlTemplate\":\"https:\\\/\\\/fuentesfidedignas.com.mx\\\/?s={search_term_string}\"},\"query-input\":{\"@type\":\"PropertyValueSpecification\",\"valueRequired\":true,\"valueName\":\"search_term_string\"}}],\"inLanguage\":\"es\"},{\"@type\":\"Organization\",\"@id\":\"https:\\\/\\\/fuentesfidedignas.com.mx\\\/#organization\",\"name\":\"Fuentes Fidedignas\",\"url\":\"https:\\\/\\\/fuentesfidedignas.com.mx\\\/\",\"logo\":{\"@type\":\"ImageObject\",\"inLanguage\":\"es\",\"@id\":\"https:\\\/\\\/fuentesfidedignas.com.mx\\\/#\\\/schema\\\/logo\\\/image\\\/\",\"url\":\"https:\\\/\\\/fuentesfidedignas.com.mx\\\/wp-content\\\/uploads\\\/2021\\\/04\\\/logo-retina.png\",\"contentUrl\":\"https:\\\/\\\/fuentesfidedignas.com.mx\\\/wp-content\\\/uploads\\\/2021\\\/04\\\/logo-retina.png\",\"width\":280,\"height\":51,\"caption\":\"Fuentes Fidedignas\"},\"image\":{\"@id\":\"https:\\\/\\\/fuentesfidedignas.com.mx\\\/#\\\/schema\\\/logo\\\/image\\\/\"},\"sameAs\":[\"https:\\\/\\\/www.facebook.com\\\/Fuentes-Fidedignas-368234489921644\",\"https:\\\/\\\/x.com\\\/fidedignas\"]},{\"@type\":\"Person\",\"@id\":\"https:\\\/\\\/fuentesfidedignas.com.mx\\\/#\\\/schema\\\/person\\\/331be9283d37198e2acd5750279085b0\",\"name\":\"Redacci\u00f3n\",\"image\":{\"@type\":\"ImageObject\",\"inLanguage\":\"es\",\"@id\":\"https:\\\/\\\/secure.gravatar.com\\\/avatar\\\/f6d8782c11d12b2d4ad3fbb6931aeab5309937a4d6cd2fc9cfaa28a6396a5aec?s=96&d=mm&r=g\",\"url\":\"https:\\\/\\\/secure.gravatar.com\\\/avatar\\\/f6d8782c11d12b2d4ad3fbb6931aeab5309937a4d6cd2fc9cfaa28a6396a5aec?s=96&d=mm&r=g\",\"contentUrl\":\"https:\\\/\\\/secure.gravatar.com\\\/avatar\\\/f6d8782c11d12b2d4ad3fbb6931aeab5309937a4d6cd2fc9cfaa28a6396a5aec?s=96&d=mm&r=g\",\"caption\":\"Redacci\u00f3n\"},\"url\":\"https:\\\/\\\/fuentesfidedignas.com.mx\\\/index.php\\\/author\\\/redaccion\\\/\"}]}<\/script>\n<!-- \/ Yoast SEO plugin. -->","yoast_head_json":{"title":"Inscriben \u201cTecnol\u00f3gico Nacional de M\u00e9xico - Instituto Tecnol\u00f3gico de Culiac\u00e1n\u201d en el Muro de Honor del Congreso - Fuentes Fidedignas","robots":{"index":"index","follow":"follow","max-snippet":"max-snippet:-1","max-image-preview":"max-image-preview:large","max-video-preview":"max-video-preview:-1"},"canonical":"https:\/\/fuentesfidedignas.com.mx\/index.php\/2023\/11\/08\/inscriben-tecnologico-nacional-de-mexico-instituto-tecnologico-de-culiacan-en-el-muro-de-honor-del-congreso\/","og_locale":"es_MX","og_type":"article","og_title":"Inscriben \u201cTecnol\u00f3gico Nacional de M\u00e9xico - Instituto Tecnol\u00f3gico de Culiac\u00e1n\u201d en el Muro de Honor del Congreso - Fuentes Fidedignas","og_description":"Culiac\u00e1n, Sin.- La divisa \u201cTecnol\u00f3gico Nacional de M\u00e9xico-Instituto Tecnol\u00f3gico de Culiac\u00e1n\u201d fue develada en letras doradas en el Muro de Honor del Congreso del Estado de Sinaloa, en homenaje a una instituci\u00f3n que permanece con la m\u00edstica de su creaci\u00f3n altamente vigente, y en reconocimiento a su invaluable labor al dar acceso a la educaci\u00f3n [&hellip;]","og_url":"https:\/\/fuentesfidedignas.com.mx\/index.php\/2023\/11\/08\/inscriben-tecnologico-nacional-de-mexico-instituto-tecnologico-de-culiacan-en-el-muro-de-honor-del-congreso\/","og_site_name":"Fuentes Fidedignas","article_publisher":"https:\/\/www.facebook.com\/Fuentes-Fidedignas-368234489921644","article_published_time":"2023-11-08T20:54:57+00:00","article_modified_time":"2023-11-08T21:55:18+00:00","og_image":[{"width":600,"height":401,"url":"https:\/\/fuentesfidedignas.com.mx\/wp-content\/uploads\/2023\/11\/WhatsApp-Image-2023-11-08-at-12.03.41-PM-e1699476863845.jpeg","type":"image\/jpeg"}],"author":"Redacci\u00f3n","twitter_card":"summary_large_image","twitter_creator":"@fidedignas","twitter_site":"@fidedignas","twitter_misc":{"Escrito por":"Redacci\u00f3n","Tiempo de lectura":"5 minutos"},"schema":{"@context":"https:\/\/schema.org","@graph":[{"@type":"Article","@id":"https:\/\/fuentesfidedignas.com.mx\/index.php\/2023\/11\/08\/inscriben-tecnologico-nacional-de-mexico-instituto-tecnologico-de-culiacan-en-el-muro-de-honor-del-congreso\/#article","isPartOf":{"@id":"https:\/\/fuentesfidedignas.com.mx\/index.php\/2023\/11\/08\/inscriben-tecnologico-nacional-de-mexico-instituto-tecnologico-de-culiacan-en-el-muro-de-honor-del-congreso\/"},"author":{"name":"Redacci\u00f3n","@id":"https:\/\/fuentesfidedignas.com.mx\/#\/schema\/person\/331be9283d37198e2acd5750279085b0"},"headline":"Inscriben \u201cTecnol\u00f3gico Nacional de M\u00e9xico &#8211; Instituto Tecnol\u00f3gico de Culiac\u00e1n\u201d en el Muro de Honor del Congreso","datePublished":"2023-11-08T20:54:57+00:00","dateModified":"2023-11-08T21:55:18+00:00","mainEntityOfPage":{"@id":"https:\/\/fuentesfidedignas.com.mx\/index.php\/2023\/11\/08\/inscriben-tecnologico-nacional-de-mexico-instituto-tecnologico-de-culiacan-en-el-muro-de-honor-del-congreso\/"},"wordCount":1044,"commentCount":0,"publisher":{"@id":"https:\/\/fuentesfidedignas.com.mx\/#organization"},"image":{"@id":"https:\/\/fuentesfidedignas.com.mx\/index.php\/2023\/11\/08\/inscriben-tecnologico-nacional-de-mexico-instituto-tecnologico-de-culiacan-en-el-muro-de-honor-del-congreso\/#primaryimage"},"thumbnailUrl":"https:\/\/fuentesfidedignas.com.mx\/wp-content\/uploads\/2023\/11\/WhatsApp-Image-2023-11-08-at-12.03.41-PM-e1699476863845.jpeg","inLanguage":"es","potentialAction":[{"@type":"CommentAction","name":"Comment","target":["https:\/\/fuentesfidedignas.com.mx\/index.php\/2023\/11\/08\/inscriben-tecnologico-nacional-de-mexico-instituto-tecnologico-de-culiacan-en-el-muro-de-honor-del-congreso\/#respond"]}]},{"@type":"WebPage","@id":"https:\/\/fuentesfidedignas.com.mx\/index.php\/2023\/11\/08\/inscriben-tecnologico-nacional-de-mexico-instituto-tecnologico-de-culiacan-en-el-muro-de-honor-del-congreso\/","url":"https:\/\/fuentesfidedignas.com.mx\/index.php\/2023\/11\/08\/inscriben-tecnologico-nacional-de-mexico-instituto-tecnologico-de-culiacan-en-el-muro-de-honor-del-congreso\/","name":"Inscriben \u201cTecnol\u00f3gico Nacional de M\u00e9xico - Instituto Tecnol\u00f3gico de Culiac\u00e1n\u201d en el Muro de Honor del Congreso - Fuentes Fidedignas","isPartOf":{"@id":"https:\/\/fuentesfidedignas.com.mx\/#website"},"primaryImageOfPage":{"@id":"https:\/\/fuentesfidedignas.com.mx\/index.php\/2023\/11\/08\/inscriben-tecnologico-nacional-de-mexico-instituto-tecnologico-de-culiacan-en-el-muro-de-honor-del-congreso\/#primaryimage"},"image":{"@id":"https:\/\/fuentesfidedignas.com.mx\/index.php\/2023\/11\/08\/inscriben-tecnologico-nacional-de-mexico-instituto-tecnologico-de-culiacan-en-el-muro-de-honor-del-congreso\/#primaryimage"},"thumbnailUrl":"https:\/\/fuentesfidedignas.com.mx\/wp-content\/uploads\/2023\/11\/WhatsApp-Image-2023-11-08-at-12.03.41-PM-e1699476863845.jpeg","datePublished":"2023-11-08T20:54:57+00:00","dateModified":"2023-11-08T21:55:18+00:00","breadcrumb":{"@id":"https:\/\/fuentesfidedignas.com.mx\/index.php\/2023\/11\/08\/inscriben-tecnologico-nacional-de-mexico-instituto-tecnologico-de-culiacan-en-el-muro-de-honor-del-congreso\/#breadcrumb"},"inLanguage":"es","potentialAction":[{"@type":"ReadAction","target":["https:\/\/fuentesfidedignas.com.mx\/index.php\/2023\/11\/08\/inscriben-tecnologico-nacional-de-mexico-instituto-tecnologico-de-culiacan-en-el-muro-de-honor-del-congreso\/"]}]},{"@type":"ImageObject","inLanguage":"es","@id":"https:\/\/fuentesfidedignas.com.mx\/index.php\/2023\/11\/08\/inscriben-tecnologico-nacional-de-mexico-instituto-tecnologico-de-culiacan-en-el-muro-de-honor-del-congreso\/#primaryimage","url":"https:\/\/fuentesfidedignas.com.mx\/wp-content\/uploads\/2023\/11\/WhatsApp-Image-2023-11-08-at-12.03.41-PM-e1699476863845.jpeg","contentUrl":"https:\/\/fuentesfidedignas.com.mx\/wp-content\/uploads\/2023\/11\/WhatsApp-Image-2023-11-08-at-12.03.41-PM-e1699476863845.jpeg","width":600,"height":401},{"@type":"BreadcrumbList","@id":"https:\/\/fuentesfidedignas.com.mx\/index.php\/2023\/11\/08\/inscriben-tecnologico-nacional-de-mexico-instituto-tecnologico-de-culiacan-en-el-muro-de-honor-del-congreso\/#breadcrumb","itemListElement":[{"@type":"ListItem","position":1,"name":"Inicio","item":"https:\/\/fuentesfidedignas.com.mx\/"},{"@type":"ListItem","position":2,"name":"Inscriben \u201cTecnol\u00f3gico Nacional de M\u00e9xico &#8211; Instituto Tecnol\u00f3gico de Culiac\u00e1n\u201d en el Muro de Honor del Congreso"}]},{"@type":"WebSite","@id":"https:\/\/fuentesfidedignas.com.mx\/#website","url":"https:\/\/fuentesfidedignas.com.mx\/","name":"Fuentes Fidedignas","description":"Otro sitio realizado con WordPress","publisher":{"@id":"https:\/\/fuentesfidedignas.com.mx\/#organization"},"potentialAction":[{"@type":"SearchAction","target":{"@type":"EntryPoint","urlTemplate":"https:\/\/fuentesfidedignas.com.mx\/?s={search_term_string}"},"query-input":{"@type":"PropertyValueSpecification","valueRequired":true,"valueName":"search_term_string"}}],"inLanguage":"es"},{"@type":"Organization","@id":"https:\/\/fuentesfidedignas.com.mx\/#organization","name":"Fuentes Fidedignas","url":"https:\/\/fuentesfidedignas.com.mx\/","logo":{"@type":"ImageObject","inLanguage":"es","@id":"https:\/\/fuentesfidedignas.com.mx\/#\/schema\/logo\/image\/","url":"https:\/\/fuentesfidedignas.com.mx\/wp-content\/uploads\/2021\/04\/logo-retina.png","contentUrl":"https:\/\/fuentesfidedignas.com.mx\/wp-content\/uploads\/2021\/04\/logo-retina.png","width":280,"height":51,"caption":"Fuentes Fidedignas"},"image":{"@id":"https:\/\/fuentesfidedignas.com.mx\/#\/schema\/logo\/image\/"},"sameAs":["https:\/\/www.facebook.com\/Fuentes-Fidedignas-368234489921644","https:\/\/x.com\/fidedignas"]},{"@type":"Person","@id":"https:\/\/fuentesfidedignas.com.mx\/#\/schema\/person\/331be9283d37198e2acd5750279085b0","name":"Redacci\u00f3n","image":{"@type":"ImageObject","inLanguage":"es","@id":"https:\/\/secure.gravatar.com\/avatar\/f6d8782c11d12b2d4ad3fbb6931aeab5309937a4d6cd2fc9cfaa28a6396a5aec?s=96&d=mm&r=g","url":"https:\/\/secure.gravatar.com\/avatar\/f6d8782c11d12b2d4ad3fbb6931aeab5309937a4d6cd2fc9cfaa28a6396a5aec?s=96&d=mm&r=g","contentUrl":"https:\/\/secure.gravatar.com\/avatar\/f6d8782c11d12b2d4ad3fbb6931aeab5309937a4d6cd2fc9cfaa28a6396a5aec?s=96&d=mm&r=g","caption":"Redacci\u00f3n"},"url":"https:\/\/fuentesfidedignas.com.mx\/index.php\/author\/redaccion\/"}]}},"_links":{"self":[{"href":"https:\/\/fuentesfidedignas.com.mx\/index.php\/wp-json\/wp\/v2\/posts\/65097","targetHints":{"allow":["GET"]}}],"collection":[{"href":"https:\/\/fuentesfidedignas.com.mx\/index.php\/wp-json\/wp\/v2\/posts"}],"about":[{"href":"https:\/\/fuentesfidedignas.com.mx\/index.php\/wp-json\/wp\/v2\/types\/post"}],"author":[{"embeddable":true,"href":"https:\/\/fuentesfidedignas.com.mx\/index.php\/wp-json\/wp\/v2\/users\/4"}],"replies":[{"embeddable":true,"href":"https:\/\/fuentesfidedignas.com.mx\/index.php\/wp-json\/wp\/v2\/comments?post=65097"}],"version-history":[{"count":2,"href":"https:\/\/fuentesfidedignas.com.mx\/index.php\/wp-json\/wp\/v2\/posts\/65097\/revisions"}],"predecessor-version":[{"id":65105,"href":"https:\/\/fuentesfidedignas.com.mx\/index.php\/wp-json\/wp\/v2\/posts\/65097\/revisions\/65105"}],"wp:featuredmedia":[{"embeddable":true,"href":"https:\/\/fuentesfidedignas.com.mx\/index.php\/wp-json\/wp\/v2\/media\/65101"}],"wp:attachment":[{"href":"https:\/\/fuentesfidedignas.com.mx\/index.php\/wp-json\/wp\/v2\/media?parent=65097"}],"wp:term":[{"taxonomy":"category","embeddable":true,"href":"https:\/\/fuentesfidedignas.com.mx\/index.php\/wp-json\/wp\/v2\/categories?post=65097"},{"taxonomy":"post_tag","embeddable":true,"href":"https:\/\/fuentesfidedignas.com.mx\/index.php\/wp-json\/wp\/v2\/tags?post=65097"}],"curies":[{"name":"wp","href":"https:\/\/api.w.org\/{rel}","templated":true}]}}