{"id":65090,"date":"2023-11-08T13:39:01","date_gmt":"2023-11-08T20:39:01","guid":{"rendered":"https:\/\/fuentesfidedignas.com.mx\/?p=65090"},"modified":"2023-11-08T13:56:35","modified_gmt":"2023-11-08T20:56:35","slug":"impulsar-ciencia-y-tecnologia-con-humanismo-y-no-ser-indiferentes-al-dolor-feliciano-castro","status":"publish","type":"post","link":"https:\/\/fuentesfidedignas.com.mx\/index.php\/2023\/11\/08\/impulsar-ciencia-y-tecnologia-con-humanismo-y-no-ser-indiferentes-al-dolor-feliciano-castro\/","title":{"rendered":"Impulsar ciencia y tecnolog\u00eda con humanismo y no ser indiferentes al dolor: Feliciano Castro"},"content":{"rendered":"\n<p><strong><em>Hizo un llamado a desplegar una pedagog\u00eda sustentada en el humanismo para propiciar el desarrollo y el bienestar social en M\u00e9xico<\/em><\/strong><\/p>\n\n\n\n<iframe loading=\"lazy\" src=\"https:\/\/www.facebook.com\/plugins\/video.php?height=314&#038;href=https%3A%2F%2Fwww.facebook.com%2Fcongresosinaloa%2Fvideos%2F708616384651866%2F&#038;show_text=false&#038;width=560&#038;t=0\" width=\"560\" height=\"314\" style=\"border:none;overflow:hidden\" scrolling=\"no\" frameborder=\"0\" allowfullscreen=\"true\" allow=\"autoplay; clipboard-write; encrypted-media; picture-in-picture; web-share\" allowFullScreen=\"true\"><\/iframe>\n\n\n\n<p>Culiac\u00e1n, Sin.- El impulso a la ciencia y a la tecnolog\u00eda nos debe convocar a todos, pero no al margen del humanismo, y a no ser indiferentes a lo que hoy pasa en Palestina, cuyo dolor nos convoca a todos, expres\u00f3 el diputado Feliciano Castro Mel\u00e9ndrez.<\/p>\n\n\n\n<p>El presidente de la Junta de Coordinaci\u00f3n Pol\u00edtica del Congreso del Estado de Sinaloa emiti\u00f3 mensaje durante Sesi\u00f3n Solemne en que se coloc\u00f3 la divisa \u201cTecnol\u00f3gico Nacional de M\u00e9xico-Instituto Tecnol\u00f3gico de Culiac\u00e1n\u201d en el Muro de Honor del Sal\u00f3n de Sesiones.<\/p>\n\n\n\n<p>Con motivo de esta develaci\u00f3n hizo un llamado a desplegar una pedagog\u00eda sustentada en el humanismo para propiciar el desarrollo y el bienestar social en M\u00e9xico.<\/p>\n\n\n\n<figure class=\"wp-block-image size-full\"><img decoding=\"async\" width=\"1024\" height=\"684\" src=\"https:\/\/fuentesfidedignas.com.mx\/wp-content\/uploads\/2023\/11\/WhatsApp-Image-2023-11-08-at-1.30.16-PM.jpeg\" alt=\"\" class=\"wp-image-65092\" srcset=\"https:\/\/fuentesfidedignas.com.mx\/wp-content\/uploads\/2023\/11\/WhatsApp-Image-2023-11-08-at-1.30.16-PM.jpeg 1024w, https:\/\/fuentesfidedignas.com.mx\/wp-content\/uploads\/2023\/11\/WhatsApp-Image-2023-11-08-at-1.30.16-PM-300x200.jpeg 300w, https:\/\/fuentesfidedignas.com.mx\/wp-content\/uploads\/2023\/11\/WhatsApp-Image-2023-11-08-at-1.30.16-PM-768x513.jpeg 768w, https:\/\/fuentesfidedignas.com.mx\/wp-content\/uploads\/2023\/11\/WhatsApp-Image-2023-11-08-at-1.30.16-PM-696x465.jpeg 696w, https:\/\/fuentesfidedignas.com.mx\/wp-content\/uploads\/2023\/11\/WhatsApp-Image-2023-11-08-at-1.30.16-PM-629x420.jpeg 629w\" sizes=\"(max-width: 1024px) 100vw, 1024px\" \/><\/figure>\n\n\n\n<p>Resalt\u00f3 que el Instituto Tecnol\u00f3gico de Culiac\u00e1n ya conmemora el 55 aniversario de su fundaci\u00f3n, y explic\u00f3 que la propuesta de colocar el nombre de este instituto en el Muro de Honor es pensar en Sinaloa.<\/p>\n\n\n\n<p>Sin embargo, aclar\u00f3 que Sinaloa no es una isla, es parte de un pa\u00eds, y por lo tanto vale la pena compartir la reflexi\u00f3n de lo que significa el instituto que genera la formaci\u00f3n de fuerza de trabajo a partir de la tecnolog\u00eda, que genera investigaci\u00f3n poniendo en el centro la ciencia.<\/p>\n\n\n\n<p>Record\u00f3 que cuando se fund\u00f3 el Instituto Polit\u00e9cnico Nacional, durante el gobierno del presidente L\u00e1zaro C\u00e1rdenas, se reivindicaba que era necesaria la formaci\u00f3n de ingenieros y t\u00e9cnicos, pero siempre poniendo en el centro el desarrollo de la naci\u00f3n.<\/p>\n\n\n\n<figure class=\"wp-block-image size-full\"><img decoding=\"async\" width=\"1024\" height=\"684\" src=\"https:\/\/fuentesfidedignas.com.mx\/wp-content\/uploads\/2023\/11\/WhatsApp-Image-2023-11-08-at-11.54.02-AM.jpeg\" alt=\"\" class=\"wp-image-65095\" srcset=\"https:\/\/fuentesfidedignas.com.mx\/wp-content\/uploads\/2023\/11\/WhatsApp-Image-2023-11-08-at-11.54.02-AM.jpeg 1024w, https:\/\/fuentesfidedignas.com.mx\/wp-content\/uploads\/2023\/11\/WhatsApp-Image-2023-11-08-at-11.54.02-AM-300x200.jpeg 300w, https:\/\/fuentesfidedignas.com.mx\/wp-content\/uploads\/2023\/11\/WhatsApp-Image-2023-11-08-at-11.54.02-AM-768x513.jpeg 768w, https:\/\/fuentesfidedignas.com.mx\/wp-content\/uploads\/2023\/11\/WhatsApp-Image-2023-11-08-at-11.54.02-AM-696x465.jpeg 696w, https:\/\/fuentesfidedignas.com.mx\/wp-content\/uploads\/2023\/11\/WhatsApp-Image-2023-11-08-at-11.54.02-AM-629x420.jpeg 629w\" sizes=\"(max-width: 1024px) 100vw, 1024px\" \/><\/figure>\n\n\n\n<p>En 1948, a\u00f1adi\u00f3 se resuelve inaugurar los dos primeros tecnol\u00f3gicos: en Durango y en Chihuahua. Luego, en los a\u00f1os 70\u2019s, el Tecnol\u00f3gico crea dos centros de investigaci\u00f3n.<\/p>\n\n\n\n<p>La investigaci\u00f3n, precis\u00f3, es en esencia la idea que quiero compartir cuando hablamos del subdesarrollo de M\u00e9xico: estamos reivindicando que este pa\u00eds organiza su econom\u00eda, sus producciones y el desarrollo de los servicios, importando la ciencia y la tecnolog\u00eda.<\/p>\n\n\n\n<p>Pero hoy observ\u00f3, estamos en una nueva dimensi\u00f3n y M\u00e9xico debe interactuar con el mundo, generar tecnolog\u00eda y ciencia, desplegando investigaci\u00f3n.<\/p>\n\n\n\n<p>El Instituto Tecnol\u00f3gico Nacional de M\u00e9xico, a\u00f1adi\u00f3, est\u00e1 convocado a formar fuerza de trabajo, una profunda investigaci\u00f3n, a generar tecnolog\u00eda, ya que s\u00f3lo en esa medida estaremos contribuyendo a trascender el subdesarrollo de este pa\u00eds.<\/p>\n\n\n\n<p>Estamos, a\u00f1adi\u00f3, justamente en un nuevo periodo hist\u00f3rico de M\u00e9xico, donde las formas de la econom\u00eda, la pol\u00edtica y la cultural est\u00e1n cambiando y debemos instruirnos en esta perspectiva<\/p>\n\n\n\n<p>Dirigi\u00e9ndose a docentes y alumnos del Instituto Tecnol\u00f3gico de Culiac\u00e1n, que estuvieron encabezados por el director del Instituto Tecnol\u00f3gico Nacional de M\u00e9xico, Ram\u00f3n Jim\u00e9nez L\u00f3pez, el diputado Feliciano Castro le exhort\u00f3 a desarrollar tecnolog\u00eda, con una visi\u00f3n humanista.<\/p>\n\n\n\n<p>\u201cDesarrollar la ciencia y la tecnolog\u00eda al margen de esta dimensi\u00f3n es abrir expectativas a un Frankestein\u201d, advirti\u00f3.<\/p>\n\n\n\n<p>A la Sesi\u00f3n Solemne acudieron el magistrado Jes\u00fas Iv\u00e1n Ch\u00e1vez Rangel, como representante del Supremo Tribunal de Justicia, y de la secretaria de Educaci\u00f3n P\u00fablica y Cultura, Graciela Dom\u00ednguez Nava, quien acudi\u00f3 con la representaci\u00f3n personal del gobernador Rub\u00e9n Rocha Moya.<\/p>\n","protected":false},"excerpt":{"rendered":"<p>Hizo un llamado a desplegar una pedagog\u00eda sustentada en el humanismo para propiciar el desarrollo y el bienestar social en M\u00e9xico Culiac\u00e1n, Sin.- El impulso a la ciencia y a la tecnolog\u00eda nos debe convocar a todos, pero no al margen del humanismo, y a no ser indiferentes a lo que hoy pasa en Palestina, [&hellip;]<\/p>\n","protected":false},"author":4,"featured_media":65094,"comment_status":"open","ping_status":"open","sticky":false,"template":"","format":"standard","meta":{"tdm_status":"","tdm_grid_status":"","footnotes":""},"categories":[1],"tags":[],"class_list":{"0":"post-65090","1":"post","2":"type-post","3":"status-publish","4":"format-standard","5":"has-post-thumbnail","7":"category-sin-categoria"},"yoast_head":"<!-- This site is optimized with the Yoast SEO plugin v27.5 - https:\/\/yoast.com\/product\/yoast-seo-wordpress\/ -->\n<title>Impulsar ciencia y tecnolog\u00eda con humanismo y no ser indiferentes al dolor: Feliciano Castro - Fuentes Fidedignas<\/title>\n<meta name=\"robots\" content=\"index, follow, max-snippet:-1, max-image-preview:large, max-video-preview:-1\" \/>\n<link rel=\"canonical\" href=\"https:\/\/fuentesfidedignas.com.mx\/index.php\/2023\/11\/08\/impulsar-ciencia-y-tecnologia-con-humanismo-y-no-ser-indiferentes-al-dolor-feliciano-castro\/\" \/>\n<meta property=\"og:locale\" content=\"es_MX\" \/>\n<meta property=\"og:type\" content=\"article\" \/>\n<meta property=\"og:title\" content=\"Impulsar ciencia y tecnolog\u00eda con humanismo y no ser indiferentes al dolor: Feliciano Castro - Fuentes Fidedignas\" \/>\n<meta property=\"og:description\" content=\"Hizo un llamado a desplegar una pedagog\u00eda sustentada en el humanismo para propiciar el desarrollo y el bienestar social en M\u00e9xico Culiac\u00e1n, Sin.- El impulso a la ciencia y a la tecnolog\u00eda nos debe convocar a todos, pero no al margen del humanismo, y a no ser indiferentes a lo que hoy pasa en Palestina, [&hellip;]\" \/>\n<meta property=\"og:url\" content=\"https:\/\/fuentesfidedignas.com.mx\/index.php\/2023\/11\/08\/impulsar-ciencia-y-tecnologia-con-humanismo-y-no-ser-indiferentes-al-dolor-feliciano-castro\/\" \/>\n<meta property=\"og:site_name\" content=\"Fuentes Fidedignas\" \/>\n<meta property=\"article:publisher\" content=\"https:\/\/www.facebook.com\/Fuentes-Fidedignas-368234489921644\" \/>\n<meta property=\"article:published_time\" content=\"2023-11-08T20:39:01+00:00\" \/>\n<meta property=\"article:modified_time\" content=\"2023-11-08T20:56:35+00:00\" \/>\n<meta property=\"og:image\" content=\"https:\/\/fuentesfidedignas.com.mx\/wp-content\/uploads\/2023\/11\/WhatsApp-Image-2023-11-08-at-1.35.24-PM-e1699475892458.jpeg\" \/>\n\t<meta property=\"og:image:width\" content=\"600\" \/>\n\t<meta property=\"og:image:height\" content=\"401\" \/>\n\t<meta property=\"og:image:type\" content=\"image\/jpeg\" \/>\n<meta name=\"author\" content=\"Redacci\u00f3n\" \/>\n<meta name=\"twitter:card\" content=\"summary_large_image\" \/>\n<meta name=\"twitter:creator\" content=\"@fidedignas\" \/>\n<meta name=\"twitter:site\" content=\"@fidedignas\" \/>\n<meta name=\"twitter:label1\" content=\"Escrito por\" \/>\n\t<meta name=\"twitter:data1\" content=\"Redacci\u00f3n\" \/>\n\t<meta name=\"twitter:label2\" content=\"Tiempo de lectura\" \/>\n\t<meta name=\"twitter:data2\" content=\"3 minutos\" \/>\n<script type=\"application\/ld+json\" class=\"yoast-schema-graph\">{\"@context\":\"https:\\\/\\\/schema.org\",\"@graph\":[{\"@type\":\"Article\",\"@id\":\"https:\\\/\\\/fuentesfidedignas.com.mx\\\/index.php\\\/2023\\\/11\\\/08\\\/impulsar-ciencia-y-tecnologia-con-humanismo-y-no-ser-indiferentes-al-dolor-feliciano-castro\\\/#article\",\"isPartOf\":{\"@id\":\"https:\\\/\\\/fuentesfidedignas.com.mx\\\/index.php\\\/2023\\\/11\\\/08\\\/impulsar-ciencia-y-tecnologia-con-humanismo-y-no-ser-indiferentes-al-dolor-feliciano-castro\\\/\"},\"author\":{\"name\":\"Redacci\u00f3n\",\"@id\":\"https:\\\/\\\/fuentesfidedignas.com.mx\\\/#\\\/schema\\\/person\\\/331be9283d37198e2acd5750279085b0\"},\"headline\":\"Impulsar ciencia y tecnolog\u00eda con humanismo y no ser indiferentes al dolor: Feliciano Castro\",\"datePublished\":\"2023-11-08T20:39:01+00:00\",\"dateModified\":\"2023-11-08T20:56:35+00:00\",\"mainEntityOfPage\":{\"@id\":\"https:\\\/\\\/fuentesfidedignas.com.mx\\\/index.php\\\/2023\\\/11\\\/08\\\/impulsar-ciencia-y-tecnologia-con-humanismo-y-no-ser-indiferentes-al-dolor-feliciano-castro\\\/\"},\"wordCount\":600,\"commentCount\":0,\"publisher\":{\"@id\":\"https:\\\/\\\/fuentesfidedignas.com.mx\\\/#organization\"},\"image\":{\"@id\":\"https:\\\/\\\/fuentesfidedignas.com.mx\\\/index.php\\\/2023\\\/11\\\/08\\\/impulsar-ciencia-y-tecnologia-con-humanismo-y-no-ser-indiferentes-al-dolor-feliciano-castro\\\/#primaryimage\"},\"thumbnailUrl\":\"https:\\\/\\\/fuentesfidedignas.com.mx\\\/wp-content\\\/uploads\\\/2023\\\/11\\\/WhatsApp-Image-2023-11-08-at-1.35.24-PM-e1699475892458.jpeg\",\"inLanguage\":\"es\",\"potentialAction\":[{\"@type\":\"CommentAction\",\"name\":\"Comment\",\"target\":[\"https:\\\/\\\/fuentesfidedignas.com.mx\\\/index.php\\\/2023\\\/11\\\/08\\\/impulsar-ciencia-y-tecnologia-con-humanismo-y-no-ser-indiferentes-al-dolor-feliciano-castro\\\/#respond\"]}]},{\"@type\":\"WebPage\",\"@id\":\"https:\\\/\\\/fuentesfidedignas.com.mx\\\/index.php\\\/2023\\\/11\\\/08\\\/impulsar-ciencia-y-tecnologia-con-humanismo-y-no-ser-indiferentes-al-dolor-feliciano-castro\\\/\",\"url\":\"https:\\\/\\\/fuentesfidedignas.com.mx\\\/index.php\\\/2023\\\/11\\\/08\\\/impulsar-ciencia-y-tecnologia-con-humanismo-y-no-ser-indiferentes-al-dolor-feliciano-castro\\\/\",\"name\":\"Impulsar ciencia y tecnolog\u00eda con humanismo y no ser indiferentes al dolor: Feliciano Castro - Fuentes Fidedignas\",\"isPartOf\":{\"@id\":\"https:\\\/\\\/fuentesfidedignas.com.mx\\\/#website\"},\"primaryImageOfPage\":{\"@id\":\"https:\\\/\\\/fuentesfidedignas.com.mx\\\/index.php\\\/2023\\\/11\\\/08\\\/impulsar-ciencia-y-tecnologia-con-humanismo-y-no-ser-indiferentes-al-dolor-feliciano-castro\\\/#primaryimage\"},\"image\":{\"@id\":\"https:\\\/\\\/fuentesfidedignas.com.mx\\\/index.php\\\/2023\\\/11\\\/08\\\/impulsar-ciencia-y-tecnologia-con-humanismo-y-no-ser-indiferentes-al-dolor-feliciano-castro\\\/#primaryimage\"},\"thumbnailUrl\":\"https:\\\/\\\/fuentesfidedignas.com.mx\\\/wp-content\\\/uploads\\\/2023\\\/11\\\/WhatsApp-Image-2023-11-08-at-1.35.24-PM-e1699475892458.jpeg\",\"datePublished\":\"2023-11-08T20:39:01+00:00\",\"dateModified\":\"2023-11-08T20:56:35+00:00\",\"breadcrumb\":{\"@id\":\"https:\\\/\\\/fuentesfidedignas.com.mx\\\/index.php\\\/2023\\\/11\\\/08\\\/impulsar-ciencia-y-tecnologia-con-humanismo-y-no-ser-indiferentes-al-dolor-feliciano-castro\\\/#breadcrumb\"},\"inLanguage\":\"es\",\"potentialAction\":[{\"@type\":\"ReadAction\",\"target\":[\"https:\\\/\\\/fuentesfidedignas.com.mx\\\/index.php\\\/2023\\\/11\\\/08\\\/impulsar-ciencia-y-tecnologia-con-humanismo-y-no-ser-indiferentes-al-dolor-feliciano-castro\\\/\"]}]},{\"@type\":\"ImageObject\",\"inLanguage\":\"es\",\"@id\":\"https:\\\/\\\/fuentesfidedignas.com.mx\\\/index.php\\\/2023\\\/11\\\/08\\\/impulsar-ciencia-y-tecnologia-con-humanismo-y-no-ser-indiferentes-al-dolor-feliciano-castro\\\/#primaryimage\",\"url\":\"https:\\\/\\\/fuentesfidedignas.com.mx\\\/wp-content\\\/uploads\\\/2023\\\/11\\\/WhatsApp-Image-2023-11-08-at-1.35.24-PM-e1699475892458.jpeg\",\"contentUrl\":\"https:\\\/\\\/fuentesfidedignas.com.mx\\\/wp-content\\\/uploads\\\/2023\\\/11\\\/WhatsApp-Image-2023-11-08-at-1.35.24-PM-e1699475892458.jpeg\",\"width\":600,\"height\":401},{\"@type\":\"BreadcrumbList\",\"@id\":\"https:\\\/\\\/fuentesfidedignas.com.mx\\\/index.php\\\/2023\\\/11\\\/08\\\/impulsar-ciencia-y-tecnologia-con-humanismo-y-no-ser-indiferentes-al-dolor-feliciano-castro\\\/#breadcrumb\",\"itemListElement\":[{\"@type\":\"ListItem\",\"position\":1,\"name\":\"Inicio\",\"item\":\"https:\\\/\\\/fuentesfidedignas.com.mx\\\/\"},{\"@type\":\"ListItem\",\"position\":2,\"name\":\"Impulsar ciencia y tecnolog\u00eda con humanismo y no ser indiferentes al dolor: Feliciano Castro\"}]},{\"@type\":\"WebSite\",\"@id\":\"https:\\\/\\\/fuentesfidedignas.com.mx\\\/#website\",\"url\":\"https:\\\/\\\/fuentesfidedignas.com.mx\\\/\",\"name\":\"Fuentes Fidedignas\",\"description\":\"Otro sitio realizado con WordPress\",\"publisher\":{\"@id\":\"https:\\\/\\\/fuentesfidedignas.com.mx\\\/#organization\"},\"potentialAction\":[{\"@type\":\"SearchAction\",\"target\":{\"@type\":\"EntryPoint\",\"urlTemplate\":\"https:\\\/\\\/fuentesfidedignas.com.mx\\\/?s={search_term_string}\"},\"query-input\":{\"@type\":\"PropertyValueSpecification\",\"valueRequired\":true,\"valueName\":\"search_term_string\"}}],\"inLanguage\":\"es\"},{\"@type\":\"Organization\",\"@id\":\"https:\\\/\\\/fuentesfidedignas.com.mx\\\/#organization\",\"name\":\"Fuentes Fidedignas\",\"url\":\"https:\\\/\\\/fuentesfidedignas.com.mx\\\/\",\"logo\":{\"@type\":\"ImageObject\",\"inLanguage\":\"es\",\"@id\":\"https:\\\/\\\/fuentesfidedignas.com.mx\\\/#\\\/schema\\\/logo\\\/image\\\/\",\"url\":\"https:\\\/\\\/fuentesfidedignas.com.mx\\\/wp-content\\\/uploads\\\/2021\\\/04\\\/logo-retina.png\",\"contentUrl\":\"https:\\\/\\\/fuentesfidedignas.com.mx\\\/wp-content\\\/uploads\\\/2021\\\/04\\\/logo-retina.png\",\"width\":280,\"height\":51,\"caption\":\"Fuentes Fidedignas\"},\"image\":{\"@id\":\"https:\\\/\\\/fuentesfidedignas.com.mx\\\/#\\\/schema\\\/logo\\\/image\\\/\"},\"sameAs\":[\"https:\\\/\\\/www.facebook.com\\\/Fuentes-Fidedignas-368234489921644\",\"https:\\\/\\\/x.com\\\/fidedignas\"]},{\"@type\":\"Person\",\"@id\":\"https:\\\/\\\/fuentesfidedignas.com.mx\\\/#\\\/schema\\\/person\\\/331be9283d37198e2acd5750279085b0\",\"name\":\"Redacci\u00f3n\",\"image\":{\"@type\":\"ImageObject\",\"inLanguage\":\"es\",\"@id\":\"https:\\\/\\\/secure.gravatar.com\\\/avatar\\\/f6d8782c11d12b2d4ad3fbb6931aeab5309937a4d6cd2fc9cfaa28a6396a5aec?s=96&d=mm&r=g\",\"url\":\"https:\\\/\\\/secure.gravatar.com\\\/avatar\\\/f6d8782c11d12b2d4ad3fbb6931aeab5309937a4d6cd2fc9cfaa28a6396a5aec?s=96&d=mm&r=g\",\"contentUrl\":\"https:\\\/\\\/secure.gravatar.com\\\/avatar\\\/f6d8782c11d12b2d4ad3fbb6931aeab5309937a4d6cd2fc9cfaa28a6396a5aec?s=96&d=mm&r=g\",\"caption\":\"Redacci\u00f3n\"},\"url\":\"https:\\\/\\\/fuentesfidedignas.com.mx\\\/index.php\\\/author\\\/redaccion\\\/\"}]}<\/script>\n<!-- \/ Yoast SEO plugin. -->","yoast_head_json":{"title":"Impulsar ciencia y tecnolog\u00eda con humanismo y no ser indiferentes al dolor: Feliciano Castro - Fuentes Fidedignas","robots":{"index":"index","follow":"follow","max-snippet":"max-snippet:-1","max-image-preview":"max-image-preview:large","max-video-preview":"max-video-preview:-1"},"canonical":"https:\/\/fuentesfidedignas.com.mx\/index.php\/2023\/11\/08\/impulsar-ciencia-y-tecnologia-con-humanismo-y-no-ser-indiferentes-al-dolor-feliciano-castro\/","og_locale":"es_MX","og_type":"article","og_title":"Impulsar ciencia y tecnolog\u00eda con humanismo y no ser indiferentes al dolor: Feliciano Castro - Fuentes Fidedignas","og_description":"Hizo un llamado a desplegar una pedagog\u00eda sustentada en el humanismo para propiciar el desarrollo y el bienestar social en M\u00e9xico Culiac\u00e1n, Sin.- El impulso a la ciencia y a la tecnolog\u00eda nos debe convocar a todos, pero no al margen del humanismo, y a no ser indiferentes a lo que hoy pasa en Palestina, [&hellip;]","og_url":"https:\/\/fuentesfidedignas.com.mx\/index.php\/2023\/11\/08\/impulsar-ciencia-y-tecnologia-con-humanismo-y-no-ser-indiferentes-al-dolor-feliciano-castro\/","og_site_name":"Fuentes Fidedignas","article_publisher":"https:\/\/www.facebook.com\/Fuentes-Fidedignas-368234489921644","article_published_time":"2023-11-08T20:39:01+00:00","article_modified_time":"2023-11-08T20:56:35+00:00","og_image":[{"width":600,"height":401,"url":"https:\/\/fuentesfidedignas.com.mx\/wp-content\/uploads\/2023\/11\/WhatsApp-Image-2023-11-08-at-1.35.24-PM-e1699475892458.jpeg","type":"image\/jpeg"}],"author":"Redacci\u00f3n","twitter_card":"summary_large_image","twitter_creator":"@fidedignas","twitter_site":"@fidedignas","twitter_misc":{"Escrito por":"Redacci\u00f3n","Tiempo de lectura":"3 minutos"},"schema":{"@context":"https:\/\/schema.org","@graph":[{"@type":"Article","@id":"https:\/\/fuentesfidedignas.com.mx\/index.php\/2023\/11\/08\/impulsar-ciencia-y-tecnologia-con-humanismo-y-no-ser-indiferentes-al-dolor-feliciano-castro\/#article","isPartOf":{"@id":"https:\/\/fuentesfidedignas.com.mx\/index.php\/2023\/11\/08\/impulsar-ciencia-y-tecnologia-con-humanismo-y-no-ser-indiferentes-al-dolor-feliciano-castro\/"},"author":{"name":"Redacci\u00f3n","@id":"https:\/\/fuentesfidedignas.com.mx\/#\/schema\/person\/331be9283d37198e2acd5750279085b0"},"headline":"Impulsar ciencia y tecnolog\u00eda con humanismo y no ser indiferentes al dolor: Feliciano Castro","datePublished":"2023-11-08T20:39:01+00:00","dateModified":"2023-11-08T20:56:35+00:00","mainEntityOfPage":{"@id":"https:\/\/fuentesfidedignas.com.mx\/index.php\/2023\/11\/08\/impulsar-ciencia-y-tecnologia-con-humanismo-y-no-ser-indiferentes-al-dolor-feliciano-castro\/"},"wordCount":600,"commentCount":0,"publisher":{"@id":"https:\/\/fuentesfidedignas.com.mx\/#organization"},"image":{"@id":"https:\/\/fuentesfidedignas.com.mx\/index.php\/2023\/11\/08\/impulsar-ciencia-y-tecnologia-con-humanismo-y-no-ser-indiferentes-al-dolor-feliciano-castro\/#primaryimage"},"thumbnailUrl":"https:\/\/fuentesfidedignas.com.mx\/wp-content\/uploads\/2023\/11\/WhatsApp-Image-2023-11-08-at-1.35.24-PM-e1699475892458.jpeg","inLanguage":"es","potentialAction":[{"@type":"CommentAction","name":"Comment","target":["https:\/\/fuentesfidedignas.com.mx\/index.php\/2023\/11\/08\/impulsar-ciencia-y-tecnologia-con-humanismo-y-no-ser-indiferentes-al-dolor-feliciano-castro\/#respond"]}]},{"@type":"WebPage","@id":"https:\/\/fuentesfidedignas.com.mx\/index.php\/2023\/11\/08\/impulsar-ciencia-y-tecnologia-con-humanismo-y-no-ser-indiferentes-al-dolor-feliciano-castro\/","url":"https:\/\/fuentesfidedignas.com.mx\/index.php\/2023\/11\/08\/impulsar-ciencia-y-tecnologia-con-humanismo-y-no-ser-indiferentes-al-dolor-feliciano-castro\/","name":"Impulsar ciencia y tecnolog\u00eda con humanismo y no ser indiferentes al dolor: Feliciano Castro - Fuentes Fidedignas","isPartOf":{"@id":"https:\/\/fuentesfidedignas.com.mx\/#website"},"primaryImageOfPage":{"@id":"https:\/\/fuentesfidedignas.com.mx\/index.php\/2023\/11\/08\/impulsar-ciencia-y-tecnologia-con-humanismo-y-no-ser-indiferentes-al-dolor-feliciano-castro\/#primaryimage"},"image":{"@id":"https:\/\/fuentesfidedignas.com.mx\/index.php\/2023\/11\/08\/impulsar-ciencia-y-tecnologia-con-humanismo-y-no-ser-indiferentes-al-dolor-feliciano-castro\/#primaryimage"},"thumbnailUrl":"https:\/\/fuentesfidedignas.com.mx\/wp-content\/uploads\/2023\/11\/WhatsApp-Image-2023-11-08-at-1.35.24-PM-e1699475892458.jpeg","datePublished":"2023-11-08T20:39:01+00:00","dateModified":"2023-11-08T20:56:35+00:00","breadcrumb":{"@id":"https:\/\/fuentesfidedignas.com.mx\/index.php\/2023\/11\/08\/impulsar-ciencia-y-tecnologia-con-humanismo-y-no-ser-indiferentes-al-dolor-feliciano-castro\/#breadcrumb"},"inLanguage":"es","potentialAction":[{"@type":"ReadAction","target":["https:\/\/fuentesfidedignas.com.mx\/index.php\/2023\/11\/08\/impulsar-ciencia-y-tecnologia-con-humanismo-y-no-ser-indiferentes-al-dolor-feliciano-castro\/"]}]},{"@type":"ImageObject","inLanguage":"es","@id":"https:\/\/fuentesfidedignas.com.mx\/index.php\/2023\/11\/08\/impulsar-ciencia-y-tecnologia-con-humanismo-y-no-ser-indiferentes-al-dolor-feliciano-castro\/#primaryimage","url":"https:\/\/fuentesfidedignas.com.mx\/wp-content\/uploads\/2023\/11\/WhatsApp-Image-2023-11-08-at-1.35.24-PM-e1699475892458.jpeg","contentUrl":"https:\/\/fuentesfidedignas.com.mx\/wp-content\/uploads\/2023\/11\/WhatsApp-Image-2023-11-08-at-1.35.24-PM-e1699475892458.jpeg","width":600,"height":401},{"@type":"BreadcrumbList","@id":"https:\/\/fuentesfidedignas.com.mx\/index.php\/2023\/11\/08\/impulsar-ciencia-y-tecnologia-con-humanismo-y-no-ser-indiferentes-al-dolor-feliciano-castro\/#breadcrumb","itemListElement":[{"@type":"ListItem","position":1,"name":"Inicio","item":"https:\/\/fuentesfidedignas.com.mx\/"},{"@type":"ListItem","position":2,"name":"Impulsar ciencia y tecnolog\u00eda con humanismo y no ser indiferentes al dolor: Feliciano Castro"}]},{"@type":"WebSite","@id":"https:\/\/fuentesfidedignas.com.mx\/#website","url":"https:\/\/fuentesfidedignas.com.mx\/","name":"Fuentes Fidedignas","description":"Otro sitio realizado con WordPress","publisher":{"@id":"https:\/\/fuentesfidedignas.com.mx\/#organization"},"potentialAction":[{"@type":"SearchAction","target":{"@type":"EntryPoint","urlTemplate":"https:\/\/fuentesfidedignas.com.mx\/?s={search_term_string}"},"query-input":{"@type":"PropertyValueSpecification","valueRequired":true,"valueName":"search_term_string"}}],"inLanguage":"es"},{"@type":"Organization","@id":"https:\/\/fuentesfidedignas.com.mx\/#organization","name":"Fuentes Fidedignas","url":"https:\/\/fuentesfidedignas.com.mx\/","logo":{"@type":"ImageObject","inLanguage":"es","@id":"https:\/\/fuentesfidedignas.com.mx\/#\/schema\/logo\/image\/","url":"https:\/\/fuentesfidedignas.com.mx\/wp-content\/uploads\/2021\/04\/logo-retina.png","contentUrl":"https:\/\/fuentesfidedignas.com.mx\/wp-content\/uploads\/2021\/04\/logo-retina.png","width":280,"height":51,"caption":"Fuentes Fidedignas"},"image":{"@id":"https:\/\/fuentesfidedignas.com.mx\/#\/schema\/logo\/image\/"},"sameAs":["https:\/\/www.facebook.com\/Fuentes-Fidedignas-368234489921644","https:\/\/x.com\/fidedignas"]},{"@type":"Person","@id":"https:\/\/fuentesfidedignas.com.mx\/#\/schema\/person\/331be9283d37198e2acd5750279085b0","name":"Redacci\u00f3n","image":{"@type":"ImageObject","inLanguage":"es","@id":"https:\/\/secure.gravatar.com\/avatar\/f6d8782c11d12b2d4ad3fbb6931aeab5309937a4d6cd2fc9cfaa28a6396a5aec?s=96&d=mm&r=g","url":"https:\/\/secure.gravatar.com\/avatar\/f6d8782c11d12b2d4ad3fbb6931aeab5309937a4d6cd2fc9cfaa28a6396a5aec?s=96&d=mm&r=g","contentUrl":"https:\/\/secure.gravatar.com\/avatar\/f6d8782c11d12b2d4ad3fbb6931aeab5309937a4d6cd2fc9cfaa28a6396a5aec?s=96&d=mm&r=g","caption":"Redacci\u00f3n"},"url":"https:\/\/fuentesfidedignas.com.mx\/index.php\/author\/redaccion\/"}]}},"_links":{"self":[{"href":"https:\/\/fuentesfidedignas.com.mx\/index.php\/wp-json\/wp\/v2\/posts\/65090","targetHints":{"allow":["GET"]}}],"collection":[{"href":"https:\/\/fuentesfidedignas.com.mx\/index.php\/wp-json\/wp\/v2\/posts"}],"about":[{"href":"https:\/\/fuentesfidedignas.com.mx\/index.php\/wp-json\/wp\/v2\/types\/post"}],"author":[{"embeddable":true,"href":"https:\/\/fuentesfidedignas.com.mx\/index.php\/wp-json\/wp\/v2\/users\/4"}],"replies":[{"embeddable":true,"href":"https:\/\/fuentesfidedignas.com.mx\/index.php\/wp-json\/wp\/v2\/comments?post=65090"}],"version-history":[{"count":2,"href":"https:\/\/fuentesfidedignas.com.mx\/index.php\/wp-json\/wp\/v2\/posts\/65090\/revisions"}],"predecessor-version":[{"id":65103,"href":"https:\/\/fuentesfidedignas.com.mx\/index.php\/wp-json\/wp\/v2\/posts\/65090\/revisions\/65103"}],"wp:featuredmedia":[{"embeddable":true,"href":"https:\/\/fuentesfidedignas.com.mx\/index.php\/wp-json\/wp\/v2\/media\/65094"}],"wp:attachment":[{"href":"https:\/\/fuentesfidedignas.com.mx\/index.php\/wp-json\/wp\/v2\/media?parent=65090"}],"wp:term":[{"taxonomy":"category","embeddable":true,"href":"https:\/\/fuentesfidedignas.com.mx\/index.php\/wp-json\/wp\/v2\/categories?post=65090"},{"taxonomy":"post_tag","embeddable":true,"href":"https:\/\/fuentesfidedignas.com.mx\/index.php\/wp-json\/wp\/v2\/tags?post=65090"}],"curies":[{"name":"wp","href":"https:\/\/api.w.org\/{rel}","templated":true}]}}