{"id":65060,"date":"2023-11-08T10:19:16","date_gmt":"2023-11-08T17:19:16","guid":{"rendered":"https:\/\/fuentesfidedignas.com.mx\/?p=65060"},"modified":"2023-11-08T10:19:59","modified_gmt":"2023-11-08T17:19:59","slug":"amlo-acepta-renuncia-de-zaldivar-a-la-scjn-va-por-terna-de-mujeres-para-futura-ministra","status":"publish","type":"post","link":"https:\/\/fuentesfidedignas.com.mx\/index.php\/2023\/11\/08\/amlo-acepta-renuncia-de-zaldivar-a-la-scjn-va-por-terna-de-mujeres-para-futura-ministra\/","title":{"rendered":"AMLO acepta renuncia de Zald\u00edvar a la SCJN; va por terna de mujeres para futura ministra"},"content":{"rendered":"\n<p><strong><em>El presidente L\u00f3pez Obrador detall\u00f3 que corresponder\u00e1 al Senado quien le acepte o no la renuncia al todav\u00eda ministro Arturo Zald\u00edvar<\/em><\/strong><\/p>\n\n\n\n<p>Ciudad de M\u00e9xico.- El presidente de M\u00e9xico, Andr\u00e9s Manuel L\u00f3pez Obrador, acept\u00f3 la renuncia de Arturo Zald\u00edvar Lelo de Larrea como ministro de la Suprema Corte de Justicia de la Naci\u00f3n (SCJN).<\/p>\n\n\n\n<figure class=\"wp-block-embed is-type-rich is-provider-twitter wp-block-embed-twitter\"><div class=\"wp-block-embed__wrapper\">\n<blockquote class=\"twitter-tweet\" data-width=\"550\" data-dnt=\"true\"><p lang=\"es\" dir=\"ltr\">&quot;Yo ya la acept\u00e9 y falta que la apruebe el Senado\u201d, dijo el presidente L\u00f3pez Obrador sobre la renuncia de Arturo Zald\u00edvar al cargo de ministro de la Suprema Corte. <br><br>&quot;A ver si le atino porque he propuesto cuatro y dos salieron conservas&quot;<br><br>Los detalles: <a href=\"https:\/\/t.co\/IDugcL54J5\">https:\/\/t.co\/IDugcL54J5<\/a> <a href=\"https:\/\/t.co\/HOv1E9xqJB\">pic.twitter.com\/HOv1E9xqJB<\/a><\/p>&mdash; Joaqu\u00edn L\u00f3pez-D\u00f3riga (@lopezdoriga) <a href=\"https:\/\/twitter.com\/lopezdoriga\/status\/1722278754557579567?ref_src=twsrc%5Etfw\">November 8, 2023<\/a><\/blockquote><script async src=\"https:\/\/platform.twitter.com\/widgets.js\" charset=\"utf-8\"><\/script>\n<\/div><\/figure>\n\n\n\n<p>En la conferencia matutina de Palacio Nacional, L\u00f3pez Obrador detall\u00f3 que corresponder\u00e1 al&nbsp;<strong>Senado de la Rep\u00fablica<\/strong>&nbsp;quien le acepte o no la renuncia a Zald\u00edvar.<\/p>\n\n\n\n<blockquote class=\"wp-block-quote is-layout-flow wp-block-quote-is-layout-flow\">\n<p>&#8220;Aprovecho para contestarle lo del ministro Zald\u00edvar: present\u00f3 su renuncia. S\u00ed la acepto y env\u00edo el oficio al Senado, que le corresponde decidir si se acepta o no se acepta, el procedimiento es, de acuerdo a la Constituci\u00f3n, se presenta la renuncia, yo ya la acept\u00e9 y falta que la apruebe el Senado\u201d, dijo.<\/p>\n<\/blockquote>\n\n\n\n<p>\u201cDespu\u00e9s de eso, si la aprueban, yo voy a enviar una terna para la sustituci\u00f3n, ya voy a empezar a ver a qui\u00e9n propongo, a ver si tengo suerte, le atino, porque he propuesto cuatro y dos salieron&nbsp;<em>conservas&nbsp;<\/em>(conservadores)\u201d, puntualiz\u00f3.<\/p>\n\n\n\n<p>\u201cEso es cuesti\u00f3n de interpretaci\u00f3n, si una persona ya no quiere continuar en un cargo no se le puede obligar. Ya lo hice con el ministro Medina Mora, igual envi\u00e9 el oficio y el Senado decidi\u00f3. \u00bfQui\u00e9n va a tener la \u00faltima palabra? El Senado\u201d, argument\u00f3 el tabasque\u00f1o.<\/p>\n\n\n\n<blockquote class=\"wp-block-quote is-layout-flow wp-block-quote-is-layout-flow\">\n<p>&#8220;Le deseo a Arturo Zald\u00edvar que le vaya bien, con \u00e9l tuvimos buena relaci\u00f3n de respeto. Iba yo a sus informes, y como nunca hab\u00eda pasado, en sus discursos hablaba de la corrupci\u00f3n que prevalec\u00eda y prevalece en el Poder Judicial, y del nepotismo, ahora ya se relaj\u00f3 todo ah\u00ed. Claro que a los conservadores no les gust\u00f3, nada m\u00e1s que \u2018Arturo Zald\u00edvar, aguanta, el pueblo se levanta\u2019 (risas), ya me imagino el bombardeo de todo el bloque conservador, \u00bfo no, me equivoco?\u201d, recalc\u00f3.<\/p>\n<\/blockquote>\n\n\n\n<p>El mandatario mexicano dej\u00f3 en claro que est\u00e1 pensando en proponer a tres mujeres a la C\u00e1mara Alta, y recalc\u00f3 que no habr\u00e1 l\u00ednea para elegir a la nueva ministra.<\/p>\n\n\n\n<blockquote class=\"wp-block-quote is-layout-flow wp-block-quote-is-layout-flow\">\n<p>&#8220;Estoy pensando en la terna, me estoy inclinando por presentar tres mujeres, tengo m\u00e1s ventaja con las mujeres porque es m\u00e1s honesta, m\u00e1s definida, muy trabajadora, tienen muchas virtudes, y a mi en la administraci\u00f3n p\u00fablica me ayudaron mucho y ahora me est\u00e1n ayudando much\u00edsimo\u201d, declar\u00f3.<\/p>\n<\/blockquote>\n\n\n\n<p>\u201cLo voy a analizar bien, porque ya no es como antes que se enviaba la terna ya con la l\u00ednea, \u2018ah\u00ed van tres pero quiero que sea ella o \u00e9l\u2019, entones hac\u00eda la faramalla\u201d, expuso.<\/p>\n\n\n\n<p><strong>Arturo Zald\u00edvar<\/strong>&nbsp;<a href=\"https:\/\/lopezdoriga.com\/nacional\/ministro-arturo-zaldivar-renuncia-suprema-corte\/\" target=\"_blank\" rel=\"noreferrer noopener\">present\u00f3 este martes<\/a>&nbsp;su renuncia como ministro de la Suprema Corte&nbsp;mediante una carta enviada al mandatario mexicano, tras 14 a\u00f1os en el cargo.<\/p>\n\n\n\n<figure class=\"wp-block-embed is-type-rich is-provider-twitter wp-block-embed-twitter\"><div class=\"wp-block-embed__wrapper\">\n<blockquote class=\"twitter-tweet\" data-width=\"550\" data-dnt=\"true\"><p lang=\"es\" dir=\"ltr\">El d\u00eda de hoy he presentado al Presidente Andr\u00e9s Manuel L\u00f3pez Obrador mi renuncia al cargo de Ministro de la Suprema Corte de Justicia de la Naci\u00f3n, para que, en el caso de que la acepte, sea turnada al Senado de la Rep\u00fablica para su aprobaci\u00f3n. <br><br>Mi ciclo en la Corte ha\u2026 <a href=\"https:\/\/t.co\/CG3kHmcgyZ\">pic.twitter.com\/CG3kHmcgyZ<\/a><\/p>&mdash; Arturo Zald\u00edvar (@ArturoZaldivarL) <a href=\"https:\/\/twitter.com\/ArturoZaldivarL\/status\/1721975321119879235?ref_src=twsrc%5Etfw\">November 7, 2023<\/a><\/blockquote><script async src=\"https:\/\/platform.twitter.com\/widgets.js\" charset=\"utf-8\"><\/script>\n<\/div><\/figure>\n\n\n\n<p>\u201cEl d\u00eda de hoy he presentado al presidente Andr\u00e9s Manuel L\u00f3pez Obrador mi renuncia al cargo de Ministro de la Suprema Corte de Justicia de la Naci\u00f3n, para que, en el caso de que la acepte, sea turnada al Senado de la Rep\u00fablica para su aprobaci\u00f3n\u201d, inform\u00f3 Zald\u00edvar en una publicaci\u00f3n en la red social X (antes Twitter).<\/p>\n\n\n\n<p>Zald\u00edvar Lelo de Larrea, acusado de ser demasiado cercano a L\u00f3pez Obrador, es el segundo ministro en presentar su renuncia a la Suprema Corte, despu\u00e9s de la dimisi\u00f3n de&nbsp;<strong>Eduardo Medina-Mora<\/strong>&nbsp;en octubre de 2019 en medio de presuntas presiones del Gobierno.<\/p>\n\n\n\n<p>Mediante una carta dirigida al tabasque\u00f1o, Arturo Zald\u00edvar dej\u00f3 en claro que su \u201cciclo en la Corte ha terminado\u201d.<\/p>\n\n\n\n<p><a href=\"https:\/\/lopezdoriga.com\/nacional\/tras-renuncia-a-la-scjn-arturo-zaldivar-sostiene-reunion-con-claudia-sheinbaum\/\" target=\"_blank\" rel=\"noreferrer noopener\">Horas m\u00e1s tarde<\/a>, la candidata presidencial de&nbsp;<strong>Morena<\/strong>&nbsp;y aliados,<strong>&nbsp;Claudia Sheinbaum<\/strong>, inform\u00f3 por medio de redes sociales que se reuni\u00f3 con el que tambi\u00e9n fue expresidente de la Suprema Corte, con quien acord\u00f3 \u201ctrabajar juntos para avanzar en la transformaci\u00f3n del pa\u00eds\u201d.<\/p>\n\n\n\n<figure class=\"wp-block-embed is-type-rich is-provider-twitter wp-block-embed-twitter\"><div class=\"wp-block-embed__wrapper\">\n<blockquote class=\"twitter-tweet\" data-width=\"550\" data-dnt=\"true\"><p lang=\"es\" dir=\"ltr\">Me reun\u00ed con Arturo Zald\u00edvar (<a href=\"https:\/\/twitter.com\/ArturoZaldivarL?ref_src=twsrc%5Etfw\">@ArturoZaldivarL<\/a>) acordamos trabajar juntos para avanzar en la transformaci\u00f3n del pa\u00eds. <a href=\"https:\/\/t.co\/njXgIVgubg\">pic.twitter.com\/njXgIVgubg<\/a><\/p>&mdash; Dra. Claudia Sheinbaum (@Claudiashein) <a href=\"https:\/\/twitter.com\/Claudiashein\/status\/1722009069249036750?ref_src=twsrc%5Etfw\">November 7, 2023<\/a><\/blockquote><script async src=\"https:\/\/platform.twitter.com\/widgets.js\" charset=\"utf-8\"><\/script>\n<\/div><\/figure>\n\n\n\n<p>\u201cMe reun\u00ed con Arturo Zald\u00edvar acordamos trabajar juntos en la transformaci\u00f3n del pa\u00eds\u201d, se\u00f1al\u00f3 Sheinbaum Pardo.<\/p>\n","protected":false},"excerpt":{"rendered":"<p>El presidente L\u00f3pez Obrador detall\u00f3 que corresponder\u00e1 al Senado quien le acepte o no la renuncia al todav\u00eda ministro Arturo Zald\u00edvar Ciudad de M\u00e9xico.- El presidente de M\u00e9xico, Andr\u00e9s Manuel L\u00f3pez Obrador, acept\u00f3 la renuncia de Arturo Zald\u00edvar Lelo de Larrea como ministro de la Suprema Corte de Justicia de la Naci\u00f3n (SCJN). En la [&hellip;]<\/p>\n","protected":false},"author":47,"featured_media":65061,"comment_status":"open","ping_status":"open","sticky":false,"template":"","format":"standard","meta":{"tdm_status":"","tdm_grid_status":"","footnotes":""},"categories":[39],"tags":[],"class_list":{"0":"post-65060","1":"post","2":"type-post","3":"status-publish","4":"format-standard","5":"has-post-thumbnail","7":"category-noticias-nacionales"},"yoast_head":"<!-- This site is optimized with the Yoast SEO plugin v27.5 - https:\/\/yoast.com\/product\/yoast-seo-wordpress\/ -->\n<title>AMLO acepta renuncia de Zald\u00edvar a la SCJN; va por terna de mujeres para futura ministra - Fuentes Fidedignas<\/title>\n<meta name=\"robots\" content=\"index, follow, max-snippet:-1, max-image-preview:large, max-video-preview:-1\" \/>\n<link rel=\"canonical\" href=\"https:\/\/fuentesfidedignas.com.mx\/index.php\/2023\/11\/08\/amlo-acepta-renuncia-de-zaldivar-a-la-scjn-va-por-terna-de-mujeres-para-futura-ministra\/\" \/>\n<meta property=\"og:locale\" content=\"es_MX\" \/>\n<meta property=\"og:type\" content=\"article\" \/>\n<meta property=\"og:title\" content=\"AMLO acepta renuncia de Zald\u00edvar a la SCJN; va por terna de mujeres para futura ministra - Fuentes Fidedignas\" \/>\n<meta property=\"og:description\" content=\"El presidente L\u00f3pez Obrador detall\u00f3 que corresponder\u00e1 al Senado quien le acepte o no la renuncia al todav\u00eda ministro Arturo Zald\u00edvar Ciudad de M\u00e9xico.- El presidente de M\u00e9xico, Andr\u00e9s Manuel L\u00f3pez Obrador, acept\u00f3 la renuncia de Arturo Zald\u00edvar Lelo de Larrea como ministro de la Suprema Corte de Justicia de la Naci\u00f3n (SCJN). En la [&hellip;]\" \/>\n<meta property=\"og:url\" content=\"https:\/\/fuentesfidedignas.com.mx\/index.php\/2023\/11\/08\/amlo-acepta-renuncia-de-zaldivar-a-la-scjn-va-por-terna-de-mujeres-para-futura-ministra\/\" \/>\n<meta property=\"og:site_name\" content=\"Fuentes Fidedignas\" \/>\n<meta property=\"article:publisher\" content=\"https:\/\/www.facebook.com\/Fuentes-Fidedignas-368234489921644\" \/>\n<meta property=\"article:published_time\" content=\"2023-11-08T17:19:16+00:00\" \/>\n<meta property=\"article:modified_time\" content=\"2023-11-08T17:19:59+00:00\" \/>\n<meta property=\"og:image\" content=\"https:\/\/fuentesfidedignas.com.mx\/wp-content\/uploads\/2023\/11\/amlo-zaldivar.png\" \/>\n\t<meta property=\"og:image:width\" content=\"755\" \/>\n\t<meta property=\"og:image:height\" content=\"424\" \/>\n\t<meta property=\"og:image:type\" content=\"image\/png\" \/>\n<meta name=\"author\" content=\"L\u00f3pez D\u00f3riga\" \/>\n<meta name=\"twitter:card\" content=\"summary_large_image\" \/>\n<meta name=\"twitter:creator\" content=\"@fidedignas\" \/>\n<meta name=\"twitter:site\" content=\"@fidedignas\" \/>\n<meta name=\"twitter:label1\" content=\"Escrito por\" \/>\n\t<meta name=\"twitter:data1\" content=\"L\u00f3pez D\u00f3riga\" \/>\n\t<meta name=\"twitter:label2\" content=\"Tiempo de lectura\" \/>\n\t<meta name=\"twitter:data2\" content=\"3 minutos\" \/>\n<script type=\"application\/ld+json\" class=\"yoast-schema-graph\">{\"@context\":\"https:\\\/\\\/schema.org\",\"@graph\":[{\"@type\":\"Article\",\"@id\":\"https:\\\/\\\/fuentesfidedignas.com.mx\\\/index.php\\\/2023\\\/11\\\/08\\\/amlo-acepta-renuncia-de-zaldivar-a-la-scjn-va-por-terna-de-mujeres-para-futura-ministra\\\/#article\",\"isPartOf\":{\"@id\":\"https:\\\/\\\/fuentesfidedignas.com.mx\\\/index.php\\\/2023\\\/11\\\/08\\\/amlo-acepta-renuncia-de-zaldivar-a-la-scjn-va-por-terna-de-mujeres-para-futura-ministra\\\/\"},\"author\":{\"name\":\"L\u00f3pez D\u00f3riga\",\"@id\":\"https:\\\/\\\/fuentesfidedignas.com.mx\\\/#\\\/schema\\\/person\\\/67d852f0557c8509146a4b9ddebd543a\"},\"headline\":\"AMLO acepta renuncia de Zald\u00edvar a la SCJN; va por terna de mujeres para futura ministra\",\"datePublished\":\"2023-11-08T17:19:16+00:00\",\"dateModified\":\"2023-11-08T17:19:59+00:00\",\"mainEntityOfPage\":{\"@id\":\"https:\\\/\\\/fuentesfidedignas.com.mx\\\/index.php\\\/2023\\\/11\\\/08\\\/amlo-acepta-renuncia-de-zaldivar-a-la-scjn-va-por-terna-de-mujeres-para-futura-ministra\\\/\"},\"wordCount\":821,\"commentCount\":0,\"publisher\":{\"@id\":\"https:\\\/\\\/fuentesfidedignas.com.mx\\\/#organization\"},\"image\":{\"@id\":\"https:\\\/\\\/fuentesfidedignas.com.mx\\\/index.php\\\/2023\\\/11\\\/08\\\/amlo-acepta-renuncia-de-zaldivar-a-la-scjn-va-por-terna-de-mujeres-para-futura-ministra\\\/#primaryimage\"},\"thumbnailUrl\":\"https:\\\/\\\/fuentesfidedignas.com.mx\\\/wp-content\\\/uploads\\\/2023\\\/11\\\/amlo-zaldivar.png\",\"articleSection\":[\"NOTICIAS NACIONALES\"],\"inLanguage\":\"es\",\"potentialAction\":[{\"@type\":\"CommentAction\",\"name\":\"Comment\",\"target\":[\"https:\\\/\\\/fuentesfidedignas.com.mx\\\/index.php\\\/2023\\\/11\\\/08\\\/amlo-acepta-renuncia-de-zaldivar-a-la-scjn-va-por-terna-de-mujeres-para-futura-ministra\\\/#respond\"]}]},{\"@type\":\"WebPage\",\"@id\":\"https:\\\/\\\/fuentesfidedignas.com.mx\\\/index.php\\\/2023\\\/11\\\/08\\\/amlo-acepta-renuncia-de-zaldivar-a-la-scjn-va-por-terna-de-mujeres-para-futura-ministra\\\/\",\"url\":\"https:\\\/\\\/fuentesfidedignas.com.mx\\\/index.php\\\/2023\\\/11\\\/08\\\/amlo-acepta-renuncia-de-zaldivar-a-la-scjn-va-por-terna-de-mujeres-para-futura-ministra\\\/\",\"name\":\"AMLO acepta renuncia de Zald\u00edvar a la SCJN; va por terna de mujeres para futura ministra - Fuentes Fidedignas\",\"isPartOf\":{\"@id\":\"https:\\\/\\\/fuentesfidedignas.com.mx\\\/#website\"},\"primaryImageOfPage\":{\"@id\":\"https:\\\/\\\/fuentesfidedignas.com.mx\\\/index.php\\\/2023\\\/11\\\/08\\\/amlo-acepta-renuncia-de-zaldivar-a-la-scjn-va-por-terna-de-mujeres-para-futura-ministra\\\/#primaryimage\"},\"image\":{\"@id\":\"https:\\\/\\\/fuentesfidedignas.com.mx\\\/index.php\\\/2023\\\/11\\\/08\\\/amlo-acepta-renuncia-de-zaldivar-a-la-scjn-va-por-terna-de-mujeres-para-futura-ministra\\\/#primaryimage\"},\"thumbnailUrl\":\"https:\\\/\\\/fuentesfidedignas.com.mx\\\/wp-content\\\/uploads\\\/2023\\\/11\\\/amlo-zaldivar.png\",\"datePublished\":\"2023-11-08T17:19:16+00:00\",\"dateModified\":\"2023-11-08T17:19:59+00:00\",\"breadcrumb\":{\"@id\":\"https:\\\/\\\/fuentesfidedignas.com.mx\\\/index.php\\\/2023\\\/11\\\/08\\\/amlo-acepta-renuncia-de-zaldivar-a-la-scjn-va-por-terna-de-mujeres-para-futura-ministra\\\/#breadcrumb\"},\"inLanguage\":\"es\",\"potentialAction\":[{\"@type\":\"ReadAction\",\"target\":[\"https:\\\/\\\/fuentesfidedignas.com.mx\\\/index.php\\\/2023\\\/11\\\/08\\\/amlo-acepta-renuncia-de-zaldivar-a-la-scjn-va-por-terna-de-mujeres-para-futura-ministra\\\/\"]}]},{\"@type\":\"ImageObject\",\"inLanguage\":\"es\",\"@id\":\"https:\\\/\\\/fuentesfidedignas.com.mx\\\/index.php\\\/2023\\\/11\\\/08\\\/amlo-acepta-renuncia-de-zaldivar-a-la-scjn-va-por-terna-de-mujeres-para-futura-ministra\\\/#primaryimage\",\"url\":\"https:\\\/\\\/fuentesfidedignas.com.mx\\\/wp-content\\\/uploads\\\/2023\\\/11\\\/amlo-zaldivar.png\",\"contentUrl\":\"https:\\\/\\\/fuentesfidedignas.com.mx\\\/wp-content\\\/uploads\\\/2023\\\/11\\\/amlo-zaldivar.png\",\"width\":755,\"height\":424},{\"@type\":\"BreadcrumbList\",\"@id\":\"https:\\\/\\\/fuentesfidedignas.com.mx\\\/index.php\\\/2023\\\/11\\\/08\\\/amlo-acepta-renuncia-de-zaldivar-a-la-scjn-va-por-terna-de-mujeres-para-futura-ministra\\\/#breadcrumb\",\"itemListElement\":[{\"@type\":\"ListItem\",\"position\":1,\"name\":\"Inicio\",\"item\":\"https:\\\/\\\/fuentesfidedignas.com.mx\\\/\"},{\"@type\":\"ListItem\",\"position\":2,\"name\":\"AMLO acepta renuncia de Zald\u00edvar a la SCJN; va por terna de mujeres para futura ministra\"}]},{\"@type\":\"WebSite\",\"@id\":\"https:\\\/\\\/fuentesfidedignas.com.mx\\\/#website\",\"url\":\"https:\\\/\\\/fuentesfidedignas.com.mx\\\/\",\"name\":\"Fuentes Fidedignas\",\"description\":\"Otro sitio realizado con WordPress\",\"publisher\":{\"@id\":\"https:\\\/\\\/fuentesfidedignas.com.mx\\\/#organization\"},\"potentialAction\":[{\"@type\":\"SearchAction\",\"target\":{\"@type\":\"EntryPoint\",\"urlTemplate\":\"https:\\\/\\\/fuentesfidedignas.com.mx\\\/?s={search_term_string}\"},\"query-input\":{\"@type\":\"PropertyValueSpecification\",\"valueRequired\":true,\"valueName\":\"search_term_string\"}}],\"inLanguage\":\"es\"},{\"@type\":\"Organization\",\"@id\":\"https:\\\/\\\/fuentesfidedignas.com.mx\\\/#organization\",\"name\":\"Fuentes Fidedignas\",\"url\":\"https:\\\/\\\/fuentesfidedignas.com.mx\\\/\",\"logo\":{\"@type\":\"ImageObject\",\"inLanguage\":\"es\",\"@id\":\"https:\\\/\\\/fuentesfidedignas.com.mx\\\/#\\\/schema\\\/logo\\\/image\\\/\",\"url\":\"https:\\\/\\\/fuentesfidedignas.com.mx\\\/wp-content\\\/uploads\\\/2021\\\/04\\\/logo-retina.png\",\"contentUrl\":\"https:\\\/\\\/fuentesfidedignas.com.mx\\\/wp-content\\\/uploads\\\/2021\\\/04\\\/logo-retina.png\",\"width\":280,\"height\":51,\"caption\":\"Fuentes Fidedignas\"},\"image\":{\"@id\":\"https:\\\/\\\/fuentesfidedignas.com.mx\\\/#\\\/schema\\\/logo\\\/image\\\/\"},\"sameAs\":[\"https:\\\/\\\/www.facebook.com\\\/Fuentes-Fidedignas-368234489921644\",\"https:\\\/\\\/x.com\\\/fidedignas\"]},{\"@type\":\"Person\",\"@id\":\"https:\\\/\\\/fuentesfidedignas.com.mx\\\/#\\\/schema\\\/person\\\/67d852f0557c8509146a4b9ddebd543a\",\"name\":\"L\u00f3pez D\u00f3riga\",\"image\":{\"@type\":\"ImageObject\",\"inLanguage\":\"es\",\"@id\":\"https:\\\/\\\/secure.gravatar.com\\\/avatar\\\/e525b06574ca18b33cded59dfe5778d6c823b9513154eff47da551b0551bdd1e?s=96&d=mm&r=g\",\"url\":\"https:\\\/\\\/secure.gravatar.com\\\/avatar\\\/e525b06574ca18b33cded59dfe5778d6c823b9513154eff47da551b0551bdd1e?s=96&d=mm&r=g\",\"contentUrl\":\"https:\\\/\\\/secure.gravatar.com\\\/avatar\\\/e525b06574ca18b33cded59dfe5778d6c823b9513154eff47da551b0551bdd1e?s=96&d=mm&r=g\",\"caption\":\"L\u00f3pez D\u00f3riga\"},\"url\":\"https:\\\/\\\/fuentesfidedignas.com.mx\\\/index.php\\\/author\\\/doriga\\\/\"}]}<\/script>\n<!-- \/ Yoast SEO plugin. -->","yoast_head_json":{"title":"AMLO acepta renuncia de Zald\u00edvar a la SCJN; va por terna de mujeres para futura ministra - Fuentes Fidedignas","robots":{"index":"index","follow":"follow","max-snippet":"max-snippet:-1","max-image-preview":"max-image-preview:large","max-video-preview":"max-video-preview:-1"},"canonical":"https:\/\/fuentesfidedignas.com.mx\/index.php\/2023\/11\/08\/amlo-acepta-renuncia-de-zaldivar-a-la-scjn-va-por-terna-de-mujeres-para-futura-ministra\/","og_locale":"es_MX","og_type":"article","og_title":"AMLO acepta renuncia de Zald\u00edvar a la SCJN; va por terna de mujeres para futura ministra - Fuentes Fidedignas","og_description":"El presidente L\u00f3pez Obrador detall\u00f3 que corresponder\u00e1 al Senado quien le acepte o no la renuncia al todav\u00eda ministro Arturo Zald\u00edvar Ciudad de M\u00e9xico.- El presidente de M\u00e9xico, Andr\u00e9s Manuel L\u00f3pez Obrador, acept\u00f3 la renuncia de Arturo Zald\u00edvar Lelo de Larrea como ministro de la Suprema Corte de Justicia de la Naci\u00f3n (SCJN). En la [&hellip;]","og_url":"https:\/\/fuentesfidedignas.com.mx\/index.php\/2023\/11\/08\/amlo-acepta-renuncia-de-zaldivar-a-la-scjn-va-por-terna-de-mujeres-para-futura-ministra\/","og_site_name":"Fuentes Fidedignas","article_publisher":"https:\/\/www.facebook.com\/Fuentes-Fidedignas-368234489921644","article_published_time":"2023-11-08T17:19:16+00:00","article_modified_time":"2023-11-08T17:19:59+00:00","og_image":[{"width":755,"height":424,"url":"https:\/\/fuentesfidedignas.com.mx\/wp-content\/uploads\/2023\/11\/amlo-zaldivar.png","type":"image\/png"}],"author":"L\u00f3pez D\u00f3riga","twitter_card":"summary_large_image","twitter_creator":"@fidedignas","twitter_site":"@fidedignas","twitter_misc":{"Escrito por":"L\u00f3pez D\u00f3riga","Tiempo de lectura":"3 minutos"},"schema":{"@context":"https:\/\/schema.org","@graph":[{"@type":"Article","@id":"https:\/\/fuentesfidedignas.com.mx\/index.php\/2023\/11\/08\/amlo-acepta-renuncia-de-zaldivar-a-la-scjn-va-por-terna-de-mujeres-para-futura-ministra\/#article","isPartOf":{"@id":"https:\/\/fuentesfidedignas.com.mx\/index.php\/2023\/11\/08\/amlo-acepta-renuncia-de-zaldivar-a-la-scjn-va-por-terna-de-mujeres-para-futura-ministra\/"},"author":{"name":"L\u00f3pez D\u00f3riga","@id":"https:\/\/fuentesfidedignas.com.mx\/#\/schema\/person\/67d852f0557c8509146a4b9ddebd543a"},"headline":"AMLO acepta renuncia de Zald\u00edvar a la SCJN; va por terna de mujeres para futura ministra","datePublished":"2023-11-08T17:19:16+00:00","dateModified":"2023-11-08T17:19:59+00:00","mainEntityOfPage":{"@id":"https:\/\/fuentesfidedignas.com.mx\/index.php\/2023\/11\/08\/amlo-acepta-renuncia-de-zaldivar-a-la-scjn-va-por-terna-de-mujeres-para-futura-ministra\/"},"wordCount":821,"commentCount":0,"publisher":{"@id":"https:\/\/fuentesfidedignas.com.mx\/#organization"},"image":{"@id":"https:\/\/fuentesfidedignas.com.mx\/index.php\/2023\/11\/08\/amlo-acepta-renuncia-de-zaldivar-a-la-scjn-va-por-terna-de-mujeres-para-futura-ministra\/#primaryimage"},"thumbnailUrl":"https:\/\/fuentesfidedignas.com.mx\/wp-content\/uploads\/2023\/11\/amlo-zaldivar.png","articleSection":["NOTICIAS NACIONALES"],"inLanguage":"es","potentialAction":[{"@type":"CommentAction","name":"Comment","target":["https:\/\/fuentesfidedignas.com.mx\/index.php\/2023\/11\/08\/amlo-acepta-renuncia-de-zaldivar-a-la-scjn-va-por-terna-de-mujeres-para-futura-ministra\/#respond"]}]},{"@type":"WebPage","@id":"https:\/\/fuentesfidedignas.com.mx\/index.php\/2023\/11\/08\/amlo-acepta-renuncia-de-zaldivar-a-la-scjn-va-por-terna-de-mujeres-para-futura-ministra\/","url":"https:\/\/fuentesfidedignas.com.mx\/index.php\/2023\/11\/08\/amlo-acepta-renuncia-de-zaldivar-a-la-scjn-va-por-terna-de-mujeres-para-futura-ministra\/","name":"AMLO acepta renuncia de Zald\u00edvar a la SCJN; va por terna de mujeres para futura ministra - Fuentes Fidedignas","isPartOf":{"@id":"https:\/\/fuentesfidedignas.com.mx\/#website"},"primaryImageOfPage":{"@id":"https:\/\/fuentesfidedignas.com.mx\/index.php\/2023\/11\/08\/amlo-acepta-renuncia-de-zaldivar-a-la-scjn-va-por-terna-de-mujeres-para-futura-ministra\/#primaryimage"},"image":{"@id":"https:\/\/fuentesfidedignas.com.mx\/index.php\/2023\/11\/08\/amlo-acepta-renuncia-de-zaldivar-a-la-scjn-va-por-terna-de-mujeres-para-futura-ministra\/#primaryimage"},"thumbnailUrl":"https:\/\/fuentesfidedignas.com.mx\/wp-content\/uploads\/2023\/11\/amlo-zaldivar.png","datePublished":"2023-11-08T17:19:16+00:00","dateModified":"2023-11-08T17:19:59+00:00","breadcrumb":{"@id":"https:\/\/fuentesfidedignas.com.mx\/index.php\/2023\/11\/08\/amlo-acepta-renuncia-de-zaldivar-a-la-scjn-va-por-terna-de-mujeres-para-futura-ministra\/#breadcrumb"},"inLanguage":"es","potentialAction":[{"@type":"ReadAction","target":["https:\/\/fuentesfidedignas.com.mx\/index.php\/2023\/11\/08\/amlo-acepta-renuncia-de-zaldivar-a-la-scjn-va-por-terna-de-mujeres-para-futura-ministra\/"]}]},{"@type":"ImageObject","inLanguage":"es","@id":"https:\/\/fuentesfidedignas.com.mx\/index.php\/2023\/11\/08\/amlo-acepta-renuncia-de-zaldivar-a-la-scjn-va-por-terna-de-mujeres-para-futura-ministra\/#primaryimage","url":"https:\/\/fuentesfidedignas.com.mx\/wp-content\/uploads\/2023\/11\/amlo-zaldivar.png","contentUrl":"https:\/\/fuentesfidedignas.com.mx\/wp-content\/uploads\/2023\/11\/amlo-zaldivar.png","width":755,"height":424},{"@type":"BreadcrumbList","@id":"https:\/\/fuentesfidedignas.com.mx\/index.php\/2023\/11\/08\/amlo-acepta-renuncia-de-zaldivar-a-la-scjn-va-por-terna-de-mujeres-para-futura-ministra\/#breadcrumb","itemListElement":[{"@type":"ListItem","position":1,"name":"Inicio","item":"https:\/\/fuentesfidedignas.com.mx\/"},{"@type":"ListItem","position":2,"name":"AMLO acepta renuncia de Zald\u00edvar a la SCJN; va por terna de mujeres para futura ministra"}]},{"@type":"WebSite","@id":"https:\/\/fuentesfidedignas.com.mx\/#website","url":"https:\/\/fuentesfidedignas.com.mx\/","name":"Fuentes Fidedignas","description":"Otro sitio realizado con WordPress","publisher":{"@id":"https:\/\/fuentesfidedignas.com.mx\/#organization"},"potentialAction":[{"@type":"SearchAction","target":{"@type":"EntryPoint","urlTemplate":"https:\/\/fuentesfidedignas.com.mx\/?s={search_term_string}"},"query-input":{"@type":"PropertyValueSpecification","valueRequired":true,"valueName":"search_term_string"}}],"inLanguage":"es"},{"@type":"Organization","@id":"https:\/\/fuentesfidedignas.com.mx\/#organization","name":"Fuentes Fidedignas","url":"https:\/\/fuentesfidedignas.com.mx\/","logo":{"@type":"ImageObject","inLanguage":"es","@id":"https:\/\/fuentesfidedignas.com.mx\/#\/schema\/logo\/image\/","url":"https:\/\/fuentesfidedignas.com.mx\/wp-content\/uploads\/2021\/04\/logo-retina.png","contentUrl":"https:\/\/fuentesfidedignas.com.mx\/wp-content\/uploads\/2021\/04\/logo-retina.png","width":280,"height":51,"caption":"Fuentes Fidedignas"},"image":{"@id":"https:\/\/fuentesfidedignas.com.mx\/#\/schema\/logo\/image\/"},"sameAs":["https:\/\/www.facebook.com\/Fuentes-Fidedignas-368234489921644","https:\/\/x.com\/fidedignas"]},{"@type":"Person","@id":"https:\/\/fuentesfidedignas.com.mx\/#\/schema\/person\/67d852f0557c8509146a4b9ddebd543a","name":"L\u00f3pez D\u00f3riga","image":{"@type":"ImageObject","inLanguage":"es","@id":"https:\/\/secure.gravatar.com\/avatar\/e525b06574ca18b33cded59dfe5778d6c823b9513154eff47da551b0551bdd1e?s=96&d=mm&r=g","url":"https:\/\/secure.gravatar.com\/avatar\/e525b06574ca18b33cded59dfe5778d6c823b9513154eff47da551b0551bdd1e?s=96&d=mm&r=g","contentUrl":"https:\/\/secure.gravatar.com\/avatar\/e525b06574ca18b33cded59dfe5778d6c823b9513154eff47da551b0551bdd1e?s=96&d=mm&r=g","caption":"L\u00f3pez D\u00f3riga"},"url":"https:\/\/fuentesfidedignas.com.mx\/index.php\/author\/doriga\/"}]}},"_links":{"self":[{"href":"https:\/\/fuentesfidedignas.com.mx\/index.php\/wp-json\/wp\/v2\/posts\/65060","targetHints":{"allow":["GET"]}}],"collection":[{"href":"https:\/\/fuentesfidedignas.com.mx\/index.php\/wp-json\/wp\/v2\/posts"}],"about":[{"href":"https:\/\/fuentesfidedignas.com.mx\/index.php\/wp-json\/wp\/v2\/types\/post"}],"author":[{"embeddable":true,"href":"https:\/\/fuentesfidedignas.com.mx\/index.php\/wp-json\/wp\/v2\/users\/47"}],"replies":[{"embeddable":true,"href":"https:\/\/fuentesfidedignas.com.mx\/index.php\/wp-json\/wp\/v2\/comments?post=65060"}],"version-history":[{"count":2,"href":"https:\/\/fuentesfidedignas.com.mx\/index.php\/wp-json\/wp\/v2\/posts\/65060\/revisions"}],"predecessor-version":[{"id":65065,"href":"https:\/\/fuentesfidedignas.com.mx\/index.php\/wp-json\/wp\/v2\/posts\/65060\/revisions\/65065"}],"wp:featuredmedia":[{"embeddable":true,"href":"https:\/\/fuentesfidedignas.com.mx\/index.php\/wp-json\/wp\/v2\/media\/65061"}],"wp:attachment":[{"href":"https:\/\/fuentesfidedignas.com.mx\/index.php\/wp-json\/wp\/v2\/media?parent=65060"}],"wp:term":[{"taxonomy":"category","embeddable":true,"href":"https:\/\/fuentesfidedignas.com.mx\/index.php\/wp-json\/wp\/v2\/categories?post=65060"},{"taxonomy":"post_tag","embeddable":true,"href":"https:\/\/fuentesfidedignas.com.mx\/index.php\/wp-json\/wp\/v2\/tags?post=65060"}],"curies":[{"name":"wp","href":"https:\/\/api.w.org\/{rel}","templated":true}]}}