{"id":65003,"date":"2023-11-07T21:29:38","date_gmt":"2023-11-08T04:29:38","guid":{"rendered":"https:\/\/fuentesfidedignas.com.mx\/?p=65003"},"modified":"2023-11-08T12:38:19","modified_gmt":"2023-11-08T19:38:19","slug":"cuen-toma-protesta-a-mas-de-5-mil-pasistas-que-conforman-comites-seccionales-de-culiacan","status":"publish","type":"post","link":"https:\/\/fuentesfidedignas.com.mx\/index.php\/2023\/11\/07\/cuen-toma-protesta-a-mas-de-5-mil-pasistas-que-conforman-comites-seccionales-de-culiacan\/","title":{"rendered":"Cu\u00e9n toma protesta a m\u00e1s de 5 mil PASistas que conforman comit\u00e9s seccionales de Culiac\u00e1n"},"content":{"rendered":"\n<p><em><strong>\u201dEl PAS es el mejor partido local y con la estructura m\u00e1s grande de M\u00e9xico&#8221;, afirm\u00f3 Cu\u00e9n Ojeda<\/strong><\/em><\/p>\n\n\n\n<p>Culiac\u00e1n, Sin. Este 2024 vamos a ganar la alcald\u00eda de Culiac\u00e1n y hago el compromiso con la estructura, afirm\u00f3 el presidente del Partido Sinaloense. Juntos vamos a salir a demostrar el verdadero poder y juntos vamos por un Sinaloa mejor, dijo H\u00e9ctor Melesio Cu\u00e9n Ojeda.<\/p>\n\n\n\n<p>Ante la presencia de m\u00e1s de 5 mil 200 pasistas, el presidente estatal del Partido Sinaloense levant\u00f3 la voz y los convoc\u00f3 a trabajar duro cada d\u00eda tal y como lo han venido haciendo. Les record\u00f3 que en este proyecto se trabaja los 365 d\u00edas del a\u00f1o, y que no es un partido electorero, que solo aparece en cada proceso electoral, sino que todo el a\u00f1o se encuentran apoyando con sus m\u00e1s de 40 servicios gratuitos.<\/p>\n\n\n\n<p>Acompa\u00f1ado de los diputados de la 64 Legislatura, asi como el presidente del Comit\u00e9 Directivo Municipal; Gerardo Valencia, el secretario general V\u00edctor Antonio Corrales Burgue\u00f1o y la secretaria de Activismo Social, Angelica Diaz Qui\u00f1onez. Quienes invitaron a los participantes a salir a dar lo mejor e impulsar siempre el trabajo que por el bien de los Sinaloenses siempre ser\u00e1 necesario trabajar por un mejor sistema educativo, calidad de salud y mejorar e impulsar siempre el deporte en el estado de Sinaloa.<\/p>\n\n\n\n<p>H\u00e9ctor Melesio Cu\u00e9n Ojeda agradeci\u00f3 al municipio de Culiac\u00e1n amenizarle el evento y prender el puente negro y pintarlo de morado para que la estructura del PAS pasara una gran tarde, con una voz firme asegur\u00f3 tener el gen \u201cgobernador\u201d y por ello anuncio que firmemente trabajara para que no s\u00f3lo el 2024 el PAS salga triunfante en las pr\u00f3ximas elecciones, si no que incluso el 2027 llegar\u00eda a la gobernatura a reparar todo el da\u00f1o y el mal trabajo que se ha venido realizando Morena.<\/p>\n\n\n\n<p>Las m\u00e1s de 5200 asistentes realizaron en una sola voz de \u201cS\u00ed protesto\u201d y respaldaron el discurso del presidente estatal e incluso aceptaron firmemente respetar los estatutos del PAS y poner en marcha la maquinaria electoral para seguir los pasos que el l\u00edder y fundador les marque. Todos aseguraron que con la camisa bien puesta saldr\u00edan a defender voto x voto, casilla por casilla el pr\u00f3ximo 2 de junio del 2024.<\/p>\n","protected":false},"excerpt":{"rendered":"<p>\u201dEl PAS es el mejor partido local y con la estructura m\u00e1s grande de M\u00e9xico&#8221;, afirm\u00f3 Cu\u00e9n Ojeda Culiac\u00e1n, Sin. Este 2024 vamos a ganar la alcald\u00eda de Culiac\u00e1n y hago el compromiso con la estructura, afirm\u00f3 el presidente del Partido Sinaloense. Juntos vamos a salir a demostrar el verdadero poder y juntos vamos por [&hellip;]<\/p>\n","protected":false},"author":4,"featured_media":65005,"comment_status":"open","ping_status":"open","sticky":false,"template":"","format":"standard","meta":{"tdm_status":"","tdm_grid_status":"","footnotes":""},"categories":[37,1],"tags":[],"class_list":{"0":"post-65003","1":"post","2":"type-post","3":"status-publish","4":"format-standard","5":"has-post-thumbnail","7":"category-nota-principal","8":"category-sin-categoria"},"yoast_head":"<!-- This site is optimized with the Yoast SEO plugin v27.5 - https:\/\/yoast.com\/product\/yoast-seo-wordpress\/ -->\n<title>Cu\u00e9n toma protesta a m\u00e1s de 5 mil PASistas que conforman comit\u00e9s seccionales de Culiac\u00e1n - Fuentes Fidedignas<\/title>\n<meta name=\"robots\" content=\"index, follow, max-snippet:-1, max-image-preview:large, max-video-preview:-1\" \/>\n<link rel=\"canonical\" href=\"https:\/\/fuentesfidedignas.com.mx\/index.php\/2023\/11\/07\/cuen-toma-protesta-a-mas-de-5-mil-pasistas-que-conforman-comites-seccionales-de-culiacan\/\" \/>\n<meta property=\"og:locale\" content=\"es_MX\" \/>\n<meta property=\"og:type\" content=\"article\" \/>\n<meta property=\"og:title\" content=\"Cu\u00e9n toma protesta a m\u00e1s de 5 mil PASistas que conforman comit\u00e9s seccionales de Culiac\u00e1n - Fuentes Fidedignas\" \/>\n<meta property=\"og:description\" content=\"\u201dEl PAS es el mejor partido local y con la estructura m\u00e1s grande de M\u00e9xico&#8221;, afirm\u00f3 Cu\u00e9n Ojeda Culiac\u00e1n, Sin. Este 2024 vamos a ganar la alcald\u00eda de Culiac\u00e1n y hago el compromiso con la estructura, afirm\u00f3 el presidente del Partido Sinaloense. Juntos vamos a salir a demostrar el verdadero poder y juntos vamos por [&hellip;]\" \/>\n<meta property=\"og:url\" content=\"https:\/\/fuentesfidedignas.com.mx\/index.php\/2023\/11\/07\/cuen-toma-protesta-a-mas-de-5-mil-pasistas-que-conforman-comites-seccionales-de-culiacan\/\" \/>\n<meta property=\"og:site_name\" content=\"Fuentes Fidedignas\" \/>\n<meta property=\"article:publisher\" content=\"https:\/\/www.facebook.com\/Fuentes-Fidedignas-368234489921644\" \/>\n<meta property=\"article:published_time\" content=\"2023-11-08T04:29:38+00:00\" \/>\n<meta property=\"article:modified_time\" content=\"2023-11-08T19:38:19+00:00\" \/>\n<meta property=\"og:image\" content=\"https:\/\/fuentesfidedignas.com.mx\/wp-content\/uploads\/2023\/11\/IMG-20231107-WA0072.jpg\" \/>\n\t<meta property=\"og:image:width\" content=\"1600\" \/>\n\t<meta property=\"og:image:height\" content=\"483\" \/>\n\t<meta property=\"og:image:type\" content=\"image\/jpeg\" \/>\n<meta name=\"author\" content=\"Redacci\u00f3n\" \/>\n<meta name=\"twitter:card\" content=\"summary_large_image\" \/>\n<meta name=\"twitter:creator\" content=\"@fidedignas\" \/>\n<meta name=\"twitter:site\" content=\"@fidedignas\" \/>\n<meta name=\"twitter:label1\" content=\"Escrito por\" \/>\n\t<meta name=\"twitter:data1\" content=\"Redacci\u00f3n\" \/>\n\t<meta name=\"twitter:label2\" content=\"Tiempo de lectura\" \/>\n\t<meta name=\"twitter:data2\" content=\"2 minutos\" \/>\n<script type=\"application\/ld+json\" class=\"yoast-schema-graph\">{\"@context\":\"https:\\\/\\\/schema.org\",\"@graph\":[{\"@type\":\"Article\",\"@id\":\"https:\\\/\\\/fuentesfidedignas.com.mx\\\/index.php\\\/2023\\\/11\\\/07\\\/cuen-toma-protesta-a-mas-de-5-mil-pasistas-que-conforman-comites-seccionales-de-culiacan\\\/#article\",\"isPartOf\":{\"@id\":\"https:\\\/\\\/fuentesfidedignas.com.mx\\\/index.php\\\/2023\\\/11\\\/07\\\/cuen-toma-protesta-a-mas-de-5-mil-pasistas-que-conforman-comites-seccionales-de-culiacan\\\/\"},\"author\":{\"name\":\"Redacci\u00f3n\",\"@id\":\"https:\\\/\\\/fuentesfidedignas.com.mx\\\/#\\\/schema\\\/person\\\/331be9283d37198e2acd5750279085b0\"},\"headline\":\"Cu\u00e9n toma protesta a m\u00e1s de 5 mil PASistas que conforman comit\u00e9s seccionales de Culiac\u00e1n\",\"datePublished\":\"2023-11-08T04:29:38+00:00\",\"dateModified\":\"2023-11-08T19:38:19+00:00\",\"mainEntityOfPage\":{\"@id\":\"https:\\\/\\\/fuentesfidedignas.com.mx\\\/index.php\\\/2023\\\/11\\\/07\\\/cuen-toma-protesta-a-mas-de-5-mil-pasistas-que-conforman-comites-seccionales-de-culiacan\\\/\"},\"wordCount\":413,\"commentCount\":0,\"publisher\":{\"@id\":\"https:\\\/\\\/fuentesfidedignas.com.mx\\\/#organization\"},\"image\":{\"@id\":\"https:\\\/\\\/fuentesfidedignas.com.mx\\\/index.php\\\/2023\\\/11\\\/07\\\/cuen-toma-protesta-a-mas-de-5-mil-pasistas-que-conforman-comites-seccionales-de-culiacan\\\/#primaryimage\"},\"thumbnailUrl\":\"https:\\\/\\\/fuentesfidedignas.com.mx\\\/wp-content\\\/uploads\\\/2023\\\/11\\\/IMG-20231107-WA0072.jpg\",\"articleSection\":[\"NOTA PRINCIPAL\"],\"inLanguage\":\"es\",\"potentialAction\":[{\"@type\":\"CommentAction\",\"name\":\"Comment\",\"target\":[\"https:\\\/\\\/fuentesfidedignas.com.mx\\\/index.php\\\/2023\\\/11\\\/07\\\/cuen-toma-protesta-a-mas-de-5-mil-pasistas-que-conforman-comites-seccionales-de-culiacan\\\/#respond\"]}]},{\"@type\":\"WebPage\",\"@id\":\"https:\\\/\\\/fuentesfidedignas.com.mx\\\/index.php\\\/2023\\\/11\\\/07\\\/cuen-toma-protesta-a-mas-de-5-mil-pasistas-que-conforman-comites-seccionales-de-culiacan\\\/\",\"url\":\"https:\\\/\\\/fuentesfidedignas.com.mx\\\/index.php\\\/2023\\\/11\\\/07\\\/cuen-toma-protesta-a-mas-de-5-mil-pasistas-que-conforman-comites-seccionales-de-culiacan\\\/\",\"name\":\"Cu\u00e9n toma protesta a m\u00e1s de 5 mil PASistas que conforman comit\u00e9s seccionales de Culiac\u00e1n - Fuentes Fidedignas\",\"isPartOf\":{\"@id\":\"https:\\\/\\\/fuentesfidedignas.com.mx\\\/#website\"},\"primaryImageOfPage\":{\"@id\":\"https:\\\/\\\/fuentesfidedignas.com.mx\\\/index.php\\\/2023\\\/11\\\/07\\\/cuen-toma-protesta-a-mas-de-5-mil-pasistas-que-conforman-comites-seccionales-de-culiacan\\\/#primaryimage\"},\"image\":{\"@id\":\"https:\\\/\\\/fuentesfidedignas.com.mx\\\/index.php\\\/2023\\\/11\\\/07\\\/cuen-toma-protesta-a-mas-de-5-mil-pasistas-que-conforman-comites-seccionales-de-culiacan\\\/#primaryimage\"},\"thumbnailUrl\":\"https:\\\/\\\/fuentesfidedignas.com.mx\\\/wp-content\\\/uploads\\\/2023\\\/11\\\/IMG-20231107-WA0072.jpg\",\"datePublished\":\"2023-11-08T04:29:38+00:00\",\"dateModified\":\"2023-11-08T19:38:19+00:00\",\"breadcrumb\":{\"@id\":\"https:\\\/\\\/fuentesfidedignas.com.mx\\\/index.php\\\/2023\\\/11\\\/07\\\/cuen-toma-protesta-a-mas-de-5-mil-pasistas-que-conforman-comites-seccionales-de-culiacan\\\/#breadcrumb\"},\"inLanguage\":\"es\",\"potentialAction\":[{\"@type\":\"ReadAction\",\"target\":[\"https:\\\/\\\/fuentesfidedignas.com.mx\\\/index.php\\\/2023\\\/11\\\/07\\\/cuen-toma-protesta-a-mas-de-5-mil-pasistas-que-conforman-comites-seccionales-de-culiacan\\\/\"]}]},{\"@type\":\"ImageObject\",\"inLanguage\":\"es\",\"@id\":\"https:\\\/\\\/fuentesfidedignas.com.mx\\\/index.php\\\/2023\\\/11\\\/07\\\/cuen-toma-protesta-a-mas-de-5-mil-pasistas-que-conforman-comites-seccionales-de-culiacan\\\/#primaryimage\",\"url\":\"https:\\\/\\\/fuentesfidedignas.com.mx\\\/wp-content\\\/uploads\\\/2023\\\/11\\\/IMG-20231107-WA0072.jpg\",\"contentUrl\":\"https:\\\/\\\/fuentesfidedignas.com.mx\\\/wp-content\\\/uploads\\\/2023\\\/11\\\/IMG-20231107-WA0072.jpg\",\"width\":1600,\"height\":483},{\"@type\":\"BreadcrumbList\",\"@id\":\"https:\\\/\\\/fuentesfidedignas.com.mx\\\/index.php\\\/2023\\\/11\\\/07\\\/cuen-toma-protesta-a-mas-de-5-mil-pasistas-que-conforman-comites-seccionales-de-culiacan\\\/#breadcrumb\",\"itemListElement\":[{\"@type\":\"ListItem\",\"position\":1,\"name\":\"Inicio\",\"item\":\"https:\\\/\\\/fuentesfidedignas.com.mx\\\/\"},{\"@type\":\"ListItem\",\"position\":2,\"name\":\"Cu\u00e9n toma protesta a m\u00e1s de 5 mil PASistas que conforman comit\u00e9s seccionales de Culiac\u00e1n\"}]},{\"@type\":\"WebSite\",\"@id\":\"https:\\\/\\\/fuentesfidedignas.com.mx\\\/#website\",\"url\":\"https:\\\/\\\/fuentesfidedignas.com.mx\\\/\",\"name\":\"Fuentes Fidedignas\",\"description\":\"Otro sitio realizado con WordPress\",\"publisher\":{\"@id\":\"https:\\\/\\\/fuentesfidedignas.com.mx\\\/#organization\"},\"potentialAction\":[{\"@type\":\"SearchAction\",\"target\":{\"@type\":\"EntryPoint\",\"urlTemplate\":\"https:\\\/\\\/fuentesfidedignas.com.mx\\\/?s={search_term_string}\"},\"query-input\":{\"@type\":\"PropertyValueSpecification\",\"valueRequired\":true,\"valueName\":\"search_term_string\"}}],\"inLanguage\":\"es\"},{\"@type\":\"Organization\",\"@id\":\"https:\\\/\\\/fuentesfidedignas.com.mx\\\/#organization\",\"name\":\"Fuentes Fidedignas\",\"url\":\"https:\\\/\\\/fuentesfidedignas.com.mx\\\/\",\"logo\":{\"@type\":\"ImageObject\",\"inLanguage\":\"es\",\"@id\":\"https:\\\/\\\/fuentesfidedignas.com.mx\\\/#\\\/schema\\\/logo\\\/image\\\/\",\"url\":\"https:\\\/\\\/fuentesfidedignas.com.mx\\\/wp-content\\\/uploads\\\/2021\\\/04\\\/logo-retina.png\",\"contentUrl\":\"https:\\\/\\\/fuentesfidedignas.com.mx\\\/wp-content\\\/uploads\\\/2021\\\/04\\\/logo-retina.png\",\"width\":280,\"height\":51,\"caption\":\"Fuentes Fidedignas\"},\"image\":{\"@id\":\"https:\\\/\\\/fuentesfidedignas.com.mx\\\/#\\\/schema\\\/logo\\\/image\\\/\"},\"sameAs\":[\"https:\\\/\\\/www.facebook.com\\\/Fuentes-Fidedignas-368234489921644\",\"https:\\\/\\\/x.com\\\/fidedignas\"]},{\"@type\":\"Person\",\"@id\":\"https:\\\/\\\/fuentesfidedignas.com.mx\\\/#\\\/schema\\\/person\\\/331be9283d37198e2acd5750279085b0\",\"name\":\"Redacci\u00f3n\",\"image\":{\"@type\":\"ImageObject\",\"inLanguage\":\"es\",\"@id\":\"https:\\\/\\\/secure.gravatar.com\\\/avatar\\\/f6d8782c11d12b2d4ad3fbb6931aeab5309937a4d6cd2fc9cfaa28a6396a5aec?s=96&d=mm&r=g\",\"url\":\"https:\\\/\\\/secure.gravatar.com\\\/avatar\\\/f6d8782c11d12b2d4ad3fbb6931aeab5309937a4d6cd2fc9cfaa28a6396a5aec?s=96&d=mm&r=g\",\"contentUrl\":\"https:\\\/\\\/secure.gravatar.com\\\/avatar\\\/f6d8782c11d12b2d4ad3fbb6931aeab5309937a4d6cd2fc9cfaa28a6396a5aec?s=96&d=mm&r=g\",\"caption\":\"Redacci\u00f3n\"},\"url\":\"https:\\\/\\\/fuentesfidedignas.com.mx\\\/index.php\\\/author\\\/redaccion\\\/\"}]}<\/script>\n<!-- \/ Yoast SEO plugin. -->","yoast_head_json":{"title":"Cu\u00e9n toma protesta a m\u00e1s de 5 mil PASistas que conforman comit\u00e9s seccionales de Culiac\u00e1n - Fuentes Fidedignas","robots":{"index":"index","follow":"follow","max-snippet":"max-snippet:-1","max-image-preview":"max-image-preview:large","max-video-preview":"max-video-preview:-1"},"canonical":"https:\/\/fuentesfidedignas.com.mx\/index.php\/2023\/11\/07\/cuen-toma-protesta-a-mas-de-5-mil-pasistas-que-conforman-comites-seccionales-de-culiacan\/","og_locale":"es_MX","og_type":"article","og_title":"Cu\u00e9n toma protesta a m\u00e1s de 5 mil PASistas que conforman comit\u00e9s seccionales de Culiac\u00e1n - Fuentes Fidedignas","og_description":"\u201dEl PAS es el mejor partido local y con la estructura m\u00e1s grande de M\u00e9xico&#8221;, afirm\u00f3 Cu\u00e9n Ojeda Culiac\u00e1n, Sin. Este 2024 vamos a ganar la alcald\u00eda de Culiac\u00e1n y hago el compromiso con la estructura, afirm\u00f3 el presidente del Partido Sinaloense. Juntos vamos a salir a demostrar el verdadero poder y juntos vamos por [&hellip;]","og_url":"https:\/\/fuentesfidedignas.com.mx\/index.php\/2023\/11\/07\/cuen-toma-protesta-a-mas-de-5-mil-pasistas-que-conforman-comites-seccionales-de-culiacan\/","og_site_name":"Fuentes Fidedignas","article_publisher":"https:\/\/www.facebook.com\/Fuentes-Fidedignas-368234489921644","article_published_time":"2023-11-08T04:29:38+00:00","article_modified_time":"2023-11-08T19:38:19+00:00","og_image":[{"width":1600,"height":483,"url":"https:\/\/fuentesfidedignas.com.mx\/wp-content\/uploads\/2023\/11\/IMG-20231107-WA0072.jpg","type":"image\/jpeg"}],"author":"Redacci\u00f3n","twitter_card":"summary_large_image","twitter_creator":"@fidedignas","twitter_site":"@fidedignas","twitter_misc":{"Escrito por":"Redacci\u00f3n","Tiempo de lectura":"2 minutos"},"schema":{"@context":"https:\/\/schema.org","@graph":[{"@type":"Article","@id":"https:\/\/fuentesfidedignas.com.mx\/index.php\/2023\/11\/07\/cuen-toma-protesta-a-mas-de-5-mil-pasistas-que-conforman-comites-seccionales-de-culiacan\/#article","isPartOf":{"@id":"https:\/\/fuentesfidedignas.com.mx\/index.php\/2023\/11\/07\/cuen-toma-protesta-a-mas-de-5-mil-pasistas-que-conforman-comites-seccionales-de-culiacan\/"},"author":{"name":"Redacci\u00f3n","@id":"https:\/\/fuentesfidedignas.com.mx\/#\/schema\/person\/331be9283d37198e2acd5750279085b0"},"headline":"Cu\u00e9n toma protesta a m\u00e1s de 5 mil PASistas que conforman comit\u00e9s seccionales de Culiac\u00e1n","datePublished":"2023-11-08T04:29:38+00:00","dateModified":"2023-11-08T19:38:19+00:00","mainEntityOfPage":{"@id":"https:\/\/fuentesfidedignas.com.mx\/index.php\/2023\/11\/07\/cuen-toma-protesta-a-mas-de-5-mil-pasistas-que-conforman-comites-seccionales-de-culiacan\/"},"wordCount":413,"commentCount":0,"publisher":{"@id":"https:\/\/fuentesfidedignas.com.mx\/#organization"},"image":{"@id":"https:\/\/fuentesfidedignas.com.mx\/index.php\/2023\/11\/07\/cuen-toma-protesta-a-mas-de-5-mil-pasistas-que-conforman-comites-seccionales-de-culiacan\/#primaryimage"},"thumbnailUrl":"https:\/\/fuentesfidedignas.com.mx\/wp-content\/uploads\/2023\/11\/IMG-20231107-WA0072.jpg","articleSection":["NOTA PRINCIPAL"],"inLanguage":"es","potentialAction":[{"@type":"CommentAction","name":"Comment","target":["https:\/\/fuentesfidedignas.com.mx\/index.php\/2023\/11\/07\/cuen-toma-protesta-a-mas-de-5-mil-pasistas-que-conforman-comites-seccionales-de-culiacan\/#respond"]}]},{"@type":"WebPage","@id":"https:\/\/fuentesfidedignas.com.mx\/index.php\/2023\/11\/07\/cuen-toma-protesta-a-mas-de-5-mil-pasistas-que-conforman-comites-seccionales-de-culiacan\/","url":"https:\/\/fuentesfidedignas.com.mx\/index.php\/2023\/11\/07\/cuen-toma-protesta-a-mas-de-5-mil-pasistas-que-conforman-comites-seccionales-de-culiacan\/","name":"Cu\u00e9n toma protesta a m\u00e1s de 5 mil PASistas que conforman comit\u00e9s seccionales de Culiac\u00e1n - Fuentes Fidedignas","isPartOf":{"@id":"https:\/\/fuentesfidedignas.com.mx\/#website"},"primaryImageOfPage":{"@id":"https:\/\/fuentesfidedignas.com.mx\/index.php\/2023\/11\/07\/cuen-toma-protesta-a-mas-de-5-mil-pasistas-que-conforman-comites-seccionales-de-culiacan\/#primaryimage"},"image":{"@id":"https:\/\/fuentesfidedignas.com.mx\/index.php\/2023\/11\/07\/cuen-toma-protesta-a-mas-de-5-mil-pasistas-que-conforman-comites-seccionales-de-culiacan\/#primaryimage"},"thumbnailUrl":"https:\/\/fuentesfidedignas.com.mx\/wp-content\/uploads\/2023\/11\/IMG-20231107-WA0072.jpg","datePublished":"2023-11-08T04:29:38+00:00","dateModified":"2023-11-08T19:38:19+00:00","breadcrumb":{"@id":"https:\/\/fuentesfidedignas.com.mx\/index.php\/2023\/11\/07\/cuen-toma-protesta-a-mas-de-5-mil-pasistas-que-conforman-comites-seccionales-de-culiacan\/#breadcrumb"},"inLanguage":"es","potentialAction":[{"@type":"ReadAction","target":["https:\/\/fuentesfidedignas.com.mx\/index.php\/2023\/11\/07\/cuen-toma-protesta-a-mas-de-5-mil-pasistas-que-conforman-comites-seccionales-de-culiacan\/"]}]},{"@type":"ImageObject","inLanguage":"es","@id":"https:\/\/fuentesfidedignas.com.mx\/index.php\/2023\/11\/07\/cuen-toma-protesta-a-mas-de-5-mil-pasistas-que-conforman-comites-seccionales-de-culiacan\/#primaryimage","url":"https:\/\/fuentesfidedignas.com.mx\/wp-content\/uploads\/2023\/11\/IMG-20231107-WA0072.jpg","contentUrl":"https:\/\/fuentesfidedignas.com.mx\/wp-content\/uploads\/2023\/11\/IMG-20231107-WA0072.jpg","width":1600,"height":483},{"@type":"BreadcrumbList","@id":"https:\/\/fuentesfidedignas.com.mx\/index.php\/2023\/11\/07\/cuen-toma-protesta-a-mas-de-5-mil-pasistas-que-conforman-comites-seccionales-de-culiacan\/#breadcrumb","itemListElement":[{"@type":"ListItem","position":1,"name":"Inicio","item":"https:\/\/fuentesfidedignas.com.mx\/"},{"@type":"ListItem","position":2,"name":"Cu\u00e9n toma protesta a m\u00e1s de 5 mil PASistas que conforman comit\u00e9s seccionales de Culiac\u00e1n"}]},{"@type":"WebSite","@id":"https:\/\/fuentesfidedignas.com.mx\/#website","url":"https:\/\/fuentesfidedignas.com.mx\/","name":"Fuentes Fidedignas","description":"Otro sitio realizado con WordPress","publisher":{"@id":"https:\/\/fuentesfidedignas.com.mx\/#organization"},"potentialAction":[{"@type":"SearchAction","target":{"@type":"EntryPoint","urlTemplate":"https:\/\/fuentesfidedignas.com.mx\/?s={search_term_string}"},"query-input":{"@type":"PropertyValueSpecification","valueRequired":true,"valueName":"search_term_string"}}],"inLanguage":"es"},{"@type":"Organization","@id":"https:\/\/fuentesfidedignas.com.mx\/#organization","name":"Fuentes Fidedignas","url":"https:\/\/fuentesfidedignas.com.mx\/","logo":{"@type":"ImageObject","inLanguage":"es","@id":"https:\/\/fuentesfidedignas.com.mx\/#\/schema\/logo\/image\/","url":"https:\/\/fuentesfidedignas.com.mx\/wp-content\/uploads\/2021\/04\/logo-retina.png","contentUrl":"https:\/\/fuentesfidedignas.com.mx\/wp-content\/uploads\/2021\/04\/logo-retina.png","width":280,"height":51,"caption":"Fuentes Fidedignas"},"image":{"@id":"https:\/\/fuentesfidedignas.com.mx\/#\/schema\/logo\/image\/"},"sameAs":["https:\/\/www.facebook.com\/Fuentes-Fidedignas-368234489921644","https:\/\/x.com\/fidedignas"]},{"@type":"Person","@id":"https:\/\/fuentesfidedignas.com.mx\/#\/schema\/person\/331be9283d37198e2acd5750279085b0","name":"Redacci\u00f3n","image":{"@type":"ImageObject","inLanguage":"es","@id":"https:\/\/secure.gravatar.com\/avatar\/f6d8782c11d12b2d4ad3fbb6931aeab5309937a4d6cd2fc9cfaa28a6396a5aec?s=96&d=mm&r=g","url":"https:\/\/secure.gravatar.com\/avatar\/f6d8782c11d12b2d4ad3fbb6931aeab5309937a4d6cd2fc9cfaa28a6396a5aec?s=96&d=mm&r=g","contentUrl":"https:\/\/secure.gravatar.com\/avatar\/f6d8782c11d12b2d4ad3fbb6931aeab5309937a4d6cd2fc9cfaa28a6396a5aec?s=96&d=mm&r=g","caption":"Redacci\u00f3n"},"url":"https:\/\/fuentesfidedignas.com.mx\/index.php\/author\/redaccion\/"}]}},"_links":{"self":[{"href":"https:\/\/fuentesfidedignas.com.mx\/index.php\/wp-json\/wp\/v2\/posts\/65003","targetHints":{"allow":["GET"]}}],"collection":[{"href":"https:\/\/fuentesfidedignas.com.mx\/index.php\/wp-json\/wp\/v2\/posts"}],"about":[{"href":"https:\/\/fuentesfidedignas.com.mx\/index.php\/wp-json\/wp\/v2\/types\/post"}],"author":[{"embeddable":true,"href":"https:\/\/fuentesfidedignas.com.mx\/index.php\/wp-json\/wp\/v2\/users\/4"}],"replies":[{"embeddable":true,"href":"https:\/\/fuentesfidedignas.com.mx\/index.php\/wp-json\/wp\/v2\/comments?post=65003"}],"version-history":[{"count":3,"href":"https:\/\/fuentesfidedignas.com.mx\/index.php\/wp-json\/wp\/v2\/posts\/65003\/revisions"}],"predecessor-version":[{"id":65086,"href":"https:\/\/fuentesfidedignas.com.mx\/index.php\/wp-json\/wp\/v2\/posts\/65003\/revisions\/65086"}],"wp:featuredmedia":[{"embeddable":true,"href":"https:\/\/fuentesfidedignas.com.mx\/index.php\/wp-json\/wp\/v2\/media\/65005"}],"wp:attachment":[{"href":"https:\/\/fuentesfidedignas.com.mx\/index.php\/wp-json\/wp\/v2\/media?parent=65003"}],"wp:term":[{"taxonomy":"category","embeddable":true,"href":"https:\/\/fuentesfidedignas.com.mx\/index.php\/wp-json\/wp\/v2\/categories?post=65003"},{"taxonomy":"post_tag","embeddable":true,"href":"https:\/\/fuentesfidedignas.com.mx\/index.php\/wp-json\/wp\/v2\/tags?post=65003"}],"curies":[{"name":"wp","href":"https:\/\/api.w.org\/{rel}","templated":true}]}}