{"id":65000,"date":"2023-11-07T19:37:06","date_gmt":"2023-11-08T02:37:06","guid":{"rendered":"https:\/\/fuentesfidedignas.com.mx\/?p=65000"},"modified":"2023-11-07T21:58:17","modified_gmt":"2023-11-08T04:58:17","slug":"proponen-desaprobar-cuentas-publicas-de-el-fuerte-mocorito-cosala-y-rosario","status":"publish","type":"post","link":"https:\/\/fuentesfidedignas.com.mx\/index.php\/2023\/11\/07\/proponen-desaprobar-cuentas-publicas-de-el-fuerte-mocorito-cosala-y-rosario\/","title":{"rendered":"Proponen desaprobar cuentas p\u00fablicas de El Fuerte, Mocorito, Cosal\u00e1 y Rosario"},"content":{"rendered":"\n<p><em><strong>Inicia Congreso con lectura de dict\u00e1menes de cuentas p\u00fablicas de 2022<\/strong><\/em><\/p>\n\n\n\n<p>Culiac\u00e1n, Sin. El Congreso del Estado de Sinaloa dio lectura a dict\u00e1menes sobre las cuentas p\u00fablicas del ejercicio fiscal 2022 correspondientes al poder Judicial y de ocho municipios, de las cuales se propone desaprobar las de El Fuerte, Mocorito, Cosal\u00e1 y El Rosario, y aprobar las restantes.<\/p>\n\n\n\n<p>En los casos desaprobados, como Mocorito, se tiene que de 21 pliegos de observaciones por 9 millones 455 mil pesos, s\u00f3lo cinco fueron solventado por 4 millones 477 mil pesos y otro por 299 mil 843 pesos.<br>Respecto al municipio del Rosario, se observa que registra pasivos sin fuente de pago por 31 millones 675 mil 82 pesos y por tres millones 713 mil 321 pesos.<\/p>\n\n\n\n<p>Adem\u00e1s, privilegi\u00f3 el procedimiento de la adjudicaci\u00f3n directa para la contrataci\u00f3n de la obra p\u00fablica, que fue del 83.33 por ciento.<br>Realiz\u00f3 un pr\u00e9stamo por dos millones 757 mil 334 pesos a la Junta Municipal de Agua, sin haberlo recuperado, entre otras observaciones.<\/p>\n\n\n\n<p>En el caso de Cosal\u00e1, se propone desaprobar su cuenta p\u00fablica, por diversas causas, como registrar pasivos sin fuente de pago por 33 millones 878 mil 375 pesos y 2 millones 433 mil 883 pesos, y por adjudicar de manera directa el 100 por ciento de las obras realizadas.<\/p>\n\n\n\n<p>En 2022, registr\u00f3 un endeudamiento por 46.8 millones de pesos, lo cual represent\u00f3 un increment\u00f3 en 44.1 por ciento respecto de 2021. Con este resultado, el municipio se coloca en la posici\u00f3n n\u00famero 8 en relaci\u00f3n con los dem\u00e1s municipios, entre otras causas.<\/p>\n\n\n\n<p>En El Fuerte, tambi\u00e9n se desaprueba su cuenta p\u00fablica por diversas causas, como registrar pasivos sin fuente de pago, por 19 millones 378 mil 534 pesos y otros 8 millones 105 mil 530 pesos.<\/p>\n\n\n\n<p>De igual manera se privilegi\u00f3 el procedimiento de la adjudicaci\u00f3n directa para la contrataci\u00f3n de la obra p\u00fablica, ya que el 98.08 por ciento se adjudicaron de manera directa.<\/p>\n\n\n\n<p>Registra un gasto de un mill\u00f3n 983 mil 142 pesos por concepto de servicio de asesor\u00eda y consultor\u00eda fiscal para la prestaci\u00f3n de servicios profesionales de asesor\u00eda para el correcto cumplimiento del timbrado de la n\u00f3mina, as\u00ed como el an\u00e1lisis, correcci\u00f3n y aplicaci\u00f3n de la Ley de Coordinaci\u00f3n Fiscal, pero se omiten evidencia justificativa relativa al cumplimiento del contrato.<\/p>\n\n\n\n<p>Pag\u00f3 un mill\u00f3n 37 mil 672 pesos con recursos del gasto corriente por desacato a sentencia condenatoria a favor de un trabajador emitida por Tribunal de Justicia Administrativa, entre otras causas.<\/p>\n\n\n\n<p>Todos los dict\u00e1menes fueron turnados a una segunda lectura por el presidente de la Mesa Directiva, Ricardo Madrid P\u00e9rez, quien precis\u00f3 que por disposici\u00f3n legal no podr\u00e1 ser antes de una semana.<\/p>\n","protected":false},"excerpt":{"rendered":"<p>Inicia Congreso con lectura de dict\u00e1menes de cuentas p\u00fablicas de 2022 Culiac\u00e1n, Sin. El Congreso del Estado de Sinaloa dio lectura a dict\u00e1menes sobre las cuentas p\u00fablicas del ejercicio fiscal 2022 correspondientes al poder Judicial y de ocho municipios, de las cuales se propone desaprobar las de El Fuerte, Mocorito, Cosal\u00e1 y El Rosario, y [&hellip;]<\/p>\n","protected":false},"author":4,"featured_media":65002,"comment_status":"open","ping_status":"open","sticky":false,"template":"","format":"standard","meta":{"tdm_status":"","tdm_grid_status":"","footnotes":""},"categories":[1],"tags":[],"class_list":{"0":"post-65000","1":"post","2":"type-post","3":"status-publish","4":"format-standard","5":"has-post-thumbnail","7":"category-sin-categoria"},"yoast_head":"<!-- This site is optimized with the Yoast SEO plugin v27.5 - https:\/\/yoast.com\/product\/yoast-seo-wordpress\/ -->\n<title>Proponen desaprobar cuentas p\u00fablicas de El Fuerte, Mocorito, Cosal\u00e1 y Rosario - Fuentes Fidedignas<\/title>\n<meta name=\"robots\" content=\"index, follow, max-snippet:-1, max-image-preview:large, max-video-preview:-1\" \/>\n<link rel=\"canonical\" href=\"https:\/\/fuentesfidedignas.com.mx\/index.php\/2023\/11\/07\/proponen-desaprobar-cuentas-publicas-de-el-fuerte-mocorito-cosala-y-rosario\/\" \/>\n<meta property=\"og:locale\" content=\"es_MX\" \/>\n<meta property=\"og:type\" content=\"article\" \/>\n<meta property=\"og:title\" content=\"Proponen desaprobar cuentas p\u00fablicas de El Fuerte, Mocorito, Cosal\u00e1 y Rosario - Fuentes Fidedignas\" \/>\n<meta property=\"og:description\" content=\"Inicia Congreso con lectura de dict\u00e1menes de cuentas p\u00fablicas de 2022 Culiac\u00e1n, Sin. El Congreso del Estado de Sinaloa dio lectura a dict\u00e1menes sobre las cuentas p\u00fablicas del ejercicio fiscal 2022 correspondientes al poder Judicial y de ocho municipios, de las cuales se propone desaprobar las de El Fuerte, Mocorito, Cosal\u00e1 y El Rosario, y [&hellip;]\" \/>\n<meta property=\"og:url\" content=\"https:\/\/fuentesfidedignas.com.mx\/index.php\/2023\/11\/07\/proponen-desaprobar-cuentas-publicas-de-el-fuerte-mocorito-cosala-y-rosario\/\" \/>\n<meta property=\"og:site_name\" content=\"Fuentes Fidedignas\" \/>\n<meta property=\"article:publisher\" content=\"https:\/\/www.facebook.com\/Fuentes-Fidedignas-368234489921644\" \/>\n<meta property=\"article:published_time\" content=\"2023-11-08T02:37:06+00:00\" \/>\n<meta property=\"article:modified_time\" content=\"2023-11-08T04:58:17+00:00\" \/>\n<meta property=\"og:image\" content=\"https:\/\/fuentesfidedignas.com.mx\/wp-content\/uploads\/2023\/11\/20231107_140237-scaled.jpg\" \/>\n\t<meta property=\"og:image:width\" content=\"2560\" \/>\n\t<meta property=\"og:image:height\" content=\"1442\" \/>\n\t<meta property=\"og:image:type\" content=\"image\/jpeg\" \/>\n<meta name=\"author\" content=\"Redacci\u00f3n\" \/>\n<meta name=\"twitter:card\" content=\"summary_large_image\" \/>\n<meta name=\"twitter:creator\" content=\"@fidedignas\" \/>\n<meta name=\"twitter:site\" content=\"@fidedignas\" \/>\n<meta name=\"twitter:label1\" content=\"Escrito por\" \/>\n\t<meta name=\"twitter:data1\" content=\"Redacci\u00f3n\" \/>\n\t<meta name=\"twitter:label2\" content=\"Tiempo de lectura\" \/>\n\t<meta name=\"twitter:data2\" content=\"3 minutos\" \/>\n<script type=\"application\/ld+json\" class=\"yoast-schema-graph\">{\"@context\":\"https:\\\/\\\/schema.org\",\"@graph\":[{\"@type\":\"Article\",\"@id\":\"https:\\\/\\\/fuentesfidedignas.com.mx\\\/index.php\\\/2023\\\/11\\\/07\\\/proponen-desaprobar-cuentas-publicas-de-el-fuerte-mocorito-cosala-y-rosario\\\/#article\",\"isPartOf\":{\"@id\":\"https:\\\/\\\/fuentesfidedignas.com.mx\\\/index.php\\\/2023\\\/11\\\/07\\\/proponen-desaprobar-cuentas-publicas-de-el-fuerte-mocorito-cosala-y-rosario\\\/\"},\"author\":{\"name\":\"Redacci\u00f3n\",\"@id\":\"https:\\\/\\\/fuentesfidedignas.com.mx\\\/#\\\/schema\\\/person\\\/331be9283d37198e2acd5750279085b0\"},\"headline\":\"Proponen desaprobar cuentas p\u00fablicas de El Fuerte, Mocorito, Cosal\u00e1 y Rosario\",\"datePublished\":\"2023-11-08T02:37:06+00:00\",\"dateModified\":\"2023-11-08T04:58:17+00:00\",\"mainEntityOfPage\":{\"@id\":\"https:\\\/\\\/fuentesfidedignas.com.mx\\\/index.php\\\/2023\\\/11\\\/07\\\/proponen-desaprobar-cuentas-publicas-de-el-fuerte-mocorito-cosala-y-rosario\\\/\"},\"wordCount\":451,\"commentCount\":0,\"publisher\":{\"@id\":\"https:\\\/\\\/fuentesfidedignas.com.mx\\\/#organization\"},\"image\":{\"@id\":\"https:\\\/\\\/fuentesfidedignas.com.mx\\\/index.php\\\/2023\\\/11\\\/07\\\/proponen-desaprobar-cuentas-publicas-de-el-fuerte-mocorito-cosala-y-rosario\\\/#primaryimage\"},\"thumbnailUrl\":\"https:\\\/\\\/fuentesfidedignas.com.mx\\\/wp-content\\\/uploads\\\/2023\\\/11\\\/20231107_140237-scaled.jpg\",\"inLanguage\":\"es\",\"potentialAction\":[{\"@type\":\"CommentAction\",\"name\":\"Comment\",\"target\":[\"https:\\\/\\\/fuentesfidedignas.com.mx\\\/index.php\\\/2023\\\/11\\\/07\\\/proponen-desaprobar-cuentas-publicas-de-el-fuerte-mocorito-cosala-y-rosario\\\/#respond\"]}]},{\"@type\":\"WebPage\",\"@id\":\"https:\\\/\\\/fuentesfidedignas.com.mx\\\/index.php\\\/2023\\\/11\\\/07\\\/proponen-desaprobar-cuentas-publicas-de-el-fuerte-mocorito-cosala-y-rosario\\\/\",\"url\":\"https:\\\/\\\/fuentesfidedignas.com.mx\\\/index.php\\\/2023\\\/11\\\/07\\\/proponen-desaprobar-cuentas-publicas-de-el-fuerte-mocorito-cosala-y-rosario\\\/\",\"name\":\"Proponen desaprobar cuentas p\u00fablicas de El Fuerte, Mocorito, Cosal\u00e1 y Rosario - Fuentes Fidedignas\",\"isPartOf\":{\"@id\":\"https:\\\/\\\/fuentesfidedignas.com.mx\\\/#website\"},\"primaryImageOfPage\":{\"@id\":\"https:\\\/\\\/fuentesfidedignas.com.mx\\\/index.php\\\/2023\\\/11\\\/07\\\/proponen-desaprobar-cuentas-publicas-de-el-fuerte-mocorito-cosala-y-rosario\\\/#primaryimage\"},\"image\":{\"@id\":\"https:\\\/\\\/fuentesfidedignas.com.mx\\\/index.php\\\/2023\\\/11\\\/07\\\/proponen-desaprobar-cuentas-publicas-de-el-fuerte-mocorito-cosala-y-rosario\\\/#primaryimage\"},\"thumbnailUrl\":\"https:\\\/\\\/fuentesfidedignas.com.mx\\\/wp-content\\\/uploads\\\/2023\\\/11\\\/20231107_140237-scaled.jpg\",\"datePublished\":\"2023-11-08T02:37:06+00:00\",\"dateModified\":\"2023-11-08T04:58:17+00:00\",\"breadcrumb\":{\"@id\":\"https:\\\/\\\/fuentesfidedignas.com.mx\\\/index.php\\\/2023\\\/11\\\/07\\\/proponen-desaprobar-cuentas-publicas-de-el-fuerte-mocorito-cosala-y-rosario\\\/#breadcrumb\"},\"inLanguage\":\"es\",\"potentialAction\":[{\"@type\":\"ReadAction\",\"target\":[\"https:\\\/\\\/fuentesfidedignas.com.mx\\\/index.php\\\/2023\\\/11\\\/07\\\/proponen-desaprobar-cuentas-publicas-de-el-fuerte-mocorito-cosala-y-rosario\\\/\"]}]},{\"@type\":\"ImageObject\",\"inLanguage\":\"es\",\"@id\":\"https:\\\/\\\/fuentesfidedignas.com.mx\\\/index.php\\\/2023\\\/11\\\/07\\\/proponen-desaprobar-cuentas-publicas-de-el-fuerte-mocorito-cosala-y-rosario\\\/#primaryimage\",\"url\":\"https:\\\/\\\/fuentesfidedignas.com.mx\\\/wp-content\\\/uploads\\\/2023\\\/11\\\/20231107_140237-scaled.jpg\",\"contentUrl\":\"https:\\\/\\\/fuentesfidedignas.com.mx\\\/wp-content\\\/uploads\\\/2023\\\/11\\\/20231107_140237-scaled.jpg\",\"width\":2560,\"height\":1442},{\"@type\":\"BreadcrumbList\",\"@id\":\"https:\\\/\\\/fuentesfidedignas.com.mx\\\/index.php\\\/2023\\\/11\\\/07\\\/proponen-desaprobar-cuentas-publicas-de-el-fuerte-mocorito-cosala-y-rosario\\\/#breadcrumb\",\"itemListElement\":[{\"@type\":\"ListItem\",\"position\":1,\"name\":\"Inicio\",\"item\":\"https:\\\/\\\/fuentesfidedignas.com.mx\\\/\"},{\"@type\":\"ListItem\",\"position\":2,\"name\":\"Proponen desaprobar cuentas p\u00fablicas de El Fuerte, Mocorito, Cosal\u00e1 y Rosario\"}]},{\"@type\":\"WebSite\",\"@id\":\"https:\\\/\\\/fuentesfidedignas.com.mx\\\/#website\",\"url\":\"https:\\\/\\\/fuentesfidedignas.com.mx\\\/\",\"name\":\"Fuentes Fidedignas\",\"description\":\"Otro sitio realizado con WordPress\",\"publisher\":{\"@id\":\"https:\\\/\\\/fuentesfidedignas.com.mx\\\/#organization\"},\"potentialAction\":[{\"@type\":\"SearchAction\",\"target\":{\"@type\":\"EntryPoint\",\"urlTemplate\":\"https:\\\/\\\/fuentesfidedignas.com.mx\\\/?s={search_term_string}\"},\"query-input\":{\"@type\":\"PropertyValueSpecification\",\"valueRequired\":true,\"valueName\":\"search_term_string\"}}],\"inLanguage\":\"es\"},{\"@type\":\"Organization\",\"@id\":\"https:\\\/\\\/fuentesfidedignas.com.mx\\\/#organization\",\"name\":\"Fuentes Fidedignas\",\"url\":\"https:\\\/\\\/fuentesfidedignas.com.mx\\\/\",\"logo\":{\"@type\":\"ImageObject\",\"inLanguage\":\"es\",\"@id\":\"https:\\\/\\\/fuentesfidedignas.com.mx\\\/#\\\/schema\\\/logo\\\/image\\\/\",\"url\":\"https:\\\/\\\/fuentesfidedignas.com.mx\\\/wp-content\\\/uploads\\\/2021\\\/04\\\/logo-retina.png\",\"contentUrl\":\"https:\\\/\\\/fuentesfidedignas.com.mx\\\/wp-content\\\/uploads\\\/2021\\\/04\\\/logo-retina.png\",\"width\":280,\"height\":51,\"caption\":\"Fuentes Fidedignas\"},\"image\":{\"@id\":\"https:\\\/\\\/fuentesfidedignas.com.mx\\\/#\\\/schema\\\/logo\\\/image\\\/\"},\"sameAs\":[\"https:\\\/\\\/www.facebook.com\\\/Fuentes-Fidedignas-368234489921644\",\"https:\\\/\\\/x.com\\\/fidedignas\"]},{\"@type\":\"Person\",\"@id\":\"https:\\\/\\\/fuentesfidedignas.com.mx\\\/#\\\/schema\\\/person\\\/331be9283d37198e2acd5750279085b0\",\"name\":\"Redacci\u00f3n\",\"image\":{\"@type\":\"ImageObject\",\"inLanguage\":\"es\",\"@id\":\"https:\\\/\\\/secure.gravatar.com\\\/avatar\\\/f6d8782c11d12b2d4ad3fbb6931aeab5309937a4d6cd2fc9cfaa28a6396a5aec?s=96&d=mm&r=g\",\"url\":\"https:\\\/\\\/secure.gravatar.com\\\/avatar\\\/f6d8782c11d12b2d4ad3fbb6931aeab5309937a4d6cd2fc9cfaa28a6396a5aec?s=96&d=mm&r=g\",\"contentUrl\":\"https:\\\/\\\/secure.gravatar.com\\\/avatar\\\/f6d8782c11d12b2d4ad3fbb6931aeab5309937a4d6cd2fc9cfaa28a6396a5aec?s=96&d=mm&r=g\",\"caption\":\"Redacci\u00f3n\"},\"url\":\"https:\\\/\\\/fuentesfidedignas.com.mx\\\/index.php\\\/author\\\/redaccion\\\/\"}]}<\/script>\n<!-- \/ Yoast SEO plugin. -->","yoast_head_json":{"title":"Proponen desaprobar cuentas p\u00fablicas de El Fuerte, Mocorito, Cosal\u00e1 y Rosario - Fuentes Fidedignas","robots":{"index":"index","follow":"follow","max-snippet":"max-snippet:-1","max-image-preview":"max-image-preview:large","max-video-preview":"max-video-preview:-1"},"canonical":"https:\/\/fuentesfidedignas.com.mx\/index.php\/2023\/11\/07\/proponen-desaprobar-cuentas-publicas-de-el-fuerte-mocorito-cosala-y-rosario\/","og_locale":"es_MX","og_type":"article","og_title":"Proponen desaprobar cuentas p\u00fablicas de El Fuerte, Mocorito, Cosal\u00e1 y Rosario - Fuentes Fidedignas","og_description":"Inicia Congreso con lectura de dict\u00e1menes de cuentas p\u00fablicas de 2022 Culiac\u00e1n, Sin. El Congreso del Estado de Sinaloa dio lectura a dict\u00e1menes sobre las cuentas p\u00fablicas del ejercicio fiscal 2022 correspondientes al poder Judicial y de ocho municipios, de las cuales se propone desaprobar las de El Fuerte, Mocorito, Cosal\u00e1 y El Rosario, y [&hellip;]","og_url":"https:\/\/fuentesfidedignas.com.mx\/index.php\/2023\/11\/07\/proponen-desaprobar-cuentas-publicas-de-el-fuerte-mocorito-cosala-y-rosario\/","og_site_name":"Fuentes Fidedignas","article_publisher":"https:\/\/www.facebook.com\/Fuentes-Fidedignas-368234489921644","article_published_time":"2023-11-08T02:37:06+00:00","article_modified_time":"2023-11-08T04:58:17+00:00","og_image":[{"width":2560,"height":1442,"url":"https:\/\/fuentesfidedignas.com.mx\/wp-content\/uploads\/2023\/11\/20231107_140237-scaled.jpg","type":"image\/jpeg"}],"author":"Redacci\u00f3n","twitter_card":"summary_large_image","twitter_creator":"@fidedignas","twitter_site":"@fidedignas","twitter_misc":{"Escrito por":"Redacci\u00f3n","Tiempo de lectura":"3 minutos"},"schema":{"@context":"https:\/\/schema.org","@graph":[{"@type":"Article","@id":"https:\/\/fuentesfidedignas.com.mx\/index.php\/2023\/11\/07\/proponen-desaprobar-cuentas-publicas-de-el-fuerte-mocorito-cosala-y-rosario\/#article","isPartOf":{"@id":"https:\/\/fuentesfidedignas.com.mx\/index.php\/2023\/11\/07\/proponen-desaprobar-cuentas-publicas-de-el-fuerte-mocorito-cosala-y-rosario\/"},"author":{"name":"Redacci\u00f3n","@id":"https:\/\/fuentesfidedignas.com.mx\/#\/schema\/person\/331be9283d37198e2acd5750279085b0"},"headline":"Proponen desaprobar cuentas p\u00fablicas de El Fuerte, Mocorito, Cosal\u00e1 y Rosario","datePublished":"2023-11-08T02:37:06+00:00","dateModified":"2023-11-08T04:58:17+00:00","mainEntityOfPage":{"@id":"https:\/\/fuentesfidedignas.com.mx\/index.php\/2023\/11\/07\/proponen-desaprobar-cuentas-publicas-de-el-fuerte-mocorito-cosala-y-rosario\/"},"wordCount":451,"commentCount":0,"publisher":{"@id":"https:\/\/fuentesfidedignas.com.mx\/#organization"},"image":{"@id":"https:\/\/fuentesfidedignas.com.mx\/index.php\/2023\/11\/07\/proponen-desaprobar-cuentas-publicas-de-el-fuerte-mocorito-cosala-y-rosario\/#primaryimage"},"thumbnailUrl":"https:\/\/fuentesfidedignas.com.mx\/wp-content\/uploads\/2023\/11\/20231107_140237-scaled.jpg","inLanguage":"es","potentialAction":[{"@type":"CommentAction","name":"Comment","target":["https:\/\/fuentesfidedignas.com.mx\/index.php\/2023\/11\/07\/proponen-desaprobar-cuentas-publicas-de-el-fuerte-mocorito-cosala-y-rosario\/#respond"]}]},{"@type":"WebPage","@id":"https:\/\/fuentesfidedignas.com.mx\/index.php\/2023\/11\/07\/proponen-desaprobar-cuentas-publicas-de-el-fuerte-mocorito-cosala-y-rosario\/","url":"https:\/\/fuentesfidedignas.com.mx\/index.php\/2023\/11\/07\/proponen-desaprobar-cuentas-publicas-de-el-fuerte-mocorito-cosala-y-rosario\/","name":"Proponen desaprobar cuentas p\u00fablicas de El Fuerte, Mocorito, Cosal\u00e1 y Rosario - Fuentes Fidedignas","isPartOf":{"@id":"https:\/\/fuentesfidedignas.com.mx\/#website"},"primaryImageOfPage":{"@id":"https:\/\/fuentesfidedignas.com.mx\/index.php\/2023\/11\/07\/proponen-desaprobar-cuentas-publicas-de-el-fuerte-mocorito-cosala-y-rosario\/#primaryimage"},"image":{"@id":"https:\/\/fuentesfidedignas.com.mx\/index.php\/2023\/11\/07\/proponen-desaprobar-cuentas-publicas-de-el-fuerte-mocorito-cosala-y-rosario\/#primaryimage"},"thumbnailUrl":"https:\/\/fuentesfidedignas.com.mx\/wp-content\/uploads\/2023\/11\/20231107_140237-scaled.jpg","datePublished":"2023-11-08T02:37:06+00:00","dateModified":"2023-11-08T04:58:17+00:00","breadcrumb":{"@id":"https:\/\/fuentesfidedignas.com.mx\/index.php\/2023\/11\/07\/proponen-desaprobar-cuentas-publicas-de-el-fuerte-mocorito-cosala-y-rosario\/#breadcrumb"},"inLanguage":"es","potentialAction":[{"@type":"ReadAction","target":["https:\/\/fuentesfidedignas.com.mx\/index.php\/2023\/11\/07\/proponen-desaprobar-cuentas-publicas-de-el-fuerte-mocorito-cosala-y-rosario\/"]}]},{"@type":"ImageObject","inLanguage":"es","@id":"https:\/\/fuentesfidedignas.com.mx\/index.php\/2023\/11\/07\/proponen-desaprobar-cuentas-publicas-de-el-fuerte-mocorito-cosala-y-rosario\/#primaryimage","url":"https:\/\/fuentesfidedignas.com.mx\/wp-content\/uploads\/2023\/11\/20231107_140237-scaled.jpg","contentUrl":"https:\/\/fuentesfidedignas.com.mx\/wp-content\/uploads\/2023\/11\/20231107_140237-scaled.jpg","width":2560,"height":1442},{"@type":"BreadcrumbList","@id":"https:\/\/fuentesfidedignas.com.mx\/index.php\/2023\/11\/07\/proponen-desaprobar-cuentas-publicas-de-el-fuerte-mocorito-cosala-y-rosario\/#breadcrumb","itemListElement":[{"@type":"ListItem","position":1,"name":"Inicio","item":"https:\/\/fuentesfidedignas.com.mx\/"},{"@type":"ListItem","position":2,"name":"Proponen desaprobar cuentas p\u00fablicas de El Fuerte, Mocorito, Cosal\u00e1 y Rosario"}]},{"@type":"WebSite","@id":"https:\/\/fuentesfidedignas.com.mx\/#website","url":"https:\/\/fuentesfidedignas.com.mx\/","name":"Fuentes Fidedignas","description":"Otro sitio realizado con WordPress","publisher":{"@id":"https:\/\/fuentesfidedignas.com.mx\/#organization"},"potentialAction":[{"@type":"SearchAction","target":{"@type":"EntryPoint","urlTemplate":"https:\/\/fuentesfidedignas.com.mx\/?s={search_term_string}"},"query-input":{"@type":"PropertyValueSpecification","valueRequired":true,"valueName":"search_term_string"}}],"inLanguage":"es"},{"@type":"Organization","@id":"https:\/\/fuentesfidedignas.com.mx\/#organization","name":"Fuentes Fidedignas","url":"https:\/\/fuentesfidedignas.com.mx\/","logo":{"@type":"ImageObject","inLanguage":"es","@id":"https:\/\/fuentesfidedignas.com.mx\/#\/schema\/logo\/image\/","url":"https:\/\/fuentesfidedignas.com.mx\/wp-content\/uploads\/2021\/04\/logo-retina.png","contentUrl":"https:\/\/fuentesfidedignas.com.mx\/wp-content\/uploads\/2021\/04\/logo-retina.png","width":280,"height":51,"caption":"Fuentes Fidedignas"},"image":{"@id":"https:\/\/fuentesfidedignas.com.mx\/#\/schema\/logo\/image\/"},"sameAs":["https:\/\/www.facebook.com\/Fuentes-Fidedignas-368234489921644","https:\/\/x.com\/fidedignas"]},{"@type":"Person","@id":"https:\/\/fuentesfidedignas.com.mx\/#\/schema\/person\/331be9283d37198e2acd5750279085b0","name":"Redacci\u00f3n","image":{"@type":"ImageObject","inLanguage":"es","@id":"https:\/\/secure.gravatar.com\/avatar\/f6d8782c11d12b2d4ad3fbb6931aeab5309937a4d6cd2fc9cfaa28a6396a5aec?s=96&d=mm&r=g","url":"https:\/\/secure.gravatar.com\/avatar\/f6d8782c11d12b2d4ad3fbb6931aeab5309937a4d6cd2fc9cfaa28a6396a5aec?s=96&d=mm&r=g","contentUrl":"https:\/\/secure.gravatar.com\/avatar\/f6d8782c11d12b2d4ad3fbb6931aeab5309937a4d6cd2fc9cfaa28a6396a5aec?s=96&d=mm&r=g","caption":"Redacci\u00f3n"},"url":"https:\/\/fuentesfidedignas.com.mx\/index.php\/author\/redaccion\/"}]}},"_links":{"self":[{"href":"https:\/\/fuentesfidedignas.com.mx\/index.php\/wp-json\/wp\/v2\/posts\/65000","targetHints":{"allow":["GET"]}}],"collection":[{"href":"https:\/\/fuentesfidedignas.com.mx\/index.php\/wp-json\/wp\/v2\/posts"}],"about":[{"href":"https:\/\/fuentesfidedignas.com.mx\/index.php\/wp-json\/wp\/v2\/types\/post"}],"author":[{"embeddable":true,"href":"https:\/\/fuentesfidedignas.com.mx\/index.php\/wp-json\/wp\/v2\/users\/4"}],"replies":[{"embeddable":true,"href":"https:\/\/fuentesfidedignas.com.mx\/index.php\/wp-json\/wp\/v2\/comments?post=65000"}],"version-history":[{"count":1,"href":"https:\/\/fuentesfidedignas.com.mx\/index.php\/wp-json\/wp\/v2\/posts\/65000\/revisions"}],"predecessor-version":[{"id":65001,"href":"https:\/\/fuentesfidedignas.com.mx\/index.php\/wp-json\/wp\/v2\/posts\/65000\/revisions\/65001"}],"wp:featuredmedia":[{"embeddable":true,"href":"https:\/\/fuentesfidedignas.com.mx\/index.php\/wp-json\/wp\/v2\/media\/65002"}],"wp:attachment":[{"href":"https:\/\/fuentesfidedignas.com.mx\/index.php\/wp-json\/wp\/v2\/media?parent=65000"}],"wp:term":[{"taxonomy":"category","embeddable":true,"href":"https:\/\/fuentesfidedignas.com.mx\/index.php\/wp-json\/wp\/v2\/categories?post=65000"},{"taxonomy":"post_tag","embeddable":true,"href":"https:\/\/fuentesfidedignas.com.mx\/index.php\/wp-json\/wp\/v2\/tags?post=65000"}],"curies":[{"name":"wp","href":"https:\/\/api.w.org\/{rel}","templated":true}]}}