{"id":64995,"date":"2023-11-08T05:39:14","date_gmt":"2023-11-08T12:39:14","guid":{"rendered":"https:\/\/fuentesfidedignas.com.mx\/?p=64995"},"modified":"2023-11-07T18:39:56","modified_gmt":"2023-11-08T01:39:56","slug":"joven-capta-visita-de-su-padre-fallecido-en-altar-de-dia-de-muertos-video","status":"publish","type":"post","link":"https:\/\/fuentesfidedignas.com.mx\/index.php\/2023\/11\/08\/joven-capta-visita-de-su-padre-fallecido-en-altar-de-dia-de-muertos-video\/","title":{"rendered":"Joven \u2018capta visita\u2019 de su padre fallecido en altar de D\u00eda de Muertos (video)"},"content":{"rendered":"\n<p><strong><em>\u201cEstaba tomando su coquita\u201d, escribi\u00f3 la autora del video en TikTok.<\/em><\/strong><\/p>\n\n\n\n<p>La usuario @bonitarenata en TikTok, comparti\u00f3 un video que dej\u00f3 sorprendidos a millones de internautas en redes sociales, pues asegura que su pap\u00e1 fallecido visit\u00f3 el altar que le hab\u00edan preparado este a\u00f1o en plena celebraci\u00f3n del D\u00eda de Muertos; aqu\u00ed te compartimos el video.<\/p>\n\n\n\n<p>Como cada a\u00f1o, las redes sociales se llenaron de videos de internautas que recuerdan a sus seres queridos, as\u00ed como los altares que sirven para dejarles ofrendas a quienes ya no se encuentran en este plano terrenal.<\/p>\n\n\n\n<p>Adem\u00e1s de los elementos esenciales que debe llevar un altar de muertos, se suelen agregar cosas que le gustaban a las personas fallecidas, en este caso fue una lata de Coca-Cola, pues era una bebida que le gustaba al pap\u00e1 de la creadora del video.<\/p>\n\n\n\n<p>\u201cAyer me visit\u00f3 mi pap\u00e1, a\u00fan no terminaba el altar y ya estaba tomando su coquita\u201d, se puede leer en la descripci\u00f3n del video compartido en TikTok.<\/p>\n\n\n\n<p>En el video se puede apreciar como de la lata salen burbujas, algo que fue interpretado por la joven, y por cientos de internautas, como una visita de su pap\u00e1 al altar que le hab\u00edan preparado.<\/p>\n\n\n\n<blockquote class=\"tiktok-embed\" cite=\"https:\/\/www.tiktok.com\/@bonitarenata\/video\/7296147842874215685\" data-video-id=\"7296147842874215685\" style=\"max-width: 605px;min-width: 325px;\" > <section> <a target=\"_blank\" title=\"@bonitarenata\" href=\"https:\/\/www.tiktok.com\/@bonitarenata?refer=embed\" rel=\"noopener\">@bonitarenata<\/a> Ayer me visit\u00f3 mi pap\u00e1, a\u00fan no terminaba el altar y ya estaba tomando su coquita \u2764\ufe0f \ud83d\udd6f\ufe0f<a title=\"hanalpix\u00e1n\" target=\"_blank\" href=\"https:\/\/www.tiktok.com\/tag\/hanalpix%C3%A1n?refer=embed\" rel=\"noopener\">#hanalpix\u00e1n<\/a> <a title=\"tradiciones\" target=\"_blank\" href=\"https:\/\/www.tiktok.com\/tag\/tradiciones?refer=embed\" rel=\"noopener\">#tradiciones<\/a> <a title=\"diademuertos\" target=\"_blank\" href=\"https:\/\/www.tiktok.com\/tag\/diademuertos?refer=embed\" rel=\"noopener\">#diademuertos<\/a> <a title=\"yucat\u00e1n\" target=\"_blank\" href=\"https:\/\/www.tiktok.com\/tag\/yucat%C3%A1n?refer=embed\" rel=\"noopener\">#Yucat\u00e1n<\/a> <a target=\"_blank\" title=\"\u266c sonido original - animadas\" href=\"https:\/\/www.tiktok.com\/music\/sonido-original-7016478381223054086?refer=embed\" rel=\"noopener\">\u266c sonido original &#8211; animadas<\/a> <\/section> <\/blockquote> <script async src=\"https:\/\/www.tiktok.com\/embed.js\"><\/script>\n\n\n\n<p>Renata muestra que en el altar tambi\u00e9n hay otra lata, la cual se encuentra completamente normal, sin movimiento. En los comentarios, usuarios han compartido sus propias experiencias de este tipo, relacionadas con el D\u00eda de Muertos.<\/p>\n\n\n\n<p><strong>\u00bfCu\u00e1ndo se quita el altar de D\u00eda de Muertos?<\/strong><br>Si t\u00fa instalaste un altar de muertos en tu hogar, aqu\u00ed te decimos la fecha en la que com\u00fanmente es retirado, de acuerdo con la tradici\u00f3n.<\/p>\n\n\n\n<p>\u200bEs el 3 de noviembre cuando las almas de los difuntos ya regresaron al m\u00e1s all\u00e1 y el prop\u00f3sito de la ofrenda ya fue cumplido, as\u00ed que es momento de comenzar a quitar cada uno de los elementos que fueron colocados.<\/p>\n","protected":false},"excerpt":{"rendered":"<p>\u201cEstaba tomando su coquita\u201d, escribi\u00f3 la autora del video en TikTok. La usuario @bonitarenata en TikTok, comparti\u00f3 un video que dej\u00f3 sorprendidos a millones de internautas en redes sociales, pues asegura que su pap\u00e1 fallecido visit\u00f3 el altar que le hab\u00edan preparado este a\u00f1o en plena celebraci\u00f3n del D\u00eda de Muertos; aqu\u00ed te compartimos el [&hellip;]<\/p>\n","protected":false},"author":9,"featured_media":64996,"comment_status":"open","ping_status":"open","sticky":false,"template":"","format":"standard","meta":{"tdm_status":"","tdm_grid_status":"","footnotes":""},"categories":[40],"tags":[],"class_list":{"0":"post-64995","1":"post","2":"type-post","3":"status-publish","4":"format-standard","5":"has-post-thumbnail","7":"category-las-asombrosas"},"yoast_head":"<!-- This site is optimized with the Yoast SEO plugin v27.5 - https:\/\/yoast.com\/product\/yoast-seo-wordpress\/ -->\n<title>Joven \u2018capta visita\u2019 de su padre fallecido en altar de D\u00eda de Muertos (video) - Fuentes Fidedignas<\/title>\n<meta name=\"robots\" content=\"index, follow, max-snippet:-1, max-image-preview:large, max-video-preview:-1\" \/>\n<link rel=\"canonical\" href=\"https:\/\/fuentesfidedignas.com.mx\/index.php\/2023\/11\/08\/joven-capta-visita-de-su-padre-fallecido-en-altar-de-dia-de-muertos-video\/\" \/>\n<meta property=\"og:locale\" content=\"es_MX\" \/>\n<meta property=\"og:type\" content=\"article\" \/>\n<meta property=\"og:title\" content=\"Joven \u2018capta visita\u2019 de su padre fallecido en altar de D\u00eda de Muertos (video) - Fuentes Fidedignas\" \/>\n<meta property=\"og:description\" content=\"\u201cEstaba tomando su coquita\u201d, escribi\u00f3 la autora del video en TikTok. La usuario @bonitarenata en TikTok, comparti\u00f3 un video que dej\u00f3 sorprendidos a millones de internautas en redes sociales, pues asegura que su pap\u00e1 fallecido visit\u00f3 el altar que le hab\u00edan preparado este a\u00f1o en plena celebraci\u00f3n del D\u00eda de Muertos; aqu\u00ed te compartimos el [&hellip;]\" \/>\n<meta property=\"og:url\" content=\"https:\/\/fuentesfidedignas.com.mx\/index.php\/2023\/11\/08\/joven-capta-visita-de-su-padre-fallecido-en-altar-de-dia-de-muertos-video\/\" \/>\n<meta property=\"og:site_name\" content=\"Fuentes Fidedignas\" \/>\n<meta property=\"article:publisher\" content=\"https:\/\/www.facebook.com\/Fuentes-Fidedignas-368234489921644\" \/>\n<meta property=\"article:published_time\" content=\"2023-11-08T12:39:14+00:00\" \/>\n<meta property=\"og:image\" content=\"https:\/\/fuentesfidedignas.com.mx\/wp-content\/uploads\/2023\/11\/MUERTO_SODA.jpg\" \/>\n\t<meta property=\"og:image:width\" content=\"871\" \/>\n\t<meta property=\"og:image:height\" content=\"527\" \/>\n\t<meta property=\"og:image:type\" content=\"image\/jpeg\" \/>\n<meta name=\"author\" content=\"Milenio\" \/>\n<meta name=\"twitter:card\" content=\"summary_large_image\" \/>\n<meta name=\"twitter:creator\" content=\"@fidedignas\" \/>\n<meta name=\"twitter:site\" content=\"@fidedignas\" \/>\n<meta name=\"twitter:label1\" content=\"Escrito por\" \/>\n\t<meta name=\"twitter:data1\" content=\"Milenio\" \/>\n\t<meta name=\"twitter:label2\" content=\"Tiempo de lectura\" \/>\n\t<meta name=\"twitter:data2\" content=\"2 minutos\" \/>\n<script type=\"application\/ld+json\" class=\"yoast-schema-graph\">{\"@context\":\"https:\\\/\\\/schema.org\",\"@graph\":[{\"@type\":\"Article\",\"@id\":\"https:\\\/\\\/fuentesfidedignas.com.mx\\\/index.php\\\/2023\\\/11\\\/08\\\/joven-capta-visita-de-su-padre-fallecido-en-altar-de-dia-de-muertos-video\\\/#article\",\"isPartOf\":{\"@id\":\"https:\\\/\\\/fuentesfidedignas.com.mx\\\/index.php\\\/2023\\\/11\\\/08\\\/joven-capta-visita-de-su-padre-fallecido-en-altar-de-dia-de-muertos-video\\\/\"},\"author\":{\"name\":\"Milenio\",\"@id\":\"https:\\\/\\\/fuentesfidedignas.com.mx\\\/#\\\/schema\\\/person\\\/47ec0135738f4b0c7495f06a77a2c976\"},\"headline\":\"Joven \u2018capta visita\u2019 de su padre fallecido en altar de D\u00eda de Muertos (video)\",\"datePublished\":\"2023-11-08T12:39:14+00:00\",\"mainEntityOfPage\":{\"@id\":\"https:\\\/\\\/fuentesfidedignas.com.mx\\\/index.php\\\/2023\\\/11\\\/08\\\/joven-capta-visita-de-su-padre-fallecido-en-altar-de-dia-de-muertos-video\\\/\"},\"wordCount\":372,\"commentCount\":0,\"publisher\":{\"@id\":\"https:\\\/\\\/fuentesfidedignas.com.mx\\\/#organization\"},\"image\":{\"@id\":\"https:\\\/\\\/fuentesfidedignas.com.mx\\\/index.php\\\/2023\\\/11\\\/08\\\/joven-capta-visita-de-su-padre-fallecido-en-altar-de-dia-de-muertos-video\\\/#primaryimage\"},\"thumbnailUrl\":\"https:\\\/\\\/fuentesfidedignas.com.mx\\\/wp-content\\\/uploads\\\/2023\\\/11\\\/MUERTO_SODA.jpg\",\"articleSection\":[\"LAS ASOMBROSAS\"],\"inLanguage\":\"es\",\"potentialAction\":[{\"@type\":\"CommentAction\",\"name\":\"Comment\",\"target\":[\"https:\\\/\\\/fuentesfidedignas.com.mx\\\/index.php\\\/2023\\\/11\\\/08\\\/joven-capta-visita-de-su-padre-fallecido-en-altar-de-dia-de-muertos-video\\\/#respond\"]}]},{\"@type\":\"WebPage\",\"@id\":\"https:\\\/\\\/fuentesfidedignas.com.mx\\\/index.php\\\/2023\\\/11\\\/08\\\/joven-capta-visita-de-su-padre-fallecido-en-altar-de-dia-de-muertos-video\\\/\",\"url\":\"https:\\\/\\\/fuentesfidedignas.com.mx\\\/index.php\\\/2023\\\/11\\\/08\\\/joven-capta-visita-de-su-padre-fallecido-en-altar-de-dia-de-muertos-video\\\/\",\"name\":\"Joven \u2018capta visita\u2019 de su padre fallecido en altar de D\u00eda de Muertos (video) - Fuentes Fidedignas\",\"isPartOf\":{\"@id\":\"https:\\\/\\\/fuentesfidedignas.com.mx\\\/#website\"},\"primaryImageOfPage\":{\"@id\":\"https:\\\/\\\/fuentesfidedignas.com.mx\\\/index.php\\\/2023\\\/11\\\/08\\\/joven-capta-visita-de-su-padre-fallecido-en-altar-de-dia-de-muertos-video\\\/#primaryimage\"},\"image\":{\"@id\":\"https:\\\/\\\/fuentesfidedignas.com.mx\\\/index.php\\\/2023\\\/11\\\/08\\\/joven-capta-visita-de-su-padre-fallecido-en-altar-de-dia-de-muertos-video\\\/#primaryimage\"},\"thumbnailUrl\":\"https:\\\/\\\/fuentesfidedignas.com.mx\\\/wp-content\\\/uploads\\\/2023\\\/11\\\/MUERTO_SODA.jpg\",\"datePublished\":\"2023-11-08T12:39:14+00:00\",\"breadcrumb\":{\"@id\":\"https:\\\/\\\/fuentesfidedignas.com.mx\\\/index.php\\\/2023\\\/11\\\/08\\\/joven-capta-visita-de-su-padre-fallecido-en-altar-de-dia-de-muertos-video\\\/#breadcrumb\"},\"inLanguage\":\"es\",\"potentialAction\":[{\"@type\":\"ReadAction\",\"target\":[\"https:\\\/\\\/fuentesfidedignas.com.mx\\\/index.php\\\/2023\\\/11\\\/08\\\/joven-capta-visita-de-su-padre-fallecido-en-altar-de-dia-de-muertos-video\\\/\"]}]},{\"@type\":\"ImageObject\",\"inLanguage\":\"es\",\"@id\":\"https:\\\/\\\/fuentesfidedignas.com.mx\\\/index.php\\\/2023\\\/11\\\/08\\\/joven-capta-visita-de-su-padre-fallecido-en-altar-de-dia-de-muertos-video\\\/#primaryimage\",\"url\":\"https:\\\/\\\/fuentesfidedignas.com.mx\\\/wp-content\\\/uploads\\\/2023\\\/11\\\/MUERTO_SODA.jpg\",\"contentUrl\":\"https:\\\/\\\/fuentesfidedignas.com.mx\\\/wp-content\\\/uploads\\\/2023\\\/11\\\/MUERTO_SODA.jpg\",\"width\":871,\"height\":527},{\"@type\":\"BreadcrumbList\",\"@id\":\"https:\\\/\\\/fuentesfidedignas.com.mx\\\/index.php\\\/2023\\\/11\\\/08\\\/joven-capta-visita-de-su-padre-fallecido-en-altar-de-dia-de-muertos-video\\\/#breadcrumb\",\"itemListElement\":[{\"@type\":\"ListItem\",\"position\":1,\"name\":\"Inicio\",\"item\":\"https:\\\/\\\/fuentesfidedignas.com.mx\\\/\"},{\"@type\":\"ListItem\",\"position\":2,\"name\":\"Joven \u2018capta visita\u2019 de su padre fallecido en altar de D\u00eda de Muertos (video)\"}]},{\"@type\":\"WebSite\",\"@id\":\"https:\\\/\\\/fuentesfidedignas.com.mx\\\/#website\",\"url\":\"https:\\\/\\\/fuentesfidedignas.com.mx\\\/\",\"name\":\"Fuentes Fidedignas\",\"description\":\"Otro sitio realizado con WordPress\",\"publisher\":{\"@id\":\"https:\\\/\\\/fuentesfidedignas.com.mx\\\/#organization\"},\"potentialAction\":[{\"@type\":\"SearchAction\",\"target\":{\"@type\":\"EntryPoint\",\"urlTemplate\":\"https:\\\/\\\/fuentesfidedignas.com.mx\\\/?s={search_term_string}\"},\"query-input\":{\"@type\":\"PropertyValueSpecification\",\"valueRequired\":true,\"valueName\":\"search_term_string\"}}],\"inLanguage\":\"es\"},{\"@type\":\"Organization\",\"@id\":\"https:\\\/\\\/fuentesfidedignas.com.mx\\\/#organization\",\"name\":\"Fuentes Fidedignas\",\"url\":\"https:\\\/\\\/fuentesfidedignas.com.mx\\\/\",\"logo\":{\"@type\":\"ImageObject\",\"inLanguage\":\"es\",\"@id\":\"https:\\\/\\\/fuentesfidedignas.com.mx\\\/#\\\/schema\\\/logo\\\/image\\\/\",\"url\":\"https:\\\/\\\/fuentesfidedignas.com.mx\\\/wp-content\\\/uploads\\\/2021\\\/04\\\/logo-retina.png\",\"contentUrl\":\"https:\\\/\\\/fuentesfidedignas.com.mx\\\/wp-content\\\/uploads\\\/2021\\\/04\\\/logo-retina.png\",\"width\":280,\"height\":51,\"caption\":\"Fuentes Fidedignas\"},\"image\":{\"@id\":\"https:\\\/\\\/fuentesfidedignas.com.mx\\\/#\\\/schema\\\/logo\\\/image\\\/\"},\"sameAs\":[\"https:\\\/\\\/www.facebook.com\\\/Fuentes-Fidedignas-368234489921644\",\"https:\\\/\\\/x.com\\\/fidedignas\"]},{\"@type\":\"Person\",\"@id\":\"https:\\\/\\\/fuentesfidedignas.com.mx\\\/#\\\/schema\\\/person\\\/47ec0135738f4b0c7495f06a77a2c976\",\"name\":\"Milenio\",\"image\":{\"@type\":\"ImageObject\",\"inLanguage\":\"es\",\"@id\":\"https:\\\/\\\/secure.gravatar.com\\\/avatar\\\/acabf7b54753e51c2c76457954577c236b3b764789b19879565769739d1e4a75?s=96&d=mm&r=g\",\"url\":\"https:\\\/\\\/secure.gravatar.com\\\/avatar\\\/acabf7b54753e51c2c76457954577c236b3b764789b19879565769739d1e4a75?s=96&d=mm&r=g\",\"contentUrl\":\"https:\\\/\\\/secure.gravatar.com\\\/avatar\\\/acabf7b54753e51c2c76457954577c236b3b764789b19879565769739d1e4a75?s=96&d=mm&r=g\",\"caption\":\"Milenio\"},\"url\":\"https:\\\/\\\/fuentesfidedignas.com.mx\\\/index.php\\\/author\\\/milenio\\\/\"}]}<\/script>\n<!-- \/ Yoast SEO plugin. -->","yoast_head_json":{"title":"Joven \u2018capta visita\u2019 de su padre fallecido en altar de D\u00eda de Muertos (video) - Fuentes Fidedignas","robots":{"index":"index","follow":"follow","max-snippet":"max-snippet:-1","max-image-preview":"max-image-preview:large","max-video-preview":"max-video-preview:-1"},"canonical":"https:\/\/fuentesfidedignas.com.mx\/index.php\/2023\/11\/08\/joven-capta-visita-de-su-padre-fallecido-en-altar-de-dia-de-muertos-video\/","og_locale":"es_MX","og_type":"article","og_title":"Joven \u2018capta visita\u2019 de su padre fallecido en altar de D\u00eda de Muertos (video) - Fuentes Fidedignas","og_description":"\u201cEstaba tomando su coquita\u201d, escribi\u00f3 la autora del video en TikTok. La usuario @bonitarenata en TikTok, comparti\u00f3 un video que dej\u00f3 sorprendidos a millones de internautas en redes sociales, pues asegura que su pap\u00e1 fallecido visit\u00f3 el altar que le hab\u00edan preparado este a\u00f1o en plena celebraci\u00f3n del D\u00eda de Muertos; aqu\u00ed te compartimos el [&hellip;]","og_url":"https:\/\/fuentesfidedignas.com.mx\/index.php\/2023\/11\/08\/joven-capta-visita-de-su-padre-fallecido-en-altar-de-dia-de-muertos-video\/","og_site_name":"Fuentes Fidedignas","article_publisher":"https:\/\/www.facebook.com\/Fuentes-Fidedignas-368234489921644","article_published_time":"2023-11-08T12:39:14+00:00","og_image":[{"width":871,"height":527,"url":"https:\/\/fuentesfidedignas.com.mx\/wp-content\/uploads\/2023\/11\/MUERTO_SODA.jpg","type":"image\/jpeg"}],"author":"Milenio","twitter_card":"summary_large_image","twitter_creator":"@fidedignas","twitter_site":"@fidedignas","twitter_misc":{"Escrito por":"Milenio","Tiempo de lectura":"2 minutos"},"schema":{"@context":"https:\/\/schema.org","@graph":[{"@type":"Article","@id":"https:\/\/fuentesfidedignas.com.mx\/index.php\/2023\/11\/08\/joven-capta-visita-de-su-padre-fallecido-en-altar-de-dia-de-muertos-video\/#article","isPartOf":{"@id":"https:\/\/fuentesfidedignas.com.mx\/index.php\/2023\/11\/08\/joven-capta-visita-de-su-padre-fallecido-en-altar-de-dia-de-muertos-video\/"},"author":{"name":"Milenio","@id":"https:\/\/fuentesfidedignas.com.mx\/#\/schema\/person\/47ec0135738f4b0c7495f06a77a2c976"},"headline":"Joven \u2018capta visita\u2019 de su padre fallecido en altar de D\u00eda de Muertos (video)","datePublished":"2023-11-08T12:39:14+00:00","mainEntityOfPage":{"@id":"https:\/\/fuentesfidedignas.com.mx\/index.php\/2023\/11\/08\/joven-capta-visita-de-su-padre-fallecido-en-altar-de-dia-de-muertos-video\/"},"wordCount":372,"commentCount":0,"publisher":{"@id":"https:\/\/fuentesfidedignas.com.mx\/#organization"},"image":{"@id":"https:\/\/fuentesfidedignas.com.mx\/index.php\/2023\/11\/08\/joven-capta-visita-de-su-padre-fallecido-en-altar-de-dia-de-muertos-video\/#primaryimage"},"thumbnailUrl":"https:\/\/fuentesfidedignas.com.mx\/wp-content\/uploads\/2023\/11\/MUERTO_SODA.jpg","articleSection":["LAS ASOMBROSAS"],"inLanguage":"es","potentialAction":[{"@type":"CommentAction","name":"Comment","target":["https:\/\/fuentesfidedignas.com.mx\/index.php\/2023\/11\/08\/joven-capta-visita-de-su-padre-fallecido-en-altar-de-dia-de-muertos-video\/#respond"]}]},{"@type":"WebPage","@id":"https:\/\/fuentesfidedignas.com.mx\/index.php\/2023\/11\/08\/joven-capta-visita-de-su-padre-fallecido-en-altar-de-dia-de-muertos-video\/","url":"https:\/\/fuentesfidedignas.com.mx\/index.php\/2023\/11\/08\/joven-capta-visita-de-su-padre-fallecido-en-altar-de-dia-de-muertos-video\/","name":"Joven \u2018capta visita\u2019 de su padre fallecido en altar de D\u00eda de Muertos (video) - Fuentes Fidedignas","isPartOf":{"@id":"https:\/\/fuentesfidedignas.com.mx\/#website"},"primaryImageOfPage":{"@id":"https:\/\/fuentesfidedignas.com.mx\/index.php\/2023\/11\/08\/joven-capta-visita-de-su-padre-fallecido-en-altar-de-dia-de-muertos-video\/#primaryimage"},"image":{"@id":"https:\/\/fuentesfidedignas.com.mx\/index.php\/2023\/11\/08\/joven-capta-visita-de-su-padre-fallecido-en-altar-de-dia-de-muertos-video\/#primaryimage"},"thumbnailUrl":"https:\/\/fuentesfidedignas.com.mx\/wp-content\/uploads\/2023\/11\/MUERTO_SODA.jpg","datePublished":"2023-11-08T12:39:14+00:00","breadcrumb":{"@id":"https:\/\/fuentesfidedignas.com.mx\/index.php\/2023\/11\/08\/joven-capta-visita-de-su-padre-fallecido-en-altar-de-dia-de-muertos-video\/#breadcrumb"},"inLanguage":"es","potentialAction":[{"@type":"ReadAction","target":["https:\/\/fuentesfidedignas.com.mx\/index.php\/2023\/11\/08\/joven-capta-visita-de-su-padre-fallecido-en-altar-de-dia-de-muertos-video\/"]}]},{"@type":"ImageObject","inLanguage":"es","@id":"https:\/\/fuentesfidedignas.com.mx\/index.php\/2023\/11\/08\/joven-capta-visita-de-su-padre-fallecido-en-altar-de-dia-de-muertos-video\/#primaryimage","url":"https:\/\/fuentesfidedignas.com.mx\/wp-content\/uploads\/2023\/11\/MUERTO_SODA.jpg","contentUrl":"https:\/\/fuentesfidedignas.com.mx\/wp-content\/uploads\/2023\/11\/MUERTO_SODA.jpg","width":871,"height":527},{"@type":"BreadcrumbList","@id":"https:\/\/fuentesfidedignas.com.mx\/index.php\/2023\/11\/08\/joven-capta-visita-de-su-padre-fallecido-en-altar-de-dia-de-muertos-video\/#breadcrumb","itemListElement":[{"@type":"ListItem","position":1,"name":"Inicio","item":"https:\/\/fuentesfidedignas.com.mx\/"},{"@type":"ListItem","position":2,"name":"Joven \u2018capta visita\u2019 de su padre fallecido en altar de D\u00eda de Muertos (video)"}]},{"@type":"WebSite","@id":"https:\/\/fuentesfidedignas.com.mx\/#website","url":"https:\/\/fuentesfidedignas.com.mx\/","name":"Fuentes Fidedignas","description":"Otro sitio realizado con WordPress","publisher":{"@id":"https:\/\/fuentesfidedignas.com.mx\/#organization"},"potentialAction":[{"@type":"SearchAction","target":{"@type":"EntryPoint","urlTemplate":"https:\/\/fuentesfidedignas.com.mx\/?s={search_term_string}"},"query-input":{"@type":"PropertyValueSpecification","valueRequired":true,"valueName":"search_term_string"}}],"inLanguage":"es"},{"@type":"Organization","@id":"https:\/\/fuentesfidedignas.com.mx\/#organization","name":"Fuentes Fidedignas","url":"https:\/\/fuentesfidedignas.com.mx\/","logo":{"@type":"ImageObject","inLanguage":"es","@id":"https:\/\/fuentesfidedignas.com.mx\/#\/schema\/logo\/image\/","url":"https:\/\/fuentesfidedignas.com.mx\/wp-content\/uploads\/2021\/04\/logo-retina.png","contentUrl":"https:\/\/fuentesfidedignas.com.mx\/wp-content\/uploads\/2021\/04\/logo-retina.png","width":280,"height":51,"caption":"Fuentes Fidedignas"},"image":{"@id":"https:\/\/fuentesfidedignas.com.mx\/#\/schema\/logo\/image\/"},"sameAs":["https:\/\/www.facebook.com\/Fuentes-Fidedignas-368234489921644","https:\/\/x.com\/fidedignas"]},{"@type":"Person","@id":"https:\/\/fuentesfidedignas.com.mx\/#\/schema\/person\/47ec0135738f4b0c7495f06a77a2c976","name":"Milenio","image":{"@type":"ImageObject","inLanguage":"es","@id":"https:\/\/secure.gravatar.com\/avatar\/acabf7b54753e51c2c76457954577c236b3b764789b19879565769739d1e4a75?s=96&d=mm&r=g","url":"https:\/\/secure.gravatar.com\/avatar\/acabf7b54753e51c2c76457954577c236b3b764789b19879565769739d1e4a75?s=96&d=mm&r=g","contentUrl":"https:\/\/secure.gravatar.com\/avatar\/acabf7b54753e51c2c76457954577c236b3b764789b19879565769739d1e4a75?s=96&d=mm&r=g","caption":"Milenio"},"url":"https:\/\/fuentesfidedignas.com.mx\/index.php\/author\/milenio\/"}]}},"_links":{"self":[{"href":"https:\/\/fuentesfidedignas.com.mx\/index.php\/wp-json\/wp\/v2\/posts\/64995","targetHints":{"allow":["GET"]}}],"collection":[{"href":"https:\/\/fuentesfidedignas.com.mx\/index.php\/wp-json\/wp\/v2\/posts"}],"about":[{"href":"https:\/\/fuentesfidedignas.com.mx\/index.php\/wp-json\/wp\/v2\/types\/post"}],"author":[{"embeddable":true,"href":"https:\/\/fuentesfidedignas.com.mx\/index.php\/wp-json\/wp\/v2\/users\/9"}],"replies":[{"embeddable":true,"href":"https:\/\/fuentesfidedignas.com.mx\/index.php\/wp-json\/wp\/v2\/comments?post=64995"}],"version-history":[{"count":1,"href":"https:\/\/fuentesfidedignas.com.mx\/index.php\/wp-json\/wp\/v2\/posts\/64995\/revisions"}],"predecessor-version":[{"id":64997,"href":"https:\/\/fuentesfidedignas.com.mx\/index.php\/wp-json\/wp\/v2\/posts\/64995\/revisions\/64997"}],"wp:featuredmedia":[{"embeddable":true,"href":"https:\/\/fuentesfidedignas.com.mx\/index.php\/wp-json\/wp\/v2\/media\/64996"}],"wp:attachment":[{"href":"https:\/\/fuentesfidedignas.com.mx\/index.php\/wp-json\/wp\/v2\/media?parent=64995"}],"wp:term":[{"taxonomy":"category","embeddable":true,"href":"https:\/\/fuentesfidedignas.com.mx\/index.php\/wp-json\/wp\/v2\/categories?post=64995"},{"taxonomy":"post_tag","embeddable":true,"href":"https:\/\/fuentesfidedignas.com.mx\/index.php\/wp-json\/wp\/v2\/tags?post=64995"}],"curies":[{"name":"wp","href":"https:\/\/api.w.org\/{rel}","templated":true}]}}