{"id":64940,"date":"2023-11-07T11:58:50","date_gmt":"2023-11-07T18:58:50","guid":{"rendered":"https:\/\/fuentesfidedignas.com.mx\/?p=64940"},"modified":"2023-11-07T13:22:57","modified_gmt":"2023-11-07T20:22:57","slug":"juan-de-dios-gamez-mendivil-no-tiene-equipo-de-trabajo-sadol-osorio-porras","status":"publish","type":"post","link":"https:\/\/fuentesfidedignas.com.mx\/index.php\/2023\/11\/07\/juan-de-dios-gamez-mendivil-no-tiene-equipo-de-trabajo-sadol-osorio-porras\/","title":{"rendered":"Juan de Dios G\u00e1mez Mend\u00edvil no tiene equipo de trabajo: Sadol Osorio Porras"},"content":{"rendered":"\n<p><strong><em>El regidor se\u00f1al\u00f3 que la probable salida del alcalde para buscar otro cargo, ser\u00eda un retroceso<\/em><\/strong><\/p>\n\n\n\n<p>Culiac\u00e1n, Sin.- Juan de Dios G\u00e1mez Mend\u00edvil, presidente municipal de Culiac\u00e1n, le falta equipo de trabajo, pero en lo general ha tenido un avance considerable, sostuvo el regidor del PAN Sadol Osorio Porras, y consider\u00f3 que ser\u00eda un retroceso para el Ayuntamiento si se cambia de alcalde nuevamente.<\/p>\n\n\n\n<p>Lo anterior al considerar la posibilidad de que el actual primer edil ejerza su derecho de buscar una nueva posici\u00f3n pol\u00edtica.<\/p>\n\n\n\n<p>El regidor inform\u00f3 que actualmente est\u00e1n realizando el estudio y an\u00e1lisis del Informe de Labores presentado por el presidente municipal de Culiac\u00e1n Juan de Dios G\u00e1mez Mend\u00edvil.<br>\u201c<strong>Vemos que ha sido un avance considerable comparado con el 2021, pero hay muchos rubros que est\u00e1n pendientes<\/strong>\u201d, opin\u00f3.<\/p>\n\n\n\n<p>\u201c<strong>Creo que \u2013se\u00f1al\u00f3- hay funcionarios que no le ayudan mucho al alcalde y yo siempre lo he dicho: el alcalde no es no es tod\u00f3logo, tiene que tener un equipo de trabajo que en conjunto pueden hacer las cosas<\/strong>\u201d.<\/p>\n\n\n\n<p>\u201cSin embargo \u2013agreg\u00f3-, hay quienes nada m\u00e1s est\u00e1n ocupando espacios. Lamentablemente por eso no se ha dado ese empuje\u201d. Sostuvo que hay muchas obras y acciones que se est\u00e1n realizando gracias a que el alcalde es joven, con buen \u00e1nimo y disposici\u00f3n, pero no solo necesita eso sino un equipo de trabajo efectivo de lo cual carece.<\/p>\n\n\n\n<p>El regidor Sadol Osorio Porras dijo desconocer los cambios que se avizoran en el Ayuntamiento de Culiac\u00e1n aunque admiti\u00f3 que el alcalde se ir\u00e1 pues ha estado saliendo mucho a giras con el gobernador. \u201c<strong>El alcalde en lo personal no nos ha dicho absolutamente nada\u201d, coment\u00f3.<\/strong><\/p>\n\n\n\n<p><strong>\u201cEs un derecho que tiene \u00e9l de si quiere repetir o si quiere jugar por alg\u00fan distrito local o federal\u201d<\/strong>, dijo. Sin embargo, lament\u00f3 que la probable sustituci\u00f3n del actual alcalde ante una eventual salida, ser\u00eda un retroceso tremendo pues ser\u00eda otra din\u00e1mica de nuevos funcionarios y volver a empezar.<\/p>\n\n\n\n<p>\u201cEstamos en cierre de a\u00f1o y deber\u00edamos de estar pensando en c\u00f3mo terminar\u00e1n los ciclos, un cambio es ir un paso hacia adelante y tres hacia atr\u00e1s\u201d, dijo.<\/p>\n","protected":false},"excerpt":{"rendered":"<p>El regidor se\u00f1al\u00f3 que la probable salida del alcalde para buscar otro cargo, ser\u00eda un retroceso Culiac\u00e1n, Sin.- Juan de Dios G\u00e1mez Mend\u00edvil, presidente municipal de Culiac\u00e1n, le falta equipo de trabajo, pero en lo general ha tenido un avance considerable, sostuvo el regidor del PAN Sadol Osorio Porras, y consider\u00f3 que ser\u00eda un retroceso [&hellip;]<\/p>\n","protected":false},"author":112,"featured_media":64941,"comment_status":"open","ping_status":"open","sticky":false,"template":"","format":"standard","meta":{"tdm_status":"","tdm_grid_status":"","footnotes":""},"categories":[37],"tags":[],"class_list":{"0":"post-64940","1":"post","2":"type-post","3":"status-publish","4":"format-standard","5":"has-post-thumbnail","7":"category-nota-principal"},"yoast_head":"<!-- This site is optimized with the Yoast SEO plugin v27.5 - https:\/\/yoast.com\/product\/yoast-seo-wordpress\/ -->\n<title>Juan de Dios G\u00e1mez Mend\u00edvil no tiene equipo de trabajo: Sadol Osorio Porras - Fuentes Fidedignas<\/title>\n<meta name=\"robots\" content=\"index, follow, max-snippet:-1, max-image-preview:large, max-video-preview:-1\" \/>\n<link rel=\"canonical\" href=\"https:\/\/fuentesfidedignas.com.mx\/index.php\/2023\/11\/07\/juan-de-dios-gamez-mendivil-no-tiene-equipo-de-trabajo-sadol-osorio-porras\/\" \/>\n<meta property=\"og:locale\" content=\"es_MX\" \/>\n<meta property=\"og:type\" content=\"article\" \/>\n<meta property=\"og:title\" content=\"Juan de Dios G\u00e1mez Mend\u00edvil no tiene equipo de trabajo: Sadol Osorio Porras - Fuentes Fidedignas\" \/>\n<meta property=\"og:description\" content=\"El regidor se\u00f1al\u00f3 que la probable salida del alcalde para buscar otro cargo, ser\u00eda un retroceso Culiac\u00e1n, Sin.- Juan de Dios G\u00e1mez Mend\u00edvil, presidente municipal de Culiac\u00e1n, le falta equipo de trabajo, pero en lo general ha tenido un avance considerable, sostuvo el regidor del PAN Sadol Osorio Porras, y consider\u00f3 que ser\u00eda un retroceso [&hellip;]\" \/>\n<meta property=\"og:url\" content=\"https:\/\/fuentesfidedignas.com.mx\/index.php\/2023\/11\/07\/juan-de-dios-gamez-mendivil-no-tiene-equipo-de-trabajo-sadol-osorio-porras\/\" \/>\n<meta property=\"og:site_name\" content=\"Fuentes Fidedignas\" \/>\n<meta property=\"article:publisher\" content=\"https:\/\/www.facebook.com\/Fuentes-Fidedignas-368234489921644\" \/>\n<meta property=\"article:published_time\" content=\"2023-11-07T18:58:50+00:00\" \/>\n<meta property=\"article:modified_time\" content=\"2023-11-07T20:22:57+00:00\" \/>\n<meta property=\"og:image\" content=\"https:\/\/fuentesfidedignas.com.mx\/wp-content\/uploads\/2023\/11\/WhatsApp-Image-2023-11-07-at-11.33.14-AM.jpeg\" \/>\n\t<meta property=\"og:image:width\" content=\"1024\" \/>\n\t<meta property=\"og:image:height\" content=\"768\" \/>\n\t<meta property=\"og:image:type\" content=\"image\/jpeg\" \/>\n<meta name=\"author\" content=\"Leonardo Gutierrez\" \/>\n<meta name=\"twitter:card\" content=\"summary_large_image\" \/>\n<meta name=\"twitter:creator\" content=\"@fidedignas\" \/>\n<meta name=\"twitter:site\" content=\"@fidedignas\" \/>\n<meta name=\"twitter:label1\" content=\"Escrito por\" \/>\n\t<meta name=\"twitter:data1\" content=\"Leonardo Gutierrez\" \/>\n\t<meta name=\"twitter:label2\" content=\"Tiempo de lectura\" \/>\n\t<meta name=\"twitter:data2\" content=\"2 minutos\" \/>\n<script type=\"application\/ld+json\" class=\"yoast-schema-graph\">{\"@context\":\"https:\\\/\\\/schema.org\",\"@graph\":[{\"@type\":\"Article\",\"@id\":\"https:\\\/\\\/fuentesfidedignas.com.mx\\\/index.php\\\/2023\\\/11\\\/07\\\/juan-de-dios-gamez-mendivil-no-tiene-equipo-de-trabajo-sadol-osorio-porras\\\/#article\",\"isPartOf\":{\"@id\":\"https:\\\/\\\/fuentesfidedignas.com.mx\\\/index.php\\\/2023\\\/11\\\/07\\\/juan-de-dios-gamez-mendivil-no-tiene-equipo-de-trabajo-sadol-osorio-porras\\\/\"},\"author\":{\"name\":\"Leonardo Gutierrez\",\"@id\":\"https:\\\/\\\/fuentesfidedignas.com.mx\\\/#\\\/schema\\\/person\\\/c77df25c00baae1d4fdc0340db6f364c\"},\"headline\":\"Juan de Dios G\u00e1mez Mend\u00edvil no tiene equipo de trabajo: Sadol Osorio Porras\",\"datePublished\":\"2023-11-07T18:58:50+00:00\",\"dateModified\":\"2023-11-07T20:22:57+00:00\",\"mainEntityOfPage\":{\"@id\":\"https:\\\/\\\/fuentesfidedignas.com.mx\\\/index.php\\\/2023\\\/11\\\/07\\\/juan-de-dios-gamez-mendivil-no-tiene-equipo-de-trabajo-sadol-osorio-porras\\\/\"},\"wordCount\":400,\"commentCount\":0,\"publisher\":{\"@id\":\"https:\\\/\\\/fuentesfidedignas.com.mx\\\/#organization\"},\"image\":{\"@id\":\"https:\\\/\\\/fuentesfidedignas.com.mx\\\/index.php\\\/2023\\\/11\\\/07\\\/juan-de-dios-gamez-mendivil-no-tiene-equipo-de-trabajo-sadol-osorio-porras\\\/#primaryimage\"},\"thumbnailUrl\":\"https:\\\/\\\/fuentesfidedignas.com.mx\\\/wp-content\\\/uploads\\\/2023\\\/11\\\/WhatsApp-Image-2023-11-07-at-11.33.14-AM.jpeg\",\"articleSection\":[\"NOTA PRINCIPAL\"],\"inLanguage\":\"es\",\"potentialAction\":[{\"@type\":\"CommentAction\",\"name\":\"Comment\",\"target\":[\"https:\\\/\\\/fuentesfidedignas.com.mx\\\/index.php\\\/2023\\\/11\\\/07\\\/juan-de-dios-gamez-mendivil-no-tiene-equipo-de-trabajo-sadol-osorio-porras\\\/#respond\"]}]},{\"@type\":\"WebPage\",\"@id\":\"https:\\\/\\\/fuentesfidedignas.com.mx\\\/index.php\\\/2023\\\/11\\\/07\\\/juan-de-dios-gamez-mendivil-no-tiene-equipo-de-trabajo-sadol-osorio-porras\\\/\",\"url\":\"https:\\\/\\\/fuentesfidedignas.com.mx\\\/index.php\\\/2023\\\/11\\\/07\\\/juan-de-dios-gamez-mendivil-no-tiene-equipo-de-trabajo-sadol-osorio-porras\\\/\",\"name\":\"Juan de Dios G\u00e1mez Mend\u00edvil no tiene equipo de trabajo: Sadol Osorio Porras - Fuentes Fidedignas\",\"isPartOf\":{\"@id\":\"https:\\\/\\\/fuentesfidedignas.com.mx\\\/#website\"},\"primaryImageOfPage\":{\"@id\":\"https:\\\/\\\/fuentesfidedignas.com.mx\\\/index.php\\\/2023\\\/11\\\/07\\\/juan-de-dios-gamez-mendivil-no-tiene-equipo-de-trabajo-sadol-osorio-porras\\\/#primaryimage\"},\"image\":{\"@id\":\"https:\\\/\\\/fuentesfidedignas.com.mx\\\/index.php\\\/2023\\\/11\\\/07\\\/juan-de-dios-gamez-mendivil-no-tiene-equipo-de-trabajo-sadol-osorio-porras\\\/#primaryimage\"},\"thumbnailUrl\":\"https:\\\/\\\/fuentesfidedignas.com.mx\\\/wp-content\\\/uploads\\\/2023\\\/11\\\/WhatsApp-Image-2023-11-07-at-11.33.14-AM.jpeg\",\"datePublished\":\"2023-11-07T18:58:50+00:00\",\"dateModified\":\"2023-11-07T20:22:57+00:00\",\"breadcrumb\":{\"@id\":\"https:\\\/\\\/fuentesfidedignas.com.mx\\\/index.php\\\/2023\\\/11\\\/07\\\/juan-de-dios-gamez-mendivil-no-tiene-equipo-de-trabajo-sadol-osorio-porras\\\/#breadcrumb\"},\"inLanguage\":\"es\",\"potentialAction\":[{\"@type\":\"ReadAction\",\"target\":[\"https:\\\/\\\/fuentesfidedignas.com.mx\\\/index.php\\\/2023\\\/11\\\/07\\\/juan-de-dios-gamez-mendivil-no-tiene-equipo-de-trabajo-sadol-osorio-porras\\\/\"]}]},{\"@type\":\"ImageObject\",\"inLanguage\":\"es\",\"@id\":\"https:\\\/\\\/fuentesfidedignas.com.mx\\\/index.php\\\/2023\\\/11\\\/07\\\/juan-de-dios-gamez-mendivil-no-tiene-equipo-de-trabajo-sadol-osorio-porras\\\/#primaryimage\",\"url\":\"https:\\\/\\\/fuentesfidedignas.com.mx\\\/wp-content\\\/uploads\\\/2023\\\/11\\\/WhatsApp-Image-2023-11-07-at-11.33.14-AM.jpeg\",\"contentUrl\":\"https:\\\/\\\/fuentesfidedignas.com.mx\\\/wp-content\\\/uploads\\\/2023\\\/11\\\/WhatsApp-Image-2023-11-07-at-11.33.14-AM.jpeg\",\"width\":1024,\"height\":768},{\"@type\":\"BreadcrumbList\",\"@id\":\"https:\\\/\\\/fuentesfidedignas.com.mx\\\/index.php\\\/2023\\\/11\\\/07\\\/juan-de-dios-gamez-mendivil-no-tiene-equipo-de-trabajo-sadol-osorio-porras\\\/#breadcrumb\",\"itemListElement\":[{\"@type\":\"ListItem\",\"position\":1,\"name\":\"Inicio\",\"item\":\"https:\\\/\\\/fuentesfidedignas.com.mx\\\/\"},{\"@type\":\"ListItem\",\"position\":2,\"name\":\"Juan de Dios G\u00e1mez Mend\u00edvil no tiene equipo de trabajo: Sadol Osorio Porras\"}]},{\"@type\":\"WebSite\",\"@id\":\"https:\\\/\\\/fuentesfidedignas.com.mx\\\/#website\",\"url\":\"https:\\\/\\\/fuentesfidedignas.com.mx\\\/\",\"name\":\"Fuentes Fidedignas\",\"description\":\"Otro sitio realizado con WordPress\",\"publisher\":{\"@id\":\"https:\\\/\\\/fuentesfidedignas.com.mx\\\/#organization\"},\"potentialAction\":[{\"@type\":\"SearchAction\",\"target\":{\"@type\":\"EntryPoint\",\"urlTemplate\":\"https:\\\/\\\/fuentesfidedignas.com.mx\\\/?s={search_term_string}\"},\"query-input\":{\"@type\":\"PropertyValueSpecification\",\"valueRequired\":true,\"valueName\":\"search_term_string\"}}],\"inLanguage\":\"es\"},{\"@type\":\"Organization\",\"@id\":\"https:\\\/\\\/fuentesfidedignas.com.mx\\\/#organization\",\"name\":\"Fuentes Fidedignas\",\"url\":\"https:\\\/\\\/fuentesfidedignas.com.mx\\\/\",\"logo\":{\"@type\":\"ImageObject\",\"inLanguage\":\"es\",\"@id\":\"https:\\\/\\\/fuentesfidedignas.com.mx\\\/#\\\/schema\\\/logo\\\/image\\\/\",\"url\":\"https:\\\/\\\/fuentesfidedignas.com.mx\\\/wp-content\\\/uploads\\\/2021\\\/04\\\/logo-retina.png\",\"contentUrl\":\"https:\\\/\\\/fuentesfidedignas.com.mx\\\/wp-content\\\/uploads\\\/2021\\\/04\\\/logo-retina.png\",\"width\":280,\"height\":51,\"caption\":\"Fuentes Fidedignas\"},\"image\":{\"@id\":\"https:\\\/\\\/fuentesfidedignas.com.mx\\\/#\\\/schema\\\/logo\\\/image\\\/\"},\"sameAs\":[\"https:\\\/\\\/www.facebook.com\\\/Fuentes-Fidedignas-368234489921644\",\"https:\\\/\\\/x.com\\\/fidedignas\"]},{\"@type\":\"Person\",\"@id\":\"https:\\\/\\\/fuentesfidedignas.com.mx\\\/#\\\/schema\\\/person\\\/c77df25c00baae1d4fdc0340db6f364c\",\"name\":\"Leonardo Gutierrez\",\"image\":{\"@type\":\"ImageObject\",\"inLanguage\":\"es\",\"@id\":\"https:\\\/\\\/secure.gravatar.com\\\/avatar\\\/17b13a7a986cc98ca4d7337340bcac5945cbae677961c354aefb3c7962c8cc1f?s=96&d=mm&r=g\",\"url\":\"https:\\\/\\\/secure.gravatar.com\\\/avatar\\\/17b13a7a986cc98ca4d7337340bcac5945cbae677961c354aefb3c7962c8cc1f?s=96&d=mm&r=g\",\"contentUrl\":\"https:\\\/\\\/secure.gravatar.com\\\/avatar\\\/17b13a7a986cc98ca4d7337340bcac5945cbae677961c354aefb3c7962c8cc1f?s=96&d=mm&r=g\",\"caption\":\"Leonardo Gutierrez\"},\"url\":\"https:\\\/\\\/fuentesfidedignas.com.mx\\\/index.php\\\/author\\\/leonardogut\\\/\"}]}<\/script>\n<!-- \/ Yoast SEO plugin. -->","yoast_head_json":{"title":"Juan de Dios G\u00e1mez Mend\u00edvil no tiene equipo de trabajo: Sadol Osorio Porras - Fuentes Fidedignas","robots":{"index":"index","follow":"follow","max-snippet":"max-snippet:-1","max-image-preview":"max-image-preview:large","max-video-preview":"max-video-preview:-1"},"canonical":"https:\/\/fuentesfidedignas.com.mx\/index.php\/2023\/11\/07\/juan-de-dios-gamez-mendivil-no-tiene-equipo-de-trabajo-sadol-osorio-porras\/","og_locale":"es_MX","og_type":"article","og_title":"Juan de Dios G\u00e1mez Mend\u00edvil no tiene equipo de trabajo: Sadol Osorio Porras - Fuentes Fidedignas","og_description":"El regidor se\u00f1al\u00f3 que la probable salida del alcalde para buscar otro cargo, ser\u00eda un retroceso Culiac\u00e1n, Sin.- Juan de Dios G\u00e1mez Mend\u00edvil, presidente municipal de Culiac\u00e1n, le falta equipo de trabajo, pero en lo general ha tenido un avance considerable, sostuvo el regidor del PAN Sadol Osorio Porras, y consider\u00f3 que ser\u00eda un retroceso [&hellip;]","og_url":"https:\/\/fuentesfidedignas.com.mx\/index.php\/2023\/11\/07\/juan-de-dios-gamez-mendivil-no-tiene-equipo-de-trabajo-sadol-osorio-porras\/","og_site_name":"Fuentes Fidedignas","article_publisher":"https:\/\/www.facebook.com\/Fuentes-Fidedignas-368234489921644","article_published_time":"2023-11-07T18:58:50+00:00","article_modified_time":"2023-11-07T20:22:57+00:00","og_image":[{"width":1024,"height":768,"url":"https:\/\/fuentesfidedignas.com.mx\/wp-content\/uploads\/2023\/11\/WhatsApp-Image-2023-11-07-at-11.33.14-AM.jpeg","type":"image\/jpeg"}],"author":"Leonardo Gutierrez","twitter_card":"summary_large_image","twitter_creator":"@fidedignas","twitter_site":"@fidedignas","twitter_misc":{"Escrito por":"Leonardo Gutierrez","Tiempo de lectura":"2 minutos"},"schema":{"@context":"https:\/\/schema.org","@graph":[{"@type":"Article","@id":"https:\/\/fuentesfidedignas.com.mx\/index.php\/2023\/11\/07\/juan-de-dios-gamez-mendivil-no-tiene-equipo-de-trabajo-sadol-osorio-porras\/#article","isPartOf":{"@id":"https:\/\/fuentesfidedignas.com.mx\/index.php\/2023\/11\/07\/juan-de-dios-gamez-mendivil-no-tiene-equipo-de-trabajo-sadol-osorio-porras\/"},"author":{"name":"Leonardo Gutierrez","@id":"https:\/\/fuentesfidedignas.com.mx\/#\/schema\/person\/c77df25c00baae1d4fdc0340db6f364c"},"headline":"Juan de Dios G\u00e1mez Mend\u00edvil no tiene equipo de trabajo: Sadol Osorio Porras","datePublished":"2023-11-07T18:58:50+00:00","dateModified":"2023-11-07T20:22:57+00:00","mainEntityOfPage":{"@id":"https:\/\/fuentesfidedignas.com.mx\/index.php\/2023\/11\/07\/juan-de-dios-gamez-mendivil-no-tiene-equipo-de-trabajo-sadol-osorio-porras\/"},"wordCount":400,"commentCount":0,"publisher":{"@id":"https:\/\/fuentesfidedignas.com.mx\/#organization"},"image":{"@id":"https:\/\/fuentesfidedignas.com.mx\/index.php\/2023\/11\/07\/juan-de-dios-gamez-mendivil-no-tiene-equipo-de-trabajo-sadol-osorio-porras\/#primaryimage"},"thumbnailUrl":"https:\/\/fuentesfidedignas.com.mx\/wp-content\/uploads\/2023\/11\/WhatsApp-Image-2023-11-07-at-11.33.14-AM.jpeg","articleSection":["NOTA PRINCIPAL"],"inLanguage":"es","potentialAction":[{"@type":"CommentAction","name":"Comment","target":["https:\/\/fuentesfidedignas.com.mx\/index.php\/2023\/11\/07\/juan-de-dios-gamez-mendivil-no-tiene-equipo-de-trabajo-sadol-osorio-porras\/#respond"]}]},{"@type":"WebPage","@id":"https:\/\/fuentesfidedignas.com.mx\/index.php\/2023\/11\/07\/juan-de-dios-gamez-mendivil-no-tiene-equipo-de-trabajo-sadol-osorio-porras\/","url":"https:\/\/fuentesfidedignas.com.mx\/index.php\/2023\/11\/07\/juan-de-dios-gamez-mendivil-no-tiene-equipo-de-trabajo-sadol-osorio-porras\/","name":"Juan de Dios G\u00e1mez Mend\u00edvil no tiene equipo de trabajo: Sadol Osorio Porras - Fuentes Fidedignas","isPartOf":{"@id":"https:\/\/fuentesfidedignas.com.mx\/#website"},"primaryImageOfPage":{"@id":"https:\/\/fuentesfidedignas.com.mx\/index.php\/2023\/11\/07\/juan-de-dios-gamez-mendivil-no-tiene-equipo-de-trabajo-sadol-osorio-porras\/#primaryimage"},"image":{"@id":"https:\/\/fuentesfidedignas.com.mx\/index.php\/2023\/11\/07\/juan-de-dios-gamez-mendivil-no-tiene-equipo-de-trabajo-sadol-osorio-porras\/#primaryimage"},"thumbnailUrl":"https:\/\/fuentesfidedignas.com.mx\/wp-content\/uploads\/2023\/11\/WhatsApp-Image-2023-11-07-at-11.33.14-AM.jpeg","datePublished":"2023-11-07T18:58:50+00:00","dateModified":"2023-11-07T20:22:57+00:00","breadcrumb":{"@id":"https:\/\/fuentesfidedignas.com.mx\/index.php\/2023\/11\/07\/juan-de-dios-gamez-mendivil-no-tiene-equipo-de-trabajo-sadol-osorio-porras\/#breadcrumb"},"inLanguage":"es","potentialAction":[{"@type":"ReadAction","target":["https:\/\/fuentesfidedignas.com.mx\/index.php\/2023\/11\/07\/juan-de-dios-gamez-mendivil-no-tiene-equipo-de-trabajo-sadol-osorio-porras\/"]}]},{"@type":"ImageObject","inLanguage":"es","@id":"https:\/\/fuentesfidedignas.com.mx\/index.php\/2023\/11\/07\/juan-de-dios-gamez-mendivil-no-tiene-equipo-de-trabajo-sadol-osorio-porras\/#primaryimage","url":"https:\/\/fuentesfidedignas.com.mx\/wp-content\/uploads\/2023\/11\/WhatsApp-Image-2023-11-07-at-11.33.14-AM.jpeg","contentUrl":"https:\/\/fuentesfidedignas.com.mx\/wp-content\/uploads\/2023\/11\/WhatsApp-Image-2023-11-07-at-11.33.14-AM.jpeg","width":1024,"height":768},{"@type":"BreadcrumbList","@id":"https:\/\/fuentesfidedignas.com.mx\/index.php\/2023\/11\/07\/juan-de-dios-gamez-mendivil-no-tiene-equipo-de-trabajo-sadol-osorio-porras\/#breadcrumb","itemListElement":[{"@type":"ListItem","position":1,"name":"Inicio","item":"https:\/\/fuentesfidedignas.com.mx\/"},{"@type":"ListItem","position":2,"name":"Juan de Dios G\u00e1mez Mend\u00edvil no tiene equipo de trabajo: Sadol Osorio Porras"}]},{"@type":"WebSite","@id":"https:\/\/fuentesfidedignas.com.mx\/#website","url":"https:\/\/fuentesfidedignas.com.mx\/","name":"Fuentes Fidedignas","description":"Otro sitio realizado con WordPress","publisher":{"@id":"https:\/\/fuentesfidedignas.com.mx\/#organization"},"potentialAction":[{"@type":"SearchAction","target":{"@type":"EntryPoint","urlTemplate":"https:\/\/fuentesfidedignas.com.mx\/?s={search_term_string}"},"query-input":{"@type":"PropertyValueSpecification","valueRequired":true,"valueName":"search_term_string"}}],"inLanguage":"es"},{"@type":"Organization","@id":"https:\/\/fuentesfidedignas.com.mx\/#organization","name":"Fuentes Fidedignas","url":"https:\/\/fuentesfidedignas.com.mx\/","logo":{"@type":"ImageObject","inLanguage":"es","@id":"https:\/\/fuentesfidedignas.com.mx\/#\/schema\/logo\/image\/","url":"https:\/\/fuentesfidedignas.com.mx\/wp-content\/uploads\/2021\/04\/logo-retina.png","contentUrl":"https:\/\/fuentesfidedignas.com.mx\/wp-content\/uploads\/2021\/04\/logo-retina.png","width":280,"height":51,"caption":"Fuentes Fidedignas"},"image":{"@id":"https:\/\/fuentesfidedignas.com.mx\/#\/schema\/logo\/image\/"},"sameAs":["https:\/\/www.facebook.com\/Fuentes-Fidedignas-368234489921644","https:\/\/x.com\/fidedignas"]},{"@type":"Person","@id":"https:\/\/fuentesfidedignas.com.mx\/#\/schema\/person\/c77df25c00baae1d4fdc0340db6f364c","name":"Leonardo Gutierrez","image":{"@type":"ImageObject","inLanguage":"es","@id":"https:\/\/secure.gravatar.com\/avatar\/17b13a7a986cc98ca4d7337340bcac5945cbae677961c354aefb3c7962c8cc1f?s=96&d=mm&r=g","url":"https:\/\/secure.gravatar.com\/avatar\/17b13a7a986cc98ca4d7337340bcac5945cbae677961c354aefb3c7962c8cc1f?s=96&d=mm&r=g","contentUrl":"https:\/\/secure.gravatar.com\/avatar\/17b13a7a986cc98ca4d7337340bcac5945cbae677961c354aefb3c7962c8cc1f?s=96&d=mm&r=g","caption":"Leonardo Gutierrez"},"url":"https:\/\/fuentesfidedignas.com.mx\/index.php\/author\/leonardogut\/"}]}},"_links":{"self":[{"href":"https:\/\/fuentesfidedignas.com.mx\/index.php\/wp-json\/wp\/v2\/posts\/64940","targetHints":{"allow":["GET"]}}],"collection":[{"href":"https:\/\/fuentesfidedignas.com.mx\/index.php\/wp-json\/wp\/v2\/posts"}],"about":[{"href":"https:\/\/fuentesfidedignas.com.mx\/index.php\/wp-json\/wp\/v2\/types\/post"}],"author":[{"embeddable":true,"href":"https:\/\/fuentesfidedignas.com.mx\/index.php\/wp-json\/wp\/v2\/users\/112"}],"replies":[{"embeddable":true,"href":"https:\/\/fuentesfidedignas.com.mx\/index.php\/wp-json\/wp\/v2\/comments?post=64940"}],"version-history":[{"count":4,"href":"https:\/\/fuentesfidedignas.com.mx\/index.php\/wp-json\/wp\/v2\/posts\/64940\/revisions"}],"predecessor-version":[{"id":64954,"href":"https:\/\/fuentesfidedignas.com.mx\/index.php\/wp-json\/wp\/v2\/posts\/64940\/revisions\/64954"}],"wp:featuredmedia":[{"embeddable":true,"href":"https:\/\/fuentesfidedignas.com.mx\/index.php\/wp-json\/wp\/v2\/media\/64941"}],"wp:attachment":[{"href":"https:\/\/fuentesfidedignas.com.mx\/index.php\/wp-json\/wp\/v2\/media?parent=64940"}],"wp:term":[{"taxonomy":"category","embeddable":true,"href":"https:\/\/fuentesfidedignas.com.mx\/index.php\/wp-json\/wp\/v2\/categories?post=64940"},{"taxonomy":"post_tag","embeddable":true,"href":"https:\/\/fuentesfidedignas.com.mx\/index.php\/wp-json\/wp\/v2\/tags?post=64940"}],"curies":[{"name":"wp","href":"https:\/\/api.w.org\/{rel}","templated":true}]}}