{"id":649,"date":"2021-05-02T12:34:02","date_gmt":"2021-05-02T19:34:02","guid":{"rendered":"https:\/\/fuentesfidedignas.com.mx\/?p=649"},"modified":"2021-05-02T12:34:04","modified_gmt":"2021-05-02T19:34:04","slug":"mata-de-escopetazo-a-su-hermano-durante-fiesta-de-xv-anos","status":"publish","type":"post","link":"https:\/\/fuentesfidedignas.com.mx\/index.php\/2021\/05\/02\/mata-de-escopetazo-a-su-hermano-durante-fiesta-de-xv-anos\/","title":{"rendered":"Mata de escopetazo a su hermano durante fiesta de XV A\u00f1os"},"content":{"rendered":"\n<p><strong>El agresor ya fue detenido; asistentes al convivio alertaron que se registr\u00f3 una ri\u00f1a entre dos familiares<\/strong><\/p>\n\n\n\n<p>Quer\u00e9taro.- Con una escopeta, un sujeto asesin\u00f3 a su hermano durante una celebraci\u00f3n familiar de 15 a\u00f1os, informaron fuentes de seguridad p\u00fablica del estado de Quer\u00e9taro.<\/p>\n\n\n\n<p>Los hechos se registraron en la calle Mois\u00e9s Solano, de la comunidad de La Solana, en la delegaci\u00f3n Santa Rosa J\u00e1uregui, de la ciudad de Quer\u00e9taro.<\/p>\n\n\n\n<p>En ese punto, asistentes al convivio alertaron que se registr\u00f3 una ri\u00f1a entre dos familiares, la cual culmin\u00f3 cuando uno de los involucrados dispar\u00f3 con una escopeta contra su hermano.<\/p>\n\n\n\n<p>Al lugar acudi\u00f3 personal de Seguridad P\u00fablica y de los servicios de emergencia quienes ya nada pudieron hacer para salvar la vida a la v\u00edctima.<\/p>\n\n\n\n<p>Elementos policiales consumaron la detenci\u00f3n del presunto responsable quien fue trasladado ante la autoridad ministerial correspondiente para el deslinde de responsabilidades.<\/p>\n\n\n\n<p>Adem\u00e1s de este incidente, en la colonia Cerrito Colorado personal policial tuvo que intervenir por una ri\u00f1a entre conocidos quienes presentaron lesiones por quemaduras.<\/p>\n\n\n\n<p>En el lugar, tres menores de edad fueron puestos a resguardo de la direcci\u00f3n de Atenci\u00f3n a V\u00edctimas de Violencia familiar y de G\u00e9nero.<\/p>\n","protected":false},"excerpt":{"rendered":"<p>El agresor ya fue detenido; asistentes al convivio alertaron que se registr\u00f3 una ri\u00f1a entre dos familiares Quer\u00e9taro.- Con una escopeta, un sujeto asesin\u00f3 a su hermano durante una celebraci\u00f3n familiar de 15 a\u00f1os, informaron fuentes de seguridad p\u00fablica del estado de Quer\u00e9taro. Los hechos se registraron en la calle Mois\u00e9s Solano, de la comunidad [&hellip;]<\/p>\n","protected":false},"author":7,"featured_media":0,"comment_status":"open","ping_status":"open","sticky":false,"template":"","format":"standard","meta":{"tdm_status":"","tdm_grid_status":"","footnotes":""},"categories":[39],"tags":[],"class_list":{"0":"post-649","1":"post","2":"type-post","3":"status-publish","4":"format-standard","6":"category-noticias-nacionales"},"yoast_head":"<!-- This site is optimized with the Yoast SEO plugin v27.4 - https:\/\/yoast.com\/product\/yoast-seo-wordpress\/ -->\n<title>Mata de escopetazo a su hermano durante fiesta de XV A\u00f1os - Fuentes Fidedignas<\/title>\n<meta name=\"robots\" content=\"index, follow, max-snippet:-1, max-image-preview:large, max-video-preview:-1\" \/>\n<link rel=\"canonical\" href=\"https:\/\/fuentesfidedignas.com.mx\/index.php\/2021\/05\/02\/mata-de-escopetazo-a-su-hermano-durante-fiesta-de-xv-anos\/\" \/>\n<meta property=\"og:locale\" content=\"es_MX\" \/>\n<meta property=\"og:type\" content=\"article\" \/>\n<meta property=\"og:title\" content=\"Mata de escopetazo a su hermano durante fiesta de XV A\u00f1os - Fuentes Fidedignas\" \/>\n<meta property=\"og:description\" content=\"El agresor ya fue detenido; asistentes al convivio alertaron que se registr\u00f3 una ri\u00f1a entre dos familiares Quer\u00e9taro.- Con una escopeta, un sujeto asesin\u00f3 a su hermano durante una celebraci\u00f3n familiar de 15 a\u00f1os, informaron fuentes de seguridad p\u00fablica del estado de Quer\u00e9taro. Los hechos se registraron en la calle Mois\u00e9s Solano, de la comunidad [&hellip;]\" \/>\n<meta property=\"og:url\" content=\"https:\/\/fuentesfidedignas.com.mx\/index.php\/2021\/05\/02\/mata-de-escopetazo-a-su-hermano-durante-fiesta-de-xv-anos\/\" \/>\n<meta property=\"og:site_name\" content=\"Fuentes Fidedignas\" \/>\n<meta property=\"article:publisher\" content=\"https:\/\/www.facebook.com\/Fuentes-Fidedignas-368234489921644\" \/>\n<meta property=\"article:published_time\" content=\"2021-05-02T19:34:02+00:00\" \/>\n<meta property=\"article:modified_time\" content=\"2021-05-02T19:34:04+00:00\" \/>\n<meta property=\"og:image\" content=\"https:\/\/fuentesfidedignas.com.mx\/wp-content\/uploads\/2021\/05\/xv.jpg\" \/>\n\t<meta property=\"og:image:width\" content=\"800\" \/>\n\t<meta property=\"og:image:height\" content=\"600\" \/>\n\t<meta property=\"og:image:type\" content=\"image\/jpeg\" \/>\n<meta name=\"author\" content=\"Exc\u00e9lsior\" \/>\n<meta name=\"twitter:card\" content=\"summary_large_image\" \/>\n<meta name=\"twitter:creator\" content=\"@fidedignas\" \/>\n<meta name=\"twitter:site\" content=\"@fidedignas\" \/>\n<meta name=\"twitter:label1\" content=\"Escrito por\" \/>\n\t<meta name=\"twitter:data1\" content=\"Exc\u00e9lsior\" \/>\n\t<meta name=\"twitter:label2\" content=\"Tiempo de lectura\" \/>\n\t<meta name=\"twitter:data2\" content=\"1 minuto\" \/>\n<script type=\"application\/ld+json\" class=\"yoast-schema-graph\">{\"@context\":\"https:\\\/\\\/schema.org\",\"@graph\":[{\"@type\":\"Article\",\"@id\":\"https:\\\/\\\/fuentesfidedignas.com.mx\\\/index.php\\\/2021\\\/05\\\/02\\\/mata-de-escopetazo-a-su-hermano-durante-fiesta-de-xv-anos\\\/#article\",\"isPartOf\":{\"@id\":\"https:\\\/\\\/fuentesfidedignas.com.mx\\\/index.php\\\/2021\\\/05\\\/02\\\/mata-de-escopetazo-a-su-hermano-durante-fiesta-de-xv-anos\\\/\"},\"author\":{\"name\":\"Exc\u00e9lsior\",\"@id\":\"https:\\\/\\\/fuentesfidedignas.com.mx\\\/#\\\/schema\\\/person\\\/ec4edd1fbf5efa3e44fce34fe2787780\"},\"headline\":\"Mata de escopetazo a su hermano durante fiesta de XV A\u00f1os\",\"datePublished\":\"2021-05-02T19:34:02+00:00\",\"dateModified\":\"2021-05-02T19:34:04+00:00\",\"mainEntityOfPage\":{\"@id\":\"https:\\\/\\\/fuentesfidedignas.com.mx\\\/index.php\\\/2021\\\/05\\\/02\\\/mata-de-escopetazo-a-su-hermano-durante-fiesta-de-xv-anos\\\/\"},\"wordCount\":225,\"commentCount\":0,\"publisher\":{\"@id\":\"https:\\\/\\\/fuentesfidedignas.com.mx\\\/#organization\"},\"articleSection\":[\"NOTICIAS NACIONALES\"],\"inLanguage\":\"es\",\"potentialAction\":[{\"@type\":\"CommentAction\",\"name\":\"Comment\",\"target\":[\"https:\\\/\\\/fuentesfidedignas.com.mx\\\/index.php\\\/2021\\\/05\\\/02\\\/mata-de-escopetazo-a-su-hermano-durante-fiesta-de-xv-anos\\\/#respond\"]}]},{\"@type\":\"WebPage\",\"@id\":\"https:\\\/\\\/fuentesfidedignas.com.mx\\\/index.php\\\/2021\\\/05\\\/02\\\/mata-de-escopetazo-a-su-hermano-durante-fiesta-de-xv-anos\\\/\",\"url\":\"https:\\\/\\\/fuentesfidedignas.com.mx\\\/index.php\\\/2021\\\/05\\\/02\\\/mata-de-escopetazo-a-su-hermano-durante-fiesta-de-xv-anos\\\/\",\"name\":\"Mata de escopetazo a su hermano durante fiesta de XV A\u00f1os - Fuentes Fidedignas\",\"isPartOf\":{\"@id\":\"https:\\\/\\\/fuentesfidedignas.com.mx\\\/#website\"},\"datePublished\":\"2021-05-02T19:34:02+00:00\",\"dateModified\":\"2021-05-02T19:34:04+00:00\",\"breadcrumb\":{\"@id\":\"https:\\\/\\\/fuentesfidedignas.com.mx\\\/index.php\\\/2021\\\/05\\\/02\\\/mata-de-escopetazo-a-su-hermano-durante-fiesta-de-xv-anos\\\/#breadcrumb\"},\"inLanguage\":\"es\",\"potentialAction\":[{\"@type\":\"ReadAction\",\"target\":[\"https:\\\/\\\/fuentesfidedignas.com.mx\\\/index.php\\\/2021\\\/05\\\/02\\\/mata-de-escopetazo-a-su-hermano-durante-fiesta-de-xv-anos\\\/\"]}]},{\"@type\":\"BreadcrumbList\",\"@id\":\"https:\\\/\\\/fuentesfidedignas.com.mx\\\/index.php\\\/2021\\\/05\\\/02\\\/mata-de-escopetazo-a-su-hermano-durante-fiesta-de-xv-anos\\\/#breadcrumb\",\"itemListElement\":[{\"@type\":\"ListItem\",\"position\":1,\"name\":\"Inicio\",\"item\":\"https:\\\/\\\/fuentesfidedignas.com.mx\\\/\"},{\"@type\":\"ListItem\",\"position\":2,\"name\":\"Mata de escopetazo a su hermano durante fiesta de XV A\u00f1os\"}]},{\"@type\":\"WebSite\",\"@id\":\"https:\\\/\\\/fuentesfidedignas.com.mx\\\/#website\",\"url\":\"https:\\\/\\\/fuentesfidedignas.com.mx\\\/\",\"name\":\"Fuentes Fidedignas\",\"description\":\"Otro sitio realizado con WordPress\",\"publisher\":{\"@id\":\"https:\\\/\\\/fuentesfidedignas.com.mx\\\/#organization\"},\"potentialAction\":[{\"@type\":\"SearchAction\",\"target\":{\"@type\":\"EntryPoint\",\"urlTemplate\":\"https:\\\/\\\/fuentesfidedignas.com.mx\\\/?s={search_term_string}\"},\"query-input\":{\"@type\":\"PropertyValueSpecification\",\"valueRequired\":true,\"valueName\":\"search_term_string\"}}],\"inLanguage\":\"es\"},{\"@type\":\"Organization\",\"@id\":\"https:\\\/\\\/fuentesfidedignas.com.mx\\\/#organization\",\"name\":\"Fuentes Fidedignas\",\"url\":\"https:\\\/\\\/fuentesfidedignas.com.mx\\\/\",\"logo\":{\"@type\":\"ImageObject\",\"inLanguage\":\"es\",\"@id\":\"https:\\\/\\\/fuentesfidedignas.com.mx\\\/#\\\/schema\\\/logo\\\/image\\\/\",\"url\":\"https:\\\/\\\/fuentesfidedignas.com.mx\\\/wp-content\\\/uploads\\\/2021\\\/04\\\/logo-retina.png\",\"contentUrl\":\"https:\\\/\\\/fuentesfidedignas.com.mx\\\/wp-content\\\/uploads\\\/2021\\\/04\\\/logo-retina.png\",\"width\":280,\"height\":51,\"caption\":\"Fuentes Fidedignas\"},\"image\":{\"@id\":\"https:\\\/\\\/fuentesfidedignas.com.mx\\\/#\\\/schema\\\/logo\\\/image\\\/\"},\"sameAs\":[\"https:\\\/\\\/www.facebook.com\\\/Fuentes-Fidedignas-368234489921644\",\"https:\\\/\\\/x.com\\\/fidedignas\"]},{\"@type\":\"Person\",\"@id\":\"https:\\\/\\\/fuentesfidedignas.com.mx\\\/#\\\/schema\\\/person\\\/ec4edd1fbf5efa3e44fce34fe2787780\",\"name\":\"Exc\u00e9lsior\",\"image\":{\"@type\":\"ImageObject\",\"inLanguage\":\"es\",\"@id\":\"https:\\\/\\\/secure.gravatar.com\\\/avatar\\\/4b7ee9206b48be08447852b3f0814dbc7c0f3b51541b164f1464a2725614020b?s=96&d=mm&r=g\",\"url\":\"https:\\\/\\\/secure.gravatar.com\\\/avatar\\\/4b7ee9206b48be08447852b3f0814dbc7c0f3b51541b164f1464a2725614020b?s=96&d=mm&r=g\",\"contentUrl\":\"https:\\\/\\\/secure.gravatar.com\\\/avatar\\\/4b7ee9206b48be08447852b3f0814dbc7c0f3b51541b164f1464a2725614020b?s=96&d=mm&r=g\",\"caption\":\"Exc\u00e9lsior\"},\"url\":\"https:\\\/\\\/fuentesfidedignas.com.mx\\\/index.php\\\/author\\\/excelsior\\\/\"}]}<\/script>\n<!-- \/ Yoast SEO plugin. -->","yoast_head_json":{"title":"Mata de escopetazo a su hermano durante fiesta de XV A\u00f1os - Fuentes Fidedignas","robots":{"index":"index","follow":"follow","max-snippet":"max-snippet:-1","max-image-preview":"max-image-preview:large","max-video-preview":"max-video-preview:-1"},"canonical":"https:\/\/fuentesfidedignas.com.mx\/index.php\/2021\/05\/02\/mata-de-escopetazo-a-su-hermano-durante-fiesta-de-xv-anos\/","og_locale":"es_MX","og_type":"article","og_title":"Mata de escopetazo a su hermano durante fiesta de XV A\u00f1os - Fuentes Fidedignas","og_description":"El agresor ya fue detenido; asistentes al convivio alertaron que se registr\u00f3 una ri\u00f1a entre dos familiares Quer\u00e9taro.- Con una escopeta, un sujeto asesin\u00f3 a su hermano durante una celebraci\u00f3n familiar de 15 a\u00f1os, informaron fuentes de seguridad p\u00fablica del estado de Quer\u00e9taro. Los hechos se registraron en la calle Mois\u00e9s Solano, de la comunidad [&hellip;]","og_url":"https:\/\/fuentesfidedignas.com.mx\/index.php\/2021\/05\/02\/mata-de-escopetazo-a-su-hermano-durante-fiesta-de-xv-anos\/","og_site_name":"Fuentes Fidedignas","article_publisher":"https:\/\/www.facebook.com\/Fuentes-Fidedignas-368234489921644","article_published_time":"2021-05-02T19:34:02+00:00","article_modified_time":"2021-05-02T19:34:04+00:00","og_image":[{"width":800,"height":600,"url":"https:\/\/fuentesfidedignas.com.mx\/wp-content\/uploads\/2021\/05\/xv.jpg","type":"image\/jpeg"}],"author":"Exc\u00e9lsior","twitter_card":"summary_large_image","twitter_creator":"@fidedignas","twitter_site":"@fidedignas","twitter_misc":{"Escrito por":"Exc\u00e9lsior","Tiempo de lectura":"1 minuto"},"schema":{"@context":"https:\/\/schema.org","@graph":[{"@type":"Article","@id":"https:\/\/fuentesfidedignas.com.mx\/index.php\/2021\/05\/02\/mata-de-escopetazo-a-su-hermano-durante-fiesta-de-xv-anos\/#article","isPartOf":{"@id":"https:\/\/fuentesfidedignas.com.mx\/index.php\/2021\/05\/02\/mata-de-escopetazo-a-su-hermano-durante-fiesta-de-xv-anos\/"},"author":{"name":"Exc\u00e9lsior","@id":"https:\/\/fuentesfidedignas.com.mx\/#\/schema\/person\/ec4edd1fbf5efa3e44fce34fe2787780"},"headline":"Mata de escopetazo a su hermano durante fiesta de XV A\u00f1os","datePublished":"2021-05-02T19:34:02+00:00","dateModified":"2021-05-02T19:34:04+00:00","mainEntityOfPage":{"@id":"https:\/\/fuentesfidedignas.com.mx\/index.php\/2021\/05\/02\/mata-de-escopetazo-a-su-hermano-durante-fiesta-de-xv-anos\/"},"wordCount":225,"commentCount":0,"publisher":{"@id":"https:\/\/fuentesfidedignas.com.mx\/#organization"},"articleSection":["NOTICIAS NACIONALES"],"inLanguage":"es","potentialAction":[{"@type":"CommentAction","name":"Comment","target":["https:\/\/fuentesfidedignas.com.mx\/index.php\/2021\/05\/02\/mata-de-escopetazo-a-su-hermano-durante-fiesta-de-xv-anos\/#respond"]}]},{"@type":"WebPage","@id":"https:\/\/fuentesfidedignas.com.mx\/index.php\/2021\/05\/02\/mata-de-escopetazo-a-su-hermano-durante-fiesta-de-xv-anos\/","url":"https:\/\/fuentesfidedignas.com.mx\/index.php\/2021\/05\/02\/mata-de-escopetazo-a-su-hermano-durante-fiesta-de-xv-anos\/","name":"Mata de escopetazo a su hermano durante fiesta de XV A\u00f1os - Fuentes Fidedignas","isPartOf":{"@id":"https:\/\/fuentesfidedignas.com.mx\/#website"},"datePublished":"2021-05-02T19:34:02+00:00","dateModified":"2021-05-02T19:34:04+00:00","breadcrumb":{"@id":"https:\/\/fuentesfidedignas.com.mx\/index.php\/2021\/05\/02\/mata-de-escopetazo-a-su-hermano-durante-fiesta-de-xv-anos\/#breadcrumb"},"inLanguage":"es","potentialAction":[{"@type":"ReadAction","target":["https:\/\/fuentesfidedignas.com.mx\/index.php\/2021\/05\/02\/mata-de-escopetazo-a-su-hermano-durante-fiesta-de-xv-anos\/"]}]},{"@type":"BreadcrumbList","@id":"https:\/\/fuentesfidedignas.com.mx\/index.php\/2021\/05\/02\/mata-de-escopetazo-a-su-hermano-durante-fiesta-de-xv-anos\/#breadcrumb","itemListElement":[{"@type":"ListItem","position":1,"name":"Inicio","item":"https:\/\/fuentesfidedignas.com.mx\/"},{"@type":"ListItem","position":2,"name":"Mata de escopetazo a su hermano durante fiesta de XV A\u00f1os"}]},{"@type":"WebSite","@id":"https:\/\/fuentesfidedignas.com.mx\/#website","url":"https:\/\/fuentesfidedignas.com.mx\/","name":"Fuentes Fidedignas","description":"Otro sitio realizado con WordPress","publisher":{"@id":"https:\/\/fuentesfidedignas.com.mx\/#organization"},"potentialAction":[{"@type":"SearchAction","target":{"@type":"EntryPoint","urlTemplate":"https:\/\/fuentesfidedignas.com.mx\/?s={search_term_string}"},"query-input":{"@type":"PropertyValueSpecification","valueRequired":true,"valueName":"search_term_string"}}],"inLanguage":"es"},{"@type":"Organization","@id":"https:\/\/fuentesfidedignas.com.mx\/#organization","name":"Fuentes Fidedignas","url":"https:\/\/fuentesfidedignas.com.mx\/","logo":{"@type":"ImageObject","inLanguage":"es","@id":"https:\/\/fuentesfidedignas.com.mx\/#\/schema\/logo\/image\/","url":"https:\/\/fuentesfidedignas.com.mx\/wp-content\/uploads\/2021\/04\/logo-retina.png","contentUrl":"https:\/\/fuentesfidedignas.com.mx\/wp-content\/uploads\/2021\/04\/logo-retina.png","width":280,"height":51,"caption":"Fuentes Fidedignas"},"image":{"@id":"https:\/\/fuentesfidedignas.com.mx\/#\/schema\/logo\/image\/"},"sameAs":["https:\/\/www.facebook.com\/Fuentes-Fidedignas-368234489921644","https:\/\/x.com\/fidedignas"]},{"@type":"Person","@id":"https:\/\/fuentesfidedignas.com.mx\/#\/schema\/person\/ec4edd1fbf5efa3e44fce34fe2787780","name":"Exc\u00e9lsior","image":{"@type":"ImageObject","inLanguage":"es","@id":"https:\/\/secure.gravatar.com\/avatar\/4b7ee9206b48be08447852b3f0814dbc7c0f3b51541b164f1464a2725614020b?s=96&d=mm&r=g","url":"https:\/\/secure.gravatar.com\/avatar\/4b7ee9206b48be08447852b3f0814dbc7c0f3b51541b164f1464a2725614020b?s=96&d=mm&r=g","contentUrl":"https:\/\/secure.gravatar.com\/avatar\/4b7ee9206b48be08447852b3f0814dbc7c0f3b51541b164f1464a2725614020b?s=96&d=mm&r=g","caption":"Exc\u00e9lsior"},"url":"https:\/\/fuentesfidedignas.com.mx\/index.php\/author\/excelsior\/"}]}},"_links":{"self":[{"href":"https:\/\/fuentesfidedignas.com.mx\/index.php\/wp-json\/wp\/v2\/posts\/649","targetHints":{"allow":["GET"]}}],"collection":[{"href":"https:\/\/fuentesfidedignas.com.mx\/index.php\/wp-json\/wp\/v2\/posts"}],"about":[{"href":"https:\/\/fuentesfidedignas.com.mx\/index.php\/wp-json\/wp\/v2\/types\/post"}],"author":[{"embeddable":true,"href":"https:\/\/fuentesfidedignas.com.mx\/index.php\/wp-json\/wp\/v2\/users\/7"}],"replies":[{"embeddable":true,"href":"https:\/\/fuentesfidedignas.com.mx\/index.php\/wp-json\/wp\/v2\/comments?post=649"}],"version-history":[{"count":1,"href":"https:\/\/fuentesfidedignas.com.mx\/index.php\/wp-json\/wp\/v2\/posts\/649\/revisions"}],"predecessor-version":[{"id":651,"href":"https:\/\/fuentesfidedignas.com.mx\/index.php\/wp-json\/wp\/v2\/posts\/649\/revisions\/651"}],"wp:attachment":[{"href":"https:\/\/fuentesfidedignas.com.mx\/index.php\/wp-json\/wp\/v2\/media?parent=649"}],"wp:term":[{"taxonomy":"category","embeddable":true,"href":"https:\/\/fuentesfidedignas.com.mx\/index.php\/wp-json\/wp\/v2\/categories?post=649"},{"taxonomy":"post_tag","embeddable":true,"href":"https:\/\/fuentesfidedignas.com.mx\/index.php\/wp-json\/wp\/v2\/tags?post=649"}],"curies":[{"name":"wp","href":"https:\/\/api.w.org\/{rel}","templated":true}]}}