{"id":64854,"date":"2023-11-06T15:49:00","date_gmt":"2023-11-06T22:49:00","guid":{"rendered":"https:\/\/fuentesfidedignas.com.mx\/?p=64854"},"modified":"2023-11-06T17:15:51","modified_gmt":"2023-11-07T00:15:51","slug":"reactivan-la-ruta-de-camiones-lomita-vallado","status":"publish","type":"post","link":"https:\/\/fuentesfidedignas.com.mx\/index.php\/2023\/11\/06\/reactivan-la-ruta-de-camiones-lomita-vallado\/","title":{"rendered":"Reactivan la ruta de camiones Lomita-Vallado en Culiac\u00e1n"},"content":{"rendered":"\n<p><strong><em>Se invirti\u00f3 9 millones de pesos en ocho autobuses, de un total de 16 unidades que circular\u00e1n en el mediano plazo.<\/em><\/strong><\/p>\n\n\n\n<p>Culiac\u00e1n, Sin.- El director de Vialidad y Transportes de Sinaloa, Miguel Loaiza P\u00e9rez dio el banderazo de salida de 8 autobuses para la reactivaci\u00f3n de la ruta Lomita-Vallado, con lo que se acelera el proceso de restablecimiento del servicio de transporte urbano en varias rutas pr\u00e1cticamente suspendidas debido al golpe financiero que signific\u00f3 la pandemia.<\/p>\n\n\n\n<p>En un acto celebrado en la colonia Infonavit Barrancos, en su intervenci\u00f3n, el funcionario dio la bienvenida al esfuerzo de inversi\u00f3n realizado por la empresa Grupo TEBSA Transportes y anunci\u00f3 que en breve ser\u00e1n reactivadas otras rutas de la ciudad de Culiac\u00e1n que quedaron pr\u00e1cticamente paralizadas por la ca\u00edda s\u00fabita de pasajeros y el golpe financiero ocasionado por la pandemia de COVID.<\/p>\n\n\n\n<p>Junto a Loaiza P\u00e9rez estuvo en el evento el director de la empresa TEBSA, David Boj\u00f3rquez, qui\u00e9n explic\u00f3 a los colonos y a los medios de comunicaci\u00f3n que en el arranque de la Lomita-Vallado la sociedad que representa invirti\u00f3 9 millones de pesos en ocho autobuses, de un total de 16 unidades que circular\u00e1n en el mediano plazo.<\/p>\n\n\n\n<p>El empresario explic\u00f3 que la ruta operar\u00e1 con conductores debidamente capacitados y unidades dotadas de tecnolog\u00eda de punta en materia de seguridad, sobre todo c\u00e1maras de videograbaci\u00f3n conectadas permanentemente al sistema C4.<\/p>\n\n\n\n<p>Tambi\u00e9n asistieron al acto de banderazo el mayor V\u00edctor Antonio Cisneros, director del Sistema C4; el presidente de la Federaci\u00f3n de Autotransportistas de Sinaloa ,Joel Camacho Gonz\u00e1lez; el presidente de la Alianza de Permisionarios Urbanos y Suburbanos de Culiac\u00e1n, Manuel Mend\u00edvil, y la subdirectora de Vialidad, Velina Medina Palazuelos, entre otros invitados especiales.<\/p>\n","protected":false},"excerpt":{"rendered":"<p>Se invirti\u00f3 9 millones de pesos en ocho autobuses, de un total de 16 unidades que circular\u00e1n en el mediano plazo. Culiac\u00e1n, Sin.- El director de Vialidad y Transportes de Sinaloa, Miguel Loaiza P\u00e9rez dio el banderazo de salida de 8 autobuses para la reactivaci\u00f3n de la ruta Lomita-Vallado, con lo que se acelera el [&hellip;]<\/p>\n","protected":false},"author":4,"featured_media":64856,"comment_status":"open","ping_status":"open","sticky":false,"template":"","format":"standard","meta":{"tdm_status":"","tdm_grid_status":"","footnotes":""},"categories":[38,1],"tags":[],"class_list":{"0":"post-64854","1":"post","2":"type-post","3":"status-publish","4":"format-standard","5":"has-post-thumbnail","7":"category-noticias-locales","8":"category-sin-categoria"},"yoast_head":"<!-- This site is optimized with the Yoast SEO plugin v27.5 - https:\/\/yoast.com\/product\/yoast-seo-wordpress\/ -->\n<title>Reactivan la ruta de camiones Lomita-Vallado en Culiac\u00e1n - Fuentes Fidedignas<\/title>\n<meta name=\"robots\" content=\"index, follow, max-snippet:-1, max-image-preview:large, max-video-preview:-1\" \/>\n<link rel=\"canonical\" href=\"https:\/\/fuentesfidedignas.com.mx\/index.php\/2023\/11\/06\/reactivan-la-ruta-de-camiones-lomita-vallado\/\" \/>\n<meta property=\"og:locale\" content=\"es_MX\" \/>\n<meta property=\"og:type\" content=\"article\" \/>\n<meta property=\"og:title\" content=\"Reactivan la ruta de camiones Lomita-Vallado en Culiac\u00e1n - Fuentes Fidedignas\" \/>\n<meta property=\"og:description\" content=\"Se invirti\u00f3 9 millones de pesos en ocho autobuses, de un total de 16 unidades que circular\u00e1n en el mediano plazo. Culiac\u00e1n, Sin.- El director de Vialidad y Transportes de Sinaloa, Miguel Loaiza P\u00e9rez dio el banderazo de salida de 8 autobuses para la reactivaci\u00f3n de la ruta Lomita-Vallado, con lo que se acelera el [&hellip;]\" \/>\n<meta property=\"og:url\" content=\"https:\/\/fuentesfidedignas.com.mx\/index.php\/2023\/11\/06\/reactivan-la-ruta-de-camiones-lomita-vallado\/\" \/>\n<meta property=\"og:site_name\" content=\"Fuentes Fidedignas\" \/>\n<meta property=\"article:publisher\" content=\"https:\/\/www.facebook.com\/Fuentes-Fidedignas-368234489921644\" \/>\n<meta property=\"article:published_time\" content=\"2023-11-06T22:49:00+00:00\" \/>\n<meta property=\"article:modified_time\" content=\"2023-11-07T00:15:51+00:00\" \/>\n<meta property=\"og:image\" content=\"https:\/\/fuentesfidedignas.com.mx\/wp-content\/uploads\/2023\/11\/IMG-20231106-WA0025.jpg\" \/>\n\t<meta property=\"og:image:width\" content=\"1599\" \/>\n\t<meta property=\"og:image:height\" content=\"1238\" \/>\n\t<meta property=\"og:image:type\" content=\"image\/jpeg\" \/>\n<meta name=\"author\" content=\"Redacci\u00f3n\" \/>\n<meta name=\"twitter:card\" content=\"summary_large_image\" \/>\n<meta name=\"twitter:creator\" content=\"@fidedignas\" \/>\n<meta name=\"twitter:site\" content=\"@fidedignas\" \/>\n<meta name=\"twitter:label1\" content=\"Escrito por\" \/>\n\t<meta name=\"twitter:data1\" content=\"Redacci\u00f3n\" \/>\n\t<meta name=\"twitter:label2\" content=\"Tiempo de lectura\" \/>\n\t<meta name=\"twitter:data2\" content=\"2 minutos\" \/>\n<script type=\"application\/ld+json\" class=\"yoast-schema-graph\">{\"@context\":\"https:\\\/\\\/schema.org\",\"@graph\":[{\"@type\":\"Article\",\"@id\":\"https:\\\/\\\/fuentesfidedignas.com.mx\\\/index.php\\\/2023\\\/11\\\/06\\\/reactivan-la-ruta-de-camiones-lomita-vallado\\\/#article\",\"isPartOf\":{\"@id\":\"https:\\\/\\\/fuentesfidedignas.com.mx\\\/index.php\\\/2023\\\/11\\\/06\\\/reactivan-la-ruta-de-camiones-lomita-vallado\\\/\"},\"author\":{\"name\":\"Redacci\u00f3n\",\"@id\":\"https:\\\/\\\/fuentesfidedignas.com.mx\\\/#\\\/schema\\\/person\\\/331be9283d37198e2acd5750279085b0\"},\"headline\":\"Reactivan la ruta de camiones Lomita-Vallado en Culiac\u00e1n\",\"datePublished\":\"2023-11-06T22:49:00+00:00\",\"dateModified\":\"2023-11-07T00:15:51+00:00\",\"mainEntityOfPage\":{\"@id\":\"https:\\\/\\\/fuentesfidedignas.com.mx\\\/index.php\\\/2023\\\/11\\\/06\\\/reactivan-la-ruta-de-camiones-lomita-vallado\\\/\"},\"wordCount\":312,\"commentCount\":0,\"publisher\":{\"@id\":\"https:\\\/\\\/fuentesfidedignas.com.mx\\\/#organization\"},\"image\":{\"@id\":\"https:\\\/\\\/fuentesfidedignas.com.mx\\\/index.php\\\/2023\\\/11\\\/06\\\/reactivan-la-ruta-de-camiones-lomita-vallado\\\/#primaryimage\"},\"thumbnailUrl\":\"https:\\\/\\\/fuentesfidedignas.com.mx\\\/wp-content\\\/uploads\\\/2023\\\/11\\\/IMG-20231106-WA0025.jpg\",\"articleSection\":[\"NOTICIAS LOCALES\"],\"inLanguage\":\"es\",\"potentialAction\":[{\"@type\":\"CommentAction\",\"name\":\"Comment\",\"target\":[\"https:\\\/\\\/fuentesfidedignas.com.mx\\\/index.php\\\/2023\\\/11\\\/06\\\/reactivan-la-ruta-de-camiones-lomita-vallado\\\/#respond\"]}]},{\"@type\":\"WebPage\",\"@id\":\"https:\\\/\\\/fuentesfidedignas.com.mx\\\/index.php\\\/2023\\\/11\\\/06\\\/reactivan-la-ruta-de-camiones-lomita-vallado\\\/\",\"url\":\"https:\\\/\\\/fuentesfidedignas.com.mx\\\/index.php\\\/2023\\\/11\\\/06\\\/reactivan-la-ruta-de-camiones-lomita-vallado\\\/\",\"name\":\"Reactivan la ruta de camiones Lomita-Vallado en Culiac\u00e1n - Fuentes Fidedignas\",\"isPartOf\":{\"@id\":\"https:\\\/\\\/fuentesfidedignas.com.mx\\\/#website\"},\"primaryImageOfPage\":{\"@id\":\"https:\\\/\\\/fuentesfidedignas.com.mx\\\/index.php\\\/2023\\\/11\\\/06\\\/reactivan-la-ruta-de-camiones-lomita-vallado\\\/#primaryimage\"},\"image\":{\"@id\":\"https:\\\/\\\/fuentesfidedignas.com.mx\\\/index.php\\\/2023\\\/11\\\/06\\\/reactivan-la-ruta-de-camiones-lomita-vallado\\\/#primaryimage\"},\"thumbnailUrl\":\"https:\\\/\\\/fuentesfidedignas.com.mx\\\/wp-content\\\/uploads\\\/2023\\\/11\\\/IMG-20231106-WA0025.jpg\",\"datePublished\":\"2023-11-06T22:49:00+00:00\",\"dateModified\":\"2023-11-07T00:15:51+00:00\",\"breadcrumb\":{\"@id\":\"https:\\\/\\\/fuentesfidedignas.com.mx\\\/index.php\\\/2023\\\/11\\\/06\\\/reactivan-la-ruta-de-camiones-lomita-vallado\\\/#breadcrumb\"},\"inLanguage\":\"es\",\"potentialAction\":[{\"@type\":\"ReadAction\",\"target\":[\"https:\\\/\\\/fuentesfidedignas.com.mx\\\/index.php\\\/2023\\\/11\\\/06\\\/reactivan-la-ruta-de-camiones-lomita-vallado\\\/\"]}]},{\"@type\":\"ImageObject\",\"inLanguage\":\"es\",\"@id\":\"https:\\\/\\\/fuentesfidedignas.com.mx\\\/index.php\\\/2023\\\/11\\\/06\\\/reactivan-la-ruta-de-camiones-lomita-vallado\\\/#primaryimage\",\"url\":\"https:\\\/\\\/fuentesfidedignas.com.mx\\\/wp-content\\\/uploads\\\/2023\\\/11\\\/IMG-20231106-WA0025.jpg\",\"contentUrl\":\"https:\\\/\\\/fuentesfidedignas.com.mx\\\/wp-content\\\/uploads\\\/2023\\\/11\\\/IMG-20231106-WA0025.jpg\",\"width\":1599,\"height\":1238},{\"@type\":\"BreadcrumbList\",\"@id\":\"https:\\\/\\\/fuentesfidedignas.com.mx\\\/index.php\\\/2023\\\/11\\\/06\\\/reactivan-la-ruta-de-camiones-lomita-vallado\\\/#breadcrumb\",\"itemListElement\":[{\"@type\":\"ListItem\",\"position\":1,\"name\":\"Inicio\",\"item\":\"https:\\\/\\\/fuentesfidedignas.com.mx\\\/\"},{\"@type\":\"ListItem\",\"position\":2,\"name\":\"Reactivan la ruta de camiones Lomita-Vallado en Culiac\u00e1n\"}]},{\"@type\":\"WebSite\",\"@id\":\"https:\\\/\\\/fuentesfidedignas.com.mx\\\/#website\",\"url\":\"https:\\\/\\\/fuentesfidedignas.com.mx\\\/\",\"name\":\"Fuentes Fidedignas\",\"description\":\"Otro sitio realizado con WordPress\",\"publisher\":{\"@id\":\"https:\\\/\\\/fuentesfidedignas.com.mx\\\/#organization\"},\"potentialAction\":[{\"@type\":\"SearchAction\",\"target\":{\"@type\":\"EntryPoint\",\"urlTemplate\":\"https:\\\/\\\/fuentesfidedignas.com.mx\\\/?s={search_term_string}\"},\"query-input\":{\"@type\":\"PropertyValueSpecification\",\"valueRequired\":true,\"valueName\":\"search_term_string\"}}],\"inLanguage\":\"es\"},{\"@type\":\"Organization\",\"@id\":\"https:\\\/\\\/fuentesfidedignas.com.mx\\\/#organization\",\"name\":\"Fuentes Fidedignas\",\"url\":\"https:\\\/\\\/fuentesfidedignas.com.mx\\\/\",\"logo\":{\"@type\":\"ImageObject\",\"inLanguage\":\"es\",\"@id\":\"https:\\\/\\\/fuentesfidedignas.com.mx\\\/#\\\/schema\\\/logo\\\/image\\\/\",\"url\":\"https:\\\/\\\/fuentesfidedignas.com.mx\\\/wp-content\\\/uploads\\\/2021\\\/04\\\/logo-retina.png\",\"contentUrl\":\"https:\\\/\\\/fuentesfidedignas.com.mx\\\/wp-content\\\/uploads\\\/2021\\\/04\\\/logo-retina.png\",\"width\":280,\"height\":51,\"caption\":\"Fuentes Fidedignas\"},\"image\":{\"@id\":\"https:\\\/\\\/fuentesfidedignas.com.mx\\\/#\\\/schema\\\/logo\\\/image\\\/\"},\"sameAs\":[\"https:\\\/\\\/www.facebook.com\\\/Fuentes-Fidedignas-368234489921644\",\"https:\\\/\\\/x.com\\\/fidedignas\"]},{\"@type\":\"Person\",\"@id\":\"https:\\\/\\\/fuentesfidedignas.com.mx\\\/#\\\/schema\\\/person\\\/331be9283d37198e2acd5750279085b0\",\"name\":\"Redacci\u00f3n\",\"image\":{\"@type\":\"ImageObject\",\"inLanguage\":\"es\",\"@id\":\"https:\\\/\\\/secure.gravatar.com\\\/avatar\\\/f6d8782c11d12b2d4ad3fbb6931aeab5309937a4d6cd2fc9cfaa28a6396a5aec?s=96&d=mm&r=g\",\"url\":\"https:\\\/\\\/secure.gravatar.com\\\/avatar\\\/f6d8782c11d12b2d4ad3fbb6931aeab5309937a4d6cd2fc9cfaa28a6396a5aec?s=96&d=mm&r=g\",\"contentUrl\":\"https:\\\/\\\/secure.gravatar.com\\\/avatar\\\/f6d8782c11d12b2d4ad3fbb6931aeab5309937a4d6cd2fc9cfaa28a6396a5aec?s=96&d=mm&r=g\",\"caption\":\"Redacci\u00f3n\"},\"url\":\"https:\\\/\\\/fuentesfidedignas.com.mx\\\/index.php\\\/author\\\/redaccion\\\/\"}]}<\/script>\n<!-- \/ Yoast SEO plugin. -->","yoast_head_json":{"title":"Reactivan la ruta de camiones Lomita-Vallado en Culiac\u00e1n - Fuentes Fidedignas","robots":{"index":"index","follow":"follow","max-snippet":"max-snippet:-1","max-image-preview":"max-image-preview:large","max-video-preview":"max-video-preview:-1"},"canonical":"https:\/\/fuentesfidedignas.com.mx\/index.php\/2023\/11\/06\/reactivan-la-ruta-de-camiones-lomita-vallado\/","og_locale":"es_MX","og_type":"article","og_title":"Reactivan la ruta de camiones Lomita-Vallado en Culiac\u00e1n - Fuentes Fidedignas","og_description":"Se invirti\u00f3 9 millones de pesos en ocho autobuses, de un total de 16 unidades que circular\u00e1n en el mediano plazo. Culiac\u00e1n, Sin.- El director de Vialidad y Transportes de Sinaloa, Miguel Loaiza P\u00e9rez dio el banderazo de salida de 8 autobuses para la reactivaci\u00f3n de la ruta Lomita-Vallado, con lo que se acelera el [&hellip;]","og_url":"https:\/\/fuentesfidedignas.com.mx\/index.php\/2023\/11\/06\/reactivan-la-ruta-de-camiones-lomita-vallado\/","og_site_name":"Fuentes Fidedignas","article_publisher":"https:\/\/www.facebook.com\/Fuentes-Fidedignas-368234489921644","article_published_time":"2023-11-06T22:49:00+00:00","article_modified_time":"2023-11-07T00:15:51+00:00","og_image":[{"width":1599,"height":1238,"url":"https:\/\/fuentesfidedignas.com.mx\/wp-content\/uploads\/2023\/11\/IMG-20231106-WA0025.jpg","type":"image\/jpeg"}],"author":"Redacci\u00f3n","twitter_card":"summary_large_image","twitter_creator":"@fidedignas","twitter_site":"@fidedignas","twitter_misc":{"Escrito por":"Redacci\u00f3n","Tiempo de lectura":"2 minutos"},"schema":{"@context":"https:\/\/schema.org","@graph":[{"@type":"Article","@id":"https:\/\/fuentesfidedignas.com.mx\/index.php\/2023\/11\/06\/reactivan-la-ruta-de-camiones-lomita-vallado\/#article","isPartOf":{"@id":"https:\/\/fuentesfidedignas.com.mx\/index.php\/2023\/11\/06\/reactivan-la-ruta-de-camiones-lomita-vallado\/"},"author":{"name":"Redacci\u00f3n","@id":"https:\/\/fuentesfidedignas.com.mx\/#\/schema\/person\/331be9283d37198e2acd5750279085b0"},"headline":"Reactivan la ruta de camiones Lomita-Vallado en Culiac\u00e1n","datePublished":"2023-11-06T22:49:00+00:00","dateModified":"2023-11-07T00:15:51+00:00","mainEntityOfPage":{"@id":"https:\/\/fuentesfidedignas.com.mx\/index.php\/2023\/11\/06\/reactivan-la-ruta-de-camiones-lomita-vallado\/"},"wordCount":312,"commentCount":0,"publisher":{"@id":"https:\/\/fuentesfidedignas.com.mx\/#organization"},"image":{"@id":"https:\/\/fuentesfidedignas.com.mx\/index.php\/2023\/11\/06\/reactivan-la-ruta-de-camiones-lomita-vallado\/#primaryimage"},"thumbnailUrl":"https:\/\/fuentesfidedignas.com.mx\/wp-content\/uploads\/2023\/11\/IMG-20231106-WA0025.jpg","articleSection":["NOTICIAS LOCALES"],"inLanguage":"es","potentialAction":[{"@type":"CommentAction","name":"Comment","target":["https:\/\/fuentesfidedignas.com.mx\/index.php\/2023\/11\/06\/reactivan-la-ruta-de-camiones-lomita-vallado\/#respond"]}]},{"@type":"WebPage","@id":"https:\/\/fuentesfidedignas.com.mx\/index.php\/2023\/11\/06\/reactivan-la-ruta-de-camiones-lomita-vallado\/","url":"https:\/\/fuentesfidedignas.com.mx\/index.php\/2023\/11\/06\/reactivan-la-ruta-de-camiones-lomita-vallado\/","name":"Reactivan la ruta de camiones Lomita-Vallado en Culiac\u00e1n - Fuentes Fidedignas","isPartOf":{"@id":"https:\/\/fuentesfidedignas.com.mx\/#website"},"primaryImageOfPage":{"@id":"https:\/\/fuentesfidedignas.com.mx\/index.php\/2023\/11\/06\/reactivan-la-ruta-de-camiones-lomita-vallado\/#primaryimage"},"image":{"@id":"https:\/\/fuentesfidedignas.com.mx\/index.php\/2023\/11\/06\/reactivan-la-ruta-de-camiones-lomita-vallado\/#primaryimage"},"thumbnailUrl":"https:\/\/fuentesfidedignas.com.mx\/wp-content\/uploads\/2023\/11\/IMG-20231106-WA0025.jpg","datePublished":"2023-11-06T22:49:00+00:00","dateModified":"2023-11-07T00:15:51+00:00","breadcrumb":{"@id":"https:\/\/fuentesfidedignas.com.mx\/index.php\/2023\/11\/06\/reactivan-la-ruta-de-camiones-lomita-vallado\/#breadcrumb"},"inLanguage":"es","potentialAction":[{"@type":"ReadAction","target":["https:\/\/fuentesfidedignas.com.mx\/index.php\/2023\/11\/06\/reactivan-la-ruta-de-camiones-lomita-vallado\/"]}]},{"@type":"ImageObject","inLanguage":"es","@id":"https:\/\/fuentesfidedignas.com.mx\/index.php\/2023\/11\/06\/reactivan-la-ruta-de-camiones-lomita-vallado\/#primaryimage","url":"https:\/\/fuentesfidedignas.com.mx\/wp-content\/uploads\/2023\/11\/IMG-20231106-WA0025.jpg","contentUrl":"https:\/\/fuentesfidedignas.com.mx\/wp-content\/uploads\/2023\/11\/IMG-20231106-WA0025.jpg","width":1599,"height":1238},{"@type":"BreadcrumbList","@id":"https:\/\/fuentesfidedignas.com.mx\/index.php\/2023\/11\/06\/reactivan-la-ruta-de-camiones-lomita-vallado\/#breadcrumb","itemListElement":[{"@type":"ListItem","position":1,"name":"Inicio","item":"https:\/\/fuentesfidedignas.com.mx\/"},{"@type":"ListItem","position":2,"name":"Reactivan la ruta de camiones Lomita-Vallado en Culiac\u00e1n"}]},{"@type":"WebSite","@id":"https:\/\/fuentesfidedignas.com.mx\/#website","url":"https:\/\/fuentesfidedignas.com.mx\/","name":"Fuentes Fidedignas","description":"Otro sitio realizado con WordPress","publisher":{"@id":"https:\/\/fuentesfidedignas.com.mx\/#organization"},"potentialAction":[{"@type":"SearchAction","target":{"@type":"EntryPoint","urlTemplate":"https:\/\/fuentesfidedignas.com.mx\/?s={search_term_string}"},"query-input":{"@type":"PropertyValueSpecification","valueRequired":true,"valueName":"search_term_string"}}],"inLanguage":"es"},{"@type":"Organization","@id":"https:\/\/fuentesfidedignas.com.mx\/#organization","name":"Fuentes Fidedignas","url":"https:\/\/fuentesfidedignas.com.mx\/","logo":{"@type":"ImageObject","inLanguage":"es","@id":"https:\/\/fuentesfidedignas.com.mx\/#\/schema\/logo\/image\/","url":"https:\/\/fuentesfidedignas.com.mx\/wp-content\/uploads\/2021\/04\/logo-retina.png","contentUrl":"https:\/\/fuentesfidedignas.com.mx\/wp-content\/uploads\/2021\/04\/logo-retina.png","width":280,"height":51,"caption":"Fuentes Fidedignas"},"image":{"@id":"https:\/\/fuentesfidedignas.com.mx\/#\/schema\/logo\/image\/"},"sameAs":["https:\/\/www.facebook.com\/Fuentes-Fidedignas-368234489921644","https:\/\/x.com\/fidedignas"]},{"@type":"Person","@id":"https:\/\/fuentesfidedignas.com.mx\/#\/schema\/person\/331be9283d37198e2acd5750279085b0","name":"Redacci\u00f3n","image":{"@type":"ImageObject","inLanguage":"es","@id":"https:\/\/secure.gravatar.com\/avatar\/f6d8782c11d12b2d4ad3fbb6931aeab5309937a4d6cd2fc9cfaa28a6396a5aec?s=96&d=mm&r=g","url":"https:\/\/secure.gravatar.com\/avatar\/f6d8782c11d12b2d4ad3fbb6931aeab5309937a4d6cd2fc9cfaa28a6396a5aec?s=96&d=mm&r=g","contentUrl":"https:\/\/secure.gravatar.com\/avatar\/f6d8782c11d12b2d4ad3fbb6931aeab5309937a4d6cd2fc9cfaa28a6396a5aec?s=96&d=mm&r=g","caption":"Redacci\u00f3n"},"url":"https:\/\/fuentesfidedignas.com.mx\/index.php\/author\/redaccion\/"}]}},"_links":{"self":[{"href":"https:\/\/fuentesfidedignas.com.mx\/index.php\/wp-json\/wp\/v2\/posts\/64854","targetHints":{"allow":["GET"]}}],"collection":[{"href":"https:\/\/fuentesfidedignas.com.mx\/index.php\/wp-json\/wp\/v2\/posts"}],"about":[{"href":"https:\/\/fuentesfidedignas.com.mx\/index.php\/wp-json\/wp\/v2\/types\/post"}],"author":[{"embeddable":true,"href":"https:\/\/fuentesfidedignas.com.mx\/index.php\/wp-json\/wp\/v2\/users\/4"}],"replies":[{"embeddable":true,"href":"https:\/\/fuentesfidedignas.com.mx\/index.php\/wp-json\/wp\/v2\/comments?post=64854"}],"version-history":[{"count":3,"href":"https:\/\/fuentesfidedignas.com.mx\/index.php\/wp-json\/wp\/v2\/posts\/64854\/revisions"}],"predecessor-version":[{"id":64861,"href":"https:\/\/fuentesfidedignas.com.mx\/index.php\/wp-json\/wp\/v2\/posts\/64854\/revisions\/64861"}],"wp:featuredmedia":[{"embeddable":true,"href":"https:\/\/fuentesfidedignas.com.mx\/index.php\/wp-json\/wp\/v2\/media\/64856"}],"wp:attachment":[{"href":"https:\/\/fuentesfidedignas.com.mx\/index.php\/wp-json\/wp\/v2\/media?parent=64854"}],"wp:term":[{"taxonomy":"category","embeddable":true,"href":"https:\/\/fuentesfidedignas.com.mx\/index.php\/wp-json\/wp\/v2\/categories?post=64854"},{"taxonomy":"post_tag","embeddable":true,"href":"https:\/\/fuentesfidedignas.com.mx\/index.php\/wp-json\/wp\/v2\/tags?post=64854"}],"curies":[{"name":"wp","href":"https:\/\/api.w.org\/{rel}","templated":true}]}}