{"id":64851,"date":"2023-11-06T15:02:06","date_gmt":"2023-11-06T22:02:06","guid":{"rendered":"https:\/\/fuentesfidedignas.com.mx\/?p=64851"},"modified":"2023-11-06T15:02:46","modified_gmt":"2023-11-06T22:02:46","slug":"sinaloa-envio-alimento-y-plantas-potabilizadoras-a-guerrero-tras-otis","status":"publish","type":"post","link":"https:\/\/fuentesfidedignas.com.mx\/index.php\/2023\/11\/06\/sinaloa-envio-alimento-y-plantas-potabilizadoras-a-guerrero-tras-otis\/","title":{"rendered":"Sinaloa envi\u00f3 alimento y plantas potabilizadoras a Guerrero tras &#8216;Otis&#8217;"},"content":{"rendered":"\n<p><em><strong>\u201cHemos atendido el llamado nacional para apoyar a nuestros semejantes\u201d: Rub\u00e9n Rocha Moy<\/strong><\/em>a<\/p>\n\n\n\n<p>Culiac\u00e1n, Sin. \u2013 Durante su Conferencia Semanera, el gobernador Rub\u00e9n Rocha Moya dio a conocer los apoyos enviados a Acapulco a trav\u00e9s del Sistema DIF Sinaloa para apoyar a los damnificados del hurac\u00e1n \u201cOtis\u201d, en los que se incluyen 6 mil 220 alimentos calientes, divididos en 3 mil 45 desayunos y 3 mil 175 comidas, entregados por medio de la cocina m\u00f3vil ubicada en Caleta.<\/p>\n\n\n\n<p>\u201cDentro de lo que ha sido la entrega de apoyos a los nuestros, aqu\u00ed hemos atendido el llamado nacional para apoyar a nuestros semejantes, hombres, mujeres, ni\u00f1as, ni\u00f1os, adultos mayores, personas con discapacidad en Acapulco que en realidad azot\u00f3 un hurac\u00e1n fuera de serie, es el m\u00e1s grande en la historia del pac\u00edfico\u201d, dijo.<\/p>\n\n\n\n<p>Rocha Moya destac\u00f3 adem\u00e1s el env\u00edo de las 4 plantas potabilizadoras m\u00f3viles por medio de la SEDENA, que mediante un proceso f\u00edsico-qu\u00edmico avanzado producen 2 litros por segundo cada planta y que garantizan abastecer con 172 mil 800 litros de agua de calidad, cantidad equivalente a 8 mil 640 garrafones de 20 litros.<\/p>\n\n\n\n<p>\u201cRealmente no pod\u00edamos quedarnos al margen de esto y esta particularmente es una buena medida\u201d, dijo.<\/p>\n\n\n\n<p>Mencion\u00f3 que cuando se termine de atender a Acapulco planean regresar las plantas potabilizadoras a Sinaloa por el tema de la carencia de agua en el estado, el cual va a revisarse pr\u00f3ximamente, destacando que el problema es menor debido a las lluvias.<\/p>\n\n\n\n<p>El gobernador Rocha reiter\u00f3 su apoyo a Guerrero en nombre de los sinaloenses haciendo \u00e9nfasis en que es el puerto de Acapulco de los lugares m\u00e1s da\u00f1ados por el hurac\u00e1n y que hace lo posible para ayudar.<\/p>\n","protected":false},"excerpt":{"rendered":"<p>\u201cHemos atendido el llamado nacional para apoyar a nuestros semejantes\u201d: Rub\u00e9n Rocha Moya Culiac\u00e1n, Sin. \u2013 Durante su Conferencia Semanera, el gobernador Rub\u00e9n Rocha Moya dio a conocer los apoyos enviados a Acapulco a trav\u00e9s del Sistema DIF Sinaloa para apoyar a los damnificados del hurac\u00e1n \u201cOtis\u201d, en los que se incluyen 6 mil 220 [&hellip;]<\/p>\n","protected":false},"author":4,"featured_media":64853,"comment_status":"open","ping_status":"open","sticky":false,"template":"","format":"standard","meta":{"tdm_status":"","tdm_grid_status":"","footnotes":""},"categories":[38,1],"tags":[],"class_list":{"0":"post-64851","1":"post","2":"type-post","3":"status-publish","4":"format-standard","5":"has-post-thumbnail","7":"category-noticias-locales","8":"category-sin-categoria"},"yoast_head":"<!-- This site is optimized with the Yoast SEO plugin v27.5 - https:\/\/yoast.com\/product\/yoast-seo-wordpress\/ -->\n<title>Sinaloa envi\u00f3 alimento y plantas potabilizadoras a Guerrero tras &#039;Otis&#039; - Fuentes Fidedignas<\/title>\n<meta name=\"robots\" content=\"index, follow, max-snippet:-1, max-image-preview:large, max-video-preview:-1\" \/>\n<link rel=\"canonical\" href=\"https:\/\/fuentesfidedignas.com.mx\/index.php\/2023\/11\/06\/sinaloa-envio-alimento-y-plantas-potabilizadoras-a-guerrero-tras-otis\/\" \/>\n<meta property=\"og:locale\" content=\"es_MX\" \/>\n<meta property=\"og:type\" content=\"article\" \/>\n<meta property=\"og:title\" content=\"Sinaloa envi\u00f3 alimento y plantas potabilizadoras a Guerrero tras &#039;Otis&#039; - Fuentes Fidedignas\" \/>\n<meta property=\"og:description\" content=\"\u201cHemos atendido el llamado nacional para apoyar a nuestros semejantes\u201d: Rub\u00e9n Rocha Moya Culiac\u00e1n, Sin. \u2013 Durante su Conferencia Semanera, el gobernador Rub\u00e9n Rocha Moya dio a conocer los apoyos enviados a Acapulco a trav\u00e9s del Sistema DIF Sinaloa para apoyar a los damnificados del hurac\u00e1n \u201cOtis\u201d, en los que se incluyen 6 mil 220 [&hellip;]\" \/>\n<meta property=\"og:url\" content=\"https:\/\/fuentesfidedignas.com.mx\/index.php\/2023\/11\/06\/sinaloa-envio-alimento-y-plantas-potabilizadoras-a-guerrero-tras-otis\/\" \/>\n<meta property=\"og:site_name\" content=\"Fuentes Fidedignas\" \/>\n<meta property=\"article:publisher\" content=\"https:\/\/www.facebook.com\/Fuentes-Fidedignas-368234489921644\" \/>\n<meta property=\"article:published_time\" content=\"2023-11-06T22:02:06+00:00\" \/>\n<meta property=\"article:modified_time\" content=\"2023-11-06T22:02:46+00:00\" \/>\n<meta property=\"og:image\" content=\"https:\/\/fuentesfidedignas.com.mx\/wp-content\/uploads\/2023\/11\/Centros-de-Acopio-Los-Cabos.jpeg\" \/>\n\t<meta property=\"og:image:width\" content=\"768\" \/>\n\t<meta property=\"og:image:height\" content=\"479\" \/>\n\t<meta property=\"og:image:type\" content=\"image\/jpeg\" \/>\n<meta name=\"author\" content=\"Redacci\u00f3n\" \/>\n<meta name=\"twitter:card\" content=\"summary_large_image\" \/>\n<meta name=\"twitter:creator\" content=\"@fidedignas\" \/>\n<meta name=\"twitter:site\" content=\"@fidedignas\" \/>\n<meta name=\"twitter:label1\" content=\"Escrito por\" \/>\n\t<meta name=\"twitter:data1\" content=\"Redacci\u00f3n\" \/>\n\t<meta name=\"twitter:label2\" content=\"Tiempo de lectura\" \/>\n\t<meta name=\"twitter:data2\" content=\"2 minutos\" \/>\n<script type=\"application\/ld+json\" class=\"yoast-schema-graph\">{\"@context\":\"https:\\\/\\\/schema.org\",\"@graph\":[{\"@type\":\"Article\",\"@id\":\"https:\\\/\\\/fuentesfidedignas.com.mx\\\/index.php\\\/2023\\\/11\\\/06\\\/sinaloa-envio-alimento-y-plantas-potabilizadoras-a-guerrero-tras-otis\\\/#article\",\"isPartOf\":{\"@id\":\"https:\\\/\\\/fuentesfidedignas.com.mx\\\/index.php\\\/2023\\\/11\\\/06\\\/sinaloa-envio-alimento-y-plantas-potabilizadoras-a-guerrero-tras-otis\\\/\"},\"author\":{\"name\":\"Redacci\u00f3n\",\"@id\":\"https:\\\/\\\/fuentesfidedignas.com.mx\\\/#\\\/schema\\\/person\\\/331be9283d37198e2acd5750279085b0\"},\"headline\":\"Sinaloa envi\u00f3 alimento y plantas potabilizadoras a Guerrero tras &#8216;Otis&#8217;\",\"datePublished\":\"2023-11-06T22:02:06+00:00\",\"dateModified\":\"2023-11-06T22:02:46+00:00\",\"mainEntityOfPage\":{\"@id\":\"https:\\\/\\\/fuentesfidedignas.com.mx\\\/index.php\\\/2023\\\/11\\\/06\\\/sinaloa-envio-alimento-y-plantas-potabilizadoras-a-guerrero-tras-otis\\\/\"},\"wordCount\":299,\"commentCount\":0,\"publisher\":{\"@id\":\"https:\\\/\\\/fuentesfidedignas.com.mx\\\/#organization\"},\"image\":{\"@id\":\"https:\\\/\\\/fuentesfidedignas.com.mx\\\/index.php\\\/2023\\\/11\\\/06\\\/sinaloa-envio-alimento-y-plantas-potabilizadoras-a-guerrero-tras-otis\\\/#primaryimage\"},\"thumbnailUrl\":\"https:\\\/\\\/fuentesfidedignas.com.mx\\\/wp-content\\\/uploads\\\/2023\\\/11\\\/Centros-de-Acopio-Los-Cabos.jpeg\",\"articleSection\":[\"NOTICIAS LOCALES\"],\"inLanguage\":\"es\",\"potentialAction\":[{\"@type\":\"CommentAction\",\"name\":\"Comment\",\"target\":[\"https:\\\/\\\/fuentesfidedignas.com.mx\\\/index.php\\\/2023\\\/11\\\/06\\\/sinaloa-envio-alimento-y-plantas-potabilizadoras-a-guerrero-tras-otis\\\/#respond\"]}]},{\"@type\":\"WebPage\",\"@id\":\"https:\\\/\\\/fuentesfidedignas.com.mx\\\/index.php\\\/2023\\\/11\\\/06\\\/sinaloa-envio-alimento-y-plantas-potabilizadoras-a-guerrero-tras-otis\\\/\",\"url\":\"https:\\\/\\\/fuentesfidedignas.com.mx\\\/index.php\\\/2023\\\/11\\\/06\\\/sinaloa-envio-alimento-y-plantas-potabilizadoras-a-guerrero-tras-otis\\\/\",\"name\":\"Sinaloa envi\u00f3 alimento y plantas potabilizadoras a Guerrero tras 'Otis' - Fuentes Fidedignas\",\"isPartOf\":{\"@id\":\"https:\\\/\\\/fuentesfidedignas.com.mx\\\/#website\"},\"primaryImageOfPage\":{\"@id\":\"https:\\\/\\\/fuentesfidedignas.com.mx\\\/index.php\\\/2023\\\/11\\\/06\\\/sinaloa-envio-alimento-y-plantas-potabilizadoras-a-guerrero-tras-otis\\\/#primaryimage\"},\"image\":{\"@id\":\"https:\\\/\\\/fuentesfidedignas.com.mx\\\/index.php\\\/2023\\\/11\\\/06\\\/sinaloa-envio-alimento-y-plantas-potabilizadoras-a-guerrero-tras-otis\\\/#primaryimage\"},\"thumbnailUrl\":\"https:\\\/\\\/fuentesfidedignas.com.mx\\\/wp-content\\\/uploads\\\/2023\\\/11\\\/Centros-de-Acopio-Los-Cabos.jpeg\",\"datePublished\":\"2023-11-06T22:02:06+00:00\",\"dateModified\":\"2023-11-06T22:02:46+00:00\",\"breadcrumb\":{\"@id\":\"https:\\\/\\\/fuentesfidedignas.com.mx\\\/index.php\\\/2023\\\/11\\\/06\\\/sinaloa-envio-alimento-y-plantas-potabilizadoras-a-guerrero-tras-otis\\\/#breadcrumb\"},\"inLanguage\":\"es\",\"potentialAction\":[{\"@type\":\"ReadAction\",\"target\":[\"https:\\\/\\\/fuentesfidedignas.com.mx\\\/index.php\\\/2023\\\/11\\\/06\\\/sinaloa-envio-alimento-y-plantas-potabilizadoras-a-guerrero-tras-otis\\\/\"]}]},{\"@type\":\"ImageObject\",\"inLanguage\":\"es\",\"@id\":\"https:\\\/\\\/fuentesfidedignas.com.mx\\\/index.php\\\/2023\\\/11\\\/06\\\/sinaloa-envio-alimento-y-plantas-potabilizadoras-a-guerrero-tras-otis\\\/#primaryimage\",\"url\":\"https:\\\/\\\/fuentesfidedignas.com.mx\\\/wp-content\\\/uploads\\\/2023\\\/11\\\/Centros-de-Acopio-Los-Cabos.jpeg\",\"contentUrl\":\"https:\\\/\\\/fuentesfidedignas.com.mx\\\/wp-content\\\/uploads\\\/2023\\\/11\\\/Centros-de-Acopio-Los-Cabos.jpeg\",\"width\":768,\"height\":479},{\"@type\":\"BreadcrumbList\",\"@id\":\"https:\\\/\\\/fuentesfidedignas.com.mx\\\/index.php\\\/2023\\\/11\\\/06\\\/sinaloa-envio-alimento-y-plantas-potabilizadoras-a-guerrero-tras-otis\\\/#breadcrumb\",\"itemListElement\":[{\"@type\":\"ListItem\",\"position\":1,\"name\":\"Inicio\",\"item\":\"https:\\\/\\\/fuentesfidedignas.com.mx\\\/\"},{\"@type\":\"ListItem\",\"position\":2,\"name\":\"Sinaloa envi\u00f3 alimento y plantas potabilizadoras a Guerrero tras &#8216;Otis&#8217;\"}]},{\"@type\":\"WebSite\",\"@id\":\"https:\\\/\\\/fuentesfidedignas.com.mx\\\/#website\",\"url\":\"https:\\\/\\\/fuentesfidedignas.com.mx\\\/\",\"name\":\"Fuentes Fidedignas\",\"description\":\"Otro sitio realizado con WordPress\",\"publisher\":{\"@id\":\"https:\\\/\\\/fuentesfidedignas.com.mx\\\/#organization\"},\"potentialAction\":[{\"@type\":\"SearchAction\",\"target\":{\"@type\":\"EntryPoint\",\"urlTemplate\":\"https:\\\/\\\/fuentesfidedignas.com.mx\\\/?s={search_term_string}\"},\"query-input\":{\"@type\":\"PropertyValueSpecification\",\"valueRequired\":true,\"valueName\":\"search_term_string\"}}],\"inLanguage\":\"es\"},{\"@type\":\"Organization\",\"@id\":\"https:\\\/\\\/fuentesfidedignas.com.mx\\\/#organization\",\"name\":\"Fuentes Fidedignas\",\"url\":\"https:\\\/\\\/fuentesfidedignas.com.mx\\\/\",\"logo\":{\"@type\":\"ImageObject\",\"inLanguage\":\"es\",\"@id\":\"https:\\\/\\\/fuentesfidedignas.com.mx\\\/#\\\/schema\\\/logo\\\/image\\\/\",\"url\":\"https:\\\/\\\/fuentesfidedignas.com.mx\\\/wp-content\\\/uploads\\\/2021\\\/04\\\/logo-retina.png\",\"contentUrl\":\"https:\\\/\\\/fuentesfidedignas.com.mx\\\/wp-content\\\/uploads\\\/2021\\\/04\\\/logo-retina.png\",\"width\":280,\"height\":51,\"caption\":\"Fuentes Fidedignas\"},\"image\":{\"@id\":\"https:\\\/\\\/fuentesfidedignas.com.mx\\\/#\\\/schema\\\/logo\\\/image\\\/\"},\"sameAs\":[\"https:\\\/\\\/www.facebook.com\\\/Fuentes-Fidedignas-368234489921644\",\"https:\\\/\\\/x.com\\\/fidedignas\"]},{\"@type\":\"Person\",\"@id\":\"https:\\\/\\\/fuentesfidedignas.com.mx\\\/#\\\/schema\\\/person\\\/331be9283d37198e2acd5750279085b0\",\"name\":\"Redacci\u00f3n\",\"image\":{\"@type\":\"ImageObject\",\"inLanguage\":\"es\",\"@id\":\"https:\\\/\\\/secure.gravatar.com\\\/avatar\\\/f6d8782c11d12b2d4ad3fbb6931aeab5309937a4d6cd2fc9cfaa28a6396a5aec?s=96&d=mm&r=g\",\"url\":\"https:\\\/\\\/secure.gravatar.com\\\/avatar\\\/f6d8782c11d12b2d4ad3fbb6931aeab5309937a4d6cd2fc9cfaa28a6396a5aec?s=96&d=mm&r=g\",\"contentUrl\":\"https:\\\/\\\/secure.gravatar.com\\\/avatar\\\/f6d8782c11d12b2d4ad3fbb6931aeab5309937a4d6cd2fc9cfaa28a6396a5aec?s=96&d=mm&r=g\",\"caption\":\"Redacci\u00f3n\"},\"url\":\"https:\\\/\\\/fuentesfidedignas.com.mx\\\/index.php\\\/author\\\/redaccion\\\/\"}]}<\/script>\n<!-- \/ Yoast SEO plugin. -->","yoast_head_json":{"title":"Sinaloa envi\u00f3 alimento y plantas potabilizadoras a Guerrero tras 'Otis' - Fuentes Fidedignas","robots":{"index":"index","follow":"follow","max-snippet":"max-snippet:-1","max-image-preview":"max-image-preview:large","max-video-preview":"max-video-preview:-1"},"canonical":"https:\/\/fuentesfidedignas.com.mx\/index.php\/2023\/11\/06\/sinaloa-envio-alimento-y-plantas-potabilizadoras-a-guerrero-tras-otis\/","og_locale":"es_MX","og_type":"article","og_title":"Sinaloa envi\u00f3 alimento y plantas potabilizadoras a Guerrero tras 'Otis' - Fuentes Fidedignas","og_description":"\u201cHemos atendido el llamado nacional para apoyar a nuestros semejantes\u201d: Rub\u00e9n Rocha Moya Culiac\u00e1n, Sin. \u2013 Durante su Conferencia Semanera, el gobernador Rub\u00e9n Rocha Moya dio a conocer los apoyos enviados a Acapulco a trav\u00e9s del Sistema DIF Sinaloa para apoyar a los damnificados del hurac\u00e1n \u201cOtis\u201d, en los que se incluyen 6 mil 220 [&hellip;]","og_url":"https:\/\/fuentesfidedignas.com.mx\/index.php\/2023\/11\/06\/sinaloa-envio-alimento-y-plantas-potabilizadoras-a-guerrero-tras-otis\/","og_site_name":"Fuentes Fidedignas","article_publisher":"https:\/\/www.facebook.com\/Fuentes-Fidedignas-368234489921644","article_published_time":"2023-11-06T22:02:06+00:00","article_modified_time":"2023-11-06T22:02:46+00:00","og_image":[{"width":768,"height":479,"url":"https:\/\/fuentesfidedignas.com.mx\/wp-content\/uploads\/2023\/11\/Centros-de-Acopio-Los-Cabos.jpeg","type":"image\/jpeg"}],"author":"Redacci\u00f3n","twitter_card":"summary_large_image","twitter_creator":"@fidedignas","twitter_site":"@fidedignas","twitter_misc":{"Escrito por":"Redacci\u00f3n","Tiempo de lectura":"2 minutos"},"schema":{"@context":"https:\/\/schema.org","@graph":[{"@type":"Article","@id":"https:\/\/fuentesfidedignas.com.mx\/index.php\/2023\/11\/06\/sinaloa-envio-alimento-y-plantas-potabilizadoras-a-guerrero-tras-otis\/#article","isPartOf":{"@id":"https:\/\/fuentesfidedignas.com.mx\/index.php\/2023\/11\/06\/sinaloa-envio-alimento-y-plantas-potabilizadoras-a-guerrero-tras-otis\/"},"author":{"name":"Redacci\u00f3n","@id":"https:\/\/fuentesfidedignas.com.mx\/#\/schema\/person\/331be9283d37198e2acd5750279085b0"},"headline":"Sinaloa envi\u00f3 alimento y plantas potabilizadoras a Guerrero tras &#8216;Otis&#8217;","datePublished":"2023-11-06T22:02:06+00:00","dateModified":"2023-11-06T22:02:46+00:00","mainEntityOfPage":{"@id":"https:\/\/fuentesfidedignas.com.mx\/index.php\/2023\/11\/06\/sinaloa-envio-alimento-y-plantas-potabilizadoras-a-guerrero-tras-otis\/"},"wordCount":299,"commentCount":0,"publisher":{"@id":"https:\/\/fuentesfidedignas.com.mx\/#organization"},"image":{"@id":"https:\/\/fuentesfidedignas.com.mx\/index.php\/2023\/11\/06\/sinaloa-envio-alimento-y-plantas-potabilizadoras-a-guerrero-tras-otis\/#primaryimage"},"thumbnailUrl":"https:\/\/fuentesfidedignas.com.mx\/wp-content\/uploads\/2023\/11\/Centros-de-Acopio-Los-Cabos.jpeg","articleSection":["NOTICIAS LOCALES"],"inLanguage":"es","potentialAction":[{"@type":"CommentAction","name":"Comment","target":["https:\/\/fuentesfidedignas.com.mx\/index.php\/2023\/11\/06\/sinaloa-envio-alimento-y-plantas-potabilizadoras-a-guerrero-tras-otis\/#respond"]}]},{"@type":"WebPage","@id":"https:\/\/fuentesfidedignas.com.mx\/index.php\/2023\/11\/06\/sinaloa-envio-alimento-y-plantas-potabilizadoras-a-guerrero-tras-otis\/","url":"https:\/\/fuentesfidedignas.com.mx\/index.php\/2023\/11\/06\/sinaloa-envio-alimento-y-plantas-potabilizadoras-a-guerrero-tras-otis\/","name":"Sinaloa envi\u00f3 alimento y plantas potabilizadoras a Guerrero tras 'Otis' - Fuentes Fidedignas","isPartOf":{"@id":"https:\/\/fuentesfidedignas.com.mx\/#website"},"primaryImageOfPage":{"@id":"https:\/\/fuentesfidedignas.com.mx\/index.php\/2023\/11\/06\/sinaloa-envio-alimento-y-plantas-potabilizadoras-a-guerrero-tras-otis\/#primaryimage"},"image":{"@id":"https:\/\/fuentesfidedignas.com.mx\/index.php\/2023\/11\/06\/sinaloa-envio-alimento-y-plantas-potabilizadoras-a-guerrero-tras-otis\/#primaryimage"},"thumbnailUrl":"https:\/\/fuentesfidedignas.com.mx\/wp-content\/uploads\/2023\/11\/Centros-de-Acopio-Los-Cabos.jpeg","datePublished":"2023-11-06T22:02:06+00:00","dateModified":"2023-11-06T22:02:46+00:00","breadcrumb":{"@id":"https:\/\/fuentesfidedignas.com.mx\/index.php\/2023\/11\/06\/sinaloa-envio-alimento-y-plantas-potabilizadoras-a-guerrero-tras-otis\/#breadcrumb"},"inLanguage":"es","potentialAction":[{"@type":"ReadAction","target":["https:\/\/fuentesfidedignas.com.mx\/index.php\/2023\/11\/06\/sinaloa-envio-alimento-y-plantas-potabilizadoras-a-guerrero-tras-otis\/"]}]},{"@type":"ImageObject","inLanguage":"es","@id":"https:\/\/fuentesfidedignas.com.mx\/index.php\/2023\/11\/06\/sinaloa-envio-alimento-y-plantas-potabilizadoras-a-guerrero-tras-otis\/#primaryimage","url":"https:\/\/fuentesfidedignas.com.mx\/wp-content\/uploads\/2023\/11\/Centros-de-Acopio-Los-Cabos.jpeg","contentUrl":"https:\/\/fuentesfidedignas.com.mx\/wp-content\/uploads\/2023\/11\/Centros-de-Acopio-Los-Cabos.jpeg","width":768,"height":479},{"@type":"BreadcrumbList","@id":"https:\/\/fuentesfidedignas.com.mx\/index.php\/2023\/11\/06\/sinaloa-envio-alimento-y-plantas-potabilizadoras-a-guerrero-tras-otis\/#breadcrumb","itemListElement":[{"@type":"ListItem","position":1,"name":"Inicio","item":"https:\/\/fuentesfidedignas.com.mx\/"},{"@type":"ListItem","position":2,"name":"Sinaloa envi\u00f3 alimento y plantas potabilizadoras a Guerrero tras &#8216;Otis&#8217;"}]},{"@type":"WebSite","@id":"https:\/\/fuentesfidedignas.com.mx\/#website","url":"https:\/\/fuentesfidedignas.com.mx\/","name":"Fuentes Fidedignas","description":"Otro sitio realizado con WordPress","publisher":{"@id":"https:\/\/fuentesfidedignas.com.mx\/#organization"},"potentialAction":[{"@type":"SearchAction","target":{"@type":"EntryPoint","urlTemplate":"https:\/\/fuentesfidedignas.com.mx\/?s={search_term_string}"},"query-input":{"@type":"PropertyValueSpecification","valueRequired":true,"valueName":"search_term_string"}}],"inLanguage":"es"},{"@type":"Organization","@id":"https:\/\/fuentesfidedignas.com.mx\/#organization","name":"Fuentes Fidedignas","url":"https:\/\/fuentesfidedignas.com.mx\/","logo":{"@type":"ImageObject","inLanguage":"es","@id":"https:\/\/fuentesfidedignas.com.mx\/#\/schema\/logo\/image\/","url":"https:\/\/fuentesfidedignas.com.mx\/wp-content\/uploads\/2021\/04\/logo-retina.png","contentUrl":"https:\/\/fuentesfidedignas.com.mx\/wp-content\/uploads\/2021\/04\/logo-retina.png","width":280,"height":51,"caption":"Fuentes Fidedignas"},"image":{"@id":"https:\/\/fuentesfidedignas.com.mx\/#\/schema\/logo\/image\/"},"sameAs":["https:\/\/www.facebook.com\/Fuentes-Fidedignas-368234489921644","https:\/\/x.com\/fidedignas"]},{"@type":"Person","@id":"https:\/\/fuentesfidedignas.com.mx\/#\/schema\/person\/331be9283d37198e2acd5750279085b0","name":"Redacci\u00f3n","image":{"@type":"ImageObject","inLanguage":"es","@id":"https:\/\/secure.gravatar.com\/avatar\/f6d8782c11d12b2d4ad3fbb6931aeab5309937a4d6cd2fc9cfaa28a6396a5aec?s=96&d=mm&r=g","url":"https:\/\/secure.gravatar.com\/avatar\/f6d8782c11d12b2d4ad3fbb6931aeab5309937a4d6cd2fc9cfaa28a6396a5aec?s=96&d=mm&r=g","contentUrl":"https:\/\/secure.gravatar.com\/avatar\/f6d8782c11d12b2d4ad3fbb6931aeab5309937a4d6cd2fc9cfaa28a6396a5aec?s=96&d=mm&r=g","caption":"Redacci\u00f3n"},"url":"https:\/\/fuentesfidedignas.com.mx\/index.php\/author\/redaccion\/"}]}},"_links":{"self":[{"href":"https:\/\/fuentesfidedignas.com.mx\/index.php\/wp-json\/wp\/v2\/posts\/64851","targetHints":{"allow":["GET"]}}],"collection":[{"href":"https:\/\/fuentesfidedignas.com.mx\/index.php\/wp-json\/wp\/v2\/posts"}],"about":[{"href":"https:\/\/fuentesfidedignas.com.mx\/index.php\/wp-json\/wp\/v2\/types\/post"}],"author":[{"embeddable":true,"href":"https:\/\/fuentesfidedignas.com.mx\/index.php\/wp-json\/wp\/v2\/users\/4"}],"replies":[{"embeddable":true,"href":"https:\/\/fuentesfidedignas.com.mx\/index.php\/wp-json\/wp\/v2\/comments?post=64851"}],"version-history":[{"count":1,"href":"https:\/\/fuentesfidedignas.com.mx\/index.php\/wp-json\/wp\/v2\/posts\/64851\/revisions"}],"predecessor-version":[{"id":64852,"href":"https:\/\/fuentesfidedignas.com.mx\/index.php\/wp-json\/wp\/v2\/posts\/64851\/revisions\/64852"}],"wp:featuredmedia":[{"embeddable":true,"href":"https:\/\/fuentesfidedignas.com.mx\/index.php\/wp-json\/wp\/v2\/media\/64853"}],"wp:attachment":[{"href":"https:\/\/fuentesfidedignas.com.mx\/index.php\/wp-json\/wp\/v2\/media?parent=64851"}],"wp:term":[{"taxonomy":"category","embeddable":true,"href":"https:\/\/fuentesfidedignas.com.mx\/index.php\/wp-json\/wp\/v2\/categories?post=64851"},{"taxonomy":"post_tag","embeddable":true,"href":"https:\/\/fuentesfidedignas.com.mx\/index.php\/wp-json\/wp\/v2\/tags?post=64851"}],"curies":[{"name":"wp","href":"https:\/\/api.w.org\/{rel}","templated":true}]}}