{"id":64845,"date":"2023-11-06T14:03:37","date_gmt":"2023-11-06T21:03:37","guid":{"rendered":"https:\/\/fuentesfidedignas.com.mx\/?p=64845"},"modified":"2023-11-06T14:04:19","modified_gmt":"2023-11-06T21:04:19","slug":"muere-el-wiko-de-caborca-famoso-por-su-frase-afedo-camate-pofavo","status":"publish","type":"post","link":"https:\/\/fuentesfidedignas.com.mx\/index.php\/2023\/11\/06\/muere-el-wiko-de-caborca-famoso-por-su-frase-afedo-camate-pofavo\/","title":{"rendered":"Muere El Wiko de Caborca, famoso por su frase \u201cAfedo, camate pofavo\u201d"},"content":{"rendered":"\n<p><strong><em>Ariel Zamorano, mejor conocido en redes sociales como &#8220;El Wico&#8221; fue hallado sin vida este lunes 6 de noviembre en Caborca<\/em><\/strong><\/p>\n\n\n\n<p>Sonora. <strong>Ariel Zamorano<\/strong>, mejor conocido en redes sociales como &#8220;<strong>El Wico&#8221;\u00a0<\/strong>fue hallado sin vida este lunes 6 de noviembre en el municipio de\u00a0<strong>Caborca<\/strong>.<\/p>\n\n\n\n<figure class=\"wp-block-embed is-type-video is-provider-youtube wp-block-embed-youtube wp-embed-aspect-16-9 wp-has-aspect-ratio\"><div class=\"wp-block-embed__wrapper\">\n<iframe loading=\"lazy\" title=\"Alfredo camate po&#039; favo - (Alfredo C\u00e1lmate por Favor)\" width=\"696\" height=\"392\" src=\"https:\/\/www.youtube.com\/embed\/4xtzSsO6GGs?feature=oembed\" frameborder=\"0\" allow=\"accelerometer; autoplay; clipboard-write; encrypted-media; gyroscope; picture-in-picture; web-share\" allowfullscreen><\/iframe>\n<\/div><\/figure>\n\n\n\n<p>Se presume que el influencer muri\u00f3 de un infarto fulminante, seg\u00fan dio a conocer la p\u00e1gina de&nbsp;<strong>Facebook Caborca Informa<\/strong>, en una transmisi\u00f3n en vivo.<\/p>\n\n\n\n<p>En el video se puede observar a la familia, quien espera que una carroza f\u00fanebre se lleve el cuerpo de &#8220;El Wico&#8221;.<\/p>\n\n\n\n<p>La noticia tambi\u00e9n fue confirmada por su amigo, conocido por su p\u00e1gina &#8220;<strong>El Kuate de Caborca&#8221;<\/strong>, con quien realizaba videos graciosos y compart\u00edan su vida diaria en el municipio de Caborca.<\/p>\n\n\n\n<figure class=\"wp-block-embed is-type-video is-provider-youtube wp-block-embed-youtube wp-embed-aspect-16-9 wp-has-aspect-ratio\"><div class=\"wp-block-embed__wrapper\">\n<iframe loading=\"lazy\" title=\"Es real esta mala noticia, SE NOS FUE EL WIKO \ud83d\ude2d\" width=\"696\" height=\"392\" src=\"https:\/\/www.youtube.com\/embed\/QA5-iI1T5aU?feature=oembed\" frameborder=\"0\" allow=\"accelerometer; autoplay; clipboard-write; encrypted-media; gyroscope; picture-in-picture; web-share\" allowfullscreen><\/iframe>\n<\/div><\/figure>\n\n\n\n<p>Rompiendo en llanto y asegurando que \u201cle gustar\u00eda que fuera una broma\u201d, el mejor amigo de&nbsp;<em><strong>El Wiko<\/strong><\/em>, tambi\u00e9n conocido por millones de mexicanos como \u2018<strong>Afedo, camate pofavo<\/strong>\u2019 debido al video viral que le dio fama en M\u00e9xico y&nbsp;<strong>Caborca<\/strong>,&nbsp;<strong>Sonora<\/strong>, de donde era originario, confirm\u00f3 la muerte de la celebridad de internet.<\/p>\n\n\n\n<p><em><strong>El Kuate de Caborca<\/strong><\/em>, como se hace llamar el amigo del famoso protagonista del meme viral en M\u00e9xico, comparti\u00f3 en su cuenta de&nbsp;<em>Facebook<\/em>&nbsp;un video dando los pormenores de la sensible noticia que de forma r\u00e1pida ha comenzado a circular por todo internet. Asegurando que lo hab\u00eda visto de forma reciente y ah\u00ed no se percat\u00f3 de que algo malo estuviera ocurriendo con su estado de salud, el tambi\u00e9n originario de la ciudad en el noroeste en el estado de Sonora, habl\u00f3 sobre la presunta<strong>&nbsp;causa de su muerte<\/strong>.<\/p>\n\n\n\n<blockquote class=\"wp-block-quote is-layout-flow wp-block-quote-is-layout-flow\">\n<p>\u201c<strong>Se muri\u00f3&nbsp;<\/strong><em><strong>El Wiko<\/strong><\/em>, apenas fuimos al levantamiento del cuerpo y vamos con los tr\u00e1mites funerarios. Todo parece indicar que<strong>&nbsp;fue un infarto y no sufri\u00f3<\/strong>, nom\u00e1s se qued\u00f3 dormido. Esto no es broma, me gustar\u00eda que fuera una de las tantas que siempre me hac\u00eda \u00e9l o le hac\u00eda yo. Desgraciadamente s\u00ed falleci\u00f3 y yo les voy a estar informando de todos los movimientos para toda la gente que guste ir a darle el \u00faltimo adi\u00f3s\u201d, inici\u00f3 su colega en el video.<\/p>\n<\/blockquote>\n","protected":false},"excerpt":{"rendered":"<p>Ariel Zamorano, mejor conocido en redes sociales como &#8220;El Wico&#8221; fue hallado sin vida este lunes 6 de noviembre en Caborca Sonora. Ariel Zamorano, mejor conocido en redes sociales como &#8220;El Wico&#8221;\u00a0fue hallado sin vida este lunes 6 de noviembre en el municipio de\u00a0Caborca. Se presume que el influencer muri\u00f3 de un infarto fulminante, seg\u00fan [&hellip;]<\/p>\n","protected":false},"author":41,"featured_media":64847,"comment_status":"open","ping_status":"open","sticky":false,"template":"","format":"standard","meta":{"tdm_status":"","tdm_grid_status":"","footnotes":""},"categories":[39,1],"tags":[],"class_list":{"0":"post-64845","1":"post","2":"type-post","3":"status-publish","4":"format-standard","5":"has-post-thumbnail","7":"category-noticias-nacionales","8":"category-sin-categoria"},"yoast_head":"<!-- This site is optimized with the Yoast SEO plugin v27.4 - https:\/\/yoast.com\/product\/yoast-seo-wordpress\/ -->\n<title>Muere El Wiko de Caborca, famoso por su frase \u201cAfedo, camate pofavo\u201d - Fuentes Fidedignas<\/title>\n<meta name=\"robots\" content=\"index, follow, max-snippet:-1, max-image-preview:large, max-video-preview:-1\" \/>\n<link rel=\"canonical\" href=\"https:\/\/fuentesfidedignas.com.mx\/index.php\/2023\/11\/06\/muere-el-wiko-de-caborca-famoso-por-su-frase-afedo-camate-pofavo\/\" \/>\n<meta property=\"og:locale\" content=\"es_MX\" \/>\n<meta property=\"og:type\" content=\"article\" \/>\n<meta property=\"og:title\" content=\"Muere El Wiko de Caborca, famoso por su frase \u201cAfedo, camate pofavo\u201d - Fuentes Fidedignas\" \/>\n<meta property=\"og:description\" content=\"Ariel Zamorano, mejor conocido en redes sociales como &#8220;El Wico&#8221; fue hallado sin vida este lunes 6 de noviembre en Caborca Sonora. Ariel Zamorano, mejor conocido en redes sociales como &#8220;El Wico&#8221;\u00a0fue hallado sin vida este lunes 6 de noviembre en el municipio de\u00a0Caborca. Se presume que el influencer muri\u00f3 de un infarto fulminante, seg\u00fan [&hellip;]\" \/>\n<meta property=\"og:url\" content=\"https:\/\/fuentesfidedignas.com.mx\/index.php\/2023\/11\/06\/muere-el-wiko-de-caborca-famoso-por-su-frase-afedo-camate-pofavo\/\" \/>\n<meta property=\"og:site_name\" content=\"Fuentes Fidedignas\" \/>\n<meta property=\"article:publisher\" content=\"https:\/\/www.facebook.com\/Fuentes-Fidedignas-368234489921644\" \/>\n<meta property=\"article:published_time\" content=\"2023-11-06T21:03:37+00:00\" \/>\n<meta property=\"article:modified_time\" content=\"2023-11-06T21:04:19+00:00\" \/>\n<meta property=\"og:image\" content=\"https:\/\/fuentesfidedignas.com.mx\/wp-content\/uploads\/2023\/11\/SRTNUWLQBZAZFL4Y4VO54JXIJU.jpg\" \/>\n\t<meta property=\"og:image:width\" content=\"1939\" \/>\n\t<meta property=\"og:image:height\" content=\"1068\" \/>\n\t<meta property=\"og:image:type\" content=\"image\/jpeg\" \/>\n<meta name=\"author\" content=\"Infobae\" \/>\n<meta name=\"twitter:card\" content=\"summary_large_image\" \/>\n<meta name=\"twitter:creator\" content=\"@fidedignas\" \/>\n<meta name=\"twitter:site\" content=\"@fidedignas\" \/>\n<meta name=\"twitter:label1\" content=\"Escrito por\" \/>\n\t<meta name=\"twitter:data1\" content=\"Infobae\" \/>\n\t<meta name=\"twitter:label2\" content=\"Tiempo de lectura\" \/>\n\t<meta name=\"twitter:data2\" content=\"2 minutos\" \/>\n<script type=\"application\/ld+json\" class=\"yoast-schema-graph\">{\"@context\":\"https:\\\/\\\/schema.org\",\"@graph\":[{\"@type\":\"Article\",\"@id\":\"https:\\\/\\\/fuentesfidedignas.com.mx\\\/index.php\\\/2023\\\/11\\\/06\\\/muere-el-wiko-de-caborca-famoso-por-su-frase-afedo-camate-pofavo\\\/#article\",\"isPartOf\":{\"@id\":\"https:\\\/\\\/fuentesfidedignas.com.mx\\\/index.php\\\/2023\\\/11\\\/06\\\/muere-el-wiko-de-caborca-famoso-por-su-frase-afedo-camate-pofavo\\\/\"},\"author\":{\"name\":\"Infobae\",\"@id\":\"https:\\\/\\\/fuentesfidedignas.com.mx\\\/#\\\/schema\\\/person\\\/8575896a7c1067d352f6c1cd6582c389\"},\"headline\":\"Muere El Wiko de Caborca, famoso por su frase \u201cAfedo, camate pofavo\u201d\",\"datePublished\":\"2023-11-06T21:03:37+00:00\",\"dateModified\":\"2023-11-06T21:04:19+00:00\",\"mainEntityOfPage\":{\"@id\":\"https:\\\/\\\/fuentesfidedignas.com.mx\\\/index.php\\\/2023\\\/11\\\/06\\\/muere-el-wiko-de-caborca-famoso-por-su-frase-afedo-camate-pofavo\\\/\"},\"wordCount\":405,\"commentCount\":0,\"publisher\":{\"@id\":\"https:\\\/\\\/fuentesfidedignas.com.mx\\\/#organization\"},\"image\":{\"@id\":\"https:\\\/\\\/fuentesfidedignas.com.mx\\\/index.php\\\/2023\\\/11\\\/06\\\/muere-el-wiko-de-caborca-famoso-por-su-frase-afedo-camate-pofavo\\\/#primaryimage\"},\"thumbnailUrl\":\"https:\\\/\\\/fuentesfidedignas.com.mx\\\/wp-content\\\/uploads\\\/2023\\\/11\\\/SRTNUWLQBZAZFL4Y4VO54JXIJU.jpg\",\"articleSection\":[\"NOTICIAS NACIONALES\"],\"inLanguage\":\"es\",\"potentialAction\":[{\"@type\":\"CommentAction\",\"name\":\"Comment\",\"target\":[\"https:\\\/\\\/fuentesfidedignas.com.mx\\\/index.php\\\/2023\\\/11\\\/06\\\/muere-el-wiko-de-caborca-famoso-por-su-frase-afedo-camate-pofavo\\\/#respond\"]}]},{\"@type\":\"WebPage\",\"@id\":\"https:\\\/\\\/fuentesfidedignas.com.mx\\\/index.php\\\/2023\\\/11\\\/06\\\/muere-el-wiko-de-caborca-famoso-por-su-frase-afedo-camate-pofavo\\\/\",\"url\":\"https:\\\/\\\/fuentesfidedignas.com.mx\\\/index.php\\\/2023\\\/11\\\/06\\\/muere-el-wiko-de-caborca-famoso-por-su-frase-afedo-camate-pofavo\\\/\",\"name\":\"Muere El Wiko de Caborca, famoso por su frase \u201cAfedo, camate pofavo\u201d - Fuentes Fidedignas\",\"isPartOf\":{\"@id\":\"https:\\\/\\\/fuentesfidedignas.com.mx\\\/#website\"},\"primaryImageOfPage\":{\"@id\":\"https:\\\/\\\/fuentesfidedignas.com.mx\\\/index.php\\\/2023\\\/11\\\/06\\\/muere-el-wiko-de-caborca-famoso-por-su-frase-afedo-camate-pofavo\\\/#primaryimage\"},\"image\":{\"@id\":\"https:\\\/\\\/fuentesfidedignas.com.mx\\\/index.php\\\/2023\\\/11\\\/06\\\/muere-el-wiko-de-caborca-famoso-por-su-frase-afedo-camate-pofavo\\\/#primaryimage\"},\"thumbnailUrl\":\"https:\\\/\\\/fuentesfidedignas.com.mx\\\/wp-content\\\/uploads\\\/2023\\\/11\\\/SRTNUWLQBZAZFL4Y4VO54JXIJU.jpg\",\"datePublished\":\"2023-11-06T21:03:37+00:00\",\"dateModified\":\"2023-11-06T21:04:19+00:00\",\"breadcrumb\":{\"@id\":\"https:\\\/\\\/fuentesfidedignas.com.mx\\\/index.php\\\/2023\\\/11\\\/06\\\/muere-el-wiko-de-caborca-famoso-por-su-frase-afedo-camate-pofavo\\\/#breadcrumb\"},\"inLanguage\":\"es\",\"potentialAction\":[{\"@type\":\"ReadAction\",\"target\":[\"https:\\\/\\\/fuentesfidedignas.com.mx\\\/index.php\\\/2023\\\/11\\\/06\\\/muere-el-wiko-de-caborca-famoso-por-su-frase-afedo-camate-pofavo\\\/\"]}]},{\"@type\":\"ImageObject\",\"inLanguage\":\"es\",\"@id\":\"https:\\\/\\\/fuentesfidedignas.com.mx\\\/index.php\\\/2023\\\/11\\\/06\\\/muere-el-wiko-de-caborca-famoso-por-su-frase-afedo-camate-pofavo\\\/#primaryimage\",\"url\":\"https:\\\/\\\/fuentesfidedignas.com.mx\\\/wp-content\\\/uploads\\\/2023\\\/11\\\/SRTNUWLQBZAZFL4Y4VO54JXIJU.jpg\",\"contentUrl\":\"https:\\\/\\\/fuentesfidedignas.com.mx\\\/wp-content\\\/uploads\\\/2023\\\/11\\\/SRTNUWLQBZAZFL4Y4VO54JXIJU.jpg\",\"width\":1939,\"height\":1068},{\"@type\":\"BreadcrumbList\",\"@id\":\"https:\\\/\\\/fuentesfidedignas.com.mx\\\/index.php\\\/2023\\\/11\\\/06\\\/muere-el-wiko-de-caborca-famoso-por-su-frase-afedo-camate-pofavo\\\/#breadcrumb\",\"itemListElement\":[{\"@type\":\"ListItem\",\"position\":1,\"name\":\"Inicio\",\"item\":\"https:\\\/\\\/fuentesfidedignas.com.mx\\\/\"},{\"@type\":\"ListItem\",\"position\":2,\"name\":\"Muere El Wiko de Caborca, famoso por su frase \u201cAfedo, camate pofavo\u201d\"}]},{\"@type\":\"WebSite\",\"@id\":\"https:\\\/\\\/fuentesfidedignas.com.mx\\\/#website\",\"url\":\"https:\\\/\\\/fuentesfidedignas.com.mx\\\/\",\"name\":\"Fuentes Fidedignas\",\"description\":\"Otro sitio realizado con WordPress\",\"publisher\":{\"@id\":\"https:\\\/\\\/fuentesfidedignas.com.mx\\\/#organization\"},\"potentialAction\":[{\"@type\":\"SearchAction\",\"target\":{\"@type\":\"EntryPoint\",\"urlTemplate\":\"https:\\\/\\\/fuentesfidedignas.com.mx\\\/?s={search_term_string}\"},\"query-input\":{\"@type\":\"PropertyValueSpecification\",\"valueRequired\":true,\"valueName\":\"search_term_string\"}}],\"inLanguage\":\"es\"},{\"@type\":\"Organization\",\"@id\":\"https:\\\/\\\/fuentesfidedignas.com.mx\\\/#organization\",\"name\":\"Fuentes Fidedignas\",\"url\":\"https:\\\/\\\/fuentesfidedignas.com.mx\\\/\",\"logo\":{\"@type\":\"ImageObject\",\"inLanguage\":\"es\",\"@id\":\"https:\\\/\\\/fuentesfidedignas.com.mx\\\/#\\\/schema\\\/logo\\\/image\\\/\",\"url\":\"https:\\\/\\\/fuentesfidedignas.com.mx\\\/wp-content\\\/uploads\\\/2021\\\/04\\\/logo-retina.png\",\"contentUrl\":\"https:\\\/\\\/fuentesfidedignas.com.mx\\\/wp-content\\\/uploads\\\/2021\\\/04\\\/logo-retina.png\",\"width\":280,\"height\":51,\"caption\":\"Fuentes Fidedignas\"},\"image\":{\"@id\":\"https:\\\/\\\/fuentesfidedignas.com.mx\\\/#\\\/schema\\\/logo\\\/image\\\/\"},\"sameAs\":[\"https:\\\/\\\/www.facebook.com\\\/Fuentes-Fidedignas-368234489921644\",\"https:\\\/\\\/x.com\\\/fidedignas\"]},{\"@type\":\"Person\",\"@id\":\"https:\\\/\\\/fuentesfidedignas.com.mx\\\/#\\\/schema\\\/person\\\/8575896a7c1067d352f6c1cd6582c389\",\"name\":\"Infobae\",\"image\":{\"@type\":\"ImageObject\",\"inLanguage\":\"es\",\"@id\":\"https:\\\/\\\/secure.gravatar.com\\\/avatar\\\/e4ec95706f8d1670343f6526fdcec45474bab17475a851434a64ca12b5acba1c?s=96&d=mm&r=g\",\"url\":\"https:\\\/\\\/secure.gravatar.com\\\/avatar\\\/e4ec95706f8d1670343f6526fdcec45474bab17475a851434a64ca12b5acba1c?s=96&d=mm&r=g\",\"contentUrl\":\"https:\\\/\\\/secure.gravatar.com\\\/avatar\\\/e4ec95706f8d1670343f6526fdcec45474bab17475a851434a64ca12b5acba1c?s=96&d=mm&r=g\",\"caption\":\"Infobae\"},\"url\":\"https:\\\/\\\/fuentesfidedignas.com.mx\\\/index.php\\\/author\\\/infobae\\\/\"}]}<\/script>\n<!-- \/ Yoast SEO plugin. -->","yoast_head_json":{"title":"Muere El Wiko de Caborca, famoso por su frase \u201cAfedo, camate pofavo\u201d - Fuentes Fidedignas","robots":{"index":"index","follow":"follow","max-snippet":"max-snippet:-1","max-image-preview":"max-image-preview:large","max-video-preview":"max-video-preview:-1"},"canonical":"https:\/\/fuentesfidedignas.com.mx\/index.php\/2023\/11\/06\/muere-el-wiko-de-caborca-famoso-por-su-frase-afedo-camate-pofavo\/","og_locale":"es_MX","og_type":"article","og_title":"Muere El Wiko de Caborca, famoso por su frase \u201cAfedo, camate pofavo\u201d - Fuentes Fidedignas","og_description":"Ariel Zamorano, mejor conocido en redes sociales como &#8220;El Wico&#8221; fue hallado sin vida este lunes 6 de noviembre en Caborca Sonora. Ariel Zamorano, mejor conocido en redes sociales como &#8220;El Wico&#8221;\u00a0fue hallado sin vida este lunes 6 de noviembre en el municipio de\u00a0Caborca. Se presume que el influencer muri\u00f3 de un infarto fulminante, seg\u00fan [&hellip;]","og_url":"https:\/\/fuentesfidedignas.com.mx\/index.php\/2023\/11\/06\/muere-el-wiko-de-caborca-famoso-por-su-frase-afedo-camate-pofavo\/","og_site_name":"Fuentes Fidedignas","article_publisher":"https:\/\/www.facebook.com\/Fuentes-Fidedignas-368234489921644","article_published_time":"2023-11-06T21:03:37+00:00","article_modified_time":"2023-11-06T21:04:19+00:00","og_image":[{"width":1939,"height":1068,"url":"https:\/\/fuentesfidedignas.com.mx\/wp-content\/uploads\/2023\/11\/SRTNUWLQBZAZFL4Y4VO54JXIJU.jpg","type":"image\/jpeg"}],"author":"Infobae","twitter_card":"summary_large_image","twitter_creator":"@fidedignas","twitter_site":"@fidedignas","twitter_misc":{"Escrito por":"Infobae","Tiempo de lectura":"2 minutos"},"schema":{"@context":"https:\/\/schema.org","@graph":[{"@type":"Article","@id":"https:\/\/fuentesfidedignas.com.mx\/index.php\/2023\/11\/06\/muere-el-wiko-de-caborca-famoso-por-su-frase-afedo-camate-pofavo\/#article","isPartOf":{"@id":"https:\/\/fuentesfidedignas.com.mx\/index.php\/2023\/11\/06\/muere-el-wiko-de-caborca-famoso-por-su-frase-afedo-camate-pofavo\/"},"author":{"name":"Infobae","@id":"https:\/\/fuentesfidedignas.com.mx\/#\/schema\/person\/8575896a7c1067d352f6c1cd6582c389"},"headline":"Muere El Wiko de Caborca, famoso por su frase \u201cAfedo, camate pofavo\u201d","datePublished":"2023-11-06T21:03:37+00:00","dateModified":"2023-11-06T21:04:19+00:00","mainEntityOfPage":{"@id":"https:\/\/fuentesfidedignas.com.mx\/index.php\/2023\/11\/06\/muere-el-wiko-de-caborca-famoso-por-su-frase-afedo-camate-pofavo\/"},"wordCount":405,"commentCount":0,"publisher":{"@id":"https:\/\/fuentesfidedignas.com.mx\/#organization"},"image":{"@id":"https:\/\/fuentesfidedignas.com.mx\/index.php\/2023\/11\/06\/muere-el-wiko-de-caborca-famoso-por-su-frase-afedo-camate-pofavo\/#primaryimage"},"thumbnailUrl":"https:\/\/fuentesfidedignas.com.mx\/wp-content\/uploads\/2023\/11\/SRTNUWLQBZAZFL4Y4VO54JXIJU.jpg","articleSection":["NOTICIAS NACIONALES"],"inLanguage":"es","potentialAction":[{"@type":"CommentAction","name":"Comment","target":["https:\/\/fuentesfidedignas.com.mx\/index.php\/2023\/11\/06\/muere-el-wiko-de-caborca-famoso-por-su-frase-afedo-camate-pofavo\/#respond"]}]},{"@type":"WebPage","@id":"https:\/\/fuentesfidedignas.com.mx\/index.php\/2023\/11\/06\/muere-el-wiko-de-caborca-famoso-por-su-frase-afedo-camate-pofavo\/","url":"https:\/\/fuentesfidedignas.com.mx\/index.php\/2023\/11\/06\/muere-el-wiko-de-caborca-famoso-por-su-frase-afedo-camate-pofavo\/","name":"Muere El Wiko de Caborca, famoso por su frase \u201cAfedo, camate pofavo\u201d - Fuentes Fidedignas","isPartOf":{"@id":"https:\/\/fuentesfidedignas.com.mx\/#website"},"primaryImageOfPage":{"@id":"https:\/\/fuentesfidedignas.com.mx\/index.php\/2023\/11\/06\/muere-el-wiko-de-caborca-famoso-por-su-frase-afedo-camate-pofavo\/#primaryimage"},"image":{"@id":"https:\/\/fuentesfidedignas.com.mx\/index.php\/2023\/11\/06\/muere-el-wiko-de-caborca-famoso-por-su-frase-afedo-camate-pofavo\/#primaryimage"},"thumbnailUrl":"https:\/\/fuentesfidedignas.com.mx\/wp-content\/uploads\/2023\/11\/SRTNUWLQBZAZFL4Y4VO54JXIJU.jpg","datePublished":"2023-11-06T21:03:37+00:00","dateModified":"2023-11-06T21:04:19+00:00","breadcrumb":{"@id":"https:\/\/fuentesfidedignas.com.mx\/index.php\/2023\/11\/06\/muere-el-wiko-de-caborca-famoso-por-su-frase-afedo-camate-pofavo\/#breadcrumb"},"inLanguage":"es","potentialAction":[{"@type":"ReadAction","target":["https:\/\/fuentesfidedignas.com.mx\/index.php\/2023\/11\/06\/muere-el-wiko-de-caborca-famoso-por-su-frase-afedo-camate-pofavo\/"]}]},{"@type":"ImageObject","inLanguage":"es","@id":"https:\/\/fuentesfidedignas.com.mx\/index.php\/2023\/11\/06\/muere-el-wiko-de-caborca-famoso-por-su-frase-afedo-camate-pofavo\/#primaryimage","url":"https:\/\/fuentesfidedignas.com.mx\/wp-content\/uploads\/2023\/11\/SRTNUWLQBZAZFL4Y4VO54JXIJU.jpg","contentUrl":"https:\/\/fuentesfidedignas.com.mx\/wp-content\/uploads\/2023\/11\/SRTNUWLQBZAZFL4Y4VO54JXIJU.jpg","width":1939,"height":1068},{"@type":"BreadcrumbList","@id":"https:\/\/fuentesfidedignas.com.mx\/index.php\/2023\/11\/06\/muere-el-wiko-de-caborca-famoso-por-su-frase-afedo-camate-pofavo\/#breadcrumb","itemListElement":[{"@type":"ListItem","position":1,"name":"Inicio","item":"https:\/\/fuentesfidedignas.com.mx\/"},{"@type":"ListItem","position":2,"name":"Muere El Wiko de Caborca, famoso por su frase \u201cAfedo, camate pofavo\u201d"}]},{"@type":"WebSite","@id":"https:\/\/fuentesfidedignas.com.mx\/#website","url":"https:\/\/fuentesfidedignas.com.mx\/","name":"Fuentes Fidedignas","description":"Otro sitio realizado con WordPress","publisher":{"@id":"https:\/\/fuentesfidedignas.com.mx\/#organization"},"potentialAction":[{"@type":"SearchAction","target":{"@type":"EntryPoint","urlTemplate":"https:\/\/fuentesfidedignas.com.mx\/?s={search_term_string}"},"query-input":{"@type":"PropertyValueSpecification","valueRequired":true,"valueName":"search_term_string"}}],"inLanguage":"es"},{"@type":"Organization","@id":"https:\/\/fuentesfidedignas.com.mx\/#organization","name":"Fuentes Fidedignas","url":"https:\/\/fuentesfidedignas.com.mx\/","logo":{"@type":"ImageObject","inLanguage":"es","@id":"https:\/\/fuentesfidedignas.com.mx\/#\/schema\/logo\/image\/","url":"https:\/\/fuentesfidedignas.com.mx\/wp-content\/uploads\/2021\/04\/logo-retina.png","contentUrl":"https:\/\/fuentesfidedignas.com.mx\/wp-content\/uploads\/2021\/04\/logo-retina.png","width":280,"height":51,"caption":"Fuentes Fidedignas"},"image":{"@id":"https:\/\/fuentesfidedignas.com.mx\/#\/schema\/logo\/image\/"},"sameAs":["https:\/\/www.facebook.com\/Fuentes-Fidedignas-368234489921644","https:\/\/x.com\/fidedignas"]},{"@type":"Person","@id":"https:\/\/fuentesfidedignas.com.mx\/#\/schema\/person\/8575896a7c1067d352f6c1cd6582c389","name":"Infobae","image":{"@type":"ImageObject","inLanguage":"es","@id":"https:\/\/secure.gravatar.com\/avatar\/e4ec95706f8d1670343f6526fdcec45474bab17475a851434a64ca12b5acba1c?s=96&d=mm&r=g","url":"https:\/\/secure.gravatar.com\/avatar\/e4ec95706f8d1670343f6526fdcec45474bab17475a851434a64ca12b5acba1c?s=96&d=mm&r=g","contentUrl":"https:\/\/secure.gravatar.com\/avatar\/e4ec95706f8d1670343f6526fdcec45474bab17475a851434a64ca12b5acba1c?s=96&d=mm&r=g","caption":"Infobae"},"url":"https:\/\/fuentesfidedignas.com.mx\/index.php\/author\/infobae\/"}]}},"_links":{"self":[{"href":"https:\/\/fuentesfidedignas.com.mx\/index.php\/wp-json\/wp\/v2\/posts\/64845","targetHints":{"allow":["GET"]}}],"collection":[{"href":"https:\/\/fuentesfidedignas.com.mx\/index.php\/wp-json\/wp\/v2\/posts"}],"about":[{"href":"https:\/\/fuentesfidedignas.com.mx\/index.php\/wp-json\/wp\/v2\/types\/post"}],"author":[{"embeddable":true,"href":"https:\/\/fuentesfidedignas.com.mx\/index.php\/wp-json\/wp\/v2\/users\/41"}],"replies":[{"embeddable":true,"href":"https:\/\/fuentesfidedignas.com.mx\/index.php\/wp-json\/wp\/v2\/comments?post=64845"}],"version-history":[{"count":1,"href":"https:\/\/fuentesfidedignas.com.mx\/index.php\/wp-json\/wp\/v2\/posts\/64845\/revisions"}],"predecessor-version":[{"id":64846,"href":"https:\/\/fuentesfidedignas.com.mx\/index.php\/wp-json\/wp\/v2\/posts\/64845\/revisions\/64846"}],"wp:featuredmedia":[{"embeddable":true,"href":"https:\/\/fuentesfidedignas.com.mx\/index.php\/wp-json\/wp\/v2\/media\/64847"}],"wp:attachment":[{"href":"https:\/\/fuentesfidedignas.com.mx\/index.php\/wp-json\/wp\/v2\/media?parent=64845"}],"wp:term":[{"taxonomy":"category","embeddable":true,"href":"https:\/\/fuentesfidedignas.com.mx\/index.php\/wp-json\/wp\/v2\/categories?post=64845"},{"taxonomy":"post_tag","embeddable":true,"href":"https:\/\/fuentesfidedignas.com.mx\/index.php\/wp-json\/wp\/v2\/tags?post=64845"}],"curies":[{"name":"wp","href":"https:\/\/api.w.org\/{rel}","templated":true}]}}