{"id":64842,"date":"2023-11-06T13:27:59","date_gmt":"2023-11-06T20:27:59","guid":{"rendered":"https:\/\/fuentesfidedignas.com.mx\/?p=64842"},"modified":"2023-11-06T13:29:36","modified_gmt":"2023-11-06T20:29:36","slug":"amlo-recomienda-a-benjamin-gil-para-dirigir-a-los-padres-de-san-diego","status":"publish","type":"post","link":"https:\/\/fuentesfidedignas.com.mx\/index.php\/2023\/11\/06\/amlo-recomienda-a-benjamin-gil-para-dirigir-a-los-padres-de-san-diego\/","title":{"rendered":"AMLO recomienda a Benjam\u00edn Gil para dirigir a los Padres de San Diego"},"content":{"rendered":"\n<p><br><strong><em>El mandatario hizo el llamado a los due\u00f1os de los Padres para que se decanten por el experimentado expelotero, pues asegur\u00f3, &#8220;es un m\u00e1nager de primera<\/em><\/strong>\u201d<\/p>\n\n\n\n<p>Ciudad de M\u00e9xico. Fiel a su costumbre y como un ferviente aficionado al beisbol, el presidente de M\u00e9xico, Andr\u00e9s Manuel L\u00f3pez Obrador recomend\u00f3 a los Padres de San Diego al m\u00e1nager mexicano Benjam\u00edn Gil tras enterarse de que el equipo de Grandes Ligas est\u00e1 en busca de quien los dirija en 2024.<\/p>\n\n\n\n<p>Lo anterior lo dio a conocer en la conferencia de prensa de este lunes 6 de noviembre de 2023, donde el mandatario hizo el llamado a los due\u00f1os de los Padres para que se decanten por el experimentado expelotero, pues asegur\u00f3, &#8220;es de primera\u201d.<\/p>\n\n\n\n<p>&#8220;<strong>Aprovecho para hacerle un llamado a los due\u00f1os de los Padres de San Diego que est\u00e1n buscando m\u00e1nager, ah\u00ed est\u00e1 Benjam\u00edn Gil, es de primera, \u00e9l ser\u00eda muy buen m\u00e1nager\u201d, extern\u00f3 el tabasque\u00f1o.<\/strong><\/p>\n\n\n\n<p>En este contexto, el jefe del Ejecutivo,&nbsp;<strong>resalt\u00f3 el palmar\u00e9s de Gil como entrenador<\/strong>, del cual destac\u00f3 sus campeonatos en la&nbsp;<a href=\"https:\/\/www.excelsior.com.mx\/adrenalina\/liga-mexicana-del-pacifico\" target=\"_blank\" rel=\"noreferrer noopener\">Liga Mexicana del Pac\u00edfico (LMP)<\/a>, as\u00ed como la reciente actuaci\u00f3n como l\u00edder de la Selecci\u00f3n Mexicana de Beisbol que compite en el&nbsp;<a href=\"https:\/\/www.excelsior.com.mx\/adrenalina\/clasico-mundial-de-beisbol\" target=\"_blank\" rel=\"noreferrer noopener\">Cl\u00e1sico Mundial&nbsp;<\/a>de la especialidad disputado este 2023 y en donde M\u00e9xico ocup\u00f3 el tercer puesto general.<\/p>\n\n\n\n<p>Asimismo,\u00a0<strong>el presidente hizo referencia a que Benjam\u00edn ya fue entrevistado por los due\u00f1os de los Padres, raz\u00f3n por la cual reiter\u00f3 que ojal\u00e1 sea elegido<\/strong>\u00a0el originario de Tijuana,\u00a0<a href=\"https:\/\/www.excelsior.com.mx\/baja-california\" target=\"_blank\" rel=\"noreferrer noopener\">Baja California<\/a>, pues eso abrir\u00eda m\u00e1s espacio al denominado Rey de los Deportes.<\/p>\n\n\n\n<blockquote class=\"wp-block-quote is-layout-flow wp-block-quote-is-layout-flow\">\n<p>El m\u00e1nager nuestro que obtuvo por primera vez el tercer lugar en la competencia nacional de beisbol mundial ser\u00eda buena opci\u00f3n. S\u00e9 que ya lo entrevistaron los due\u00f1os de San Diego, Benjam\u00edn Gil lo merece, entiendo que los equipos tienen sus protocolos pero ojal\u00e1 lo consideren, pues ha ganado la Liga Mexicana del Pac\u00edfico varios veces, tiene muchos campeonatos. Su llegada si se da nos puede ayudar para que se promueva m\u00e1s el beisbol\u201d, coment\u00f3 el mandatario.<\/p>\n<\/blockquote>\n\n\n\n<p>Por \u00faltimo,\u00a0<strong>el presidente tambi\u00e9n hizo un llamado a Alfredo Harp Hel\u00fa, para que apoye la iniciativa de que Benjam\u00edn Gil pueda tomar las riendas del equipo\u00a0<\/strong>de los Padres de San Diego, pues calific\u00f3 a Harp Hel\u00fa como el principal promotor del beisbol en M\u00e9xico.<\/p>\n\n\n\n<blockquote class=\"wp-block-quote is-layout-flow wp-block-quote-is-layout-flow\">\n<p>&#8220;En esta iniciativa de que Gil diriga a San Diego nos puede ayudar el que m\u00e1s promueve el beisbol en M\u00e9xico, Alfredo Harp Hel\u00fa, es el principal promotor en nuestro pa\u00eds. Me enter\u00e9, yo no sab\u00eda, que es accionista en los Padres, a lo mejor puede dar una opini\u00f3n\u201d, mencion\u00f3.<\/p>\n<\/blockquote>\n\n\n\n<h2 class=\"wp-block-heading\"><strong>Presume L\u00f3pez Obrador encuentro con Randy Arozarena<\/strong><\/h2>\n\n\n\n<p>Hablando de beisbol, el presidente mexicano,&nbsp;<strong>presumi\u00f3 a su estilo el encuentro que tuvo en d\u00edas recientes con el beisbolista originario de&nbsp;<\/strong><a href=\"https:\/\/www.excelsior.com.mx\/cuba\" target=\"_blank\" rel=\"noreferrer noopener\">Cuba<\/a><strong>, pero naturalizado ya mexicano, Randy Arozarena<\/strong>, el cual le firm\u00f3 a L\u00f3pez Obrador un jersey.<\/p>\n\n\n\n<p>El encuentro fue documentado mediante un video que se proyect\u00f3 esta ma\u00f1ana en el Sal\u00f3n de la Tesorer\u00eda de Palacio Nacional, donde se ve al pelotero acompa\u00f1ando al presidente y firmando el jersey de su equipo los Rays de Tampa Bay que a la postre le obsequi\u00f3 al tabasque\u00f1o.<\/p>\n\n\n\n<p>En este contexto,&nbsp;<strong>Randy agradeci\u00f3 el apoyo del presidente y sobre todo el de todos los mexicanos, pues explic\u00f3 que donde se para siempre la gente le demuestra mucho cari\u00f1o<\/strong>, por lo que asegur\u00f3 \u00e9l siempre le ser\u00e1 fiel a M\u00e9xico y representar\u00e1 sus colores en cada competencia que participe.<\/p>\n","protected":false},"excerpt":{"rendered":"<p>El mandatario hizo el llamado a los due\u00f1os de los Padres para que se decanten por el experimentado expelotero, pues asegur\u00f3, &#8220;es un m\u00e1nager de primera\u201d Ciudad de M\u00e9xico. Fiel a su costumbre y como un ferviente aficionado al beisbol, el presidente de M\u00e9xico, Andr\u00e9s Manuel L\u00f3pez Obrador recomend\u00f3 a los Padres de San Diego [&hellip;]<\/p>\n","protected":false},"author":7,"featured_media":64844,"comment_status":"open","ping_status":"open","sticky":false,"template":"","format":"standard","meta":{"tdm_status":"","tdm_grid_status":"","footnotes":""},"categories":[39,1],"tags":[],"class_list":{"0":"post-64842","1":"post","2":"type-post","3":"status-publish","4":"format-standard","5":"has-post-thumbnail","7":"category-noticias-nacionales","8":"category-sin-categoria"},"yoast_head":"<!-- This site is optimized with the Yoast SEO plugin v27.5 - https:\/\/yoast.com\/product\/yoast-seo-wordpress\/ -->\n<title>AMLO recomienda a Benjam\u00edn Gil para dirigir a los Padres de San Diego - Fuentes Fidedignas<\/title>\n<meta name=\"robots\" content=\"index, follow, max-snippet:-1, max-image-preview:large, max-video-preview:-1\" \/>\n<link rel=\"canonical\" href=\"https:\/\/fuentesfidedignas.com.mx\/index.php\/2023\/11\/06\/amlo-recomienda-a-benjamin-gil-para-dirigir-a-los-padres-de-san-diego\/\" \/>\n<meta property=\"og:locale\" content=\"es_MX\" \/>\n<meta property=\"og:type\" content=\"article\" \/>\n<meta property=\"og:title\" content=\"AMLO recomienda a Benjam\u00edn Gil para dirigir a los Padres de San Diego - Fuentes Fidedignas\" \/>\n<meta property=\"og:description\" content=\"El mandatario hizo el llamado a los due\u00f1os de los Padres para que se decanten por el experimentado expelotero, pues asegur\u00f3, &#8220;es un m\u00e1nager de primera\u201d Ciudad de M\u00e9xico. Fiel a su costumbre y como un ferviente aficionado al beisbol, el presidente de M\u00e9xico, Andr\u00e9s Manuel L\u00f3pez Obrador recomend\u00f3 a los Padres de San Diego [&hellip;]\" \/>\n<meta property=\"og:url\" content=\"https:\/\/fuentesfidedignas.com.mx\/index.php\/2023\/11\/06\/amlo-recomienda-a-benjamin-gil-para-dirigir-a-los-padres-de-san-diego\/\" \/>\n<meta property=\"og:site_name\" content=\"Fuentes Fidedignas\" \/>\n<meta property=\"article:publisher\" content=\"https:\/\/www.facebook.com\/Fuentes-Fidedignas-368234489921644\" \/>\n<meta property=\"article:published_time\" content=\"2023-11-06T20:27:59+00:00\" \/>\n<meta property=\"article:modified_time\" content=\"2023-11-06T20:29:36+00:00\" \/>\n<meta property=\"og:image\" content=\"https:\/\/fuentesfidedignas.com.mx\/wp-content\/uploads\/2023\/11\/3029448.jpg\" \/>\n\t<meta property=\"og:image:width\" content=\"800\" \/>\n\t<meta property=\"og:image:height\" content=\"600\" \/>\n\t<meta property=\"og:image:type\" content=\"image\/jpeg\" \/>\n<meta name=\"author\" content=\"Exc\u00e9lsior\" \/>\n<meta name=\"twitter:card\" content=\"summary_large_image\" \/>\n<meta name=\"twitter:creator\" content=\"@fidedignas\" \/>\n<meta name=\"twitter:site\" content=\"@fidedignas\" \/>\n<meta name=\"twitter:label1\" content=\"Escrito por\" \/>\n\t<meta name=\"twitter:data1\" content=\"Exc\u00e9lsior\" \/>\n\t<meta name=\"twitter:label2\" content=\"Tiempo de lectura\" \/>\n\t<meta name=\"twitter:data2\" content=\"3 minutos\" \/>\n<script type=\"application\/ld+json\" class=\"yoast-schema-graph\">{\"@context\":\"https:\\\/\\\/schema.org\",\"@graph\":[{\"@type\":\"Article\",\"@id\":\"https:\\\/\\\/fuentesfidedignas.com.mx\\\/index.php\\\/2023\\\/11\\\/06\\\/amlo-recomienda-a-benjamin-gil-para-dirigir-a-los-padres-de-san-diego\\\/#article\",\"isPartOf\":{\"@id\":\"https:\\\/\\\/fuentesfidedignas.com.mx\\\/index.php\\\/2023\\\/11\\\/06\\\/amlo-recomienda-a-benjamin-gil-para-dirigir-a-los-padres-de-san-diego\\\/\"},\"author\":{\"name\":\"Exc\u00e9lsior\",\"@id\":\"https:\\\/\\\/fuentesfidedignas.com.mx\\\/#\\\/schema\\\/person\\\/ec4edd1fbf5efa3e44fce34fe2787780\"},\"headline\":\"AMLO recomienda a Benjam\u00edn Gil para dirigir a los Padres de San Diego\",\"datePublished\":\"2023-11-06T20:27:59+00:00\",\"dateModified\":\"2023-11-06T20:29:36+00:00\",\"mainEntityOfPage\":{\"@id\":\"https:\\\/\\\/fuentesfidedignas.com.mx\\\/index.php\\\/2023\\\/11\\\/06\\\/amlo-recomienda-a-benjamin-gil-para-dirigir-a-los-padres-de-san-diego\\\/\"},\"wordCount\":645,\"commentCount\":0,\"publisher\":{\"@id\":\"https:\\\/\\\/fuentesfidedignas.com.mx\\\/#organization\"},\"image\":{\"@id\":\"https:\\\/\\\/fuentesfidedignas.com.mx\\\/index.php\\\/2023\\\/11\\\/06\\\/amlo-recomienda-a-benjamin-gil-para-dirigir-a-los-padres-de-san-diego\\\/#primaryimage\"},\"thumbnailUrl\":\"https:\\\/\\\/fuentesfidedignas.com.mx\\\/wp-content\\\/uploads\\\/2023\\\/11\\\/3029448.jpg\",\"articleSection\":[\"NOTICIAS NACIONALES\"],\"inLanguage\":\"es\",\"potentialAction\":[{\"@type\":\"CommentAction\",\"name\":\"Comment\",\"target\":[\"https:\\\/\\\/fuentesfidedignas.com.mx\\\/index.php\\\/2023\\\/11\\\/06\\\/amlo-recomienda-a-benjamin-gil-para-dirigir-a-los-padres-de-san-diego\\\/#respond\"]}]},{\"@type\":\"WebPage\",\"@id\":\"https:\\\/\\\/fuentesfidedignas.com.mx\\\/index.php\\\/2023\\\/11\\\/06\\\/amlo-recomienda-a-benjamin-gil-para-dirigir-a-los-padres-de-san-diego\\\/\",\"url\":\"https:\\\/\\\/fuentesfidedignas.com.mx\\\/index.php\\\/2023\\\/11\\\/06\\\/amlo-recomienda-a-benjamin-gil-para-dirigir-a-los-padres-de-san-diego\\\/\",\"name\":\"AMLO recomienda a Benjam\u00edn Gil para dirigir a los Padres de San Diego - Fuentes Fidedignas\",\"isPartOf\":{\"@id\":\"https:\\\/\\\/fuentesfidedignas.com.mx\\\/#website\"},\"primaryImageOfPage\":{\"@id\":\"https:\\\/\\\/fuentesfidedignas.com.mx\\\/index.php\\\/2023\\\/11\\\/06\\\/amlo-recomienda-a-benjamin-gil-para-dirigir-a-los-padres-de-san-diego\\\/#primaryimage\"},\"image\":{\"@id\":\"https:\\\/\\\/fuentesfidedignas.com.mx\\\/index.php\\\/2023\\\/11\\\/06\\\/amlo-recomienda-a-benjamin-gil-para-dirigir-a-los-padres-de-san-diego\\\/#primaryimage\"},\"thumbnailUrl\":\"https:\\\/\\\/fuentesfidedignas.com.mx\\\/wp-content\\\/uploads\\\/2023\\\/11\\\/3029448.jpg\",\"datePublished\":\"2023-11-06T20:27:59+00:00\",\"dateModified\":\"2023-11-06T20:29:36+00:00\",\"breadcrumb\":{\"@id\":\"https:\\\/\\\/fuentesfidedignas.com.mx\\\/index.php\\\/2023\\\/11\\\/06\\\/amlo-recomienda-a-benjamin-gil-para-dirigir-a-los-padres-de-san-diego\\\/#breadcrumb\"},\"inLanguage\":\"es\",\"potentialAction\":[{\"@type\":\"ReadAction\",\"target\":[\"https:\\\/\\\/fuentesfidedignas.com.mx\\\/index.php\\\/2023\\\/11\\\/06\\\/amlo-recomienda-a-benjamin-gil-para-dirigir-a-los-padres-de-san-diego\\\/\"]}]},{\"@type\":\"ImageObject\",\"inLanguage\":\"es\",\"@id\":\"https:\\\/\\\/fuentesfidedignas.com.mx\\\/index.php\\\/2023\\\/11\\\/06\\\/amlo-recomienda-a-benjamin-gil-para-dirigir-a-los-padres-de-san-diego\\\/#primaryimage\",\"url\":\"https:\\\/\\\/fuentesfidedignas.com.mx\\\/wp-content\\\/uploads\\\/2023\\\/11\\\/3029448.jpg\",\"contentUrl\":\"https:\\\/\\\/fuentesfidedignas.com.mx\\\/wp-content\\\/uploads\\\/2023\\\/11\\\/3029448.jpg\",\"width\":800,\"height\":600},{\"@type\":\"BreadcrumbList\",\"@id\":\"https:\\\/\\\/fuentesfidedignas.com.mx\\\/index.php\\\/2023\\\/11\\\/06\\\/amlo-recomienda-a-benjamin-gil-para-dirigir-a-los-padres-de-san-diego\\\/#breadcrumb\",\"itemListElement\":[{\"@type\":\"ListItem\",\"position\":1,\"name\":\"Inicio\",\"item\":\"https:\\\/\\\/fuentesfidedignas.com.mx\\\/\"},{\"@type\":\"ListItem\",\"position\":2,\"name\":\"AMLO recomienda a Benjam\u00edn Gil para dirigir a los Padres de San Diego\"}]},{\"@type\":\"WebSite\",\"@id\":\"https:\\\/\\\/fuentesfidedignas.com.mx\\\/#website\",\"url\":\"https:\\\/\\\/fuentesfidedignas.com.mx\\\/\",\"name\":\"Fuentes Fidedignas\",\"description\":\"Otro sitio realizado con WordPress\",\"publisher\":{\"@id\":\"https:\\\/\\\/fuentesfidedignas.com.mx\\\/#organization\"},\"potentialAction\":[{\"@type\":\"SearchAction\",\"target\":{\"@type\":\"EntryPoint\",\"urlTemplate\":\"https:\\\/\\\/fuentesfidedignas.com.mx\\\/?s={search_term_string}\"},\"query-input\":{\"@type\":\"PropertyValueSpecification\",\"valueRequired\":true,\"valueName\":\"search_term_string\"}}],\"inLanguage\":\"es\"},{\"@type\":\"Organization\",\"@id\":\"https:\\\/\\\/fuentesfidedignas.com.mx\\\/#organization\",\"name\":\"Fuentes Fidedignas\",\"url\":\"https:\\\/\\\/fuentesfidedignas.com.mx\\\/\",\"logo\":{\"@type\":\"ImageObject\",\"inLanguage\":\"es\",\"@id\":\"https:\\\/\\\/fuentesfidedignas.com.mx\\\/#\\\/schema\\\/logo\\\/image\\\/\",\"url\":\"https:\\\/\\\/fuentesfidedignas.com.mx\\\/wp-content\\\/uploads\\\/2021\\\/04\\\/logo-retina.png\",\"contentUrl\":\"https:\\\/\\\/fuentesfidedignas.com.mx\\\/wp-content\\\/uploads\\\/2021\\\/04\\\/logo-retina.png\",\"width\":280,\"height\":51,\"caption\":\"Fuentes Fidedignas\"},\"image\":{\"@id\":\"https:\\\/\\\/fuentesfidedignas.com.mx\\\/#\\\/schema\\\/logo\\\/image\\\/\"},\"sameAs\":[\"https:\\\/\\\/www.facebook.com\\\/Fuentes-Fidedignas-368234489921644\",\"https:\\\/\\\/x.com\\\/fidedignas\"]},{\"@type\":\"Person\",\"@id\":\"https:\\\/\\\/fuentesfidedignas.com.mx\\\/#\\\/schema\\\/person\\\/ec4edd1fbf5efa3e44fce34fe2787780\",\"name\":\"Exc\u00e9lsior\",\"image\":{\"@type\":\"ImageObject\",\"inLanguage\":\"es\",\"@id\":\"https:\\\/\\\/secure.gravatar.com\\\/avatar\\\/4b7ee9206b48be08447852b3f0814dbc7c0f3b51541b164f1464a2725614020b?s=96&d=mm&r=g\",\"url\":\"https:\\\/\\\/secure.gravatar.com\\\/avatar\\\/4b7ee9206b48be08447852b3f0814dbc7c0f3b51541b164f1464a2725614020b?s=96&d=mm&r=g\",\"contentUrl\":\"https:\\\/\\\/secure.gravatar.com\\\/avatar\\\/4b7ee9206b48be08447852b3f0814dbc7c0f3b51541b164f1464a2725614020b?s=96&d=mm&r=g\",\"caption\":\"Exc\u00e9lsior\"},\"url\":\"https:\\\/\\\/fuentesfidedignas.com.mx\\\/index.php\\\/author\\\/excelsior\\\/\"}]}<\/script>\n<!-- \/ Yoast SEO plugin. -->","yoast_head_json":{"title":"AMLO recomienda a Benjam\u00edn Gil para dirigir a los Padres de San Diego - Fuentes Fidedignas","robots":{"index":"index","follow":"follow","max-snippet":"max-snippet:-1","max-image-preview":"max-image-preview:large","max-video-preview":"max-video-preview:-1"},"canonical":"https:\/\/fuentesfidedignas.com.mx\/index.php\/2023\/11\/06\/amlo-recomienda-a-benjamin-gil-para-dirigir-a-los-padres-de-san-diego\/","og_locale":"es_MX","og_type":"article","og_title":"AMLO recomienda a Benjam\u00edn Gil para dirigir a los Padres de San Diego - Fuentes Fidedignas","og_description":"El mandatario hizo el llamado a los due\u00f1os de los Padres para que se decanten por el experimentado expelotero, pues asegur\u00f3, &#8220;es un m\u00e1nager de primera\u201d Ciudad de M\u00e9xico. Fiel a su costumbre y como un ferviente aficionado al beisbol, el presidente de M\u00e9xico, Andr\u00e9s Manuel L\u00f3pez Obrador recomend\u00f3 a los Padres de San Diego [&hellip;]","og_url":"https:\/\/fuentesfidedignas.com.mx\/index.php\/2023\/11\/06\/amlo-recomienda-a-benjamin-gil-para-dirigir-a-los-padres-de-san-diego\/","og_site_name":"Fuentes Fidedignas","article_publisher":"https:\/\/www.facebook.com\/Fuentes-Fidedignas-368234489921644","article_published_time":"2023-11-06T20:27:59+00:00","article_modified_time":"2023-11-06T20:29:36+00:00","og_image":[{"width":800,"height":600,"url":"https:\/\/fuentesfidedignas.com.mx\/wp-content\/uploads\/2023\/11\/3029448.jpg","type":"image\/jpeg"}],"author":"Exc\u00e9lsior","twitter_card":"summary_large_image","twitter_creator":"@fidedignas","twitter_site":"@fidedignas","twitter_misc":{"Escrito por":"Exc\u00e9lsior","Tiempo de lectura":"3 minutos"},"schema":{"@context":"https:\/\/schema.org","@graph":[{"@type":"Article","@id":"https:\/\/fuentesfidedignas.com.mx\/index.php\/2023\/11\/06\/amlo-recomienda-a-benjamin-gil-para-dirigir-a-los-padres-de-san-diego\/#article","isPartOf":{"@id":"https:\/\/fuentesfidedignas.com.mx\/index.php\/2023\/11\/06\/amlo-recomienda-a-benjamin-gil-para-dirigir-a-los-padres-de-san-diego\/"},"author":{"name":"Exc\u00e9lsior","@id":"https:\/\/fuentesfidedignas.com.mx\/#\/schema\/person\/ec4edd1fbf5efa3e44fce34fe2787780"},"headline":"AMLO recomienda a Benjam\u00edn Gil para dirigir a los Padres de San Diego","datePublished":"2023-11-06T20:27:59+00:00","dateModified":"2023-11-06T20:29:36+00:00","mainEntityOfPage":{"@id":"https:\/\/fuentesfidedignas.com.mx\/index.php\/2023\/11\/06\/amlo-recomienda-a-benjamin-gil-para-dirigir-a-los-padres-de-san-diego\/"},"wordCount":645,"commentCount":0,"publisher":{"@id":"https:\/\/fuentesfidedignas.com.mx\/#organization"},"image":{"@id":"https:\/\/fuentesfidedignas.com.mx\/index.php\/2023\/11\/06\/amlo-recomienda-a-benjamin-gil-para-dirigir-a-los-padres-de-san-diego\/#primaryimage"},"thumbnailUrl":"https:\/\/fuentesfidedignas.com.mx\/wp-content\/uploads\/2023\/11\/3029448.jpg","articleSection":["NOTICIAS NACIONALES"],"inLanguage":"es","potentialAction":[{"@type":"CommentAction","name":"Comment","target":["https:\/\/fuentesfidedignas.com.mx\/index.php\/2023\/11\/06\/amlo-recomienda-a-benjamin-gil-para-dirigir-a-los-padres-de-san-diego\/#respond"]}]},{"@type":"WebPage","@id":"https:\/\/fuentesfidedignas.com.mx\/index.php\/2023\/11\/06\/amlo-recomienda-a-benjamin-gil-para-dirigir-a-los-padres-de-san-diego\/","url":"https:\/\/fuentesfidedignas.com.mx\/index.php\/2023\/11\/06\/amlo-recomienda-a-benjamin-gil-para-dirigir-a-los-padres-de-san-diego\/","name":"AMLO recomienda a Benjam\u00edn Gil para dirigir a los Padres de San Diego - Fuentes Fidedignas","isPartOf":{"@id":"https:\/\/fuentesfidedignas.com.mx\/#website"},"primaryImageOfPage":{"@id":"https:\/\/fuentesfidedignas.com.mx\/index.php\/2023\/11\/06\/amlo-recomienda-a-benjamin-gil-para-dirigir-a-los-padres-de-san-diego\/#primaryimage"},"image":{"@id":"https:\/\/fuentesfidedignas.com.mx\/index.php\/2023\/11\/06\/amlo-recomienda-a-benjamin-gil-para-dirigir-a-los-padres-de-san-diego\/#primaryimage"},"thumbnailUrl":"https:\/\/fuentesfidedignas.com.mx\/wp-content\/uploads\/2023\/11\/3029448.jpg","datePublished":"2023-11-06T20:27:59+00:00","dateModified":"2023-11-06T20:29:36+00:00","breadcrumb":{"@id":"https:\/\/fuentesfidedignas.com.mx\/index.php\/2023\/11\/06\/amlo-recomienda-a-benjamin-gil-para-dirigir-a-los-padres-de-san-diego\/#breadcrumb"},"inLanguage":"es","potentialAction":[{"@type":"ReadAction","target":["https:\/\/fuentesfidedignas.com.mx\/index.php\/2023\/11\/06\/amlo-recomienda-a-benjamin-gil-para-dirigir-a-los-padres-de-san-diego\/"]}]},{"@type":"ImageObject","inLanguage":"es","@id":"https:\/\/fuentesfidedignas.com.mx\/index.php\/2023\/11\/06\/amlo-recomienda-a-benjamin-gil-para-dirigir-a-los-padres-de-san-diego\/#primaryimage","url":"https:\/\/fuentesfidedignas.com.mx\/wp-content\/uploads\/2023\/11\/3029448.jpg","contentUrl":"https:\/\/fuentesfidedignas.com.mx\/wp-content\/uploads\/2023\/11\/3029448.jpg","width":800,"height":600},{"@type":"BreadcrumbList","@id":"https:\/\/fuentesfidedignas.com.mx\/index.php\/2023\/11\/06\/amlo-recomienda-a-benjamin-gil-para-dirigir-a-los-padres-de-san-diego\/#breadcrumb","itemListElement":[{"@type":"ListItem","position":1,"name":"Inicio","item":"https:\/\/fuentesfidedignas.com.mx\/"},{"@type":"ListItem","position":2,"name":"AMLO recomienda a Benjam\u00edn Gil para dirigir a los Padres de San Diego"}]},{"@type":"WebSite","@id":"https:\/\/fuentesfidedignas.com.mx\/#website","url":"https:\/\/fuentesfidedignas.com.mx\/","name":"Fuentes Fidedignas","description":"Otro sitio realizado con WordPress","publisher":{"@id":"https:\/\/fuentesfidedignas.com.mx\/#organization"},"potentialAction":[{"@type":"SearchAction","target":{"@type":"EntryPoint","urlTemplate":"https:\/\/fuentesfidedignas.com.mx\/?s={search_term_string}"},"query-input":{"@type":"PropertyValueSpecification","valueRequired":true,"valueName":"search_term_string"}}],"inLanguage":"es"},{"@type":"Organization","@id":"https:\/\/fuentesfidedignas.com.mx\/#organization","name":"Fuentes Fidedignas","url":"https:\/\/fuentesfidedignas.com.mx\/","logo":{"@type":"ImageObject","inLanguage":"es","@id":"https:\/\/fuentesfidedignas.com.mx\/#\/schema\/logo\/image\/","url":"https:\/\/fuentesfidedignas.com.mx\/wp-content\/uploads\/2021\/04\/logo-retina.png","contentUrl":"https:\/\/fuentesfidedignas.com.mx\/wp-content\/uploads\/2021\/04\/logo-retina.png","width":280,"height":51,"caption":"Fuentes Fidedignas"},"image":{"@id":"https:\/\/fuentesfidedignas.com.mx\/#\/schema\/logo\/image\/"},"sameAs":["https:\/\/www.facebook.com\/Fuentes-Fidedignas-368234489921644","https:\/\/x.com\/fidedignas"]},{"@type":"Person","@id":"https:\/\/fuentesfidedignas.com.mx\/#\/schema\/person\/ec4edd1fbf5efa3e44fce34fe2787780","name":"Exc\u00e9lsior","image":{"@type":"ImageObject","inLanguage":"es","@id":"https:\/\/secure.gravatar.com\/avatar\/4b7ee9206b48be08447852b3f0814dbc7c0f3b51541b164f1464a2725614020b?s=96&d=mm&r=g","url":"https:\/\/secure.gravatar.com\/avatar\/4b7ee9206b48be08447852b3f0814dbc7c0f3b51541b164f1464a2725614020b?s=96&d=mm&r=g","contentUrl":"https:\/\/secure.gravatar.com\/avatar\/4b7ee9206b48be08447852b3f0814dbc7c0f3b51541b164f1464a2725614020b?s=96&d=mm&r=g","caption":"Exc\u00e9lsior"},"url":"https:\/\/fuentesfidedignas.com.mx\/index.php\/author\/excelsior\/"}]}},"_links":{"self":[{"href":"https:\/\/fuentesfidedignas.com.mx\/index.php\/wp-json\/wp\/v2\/posts\/64842","targetHints":{"allow":["GET"]}}],"collection":[{"href":"https:\/\/fuentesfidedignas.com.mx\/index.php\/wp-json\/wp\/v2\/posts"}],"about":[{"href":"https:\/\/fuentesfidedignas.com.mx\/index.php\/wp-json\/wp\/v2\/types\/post"}],"author":[{"embeddable":true,"href":"https:\/\/fuentesfidedignas.com.mx\/index.php\/wp-json\/wp\/v2\/users\/7"}],"replies":[{"embeddable":true,"href":"https:\/\/fuentesfidedignas.com.mx\/index.php\/wp-json\/wp\/v2\/comments?post=64842"}],"version-history":[{"count":1,"href":"https:\/\/fuentesfidedignas.com.mx\/index.php\/wp-json\/wp\/v2\/posts\/64842\/revisions"}],"predecessor-version":[{"id":64843,"href":"https:\/\/fuentesfidedignas.com.mx\/index.php\/wp-json\/wp\/v2\/posts\/64842\/revisions\/64843"}],"wp:featuredmedia":[{"embeddable":true,"href":"https:\/\/fuentesfidedignas.com.mx\/index.php\/wp-json\/wp\/v2\/media\/64844"}],"wp:attachment":[{"href":"https:\/\/fuentesfidedignas.com.mx\/index.php\/wp-json\/wp\/v2\/media?parent=64842"}],"wp:term":[{"taxonomy":"category","embeddable":true,"href":"https:\/\/fuentesfidedignas.com.mx\/index.php\/wp-json\/wp\/v2\/categories?post=64842"},{"taxonomy":"post_tag","embeddable":true,"href":"https:\/\/fuentesfidedignas.com.mx\/index.php\/wp-json\/wp\/v2\/tags?post=64842"}],"curies":[{"name":"wp","href":"https:\/\/api.w.org\/{rel}","templated":true}]}}