{"id":64836,"date":"2023-11-06T11:56:26","date_gmt":"2023-11-06T18:56:26","guid":{"rendered":"https:\/\/fuentesfidedignas.com.mx\/?p=64836"},"modified":"2023-11-06T11:57:23","modified_gmt":"2023-11-06T18:57:23","slug":"presenta-ase-informe-final-del-ejercicio-fiscal-2022-ante-la-comision-de-fiscalizacion","status":"publish","type":"post","link":"https:\/\/fuentesfidedignas.com.mx\/index.php\/2023\/11\/06\/presenta-ase-informe-final-del-ejercicio-fiscal-2022-ante-la-comision-de-fiscalizacion\/","title":{"rendered":"Presenta ASE informe final del ejercicio fiscal 2022 ante la Comisi\u00f3n de Fiscalizaci\u00f3n"},"content":{"rendered":"\n<p><\/p>\n\n\n\n<p>Culiac\u00e1n, Sin. En cumplimiento a la reforma publicada el d\u00eda 17 de agosto 2022 la Auditor\u00eda Superior del Estado, por primera vez se pronunci\u00f3 en un plazo de 30 d\u00edas h\u00e1biles de recibida las respuestas en relaci\u00f3n a las acciones y recomendaciones contenidas en los informes individuales, asimismo, emiti\u00f3 un informe final integral sobre el estado que guarda las solventaciones el cual fue presentado al Congreso del Estado de Sinaloa a trav\u00e9s de la Comisi\u00f3n de Fiscalizaci\u00f3n el d\u00eda 1 de noviembre del presente a\u00f1o.<\/p>\n\n\n\n<p>La Lic. Emma Guadalupe F\u00e9lix Rivera, Auditora Superior de Sinaloa, explic\u00f3 que tambi\u00e9n se present\u00f3 el informe anual a la Legislatura por conducto de su Comisi\u00f3n de Fiscalizaci\u00f3n el cual contiene el estado que guarda la solventaci\u00f3n de observaciones a las entidades fiscalizadas, respecto a cada uno de los informes individuales derivado de las funciones de fiscalizaci\u00f3n.<\/p>\n\n\n\n<p>\u201c<strong>Comentarles que la Auditor\u00eda Superior de Sinaloa ratifica su compromiso ante la sociedad y la legislatura al hacer entrega del informe anual del estado que guarda la solventaci\u00f3n de observaciones a las entidades fiscalizadas, as\u00ed como el informe final integral derivado del pronunciamiento sobre las respuestas emitidas por las entidades fiscalizadas a las acciones y recomendaciones contenidas en los informes individuales en tiempo y forma, es decir, a m\u00e1s tardar el d\u00eda 01 de noviembre del a\u00f1o de presentaci\u00f3n de la cuenta p\u00fablica, tal como lo marca la reforma en materia de fiscalizaci\u00f3n superior<\/strong>\u201d, coment\u00f3.<\/p>\n\n\n\n<p>La titular de la ASE, detall\u00f3 que el informe anual incluye los montos resarcidos a la Hacienda P\u00fablica Estatal o al patrimonio de los entes p\u00fablicos, la atenci\u00f3n a las recomendaciones, estatus de las denuncias penales y de los procedimientos de responsabilidad administrativa.<\/p>\n\n\n\n<p>Cabe precisar que en virtud al d\u00eda 1 de noviembre el plazo para pronunciarse respecto a las respuestas emitidas por las entidades fiscalizadas a\u00fan no venc\u00eda por lo que en dicha fecha se present\u00f3 un corte de lo evaluado y el d\u00eda 3 de noviembre se present\u00f3 la informaci\u00f3n de manera completa, con la finalidad de que el pleno del Congreso del Estado se encuentre en aptitud de concluir en tiempo y forma con la revisi\u00f3n de la cuenta p\u00fablica del ejercicio fiscal 2022.<\/p>\n","protected":false},"excerpt":{"rendered":"<p>Culiac\u00e1n, Sin. En cumplimiento a la reforma publicada el d\u00eda 17 de agosto 2022 la Auditor\u00eda Superior del Estado, por primera vez se pronunci\u00f3 en un plazo de 30 d\u00edas h\u00e1biles de recibida las respuestas en relaci\u00f3n a las acciones y recomendaciones contenidas en los informes individuales, asimismo, emiti\u00f3 un informe final integral sobre el [&hellip;]<\/p>\n","protected":false},"author":4,"featured_media":64838,"comment_status":"open","ping_status":"open","sticky":false,"template":"","format":"standard","meta":{"tdm_status":"","tdm_grid_status":"","footnotes":""},"categories":[37,1],"tags":[],"class_list":{"0":"post-64836","1":"post","2":"type-post","3":"status-publish","4":"format-standard","5":"has-post-thumbnail","7":"category-nota-principal","8":"category-sin-categoria"},"yoast_head":"<!-- This site is optimized with the Yoast SEO plugin v27.5 - https:\/\/yoast.com\/product\/yoast-seo-wordpress\/ -->\n<title>Presenta ASE informe final del ejercicio fiscal 2022 ante la Comisi\u00f3n de Fiscalizaci\u00f3n - Fuentes Fidedignas<\/title>\n<meta name=\"robots\" content=\"index, follow, max-snippet:-1, max-image-preview:large, max-video-preview:-1\" \/>\n<link rel=\"canonical\" href=\"https:\/\/fuentesfidedignas.com.mx\/index.php\/2023\/11\/06\/presenta-ase-informe-final-del-ejercicio-fiscal-2022-ante-la-comision-de-fiscalizacion\/\" \/>\n<meta property=\"og:locale\" content=\"es_MX\" \/>\n<meta property=\"og:type\" content=\"article\" \/>\n<meta property=\"og:title\" content=\"Presenta ASE informe final del ejercicio fiscal 2022 ante la Comisi\u00f3n de Fiscalizaci\u00f3n - Fuentes Fidedignas\" \/>\n<meta property=\"og:description\" content=\"Culiac\u00e1n, Sin. En cumplimiento a la reforma publicada el d\u00eda 17 de agosto 2022 la Auditor\u00eda Superior del Estado, por primera vez se pronunci\u00f3 en un plazo de 30 d\u00edas h\u00e1biles de recibida las respuestas en relaci\u00f3n a las acciones y recomendaciones contenidas en los informes individuales, asimismo, emiti\u00f3 un informe final integral sobre el [&hellip;]\" \/>\n<meta property=\"og:url\" content=\"https:\/\/fuentesfidedignas.com.mx\/index.php\/2023\/11\/06\/presenta-ase-informe-final-del-ejercicio-fiscal-2022-ante-la-comision-de-fiscalizacion\/\" \/>\n<meta property=\"og:site_name\" content=\"Fuentes Fidedignas\" \/>\n<meta property=\"article:publisher\" content=\"https:\/\/www.facebook.com\/Fuentes-Fidedignas-368234489921644\" \/>\n<meta property=\"article:published_time\" content=\"2023-11-06T18:56:26+00:00\" \/>\n<meta property=\"article:modified_time\" content=\"2023-11-06T18:57:23+00:00\" \/>\n<meta property=\"og:image\" content=\"https:\/\/fuentesfidedignas.com.mx\/wp-content\/uploads\/2023\/11\/auditora-110923-1068x760-1.jpeg\" \/>\n\t<meta property=\"og:image:width\" content=\"1068\" \/>\n\t<meta property=\"og:image:height\" content=\"760\" \/>\n\t<meta property=\"og:image:type\" content=\"image\/jpeg\" \/>\n<meta name=\"author\" content=\"Redacci\u00f3n\" \/>\n<meta name=\"twitter:card\" content=\"summary_large_image\" \/>\n<meta name=\"twitter:creator\" content=\"@fidedignas\" \/>\n<meta name=\"twitter:site\" content=\"@fidedignas\" \/>\n<meta name=\"twitter:label1\" content=\"Escrito por\" \/>\n\t<meta name=\"twitter:data1\" content=\"Redacci\u00f3n\" \/>\n\t<meta name=\"twitter:label2\" content=\"Tiempo de lectura\" \/>\n\t<meta name=\"twitter:data2\" content=\"2 minutos\" \/>\n<script type=\"application\/ld+json\" class=\"yoast-schema-graph\">{\"@context\":\"https:\\\/\\\/schema.org\",\"@graph\":[{\"@type\":\"Article\",\"@id\":\"https:\\\/\\\/fuentesfidedignas.com.mx\\\/index.php\\\/2023\\\/11\\\/06\\\/presenta-ase-informe-final-del-ejercicio-fiscal-2022-ante-la-comision-de-fiscalizacion\\\/#article\",\"isPartOf\":{\"@id\":\"https:\\\/\\\/fuentesfidedignas.com.mx\\\/index.php\\\/2023\\\/11\\\/06\\\/presenta-ase-informe-final-del-ejercicio-fiscal-2022-ante-la-comision-de-fiscalizacion\\\/\"},\"author\":{\"name\":\"Redacci\u00f3n\",\"@id\":\"https:\\\/\\\/fuentesfidedignas.com.mx\\\/#\\\/schema\\\/person\\\/331be9283d37198e2acd5750279085b0\"},\"headline\":\"Presenta ASE informe final del ejercicio fiscal 2022 ante la Comisi\u00f3n de Fiscalizaci\u00f3n\",\"datePublished\":\"2023-11-06T18:56:26+00:00\",\"dateModified\":\"2023-11-06T18:57:23+00:00\",\"mainEntityOfPage\":{\"@id\":\"https:\\\/\\\/fuentesfidedignas.com.mx\\\/index.php\\\/2023\\\/11\\\/06\\\/presenta-ase-informe-final-del-ejercicio-fiscal-2022-ante-la-comision-de-fiscalizacion\\\/\"},\"wordCount\":405,\"commentCount\":0,\"publisher\":{\"@id\":\"https:\\\/\\\/fuentesfidedignas.com.mx\\\/#organization\"},\"image\":{\"@id\":\"https:\\\/\\\/fuentesfidedignas.com.mx\\\/index.php\\\/2023\\\/11\\\/06\\\/presenta-ase-informe-final-del-ejercicio-fiscal-2022-ante-la-comision-de-fiscalizacion\\\/#primaryimage\"},\"thumbnailUrl\":\"https:\\\/\\\/fuentesfidedignas.com.mx\\\/wp-content\\\/uploads\\\/2023\\\/11\\\/auditora-110923-1068x760-1.jpeg\",\"articleSection\":[\"NOTA PRINCIPAL\"],\"inLanguage\":\"es\",\"potentialAction\":[{\"@type\":\"CommentAction\",\"name\":\"Comment\",\"target\":[\"https:\\\/\\\/fuentesfidedignas.com.mx\\\/index.php\\\/2023\\\/11\\\/06\\\/presenta-ase-informe-final-del-ejercicio-fiscal-2022-ante-la-comision-de-fiscalizacion\\\/#respond\"]}]},{\"@type\":\"WebPage\",\"@id\":\"https:\\\/\\\/fuentesfidedignas.com.mx\\\/index.php\\\/2023\\\/11\\\/06\\\/presenta-ase-informe-final-del-ejercicio-fiscal-2022-ante-la-comision-de-fiscalizacion\\\/\",\"url\":\"https:\\\/\\\/fuentesfidedignas.com.mx\\\/index.php\\\/2023\\\/11\\\/06\\\/presenta-ase-informe-final-del-ejercicio-fiscal-2022-ante-la-comision-de-fiscalizacion\\\/\",\"name\":\"Presenta ASE informe final del ejercicio fiscal 2022 ante la Comisi\u00f3n de Fiscalizaci\u00f3n - Fuentes Fidedignas\",\"isPartOf\":{\"@id\":\"https:\\\/\\\/fuentesfidedignas.com.mx\\\/#website\"},\"primaryImageOfPage\":{\"@id\":\"https:\\\/\\\/fuentesfidedignas.com.mx\\\/index.php\\\/2023\\\/11\\\/06\\\/presenta-ase-informe-final-del-ejercicio-fiscal-2022-ante-la-comision-de-fiscalizacion\\\/#primaryimage\"},\"image\":{\"@id\":\"https:\\\/\\\/fuentesfidedignas.com.mx\\\/index.php\\\/2023\\\/11\\\/06\\\/presenta-ase-informe-final-del-ejercicio-fiscal-2022-ante-la-comision-de-fiscalizacion\\\/#primaryimage\"},\"thumbnailUrl\":\"https:\\\/\\\/fuentesfidedignas.com.mx\\\/wp-content\\\/uploads\\\/2023\\\/11\\\/auditora-110923-1068x760-1.jpeg\",\"datePublished\":\"2023-11-06T18:56:26+00:00\",\"dateModified\":\"2023-11-06T18:57:23+00:00\",\"breadcrumb\":{\"@id\":\"https:\\\/\\\/fuentesfidedignas.com.mx\\\/index.php\\\/2023\\\/11\\\/06\\\/presenta-ase-informe-final-del-ejercicio-fiscal-2022-ante-la-comision-de-fiscalizacion\\\/#breadcrumb\"},\"inLanguage\":\"es\",\"potentialAction\":[{\"@type\":\"ReadAction\",\"target\":[\"https:\\\/\\\/fuentesfidedignas.com.mx\\\/index.php\\\/2023\\\/11\\\/06\\\/presenta-ase-informe-final-del-ejercicio-fiscal-2022-ante-la-comision-de-fiscalizacion\\\/\"]}]},{\"@type\":\"ImageObject\",\"inLanguage\":\"es\",\"@id\":\"https:\\\/\\\/fuentesfidedignas.com.mx\\\/index.php\\\/2023\\\/11\\\/06\\\/presenta-ase-informe-final-del-ejercicio-fiscal-2022-ante-la-comision-de-fiscalizacion\\\/#primaryimage\",\"url\":\"https:\\\/\\\/fuentesfidedignas.com.mx\\\/wp-content\\\/uploads\\\/2023\\\/11\\\/auditora-110923-1068x760-1.jpeg\",\"contentUrl\":\"https:\\\/\\\/fuentesfidedignas.com.mx\\\/wp-content\\\/uploads\\\/2023\\\/11\\\/auditora-110923-1068x760-1.jpeg\",\"width\":1068,\"height\":760},{\"@type\":\"BreadcrumbList\",\"@id\":\"https:\\\/\\\/fuentesfidedignas.com.mx\\\/index.php\\\/2023\\\/11\\\/06\\\/presenta-ase-informe-final-del-ejercicio-fiscal-2022-ante-la-comision-de-fiscalizacion\\\/#breadcrumb\",\"itemListElement\":[{\"@type\":\"ListItem\",\"position\":1,\"name\":\"Inicio\",\"item\":\"https:\\\/\\\/fuentesfidedignas.com.mx\\\/\"},{\"@type\":\"ListItem\",\"position\":2,\"name\":\"Presenta ASE informe final del ejercicio fiscal 2022 ante la Comisi\u00f3n de Fiscalizaci\u00f3n\"}]},{\"@type\":\"WebSite\",\"@id\":\"https:\\\/\\\/fuentesfidedignas.com.mx\\\/#website\",\"url\":\"https:\\\/\\\/fuentesfidedignas.com.mx\\\/\",\"name\":\"Fuentes Fidedignas\",\"description\":\"Otro sitio realizado con WordPress\",\"publisher\":{\"@id\":\"https:\\\/\\\/fuentesfidedignas.com.mx\\\/#organization\"},\"potentialAction\":[{\"@type\":\"SearchAction\",\"target\":{\"@type\":\"EntryPoint\",\"urlTemplate\":\"https:\\\/\\\/fuentesfidedignas.com.mx\\\/?s={search_term_string}\"},\"query-input\":{\"@type\":\"PropertyValueSpecification\",\"valueRequired\":true,\"valueName\":\"search_term_string\"}}],\"inLanguage\":\"es\"},{\"@type\":\"Organization\",\"@id\":\"https:\\\/\\\/fuentesfidedignas.com.mx\\\/#organization\",\"name\":\"Fuentes Fidedignas\",\"url\":\"https:\\\/\\\/fuentesfidedignas.com.mx\\\/\",\"logo\":{\"@type\":\"ImageObject\",\"inLanguage\":\"es\",\"@id\":\"https:\\\/\\\/fuentesfidedignas.com.mx\\\/#\\\/schema\\\/logo\\\/image\\\/\",\"url\":\"https:\\\/\\\/fuentesfidedignas.com.mx\\\/wp-content\\\/uploads\\\/2021\\\/04\\\/logo-retina.png\",\"contentUrl\":\"https:\\\/\\\/fuentesfidedignas.com.mx\\\/wp-content\\\/uploads\\\/2021\\\/04\\\/logo-retina.png\",\"width\":280,\"height\":51,\"caption\":\"Fuentes Fidedignas\"},\"image\":{\"@id\":\"https:\\\/\\\/fuentesfidedignas.com.mx\\\/#\\\/schema\\\/logo\\\/image\\\/\"},\"sameAs\":[\"https:\\\/\\\/www.facebook.com\\\/Fuentes-Fidedignas-368234489921644\",\"https:\\\/\\\/x.com\\\/fidedignas\"]},{\"@type\":\"Person\",\"@id\":\"https:\\\/\\\/fuentesfidedignas.com.mx\\\/#\\\/schema\\\/person\\\/331be9283d37198e2acd5750279085b0\",\"name\":\"Redacci\u00f3n\",\"image\":{\"@type\":\"ImageObject\",\"inLanguage\":\"es\",\"@id\":\"https:\\\/\\\/secure.gravatar.com\\\/avatar\\\/f6d8782c11d12b2d4ad3fbb6931aeab5309937a4d6cd2fc9cfaa28a6396a5aec?s=96&d=mm&r=g\",\"url\":\"https:\\\/\\\/secure.gravatar.com\\\/avatar\\\/f6d8782c11d12b2d4ad3fbb6931aeab5309937a4d6cd2fc9cfaa28a6396a5aec?s=96&d=mm&r=g\",\"contentUrl\":\"https:\\\/\\\/secure.gravatar.com\\\/avatar\\\/f6d8782c11d12b2d4ad3fbb6931aeab5309937a4d6cd2fc9cfaa28a6396a5aec?s=96&d=mm&r=g\",\"caption\":\"Redacci\u00f3n\"},\"url\":\"https:\\\/\\\/fuentesfidedignas.com.mx\\\/index.php\\\/author\\\/redaccion\\\/\"}]}<\/script>\n<!-- \/ Yoast SEO plugin. -->","yoast_head_json":{"title":"Presenta ASE informe final del ejercicio fiscal 2022 ante la Comisi\u00f3n de Fiscalizaci\u00f3n - Fuentes Fidedignas","robots":{"index":"index","follow":"follow","max-snippet":"max-snippet:-1","max-image-preview":"max-image-preview:large","max-video-preview":"max-video-preview:-1"},"canonical":"https:\/\/fuentesfidedignas.com.mx\/index.php\/2023\/11\/06\/presenta-ase-informe-final-del-ejercicio-fiscal-2022-ante-la-comision-de-fiscalizacion\/","og_locale":"es_MX","og_type":"article","og_title":"Presenta ASE informe final del ejercicio fiscal 2022 ante la Comisi\u00f3n de Fiscalizaci\u00f3n - Fuentes Fidedignas","og_description":"Culiac\u00e1n, Sin. En cumplimiento a la reforma publicada el d\u00eda 17 de agosto 2022 la Auditor\u00eda Superior del Estado, por primera vez se pronunci\u00f3 en un plazo de 30 d\u00edas h\u00e1biles de recibida las respuestas en relaci\u00f3n a las acciones y recomendaciones contenidas en los informes individuales, asimismo, emiti\u00f3 un informe final integral sobre el [&hellip;]","og_url":"https:\/\/fuentesfidedignas.com.mx\/index.php\/2023\/11\/06\/presenta-ase-informe-final-del-ejercicio-fiscal-2022-ante-la-comision-de-fiscalizacion\/","og_site_name":"Fuentes Fidedignas","article_publisher":"https:\/\/www.facebook.com\/Fuentes-Fidedignas-368234489921644","article_published_time":"2023-11-06T18:56:26+00:00","article_modified_time":"2023-11-06T18:57:23+00:00","og_image":[{"width":1068,"height":760,"url":"https:\/\/fuentesfidedignas.com.mx\/wp-content\/uploads\/2023\/11\/auditora-110923-1068x760-1.jpeg","type":"image\/jpeg"}],"author":"Redacci\u00f3n","twitter_card":"summary_large_image","twitter_creator":"@fidedignas","twitter_site":"@fidedignas","twitter_misc":{"Escrito por":"Redacci\u00f3n","Tiempo de lectura":"2 minutos"},"schema":{"@context":"https:\/\/schema.org","@graph":[{"@type":"Article","@id":"https:\/\/fuentesfidedignas.com.mx\/index.php\/2023\/11\/06\/presenta-ase-informe-final-del-ejercicio-fiscal-2022-ante-la-comision-de-fiscalizacion\/#article","isPartOf":{"@id":"https:\/\/fuentesfidedignas.com.mx\/index.php\/2023\/11\/06\/presenta-ase-informe-final-del-ejercicio-fiscal-2022-ante-la-comision-de-fiscalizacion\/"},"author":{"name":"Redacci\u00f3n","@id":"https:\/\/fuentesfidedignas.com.mx\/#\/schema\/person\/331be9283d37198e2acd5750279085b0"},"headline":"Presenta ASE informe final del ejercicio fiscal 2022 ante la Comisi\u00f3n de Fiscalizaci\u00f3n","datePublished":"2023-11-06T18:56:26+00:00","dateModified":"2023-11-06T18:57:23+00:00","mainEntityOfPage":{"@id":"https:\/\/fuentesfidedignas.com.mx\/index.php\/2023\/11\/06\/presenta-ase-informe-final-del-ejercicio-fiscal-2022-ante-la-comision-de-fiscalizacion\/"},"wordCount":405,"commentCount":0,"publisher":{"@id":"https:\/\/fuentesfidedignas.com.mx\/#organization"},"image":{"@id":"https:\/\/fuentesfidedignas.com.mx\/index.php\/2023\/11\/06\/presenta-ase-informe-final-del-ejercicio-fiscal-2022-ante-la-comision-de-fiscalizacion\/#primaryimage"},"thumbnailUrl":"https:\/\/fuentesfidedignas.com.mx\/wp-content\/uploads\/2023\/11\/auditora-110923-1068x760-1.jpeg","articleSection":["NOTA PRINCIPAL"],"inLanguage":"es","potentialAction":[{"@type":"CommentAction","name":"Comment","target":["https:\/\/fuentesfidedignas.com.mx\/index.php\/2023\/11\/06\/presenta-ase-informe-final-del-ejercicio-fiscal-2022-ante-la-comision-de-fiscalizacion\/#respond"]}]},{"@type":"WebPage","@id":"https:\/\/fuentesfidedignas.com.mx\/index.php\/2023\/11\/06\/presenta-ase-informe-final-del-ejercicio-fiscal-2022-ante-la-comision-de-fiscalizacion\/","url":"https:\/\/fuentesfidedignas.com.mx\/index.php\/2023\/11\/06\/presenta-ase-informe-final-del-ejercicio-fiscal-2022-ante-la-comision-de-fiscalizacion\/","name":"Presenta ASE informe final del ejercicio fiscal 2022 ante la Comisi\u00f3n de Fiscalizaci\u00f3n - Fuentes Fidedignas","isPartOf":{"@id":"https:\/\/fuentesfidedignas.com.mx\/#website"},"primaryImageOfPage":{"@id":"https:\/\/fuentesfidedignas.com.mx\/index.php\/2023\/11\/06\/presenta-ase-informe-final-del-ejercicio-fiscal-2022-ante-la-comision-de-fiscalizacion\/#primaryimage"},"image":{"@id":"https:\/\/fuentesfidedignas.com.mx\/index.php\/2023\/11\/06\/presenta-ase-informe-final-del-ejercicio-fiscal-2022-ante-la-comision-de-fiscalizacion\/#primaryimage"},"thumbnailUrl":"https:\/\/fuentesfidedignas.com.mx\/wp-content\/uploads\/2023\/11\/auditora-110923-1068x760-1.jpeg","datePublished":"2023-11-06T18:56:26+00:00","dateModified":"2023-11-06T18:57:23+00:00","breadcrumb":{"@id":"https:\/\/fuentesfidedignas.com.mx\/index.php\/2023\/11\/06\/presenta-ase-informe-final-del-ejercicio-fiscal-2022-ante-la-comision-de-fiscalizacion\/#breadcrumb"},"inLanguage":"es","potentialAction":[{"@type":"ReadAction","target":["https:\/\/fuentesfidedignas.com.mx\/index.php\/2023\/11\/06\/presenta-ase-informe-final-del-ejercicio-fiscal-2022-ante-la-comision-de-fiscalizacion\/"]}]},{"@type":"ImageObject","inLanguage":"es","@id":"https:\/\/fuentesfidedignas.com.mx\/index.php\/2023\/11\/06\/presenta-ase-informe-final-del-ejercicio-fiscal-2022-ante-la-comision-de-fiscalizacion\/#primaryimage","url":"https:\/\/fuentesfidedignas.com.mx\/wp-content\/uploads\/2023\/11\/auditora-110923-1068x760-1.jpeg","contentUrl":"https:\/\/fuentesfidedignas.com.mx\/wp-content\/uploads\/2023\/11\/auditora-110923-1068x760-1.jpeg","width":1068,"height":760},{"@type":"BreadcrumbList","@id":"https:\/\/fuentesfidedignas.com.mx\/index.php\/2023\/11\/06\/presenta-ase-informe-final-del-ejercicio-fiscal-2022-ante-la-comision-de-fiscalizacion\/#breadcrumb","itemListElement":[{"@type":"ListItem","position":1,"name":"Inicio","item":"https:\/\/fuentesfidedignas.com.mx\/"},{"@type":"ListItem","position":2,"name":"Presenta ASE informe final del ejercicio fiscal 2022 ante la Comisi\u00f3n de Fiscalizaci\u00f3n"}]},{"@type":"WebSite","@id":"https:\/\/fuentesfidedignas.com.mx\/#website","url":"https:\/\/fuentesfidedignas.com.mx\/","name":"Fuentes Fidedignas","description":"Otro sitio realizado con WordPress","publisher":{"@id":"https:\/\/fuentesfidedignas.com.mx\/#organization"},"potentialAction":[{"@type":"SearchAction","target":{"@type":"EntryPoint","urlTemplate":"https:\/\/fuentesfidedignas.com.mx\/?s={search_term_string}"},"query-input":{"@type":"PropertyValueSpecification","valueRequired":true,"valueName":"search_term_string"}}],"inLanguage":"es"},{"@type":"Organization","@id":"https:\/\/fuentesfidedignas.com.mx\/#organization","name":"Fuentes Fidedignas","url":"https:\/\/fuentesfidedignas.com.mx\/","logo":{"@type":"ImageObject","inLanguage":"es","@id":"https:\/\/fuentesfidedignas.com.mx\/#\/schema\/logo\/image\/","url":"https:\/\/fuentesfidedignas.com.mx\/wp-content\/uploads\/2021\/04\/logo-retina.png","contentUrl":"https:\/\/fuentesfidedignas.com.mx\/wp-content\/uploads\/2021\/04\/logo-retina.png","width":280,"height":51,"caption":"Fuentes Fidedignas"},"image":{"@id":"https:\/\/fuentesfidedignas.com.mx\/#\/schema\/logo\/image\/"},"sameAs":["https:\/\/www.facebook.com\/Fuentes-Fidedignas-368234489921644","https:\/\/x.com\/fidedignas"]},{"@type":"Person","@id":"https:\/\/fuentesfidedignas.com.mx\/#\/schema\/person\/331be9283d37198e2acd5750279085b0","name":"Redacci\u00f3n","image":{"@type":"ImageObject","inLanguage":"es","@id":"https:\/\/secure.gravatar.com\/avatar\/f6d8782c11d12b2d4ad3fbb6931aeab5309937a4d6cd2fc9cfaa28a6396a5aec?s=96&d=mm&r=g","url":"https:\/\/secure.gravatar.com\/avatar\/f6d8782c11d12b2d4ad3fbb6931aeab5309937a4d6cd2fc9cfaa28a6396a5aec?s=96&d=mm&r=g","contentUrl":"https:\/\/secure.gravatar.com\/avatar\/f6d8782c11d12b2d4ad3fbb6931aeab5309937a4d6cd2fc9cfaa28a6396a5aec?s=96&d=mm&r=g","caption":"Redacci\u00f3n"},"url":"https:\/\/fuentesfidedignas.com.mx\/index.php\/author\/redaccion\/"}]}},"_links":{"self":[{"href":"https:\/\/fuentesfidedignas.com.mx\/index.php\/wp-json\/wp\/v2\/posts\/64836","targetHints":{"allow":["GET"]}}],"collection":[{"href":"https:\/\/fuentesfidedignas.com.mx\/index.php\/wp-json\/wp\/v2\/posts"}],"about":[{"href":"https:\/\/fuentesfidedignas.com.mx\/index.php\/wp-json\/wp\/v2\/types\/post"}],"author":[{"embeddable":true,"href":"https:\/\/fuentesfidedignas.com.mx\/index.php\/wp-json\/wp\/v2\/users\/4"}],"replies":[{"embeddable":true,"href":"https:\/\/fuentesfidedignas.com.mx\/index.php\/wp-json\/wp\/v2\/comments?post=64836"}],"version-history":[{"count":1,"href":"https:\/\/fuentesfidedignas.com.mx\/index.php\/wp-json\/wp\/v2\/posts\/64836\/revisions"}],"predecessor-version":[{"id":64837,"href":"https:\/\/fuentesfidedignas.com.mx\/index.php\/wp-json\/wp\/v2\/posts\/64836\/revisions\/64837"}],"wp:featuredmedia":[{"embeddable":true,"href":"https:\/\/fuentesfidedignas.com.mx\/index.php\/wp-json\/wp\/v2\/media\/64838"}],"wp:attachment":[{"href":"https:\/\/fuentesfidedignas.com.mx\/index.php\/wp-json\/wp\/v2\/media?parent=64836"}],"wp:term":[{"taxonomy":"category","embeddable":true,"href":"https:\/\/fuentesfidedignas.com.mx\/index.php\/wp-json\/wp\/v2\/categories?post=64836"},{"taxonomy":"post_tag","embeddable":true,"href":"https:\/\/fuentesfidedignas.com.mx\/index.php\/wp-json\/wp\/v2\/tags?post=64836"}],"curies":[{"name":"wp","href":"https:\/\/api.w.org\/{rel}","templated":true}]}}