{"id":64830,"date":"2023-11-06T10:53:59","date_gmt":"2023-11-06T17:53:59","guid":{"rendered":"https:\/\/fuentesfidedignas.com.mx\/?p=64830"},"modified":"2023-11-06T10:54:46","modified_gmt":"2023-11-06T17:54:46","slug":"participacion-politica-de-la-mujer-debe-trascender-a-la-igualdad-social-feliciano-castro","status":"publish","type":"post","link":"https:\/\/fuentesfidedignas.com.mx\/index.php\/2023\/11\/06\/participacion-politica-de-la-mujer-debe-trascender-a-la-igualdad-social-feliciano-castro\/","title":{"rendered":"Participaci\u00f3n pol\u00edtica de la mujer debe trascender a la igualdad social: Feliciano Castro"},"content":{"rendered":"\n<p><\/p>\n\n\n\n<p>Culiac\u00e1n, Sin. La mujer es una fuerza que empuja por su propia naturaleza y su formaci\u00f3n cultural; en ella habita el humanismo, el amor humano, y ese es lo que genera la expectativa de trascender de la paridad lograda a la igualdad social, asegur\u00f3 el diputado Feliciano Castro Mel\u00e9ndrez.<\/p>\n\n\n\n<p>El presidente de la Junta de Coordinaci\u00f3n Pol\u00edtica del Congreso del Estado de Sinaloa particip\u00f3 este lunes en el Encuentro Legislativo \u201cSinaloa en la ruta del sufragio: Del voto a la paridad\u201d, que tuvo lugar en el Sal\u00f3n Constituyentes de 1917, que se organiz\u00f3 con motivo del 70 aniversario del derecho logrado por las mujeres a votar y ser votadas.<\/p>\n\n\n\n<p>El diputado Feliciano Castro resalt\u00f3 el inter\u00e9s de la 64 Legislatura por trabajar a favor de las mujeres, ya que de las 40 diputaciones que hay en el Congreso, 23 son ocupadas por mujeres, y gracias al esfuerzo de ellas y el respaldo de diputados, se han reformado 27 leyes diversas a favor del sexo femenino.<\/p>\n\n\n\n<p>Como ejemplo de estas reformas cit\u00f3 un tema que hab\u00eda generado muchas controversias, como es el aborto, y que sin embargo ahora Sinaloa tiene una de las leyes m\u00e1s avanzadas sobre la materia no s\u00f3lo a nivel nacional, sino en toda Latinoam\u00e9rica.<\/p>\n\n\n\n<p>Gracias a esta reforma, dijo, en Sinaloa las mujeres pueden interrumpir el embarazo hasta las 13 semanas, que es el tiempo promedio de interrupci\u00f3n en Europa.<\/p>\n\n\n\n<p>En muchas entidades federativas de M\u00e9xico, observ\u00f3, la interrupci\u00f3n se permite como l\u00edmite a las 12 semanas, pero adem\u00e1s en Sinaloa se puede ir m\u00e1s all\u00e1 con algunas condiciones y excepciones.<\/p>\n\n\n\n<p>&#8220;Nos atrevimos a revisar incluso un tema que es muy importante, como es el lenguaje. Se sosten\u00eda que ten\u00edamos que hablar del aborto, pero esa palabra tiene una connotaci\u00f3n peyorativa, estigmatiza, y por eso cambiamos la palabra por interrupci\u00f3n del embarazo\u201d, observ\u00f3.<\/p>\n\n\n\n<p>En lo que es la tem\u00e1tica del encuentro legislativo, el diputado Feliciano Castro remarc\u00f3 que ya se trabaj\u00f3 para ir del voto a la paridad, pero agreg\u00f3 que ahora se requiere trabajar para avanzar de la paridad a una pol\u00edtica que ponga en el centro una perspectiva humanista\u201d.<\/p>\n\n\n\n<p>Aqu\u00ed reconoci\u00f3 que la mujer es una fuerza que empuja por su propia naturaleza cultural, pues en ella habita el humanismo, el amor humano, y es esto lo que abre la expectativa de trascender de la paridad a la igualdad social. El voto es importante, y gracias a la lucha de muchas mujeres del pa\u00eds se logr\u00f3 el derecho al voto y a ser votada y se avanz\u00f3 en la paridad.<br>Pero ahora, puntualiz\u00f3, el reto superior es ir de la paridad a la igualdad social, se trata de darle contenido a la participaci\u00f3n pol\u00edtica. Y en esa perspectiva, la mujer, como fuerza pol\u00edtica, ha venido siendo ejemplo.<\/p>\n\n\n\n<p>El evento, en cuya inauguraci\u00f3n particip\u00f3 la titular de la Secretar\u00eda de las Mujeres, Teresa Guerra Ochoa, tiene como objetivo hacer un recuento de avances y retos en materia legislativa para disminuir la brecha de desigualdad en la representaci\u00f3n y participaci\u00f3n pol\u00edtica de las mujeres, as\u00ed como tambi\u00e9n dise\u00f1ar e implementar acciones tendientes a fortalecer su participaci\u00f3n pol\u00edtica.<\/p>\n","protected":false},"excerpt":{"rendered":"<p>Culiac\u00e1n, Sin. La mujer es una fuerza que empuja por su propia naturaleza y su formaci\u00f3n cultural; en ella habita el humanismo, el amor humano, y ese es lo que genera la expectativa de trascender de la paridad lograda a la igualdad social, asegur\u00f3 el diputado Feliciano Castro Mel\u00e9ndrez. El presidente de la Junta de [&hellip;]<\/p>\n","protected":false},"author":4,"featured_media":64832,"comment_status":"open","ping_status":"open","sticky":false,"template":"","format":"standard","meta":{"tdm_status":"","tdm_grid_status":"","footnotes":""},"categories":[38,1],"tags":[],"class_list":{"0":"post-64830","1":"post","2":"type-post","3":"status-publish","4":"format-standard","5":"has-post-thumbnail","7":"category-noticias-locales","8":"category-sin-categoria"},"yoast_head":"<!-- This site is optimized with the Yoast SEO plugin v27.5 - https:\/\/yoast.com\/product\/yoast-seo-wordpress\/ -->\n<title>Participaci\u00f3n pol\u00edtica de la mujer debe trascender a la igualdad social: Feliciano Castro - Fuentes Fidedignas<\/title>\n<meta name=\"robots\" content=\"index, follow, max-snippet:-1, max-image-preview:large, max-video-preview:-1\" \/>\n<link rel=\"canonical\" href=\"https:\/\/fuentesfidedignas.com.mx\/index.php\/2023\/11\/06\/participacion-politica-de-la-mujer-debe-trascender-a-la-igualdad-social-feliciano-castro\/\" \/>\n<meta property=\"og:locale\" content=\"es_MX\" \/>\n<meta property=\"og:type\" content=\"article\" \/>\n<meta property=\"og:title\" content=\"Participaci\u00f3n pol\u00edtica de la mujer debe trascender a la igualdad social: Feliciano Castro - Fuentes Fidedignas\" \/>\n<meta property=\"og:description\" content=\"Culiac\u00e1n, Sin. La mujer es una fuerza que empuja por su propia naturaleza y su formaci\u00f3n cultural; en ella habita el humanismo, el amor humano, y ese es lo que genera la expectativa de trascender de la paridad lograda a la igualdad social, asegur\u00f3 el diputado Feliciano Castro Mel\u00e9ndrez. El presidente de la Junta de [&hellip;]\" \/>\n<meta property=\"og:url\" content=\"https:\/\/fuentesfidedignas.com.mx\/index.php\/2023\/11\/06\/participacion-politica-de-la-mujer-debe-trascender-a-la-igualdad-social-feliciano-castro\/\" \/>\n<meta property=\"og:site_name\" content=\"Fuentes Fidedignas\" \/>\n<meta property=\"article:publisher\" content=\"https:\/\/www.facebook.com\/Fuentes-Fidedignas-368234489921644\" \/>\n<meta property=\"article:published_time\" content=\"2023-11-06T17:53:59+00:00\" \/>\n<meta property=\"article:modified_time\" content=\"2023-11-06T17:54:46+00:00\" \/>\n<meta property=\"og:image\" content=\"https:\/\/fuentesfidedignas.com.mx\/wp-content\/uploads\/2023\/11\/IMG-20231106-WA0011.jpg\" \/>\n\t<meta property=\"og:image:width\" content=\"1024\" \/>\n\t<meta property=\"og:image:height\" content=\"684\" \/>\n\t<meta property=\"og:image:type\" content=\"image\/jpeg\" \/>\n<meta name=\"author\" content=\"Redacci\u00f3n\" \/>\n<meta name=\"twitter:card\" content=\"summary_large_image\" \/>\n<meta name=\"twitter:creator\" content=\"@fidedignas\" \/>\n<meta name=\"twitter:site\" content=\"@fidedignas\" \/>\n<meta name=\"twitter:label1\" content=\"Escrito por\" \/>\n\t<meta name=\"twitter:data1\" content=\"Redacci\u00f3n\" \/>\n\t<meta name=\"twitter:label2\" content=\"Tiempo de lectura\" \/>\n\t<meta name=\"twitter:data2\" content=\"3 minutos\" \/>\n<script type=\"application\/ld+json\" class=\"yoast-schema-graph\">{\"@context\":\"https:\\\/\\\/schema.org\",\"@graph\":[{\"@type\":\"Article\",\"@id\":\"https:\\\/\\\/fuentesfidedignas.com.mx\\\/index.php\\\/2023\\\/11\\\/06\\\/participacion-politica-de-la-mujer-debe-trascender-a-la-igualdad-social-feliciano-castro\\\/#article\",\"isPartOf\":{\"@id\":\"https:\\\/\\\/fuentesfidedignas.com.mx\\\/index.php\\\/2023\\\/11\\\/06\\\/participacion-politica-de-la-mujer-debe-trascender-a-la-igualdad-social-feliciano-castro\\\/\"},\"author\":{\"name\":\"Redacci\u00f3n\",\"@id\":\"https:\\\/\\\/fuentesfidedignas.com.mx\\\/#\\\/schema\\\/person\\\/331be9283d37198e2acd5750279085b0\"},\"headline\":\"Participaci\u00f3n pol\u00edtica de la mujer debe trascender a la igualdad social: Feliciano Castro\",\"datePublished\":\"2023-11-06T17:53:59+00:00\",\"dateModified\":\"2023-11-06T17:54:46+00:00\",\"mainEntityOfPage\":{\"@id\":\"https:\\\/\\\/fuentesfidedignas.com.mx\\\/index.php\\\/2023\\\/11\\\/06\\\/participacion-politica-de-la-mujer-debe-trascender-a-la-igualdad-social-feliciano-castro\\\/\"},\"wordCount\":563,\"commentCount\":0,\"publisher\":{\"@id\":\"https:\\\/\\\/fuentesfidedignas.com.mx\\\/#organization\"},\"image\":{\"@id\":\"https:\\\/\\\/fuentesfidedignas.com.mx\\\/index.php\\\/2023\\\/11\\\/06\\\/participacion-politica-de-la-mujer-debe-trascender-a-la-igualdad-social-feliciano-castro\\\/#primaryimage\"},\"thumbnailUrl\":\"https:\\\/\\\/fuentesfidedignas.com.mx\\\/wp-content\\\/uploads\\\/2023\\\/11\\\/IMG-20231106-WA0011.jpg\",\"articleSection\":[\"NOTICIAS LOCALES\"],\"inLanguage\":\"es\",\"potentialAction\":[{\"@type\":\"CommentAction\",\"name\":\"Comment\",\"target\":[\"https:\\\/\\\/fuentesfidedignas.com.mx\\\/index.php\\\/2023\\\/11\\\/06\\\/participacion-politica-de-la-mujer-debe-trascender-a-la-igualdad-social-feliciano-castro\\\/#respond\"]}]},{\"@type\":\"WebPage\",\"@id\":\"https:\\\/\\\/fuentesfidedignas.com.mx\\\/index.php\\\/2023\\\/11\\\/06\\\/participacion-politica-de-la-mujer-debe-trascender-a-la-igualdad-social-feliciano-castro\\\/\",\"url\":\"https:\\\/\\\/fuentesfidedignas.com.mx\\\/index.php\\\/2023\\\/11\\\/06\\\/participacion-politica-de-la-mujer-debe-trascender-a-la-igualdad-social-feliciano-castro\\\/\",\"name\":\"Participaci\u00f3n pol\u00edtica de la mujer debe trascender a la igualdad social: Feliciano Castro - Fuentes Fidedignas\",\"isPartOf\":{\"@id\":\"https:\\\/\\\/fuentesfidedignas.com.mx\\\/#website\"},\"primaryImageOfPage\":{\"@id\":\"https:\\\/\\\/fuentesfidedignas.com.mx\\\/index.php\\\/2023\\\/11\\\/06\\\/participacion-politica-de-la-mujer-debe-trascender-a-la-igualdad-social-feliciano-castro\\\/#primaryimage\"},\"image\":{\"@id\":\"https:\\\/\\\/fuentesfidedignas.com.mx\\\/index.php\\\/2023\\\/11\\\/06\\\/participacion-politica-de-la-mujer-debe-trascender-a-la-igualdad-social-feliciano-castro\\\/#primaryimage\"},\"thumbnailUrl\":\"https:\\\/\\\/fuentesfidedignas.com.mx\\\/wp-content\\\/uploads\\\/2023\\\/11\\\/IMG-20231106-WA0011.jpg\",\"datePublished\":\"2023-11-06T17:53:59+00:00\",\"dateModified\":\"2023-11-06T17:54:46+00:00\",\"breadcrumb\":{\"@id\":\"https:\\\/\\\/fuentesfidedignas.com.mx\\\/index.php\\\/2023\\\/11\\\/06\\\/participacion-politica-de-la-mujer-debe-trascender-a-la-igualdad-social-feliciano-castro\\\/#breadcrumb\"},\"inLanguage\":\"es\",\"potentialAction\":[{\"@type\":\"ReadAction\",\"target\":[\"https:\\\/\\\/fuentesfidedignas.com.mx\\\/index.php\\\/2023\\\/11\\\/06\\\/participacion-politica-de-la-mujer-debe-trascender-a-la-igualdad-social-feliciano-castro\\\/\"]}]},{\"@type\":\"ImageObject\",\"inLanguage\":\"es\",\"@id\":\"https:\\\/\\\/fuentesfidedignas.com.mx\\\/index.php\\\/2023\\\/11\\\/06\\\/participacion-politica-de-la-mujer-debe-trascender-a-la-igualdad-social-feliciano-castro\\\/#primaryimage\",\"url\":\"https:\\\/\\\/fuentesfidedignas.com.mx\\\/wp-content\\\/uploads\\\/2023\\\/11\\\/IMG-20231106-WA0011.jpg\",\"contentUrl\":\"https:\\\/\\\/fuentesfidedignas.com.mx\\\/wp-content\\\/uploads\\\/2023\\\/11\\\/IMG-20231106-WA0011.jpg\",\"width\":1024,\"height\":684},{\"@type\":\"BreadcrumbList\",\"@id\":\"https:\\\/\\\/fuentesfidedignas.com.mx\\\/index.php\\\/2023\\\/11\\\/06\\\/participacion-politica-de-la-mujer-debe-trascender-a-la-igualdad-social-feliciano-castro\\\/#breadcrumb\",\"itemListElement\":[{\"@type\":\"ListItem\",\"position\":1,\"name\":\"Inicio\",\"item\":\"https:\\\/\\\/fuentesfidedignas.com.mx\\\/\"},{\"@type\":\"ListItem\",\"position\":2,\"name\":\"Participaci\u00f3n pol\u00edtica de la mujer debe trascender a la igualdad social: Feliciano Castro\"}]},{\"@type\":\"WebSite\",\"@id\":\"https:\\\/\\\/fuentesfidedignas.com.mx\\\/#website\",\"url\":\"https:\\\/\\\/fuentesfidedignas.com.mx\\\/\",\"name\":\"Fuentes Fidedignas\",\"description\":\"Otro sitio realizado con WordPress\",\"publisher\":{\"@id\":\"https:\\\/\\\/fuentesfidedignas.com.mx\\\/#organization\"},\"potentialAction\":[{\"@type\":\"SearchAction\",\"target\":{\"@type\":\"EntryPoint\",\"urlTemplate\":\"https:\\\/\\\/fuentesfidedignas.com.mx\\\/?s={search_term_string}\"},\"query-input\":{\"@type\":\"PropertyValueSpecification\",\"valueRequired\":true,\"valueName\":\"search_term_string\"}}],\"inLanguage\":\"es\"},{\"@type\":\"Organization\",\"@id\":\"https:\\\/\\\/fuentesfidedignas.com.mx\\\/#organization\",\"name\":\"Fuentes Fidedignas\",\"url\":\"https:\\\/\\\/fuentesfidedignas.com.mx\\\/\",\"logo\":{\"@type\":\"ImageObject\",\"inLanguage\":\"es\",\"@id\":\"https:\\\/\\\/fuentesfidedignas.com.mx\\\/#\\\/schema\\\/logo\\\/image\\\/\",\"url\":\"https:\\\/\\\/fuentesfidedignas.com.mx\\\/wp-content\\\/uploads\\\/2021\\\/04\\\/logo-retina.png\",\"contentUrl\":\"https:\\\/\\\/fuentesfidedignas.com.mx\\\/wp-content\\\/uploads\\\/2021\\\/04\\\/logo-retina.png\",\"width\":280,\"height\":51,\"caption\":\"Fuentes Fidedignas\"},\"image\":{\"@id\":\"https:\\\/\\\/fuentesfidedignas.com.mx\\\/#\\\/schema\\\/logo\\\/image\\\/\"},\"sameAs\":[\"https:\\\/\\\/www.facebook.com\\\/Fuentes-Fidedignas-368234489921644\",\"https:\\\/\\\/x.com\\\/fidedignas\"]},{\"@type\":\"Person\",\"@id\":\"https:\\\/\\\/fuentesfidedignas.com.mx\\\/#\\\/schema\\\/person\\\/331be9283d37198e2acd5750279085b0\",\"name\":\"Redacci\u00f3n\",\"image\":{\"@type\":\"ImageObject\",\"inLanguage\":\"es\",\"@id\":\"https:\\\/\\\/secure.gravatar.com\\\/avatar\\\/f6d8782c11d12b2d4ad3fbb6931aeab5309937a4d6cd2fc9cfaa28a6396a5aec?s=96&d=mm&r=g\",\"url\":\"https:\\\/\\\/secure.gravatar.com\\\/avatar\\\/f6d8782c11d12b2d4ad3fbb6931aeab5309937a4d6cd2fc9cfaa28a6396a5aec?s=96&d=mm&r=g\",\"contentUrl\":\"https:\\\/\\\/secure.gravatar.com\\\/avatar\\\/f6d8782c11d12b2d4ad3fbb6931aeab5309937a4d6cd2fc9cfaa28a6396a5aec?s=96&d=mm&r=g\",\"caption\":\"Redacci\u00f3n\"},\"url\":\"https:\\\/\\\/fuentesfidedignas.com.mx\\\/index.php\\\/author\\\/redaccion\\\/\"}]}<\/script>\n<!-- \/ Yoast SEO plugin. -->","yoast_head_json":{"title":"Participaci\u00f3n pol\u00edtica de la mujer debe trascender a la igualdad social: Feliciano Castro - Fuentes Fidedignas","robots":{"index":"index","follow":"follow","max-snippet":"max-snippet:-1","max-image-preview":"max-image-preview:large","max-video-preview":"max-video-preview:-1"},"canonical":"https:\/\/fuentesfidedignas.com.mx\/index.php\/2023\/11\/06\/participacion-politica-de-la-mujer-debe-trascender-a-la-igualdad-social-feliciano-castro\/","og_locale":"es_MX","og_type":"article","og_title":"Participaci\u00f3n pol\u00edtica de la mujer debe trascender a la igualdad social: Feliciano Castro - Fuentes Fidedignas","og_description":"Culiac\u00e1n, Sin. La mujer es una fuerza que empuja por su propia naturaleza y su formaci\u00f3n cultural; en ella habita el humanismo, el amor humano, y ese es lo que genera la expectativa de trascender de la paridad lograda a la igualdad social, asegur\u00f3 el diputado Feliciano Castro Mel\u00e9ndrez. El presidente de la Junta de [&hellip;]","og_url":"https:\/\/fuentesfidedignas.com.mx\/index.php\/2023\/11\/06\/participacion-politica-de-la-mujer-debe-trascender-a-la-igualdad-social-feliciano-castro\/","og_site_name":"Fuentes Fidedignas","article_publisher":"https:\/\/www.facebook.com\/Fuentes-Fidedignas-368234489921644","article_published_time":"2023-11-06T17:53:59+00:00","article_modified_time":"2023-11-06T17:54:46+00:00","og_image":[{"width":1024,"height":684,"url":"https:\/\/fuentesfidedignas.com.mx\/wp-content\/uploads\/2023\/11\/IMG-20231106-WA0011.jpg","type":"image\/jpeg"}],"author":"Redacci\u00f3n","twitter_card":"summary_large_image","twitter_creator":"@fidedignas","twitter_site":"@fidedignas","twitter_misc":{"Escrito por":"Redacci\u00f3n","Tiempo de lectura":"3 minutos"},"schema":{"@context":"https:\/\/schema.org","@graph":[{"@type":"Article","@id":"https:\/\/fuentesfidedignas.com.mx\/index.php\/2023\/11\/06\/participacion-politica-de-la-mujer-debe-trascender-a-la-igualdad-social-feliciano-castro\/#article","isPartOf":{"@id":"https:\/\/fuentesfidedignas.com.mx\/index.php\/2023\/11\/06\/participacion-politica-de-la-mujer-debe-trascender-a-la-igualdad-social-feliciano-castro\/"},"author":{"name":"Redacci\u00f3n","@id":"https:\/\/fuentesfidedignas.com.mx\/#\/schema\/person\/331be9283d37198e2acd5750279085b0"},"headline":"Participaci\u00f3n pol\u00edtica de la mujer debe trascender a la igualdad social: Feliciano Castro","datePublished":"2023-11-06T17:53:59+00:00","dateModified":"2023-11-06T17:54:46+00:00","mainEntityOfPage":{"@id":"https:\/\/fuentesfidedignas.com.mx\/index.php\/2023\/11\/06\/participacion-politica-de-la-mujer-debe-trascender-a-la-igualdad-social-feliciano-castro\/"},"wordCount":563,"commentCount":0,"publisher":{"@id":"https:\/\/fuentesfidedignas.com.mx\/#organization"},"image":{"@id":"https:\/\/fuentesfidedignas.com.mx\/index.php\/2023\/11\/06\/participacion-politica-de-la-mujer-debe-trascender-a-la-igualdad-social-feliciano-castro\/#primaryimage"},"thumbnailUrl":"https:\/\/fuentesfidedignas.com.mx\/wp-content\/uploads\/2023\/11\/IMG-20231106-WA0011.jpg","articleSection":["NOTICIAS LOCALES"],"inLanguage":"es","potentialAction":[{"@type":"CommentAction","name":"Comment","target":["https:\/\/fuentesfidedignas.com.mx\/index.php\/2023\/11\/06\/participacion-politica-de-la-mujer-debe-trascender-a-la-igualdad-social-feliciano-castro\/#respond"]}]},{"@type":"WebPage","@id":"https:\/\/fuentesfidedignas.com.mx\/index.php\/2023\/11\/06\/participacion-politica-de-la-mujer-debe-trascender-a-la-igualdad-social-feliciano-castro\/","url":"https:\/\/fuentesfidedignas.com.mx\/index.php\/2023\/11\/06\/participacion-politica-de-la-mujer-debe-trascender-a-la-igualdad-social-feliciano-castro\/","name":"Participaci\u00f3n pol\u00edtica de la mujer debe trascender a la igualdad social: Feliciano Castro - Fuentes Fidedignas","isPartOf":{"@id":"https:\/\/fuentesfidedignas.com.mx\/#website"},"primaryImageOfPage":{"@id":"https:\/\/fuentesfidedignas.com.mx\/index.php\/2023\/11\/06\/participacion-politica-de-la-mujer-debe-trascender-a-la-igualdad-social-feliciano-castro\/#primaryimage"},"image":{"@id":"https:\/\/fuentesfidedignas.com.mx\/index.php\/2023\/11\/06\/participacion-politica-de-la-mujer-debe-trascender-a-la-igualdad-social-feliciano-castro\/#primaryimage"},"thumbnailUrl":"https:\/\/fuentesfidedignas.com.mx\/wp-content\/uploads\/2023\/11\/IMG-20231106-WA0011.jpg","datePublished":"2023-11-06T17:53:59+00:00","dateModified":"2023-11-06T17:54:46+00:00","breadcrumb":{"@id":"https:\/\/fuentesfidedignas.com.mx\/index.php\/2023\/11\/06\/participacion-politica-de-la-mujer-debe-trascender-a-la-igualdad-social-feliciano-castro\/#breadcrumb"},"inLanguage":"es","potentialAction":[{"@type":"ReadAction","target":["https:\/\/fuentesfidedignas.com.mx\/index.php\/2023\/11\/06\/participacion-politica-de-la-mujer-debe-trascender-a-la-igualdad-social-feliciano-castro\/"]}]},{"@type":"ImageObject","inLanguage":"es","@id":"https:\/\/fuentesfidedignas.com.mx\/index.php\/2023\/11\/06\/participacion-politica-de-la-mujer-debe-trascender-a-la-igualdad-social-feliciano-castro\/#primaryimage","url":"https:\/\/fuentesfidedignas.com.mx\/wp-content\/uploads\/2023\/11\/IMG-20231106-WA0011.jpg","contentUrl":"https:\/\/fuentesfidedignas.com.mx\/wp-content\/uploads\/2023\/11\/IMG-20231106-WA0011.jpg","width":1024,"height":684},{"@type":"BreadcrumbList","@id":"https:\/\/fuentesfidedignas.com.mx\/index.php\/2023\/11\/06\/participacion-politica-de-la-mujer-debe-trascender-a-la-igualdad-social-feliciano-castro\/#breadcrumb","itemListElement":[{"@type":"ListItem","position":1,"name":"Inicio","item":"https:\/\/fuentesfidedignas.com.mx\/"},{"@type":"ListItem","position":2,"name":"Participaci\u00f3n pol\u00edtica de la mujer debe trascender a la igualdad social: Feliciano Castro"}]},{"@type":"WebSite","@id":"https:\/\/fuentesfidedignas.com.mx\/#website","url":"https:\/\/fuentesfidedignas.com.mx\/","name":"Fuentes Fidedignas","description":"Otro sitio realizado con WordPress","publisher":{"@id":"https:\/\/fuentesfidedignas.com.mx\/#organization"},"potentialAction":[{"@type":"SearchAction","target":{"@type":"EntryPoint","urlTemplate":"https:\/\/fuentesfidedignas.com.mx\/?s={search_term_string}"},"query-input":{"@type":"PropertyValueSpecification","valueRequired":true,"valueName":"search_term_string"}}],"inLanguage":"es"},{"@type":"Organization","@id":"https:\/\/fuentesfidedignas.com.mx\/#organization","name":"Fuentes Fidedignas","url":"https:\/\/fuentesfidedignas.com.mx\/","logo":{"@type":"ImageObject","inLanguage":"es","@id":"https:\/\/fuentesfidedignas.com.mx\/#\/schema\/logo\/image\/","url":"https:\/\/fuentesfidedignas.com.mx\/wp-content\/uploads\/2021\/04\/logo-retina.png","contentUrl":"https:\/\/fuentesfidedignas.com.mx\/wp-content\/uploads\/2021\/04\/logo-retina.png","width":280,"height":51,"caption":"Fuentes Fidedignas"},"image":{"@id":"https:\/\/fuentesfidedignas.com.mx\/#\/schema\/logo\/image\/"},"sameAs":["https:\/\/www.facebook.com\/Fuentes-Fidedignas-368234489921644","https:\/\/x.com\/fidedignas"]},{"@type":"Person","@id":"https:\/\/fuentesfidedignas.com.mx\/#\/schema\/person\/331be9283d37198e2acd5750279085b0","name":"Redacci\u00f3n","image":{"@type":"ImageObject","inLanguage":"es","@id":"https:\/\/secure.gravatar.com\/avatar\/f6d8782c11d12b2d4ad3fbb6931aeab5309937a4d6cd2fc9cfaa28a6396a5aec?s=96&d=mm&r=g","url":"https:\/\/secure.gravatar.com\/avatar\/f6d8782c11d12b2d4ad3fbb6931aeab5309937a4d6cd2fc9cfaa28a6396a5aec?s=96&d=mm&r=g","contentUrl":"https:\/\/secure.gravatar.com\/avatar\/f6d8782c11d12b2d4ad3fbb6931aeab5309937a4d6cd2fc9cfaa28a6396a5aec?s=96&d=mm&r=g","caption":"Redacci\u00f3n"},"url":"https:\/\/fuentesfidedignas.com.mx\/index.php\/author\/redaccion\/"}]}},"_links":{"self":[{"href":"https:\/\/fuentesfidedignas.com.mx\/index.php\/wp-json\/wp\/v2\/posts\/64830","targetHints":{"allow":["GET"]}}],"collection":[{"href":"https:\/\/fuentesfidedignas.com.mx\/index.php\/wp-json\/wp\/v2\/posts"}],"about":[{"href":"https:\/\/fuentesfidedignas.com.mx\/index.php\/wp-json\/wp\/v2\/types\/post"}],"author":[{"embeddable":true,"href":"https:\/\/fuentesfidedignas.com.mx\/index.php\/wp-json\/wp\/v2\/users\/4"}],"replies":[{"embeddable":true,"href":"https:\/\/fuentesfidedignas.com.mx\/index.php\/wp-json\/wp\/v2\/comments?post=64830"}],"version-history":[{"count":1,"href":"https:\/\/fuentesfidedignas.com.mx\/index.php\/wp-json\/wp\/v2\/posts\/64830\/revisions"}],"predecessor-version":[{"id":64831,"href":"https:\/\/fuentesfidedignas.com.mx\/index.php\/wp-json\/wp\/v2\/posts\/64830\/revisions\/64831"}],"wp:featuredmedia":[{"embeddable":true,"href":"https:\/\/fuentesfidedignas.com.mx\/index.php\/wp-json\/wp\/v2\/media\/64832"}],"wp:attachment":[{"href":"https:\/\/fuentesfidedignas.com.mx\/index.php\/wp-json\/wp\/v2\/media?parent=64830"}],"wp:term":[{"taxonomy":"category","embeddable":true,"href":"https:\/\/fuentesfidedignas.com.mx\/index.php\/wp-json\/wp\/v2\/categories?post=64830"},{"taxonomy":"post_tag","embeddable":true,"href":"https:\/\/fuentesfidedignas.com.mx\/index.php\/wp-json\/wp\/v2\/tags?post=64830"}],"curies":[{"name":"wp","href":"https:\/\/api.w.org\/{rel}","templated":true}]}}