{"id":64804,"date":"2023-11-06T06:26:55","date_gmt":"2023-11-06T13:26:55","guid":{"rendered":"https:\/\/fuentesfidedignas.com.mx\/?p=64804"},"modified":"2023-11-06T06:28:07","modified_gmt":"2023-11-06T13:28:07","slug":"morena-iniciara-precampanas-el-11-de-noviembre-mario-delgado","status":"publish","type":"post","link":"https:\/\/fuentesfidedignas.com.mx\/index.php\/2023\/11\/06\/morena-iniciara-precampanas-el-11-de-noviembre-mario-delgado\/","title":{"rendered":"Morena iniciar\u00e1 precampa\u00f1as el 11 de noviembre, anuncia Mario Delgado"},"content":{"rendered":"\n<p><strong><em>Morena arrancar\u00e1 sus precampa\u00f1as despu\u00e9s de que tenga definidos a sus precandidatos a las nueve gubernaturas que se renovar\u00e1n en 2024<\/em><\/strong><\/p>\n\n\n\n<p>Ciudad de M\u00e9xico.- Mario Delgado, dirigente nacional de Morena, anunci\u00f3 que el partido iniciar\u00e1 su precampa\u00f1a el 11 de noviembre, tras la definici\u00f3n de sus precandidatos a las nueve gubernaturas que se renovar\u00e1n en 2024.<\/p>\n\n\n\n<p>&#8220;Nosotros no hemos decidido a nuestros precandidatos y precandidatas; lo vamos a decidir hasta el pr\u00f3ximo viernes 10 de noviembre y en ese momento vamos a registrar a estos perfiles para que inicien su precampa\u00f1a, porque hay dudas de si estamos en falta por no haber arrancado hoy. Es un derecho de los partidos hacer precampa\u00f1a y lo vamos a hacer a partir del 11\u2033, detall\u00f3 Delgado Carrillo, ante el arranque del periodo de precampa\u00f1as en Ciudad de M\u00e9xico, Yucat\u00e1n y Jalisco, que fue este mismo domingo.<\/p>\n\n\n\n<p>El dirigente nacional de Morena record\u00f3 que la Comisi\u00f3n Nacional de Elecciones solicit\u00f3 ayer s\u00e1bado a los aspirantes a las coordinaciones de Defensa de la Transformaci\u00f3n suspender de cualquier tipo de actividad p\u00fablica o privada que tenga como objetivo promocionarse o darse a conocer, con el objetivo de que no se les tome como actos anticipados de precampa\u00f1a, un acuerdo que entr\u00f3 en vigor este domingo.<\/p>\n\n\n\n<p>Delgado Carrillo asegur\u00f3 que se respetar\u00e1 el acuerdo de paridad que orden\u00f3 el Instituto Nacional Electoral (INE), por lo que postular\u00e1n al menos a cinco mujeres para gubernaturas.<\/p>\n","protected":false},"excerpt":{"rendered":"<p>Morena arrancar\u00e1 sus precampa\u00f1as despu\u00e9s de que tenga definidos a sus precandidatos a las nueve gubernaturas que se renovar\u00e1n en 2024 Ciudad de M\u00e9xico.- Mario Delgado, dirigente nacional de Morena, anunci\u00f3 que el partido iniciar\u00e1 su precampa\u00f1a el 11 de noviembre, tras la definici\u00f3n de sus precandidatos a las nueve gubernaturas que se renovar\u00e1n en [&hellip;]<\/p>\n","protected":false},"author":47,"featured_media":60634,"comment_status":"open","ping_status":"open","sticky":false,"template":"","format":"standard","meta":{"tdm_status":"","tdm_grid_status":"","footnotes":""},"categories":[39],"tags":[],"class_list":{"0":"post-64804","1":"post","2":"type-post","3":"status-publish","4":"format-standard","5":"has-post-thumbnail","7":"category-noticias-nacionales"},"yoast_head":"<!-- This site is optimized with the Yoast SEO plugin v27.5 - https:\/\/yoast.com\/product\/yoast-seo-wordpress\/ -->\n<title>Morena iniciar\u00e1 precampa\u00f1as el 11 de noviembre, anuncia Mario Delgado - Fuentes Fidedignas<\/title>\n<meta name=\"robots\" content=\"index, follow, max-snippet:-1, max-image-preview:large, max-video-preview:-1\" \/>\n<link rel=\"canonical\" href=\"https:\/\/fuentesfidedignas.com.mx\/index.php\/2023\/11\/06\/morena-iniciara-precampanas-el-11-de-noviembre-mario-delgado\/\" \/>\n<meta property=\"og:locale\" content=\"es_MX\" \/>\n<meta property=\"og:type\" content=\"article\" \/>\n<meta property=\"og:title\" content=\"Morena iniciar\u00e1 precampa\u00f1as el 11 de noviembre, anuncia Mario Delgado - Fuentes Fidedignas\" \/>\n<meta property=\"og:description\" content=\"Morena arrancar\u00e1 sus precampa\u00f1as despu\u00e9s de que tenga definidos a sus precandidatos a las nueve gubernaturas que se renovar\u00e1n en 2024 Ciudad de M\u00e9xico.- Mario Delgado, dirigente nacional de Morena, anunci\u00f3 que el partido iniciar\u00e1 su precampa\u00f1a el 11 de noviembre, tras la definici\u00f3n de sus precandidatos a las nueve gubernaturas que se renovar\u00e1n en [&hellip;]\" \/>\n<meta property=\"og:url\" content=\"https:\/\/fuentesfidedignas.com.mx\/index.php\/2023\/11\/06\/morena-iniciara-precampanas-el-11-de-noviembre-mario-delgado\/\" \/>\n<meta property=\"og:site_name\" content=\"Fuentes Fidedignas\" \/>\n<meta property=\"article:publisher\" content=\"https:\/\/www.facebook.com\/Fuentes-Fidedignas-368234489921644\" \/>\n<meta property=\"article:published_time\" content=\"2023-11-06T13:26:55+00:00\" \/>\n<meta property=\"article:modified_time\" content=\"2023-11-06T13:28:07+00:00\" \/>\n<meta property=\"og:image\" content=\"https:\/\/fuentesfidedignas.com.mx\/wp-content\/uploads\/2023\/09\/morena-g-1-e1695922086920.jpeg\" \/>\n\t<meta property=\"og:image:width\" content=\"600\" \/>\n\t<meta property=\"og:image:height\" content=\"400\" \/>\n\t<meta property=\"og:image:type\" content=\"image\/jpeg\" \/>\n<meta name=\"author\" content=\"L\u00f3pez D\u00f3riga\" \/>\n<meta name=\"twitter:card\" content=\"summary_large_image\" \/>\n<meta name=\"twitter:creator\" content=\"@fidedignas\" \/>\n<meta name=\"twitter:site\" content=\"@fidedignas\" \/>\n<meta name=\"twitter:label1\" content=\"Escrito por\" \/>\n\t<meta name=\"twitter:data1\" content=\"L\u00f3pez D\u00f3riga\" \/>\n\t<meta name=\"twitter:label2\" content=\"Tiempo de lectura\" \/>\n\t<meta name=\"twitter:data2\" content=\"2 minutos\" \/>\n<script type=\"application\/ld+json\" class=\"yoast-schema-graph\">{\"@context\":\"https:\\\/\\\/schema.org\",\"@graph\":[{\"@type\":\"Article\",\"@id\":\"https:\\\/\\\/fuentesfidedignas.com.mx\\\/index.php\\\/2023\\\/11\\\/06\\\/morena-iniciara-precampanas-el-11-de-noviembre-mario-delgado\\\/#article\",\"isPartOf\":{\"@id\":\"https:\\\/\\\/fuentesfidedignas.com.mx\\\/index.php\\\/2023\\\/11\\\/06\\\/morena-iniciara-precampanas-el-11-de-noviembre-mario-delgado\\\/\"},\"author\":{\"name\":\"L\u00f3pez D\u00f3riga\",\"@id\":\"https:\\\/\\\/fuentesfidedignas.com.mx\\\/#\\\/schema\\\/person\\\/67d852f0557c8509146a4b9ddebd543a\"},\"headline\":\"Morena iniciar\u00e1 precampa\u00f1as el 11 de noviembre, anuncia Mario Delgado\",\"datePublished\":\"2023-11-06T13:26:55+00:00\",\"dateModified\":\"2023-11-06T13:28:07+00:00\",\"mainEntityOfPage\":{\"@id\":\"https:\\\/\\\/fuentesfidedignas.com.mx\\\/index.php\\\/2023\\\/11\\\/06\\\/morena-iniciara-precampanas-el-11-de-noviembre-mario-delgado\\\/\"},\"wordCount\":262,\"commentCount\":0,\"publisher\":{\"@id\":\"https:\\\/\\\/fuentesfidedignas.com.mx\\\/#organization\"},\"image\":{\"@id\":\"https:\\\/\\\/fuentesfidedignas.com.mx\\\/index.php\\\/2023\\\/11\\\/06\\\/morena-iniciara-precampanas-el-11-de-noviembre-mario-delgado\\\/#primaryimage\"},\"thumbnailUrl\":\"https:\\\/\\\/fuentesfidedignas.com.mx\\\/wp-content\\\/uploads\\\/2023\\\/09\\\/morena-g-1-e1695922086920.jpeg\",\"articleSection\":[\"NOTICIAS NACIONALES\"],\"inLanguage\":\"es\",\"potentialAction\":[{\"@type\":\"CommentAction\",\"name\":\"Comment\",\"target\":[\"https:\\\/\\\/fuentesfidedignas.com.mx\\\/index.php\\\/2023\\\/11\\\/06\\\/morena-iniciara-precampanas-el-11-de-noviembre-mario-delgado\\\/#respond\"]}]},{\"@type\":\"WebPage\",\"@id\":\"https:\\\/\\\/fuentesfidedignas.com.mx\\\/index.php\\\/2023\\\/11\\\/06\\\/morena-iniciara-precampanas-el-11-de-noviembre-mario-delgado\\\/\",\"url\":\"https:\\\/\\\/fuentesfidedignas.com.mx\\\/index.php\\\/2023\\\/11\\\/06\\\/morena-iniciara-precampanas-el-11-de-noviembre-mario-delgado\\\/\",\"name\":\"Morena iniciar\u00e1 precampa\u00f1as el 11 de noviembre, anuncia Mario Delgado - Fuentes Fidedignas\",\"isPartOf\":{\"@id\":\"https:\\\/\\\/fuentesfidedignas.com.mx\\\/#website\"},\"primaryImageOfPage\":{\"@id\":\"https:\\\/\\\/fuentesfidedignas.com.mx\\\/index.php\\\/2023\\\/11\\\/06\\\/morena-iniciara-precampanas-el-11-de-noviembre-mario-delgado\\\/#primaryimage\"},\"image\":{\"@id\":\"https:\\\/\\\/fuentesfidedignas.com.mx\\\/index.php\\\/2023\\\/11\\\/06\\\/morena-iniciara-precampanas-el-11-de-noviembre-mario-delgado\\\/#primaryimage\"},\"thumbnailUrl\":\"https:\\\/\\\/fuentesfidedignas.com.mx\\\/wp-content\\\/uploads\\\/2023\\\/09\\\/morena-g-1-e1695922086920.jpeg\",\"datePublished\":\"2023-11-06T13:26:55+00:00\",\"dateModified\":\"2023-11-06T13:28:07+00:00\",\"breadcrumb\":{\"@id\":\"https:\\\/\\\/fuentesfidedignas.com.mx\\\/index.php\\\/2023\\\/11\\\/06\\\/morena-iniciara-precampanas-el-11-de-noviembre-mario-delgado\\\/#breadcrumb\"},\"inLanguage\":\"es\",\"potentialAction\":[{\"@type\":\"ReadAction\",\"target\":[\"https:\\\/\\\/fuentesfidedignas.com.mx\\\/index.php\\\/2023\\\/11\\\/06\\\/morena-iniciara-precampanas-el-11-de-noviembre-mario-delgado\\\/\"]}]},{\"@type\":\"ImageObject\",\"inLanguage\":\"es\",\"@id\":\"https:\\\/\\\/fuentesfidedignas.com.mx\\\/index.php\\\/2023\\\/11\\\/06\\\/morena-iniciara-precampanas-el-11-de-noviembre-mario-delgado\\\/#primaryimage\",\"url\":\"https:\\\/\\\/fuentesfidedignas.com.mx\\\/wp-content\\\/uploads\\\/2023\\\/09\\\/morena-g-1-e1695922086920.jpeg\",\"contentUrl\":\"https:\\\/\\\/fuentesfidedignas.com.mx\\\/wp-content\\\/uploads\\\/2023\\\/09\\\/morena-g-1-e1695922086920.jpeg\",\"width\":600,\"height\":400},{\"@type\":\"BreadcrumbList\",\"@id\":\"https:\\\/\\\/fuentesfidedignas.com.mx\\\/index.php\\\/2023\\\/11\\\/06\\\/morena-iniciara-precampanas-el-11-de-noviembre-mario-delgado\\\/#breadcrumb\",\"itemListElement\":[{\"@type\":\"ListItem\",\"position\":1,\"name\":\"Inicio\",\"item\":\"https:\\\/\\\/fuentesfidedignas.com.mx\\\/\"},{\"@type\":\"ListItem\",\"position\":2,\"name\":\"Morena iniciar\u00e1 precampa\u00f1as el 11 de noviembre, anuncia Mario Delgado\"}]},{\"@type\":\"WebSite\",\"@id\":\"https:\\\/\\\/fuentesfidedignas.com.mx\\\/#website\",\"url\":\"https:\\\/\\\/fuentesfidedignas.com.mx\\\/\",\"name\":\"Fuentes Fidedignas\",\"description\":\"Otro sitio realizado con WordPress\",\"publisher\":{\"@id\":\"https:\\\/\\\/fuentesfidedignas.com.mx\\\/#organization\"},\"potentialAction\":[{\"@type\":\"SearchAction\",\"target\":{\"@type\":\"EntryPoint\",\"urlTemplate\":\"https:\\\/\\\/fuentesfidedignas.com.mx\\\/?s={search_term_string}\"},\"query-input\":{\"@type\":\"PropertyValueSpecification\",\"valueRequired\":true,\"valueName\":\"search_term_string\"}}],\"inLanguage\":\"es\"},{\"@type\":\"Organization\",\"@id\":\"https:\\\/\\\/fuentesfidedignas.com.mx\\\/#organization\",\"name\":\"Fuentes Fidedignas\",\"url\":\"https:\\\/\\\/fuentesfidedignas.com.mx\\\/\",\"logo\":{\"@type\":\"ImageObject\",\"inLanguage\":\"es\",\"@id\":\"https:\\\/\\\/fuentesfidedignas.com.mx\\\/#\\\/schema\\\/logo\\\/image\\\/\",\"url\":\"https:\\\/\\\/fuentesfidedignas.com.mx\\\/wp-content\\\/uploads\\\/2021\\\/04\\\/logo-retina.png\",\"contentUrl\":\"https:\\\/\\\/fuentesfidedignas.com.mx\\\/wp-content\\\/uploads\\\/2021\\\/04\\\/logo-retina.png\",\"width\":280,\"height\":51,\"caption\":\"Fuentes Fidedignas\"},\"image\":{\"@id\":\"https:\\\/\\\/fuentesfidedignas.com.mx\\\/#\\\/schema\\\/logo\\\/image\\\/\"},\"sameAs\":[\"https:\\\/\\\/www.facebook.com\\\/Fuentes-Fidedignas-368234489921644\",\"https:\\\/\\\/x.com\\\/fidedignas\"]},{\"@type\":\"Person\",\"@id\":\"https:\\\/\\\/fuentesfidedignas.com.mx\\\/#\\\/schema\\\/person\\\/67d852f0557c8509146a4b9ddebd543a\",\"name\":\"L\u00f3pez D\u00f3riga\",\"image\":{\"@type\":\"ImageObject\",\"inLanguage\":\"es\",\"@id\":\"https:\\\/\\\/secure.gravatar.com\\\/avatar\\\/e525b06574ca18b33cded59dfe5778d6c823b9513154eff47da551b0551bdd1e?s=96&d=mm&r=g\",\"url\":\"https:\\\/\\\/secure.gravatar.com\\\/avatar\\\/e525b06574ca18b33cded59dfe5778d6c823b9513154eff47da551b0551bdd1e?s=96&d=mm&r=g\",\"contentUrl\":\"https:\\\/\\\/secure.gravatar.com\\\/avatar\\\/e525b06574ca18b33cded59dfe5778d6c823b9513154eff47da551b0551bdd1e?s=96&d=mm&r=g\",\"caption\":\"L\u00f3pez D\u00f3riga\"},\"url\":\"https:\\\/\\\/fuentesfidedignas.com.mx\\\/index.php\\\/author\\\/doriga\\\/\"}]}<\/script>\n<!-- \/ Yoast SEO plugin. -->","yoast_head_json":{"title":"Morena iniciar\u00e1 precampa\u00f1as el 11 de noviembre, anuncia Mario Delgado - Fuentes Fidedignas","robots":{"index":"index","follow":"follow","max-snippet":"max-snippet:-1","max-image-preview":"max-image-preview:large","max-video-preview":"max-video-preview:-1"},"canonical":"https:\/\/fuentesfidedignas.com.mx\/index.php\/2023\/11\/06\/morena-iniciara-precampanas-el-11-de-noviembre-mario-delgado\/","og_locale":"es_MX","og_type":"article","og_title":"Morena iniciar\u00e1 precampa\u00f1as el 11 de noviembre, anuncia Mario Delgado - Fuentes Fidedignas","og_description":"Morena arrancar\u00e1 sus precampa\u00f1as despu\u00e9s de que tenga definidos a sus precandidatos a las nueve gubernaturas que se renovar\u00e1n en 2024 Ciudad de M\u00e9xico.- Mario Delgado, dirigente nacional de Morena, anunci\u00f3 que el partido iniciar\u00e1 su precampa\u00f1a el 11 de noviembre, tras la definici\u00f3n de sus precandidatos a las nueve gubernaturas que se renovar\u00e1n en [&hellip;]","og_url":"https:\/\/fuentesfidedignas.com.mx\/index.php\/2023\/11\/06\/morena-iniciara-precampanas-el-11-de-noviembre-mario-delgado\/","og_site_name":"Fuentes Fidedignas","article_publisher":"https:\/\/www.facebook.com\/Fuentes-Fidedignas-368234489921644","article_published_time":"2023-11-06T13:26:55+00:00","article_modified_time":"2023-11-06T13:28:07+00:00","og_image":[{"width":600,"height":400,"url":"https:\/\/fuentesfidedignas.com.mx\/wp-content\/uploads\/2023\/09\/morena-g-1-e1695922086920.jpeg","type":"image\/jpeg"}],"author":"L\u00f3pez D\u00f3riga","twitter_card":"summary_large_image","twitter_creator":"@fidedignas","twitter_site":"@fidedignas","twitter_misc":{"Escrito por":"L\u00f3pez D\u00f3riga","Tiempo de lectura":"2 minutos"},"schema":{"@context":"https:\/\/schema.org","@graph":[{"@type":"Article","@id":"https:\/\/fuentesfidedignas.com.mx\/index.php\/2023\/11\/06\/morena-iniciara-precampanas-el-11-de-noviembre-mario-delgado\/#article","isPartOf":{"@id":"https:\/\/fuentesfidedignas.com.mx\/index.php\/2023\/11\/06\/morena-iniciara-precampanas-el-11-de-noviembre-mario-delgado\/"},"author":{"name":"L\u00f3pez D\u00f3riga","@id":"https:\/\/fuentesfidedignas.com.mx\/#\/schema\/person\/67d852f0557c8509146a4b9ddebd543a"},"headline":"Morena iniciar\u00e1 precampa\u00f1as el 11 de noviembre, anuncia Mario Delgado","datePublished":"2023-11-06T13:26:55+00:00","dateModified":"2023-11-06T13:28:07+00:00","mainEntityOfPage":{"@id":"https:\/\/fuentesfidedignas.com.mx\/index.php\/2023\/11\/06\/morena-iniciara-precampanas-el-11-de-noviembre-mario-delgado\/"},"wordCount":262,"commentCount":0,"publisher":{"@id":"https:\/\/fuentesfidedignas.com.mx\/#organization"},"image":{"@id":"https:\/\/fuentesfidedignas.com.mx\/index.php\/2023\/11\/06\/morena-iniciara-precampanas-el-11-de-noviembre-mario-delgado\/#primaryimage"},"thumbnailUrl":"https:\/\/fuentesfidedignas.com.mx\/wp-content\/uploads\/2023\/09\/morena-g-1-e1695922086920.jpeg","articleSection":["NOTICIAS NACIONALES"],"inLanguage":"es","potentialAction":[{"@type":"CommentAction","name":"Comment","target":["https:\/\/fuentesfidedignas.com.mx\/index.php\/2023\/11\/06\/morena-iniciara-precampanas-el-11-de-noviembre-mario-delgado\/#respond"]}]},{"@type":"WebPage","@id":"https:\/\/fuentesfidedignas.com.mx\/index.php\/2023\/11\/06\/morena-iniciara-precampanas-el-11-de-noviembre-mario-delgado\/","url":"https:\/\/fuentesfidedignas.com.mx\/index.php\/2023\/11\/06\/morena-iniciara-precampanas-el-11-de-noviembre-mario-delgado\/","name":"Morena iniciar\u00e1 precampa\u00f1as el 11 de noviembre, anuncia Mario Delgado - Fuentes Fidedignas","isPartOf":{"@id":"https:\/\/fuentesfidedignas.com.mx\/#website"},"primaryImageOfPage":{"@id":"https:\/\/fuentesfidedignas.com.mx\/index.php\/2023\/11\/06\/morena-iniciara-precampanas-el-11-de-noviembre-mario-delgado\/#primaryimage"},"image":{"@id":"https:\/\/fuentesfidedignas.com.mx\/index.php\/2023\/11\/06\/morena-iniciara-precampanas-el-11-de-noviembre-mario-delgado\/#primaryimage"},"thumbnailUrl":"https:\/\/fuentesfidedignas.com.mx\/wp-content\/uploads\/2023\/09\/morena-g-1-e1695922086920.jpeg","datePublished":"2023-11-06T13:26:55+00:00","dateModified":"2023-11-06T13:28:07+00:00","breadcrumb":{"@id":"https:\/\/fuentesfidedignas.com.mx\/index.php\/2023\/11\/06\/morena-iniciara-precampanas-el-11-de-noviembre-mario-delgado\/#breadcrumb"},"inLanguage":"es","potentialAction":[{"@type":"ReadAction","target":["https:\/\/fuentesfidedignas.com.mx\/index.php\/2023\/11\/06\/morena-iniciara-precampanas-el-11-de-noviembre-mario-delgado\/"]}]},{"@type":"ImageObject","inLanguage":"es","@id":"https:\/\/fuentesfidedignas.com.mx\/index.php\/2023\/11\/06\/morena-iniciara-precampanas-el-11-de-noviembre-mario-delgado\/#primaryimage","url":"https:\/\/fuentesfidedignas.com.mx\/wp-content\/uploads\/2023\/09\/morena-g-1-e1695922086920.jpeg","contentUrl":"https:\/\/fuentesfidedignas.com.mx\/wp-content\/uploads\/2023\/09\/morena-g-1-e1695922086920.jpeg","width":600,"height":400},{"@type":"BreadcrumbList","@id":"https:\/\/fuentesfidedignas.com.mx\/index.php\/2023\/11\/06\/morena-iniciara-precampanas-el-11-de-noviembre-mario-delgado\/#breadcrumb","itemListElement":[{"@type":"ListItem","position":1,"name":"Inicio","item":"https:\/\/fuentesfidedignas.com.mx\/"},{"@type":"ListItem","position":2,"name":"Morena iniciar\u00e1 precampa\u00f1as el 11 de noviembre, anuncia Mario Delgado"}]},{"@type":"WebSite","@id":"https:\/\/fuentesfidedignas.com.mx\/#website","url":"https:\/\/fuentesfidedignas.com.mx\/","name":"Fuentes Fidedignas","description":"Otro sitio realizado con WordPress","publisher":{"@id":"https:\/\/fuentesfidedignas.com.mx\/#organization"},"potentialAction":[{"@type":"SearchAction","target":{"@type":"EntryPoint","urlTemplate":"https:\/\/fuentesfidedignas.com.mx\/?s={search_term_string}"},"query-input":{"@type":"PropertyValueSpecification","valueRequired":true,"valueName":"search_term_string"}}],"inLanguage":"es"},{"@type":"Organization","@id":"https:\/\/fuentesfidedignas.com.mx\/#organization","name":"Fuentes Fidedignas","url":"https:\/\/fuentesfidedignas.com.mx\/","logo":{"@type":"ImageObject","inLanguage":"es","@id":"https:\/\/fuentesfidedignas.com.mx\/#\/schema\/logo\/image\/","url":"https:\/\/fuentesfidedignas.com.mx\/wp-content\/uploads\/2021\/04\/logo-retina.png","contentUrl":"https:\/\/fuentesfidedignas.com.mx\/wp-content\/uploads\/2021\/04\/logo-retina.png","width":280,"height":51,"caption":"Fuentes Fidedignas"},"image":{"@id":"https:\/\/fuentesfidedignas.com.mx\/#\/schema\/logo\/image\/"},"sameAs":["https:\/\/www.facebook.com\/Fuentes-Fidedignas-368234489921644","https:\/\/x.com\/fidedignas"]},{"@type":"Person","@id":"https:\/\/fuentesfidedignas.com.mx\/#\/schema\/person\/67d852f0557c8509146a4b9ddebd543a","name":"L\u00f3pez D\u00f3riga","image":{"@type":"ImageObject","inLanguage":"es","@id":"https:\/\/secure.gravatar.com\/avatar\/e525b06574ca18b33cded59dfe5778d6c823b9513154eff47da551b0551bdd1e?s=96&d=mm&r=g","url":"https:\/\/secure.gravatar.com\/avatar\/e525b06574ca18b33cded59dfe5778d6c823b9513154eff47da551b0551bdd1e?s=96&d=mm&r=g","contentUrl":"https:\/\/secure.gravatar.com\/avatar\/e525b06574ca18b33cded59dfe5778d6c823b9513154eff47da551b0551bdd1e?s=96&d=mm&r=g","caption":"L\u00f3pez D\u00f3riga"},"url":"https:\/\/fuentesfidedignas.com.mx\/index.php\/author\/doriga\/"}]}},"_links":{"self":[{"href":"https:\/\/fuentesfidedignas.com.mx\/index.php\/wp-json\/wp\/v2\/posts\/64804","targetHints":{"allow":["GET"]}}],"collection":[{"href":"https:\/\/fuentesfidedignas.com.mx\/index.php\/wp-json\/wp\/v2\/posts"}],"about":[{"href":"https:\/\/fuentesfidedignas.com.mx\/index.php\/wp-json\/wp\/v2\/types\/post"}],"author":[{"embeddable":true,"href":"https:\/\/fuentesfidedignas.com.mx\/index.php\/wp-json\/wp\/v2\/users\/47"}],"replies":[{"embeddable":true,"href":"https:\/\/fuentesfidedignas.com.mx\/index.php\/wp-json\/wp\/v2\/comments?post=64804"}],"version-history":[{"count":2,"href":"https:\/\/fuentesfidedignas.com.mx\/index.php\/wp-json\/wp\/v2\/posts\/64804\/revisions"}],"predecessor-version":[{"id":64806,"href":"https:\/\/fuentesfidedignas.com.mx\/index.php\/wp-json\/wp\/v2\/posts\/64804\/revisions\/64806"}],"wp:featuredmedia":[{"embeddable":true,"href":"https:\/\/fuentesfidedignas.com.mx\/index.php\/wp-json\/wp\/v2\/media\/60634"}],"wp:attachment":[{"href":"https:\/\/fuentesfidedignas.com.mx\/index.php\/wp-json\/wp\/v2\/media?parent=64804"}],"wp:term":[{"taxonomy":"category","embeddable":true,"href":"https:\/\/fuentesfidedignas.com.mx\/index.php\/wp-json\/wp\/v2\/categories?post=64804"},{"taxonomy":"post_tag","embeddable":true,"href":"https:\/\/fuentesfidedignas.com.mx\/index.php\/wp-json\/wp\/v2\/tags?post=64804"}],"curies":[{"name":"wp","href":"https:\/\/api.w.org\/{rel}","templated":true}]}}