{"id":64733,"date":"2023-11-05T11:01:53","date_gmt":"2023-11-05T18:01:53","guid":{"rendered":"https:\/\/fuentesfidedignas.com.mx\/?p=64733"},"modified":"2023-11-05T11:02:26","modified_gmt":"2023-11-05T18:02:26","slug":"mujer-se-aplica-tatuaje-temporal-en-el-rostro-y-no-se-lo-puede-quitar","status":"publish","type":"post","link":"https:\/\/fuentesfidedignas.com.mx\/index.php\/2023\/11\/05\/mujer-se-aplica-tatuaje-temporal-en-el-rostro-y-no-se-lo-puede-quitar\/","title":{"rendered":"Mujer se aplica tatuaje temporal en el rostro y no se lo puede quitar"},"content":{"rendered":"\n<p><strong><em>Halloween es una de las \u00e9pocas m\u00e1s queridas por muchos, provocando que algunas personas se disfracen con su mejor atuendo.<\/em><\/strong><\/p>\n\n\n\n<p>Una mujer se volvi\u00f3 viral en internet despu\u00e9s de que dio a conocer que tras colocarse un tatuaje temporal en el rostro, para disfrazarse por las fechas del&nbsp;Halloween, vivi\u00f3 un momento de tensi\u00f3n, ya que no se le pod\u00eda retirar.&nbsp;<\/p>\n\n\n\n<p>Y es que es bien sabido que una de las fechas m\u00e1s importantes para todas las personas es el Halloween, debido a que muchas personas la aprovechan para disfrazarse de sus personajes favoritos.&nbsp;<\/p>\n\n\n\n<p><strong>Mujer no se puede retirar su maquillaje de\u00a0Halloween<\/strong><br>Fue a trav\u00e9s de la cuenta de TikTok\u00a0@makeupandmeltdowns en donde se dio a conocer el hecho; ah\u00ed una mujer identificada como\u00a0Elizabeth Rose, conocida por hacer maquillajes extraordinarios expres\u00f3 aturdida que no pod\u00eda retirarse un tatuaje temporal\u00a0de Halloween.\u00a0<\/p>\n\n\n\n<p>Explic\u00f3 que&nbsp;intentaba eliminar el tatuaje &#8220;temporal&#8221; con agua, jab\u00f3n y desmaquillante, pero se neg\u00f3 en irse. La influencer detall\u00f3 que no fue la \u00fanica con ese problema debido a que su nieta de s\u00f3lo siete a\u00f1os sigui\u00f3 sus pasos.&nbsp;<\/p>\n\n\n\n<p>Se dio cuenta que el tatuaje temporal no se pod\u00eda quitar del rostro porque su hija le habl\u00f3 preocupada; le&nbsp; pregunt\u00f3 sobre por qu\u00e9 la menor de edad estaba en ese estado y cu\u00e1l era&nbsp;el proceso de eliminaci\u00f3n del tatuaje.<\/p>\n\n\n\n<p>&#8220;Mi hija llama y dice: &#8216;\u00bfC\u00f3mo sale?'&#8221;.<\/p>\n\n\n\n<p>Rose, que actualmente tiene 46 a\u00f1os, anteriormente se hab\u00eda grabado para demostrar que una calcoman\u00eda de Halloween podr\u00eda ser una forma f\u00e1cil de disfrazarse.\u00a0\u00a0<\/p>\n\n\n\n<p>&#8220;No puede ser tan dif\u00edcil, \u00bfverdad?&#8221;, dijo asustada la mujer, refiri\u00e9ndose a que era casi imposible retirarse el maquillaje.\u00a0<\/p>\n\n\n\n<p><strong>\u00bfPudo quitarse el tatuaje temporal?\u00a0<\/strong><br>A trav\u00e9s de otro video, en la misma red social, Elizabeth coment\u00f3 que al final si pudo retirarse el tatuaje temporal, para ello utiliz\u00f3 hasta detergentes que no eran para el rostro.\u00a0\u00a0<\/p>\n\n\n\n<p>&#8220;Me las arregl\u00e9 para quit\u00e1rmelo todo, us\u00e9 el limpiador de agua&#8221;.\u00a0<\/p>\n\n\n\n<p>La mujer asegur\u00f3 que todo el proceso la llev\u00f3 a verse como una persona que fue golpeada abruptamente por alguien, como le hubieran\u00a0&#8220;abofeteado en la cara 10 veces&#8221;.<\/p>\n\n\n\n<blockquote class=\"tiktok-embed\" cite=\"https:\/\/www.tiktok.com\/@makeupandmeltdowns\/video\/7160773463236414726\" data-video-id=\"7160773463236414726\" style=\"max-width: 605px;min-width: 325px;\" > <section> <a target=\"_blank\" title=\"@makeupandmeltdowns\" href=\"https:\/\/www.tiktok.com\/@makeupandmeltdowns?refer=embed\" rel=\"noopener\">@makeupandmeltdowns<\/a> <a title=\"tattoo\" target=\"_blank\" href=\"https:\/\/www.tiktok.com\/tag\/tattoo?refer=embed\" rel=\"noopener\">#tattoo<\/a> <a title=\"sticker\" target=\"_blank\" href=\"https:\/\/www.tiktok.com\/tag\/sticker?refer=embed\" rel=\"noopener\">#sticker<\/a> <a title=\"makeup\" target=\"_blank\" href=\"https:\/\/www.tiktok.com\/tag\/makeup?refer=embed\" rel=\"noopener\">#makeup<\/a> <a title=\"halloween\" target=\"_blank\" href=\"https:\/\/www.tiktok.com\/tag\/halloween?refer=embed\" rel=\"noopener\">#halloween<\/a> <a title=\"fail\" target=\"_blank\" href=\"https:\/\/www.tiktok.com\/tag\/fail?refer=embed\" rel=\"noopener\">#fail<\/a> <a title=\"help\" target=\"_blank\" href=\"https:\/\/www.tiktok.com\/tag\/help?refer=embed\" rel=\"noopener\">#help<\/a> <a title=\"foryou\" target=\"_blank\" href=\"https:\/\/www.tiktok.com\/tag\/foryou?refer=embed\" rel=\"noopener\">#foryou<\/a> <a title=\"fyp\u30b7\" target=\"_blank\" href=\"https:\/\/www.tiktok.com\/tag\/fyp%E3%82%B7?refer=embed\" rel=\"noopener\">#fyp\u30b7<\/a> <a target=\"_blank\" title=\"\u266c original sound - Elizabeth\" href=\"https:\/\/www.tiktok.com\/music\/original-sound-7160773475764898565?refer=embed\" rel=\"noopener\">\u266c original sound &#8211; Elizabeth<\/a> <\/section> <\/blockquote> <script async src=\"https:\/\/www.tiktok.com\/embed.js\"><\/script>\n","protected":false},"excerpt":{"rendered":"<p>Halloween es una de las \u00e9pocas m\u00e1s queridas por muchos, provocando que algunas personas se disfracen con su mejor atuendo. Una mujer se volvi\u00f3 viral en internet despu\u00e9s de que dio a conocer que tras colocarse un tatuaje temporal en el rostro, para disfrazarse por las fechas del&nbsp;Halloween, vivi\u00f3 un momento de tensi\u00f3n, ya que [&hellip;]<\/p>\n","protected":false},"author":9,"featured_media":64734,"comment_status":"open","ping_status":"open","sticky":false,"template":"","format":"standard","meta":{"tdm_status":"","tdm_grid_status":"","footnotes":""},"categories":[40],"tags":[],"class_list":{"0":"post-64733","1":"post","2":"type-post","3":"status-publish","4":"format-standard","5":"has-post-thumbnail","7":"category-las-asombrosas"},"yoast_head":"<!-- This site is optimized with the Yoast SEO plugin v27.4 - https:\/\/yoast.com\/product\/yoast-seo-wordpress\/ -->\n<title>Mujer se aplica tatuaje temporal en el rostro y no se lo puede quitar - Fuentes Fidedignas<\/title>\n<meta name=\"robots\" content=\"index, follow, max-snippet:-1, max-image-preview:large, max-video-preview:-1\" \/>\n<link rel=\"canonical\" href=\"https:\/\/fuentesfidedignas.com.mx\/index.php\/2023\/11\/05\/mujer-se-aplica-tatuaje-temporal-en-el-rostro-y-no-se-lo-puede-quitar\/\" \/>\n<meta property=\"og:locale\" content=\"es_MX\" \/>\n<meta property=\"og:type\" content=\"article\" \/>\n<meta property=\"og:title\" content=\"Mujer se aplica tatuaje temporal en el rostro y no se lo puede quitar - Fuentes Fidedignas\" \/>\n<meta property=\"og:description\" content=\"Halloween es una de las \u00e9pocas m\u00e1s queridas por muchos, provocando que algunas personas se disfracen con su mejor atuendo. Una mujer se volvi\u00f3 viral en internet despu\u00e9s de que dio a conocer que tras colocarse un tatuaje temporal en el rostro, para disfrazarse por las fechas del&nbsp;Halloween, vivi\u00f3 un momento de tensi\u00f3n, ya que [&hellip;]\" \/>\n<meta property=\"og:url\" content=\"https:\/\/fuentesfidedignas.com.mx\/index.php\/2023\/11\/05\/mujer-se-aplica-tatuaje-temporal-en-el-rostro-y-no-se-lo-puede-quitar\/\" \/>\n<meta property=\"og:site_name\" content=\"Fuentes Fidedignas\" \/>\n<meta property=\"article:publisher\" content=\"https:\/\/www.facebook.com\/Fuentes-Fidedignas-368234489921644\" \/>\n<meta property=\"article:published_time\" content=\"2023-11-05T18:01:53+00:00\" \/>\n<meta property=\"article:modified_time\" content=\"2023-11-05T18:02:26+00:00\" \/>\n<meta property=\"og:image\" content=\"https:\/\/fuentesfidedignas.com.mx\/wp-content\/uploads\/2023\/11\/MUJER_TATOO.jpg\" \/>\n\t<meta property=\"og:image:width\" content=\"874\" \/>\n\t<meta property=\"og:image:height\" content=\"526\" \/>\n\t<meta property=\"og:image:type\" content=\"image\/jpeg\" \/>\n<meta name=\"author\" content=\"Milenio\" \/>\n<meta name=\"twitter:card\" content=\"summary_large_image\" \/>\n<meta name=\"twitter:creator\" content=\"@fidedignas\" \/>\n<meta name=\"twitter:site\" content=\"@fidedignas\" \/>\n<meta name=\"twitter:label1\" content=\"Escrito por\" \/>\n\t<meta name=\"twitter:data1\" content=\"Milenio\" \/>\n\t<meta name=\"twitter:label2\" content=\"Tiempo de lectura\" \/>\n\t<meta name=\"twitter:data2\" content=\"2 minutos\" \/>\n<script type=\"application\/ld+json\" class=\"yoast-schema-graph\">{\"@context\":\"https:\\\/\\\/schema.org\",\"@graph\":[{\"@type\":\"Article\",\"@id\":\"https:\\\/\\\/fuentesfidedignas.com.mx\\\/index.php\\\/2023\\\/11\\\/05\\\/mujer-se-aplica-tatuaje-temporal-en-el-rostro-y-no-se-lo-puede-quitar\\\/#article\",\"isPartOf\":{\"@id\":\"https:\\\/\\\/fuentesfidedignas.com.mx\\\/index.php\\\/2023\\\/11\\\/05\\\/mujer-se-aplica-tatuaje-temporal-en-el-rostro-y-no-se-lo-puede-quitar\\\/\"},\"author\":{\"name\":\"Milenio\",\"@id\":\"https:\\\/\\\/fuentesfidedignas.com.mx\\\/#\\\/schema\\\/person\\\/47ec0135738f4b0c7495f06a77a2c976\"},\"headline\":\"Mujer se aplica tatuaje temporal en el rostro y no se lo puede quitar\",\"datePublished\":\"2023-11-05T18:01:53+00:00\",\"dateModified\":\"2023-11-05T18:02:26+00:00\",\"mainEntityOfPage\":{\"@id\":\"https:\\\/\\\/fuentesfidedignas.com.mx\\\/index.php\\\/2023\\\/11\\\/05\\\/mujer-se-aplica-tatuaje-temporal-en-el-rostro-y-no-se-lo-puede-quitar\\\/\"},\"wordCount\":406,\"commentCount\":0,\"publisher\":{\"@id\":\"https:\\\/\\\/fuentesfidedignas.com.mx\\\/#organization\"},\"image\":{\"@id\":\"https:\\\/\\\/fuentesfidedignas.com.mx\\\/index.php\\\/2023\\\/11\\\/05\\\/mujer-se-aplica-tatuaje-temporal-en-el-rostro-y-no-se-lo-puede-quitar\\\/#primaryimage\"},\"thumbnailUrl\":\"https:\\\/\\\/fuentesfidedignas.com.mx\\\/wp-content\\\/uploads\\\/2023\\\/11\\\/MUJER_TATOO.jpg\",\"articleSection\":[\"LAS ASOMBROSAS\"],\"inLanguage\":\"es\",\"potentialAction\":[{\"@type\":\"CommentAction\",\"name\":\"Comment\",\"target\":[\"https:\\\/\\\/fuentesfidedignas.com.mx\\\/index.php\\\/2023\\\/11\\\/05\\\/mujer-se-aplica-tatuaje-temporal-en-el-rostro-y-no-se-lo-puede-quitar\\\/#respond\"]}]},{\"@type\":\"WebPage\",\"@id\":\"https:\\\/\\\/fuentesfidedignas.com.mx\\\/index.php\\\/2023\\\/11\\\/05\\\/mujer-se-aplica-tatuaje-temporal-en-el-rostro-y-no-se-lo-puede-quitar\\\/\",\"url\":\"https:\\\/\\\/fuentesfidedignas.com.mx\\\/index.php\\\/2023\\\/11\\\/05\\\/mujer-se-aplica-tatuaje-temporal-en-el-rostro-y-no-se-lo-puede-quitar\\\/\",\"name\":\"Mujer se aplica tatuaje temporal en el rostro y no se lo puede quitar - Fuentes Fidedignas\",\"isPartOf\":{\"@id\":\"https:\\\/\\\/fuentesfidedignas.com.mx\\\/#website\"},\"primaryImageOfPage\":{\"@id\":\"https:\\\/\\\/fuentesfidedignas.com.mx\\\/index.php\\\/2023\\\/11\\\/05\\\/mujer-se-aplica-tatuaje-temporal-en-el-rostro-y-no-se-lo-puede-quitar\\\/#primaryimage\"},\"image\":{\"@id\":\"https:\\\/\\\/fuentesfidedignas.com.mx\\\/index.php\\\/2023\\\/11\\\/05\\\/mujer-se-aplica-tatuaje-temporal-en-el-rostro-y-no-se-lo-puede-quitar\\\/#primaryimage\"},\"thumbnailUrl\":\"https:\\\/\\\/fuentesfidedignas.com.mx\\\/wp-content\\\/uploads\\\/2023\\\/11\\\/MUJER_TATOO.jpg\",\"datePublished\":\"2023-11-05T18:01:53+00:00\",\"dateModified\":\"2023-11-05T18:02:26+00:00\",\"breadcrumb\":{\"@id\":\"https:\\\/\\\/fuentesfidedignas.com.mx\\\/index.php\\\/2023\\\/11\\\/05\\\/mujer-se-aplica-tatuaje-temporal-en-el-rostro-y-no-se-lo-puede-quitar\\\/#breadcrumb\"},\"inLanguage\":\"es\",\"potentialAction\":[{\"@type\":\"ReadAction\",\"target\":[\"https:\\\/\\\/fuentesfidedignas.com.mx\\\/index.php\\\/2023\\\/11\\\/05\\\/mujer-se-aplica-tatuaje-temporal-en-el-rostro-y-no-se-lo-puede-quitar\\\/\"]}]},{\"@type\":\"ImageObject\",\"inLanguage\":\"es\",\"@id\":\"https:\\\/\\\/fuentesfidedignas.com.mx\\\/index.php\\\/2023\\\/11\\\/05\\\/mujer-se-aplica-tatuaje-temporal-en-el-rostro-y-no-se-lo-puede-quitar\\\/#primaryimage\",\"url\":\"https:\\\/\\\/fuentesfidedignas.com.mx\\\/wp-content\\\/uploads\\\/2023\\\/11\\\/MUJER_TATOO.jpg\",\"contentUrl\":\"https:\\\/\\\/fuentesfidedignas.com.mx\\\/wp-content\\\/uploads\\\/2023\\\/11\\\/MUJER_TATOO.jpg\",\"width\":874,\"height\":526},{\"@type\":\"BreadcrumbList\",\"@id\":\"https:\\\/\\\/fuentesfidedignas.com.mx\\\/index.php\\\/2023\\\/11\\\/05\\\/mujer-se-aplica-tatuaje-temporal-en-el-rostro-y-no-se-lo-puede-quitar\\\/#breadcrumb\",\"itemListElement\":[{\"@type\":\"ListItem\",\"position\":1,\"name\":\"Inicio\",\"item\":\"https:\\\/\\\/fuentesfidedignas.com.mx\\\/\"},{\"@type\":\"ListItem\",\"position\":2,\"name\":\"Mujer se aplica tatuaje temporal en el rostro y no se lo puede quitar\"}]},{\"@type\":\"WebSite\",\"@id\":\"https:\\\/\\\/fuentesfidedignas.com.mx\\\/#website\",\"url\":\"https:\\\/\\\/fuentesfidedignas.com.mx\\\/\",\"name\":\"Fuentes Fidedignas\",\"description\":\"Otro sitio realizado con WordPress\",\"publisher\":{\"@id\":\"https:\\\/\\\/fuentesfidedignas.com.mx\\\/#organization\"},\"potentialAction\":[{\"@type\":\"SearchAction\",\"target\":{\"@type\":\"EntryPoint\",\"urlTemplate\":\"https:\\\/\\\/fuentesfidedignas.com.mx\\\/?s={search_term_string}\"},\"query-input\":{\"@type\":\"PropertyValueSpecification\",\"valueRequired\":true,\"valueName\":\"search_term_string\"}}],\"inLanguage\":\"es\"},{\"@type\":\"Organization\",\"@id\":\"https:\\\/\\\/fuentesfidedignas.com.mx\\\/#organization\",\"name\":\"Fuentes Fidedignas\",\"url\":\"https:\\\/\\\/fuentesfidedignas.com.mx\\\/\",\"logo\":{\"@type\":\"ImageObject\",\"inLanguage\":\"es\",\"@id\":\"https:\\\/\\\/fuentesfidedignas.com.mx\\\/#\\\/schema\\\/logo\\\/image\\\/\",\"url\":\"https:\\\/\\\/fuentesfidedignas.com.mx\\\/wp-content\\\/uploads\\\/2021\\\/04\\\/logo-retina.png\",\"contentUrl\":\"https:\\\/\\\/fuentesfidedignas.com.mx\\\/wp-content\\\/uploads\\\/2021\\\/04\\\/logo-retina.png\",\"width\":280,\"height\":51,\"caption\":\"Fuentes Fidedignas\"},\"image\":{\"@id\":\"https:\\\/\\\/fuentesfidedignas.com.mx\\\/#\\\/schema\\\/logo\\\/image\\\/\"},\"sameAs\":[\"https:\\\/\\\/www.facebook.com\\\/Fuentes-Fidedignas-368234489921644\",\"https:\\\/\\\/x.com\\\/fidedignas\"]},{\"@type\":\"Person\",\"@id\":\"https:\\\/\\\/fuentesfidedignas.com.mx\\\/#\\\/schema\\\/person\\\/47ec0135738f4b0c7495f06a77a2c976\",\"name\":\"Milenio\",\"image\":{\"@type\":\"ImageObject\",\"inLanguage\":\"es\",\"@id\":\"https:\\\/\\\/secure.gravatar.com\\\/avatar\\\/acabf7b54753e51c2c76457954577c236b3b764789b19879565769739d1e4a75?s=96&d=mm&r=g\",\"url\":\"https:\\\/\\\/secure.gravatar.com\\\/avatar\\\/acabf7b54753e51c2c76457954577c236b3b764789b19879565769739d1e4a75?s=96&d=mm&r=g\",\"contentUrl\":\"https:\\\/\\\/secure.gravatar.com\\\/avatar\\\/acabf7b54753e51c2c76457954577c236b3b764789b19879565769739d1e4a75?s=96&d=mm&r=g\",\"caption\":\"Milenio\"},\"url\":\"https:\\\/\\\/fuentesfidedignas.com.mx\\\/index.php\\\/author\\\/milenio\\\/\"}]}<\/script>\n<!-- \/ Yoast SEO plugin. -->","yoast_head_json":{"title":"Mujer se aplica tatuaje temporal en el rostro y no se lo puede quitar - Fuentes Fidedignas","robots":{"index":"index","follow":"follow","max-snippet":"max-snippet:-1","max-image-preview":"max-image-preview:large","max-video-preview":"max-video-preview:-1"},"canonical":"https:\/\/fuentesfidedignas.com.mx\/index.php\/2023\/11\/05\/mujer-se-aplica-tatuaje-temporal-en-el-rostro-y-no-se-lo-puede-quitar\/","og_locale":"es_MX","og_type":"article","og_title":"Mujer se aplica tatuaje temporal en el rostro y no se lo puede quitar - Fuentes Fidedignas","og_description":"Halloween es una de las \u00e9pocas m\u00e1s queridas por muchos, provocando que algunas personas se disfracen con su mejor atuendo. Una mujer se volvi\u00f3 viral en internet despu\u00e9s de que dio a conocer que tras colocarse un tatuaje temporal en el rostro, para disfrazarse por las fechas del&nbsp;Halloween, vivi\u00f3 un momento de tensi\u00f3n, ya que [&hellip;]","og_url":"https:\/\/fuentesfidedignas.com.mx\/index.php\/2023\/11\/05\/mujer-se-aplica-tatuaje-temporal-en-el-rostro-y-no-se-lo-puede-quitar\/","og_site_name":"Fuentes Fidedignas","article_publisher":"https:\/\/www.facebook.com\/Fuentes-Fidedignas-368234489921644","article_published_time":"2023-11-05T18:01:53+00:00","article_modified_time":"2023-11-05T18:02:26+00:00","og_image":[{"width":874,"height":526,"url":"https:\/\/fuentesfidedignas.com.mx\/wp-content\/uploads\/2023\/11\/MUJER_TATOO.jpg","type":"image\/jpeg"}],"author":"Milenio","twitter_card":"summary_large_image","twitter_creator":"@fidedignas","twitter_site":"@fidedignas","twitter_misc":{"Escrito por":"Milenio","Tiempo de lectura":"2 minutos"},"schema":{"@context":"https:\/\/schema.org","@graph":[{"@type":"Article","@id":"https:\/\/fuentesfidedignas.com.mx\/index.php\/2023\/11\/05\/mujer-se-aplica-tatuaje-temporal-en-el-rostro-y-no-se-lo-puede-quitar\/#article","isPartOf":{"@id":"https:\/\/fuentesfidedignas.com.mx\/index.php\/2023\/11\/05\/mujer-se-aplica-tatuaje-temporal-en-el-rostro-y-no-se-lo-puede-quitar\/"},"author":{"name":"Milenio","@id":"https:\/\/fuentesfidedignas.com.mx\/#\/schema\/person\/47ec0135738f4b0c7495f06a77a2c976"},"headline":"Mujer se aplica tatuaje temporal en el rostro y no se lo puede quitar","datePublished":"2023-11-05T18:01:53+00:00","dateModified":"2023-11-05T18:02:26+00:00","mainEntityOfPage":{"@id":"https:\/\/fuentesfidedignas.com.mx\/index.php\/2023\/11\/05\/mujer-se-aplica-tatuaje-temporal-en-el-rostro-y-no-se-lo-puede-quitar\/"},"wordCount":406,"commentCount":0,"publisher":{"@id":"https:\/\/fuentesfidedignas.com.mx\/#organization"},"image":{"@id":"https:\/\/fuentesfidedignas.com.mx\/index.php\/2023\/11\/05\/mujer-se-aplica-tatuaje-temporal-en-el-rostro-y-no-se-lo-puede-quitar\/#primaryimage"},"thumbnailUrl":"https:\/\/fuentesfidedignas.com.mx\/wp-content\/uploads\/2023\/11\/MUJER_TATOO.jpg","articleSection":["LAS ASOMBROSAS"],"inLanguage":"es","potentialAction":[{"@type":"CommentAction","name":"Comment","target":["https:\/\/fuentesfidedignas.com.mx\/index.php\/2023\/11\/05\/mujer-se-aplica-tatuaje-temporal-en-el-rostro-y-no-se-lo-puede-quitar\/#respond"]}]},{"@type":"WebPage","@id":"https:\/\/fuentesfidedignas.com.mx\/index.php\/2023\/11\/05\/mujer-se-aplica-tatuaje-temporal-en-el-rostro-y-no-se-lo-puede-quitar\/","url":"https:\/\/fuentesfidedignas.com.mx\/index.php\/2023\/11\/05\/mujer-se-aplica-tatuaje-temporal-en-el-rostro-y-no-se-lo-puede-quitar\/","name":"Mujer se aplica tatuaje temporal en el rostro y no se lo puede quitar - Fuentes Fidedignas","isPartOf":{"@id":"https:\/\/fuentesfidedignas.com.mx\/#website"},"primaryImageOfPage":{"@id":"https:\/\/fuentesfidedignas.com.mx\/index.php\/2023\/11\/05\/mujer-se-aplica-tatuaje-temporal-en-el-rostro-y-no-se-lo-puede-quitar\/#primaryimage"},"image":{"@id":"https:\/\/fuentesfidedignas.com.mx\/index.php\/2023\/11\/05\/mujer-se-aplica-tatuaje-temporal-en-el-rostro-y-no-se-lo-puede-quitar\/#primaryimage"},"thumbnailUrl":"https:\/\/fuentesfidedignas.com.mx\/wp-content\/uploads\/2023\/11\/MUJER_TATOO.jpg","datePublished":"2023-11-05T18:01:53+00:00","dateModified":"2023-11-05T18:02:26+00:00","breadcrumb":{"@id":"https:\/\/fuentesfidedignas.com.mx\/index.php\/2023\/11\/05\/mujer-se-aplica-tatuaje-temporal-en-el-rostro-y-no-se-lo-puede-quitar\/#breadcrumb"},"inLanguage":"es","potentialAction":[{"@type":"ReadAction","target":["https:\/\/fuentesfidedignas.com.mx\/index.php\/2023\/11\/05\/mujer-se-aplica-tatuaje-temporal-en-el-rostro-y-no-se-lo-puede-quitar\/"]}]},{"@type":"ImageObject","inLanguage":"es","@id":"https:\/\/fuentesfidedignas.com.mx\/index.php\/2023\/11\/05\/mujer-se-aplica-tatuaje-temporal-en-el-rostro-y-no-se-lo-puede-quitar\/#primaryimage","url":"https:\/\/fuentesfidedignas.com.mx\/wp-content\/uploads\/2023\/11\/MUJER_TATOO.jpg","contentUrl":"https:\/\/fuentesfidedignas.com.mx\/wp-content\/uploads\/2023\/11\/MUJER_TATOO.jpg","width":874,"height":526},{"@type":"BreadcrumbList","@id":"https:\/\/fuentesfidedignas.com.mx\/index.php\/2023\/11\/05\/mujer-se-aplica-tatuaje-temporal-en-el-rostro-y-no-se-lo-puede-quitar\/#breadcrumb","itemListElement":[{"@type":"ListItem","position":1,"name":"Inicio","item":"https:\/\/fuentesfidedignas.com.mx\/"},{"@type":"ListItem","position":2,"name":"Mujer se aplica tatuaje temporal en el rostro y no se lo puede quitar"}]},{"@type":"WebSite","@id":"https:\/\/fuentesfidedignas.com.mx\/#website","url":"https:\/\/fuentesfidedignas.com.mx\/","name":"Fuentes Fidedignas","description":"Otro sitio realizado con WordPress","publisher":{"@id":"https:\/\/fuentesfidedignas.com.mx\/#organization"},"potentialAction":[{"@type":"SearchAction","target":{"@type":"EntryPoint","urlTemplate":"https:\/\/fuentesfidedignas.com.mx\/?s={search_term_string}"},"query-input":{"@type":"PropertyValueSpecification","valueRequired":true,"valueName":"search_term_string"}}],"inLanguage":"es"},{"@type":"Organization","@id":"https:\/\/fuentesfidedignas.com.mx\/#organization","name":"Fuentes Fidedignas","url":"https:\/\/fuentesfidedignas.com.mx\/","logo":{"@type":"ImageObject","inLanguage":"es","@id":"https:\/\/fuentesfidedignas.com.mx\/#\/schema\/logo\/image\/","url":"https:\/\/fuentesfidedignas.com.mx\/wp-content\/uploads\/2021\/04\/logo-retina.png","contentUrl":"https:\/\/fuentesfidedignas.com.mx\/wp-content\/uploads\/2021\/04\/logo-retina.png","width":280,"height":51,"caption":"Fuentes Fidedignas"},"image":{"@id":"https:\/\/fuentesfidedignas.com.mx\/#\/schema\/logo\/image\/"},"sameAs":["https:\/\/www.facebook.com\/Fuentes-Fidedignas-368234489921644","https:\/\/x.com\/fidedignas"]},{"@type":"Person","@id":"https:\/\/fuentesfidedignas.com.mx\/#\/schema\/person\/47ec0135738f4b0c7495f06a77a2c976","name":"Milenio","image":{"@type":"ImageObject","inLanguage":"es","@id":"https:\/\/secure.gravatar.com\/avatar\/acabf7b54753e51c2c76457954577c236b3b764789b19879565769739d1e4a75?s=96&d=mm&r=g","url":"https:\/\/secure.gravatar.com\/avatar\/acabf7b54753e51c2c76457954577c236b3b764789b19879565769739d1e4a75?s=96&d=mm&r=g","contentUrl":"https:\/\/secure.gravatar.com\/avatar\/acabf7b54753e51c2c76457954577c236b3b764789b19879565769739d1e4a75?s=96&d=mm&r=g","caption":"Milenio"},"url":"https:\/\/fuentesfidedignas.com.mx\/index.php\/author\/milenio\/"}]}},"_links":{"self":[{"href":"https:\/\/fuentesfidedignas.com.mx\/index.php\/wp-json\/wp\/v2\/posts\/64733","targetHints":{"allow":["GET"]}}],"collection":[{"href":"https:\/\/fuentesfidedignas.com.mx\/index.php\/wp-json\/wp\/v2\/posts"}],"about":[{"href":"https:\/\/fuentesfidedignas.com.mx\/index.php\/wp-json\/wp\/v2\/types\/post"}],"author":[{"embeddable":true,"href":"https:\/\/fuentesfidedignas.com.mx\/index.php\/wp-json\/wp\/v2\/users\/9"}],"replies":[{"embeddable":true,"href":"https:\/\/fuentesfidedignas.com.mx\/index.php\/wp-json\/wp\/v2\/comments?post=64733"}],"version-history":[{"count":1,"href":"https:\/\/fuentesfidedignas.com.mx\/index.php\/wp-json\/wp\/v2\/posts\/64733\/revisions"}],"predecessor-version":[{"id":64735,"href":"https:\/\/fuentesfidedignas.com.mx\/index.php\/wp-json\/wp\/v2\/posts\/64733\/revisions\/64735"}],"wp:featuredmedia":[{"embeddable":true,"href":"https:\/\/fuentesfidedignas.com.mx\/index.php\/wp-json\/wp\/v2\/media\/64734"}],"wp:attachment":[{"href":"https:\/\/fuentesfidedignas.com.mx\/index.php\/wp-json\/wp\/v2\/media?parent=64733"}],"wp:term":[{"taxonomy":"category","embeddable":true,"href":"https:\/\/fuentesfidedignas.com.mx\/index.php\/wp-json\/wp\/v2\/categories?post=64733"},{"taxonomy":"post_tag","embeddable":true,"href":"https:\/\/fuentesfidedignas.com.mx\/index.php\/wp-json\/wp\/v2\/tags?post=64733"}],"curies":[{"name":"wp","href":"https:\/\/api.w.org\/{rel}","templated":true}]}}