{"id":64675,"date":"2023-11-04T10:18:04","date_gmt":"2023-11-04T17:18:04","guid":{"rendered":"https:\/\/fuentesfidedignas.com.mx\/?p=64675"},"modified":"2023-11-04T10:19:33","modified_gmt":"2023-11-04T17:19:33","slug":"detienen-a-primo-de-el-marro-en-guanajuato","status":"publish","type":"post","link":"https:\/\/fuentesfidedignas.com.mx\/index.php\/2023\/11\/04\/detienen-a-primo-de-el-marro-en-guanajuato\/","title":{"rendered":"Detienen a primo de \u2018El Marro\u2019 en Guanajuato"},"content":{"rendered":"\n<p><br><strong><em>Se sabe que el l\u00edder criminal detenido es primo de \u2018El Marro,\u2019 y cabecilla del C\u00e1rtel de Santa Rosa de Lima<\/em><\/strong><\/p>\n\n\n\n<p>Guanajuato. De acuerdo a informaci\u00f3n oficial, Juan Esteban \u2018N\u2019, conocido como \u2018El Virolo\u2019, primo de \u2018El Marro\u2019, fue detenido por elementos de la Agencia de Investigaci\u00f3n Criminal la ma\u00f1ana de este viernes 3 de noviembre de 2023 en la comunidad de Pozos, en el municipio de Juventino Rosas.<\/p>\n\n\n\n<p>Los agentes le cumplimentaron una orden de aprehensi\u00f3n a Juan Esteban \u2018N\u2019 por el delito de homicidio.<\/p>\n\n\n\n<p>Se sabe que cuando los agentes de la Fiscal\u00eda General del Estado trasladaban al detenido, fueron emboscados por integrantes de una c\u00e9lula del C\u00e1rtel de Santa Rosa de Lima, sobre la carretera Juventino Rosas-Celaya.<\/p>\n\n\n\n<p>Los polic\u00edas fueron atacados con armas de grueso calibre, entre ellas una AK-47, pero los agentes de seguridad repelieron la agresi\u00f3n y lograron abatir a tres sicarios y lesionaron a otros tres.<\/p>\n\n\n\n<figure class=\"wp-block-image\"><img decoding=\"async\" src=\"https:\/\/www.elfinanciero.com.mx\/pf\/resources\/images\/elfinanciero\/header_logo.png?d=181\" alt=\"El Financiero\"\/><\/figure>\n\n\n\n<figure class=\"wp-block-embed\"><div class=\"wp-block-embed__wrapper\">\nhttps:\/\/c7e600e0d9cf0fce5736ef645fd80629.safeframe.googlesyndication.com\/safeframe\/1-0-40\/html\/container.html?n=0\n<\/div><\/figure>\n\n\n\n<p><a href=\"https:\/\/www.elfinanciero.com.mx\/estados\/\">Estados<\/a><\/p>\n\n\n\n<h1 class=\"wp-block-heading\">Fiscal\u00eda de Guanajuato detiene a Juan Estaban \u2018El Virolo\u2019, primo de \u2018El Marro\u2019<\/h1>\n\n\n\n<h2 class=\"wp-block-heading\">Se sabe que el l\u00edder criminal detenido es primo de \u2018El Marro,\u2019 y cabecilla del C\u00e1rtel de Santa Rosa de Lima.<\/h2>\n\n\n\n<figure class=\"wp-block-image\"><img decoding=\"async\" src=\"https:\/\/www.elfinanciero.com.mx\/resizer\/rHJkFfWuz2820n6G2lYIk-DGBIg=\/400x267\/filters:format(jpg):quality(70)\/cloudfront-us-east-1.images.arcpublishing.com\/elfinanciero\/ODKNLFNNWNB5RD7UKKSZZ6CCTA.jpg\" alt=\"Los polic\u00edas fueron atacados con armas de grueso calibre, entre ellas una AK-47, pero los agentes de seguridad repelieron la agresi\u00f3n y lograron abatir a tres sicarios y lesionaron a otros tres. (Cuartoacuro).\"\/><figcaption class=\"wp-element-caption\">Los polic\u00edas fueron atacados con armas de grueso calibre, entre ellas una AK-47, pero los agentes de seguridad repelieron la agresi\u00f3n y lograron abatir a tres sicarios y lesionaron a otros tres. (Cuartoacuro).<\/figcaption><\/figure>\n\n\n\n<p>noviembre 04, 2023 | 8:13 hrsLuciano V\u00e1zquez<\/p>\n\n\n\n<p>De acuerdo a informaci\u00f3n oficial,<strong>&nbsp;Juan Esteban \u2018N\u2019<\/strong>, conocido como&nbsp;<a href=\"https:\/\/www.elfinanciero.com.mx\/estados\/2023\/08\/02\/golpe-al-cartel-de-santa-rosa-de-lima-caen-24-miembros-de-la-organizacion-del-marro\/\">\u2018El Virolo\u2019, primo de \u2018El Marro\u2019<\/a>, fue&nbsp;<strong>detenido&nbsp;<\/strong>por elementos de la Agencia de Investigaci\u00f3n Criminal la ma\u00f1ana de este viernes 3 de noviembre de 2023 en la comunidad de Pozos, en el municipio de Juventino Rosas.<\/p>\n\n\n\n<p>Los agentes le cumplimentaron una orden de aprehensi\u00f3n a Juan Esteban \u2018N\u2019 por el&nbsp;<strong>delito&nbsp;<\/strong>de homicidio.https:\/\/d-1520582361247372952.ampproject.net\/2310201815000\/frame.html<\/p>\n\n\n\n<p>Se sabe que cuando los agentes de la Fiscal\u00eda General del Estado trasladaban al detenido, fueron emboscados por integrantes de una c\u00e9lula del&nbsp;<strong>C\u00e1rtel de Santa Rosa de Lima<\/strong>, sobre la carretera<a href=\"https:\/\/www.elfinanciero.com.mx\/estados\/2023\/03\/19\/guanajuato-es-un-cementerio-juventino-rosas-el-municipio-con-mas-fosas-clandestinas\/\">&nbsp;Juventino Rosas-Celaya.<\/a><\/p>\n\n\n\n<p>Los polic\u00edas fueron atacados con armas de grueso calibre, entre ellas una AK-47, pero los agentes de seguridad repelieron la agresi\u00f3n y lograron abatir a tres sicarios y lesionaron a otros tres.https:\/\/d-1520582361247372952.ampproject.net\/2310201815000\/frame.html<\/p>\n\n\n\n<p><a href=\"https:\/\/www.elfinanciero.com.mx\/estados\/2023\/01\/31\/arde-guanajuato-sicarios-del-cartel-santa-rosa-de-lima-provocan-narcobloqueos-y-ataques\/\"><\/a><\/p>\n\n\n\n<h2 class=\"wp-block-heading\"><a href=\"https:\/\/www.elfinanciero.com.mx\/estados\/2023\/01\/31\/arde-guanajuato-sicarios-del-cartel-santa-rosa-de-lima-provocan-narcobloqueos-y-ataques\/\">\u2018Arde\u2019 Guanajuato: presunta detenci\u00f3n de cu\u00f1ado de \u2018El Marro\u2019 provoca narcobloqueos y ataques<\/a><\/h2>\n\n\n\n<p><a href=\"https:\/\/www.elfinanciero.com.mx\/estados\/2023\/01\/31\/arde-guanajuato-sicarios-del-cartel-santa-rosa-de-lima-provocan-narcobloqueos-y-ataques\/\"><\/a><\/p>\n\n\n\n<hr class=\"wp-block-separator has-alpha-channel-opacity\"\/>\n\n\n\n<p>A trav\u00e9s de sus redes sociales, la Fiscal\u00eda de Guanajuato confirm\u00f3 los hechos:https:\/\/d-1520582361247372952.ampproject.net\/2310201815000\/frame.html<\/p>\n\n\n\n<p>\u201cEsta ma\u00f1ana en la carretera Celaya- Jueventino Rosas, nuestros Agentes de @AIC_Guanajuato concretaron la captura de un l\u00edder criminal.<\/p>\n\n\n\n<p>\u201cIntegrantes del grupo delictivo en su af\u00e1n de rescatar a su l\u00edder, agredieron con impactos de arma de fuego a nuestros Agentes, quienes repelieron la agresi\u00f3n.<\/p>\n\n\n\n<p>\u201cResultado de ello se abati\u00f3 a 3 sujetos y 3 m\u00e1s resultaron lesionados\u201d, detall\u00f3 la Fiscal\u00eda en su cuenta de X.<\/p>\n\n\n\n<p><strong>El enfrentamiento armado se registr\u00f3 alrededor de las<\/strong>&nbsp;2:00 de la tarde sobre la mencionada carretera, en el entronque a la comunidad de Roque, del municipio de&nbsp;<a href=\"https:\/\/www.elfinanciero.com.mx\/estados\/2023\/09\/05\/atentado-vs-escoltas-del-titular-de-seguridad-de-celaya-deja-un-muerto\/\">Celaya<\/a>.<\/p>\n\n\n\n<p>Los cuerpos de los sicarios quedaron tirados sobre la carretera estatal, la cual permanece cerrada a la circulaci\u00f3n hasta la noche de este viernes.<\/p>\n\n\n\n<p>Tras los hechos, fuerzas estatales y federales desplegaron una intensa operatividad por aire y tierra, ya que el ataque ocurri\u00f3 en una zona con fuerte presencia del C\u00e1rtel de Santa Rosa de Lima.<\/p>\n\n\n\n<p>La Fiscal\u00eda no dio mayores detalles sobre la captura de \u2018El Virolo\u2019, primo de \u2018El Marro\u2019, s\u00f3lo dijo que \u201cla investigaci\u00f3n est\u00e1 en proceso, conforme haya avances que no pongan en riesgo, la misma podr\u00e1n anunciarse\u201d.<\/p>\n\n\n\n<p>Jos\u00e9 Antonio Y\u00e9pez Ortiz \u2018El Marro\u2019, ex l\u00edder del C\u00e1rtel de Santa Rosa de Lima, se encuentra preso en el penal del Altiplano, purgando una condena de 60 a\u00f1os de c\u00e1rcel por el delito de secuestro agravado.<\/p>\n\n\n\n<p>El l\u00edder criminal, detenido el 2 de agosto de 2020 en su rancho ubicado en la comunidad de Tavera, en el municipio de Juventino Rosas, a\u00fan tiene pendientes procesos judiciales por los delitos de delincuencia organizada y robo de combustible.<\/p>\n","protected":false},"excerpt":{"rendered":"<p>Se sabe que el l\u00edder criminal detenido es primo de \u2018El Marro,\u2019 y cabecilla del C\u00e1rtel de Santa Rosa de Lima Guanajuato. De acuerdo a informaci\u00f3n oficial, Juan Esteban \u2018N\u2019, conocido como \u2018El Virolo\u2019, primo de \u2018El Marro\u2019, fue detenido por elementos de la Agencia de Investigaci\u00f3n Criminal la ma\u00f1ana de este viernes 3 de [&hellip;]<\/p>\n","protected":false},"author":21,"featured_media":64677,"comment_status":"open","ping_status":"open","sticky":false,"template":"","format":"standard","meta":{"tdm_status":"","tdm_grid_status":"","footnotes":""},"categories":[39,1],"tags":[],"class_list":{"0":"post-64675","1":"post","2":"type-post","3":"status-publish","4":"format-standard","5":"has-post-thumbnail","7":"category-noticias-nacionales","8":"category-sin-categoria"},"yoast_head":"<!-- This site is optimized with the Yoast SEO plugin v27.5 - https:\/\/yoast.com\/product\/yoast-seo-wordpress\/ -->\n<title>Detienen a primo de \u2018El Marro\u2019 en Guanajuato - Fuentes Fidedignas<\/title>\n<meta name=\"robots\" content=\"index, follow, max-snippet:-1, max-image-preview:large, max-video-preview:-1\" \/>\n<link rel=\"canonical\" href=\"https:\/\/fuentesfidedignas.com.mx\/index.php\/2023\/11\/04\/detienen-a-primo-de-el-marro-en-guanajuato\/\" \/>\n<meta property=\"og:locale\" content=\"es_MX\" \/>\n<meta property=\"og:type\" content=\"article\" \/>\n<meta property=\"og:title\" content=\"Detienen a primo de \u2018El Marro\u2019 en Guanajuato - Fuentes Fidedignas\" \/>\n<meta property=\"og:description\" content=\"Se sabe que el l\u00edder criminal detenido es primo de \u2018El Marro,\u2019 y cabecilla del C\u00e1rtel de Santa Rosa de Lima Guanajuato. De acuerdo a informaci\u00f3n oficial, Juan Esteban \u2018N\u2019, conocido como \u2018El Virolo\u2019, primo de \u2018El Marro\u2019, fue detenido por elementos de la Agencia de Investigaci\u00f3n Criminal la ma\u00f1ana de este viernes 3 de [&hellip;]\" \/>\n<meta property=\"og:url\" content=\"https:\/\/fuentesfidedignas.com.mx\/index.php\/2023\/11\/04\/detienen-a-primo-de-el-marro-en-guanajuato\/\" \/>\n<meta property=\"og:site_name\" content=\"Fuentes Fidedignas\" \/>\n<meta property=\"article:publisher\" content=\"https:\/\/www.facebook.com\/Fuentes-Fidedignas-368234489921644\" \/>\n<meta property=\"article:published_time\" content=\"2023-11-04T17:18:04+00:00\" \/>\n<meta property=\"article:modified_time\" content=\"2023-11-04T17:19:33+00:00\" \/>\n<meta property=\"og:image\" content=\"https:\/\/fuentesfidedignas.com.mx\/wp-content\/uploads\/2023\/11\/Screenshot_20231104_101000_Chrome.jpg\" \/>\n\t<meta property=\"og:image:width\" content=\"1079\" \/>\n\t<meta property=\"og:image:height\" content=\"610\" \/>\n\t<meta property=\"og:image:type\" content=\"image\/jpeg\" \/>\n<meta name=\"author\" content=\"El Financiero\" \/>\n<meta name=\"twitter:card\" content=\"summary_large_image\" \/>\n<meta name=\"twitter:creator\" content=\"@fidedignas\" \/>\n<meta name=\"twitter:site\" content=\"@fidedignas\" \/>\n<meta name=\"twitter:label1\" content=\"Escrito por\" \/>\n\t<meta name=\"twitter:data1\" content=\"El Financiero\" \/>\n\t<meta name=\"twitter:label2\" content=\"Tiempo de lectura\" \/>\n\t<meta name=\"twitter:data2\" content=\"4 minutos\" \/>\n<script type=\"application\/ld+json\" class=\"yoast-schema-graph\">{\"@context\":\"https:\\\/\\\/schema.org\",\"@graph\":[{\"@type\":\"Article\",\"@id\":\"https:\\\/\\\/fuentesfidedignas.com.mx\\\/index.php\\\/2023\\\/11\\\/04\\\/detienen-a-primo-de-el-marro-en-guanajuato\\\/#article\",\"isPartOf\":{\"@id\":\"https:\\\/\\\/fuentesfidedignas.com.mx\\\/index.php\\\/2023\\\/11\\\/04\\\/detienen-a-primo-de-el-marro-en-guanajuato\\\/\"},\"author\":{\"name\":\"El Financiero\",\"@id\":\"https:\\\/\\\/fuentesfidedignas.com.mx\\\/#\\\/schema\\\/person\\\/494f7e0dce8dfaaec5b64f16615b78e9\"},\"headline\":\"Detienen a primo de \u2018El Marro\u2019 en Guanajuato\",\"datePublished\":\"2023-11-04T17:18:04+00:00\",\"dateModified\":\"2023-11-04T17:19:33+00:00\",\"mainEntityOfPage\":{\"@id\":\"https:\\\/\\\/fuentesfidedignas.com.mx\\\/index.php\\\/2023\\\/11\\\/04\\\/detienen-a-primo-de-el-marro-en-guanajuato\\\/\"},\"wordCount\":739,\"commentCount\":0,\"publisher\":{\"@id\":\"https:\\\/\\\/fuentesfidedignas.com.mx\\\/#organization\"},\"image\":{\"@id\":\"https:\\\/\\\/fuentesfidedignas.com.mx\\\/index.php\\\/2023\\\/11\\\/04\\\/detienen-a-primo-de-el-marro-en-guanajuato\\\/#primaryimage\"},\"thumbnailUrl\":\"https:\\\/\\\/fuentesfidedignas.com.mx\\\/wp-content\\\/uploads\\\/2023\\\/11\\\/Screenshot_20231104_101000_Chrome.jpg\",\"articleSection\":[\"NOTICIAS NACIONALES\"],\"inLanguage\":\"es\",\"potentialAction\":[{\"@type\":\"CommentAction\",\"name\":\"Comment\",\"target\":[\"https:\\\/\\\/fuentesfidedignas.com.mx\\\/index.php\\\/2023\\\/11\\\/04\\\/detienen-a-primo-de-el-marro-en-guanajuato\\\/#respond\"]}]},{\"@type\":\"WebPage\",\"@id\":\"https:\\\/\\\/fuentesfidedignas.com.mx\\\/index.php\\\/2023\\\/11\\\/04\\\/detienen-a-primo-de-el-marro-en-guanajuato\\\/\",\"url\":\"https:\\\/\\\/fuentesfidedignas.com.mx\\\/index.php\\\/2023\\\/11\\\/04\\\/detienen-a-primo-de-el-marro-en-guanajuato\\\/\",\"name\":\"Detienen a primo de \u2018El Marro\u2019 en Guanajuato - Fuentes Fidedignas\",\"isPartOf\":{\"@id\":\"https:\\\/\\\/fuentesfidedignas.com.mx\\\/#website\"},\"primaryImageOfPage\":{\"@id\":\"https:\\\/\\\/fuentesfidedignas.com.mx\\\/index.php\\\/2023\\\/11\\\/04\\\/detienen-a-primo-de-el-marro-en-guanajuato\\\/#primaryimage\"},\"image\":{\"@id\":\"https:\\\/\\\/fuentesfidedignas.com.mx\\\/index.php\\\/2023\\\/11\\\/04\\\/detienen-a-primo-de-el-marro-en-guanajuato\\\/#primaryimage\"},\"thumbnailUrl\":\"https:\\\/\\\/fuentesfidedignas.com.mx\\\/wp-content\\\/uploads\\\/2023\\\/11\\\/Screenshot_20231104_101000_Chrome.jpg\",\"datePublished\":\"2023-11-04T17:18:04+00:00\",\"dateModified\":\"2023-11-04T17:19:33+00:00\",\"breadcrumb\":{\"@id\":\"https:\\\/\\\/fuentesfidedignas.com.mx\\\/index.php\\\/2023\\\/11\\\/04\\\/detienen-a-primo-de-el-marro-en-guanajuato\\\/#breadcrumb\"},\"inLanguage\":\"es\",\"potentialAction\":[{\"@type\":\"ReadAction\",\"target\":[\"https:\\\/\\\/fuentesfidedignas.com.mx\\\/index.php\\\/2023\\\/11\\\/04\\\/detienen-a-primo-de-el-marro-en-guanajuato\\\/\"]}]},{\"@type\":\"ImageObject\",\"inLanguage\":\"es\",\"@id\":\"https:\\\/\\\/fuentesfidedignas.com.mx\\\/index.php\\\/2023\\\/11\\\/04\\\/detienen-a-primo-de-el-marro-en-guanajuato\\\/#primaryimage\",\"url\":\"https:\\\/\\\/fuentesfidedignas.com.mx\\\/wp-content\\\/uploads\\\/2023\\\/11\\\/Screenshot_20231104_101000_Chrome.jpg\",\"contentUrl\":\"https:\\\/\\\/fuentesfidedignas.com.mx\\\/wp-content\\\/uploads\\\/2023\\\/11\\\/Screenshot_20231104_101000_Chrome.jpg\",\"width\":1079,\"height\":610},{\"@type\":\"BreadcrumbList\",\"@id\":\"https:\\\/\\\/fuentesfidedignas.com.mx\\\/index.php\\\/2023\\\/11\\\/04\\\/detienen-a-primo-de-el-marro-en-guanajuato\\\/#breadcrumb\",\"itemListElement\":[{\"@type\":\"ListItem\",\"position\":1,\"name\":\"Inicio\",\"item\":\"https:\\\/\\\/fuentesfidedignas.com.mx\\\/\"},{\"@type\":\"ListItem\",\"position\":2,\"name\":\"Detienen a primo de \u2018El Marro\u2019 en Guanajuato\"}]},{\"@type\":\"WebSite\",\"@id\":\"https:\\\/\\\/fuentesfidedignas.com.mx\\\/#website\",\"url\":\"https:\\\/\\\/fuentesfidedignas.com.mx\\\/\",\"name\":\"Fuentes Fidedignas\",\"description\":\"Otro sitio realizado con WordPress\",\"publisher\":{\"@id\":\"https:\\\/\\\/fuentesfidedignas.com.mx\\\/#organization\"},\"potentialAction\":[{\"@type\":\"SearchAction\",\"target\":{\"@type\":\"EntryPoint\",\"urlTemplate\":\"https:\\\/\\\/fuentesfidedignas.com.mx\\\/?s={search_term_string}\"},\"query-input\":{\"@type\":\"PropertyValueSpecification\",\"valueRequired\":true,\"valueName\":\"search_term_string\"}}],\"inLanguage\":\"es\"},{\"@type\":\"Organization\",\"@id\":\"https:\\\/\\\/fuentesfidedignas.com.mx\\\/#organization\",\"name\":\"Fuentes Fidedignas\",\"url\":\"https:\\\/\\\/fuentesfidedignas.com.mx\\\/\",\"logo\":{\"@type\":\"ImageObject\",\"inLanguage\":\"es\",\"@id\":\"https:\\\/\\\/fuentesfidedignas.com.mx\\\/#\\\/schema\\\/logo\\\/image\\\/\",\"url\":\"https:\\\/\\\/fuentesfidedignas.com.mx\\\/wp-content\\\/uploads\\\/2021\\\/04\\\/logo-retina.png\",\"contentUrl\":\"https:\\\/\\\/fuentesfidedignas.com.mx\\\/wp-content\\\/uploads\\\/2021\\\/04\\\/logo-retina.png\",\"width\":280,\"height\":51,\"caption\":\"Fuentes Fidedignas\"},\"image\":{\"@id\":\"https:\\\/\\\/fuentesfidedignas.com.mx\\\/#\\\/schema\\\/logo\\\/image\\\/\"},\"sameAs\":[\"https:\\\/\\\/www.facebook.com\\\/Fuentes-Fidedignas-368234489921644\",\"https:\\\/\\\/x.com\\\/fidedignas\"]},{\"@type\":\"Person\",\"@id\":\"https:\\\/\\\/fuentesfidedignas.com.mx\\\/#\\\/schema\\\/person\\\/494f7e0dce8dfaaec5b64f16615b78e9\",\"name\":\"El Financiero\",\"image\":{\"@type\":\"ImageObject\",\"inLanguage\":\"es\",\"@id\":\"https:\\\/\\\/secure.gravatar.com\\\/avatar\\\/88c0f3f2079389318ef8dd35c22cb997212aa89646e357ba59b318db26ed91a9?s=96&d=mm&r=g\",\"url\":\"https:\\\/\\\/secure.gravatar.com\\\/avatar\\\/88c0f3f2079389318ef8dd35c22cb997212aa89646e357ba59b318db26ed91a9?s=96&d=mm&r=g\",\"contentUrl\":\"https:\\\/\\\/secure.gravatar.com\\\/avatar\\\/88c0f3f2079389318ef8dd35c22cb997212aa89646e357ba59b318db26ed91a9?s=96&d=mm&r=g\",\"caption\":\"El Financiero\"},\"url\":\"https:\\\/\\\/fuentesfidedignas.com.mx\\\/index.php\\\/author\\\/financiero\\\/\"}]}<\/script>\n<!-- \/ Yoast SEO plugin. -->","yoast_head_json":{"title":"Detienen a primo de \u2018El Marro\u2019 en Guanajuato - Fuentes Fidedignas","robots":{"index":"index","follow":"follow","max-snippet":"max-snippet:-1","max-image-preview":"max-image-preview:large","max-video-preview":"max-video-preview:-1"},"canonical":"https:\/\/fuentesfidedignas.com.mx\/index.php\/2023\/11\/04\/detienen-a-primo-de-el-marro-en-guanajuato\/","og_locale":"es_MX","og_type":"article","og_title":"Detienen a primo de \u2018El Marro\u2019 en Guanajuato - Fuentes Fidedignas","og_description":"Se sabe que el l\u00edder criminal detenido es primo de \u2018El Marro,\u2019 y cabecilla del C\u00e1rtel de Santa Rosa de Lima Guanajuato. De acuerdo a informaci\u00f3n oficial, Juan Esteban \u2018N\u2019, conocido como \u2018El Virolo\u2019, primo de \u2018El Marro\u2019, fue detenido por elementos de la Agencia de Investigaci\u00f3n Criminal la ma\u00f1ana de este viernes 3 de [&hellip;]","og_url":"https:\/\/fuentesfidedignas.com.mx\/index.php\/2023\/11\/04\/detienen-a-primo-de-el-marro-en-guanajuato\/","og_site_name":"Fuentes Fidedignas","article_publisher":"https:\/\/www.facebook.com\/Fuentes-Fidedignas-368234489921644","article_published_time":"2023-11-04T17:18:04+00:00","article_modified_time":"2023-11-04T17:19:33+00:00","og_image":[{"width":1079,"height":610,"url":"https:\/\/fuentesfidedignas.com.mx\/wp-content\/uploads\/2023\/11\/Screenshot_20231104_101000_Chrome.jpg","type":"image\/jpeg"}],"author":"El Financiero","twitter_card":"summary_large_image","twitter_creator":"@fidedignas","twitter_site":"@fidedignas","twitter_misc":{"Escrito por":"El Financiero","Tiempo de lectura":"4 minutos"},"schema":{"@context":"https:\/\/schema.org","@graph":[{"@type":"Article","@id":"https:\/\/fuentesfidedignas.com.mx\/index.php\/2023\/11\/04\/detienen-a-primo-de-el-marro-en-guanajuato\/#article","isPartOf":{"@id":"https:\/\/fuentesfidedignas.com.mx\/index.php\/2023\/11\/04\/detienen-a-primo-de-el-marro-en-guanajuato\/"},"author":{"name":"El Financiero","@id":"https:\/\/fuentesfidedignas.com.mx\/#\/schema\/person\/494f7e0dce8dfaaec5b64f16615b78e9"},"headline":"Detienen a primo de \u2018El Marro\u2019 en Guanajuato","datePublished":"2023-11-04T17:18:04+00:00","dateModified":"2023-11-04T17:19:33+00:00","mainEntityOfPage":{"@id":"https:\/\/fuentesfidedignas.com.mx\/index.php\/2023\/11\/04\/detienen-a-primo-de-el-marro-en-guanajuato\/"},"wordCount":739,"commentCount":0,"publisher":{"@id":"https:\/\/fuentesfidedignas.com.mx\/#organization"},"image":{"@id":"https:\/\/fuentesfidedignas.com.mx\/index.php\/2023\/11\/04\/detienen-a-primo-de-el-marro-en-guanajuato\/#primaryimage"},"thumbnailUrl":"https:\/\/fuentesfidedignas.com.mx\/wp-content\/uploads\/2023\/11\/Screenshot_20231104_101000_Chrome.jpg","articleSection":["NOTICIAS NACIONALES"],"inLanguage":"es","potentialAction":[{"@type":"CommentAction","name":"Comment","target":["https:\/\/fuentesfidedignas.com.mx\/index.php\/2023\/11\/04\/detienen-a-primo-de-el-marro-en-guanajuato\/#respond"]}]},{"@type":"WebPage","@id":"https:\/\/fuentesfidedignas.com.mx\/index.php\/2023\/11\/04\/detienen-a-primo-de-el-marro-en-guanajuato\/","url":"https:\/\/fuentesfidedignas.com.mx\/index.php\/2023\/11\/04\/detienen-a-primo-de-el-marro-en-guanajuato\/","name":"Detienen a primo de \u2018El Marro\u2019 en Guanajuato - Fuentes Fidedignas","isPartOf":{"@id":"https:\/\/fuentesfidedignas.com.mx\/#website"},"primaryImageOfPage":{"@id":"https:\/\/fuentesfidedignas.com.mx\/index.php\/2023\/11\/04\/detienen-a-primo-de-el-marro-en-guanajuato\/#primaryimage"},"image":{"@id":"https:\/\/fuentesfidedignas.com.mx\/index.php\/2023\/11\/04\/detienen-a-primo-de-el-marro-en-guanajuato\/#primaryimage"},"thumbnailUrl":"https:\/\/fuentesfidedignas.com.mx\/wp-content\/uploads\/2023\/11\/Screenshot_20231104_101000_Chrome.jpg","datePublished":"2023-11-04T17:18:04+00:00","dateModified":"2023-11-04T17:19:33+00:00","breadcrumb":{"@id":"https:\/\/fuentesfidedignas.com.mx\/index.php\/2023\/11\/04\/detienen-a-primo-de-el-marro-en-guanajuato\/#breadcrumb"},"inLanguage":"es","potentialAction":[{"@type":"ReadAction","target":["https:\/\/fuentesfidedignas.com.mx\/index.php\/2023\/11\/04\/detienen-a-primo-de-el-marro-en-guanajuato\/"]}]},{"@type":"ImageObject","inLanguage":"es","@id":"https:\/\/fuentesfidedignas.com.mx\/index.php\/2023\/11\/04\/detienen-a-primo-de-el-marro-en-guanajuato\/#primaryimage","url":"https:\/\/fuentesfidedignas.com.mx\/wp-content\/uploads\/2023\/11\/Screenshot_20231104_101000_Chrome.jpg","contentUrl":"https:\/\/fuentesfidedignas.com.mx\/wp-content\/uploads\/2023\/11\/Screenshot_20231104_101000_Chrome.jpg","width":1079,"height":610},{"@type":"BreadcrumbList","@id":"https:\/\/fuentesfidedignas.com.mx\/index.php\/2023\/11\/04\/detienen-a-primo-de-el-marro-en-guanajuato\/#breadcrumb","itemListElement":[{"@type":"ListItem","position":1,"name":"Inicio","item":"https:\/\/fuentesfidedignas.com.mx\/"},{"@type":"ListItem","position":2,"name":"Detienen a primo de \u2018El Marro\u2019 en Guanajuato"}]},{"@type":"WebSite","@id":"https:\/\/fuentesfidedignas.com.mx\/#website","url":"https:\/\/fuentesfidedignas.com.mx\/","name":"Fuentes Fidedignas","description":"Otro sitio realizado con WordPress","publisher":{"@id":"https:\/\/fuentesfidedignas.com.mx\/#organization"},"potentialAction":[{"@type":"SearchAction","target":{"@type":"EntryPoint","urlTemplate":"https:\/\/fuentesfidedignas.com.mx\/?s={search_term_string}"},"query-input":{"@type":"PropertyValueSpecification","valueRequired":true,"valueName":"search_term_string"}}],"inLanguage":"es"},{"@type":"Organization","@id":"https:\/\/fuentesfidedignas.com.mx\/#organization","name":"Fuentes Fidedignas","url":"https:\/\/fuentesfidedignas.com.mx\/","logo":{"@type":"ImageObject","inLanguage":"es","@id":"https:\/\/fuentesfidedignas.com.mx\/#\/schema\/logo\/image\/","url":"https:\/\/fuentesfidedignas.com.mx\/wp-content\/uploads\/2021\/04\/logo-retina.png","contentUrl":"https:\/\/fuentesfidedignas.com.mx\/wp-content\/uploads\/2021\/04\/logo-retina.png","width":280,"height":51,"caption":"Fuentes Fidedignas"},"image":{"@id":"https:\/\/fuentesfidedignas.com.mx\/#\/schema\/logo\/image\/"},"sameAs":["https:\/\/www.facebook.com\/Fuentes-Fidedignas-368234489921644","https:\/\/x.com\/fidedignas"]},{"@type":"Person","@id":"https:\/\/fuentesfidedignas.com.mx\/#\/schema\/person\/494f7e0dce8dfaaec5b64f16615b78e9","name":"El Financiero","image":{"@type":"ImageObject","inLanguage":"es","@id":"https:\/\/secure.gravatar.com\/avatar\/88c0f3f2079389318ef8dd35c22cb997212aa89646e357ba59b318db26ed91a9?s=96&d=mm&r=g","url":"https:\/\/secure.gravatar.com\/avatar\/88c0f3f2079389318ef8dd35c22cb997212aa89646e357ba59b318db26ed91a9?s=96&d=mm&r=g","contentUrl":"https:\/\/secure.gravatar.com\/avatar\/88c0f3f2079389318ef8dd35c22cb997212aa89646e357ba59b318db26ed91a9?s=96&d=mm&r=g","caption":"El Financiero"},"url":"https:\/\/fuentesfidedignas.com.mx\/index.php\/author\/financiero\/"}]}},"_links":{"self":[{"href":"https:\/\/fuentesfidedignas.com.mx\/index.php\/wp-json\/wp\/v2\/posts\/64675","targetHints":{"allow":["GET"]}}],"collection":[{"href":"https:\/\/fuentesfidedignas.com.mx\/index.php\/wp-json\/wp\/v2\/posts"}],"about":[{"href":"https:\/\/fuentesfidedignas.com.mx\/index.php\/wp-json\/wp\/v2\/types\/post"}],"author":[{"embeddable":true,"href":"https:\/\/fuentesfidedignas.com.mx\/index.php\/wp-json\/wp\/v2\/users\/21"}],"replies":[{"embeddable":true,"href":"https:\/\/fuentesfidedignas.com.mx\/index.php\/wp-json\/wp\/v2\/comments?post=64675"}],"version-history":[{"count":1,"href":"https:\/\/fuentesfidedignas.com.mx\/index.php\/wp-json\/wp\/v2\/posts\/64675\/revisions"}],"predecessor-version":[{"id":64676,"href":"https:\/\/fuentesfidedignas.com.mx\/index.php\/wp-json\/wp\/v2\/posts\/64675\/revisions\/64676"}],"wp:featuredmedia":[{"embeddable":true,"href":"https:\/\/fuentesfidedignas.com.mx\/index.php\/wp-json\/wp\/v2\/media\/64677"}],"wp:attachment":[{"href":"https:\/\/fuentesfidedignas.com.mx\/index.php\/wp-json\/wp\/v2\/media?parent=64675"}],"wp:term":[{"taxonomy":"category","embeddable":true,"href":"https:\/\/fuentesfidedignas.com.mx\/index.php\/wp-json\/wp\/v2\/categories?post=64675"},{"taxonomy":"post_tag","embeddable":true,"href":"https:\/\/fuentesfidedignas.com.mx\/index.php\/wp-json\/wp\/v2\/tags?post=64675"}],"curies":[{"name":"wp","href":"https:\/\/api.w.org\/{rel}","templated":true}]}}