{"id":64672,"date":"2023-11-04T09:18:17","date_gmt":"2023-11-04T16:18:17","guid":{"rendered":"https:\/\/fuentesfidedignas.com.mx\/?p=64672"},"modified":"2023-11-04T09:20:12","modified_gmt":"2023-11-04T16:20:12","slug":"suman-143-muertos-tras-sismo-de-magnitud-5-6-en-nepal-india-envia-condolencias","status":"publish","type":"post","link":"https:\/\/fuentesfidedignas.com.mx\/index.php\/2023\/11\/04\/suman-143-muertos-tras-sismo-de-magnitud-5-6-en-nepal-india-envia-condolencias\/","title":{"rendered":"Suman 143 muertos tras sismo de magnitud 5.6 en Nepal; India env\u00eda condolencias"},"content":{"rendered":"\n<p><strong><em>Nepal se ubica en una importante falla geol\u00f3gica donde la placa tect\u00f3nica india empuja hacia arriba a la placa euroasi\u00e1tica, lo que dio origen a los Himalayas<\/em><\/strong><\/p>\n\n\n\n<p>Nepal. Al menos 143 personas murieron por un sismo de magnitud 5.6 que golpe\u00f3 en la noche del viernes una zona remota del oeste de Nepal, informaron este s\u00e1bado las autoridades, que desplegaron a las fuerzas de seguridad para ayudar en las tareas de rescate. El temblor tuvo su epicentro a 42 km al sur de Jumla, cerca de la frontera con T\u00edbet, y se situ\u00f3 a solo 18 kil\u00f3metros de profundidad, seg\u00fan el Servicio Geol\u00f3gico de Estados Unidos (USGS).<\/p>\n\n\n\n<figure class=\"wp-block-embed is-type-rich is-provider-twitter wp-block-embed-twitter\"><div class=\"wp-block-embed__wrapper\">\n<blockquote class=\"twitter-tweet\" data-width=\"550\" data-dnt=\"true\"><p lang=\"en\" dir=\"ltr\">Nepal \ud83c\uddf3\ud83c\uddf5Earthquake<a href=\"https:\/\/twitter.com\/hashtag\/earthquake?src=hash&amp;ref_src=twsrc%5Etfw\">#earthquake<\/a> <a href=\"https:\/\/twitter.com\/hashtag\/earthquakenepal?src=hash&amp;ref_src=twsrc%5Etfw\">#earthquakenepal<\/a> <a href=\"https:\/\/twitter.com\/hashtag\/Nepal?src=hash&amp;ref_src=twsrc%5Etfw\">#Nepal<\/a> <a href=\"https:\/\/twitter.com\/hashtag\/earthquakedelhi?src=hash&amp;ref_src=twsrc%5Etfw\">#earthquakedelhi<\/a> <a href=\"https:\/\/twitter.com\/hashtag\/earthquakes?src=hash&amp;ref_src=twsrc%5Etfw\">#earthquakes<\/a> <a href=\"https:\/\/twitter.com\/hashtag\/Delhi?src=hash&amp;ref_src=twsrc%5Etfw\">#Delhi<\/a> <a href=\"https:\/\/t.co\/H8QlgGTifY\">pic.twitter.com\/H8QlgGTifY<\/a><\/p>&mdash; Dr Jain (@DrJain21) <a href=\"https:\/\/twitter.com\/DrJain21\/status\/1720660930760200639?ref_src=twsrc%5Etfw\">November 4, 2023<\/a><\/blockquote><script async src=\"https:\/\/platform.twitter.com\/widgets.js\" charset=\"utf-8\"><\/script>\n<\/div><\/figure>\n\n\n\n<p>Incialmente las autoridades anunciaron 130 v\u00edctimas fatales. Videos y fotograf\u00edas publicados en redes sociales mostraron a la poblaci\u00f3n local escarbando en medio de la noche entre los escombros de edificios destruidos en busca de supervivientes. Las casas de barro se derrumbaron o resultaron gravemente da\u00f1adas y los supervivientes se pusieron a salvo en el exterior, donde se escuchaban las sirenas de los veh\u00edculos de emergencia.<\/p>\n\n\n\n<p>La sacudida lleg\u00f3 a sentirse en la capital de India, Nueva Delhi, situada a casi 500 kil\u00f3metros del epicentro. El portavoz policial de la provincia de Karnali, Gopal Chandra Bhattarai, explic\u00f3\u00a0que desplegaron un amplio dispositivo para ayudar en las tareas de b\u00fasqueda y rescate.\u00a0El hospital del distrito se llen\u00f3 de residentes que trasladaron a heridos.<\/p>\n\n\n\n<blockquote class=\"wp-block-quote is-layout-flow wp-block-quote-is-layout-flow\">\n<p>&#8220;El aislamiento de los distritos hace dif\u00edcil que llegue la informaci\u00f3n&#8221;, se\u00f1al\u00f3. &#8220;Algunas carreteras quedaron bloqueadas por el da\u00f1o, pero estamos intentando llegar a la zona a trav\u00e9s de rutas alternativas&#8221;.<\/p>\n<\/blockquote>\n\n\n\n<p>El primer ministro nepal\u00ed, Pushpa Kamal, lleg\u00f3 este s\u00e1bado por la ma\u00f1ana a la zona afectada despu\u00e9s de expresar &#8220;su profundo pesar por el da\u00f1o humano y f\u00edsico causados por el terremoto&#8221;.<\/p>\n\n\n\n<figure class=\"wp-block-embed is-type-rich is-provider-twitter wp-block-embed-twitter\"><div class=\"wp-block-embed__wrapper\">\n<blockquote class=\"twitter-tweet\" data-width=\"550\" data-dnt=\"true\"><p lang=\"en\" dir=\"ltr\">A devastating midnight earthquake struck Nepal, claiming the lives of over 132 people and leaving at least 150 others injured in its wake. <a href=\"https:\/\/twitter.com\/hashtag\/NepalEarthquake?src=hash&amp;ref_src=twsrc%5Etfw\">#NepalEarthquake<\/a> <a href=\"https:\/\/t.co\/dgrtkr6av3\">pic.twitter.com\/dgrtkr6av3<\/a><\/p>&mdash; \ud835\udc13\ud835\udc21\ud835\udc1e \ud835\udc07\ud835\udc1e\ud835\udc2b\ud835\udc1a\ud835\udc25\ud835\udc1d \ud835\udc03\ud835\udc22\ud835\udc1a\ud835\udc2b\ud835\udc32 \ud83c\uddfa\ud83c\uddf8 (@TheHeraldDiary) <a href=\"https:\/\/twitter.com\/TheHeraldDiary\/status\/1720716545196765444?ref_src=twsrc%5Etfw\">November 4, 2023<\/a><\/blockquote><script async src=\"https:\/\/platform.twitter.com\/widgets.js\" charset=\"utf-8\"><\/script>\n<\/div><\/figure>\n","protected":false},"excerpt":{"rendered":"<p>Nepal se ubica en una importante falla geol\u00f3gica donde la placa tect\u00f3nica india empuja hacia arriba a la placa euroasi\u00e1tica, lo que dio origen a los Himalayas Nepal. Al menos 143 personas murieron por un sismo de magnitud 5.6 que golpe\u00f3 en la noche del viernes una zona remota del oeste de Nepal, informaron este [&hellip;]<\/p>\n","protected":false},"author":7,"featured_media":64674,"comment_status":"open","ping_status":"open","sticky":false,"template":"","format":"standard","meta":{"tdm_status":"","tdm_grid_status":"","footnotes":""},"categories":[39,1],"tags":[],"class_list":{"0":"post-64672","1":"post","2":"type-post","3":"status-publish","4":"format-standard","5":"has-post-thumbnail","7":"category-noticias-nacionales","8":"category-sin-categoria"},"yoast_head":"<!-- This site is optimized with the Yoast SEO plugin v27.5 - https:\/\/yoast.com\/product\/yoast-seo-wordpress\/ -->\n<title>Suman 143 muertos tras sismo de magnitud 5.6 en Nepal; India env\u00eda condolencias - Fuentes Fidedignas<\/title>\n<meta name=\"robots\" content=\"index, follow, max-snippet:-1, max-image-preview:large, max-video-preview:-1\" \/>\n<link rel=\"canonical\" href=\"https:\/\/fuentesfidedignas.com.mx\/index.php\/2023\/11\/04\/suman-143-muertos-tras-sismo-de-magnitud-5-6-en-nepal-india-envia-condolencias\/\" \/>\n<meta property=\"og:locale\" content=\"es_MX\" \/>\n<meta property=\"og:type\" content=\"article\" \/>\n<meta property=\"og:title\" content=\"Suman 143 muertos tras sismo de magnitud 5.6 en Nepal; India env\u00eda condolencias - Fuentes Fidedignas\" \/>\n<meta property=\"og:description\" content=\"Nepal se ubica en una importante falla geol\u00f3gica donde la placa tect\u00f3nica india empuja hacia arriba a la placa euroasi\u00e1tica, lo que dio origen a los Himalayas Nepal. Al menos 143 personas murieron por un sismo de magnitud 5.6 que golpe\u00f3 en la noche del viernes una zona remota del oeste de Nepal, informaron este [&hellip;]\" \/>\n<meta property=\"og:url\" content=\"https:\/\/fuentesfidedignas.com.mx\/index.php\/2023\/11\/04\/suman-143-muertos-tras-sismo-de-magnitud-5-6-en-nepal-india-envia-condolencias\/\" \/>\n<meta property=\"og:site_name\" content=\"Fuentes Fidedignas\" \/>\n<meta property=\"article:publisher\" content=\"https:\/\/www.facebook.com\/Fuentes-Fidedignas-368234489921644\" \/>\n<meta property=\"article:published_time\" content=\"2023-11-04T16:18:17+00:00\" \/>\n<meta property=\"article:modified_time\" content=\"2023-11-04T16:20:12+00:00\" \/>\n<meta property=\"og:image\" content=\"https:\/\/fuentesfidedignas.com.mx\/wp-content\/uploads\/2023\/11\/3028801.jpg\" \/>\n\t<meta property=\"og:image:width\" content=\"800\" \/>\n\t<meta property=\"og:image:height\" content=\"600\" \/>\n\t<meta property=\"og:image:type\" content=\"image\/jpeg\" \/>\n<meta name=\"author\" content=\"Exc\u00e9lsior\" \/>\n<meta name=\"twitter:card\" content=\"summary_large_image\" \/>\n<meta name=\"twitter:creator\" content=\"@fidedignas\" \/>\n<meta name=\"twitter:site\" content=\"@fidedignas\" \/>\n<meta name=\"twitter:label1\" content=\"Escrito por\" \/>\n\t<meta name=\"twitter:data1\" content=\"Exc\u00e9lsior\" \/>\n\t<meta name=\"twitter:label2\" content=\"Tiempo de lectura\" \/>\n\t<meta name=\"twitter:data2\" content=\"2 minutos\" \/>\n<script type=\"application\/ld+json\" class=\"yoast-schema-graph\">{\"@context\":\"https:\\\/\\\/schema.org\",\"@graph\":[{\"@type\":\"Article\",\"@id\":\"https:\\\/\\\/fuentesfidedignas.com.mx\\\/index.php\\\/2023\\\/11\\\/04\\\/suman-143-muertos-tras-sismo-de-magnitud-5-6-en-nepal-india-envia-condolencias\\\/#article\",\"isPartOf\":{\"@id\":\"https:\\\/\\\/fuentesfidedignas.com.mx\\\/index.php\\\/2023\\\/11\\\/04\\\/suman-143-muertos-tras-sismo-de-magnitud-5-6-en-nepal-india-envia-condolencias\\\/\"},\"author\":{\"name\":\"Exc\u00e9lsior\",\"@id\":\"https:\\\/\\\/fuentesfidedignas.com.mx\\\/#\\\/schema\\\/person\\\/ec4edd1fbf5efa3e44fce34fe2787780\"},\"headline\":\"Suman 143 muertos tras sismo de magnitud 5.6 en Nepal; India env\u00eda condolencias\",\"datePublished\":\"2023-11-04T16:18:17+00:00\",\"dateModified\":\"2023-11-04T16:20:12+00:00\",\"mainEntityOfPage\":{\"@id\":\"https:\\\/\\\/fuentesfidedignas.com.mx\\\/index.php\\\/2023\\\/11\\\/04\\\/suman-143-muertos-tras-sismo-de-magnitud-5-6-en-nepal-india-envia-condolencias\\\/\"},\"wordCount\":345,\"commentCount\":0,\"publisher\":{\"@id\":\"https:\\\/\\\/fuentesfidedignas.com.mx\\\/#organization\"},\"image\":{\"@id\":\"https:\\\/\\\/fuentesfidedignas.com.mx\\\/index.php\\\/2023\\\/11\\\/04\\\/suman-143-muertos-tras-sismo-de-magnitud-5-6-en-nepal-india-envia-condolencias\\\/#primaryimage\"},\"thumbnailUrl\":\"https:\\\/\\\/fuentesfidedignas.com.mx\\\/wp-content\\\/uploads\\\/2023\\\/11\\\/3028801.jpg\",\"articleSection\":[\"NOTICIAS NACIONALES\"],\"inLanguage\":\"es\",\"potentialAction\":[{\"@type\":\"CommentAction\",\"name\":\"Comment\",\"target\":[\"https:\\\/\\\/fuentesfidedignas.com.mx\\\/index.php\\\/2023\\\/11\\\/04\\\/suman-143-muertos-tras-sismo-de-magnitud-5-6-en-nepal-india-envia-condolencias\\\/#respond\"]}]},{\"@type\":\"WebPage\",\"@id\":\"https:\\\/\\\/fuentesfidedignas.com.mx\\\/index.php\\\/2023\\\/11\\\/04\\\/suman-143-muertos-tras-sismo-de-magnitud-5-6-en-nepal-india-envia-condolencias\\\/\",\"url\":\"https:\\\/\\\/fuentesfidedignas.com.mx\\\/index.php\\\/2023\\\/11\\\/04\\\/suman-143-muertos-tras-sismo-de-magnitud-5-6-en-nepal-india-envia-condolencias\\\/\",\"name\":\"Suman 143 muertos tras sismo de magnitud 5.6 en Nepal; India env\u00eda condolencias - Fuentes Fidedignas\",\"isPartOf\":{\"@id\":\"https:\\\/\\\/fuentesfidedignas.com.mx\\\/#website\"},\"primaryImageOfPage\":{\"@id\":\"https:\\\/\\\/fuentesfidedignas.com.mx\\\/index.php\\\/2023\\\/11\\\/04\\\/suman-143-muertos-tras-sismo-de-magnitud-5-6-en-nepal-india-envia-condolencias\\\/#primaryimage\"},\"image\":{\"@id\":\"https:\\\/\\\/fuentesfidedignas.com.mx\\\/index.php\\\/2023\\\/11\\\/04\\\/suman-143-muertos-tras-sismo-de-magnitud-5-6-en-nepal-india-envia-condolencias\\\/#primaryimage\"},\"thumbnailUrl\":\"https:\\\/\\\/fuentesfidedignas.com.mx\\\/wp-content\\\/uploads\\\/2023\\\/11\\\/3028801.jpg\",\"datePublished\":\"2023-11-04T16:18:17+00:00\",\"dateModified\":\"2023-11-04T16:20:12+00:00\",\"breadcrumb\":{\"@id\":\"https:\\\/\\\/fuentesfidedignas.com.mx\\\/index.php\\\/2023\\\/11\\\/04\\\/suman-143-muertos-tras-sismo-de-magnitud-5-6-en-nepal-india-envia-condolencias\\\/#breadcrumb\"},\"inLanguage\":\"es\",\"potentialAction\":[{\"@type\":\"ReadAction\",\"target\":[\"https:\\\/\\\/fuentesfidedignas.com.mx\\\/index.php\\\/2023\\\/11\\\/04\\\/suman-143-muertos-tras-sismo-de-magnitud-5-6-en-nepal-india-envia-condolencias\\\/\"]}]},{\"@type\":\"ImageObject\",\"inLanguage\":\"es\",\"@id\":\"https:\\\/\\\/fuentesfidedignas.com.mx\\\/index.php\\\/2023\\\/11\\\/04\\\/suman-143-muertos-tras-sismo-de-magnitud-5-6-en-nepal-india-envia-condolencias\\\/#primaryimage\",\"url\":\"https:\\\/\\\/fuentesfidedignas.com.mx\\\/wp-content\\\/uploads\\\/2023\\\/11\\\/3028801.jpg\",\"contentUrl\":\"https:\\\/\\\/fuentesfidedignas.com.mx\\\/wp-content\\\/uploads\\\/2023\\\/11\\\/3028801.jpg\",\"width\":800,\"height\":600},{\"@type\":\"BreadcrumbList\",\"@id\":\"https:\\\/\\\/fuentesfidedignas.com.mx\\\/index.php\\\/2023\\\/11\\\/04\\\/suman-143-muertos-tras-sismo-de-magnitud-5-6-en-nepal-india-envia-condolencias\\\/#breadcrumb\",\"itemListElement\":[{\"@type\":\"ListItem\",\"position\":1,\"name\":\"Inicio\",\"item\":\"https:\\\/\\\/fuentesfidedignas.com.mx\\\/\"},{\"@type\":\"ListItem\",\"position\":2,\"name\":\"Suman 143 muertos tras sismo de magnitud 5.6 en Nepal; India env\u00eda condolencias\"}]},{\"@type\":\"WebSite\",\"@id\":\"https:\\\/\\\/fuentesfidedignas.com.mx\\\/#website\",\"url\":\"https:\\\/\\\/fuentesfidedignas.com.mx\\\/\",\"name\":\"Fuentes Fidedignas\",\"description\":\"Otro sitio realizado con WordPress\",\"publisher\":{\"@id\":\"https:\\\/\\\/fuentesfidedignas.com.mx\\\/#organization\"},\"potentialAction\":[{\"@type\":\"SearchAction\",\"target\":{\"@type\":\"EntryPoint\",\"urlTemplate\":\"https:\\\/\\\/fuentesfidedignas.com.mx\\\/?s={search_term_string}\"},\"query-input\":{\"@type\":\"PropertyValueSpecification\",\"valueRequired\":true,\"valueName\":\"search_term_string\"}}],\"inLanguage\":\"es\"},{\"@type\":\"Organization\",\"@id\":\"https:\\\/\\\/fuentesfidedignas.com.mx\\\/#organization\",\"name\":\"Fuentes Fidedignas\",\"url\":\"https:\\\/\\\/fuentesfidedignas.com.mx\\\/\",\"logo\":{\"@type\":\"ImageObject\",\"inLanguage\":\"es\",\"@id\":\"https:\\\/\\\/fuentesfidedignas.com.mx\\\/#\\\/schema\\\/logo\\\/image\\\/\",\"url\":\"https:\\\/\\\/fuentesfidedignas.com.mx\\\/wp-content\\\/uploads\\\/2021\\\/04\\\/logo-retina.png\",\"contentUrl\":\"https:\\\/\\\/fuentesfidedignas.com.mx\\\/wp-content\\\/uploads\\\/2021\\\/04\\\/logo-retina.png\",\"width\":280,\"height\":51,\"caption\":\"Fuentes Fidedignas\"},\"image\":{\"@id\":\"https:\\\/\\\/fuentesfidedignas.com.mx\\\/#\\\/schema\\\/logo\\\/image\\\/\"},\"sameAs\":[\"https:\\\/\\\/www.facebook.com\\\/Fuentes-Fidedignas-368234489921644\",\"https:\\\/\\\/x.com\\\/fidedignas\"]},{\"@type\":\"Person\",\"@id\":\"https:\\\/\\\/fuentesfidedignas.com.mx\\\/#\\\/schema\\\/person\\\/ec4edd1fbf5efa3e44fce34fe2787780\",\"name\":\"Exc\u00e9lsior\",\"image\":{\"@type\":\"ImageObject\",\"inLanguage\":\"es\",\"@id\":\"https:\\\/\\\/secure.gravatar.com\\\/avatar\\\/4b7ee9206b48be08447852b3f0814dbc7c0f3b51541b164f1464a2725614020b?s=96&d=mm&r=g\",\"url\":\"https:\\\/\\\/secure.gravatar.com\\\/avatar\\\/4b7ee9206b48be08447852b3f0814dbc7c0f3b51541b164f1464a2725614020b?s=96&d=mm&r=g\",\"contentUrl\":\"https:\\\/\\\/secure.gravatar.com\\\/avatar\\\/4b7ee9206b48be08447852b3f0814dbc7c0f3b51541b164f1464a2725614020b?s=96&d=mm&r=g\",\"caption\":\"Exc\u00e9lsior\"},\"url\":\"https:\\\/\\\/fuentesfidedignas.com.mx\\\/index.php\\\/author\\\/excelsior\\\/\"}]}<\/script>\n<!-- \/ Yoast SEO plugin. -->","yoast_head_json":{"title":"Suman 143 muertos tras sismo de magnitud 5.6 en Nepal; India env\u00eda condolencias - Fuentes Fidedignas","robots":{"index":"index","follow":"follow","max-snippet":"max-snippet:-1","max-image-preview":"max-image-preview:large","max-video-preview":"max-video-preview:-1"},"canonical":"https:\/\/fuentesfidedignas.com.mx\/index.php\/2023\/11\/04\/suman-143-muertos-tras-sismo-de-magnitud-5-6-en-nepal-india-envia-condolencias\/","og_locale":"es_MX","og_type":"article","og_title":"Suman 143 muertos tras sismo de magnitud 5.6 en Nepal; India env\u00eda condolencias - Fuentes Fidedignas","og_description":"Nepal se ubica en una importante falla geol\u00f3gica donde la placa tect\u00f3nica india empuja hacia arriba a la placa euroasi\u00e1tica, lo que dio origen a los Himalayas Nepal. Al menos 143 personas murieron por un sismo de magnitud 5.6 que golpe\u00f3 en la noche del viernes una zona remota del oeste de Nepal, informaron este [&hellip;]","og_url":"https:\/\/fuentesfidedignas.com.mx\/index.php\/2023\/11\/04\/suman-143-muertos-tras-sismo-de-magnitud-5-6-en-nepal-india-envia-condolencias\/","og_site_name":"Fuentes Fidedignas","article_publisher":"https:\/\/www.facebook.com\/Fuentes-Fidedignas-368234489921644","article_published_time":"2023-11-04T16:18:17+00:00","article_modified_time":"2023-11-04T16:20:12+00:00","og_image":[{"width":800,"height":600,"url":"https:\/\/fuentesfidedignas.com.mx\/wp-content\/uploads\/2023\/11\/3028801.jpg","type":"image\/jpeg"}],"author":"Exc\u00e9lsior","twitter_card":"summary_large_image","twitter_creator":"@fidedignas","twitter_site":"@fidedignas","twitter_misc":{"Escrito por":"Exc\u00e9lsior","Tiempo de lectura":"2 minutos"},"schema":{"@context":"https:\/\/schema.org","@graph":[{"@type":"Article","@id":"https:\/\/fuentesfidedignas.com.mx\/index.php\/2023\/11\/04\/suman-143-muertos-tras-sismo-de-magnitud-5-6-en-nepal-india-envia-condolencias\/#article","isPartOf":{"@id":"https:\/\/fuentesfidedignas.com.mx\/index.php\/2023\/11\/04\/suman-143-muertos-tras-sismo-de-magnitud-5-6-en-nepal-india-envia-condolencias\/"},"author":{"name":"Exc\u00e9lsior","@id":"https:\/\/fuentesfidedignas.com.mx\/#\/schema\/person\/ec4edd1fbf5efa3e44fce34fe2787780"},"headline":"Suman 143 muertos tras sismo de magnitud 5.6 en Nepal; India env\u00eda condolencias","datePublished":"2023-11-04T16:18:17+00:00","dateModified":"2023-11-04T16:20:12+00:00","mainEntityOfPage":{"@id":"https:\/\/fuentesfidedignas.com.mx\/index.php\/2023\/11\/04\/suman-143-muertos-tras-sismo-de-magnitud-5-6-en-nepal-india-envia-condolencias\/"},"wordCount":345,"commentCount":0,"publisher":{"@id":"https:\/\/fuentesfidedignas.com.mx\/#organization"},"image":{"@id":"https:\/\/fuentesfidedignas.com.mx\/index.php\/2023\/11\/04\/suman-143-muertos-tras-sismo-de-magnitud-5-6-en-nepal-india-envia-condolencias\/#primaryimage"},"thumbnailUrl":"https:\/\/fuentesfidedignas.com.mx\/wp-content\/uploads\/2023\/11\/3028801.jpg","articleSection":["NOTICIAS NACIONALES"],"inLanguage":"es","potentialAction":[{"@type":"CommentAction","name":"Comment","target":["https:\/\/fuentesfidedignas.com.mx\/index.php\/2023\/11\/04\/suman-143-muertos-tras-sismo-de-magnitud-5-6-en-nepal-india-envia-condolencias\/#respond"]}]},{"@type":"WebPage","@id":"https:\/\/fuentesfidedignas.com.mx\/index.php\/2023\/11\/04\/suman-143-muertos-tras-sismo-de-magnitud-5-6-en-nepal-india-envia-condolencias\/","url":"https:\/\/fuentesfidedignas.com.mx\/index.php\/2023\/11\/04\/suman-143-muertos-tras-sismo-de-magnitud-5-6-en-nepal-india-envia-condolencias\/","name":"Suman 143 muertos tras sismo de magnitud 5.6 en Nepal; India env\u00eda condolencias - Fuentes Fidedignas","isPartOf":{"@id":"https:\/\/fuentesfidedignas.com.mx\/#website"},"primaryImageOfPage":{"@id":"https:\/\/fuentesfidedignas.com.mx\/index.php\/2023\/11\/04\/suman-143-muertos-tras-sismo-de-magnitud-5-6-en-nepal-india-envia-condolencias\/#primaryimage"},"image":{"@id":"https:\/\/fuentesfidedignas.com.mx\/index.php\/2023\/11\/04\/suman-143-muertos-tras-sismo-de-magnitud-5-6-en-nepal-india-envia-condolencias\/#primaryimage"},"thumbnailUrl":"https:\/\/fuentesfidedignas.com.mx\/wp-content\/uploads\/2023\/11\/3028801.jpg","datePublished":"2023-11-04T16:18:17+00:00","dateModified":"2023-11-04T16:20:12+00:00","breadcrumb":{"@id":"https:\/\/fuentesfidedignas.com.mx\/index.php\/2023\/11\/04\/suman-143-muertos-tras-sismo-de-magnitud-5-6-en-nepal-india-envia-condolencias\/#breadcrumb"},"inLanguage":"es","potentialAction":[{"@type":"ReadAction","target":["https:\/\/fuentesfidedignas.com.mx\/index.php\/2023\/11\/04\/suman-143-muertos-tras-sismo-de-magnitud-5-6-en-nepal-india-envia-condolencias\/"]}]},{"@type":"ImageObject","inLanguage":"es","@id":"https:\/\/fuentesfidedignas.com.mx\/index.php\/2023\/11\/04\/suman-143-muertos-tras-sismo-de-magnitud-5-6-en-nepal-india-envia-condolencias\/#primaryimage","url":"https:\/\/fuentesfidedignas.com.mx\/wp-content\/uploads\/2023\/11\/3028801.jpg","contentUrl":"https:\/\/fuentesfidedignas.com.mx\/wp-content\/uploads\/2023\/11\/3028801.jpg","width":800,"height":600},{"@type":"BreadcrumbList","@id":"https:\/\/fuentesfidedignas.com.mx\/index.php\/2023\/11\/04\/suman-143-muertos-tras-sismo-de-magnitud-5-6-en-nepal-india-envia-condolencias\/#breadcrumb","itemListElement":[{"@type":"ListItem","position":1,"name":"Inicio","item":"https:\/\/fuentesfidedignas.com.mx\/"},{"@type":"ListItem","position":2,"name":"Suman 143 muertos tras sismo de magnitud 5.6 en Nepal; India env\u00eda condolencias"}]},{"@type":"WebSite","@id":"https:\/\/fuentesfidedignas.com.mx\/#website","url":"https:\/\/fuentesfidedignas.com.mx\/","name":"Fuentes Fidedignas","description":"Otro sitio realizado con WordPress","publisher":{"@id":"https:\/\/fuentesfidedignas.com.mx\/#organization"},"potentialAction":[{"@type":"SearchAction","target":{"@type":"EntryPoint","urlTemplate":"https:\/\/fuentesfidedignas.com.mx\/?s={search_term_string}"},"query-input":{"@type":"PropertyValueSpecification","valueRequired":true,"valueName":"search_term_string"}}],"inLanguage":"es"},{"@type":"Organization","@id":"https:\/\/fuentesfidedignas.com.mx\/#organization","name":"Fuentes Fidedignas","url":"https:\/\/fuentesfidedignas.com.mx\/","logo":{"@type":"ImageObject","inLanguage":"es","@id":"https:\/\/fuentesfidedignas.com.mx\/#\/schema\/logo\/image\/","url":"https:\/\/fuentesfidedignas.com.mx\/wp-content\/uploads\/2021\/04\/logo-retina.png","contentUrl":"https:\/\/fuentesfidedignas.com.mx\/wp-content\/uploads\/2021\/04\/logo-retina.png","width":280,"height":51,"caption":"Fuentes Fidedignas"},"image":{"@id":"https:\/\/fuentesfidedignas.com.mx\/#\/schema\/logo\/image\/"},"sameAs":["https:\/\/www.facebook.com\/Fuentes-Fidedignas-368234489921644","https:\/\/x.com\/fidedignas"]},{"@type":"Person","@id":"https:\/\/fuentesfidedignas.com.mx\/#\/schema\/person\/ec4edd1fbf5efa3e44fce34fe2787780","name":"Exc\u00e9lsior","image":{"@type":"ImageObject","inLanguage":"es","@id":"https:\/\/secure.gravatar.com\/avatar\/4b7ee9206b48be08447852b3f0814dbc7c0f3b51541b164f1464a2725614020b?s=96&d=mm&r=g","url":"https:\/\/secure.gravatar.com\/avatar\/4b7ee9206b48be08447852b3f0814dbc7c0f3b51541b164f1464a2725614020b?s=96&d=mm&r=g","contentUrl":"https:\/\/secure.gravatar.com\/avatar\/4b7ee9206b48be08447852b3f0814dbc7c0f3b51541b164f1464a2725614020b?s=96&d=mm&r=g","caption":"Exc\u00e9lsior"},"url":"https:\/\/fuentesfidedignas.com.mx\/index.php\/author\/excelsior\/"}]}},"_links":{"self":[{"href":"https:\/\/fuentesfidedignas.com.mx\/index.php\/wp-json\/wp\/v2\/posts\/64672","targetHints":{"allow":["GET"]}}],"collection":[{"href":"https:\/\/fuentesfidedignas.com.mx\/index.php\/wp-json\/wp\/v2\/posts"}],"about":[{"href":"https:\/\/fuentesfidedignas.com.mx\/index.php\/wp-json\/wp\/v2\/types\/post"}],"author":[{"embeddable":true,"href":"https:\/\/fuentesfidedignas.com.mx\/index.php\/wp-json\/wp\/v2\/users\/7"}],"replies":[{"embeddable":true,"href":"https:\/\/fuentesfidedignas.com.mx\/index.php\/wp-json\/wp\/v2\/comments?post=64672"}],"version-history":[{"count":1,"href":"https:\/\/fuentesfidedignas.com.mx\/index.php\/wp-json\/wp\/v2\/posts\/64672\/revisions"}],"predecessor-version":[{"id":64673,"href":"https:\/\/fuentesfidedignas.com.mx\/index.php\/wp-json\/wp\/v2\/posts\/64672\/revisions\/64673"}],"wp:featuredmedia":[{"embeddable":true,"href":"https:\/\/fuentesfidedignas.com.mx\/index.php\/wp-json\/wp\/v2\/media\/64674"}],"wp:attachment":[{"href":"https:\/\/fuentesfidedignas.com.mx\/index.php\/wp-json\/wp\/v2\/media?parent=64672"}],"wp:term":[{"taxonomy":"category","embeddable":true,"href":"https:\/\/fuentesfidedignas.com.mx\/index.php\/wp-json\/wp\/v2\/categories?post=64672"},{"taxonomy":"post_tag","embeddable":true,"href":"https:\/\/fuentesfidedignas.com.mx\/index.php\/wp-json\/wp\/v2\/tags?post=64672"}],"curies":[{"name":"wp","href":"https:\/\/api.w.org\/{rel}","templated":true}]}}