{"id":64607,"date":"2023-11-03T12:43:09","date_gmt":"2023-11-03T19:43:09","guid":{"rendered":"https:\/\/fuentesfidedignas.com.mx\/?p=64607"},"modified":"2023-11-03T12:44:15","modified_gmt":"2023-11-03T19:44:15","slug":"buscara-merary-villegas-la-presidencia-municipal-de-culiacan","status":"publish","type":"post","link":"https:\/\/fuentesfidedignas.com.mx\/index.php\/2023\/11\/03\/buscara-merary-villegas-la-presidencia-municipal-de-culiacan\/","title":{"rendered":"Buscar\u00e1 Merary Villegas la presidencia municipal de Culiac\u00e1n"},"content":{"rendered":"\n<p><em><strong>La dirigenta de Morena Sinaloa dio a conocer que participar\u00eda en el proceso interno para contender por la alcald\u00eda de Culiac\u00e1n<\/strong><\/em><\/p>\n\n\n\n<p>Culiac\u00e1n, Sin.-  Merary Villegas declar\u00f3 que los morenistas sinaloenses tienen la libertad de participar para contender por un cargo de elecci\u00f3n popular, siendo el mandatario sinaloense quien principalmente ha incentivado su participaci\u00f3n y ha sido reiterativo en se\u00f1alar que, tienen sus derechos pol\u00edticos garantizados.<\/p>\n\n\n\n<p><em>\u201cHay plena libertad entre las y los morenistas a inscribirse, todas y todos son libres, tienen absoluta libertad y, adem\u00e1s, tienen todo el respeto en la decisi\u00f3n que vayan a tomar; he visto comentarios en donde se quiere hacer ver que se est\u00e1 actuando de manera autoritaria por parte de nuestro Gobernador, la realidad es que \u00e9l ha sido totalmente transparente y nos ha dicho a todas y todos que tenemos nuestros derechos garantizados, nuestra libertad garantizada\u201d,<\/em> expres\u00f3 Merary Villegas.<\/p>\n\n\n\n<p>Respecto a los cuestionamientos relativos a si atender\u00eda o no la convocatoria para el proceso federal, Villegas S\u00e1nchez, anunci\u00f3 que, tom\u00f3 la decisi\u00f3n de no participar, pero que, atender\u00eda la que se realizar\u00eda en el mes de diciembre para las candidaturas locales de cada Entidad Federativa y se inscribir\u00eda para participar por la alcald\u00eda de Culiac\u00e1n por lo que, se pon\u00eda a disposici\u00f3n del partido, del Gobernador Rub\u00e9n Rocha Moya y de los culiacanenses para que se valore su trayectoria y perfil pol\u00edtico en el movimiento.<\/p>\n\n\n\n<p><em>\u201cMe toc\u00f3 ser la primera Diputada local de Morena en el 2016, me toc\u00f3 ser la primera mujer de un partido de izquierda que gan\u00f3 una diputaci\u00f3n federal del Distrito 07, me toc\u00f3 ser la primera Diputada Federal en reelegirse y estoy consciente de que como mujer, con trayectoria pol\u00edtica, con trayectoria en Morena y con mucho compromiso a este proyecto transformador tengo que estar atenta a los tiempos y tengo que estar mostrando disposici\u00f3n para poder seguir contribuyendo a la transformaci\u00f3n en nuestro estado y en nuestro pa\u00eds, por lo tanto, he decidido atender la pr\u00f3xima convocatoria local para la alcald\u00eda en Culiac\u00e1n\u201d,<\/em> manifest\u00f3 la presidenta de Morena Sinaloa.<\/p>\n\n\n\n<p>Agreg\u00f3 que, solicitar\u00eda al Consejo Estatal de Morena Sinaloa, un permiso donde se le permita separarse de la Presidencia del partido estatal para estar a disposici\u00f3n durante el proceso interno.<\/p>\n","protected":false},"excerpt":{"rendered":"<p>La dirigenta de Morena Sinaloa dio a conocer que participar\u00eda en el proceso interno para contender por la alcald\u00eda de Culiac\u00e1n Culiac\u00e1n, Sin.- Merary Villegas declar\u00f3 que los morenistas sinaloenses tienen la libertad de participar para contender por un cargo de elecci\u00f3n popular, siendo el mandatario sinaloense quien principalmente ha incentivado su participaci\u00f3n y ha [&hellip;]<\/p>\n","protected":false},"author":4,"featured_media":64609,"comment_status":"open","ping_status":"open","sticky":false,"template":"","format":"standard","meta":{"tdm_status":"","tdm_grid_status":"","footnotes":""},"categories":[37,1],"tags":[],"class_list":{"0":"post-64607","1":"post","2":"type-post","3":"status-publish","4":"format-standard","5":"has-post-thumbnail","7":"category-nota-principal","8":"category-sin-categoria"},"yoast_head":"<!-- This site is optimized with the Yoast SEO plugin v27.5 - https:\/\/yoast.com\/product\/yoast-seo-wordpress\/ -->\n<title>Buscar\u00e1 Merary Villegas la presidencia municipal de Culiac\u00e1n - Fuentes Fidedignas<\/title>\n<meta name=\"robots\" content=\"index, follow, max-snippet:-1, max-image-preview:large, max-video-preview:-1\" \/>\n<link rel=\"canonical\" href=\"https:\/\/fuentesfidedignas.com.mx\/index.php\/2023\/11\/03\/buscara-merary-villegas-la-presidencia-municipal-de-culiacan\/\" \/>\n<meta property=\"og:locale\" content=\"es_MX\" \/>\n<meta property=\"og:type\" content=\"article\" \/>\n<meta property=\"og:title\" content=\"Buscar\u00e1 Merary Villegas la presidencia municipal de Culiac\u00e1n - Fuentes Fidedignas\" \/>\n<meta property=\"og:description\" content=\"La dirigenta de Morena Sinaloa dio a conocer que participar\u00eda en el proceso interno para contender por la alcald\u00eda de Culiac\u00e1n Culiac\u00e1n, Sin.- Merary Villegas declar\u00f3 que los morenistas sinaloenses tienen la libertad de participar para contender por un cargo de elecci\u00f3n popular, siendo el mandatario sinaloense quien principalmente ha incentivado su participaci\u00f3n y ha [&hellip;]\" \/>\n<meta property=\"og:url\" content=\"https:\/\/fuentesfidedignas.com.mx\/index.php\/2023\/11\/03\/buscara-merary-villegas-la-presidencia-municipal-de-culiacan\/\" \/>\n<meta property=\"og:site_name\" content=\"Fuentes Fidedignas\" \/>\n<meta property=\"article:publisher\" content=\"https:\/\/www.facebook.com\/Fuentes-Fidedignas-368234489921644\" \/>\n<meta property=\"article:published_time\" content=\"2023-11-03T19:43:09+00:00\" \/>\n<meta property=\"article:modified_time\" content=\"2023-11-03T19:44:15+00:00\" \/>\n<meta property=\"og:image\" content=\"https:\/\/fuentesfidedignas.com.mx\/wp-content\/uploads\/2023\/11\/IMG-20231103-WA0010.jpg\" \/>\n\t<meta property=\"og:image:width\" content=\"1079\" \/>\n\t<meta property=\"og:image:height\" content=\"720\" \/>\n\t<meta property=\"og:image:type\" content=\"image\/jpeg\" \/>\n<meta name=\"author\" content=\"Redacci\u00f3n\" \/>\n<meta name=\"twitter:card\" content=\"summary_large_image\" \/>\n<meta name=\"twitter:creator\" content=\"@fidedignas\" \/>\n<meta name=\"twitter:site\" content=\"@fidedignas\" \/>\n<meta name=\"twitter:label1\" content=\"Escrito por\" \/>\n\t<meta name=\"twitter:data1\" content=\"Redacci\u00f3n\" \/>\n\t<meta name=\"twitter:label2\" content=\"Tiempo de lectura\" \/>\n\t<meta name=\"twitter:data2\" content=\"2 minutos\" \/>\n<script type=\"application\/ld+json\" class=\"yoast-schema-graph\">{\"@context\":\"https:\\\/\\\/schema.org\",\"@graph\":[{\"@type\":\"Article\",\"@id\":\"https:\\\/\\\/fuentesfidedignas.com.mx\\\/index.php\\\/2023\\\/11\\\/03\\\/buscara-merary-villegas-la-presidencia-municipal-de-culiacan\\\/#article\",\"isPartOf\":{\"@id\":\"https:\\\/\\\/fuentesfidedignas.com.mx\\\/index.php\\\/2023\\\/11\\\/03\\\/buscara-merary-villegas-la-presidencia-municipal-de-culiacan\\\/\"},\"author\":{\"name\":\"Redacci\u00f3n\",\"@id\":\"https:\\\/\\\/fuentesfidedignas.com.mx\\\/#\\\/schema\\\/person\\\/331be9283d37198e2acd5750279085b0\"},\"headline\":\"Buscar\u00e1 Merary Villegas la presidencia municipal de Culiac\u00e1n\",\"datePublished\":\"2023-11-03T19:43:09+00:00\",\"dateModified\":\"2023-11-03T19:44:15+00:00\",\"mainEntityOfPage\":{\"@id\":\"https:\\\/\\\/fuentesfidedignas.com.mx\\\/index.php\\\/2023\\\/11\\\/03\\\/buscara-merary-villegas-la-presidencia-municipal-de-culiacan\\\/\"},\"wordCount\":411,\"commentCount\":0,\"publisher\":{\"@id\":\"https:\\\/\\\/fuentesfidedignas.com.mx\\\/#organization\"},\"image\":{\"@id\":\"https:\\\/\\\/fuentesfidedignas.com.mx\\\/index.php\\\/2023\\\/11\\\/03\\\/buscara-merary-villegas-la-presidencia-municipal-de-culiacan\\\/#primaryimage\"},\"thumbnailUrl\":\"https:\\\/\\\/fuentesfidedignas.com.mx\\\/wp-content\\\/uploads\\\/2023\\\/11\\\/IMG-20231103-WA0010.jpg\",\"articleSection\":[\"NOTA PRINCIPAL\"],\"inLanguage\":\"es\",\"potentialAction\":[{\"@type\":\"CommentAction\",\"name\":\"Comment\",\"target\":[\"https:\\\/\\\/fuentesfidedignas.com.mx\\\/index.php\\\/2023\\\/11\\\/03\\\/buscara-merary-villegas-la-presidencia-municipal-de-culiacan\\\/#respond\"]}]},{\"@type\":\"WebPage\",\"@id\":\"https:\\\/\\\/fuentesfidedignas.com.mx\\\/index.php\\\/2023\\\/11\\\/03\\\/buscara-merary-villegas-la-presidencia-municipal-de-culiacan\\\/\",\"url\":\"https:\\\/\\\/fuentesfidedignas.com.mx\\\/index.php\\\/2023\\\/11\\\/03\\\/buscara-merary-villegas-la-presidencia-municipal-de-culiacan\\\/\",\"name\":\"Buscar\u00e1 Merary Villegas la presidencia municipal de Culiac\u00e1n - Fuentes Fidedignas\",\"isPartOf\":{\"@id\":\"https:\\\/\\\/fuentesfidedignas.com.mx\\\/#website\"},\"primaryImageOfPage\":{\"@id\":\"https:\\\/\\\/fuentesfidedignas.com.mx\\\/index.php\\\/2023\\\/11\\\/03\\\/buscara-merary-villegas-la-presidencia-municipal-de-culiacan\\\/#primaryimage\"},\"image\":{\"@id\":\"https:\\\/\\\/fuentesfidedignas.com.mx\\\/index.php\\\/2023\\\/11\\\/03\\\/buscara-merary-villegas-la-presidencia-municipal-de-culiacan\\\/#primaryimage\"},\"thumbnailUrl\":\"https:\\\/\\\/fuentesfidedignas.com.mx\\\/wp-content\\\/uploads\\\/2023\\\/11\\\/IMG-20231103-WA0010.jpg\",\"datePublished\":\"2023-11-03T19:43:09+00:00\",\"dateModified\":\"2023-11-03T19:44:15+00:00\",\"breadcrumb\":{\"@id\":\"https:\\\/\\\/fuentesfidedignas.com.mx\\\/index.php\\\/2023\\\/11\\\/03\\\/buscara-merary-villegas-la-presidencia-municipal-de-culiacan\\\/#breadcrumb\"},\"inLanguage\":\"es\",\"potentialAction\":[{\"@type\":\"ReadAction\",\"target\":[\"https:\\\/\\\/fuentesfidedignas.com.mx\\\/index.php\\\/2023\\\/11\\\/03\\\/buscara-merary-villegas-la-presidencia-municipal-de-culiacan\\\/\"]}]},{\"@type\":\"ImageObject\",\"inLanguage\":\"es\",\"@id\":\"https:\\\/\\\/fuentesfidedignas.com.mx\\\/index.php\\\/2023\\\/11\\\/03\\\/buscara-merary-villegas-la-presidencia-municipal-de-culiacan\\\/#primaryimage\",\"url\":\"https:\\\/\\\/fuentesfidedignas.com.mx\\\/wp-content\\\/uploads\\\/2023\\\/11\\\/IMG-20231103-WA0010.jpg\",\"contentUrl\":\"https:\\\/\\\/fuentesfidedignas.com.mx\\\/wp-content\\\/uploads\\\/2023\\\/11\\\/IMG-20231103-WA0010.jpg\",\"width\":1079,\"height\":720},{\"@type\":\"BreadcrumbList\",\"@id\":\"https:\\\/\\\/fuentesfidedignas.com.mx\\\/index.php\\\/2023\\\/11\\\/03\\\/buscara-merary-villegas-la-presidencia-municipal-de-culiacan\\\/#breadcrumb\",\"itemListElement\":[{\"@type\":\"ListItem\",\"position\":1,\"name\":\"Inicio\",\"item\":\"https:\\\/\\\/fuentesfidedignas.com.mx\\\/\"},{\"@type\":\"ListItem\",\"position\":2,\"name\":\"Buscar\u00e1 Merary Villegas la presidencia municipal de Culiac\u00e1n\"}]},{\"@type\":\"WebSite\",\"@id\":\"https:\\\/\\\/fuentesfidedignas.com.mx\\\/#website\",\"url\":\"https:\\\/\\\/fuentesfidedignas.com.mx\\\/\",\"name\":\"Fuentes Fidedignas\",\"description\":\"Otro sitio realizado con WordPress\",\"publisher\":{\"@id\":\"https:\\\/\\\/fuentesfidedignas.com.mx\\\/#organization\"},\"potentialAction\":[{\"@type\":\"SearchAction\",\"target\":{\"@type\":\"EntryPoint\",\"urlTemplate\":\"https:\\\/\\\/fuentesfidedignas.com.mx\\\/?s={search_term_string}\"},\"query-input\":{\"@type\":\"PropertyValueSpecification\",\"valueRequired\":true,\"valueName\":\"search_term_string\"}}],\"inLanguage\":\"es\"},{\"@type\":\"Organization\",\"@id\":\"https:\\\/\\\/fuentesfidedignas.com.mx\\\/#organization\",\"name\":\"Fuentes Fidedignas\",\"url\":\"https:\\\/\\\/fuentesfidedignas.com.mx\\\/\",\"logo\":{\"@type\":\"ImageObject\",\"inLanguage\":\"es\",\"@id\":\"https:\\\/\\\/fuentesfidedignas.com.mx\\\/#\\\/schema\\\/logo\\\/image\\\/\",\"url\":\"https:\\\/\\\/fuentesfidedignas.com.mx\\\/wp-content\\\/uploads\\\/2021\\\/04\\\/logo-retina.png\",\"contentUrl\":\"https:\\\/\\\/fuentesfidedignas.com.mx\\\/wp-content\\\/uploads\\\/2021\\\/04\\\/logo-retina.png\",\"width\":280,\"height\":51,\"caption\":\"Fuentes Fidedignas\"},\"image\":{\"@id\":\"https:\\\/\\\/fuentesfidedignas.com.mx\\\/#\\\/schema\\\/logo\\\/image\\\/\"},\"sameAs\":[\"https:\\\/\\\/www.facebook.com\\\/Fuentes-Fidedignas-368234489921644\",\"https:\\\/\\\/x.com\\\/fidedignas\"]},{\"@type\":\"Person\",\"@id\":\"https:\\\/\\\/fuentesfidedignas.com.mx\\\/#\\\/schema\\\/person\\\/331be9283d37198e2acd5750279085b0\",\"name\":\"Redacci\u00f3n\",\"image\":{\"@type\":\"ImageObject\",\"inLanguage\":\"es\",\"@id\":\"https:\\\/\\\/secure.gravatar.com\\\/avatar\\\/f6d8782c11d12b2d4ad3fbb6931aeab5309937a4d6cd2fc9cfaa28a6396a5aec?s=96&d=mm&r=g\",\"url\":\"https:\\\/\\\/secure.gravatar.com\\\/avatar\\\/f6d8782c11d12b2d4ad3fbb6931aeab5309937a4d6cd2fc9cfaa28a6396a5aec?s=96&d=mm&r=g\",\"contentUrl\":\"https:\\\/\\\/secure.gravatar.com\\\/avatar\\\/f6d8782c11d12b2d4ad3fbb6931aeab5309937a4d6cd2fc9cfaa28a6396a5aec?s=96&d=mm&r=g\",\"caption\":\"Redacci\u00f3n\"},\"url\":\"https:\\\/\\\/fuentesfidedignas.com.mx\\\/index.php\\\/author\\\/redaccion\\\/\"}]}<\/script>\n<!-- \/ Yoast SEO plugin. -->","yoast_head_json":{"title":"Buscar\u00e1 Merary Villegas la presidencia municipal de Culiac\u00e1n - Fuentes Fidedignas","robots":{"index":"index","follow":"follow","max-snippet":"max-snippet:-1","max-image-preview":"max-image-preview:large","max-video-preview":"max-video-preview:-1"},"canonical":"https:\/\/fuentesfidedignas.com.mx\/index.php\/2023\/11\/03\/buscara-merary-villegas-la-presidencia-municipal-de-culiacan\/","og_locale":"es_MX","og_type":"article","og_title":"Buscar\u00e1 Merary Villegas la presidencia municipal de Culiac\u00e1n - Fuentes Fidedignas","og_description":"La dirigenta de Morena Sinaloa dio a conocer que participar\u00eda en el proceso interno para contender por la alcald\u00eda de Culiac\u00e1n Culiac\u00e1n, Sin.- Merary Villegas declar\u00f3 que los morenistas sinaloenses tienen la libertad de participar para contender por un cargo de elecci\u00f3n popular, siendo el mandatario sinaloense quien principalmente ha incentivado su participaci\u00f3n y ha [&hellip;]","og_url":"https:\/\/fuentesfidedignas.com.mx\/index.php\/2023\/11\/03\/buscara-merary-villegas-la-presidencia-municipal-de-culiacan\/","og_site_name":"Fuentes Fidedignas","article_publisher":"https:\/\/www.facebook.com\/Fuentes-Fidedignas-368234489921644","article_published_time":"2023-11-03T19:43:09+00:00","article_modified_time":"2023-11-03T19:44:15+00:00","og_image":[{"width":1079,"height":720,"url":"https:\/\/fuentesfidedignas.com.mx\/wp-content\/uploads\/2023\/11\/IMG-20231103-WA0010.jpg","type":"image\/jpeg"}],"author":"Redacci\u00f3n","twitter_card":"summary_large_image","twitter_creator":"@fidedignas","twitter_site":"@fidedignas","twitter_misc":{"Escrito por":"Redacci\u00f3n","Tiempo de lectura":"2 minutos"},"schema":{"@context":"https:\/\/schema.org","@graph":[{"@type":"Article","@id":"https:\/\/fuentesfidedignas.com.mx\/index.php\/2023\/11\/03\/buscara-merary-villegas-la-presidencia-municipal-de-culiacan\/#article","isPartOf":{"@id":"https:\/\/fuentesfidedignas.com.mx\/index.php\/2023\/11\/03\/buscara-merary-villegas-la-presidencia-municipal-de-culiacan\/"},"author":{"name":"Redacci\u00f3n","@id":"https:\/\/fuentesfidedignas.com.mx\/#\/schema\/person\/331be9283d37198e2acd5750279085b0"},"headline":"Buscar\u00e1 Merary Villegas la presidencia municipal de Culiac\u00e1n","datePublished":"2023-11-03T19:43:09+00:00","dateModified":"2023-11-03T19:44:15+00:00","mainEntityOfPage":{"@id":"https:\/\/fuentesfidedignas.com.mx\/index.php\/2023\/11\/03\/buscara-merary-villegas-la-presidencia-municipal-de-culiacan\/"},"wordCount":411,"commentCount":0,"publisher":{"@id":"https:\/\/fuentesfidedignas.com.mx\/#organization"},"image":{"@id":"https:\/\/fuentesfidedignas.com.mx\/index.php\/2023\/11\/03\/buscara-merary-villegas-la-presidencia-municipal-de-culiacan\/#primaryimage"},"thumbnailUrl":"https:\/\/fuentesfidedignas.com.mx\/wp-content\/uploads\/2023\/11\/IMG-20231103-WA0010.jpg","articleSection":["NOTA PRINCIPAL"],"inLanguage":"es","potentialAction":[{"@type":"CommentAction","name":"Comment","target":["https:\/\/fuentesfidedignas.com.mx\/index.php\/2023\/11\/03\/buscara-merary-villegas-la-presidencia-municipal-de-culiacan\/#respond"]}]},{"@type":"WebPage","@id":"https:\/\/fuentesfidedignas.com.mx\/index.php\/2023\/11\/03\/buscara-merary-villegas-la-presidencia-municipal-de-culiacan\/","url":"https:\/\/fuentesfidedignas.com.mx\/index.php\/2023\/11\/03\/buscara-merary-villegas-la-presidencia-municipal-de-culiacan\/","name":"Buscar\u00e1 Merary Villegas la presidencia municipal de Culiac\u00e1n - Fuentes Fidedignas","isPartOf":{"@id":"https:\/\/fuentesfidedignas.com.mx\/#website"},"primaryImageOfPage":{"@id":"https:\/\/fuentesfidedignas.com.mx\/index.php\/2023\/11\/03\/buscara-merary-villegas-la-presidencia-municipal-de-culiacan\/#primaryimage"},"image":{"@id":"https:\/\/fuentesfidedignas.com.mx\/index.php\/2023\/11\/03\/buscara-merary-villegas-la-presidencia-municipal-de-culiacan\/#primaryimage"},"thumbnailUrl":"https:\/\/fuentesfidedignas.com.mx\/wp-content\/uploads\/2023\/11\/IMG-20231103-WA0010.jpg","datePublished":"2023-11-03T19:43:09+00:00","dateModified":"2023-11-03T19:44:15+00:00","breadcrumb":{"@id":"https:\/\/fuentesfidedignas.com.mx\/index.php\/2023\/11\/03\/buscara-merary-villegas-la-presidencia-municipal-de-culiacan\/#breadcrumb"},"inLanguage":"es","potentialAction":[{"@type":"ReadAction","target":["https:\/\/fuentesfidedignas.com.mx\/index.php\/2023\/11\/03\/buscara-merary-villegas-la-presidencia-municipal-de-culiacan\/"]}]},{"@type":"ImageObject","inLanguage":"es","@id":"https:\/\/fuentesfidedignas.com.mx\/index.php\/2023\/11\/03\/buscara-merary-villegas-la-presidencia-municipal-de-culiacan\/#primaryimage","url":"https:\/\/fuentesfidedignas.com.mx\/wp-content\/uploads\/2023\/11\/IMG-20231103-WA0010.jpg","contentUrl":"https:\/\/fuentesfidedignas.com.mx\/wp-content\/uploads\/2023\/11\/IMG-20231103-WA0010.jpg","width":1079,"height":720},{"@type":"BreadcrumbList","@id":"https:\/\/fuentesfidedignas.com.mx\/index.php\/2023\/11\/03\/buscara-merary-villegas-la-presidencia-municipal-de-culiacan\/#breadcrumb","itemListElement":[{"@type":"ListItem","position":1,"name":"Inicio","item":"https:\/\/fuentesfidedignas.com.mx\/"},{"@type":"ListItem","position":2,"name":"Buscar\u00e1 Merary Villegas la presidencia municipal de Culiac\u00e1n"}]},{"@type":"WebSite","@id":"https:\/\/fuentesfidedignas.com.mx\/#website","url":"https:\/\/fuentesfidedignas.com.mx\/","name":"Fuentes Fidedignas","description":"Otro sitio realizado con WordPress","publisher":{"@id":"https:\/\/fuentesfidedignas.com.mx\/#organization"},"potentialAction":[{"@type":"SearchAction","target":{"@type":"EntryPoint","urlTemplate":"https:\/\/fuentesfidedignas.com.mx\/?s={search_term_string}"},"query-input":{"@type":"PropertyValueSpecification","valueRequired":true,"valueName":"search_term_string"}}],"inLanguage":"es"},{"@type":"Organization","@id":"https:\/\/fuentesfidedignas.com.mx\/#organization","name":"Fuentes Fidedignas","url":"https:\/\/fuentesfidedignas.com.mx\/","logo":{"@type":"ImageObject","inLanguage":"es","@id":"https:\/\/fuentesfidedignas.com.mx\/#\/schema\/logo\/image\/","url":"https:\/\/fuentesfidedignas.com.mx\/wp-content\/uploads\/2021\/04\/logo-retina.png","contentUrl":"https:\/\/fuentesfidedignas.com.mx\/wp-content\/uploads\/2021\/04\/logo-retina.png","width":280,"height":51,"caption":"Fuentes Fidedignas"},"image":{"@id":"https:\/\/fuentesfidedignas.com.mx\/#\/schema\/logo\/image\/"},"sameAs":["https:\/\/www.facebook.com\/Fuentes-Fidedignas-368234489921644","https:\/\/x.com\/fidedignas"]},{"@type":"Person","@id":"https:\/\/fuentesfidedignas.com.mx\/#\/schema\/person\/331be9283d37198e2acd5750279085b0","name":"Redacci\u00f3n","image":{"@type":"ImageObject","inLanguage":"es","@id":"https:\/\/secure.gravatar.com\/avatar\/f6d8782c11d12b2d4ad3fbb6931aeab5309937a4d6cd2fc9cfaa28a6396a5aec?s=96&d=mm&r=g","url":"https:\/\/secure.gravatar.com\/avatar\/f6d8782c11d12b2d4ad3fbb6931aeab5309937a4d6cd2fc9cfaa28a6396a5aec?s=96&d=mm&r=g","contentUrl":"https:\/\/secure.gravatar.com\/avatar\/f6d8782c11d12b2d4ad3fbb6931aeab5309937a4d6cd2fc9cfaa28a6396a5aec?s=96&d=mm&r=g","caption":"Redacci\u00f3n"},"url":"https:\/\/fuentesfidedignas.com.mx\/index.php\/author\/redaccion\/"}]}},"_links":{"self":[{"href":"https:\/\/fuentesfidedignas.com.mx\/index.php\/wp-json\/wp\/v2\/posts\/64607","targetHints":{"allow":["GET"]}}],"collection":[{"href":"https:\/\/fuentesfidedignas.com.mx\/index.php\/wp-json\/wp\/v2\/posts"}],"about":[{"href":"https:\/\/fuentesfidedignas.com.mx\/index.php\/wp-json\/wp\/v2\/types\/post"}],"author":[{"embeddable":true,"href":"https:\/\/fuentesfidedignas.com.mx\/index.php\/wp-json\/wp\/v2\/users\/4"}],"replies":[{"embeddable":true,"href":"https:\/\/fuentesfidedignas.com.mx\/index.php\/wp-json\/wp\/v2\/comments?post=64607"}],"version-history":[{"count":1,"href":"https:\/\/fuentesfidedignas.com.mx\/index.php\/wp-json\/wp\/v2\/posts\/64607\/revisions"}],"predecessor-version":[{"id":64608,"href":"https:\/\/fuentesfidedignas.com.mx\/index.php\/wp-json\/wp\/v2\/posts\/64607\/revisions\/64608"}],"wp:featuredmedia":[{"embeddable":true,"href":"https:\/\/fuentesfidedignas.com.mx\/index.php\/wp-json\/wp\/v2\/media\/64609"}],"wp:attachment":[{"href":"https:\/\/fuentesfidedignas.com.mx\/index.php\/wp-json\/wp\/v2\/media?parent=64607"}],"wp:term":[{"taxonomy":"category","embeddable":true,"href":"https:\/\/fuentesfidedignas.com.mx\/index.php\/wp-json\/wp\/v2\/categories?post=64607"},{"taxonomy":"post_tag","embeddable":true,"href":"https:\/\/fuentesfidedignas.com.mx\/index.php\/wp-json\/wp\/v2\/tags?post=64607"}],"curies":[{"name":"wp","href":"https:\/\/api.w.org\/{rel}","templated":true}]}}