{"id":64603,"date":"2023-11-03T10:29:29","date_gmt":"2023-11-03T17:29:29","guid":{"rendered":"https:\/\/fuentesfidedignas.com.mx\/?p=64603"},"modified":"2023-11-03T10:31:15","modified_gmt":"2023-11-03T17:31:15","slug":"amlo-anuncia-visita-y-mananera-desde-culiacan-el-14-de-noviembre","status":"publish","type":"post","link":"https:\/\/fuentesfidedignas.com.mx\/index.php\/2023\/11\/03\/amlo-anuncia-visita-y-mananera-desde-culiacan-el-14-de-noviembre\/","title":{"rendered":"AMLO anuncia visita y &#8216;Ma\u00f1anera&#8217; desde Culiac\u00e1n el 14 de noviembre"},"content":{"rendered":"\n<p><strong><em>Tambi\u00e9n celebrar\u00e1 una reuni\u00f3n de seguridad y la inauguraci\u00f3n de las sucursales faltantes del Banco de Bienesta<\/em><\/strong>r<\/p>\n\n\n\n<p>Ciudad de M\u00e9xico. El presidente Andr\u00e9s Manuel L\u00f3pez Obrador, pr\u00f3ximo a cumplir 70 a\u00f1os de edad, dio a conocer cu\u00e1les son sus planes para festejar su cumplea\u00f1os y d\u00f3nde quiere celebrarlo.<\/p>\n\n\n\n<p>Durante la conferencia de prensa matutina de este 3 de noviembre, el l\u00edder del Ejecutivo inform\u00f3 que su agenda estar\u00e1 sumamente ocupada durante las pr\u00f3ximas dos semanas, a causa de la gira que realizar\u00e1 en varios estados del norte y sur.<\/p>\n\n\n\n<h2 class=\"wp-block-heading\">\u201cQuiero cumplir los 70 a\u00f1os con los yaquis\u201d: AMLO<\/h2>\n\n\n\n<p>Tras la visita a Acapulco, el presidente se trasladar\u00e1 a Tijuana,&nbsp;<strong>Baja California<\/strong>, la noche del jueves 9 de noviembre, para participar en una&nbsp;<strong>reuni\u00f3n de seguridad<\/strong>. A la ma\u00f1ana siguiente realizar\u00e1 \u2018La Ma\u00f1anera\u2019 desde dicho punto y posteriormente visitar\u00e1 Tecate y Mexicali, adem\u00e1s de recorrer obras.<\/p>\n\n\n\n<p>El 11 de noviembre visitar\u00e1 San Felipe y San Quint\u00edn y, si es posible, Ensenada. Su gira por Baja California termina el 12 del mismo mes, tras asistir al Informe de Gobierno de&nbsp;<strong>Marina del Pilar<\/strong>.<\/p>\n\n\n\n<p>El d\u00eda de su cumplea\u00f1os, el&nbsp;<strong>13 de noviembre<\/strong>, despertar\u00e1 como de costumbre a las 6:00 horas para realizar la conferencia de prensa matutina desde&nbsp;<strong>Obreg\u00f3n, Sonora<\/strong>.<\/p>\n\n\n\n<p>\u201cVamos con los pueblos yaquis, escog\u00ed all\u00ed para trabajar y supervisar el plan de justicia Yaqui. Lo adelant\u00f3, pero no es para fiestas ni nada de eso: es&nbsp;<strong>tambi\u00e9n mi cumplea\u00f1os<\/strong>, voy a cumplir 70 a\u00f1os y quiero cumplirlos all\u00ed con los yaquis\u201d, declar\u00f3 este viernes.<img decoding=\"async\" src=\"\"><img decoding=\"async\" src=\"https:\/\/www-infobae-com.cdn.ampproject.org\/ii\/AW\/s\/www.infobae.com\/new-resizer\/yk6D_mEyHORTwW6HQEvyqDoY8Rg=\/arc-anglerfish-arc2-prod-infobae\/public\/PBUDKJOTNJEPXED2OX6YIJ2QHI.jpeg\" alt=\"AMLO en un evento con yaquis en 2021. (Foto: Presidencia de M\u00e9xico)\">AMLO en un evento con yaquis en 2021. (Foto: Presidencia de M\u00e9xico)<\/p>\n\n\n\n<p>La gira de L\u00f3pez Obrador contin\u00faa el 14 de noviembre en Culiac\u00e1n, Sinaloa, donde tambi\u00e9n celebrar\u00e1 una reuni\u00f3n de seguridad. La visita a dicho estado responde a la inauguraci\u00f3n de las sucursales faltantes del Banco de Bienestar, que suman dos mil 700 sedes.<\/p>\n\n\n\n<p>Luego, viajar\u00e1 a dos ciudades de Baja California Sur:&nbsp;<strong>La Paz y Muleg\u00e9<\/strong>. \u201cDe ah\u00ed, posiblemente viaje a San Francisco, a la reuni\u00f3n de As\u00eda-Pac\u00edfico\u201d, detall\u00f3.<\/p>\n\n\n\n<p>La atareada agenda concluir\u00e1 el fin de semana de la tercera semana en noviembre, tras realizar otra supervisi\u00f3n a los avances del Tren Maya en Tulum, Quintana Roo.<\/p>\n","protected":false},"excerpt":{"rendered":"<p>Tambi\u00e9n celebrar\u00e1 una reuni\u00f3n de seguridad y la inauguraci\u00f3n de las sucursales faltantes del Banco de Bienestar Ciudad de M\u00e9xico. El presidente Andr\u00e9s Manuel L\u00f3pez Obrador, pr\u00f3ximo a cumplir 70 a\u00f1os de edad, dio a conocer cu\u00e1les son sus planes para festejar su cumplea\u00f1os y d\u00f3nde quiere celebrarlo. Durante la conferencia de prensa matutina de [&hellip;]<\/p>\n","protected":false},"author":41,"featured_media":64605,"comment_status":"open","ping_status":"open","sticky":false,"template":"","format":"standard","meta":{"tdm_status":"","tdm_grid_status":"","footnotes":""},"categories":[37,1],"tags":[],"class_list":{"0":"post-64603","1":"post","2":"type-post","3":"status-publish","4":"format-standard","5":"has-post-thumbnail","7":"category-nota-principal","8":"category-sin-categoria"},"yoast_head":"<!-- This site is optimized with the Yoast SEO plugin v27.4 - https:\/\/yoast.com\/product\/yoast-seo-wordpress\/ -->\n<title>AMLO anuncia visita y &#039;Ma\u00f1anera&#039; desde Culiac\u00e1n el 14 de noviembre - Fuentes Fidedignas<\/title>\n<meta name=\"robots\" content=\"index, follow, max-snippet:-1, max-image-preview:large, max-video-preview:-1\" \/>\n<link rel=\"canonical\" href=\"https:\/\/fuentesfidedignas.com.mx\/index.php\/2023\/11\/03\/amlo-anuncia-visita-y-mananera-desde-culiacan-el-14-de-noviembre\/\" \/>\n<meta property=\"og:locale\" content=\"es_MX\" \/>\n<meta property=\"og:type\" content=\"article\" \/>\n<meta property=\"og:title\" content=\"AMLO anuncia visita y &#039;Ma\u00f1anera&#039; desde Culiac\u00e1n el 14 de noviembre - Fuentes Fidedignas\" \/>\n<meta property=\"og:description\" content=\"Tambi\u00e9n celebrar\u00e1 una reuni\u00f3n de seguridad y la inauguraci\u00f3n de las sucursales faltantes del Banco de Bienestar Ciudad de M\u00e9xico. El presidente Andr\u00e9s Manuel L\u00f3pez Obrador, pr\u00f3ximo a cumplir 70 a\u00f1os de edad, dio a conocer cu\u00e1les son sus planes para festejar su cumplea\u00f1os y d\u00f3nde quiere celebrarlo. Durante la conferencia de prensa matutina de [&hellip;]\" \/>\n<meta property=\"og:url\" content=\"https:\/\/fuentesfidedignas.com.mx\/index.php\/2023\/11\/03\/amlo-anuncia-visita-y-mananera-desde-culiacan-el-14-de-noviembre\/\" \/>\n<meta property=\"og:site_name\" content=\"Fuentes Fidedignas\" \/>\n<meta property=\"article:publisher\" content=\"https:\/\/www.facebook.com\/Fuentes-Fidedignas-368234489921644\" \/>\n<meta property=\"article:published_time\" content=\"2023-11-03T17:29:29+00:00\" \/>\n<meta property=\"article:modified_time\" content=\"2023-11-03T17:31:15+00:00\" \/>\n<meta property=\"og:image\" content=\"https:\/\/fuentesfidedignas.com.mx\/wp-content\/uploads\/2023\/11\/REBIMMHSQVEFFDJJBGZ5WH4P6Y.jpg\" \/>\n\t<meta property=\"og:image:width\" content=\"1920\" \/>\n\t<meta property=\"og:image:height\" content=\"1080\" \/>\n\t<meta property=\"og:image:type\" content=\"image\/jpeg\" \/>\n<meta name=\"author\" content=\"Infobae\" \/>\n<meta name=\"twitter:card\" content=\"summary_large_image\" \/>\n<meta name=\"twitter:creator\" content=\"@fidedignas\" \/>\n<meta name=\"twitter:site\" content=\"@fidedignas\" \/>\n<meta name=\"twitter:label1\" content=\"Escrito por\" \/>\n\t<meta name=\"twitter:data1\" content=\"Infobae\" \/>\n\t<meta name=\"twitter:label2\" content=\"Tiempo de lectura\" \/>\n\t<meta name=\"twitter:data2\" content=\"3 minutos\" \/>\n<script type=\"application\/ld+json\" class=\"yoast-schema-graph\">{\"@context\":\"https:\\\/\\\/schema.org\",\"@graph\":[{\"@type\":\"Article\",\"@id\":\"https:\\\/\\\/fuentesfidedignas.com.mx\\\/index.php\\\/2023\\\/11\\\/03\\\/amlo-anuncia-visita-y-mananera-desde-culiacan-el-14-de-noviembre\\\/#article\",\"isPartOf\":{\"@id\":\"https:\\\/\\\/fuentesfidedignas.com.mx\\\/index.php\\\/2023\\\/11\\\/03\\\/amlo-anuncia-visita-y-mananera-desde-culiacan-el-14-de-noviembre\\\/\"},\"author\":{\"name\":\"Infobae\",\"@id\":\"https:\\\/\\\/fuentesfidedignas.com.mx\\\/#\\\/schema\\\/person\\\/8575896a7c1067d352f6c1cd6582c389\"},\"headline\":\"AMLO anuncia visita y &#8216;Ma\u00f1anera&#8217; desde Culiac\u00e1n el 14 de noviembre\",\"datePublished\":\"2023-11-03T17:29:29+00:00\",\"dateModified\":\"2023-11-03T17:31:15+00:00\",\"mainEntityOfPage\":{\"@id\":\"https:\\\/\\\/fuentesfidedignas.com.mx\\\/index.php\\\/2023\\\/11\\\/03\\\/amlo-anuncia-visita-y-mananera-desde-culiacan-el-14-de-noviembre\\\/\"},\"wordCount\":407,\"commentCount\":0,\"publisher\":{\"@id\":\"https:\\\/\\\/fuentesfidedignas.com.mx\\\/#organization\"},\"image\":{\"@id\":\"https:\\\/\\\/fuentesfidedignas.com.mx\\\/index.php\\\/2023\\\/11\\\/03\\\/amlo-anuncia-visita-y-mananera-desde-culiacan-el-14-de-noviembre\\\/#primaryimage\"},\"thumbnailUrl\":\"https:\\\/\\\/fuentesfidedignas.com.mx\\\/wp-content\\\/uploads\\\/2023\\\/11\\\/REBIMMHSQVEFFDJJBGZ5WH4P6Y.jpg\",\"articleSection\":[\"NOTA PRINCIPAL\"],\"inLanguage\":\"es\",\"potentialAction\":[{\"@type\":\"CommentAction\",\"name\":\"Comment\",\"target\":[\"https:\\\/\\\/fuentesfidedignas.com.mx\\\/index.php\\\/2023\\\/11\\\/03\\\/amlo-anuncia-visita-y-mananera-desde-culiacan-el-14-de-noviembre\\\/#respond\"]}]},{\"@type\":\"WebPage\",\"@id\":\"https:\\\/\\\/fuentesfidedignas.com.mx\\\/index.php\\\/2023\\\/11\\\/03\\\/amlo-anuncia-visita-y-mananera-desde-culiacan-el-14-de-noviembre\\\/\",\"url\":\"https:\\\/\\\/fuentesfidedignas.com.mx\\\/index.php\\\/2023\\\/11\\\/03\\\/amlo-anuncia-visita-y-mananera-desde-culiacan-el-14-de-noviembre\\\/\",\"name\":\"AMLO anuncia visita y 'Ma\u00f1anera' desde Culiac\u00e1n el 14 de noviembre - Fuentes Fidedignas\",\"isPartOf\":{\"@id\":\"https:\\\/\\\/fuentesfidedignas.com.mx\\\/#website\"},\"primaryImageOfPage\":{\"@id\":\"https:\\\/\\\/fuentesfidedignas.com.mx\\\/index.php\\\/2023\\\/11\\\/03\\\/amlo-anuncia-visita-y-mananera-desde-culiacan-el-14-de-noviembre\\\/#primaryimage\"},\"image\":{\"@id\":\"https:\\\/\\\/fuentesfidedignas.com.mx\\\/index.php\\\/2023\\\/11\\\/03\\\/amlo-anuncia-visita-y-mananera-desde-culiacan-el-14-de-noviembre\\\/#primaryimage\"},\"thumbnailUrl\":\"https:\\\/\\\/fuentesfidedignas.com.mx\\\/wp-content\\\/uploads\\\/2023\\\/11\\\/REBIMMHSQVEFFDJJBGZ5WH4P6Y.jpg\",\"datePublished\":\"2023-11-03T17:29:29+00:00\",\"dateModified\":\"2023-11-03T17:31:15+00:00\",\"breadcrumb\":{\"@id\":\"https:\\\/\\\/fuentesfidedignas.com.mx\\\/index.php\\\/2023\\\/11\\\/03\\\/amlo-anuncia-visita-y-mananera-desde-culiacan-el-14-de-noviembre\\\/#breadcrumb\"},\"inLanguage\":\"es\",\"potentialAction\":[{\"@type\":\"ReadAction\",\"target\":[\"https:\\\/\\\/fuentesfidedignas.com.mx\\\/index.php\\\/2023\\\/11\\\/03\\\/amlo-anuncia-visita-y-mananera-desde-culiacan-el-14-de-noviembre\\\/\"]}]},{\"@type\":\"ImageObject\",\"inLanguage\":\"es\",\"@id\":\"https:\\\/\\\/fuentesfidedignas.com.mx\\\/index.php\\\/2023\\\/11\\\/03\\\/amlo-anuncia-visita-y-mananera-desde-culiacan-el-14-de-noviembre\\\/#primaryimage\",\"url\":\"https:\\\/\\\/fuentesfidedignas.com.mx\\\/wp-content\\\/uploads\\\/2023\\\/11\\\/REBIMMHSQVEFFDJJBGZ5WH4P6Y.jpg\",\"contentUrl\":\"https:\\\/\\\/fuentesfidedignas.com.mx\\\/wp-content\\\/uploads\\\/2023\\\/11\\\/REBIMMHSQVEFFDJJBGZ5WH4P6Y.jpg\",\"width\":1920,\"height\":1080},{\"@type\":\"BreadcrumbList\",\"@id\":\"https:\\\/\\\/fuentesfidedignas.com.mx\\\/index.php\\\/2023\\\/11\\\/03\\\/amlo-anuncia-visita-y-mananera-desde-culiacan-el-14-de-noviembre\\\/#breadcrumb\",\"itemListElement\":[{\"@type\":\"ListItem\",\"position\":1,\"name\":\"Inicio\",\"item\":\"https:\\\/\\\/fuentesfidedignas.com.mx\\\/\"},{\"@type\":\"ListItem\",\"position\":2,\"name\":\"AMLO anuncia visita y &#8216;Ma\u00f1anera&#8217; desde Culiac\u00e1n el 14 de noviembre\"}]},{\"@type\":\"WebSite\",\"@id\":\"https:\\\/\\\/fuentesfidedignas.com.mx\\\/#website\",\"url\":\"https:\\\/\\\/fuentesfidedignas.com.mx\\\/\",\"name\":\"Fuentes Fidedignas\",\"description\":\"Otro sitio realizado con WordPress\",\"publisher\":{\"@id\":\"https:\\\/\\\/fuentesfidedignas.com.mx\\\/#organization\"},\"potentialAction\":[{\"@type\":\"SearchAction\",\"target\":{\"@type\":\"EntryPoint\",\"urlTemplate\":\"https:\\\/\\\/fuentesfidedignas.com.mx\\\/?s={search_term_string}\"},\"query-input\":{\"@type\":\"PropertyValueSpecification\",\"valueRequired\":true,\"valueName\":\"search_term_string\"}}],\"inLanguage\":\"es\"},{\"@type\":\"Organization\",\"@id\":\"https:\\\/\\\/fuentesfidedignas.com.mx\\\/#organization\",\"name\":\"Fuentes Fidedignas\",\"url\":\"https:\\\/\\\/fuentesfidedignas.com.mx\\\/\",\"logo\":{\"@type\":\"ImageObject\",\"inLanguage\":\"es\",\"@id\":\"https:\\\/\\\/fuentesfidedignas.com.mx\\\/#\\\/schema\\\/logo\\\/image\\\/\",\"url\":\"https:\\\/\\\/fuentesfidedignas.com.mx\\\/wp-content\\\/uploads\\\/2021\\\/04\\\/logo-retina.png\",\"contentUrl\":\"https:\\\/\\\/fuentesfidedignas.com.mx\\\/wp-content\\\/uploads\\\/2021\\\/04\\\/logo-retina.png\",\"width\":280,\"height\":51,\"caption\":\"Fuentes Fidedignas\"},\"image\":{\"@id\":\"https:\\\/\\\/fuentesfidedignas.com.mx\\\/#\\\/schema\\\/logo\\\/image\\\/\"},\"sameAs\":[\"https:\\\/\\\/www.facebook.com\\\/Fuentes-Fidedignas-368234489921644\",\"https:\\\/\\\/x.com\\\/fidedignas\"]},{\"@type\":\"Person\",\"@id\":\"https:\\\/\\\/fuentesfidedignas.com.mx\\\/#\\\/schema\\\/person\\\/8575896a7c1067d352f6c1cd6582c389\",\"name\":\"Infobae\",\"image\":{\"@type\":\"ImageObject\",\"inLanguage\":\"es\",\"@id\":\"https:\\\/\\\/secure.gravatar.com\\\/avatar\\\/e4ec95706f8d1670343f6526fdcec45474bab17475a851434a64ca12b5acba1c?s=96&d=mm&r=g\",\"url\":\"https:\\\/\\\/secure.gravatar.com\\\/avatar\\\/e4ec95706f8d1670343f6526fdcec45474bab17475a851434a64ca12b5acba1c?s=96&d=mm&r=g\",\"contentUrl\":\"https:\\\/\\\/secure.gravatar.com\\\/avatar\\\/e4ec95706f8d1670343f6526fdcec45474bab17475a851434a64ca12b5acba1c?s=96&d=mm&r=g\",\"caption\":\"Infobae\"},\"url\":\"https:\\\/\\\/fuentesfidedignas.com.mx\\\/index.php\\\/author\\\/infobae\\\/\"}]}<\/script>\n<!-- \/ Yoast SEO plugin. -->","yoast_head_json":{"title":"AMLO anuncia visita y 'Ma\u00f1anera' desde Culiac\u00e1n el 14 de noviembre - Fuentes Fidedignas","robots":{"index":"index","follow":"follow","max-snippet":"max-snippet:-1","max-image-preview":"max-image-preview:large","max-video-preview":"max-video-preview:-1"},"canonical":"https:\/\/fuentesfidedignas.com.mx\/index.php\/2023\/11\/03\/amlo-anuncia-visita-y-mananera-desde-culiacan-el-14-de-noviembre\/","og_locale":"es_MX","og_type":"article","og_title":"AMLO anuncia visita y 'Ma\u00f1anera' desde Culiac\u00e1n el 14 de noviembre - Fuentes Fidedignas","og_description":"Tambi\u00e9n celebrar\u00e1 una reuni\u00f3n de seguridad y la inauguraci\u00f3n de las sucursales faltantes del Banco de Bienestar Ciudad de M\u00e9xico. El presidente Andr\u00e9s Manuel L\u00f3pez Obrador, pr\u00f3ximo a cumplir 70 a\u00f1os de edad, dio a conocer cu\u00e1les son sus planes para festejar su cumplea\u00f1os y d\u00f3nde quiere celebrarlo. Durante la conferencia de prensa matutina de [&hellip;]","og_url":"https:\/\/fuentesfidedignas.com.mx\/index.php\/2023\/11\/03\/amlo-anuncia-visita-y-mananera-desde-culiacan-el-14-de-noviembre\/","og_site_name":"Fuentes Fidedignas","article_publisher":"https:\/\/www.facebook.com\/Fuentes-Fidedignas-368234489921644","article_published_time":"2023-11-03T17:29:29+00:00","article_modified_time":"2023-11-03T17:31:15+00:00","og_image":[{"width":1920,"height":1080,"url":"https:\/\/fuentesfidedignas.com.mx\/wp-content\/uploads\/2023\/11\/REBIMMHSQVEFFDJJBGZ5WH4P6Y.jpg","type":"image\/jpeg"}],"author":"Infobae","twitter_card":"summary_large_image","twitter_creator":"@fidedignas","twitter_site":"@fidedignas","twitter_misc":{"Escrito por":"Infobae","Tiempo de lectura":"3 minutos"},"schema":{"@context":"https:\/\/schema.org","@graph":[{"@type":"Article","@id":"https:\/\/fuentesfidedignas.com.mx\/index.php\/2023\/11\/03\/amlo-anuncia-visita-y-mananera-desde-culiacan-el-14-de-noviembre\/#article","isPartOf":{"@id":"https:\/\/fuentesfidedignas.com.mx\/index.php\/2023\/11\/03\/amlo-anuncia-visita-y-mananera-desde-culiacan-el-14-de-noviembre\/"},"author":{"name":"Infobae","@id":"https:\/\/fuentesfidedignas.com.mx\/#\/schema\/person\/8575896a7c1067d352f6c1cd6582c389"},"headline":"AMLO anuncia visita y &#8216;Ma\u00f1anera&#8217; desde Culiac\u00e1n el 14 de noviembre","datePublished":"2023-11-03T17:29:29+00:00","dateModified":"2023-11-03T17:31:15+00:00","mainEntityOfPage":{"@id":"https:\/\/fuentesfidedignas.com.mx\/index.php\/2023\/11\/03\/amlo-anuncia-visita-y-mananera-desde-culiacan-el-14-de-noviembre\/"},"wordCount":407,"commentCount":0,"publisher":{"@id":"https:\/\/fuentesfidedignas.com.mx\/#organization"},"image":{"@id":"https:\/\/fuentesfidedignas.com.mx\/index.php\/2023\/11\/03\/amlo-anuncia-visita-y-mananera-desde-culiacan-el-14-de-noviembre\/#primaryimage"},"thumbnailUrl":"https:\/\/fuentesfidedignas.com.mx\/wp-content\/uploads\/2023\/11\/REBIMMHSQVEFFDJJBGZ5WH4P6Y.jpg","articleSection":["NOTA PRINCIPAL"],"inLanguage":"es","potentialAction":[{"@type":"CommentAction","name":"Comment","target":["https:\/\/fuentesfidedignas.com.mx\/index.php\/2023\/11\/03\/amlo-anuncia-visita-y-mananera-desde-culiacan-el-14-de-noviembre\/#respond"]}]},{"@type":"WebPage","@id":"https:\/\/fuentesfidedignas.com.mx\/index.php\/2023\/11\/03\/amlo-anuncia-visita-y-mananera-desde-culiacan-el-14-de-noviembre\/","url":"https:\/\/fuentesfidedignas.com.mx\/index.php\/2023\/11\/03\/amlo-anuncia-visita-y-mananera-desde-culiacan-el-14-de-noviembre\/","name":"AMLO anuncia visita y 'Ma\u00f1anera' desde Culiac\u00e1n el 14 de noviembre - Fuentes Fidedignas","isPartOf":{"@id":"https:\/\/fuentesfidedignas.com.mx\/#website"},"primaryImageOfPage":{"@id":"https:\/\/fuentesfidedignas.com.mx\/index.php\/2023\/11\/03\/amlo-anuncia-visita-y-mananera-desde-culiacan-el-14-de-noviembre\/#primaryimage"},"image":{"@id":"https:\/\/fuentesfidedignas.com.mx\/index.php\/2023\/11\/03\/amlo-anuncia-visita-y-mananera-desde-culiacan-el-14-de-noviembre\/#primaryimage"},"thumbnailUrl":"https:\/\/fuentesfidedignas.com.mx\/wp-content\/uploads\/2023\/11\/REBIMMHSQVEFFDJJBGZ5WH4P6Y.jpg","datePublished":"2023-11-03T17:29:29+00:00","dateModified":"2023-11-03T17:31:15+00:00","breadcrumb":{"@id":"https:\/\/fuentesfidedignas.com.mx\/index.php\/2023\/11\/03\/amlo-anuncia-visita-y-mananera-desde-culiacan-el-14-de-noviembre\/#breadcrumb"},"inLanguage":"es","potentialAction":[{"@type":"ReadAction","target":["https:\/\/fuentesfidedignas.com.mx\/index.php\/2023\/11\/03\/amlo-anuncia-visita-y-mananera-desde-culiacan-el-14-de-noviembre\/"]}]},{"@type":"ImageObject","inLanguage":"es","@id":"https:\/\/fuentesfidedignas.com.mx\/index.php\/2023\/11\/03\/amlo-anuncia-visita-y-mananera-desde-culiacan-el-14-de-noviembre\/#primaryimage","url":"https:\/\/fuentesfidedignas.com.mx\/wp-content\/uploads\/2023\/11\/REBIMMHSQVEFFDJJBGZ5WH4P6Y.jpg","contentUrl":"https:\/\/fuentesfidedignas.com.mx\/wp-content\/uploads\/2023\/11\/REBIMMHSQVEFFDJJBGZ5WH4P6Y.jpg","width":1920,"height":1080},{"@type":"BreadcrumbList","@id":"https:\/\/fuentesfidedignas.com.mx\/index.php\/2023\/11\/03\/amlo-anuncia-visita-y-mananera-desde-culiacan-el-14-de-noviembre\/#breadcrumb","itemListElement":[{"@type":"ListItem","position":1,"name":"Inicio","item":"https:\/\/fuentesfidedignas.com.mx\/"},{"@type":"ListItem","position":2,"name":"AMLO anuncia visita y &#8216;Ma\u00f1anera&#8217; desde Culiac\u00e1n el 14 de noviembre"}]},{"@type":"WebSite","@id":"https:\/\/fuentesfidedignas.com.mx\/#website","url":"https:\/\/fuentesfidedignas.com.mx\/","name":"Fuentes Fidedignas","description":"Otro sitio realizado con WordPress","publisher":{"@id":"https:\/\/fuentesfidedignas.com.mx\/#organization"},"potentialAction":[{"@type":"SearchAction","target":{"@type":"EntryPoint","urlTemplate":"https:\/\/fuentesfidedignas.com.mx\/?s={search_term_string}"},"query-input":{"@type":"PropertyValueSpecification","valueRequired":true,"valueName":"search_term_string"}}],"inLanguage":"es"},{"@type":"Organization","@id":"https:\/\/fuentesfidedignas.com.mx\/#organization","name":"Fuentes Fidedignas","url":"https:\/\/fuentesfidedignas.com.mx\/","logo":{"@type":"ImageObject","inLanguage":"es","@id":"https:\/\/fuentesfidedignas.com.mx\/#\/schema\/logo\/image\/","url":"https:\/\/fuentesfidedignas.com.mx\/wp-content\/uploads\/2021\/04\/logo-retina.png","contentUrl":"https:\/\/fuentesfidedignas.com.mx\/wp-content\/uploads\/2021\/04\/logo-retina.png","width":280,"height":51,"caption":"Fuentes Fidedignas"},"image":{"@id":"https:\/\/fuentesfidedignas.com.mx\/#\/schema\/logo\/image\/"},"sameAs":["https:\/\/www.facebook.com\/Fuentes-Fidedignas-368234489921644","https:\/\/x.com\/fidedignas"]},{"@type":"Person","@id":"https:\/\/fuentesfidedignas.com.mx\/#\/schema\/person\/8575896a7c1067d352f6c1cd6582c389","name":"Infobae","image":{"@type":"ImageObject","inLanguage":"es","@id":"https:\/\/secure.gravatar.com\/avatar\/e4ec95706f8d1670343f6526fdcec45474bab17475a851434a64ca12b5acba1c?s=96&d=mm&r=g","url":"https:\/\/secure.gravatar.com\/avatar\/e4ec95706f8d1670343f6526fdcec45474bab17475a851434a64ca12b5acba1c?s=96&d=mm&r=g","contentUrl":"https:\/\/secure.gravatar.com\/avatar\/e4ec95706f8d1670343f6526fdcec45474bab17475a851434a64ca12b5acba1c?s=96&d=mm&r=g","caption":"Infobae"},"url":"https:\/\/fuentesfidedignas.com.mx\/index.php\/author\/infobae\/"}]}},"_links":{"self":[{"href":"https:\/\/fuentesfidedignas.com.mx\/index.php\/wp-json\/wp\/v2\/posts\/64603","targetHints":{"allow":["GET"]}}],"collection":[{"href":"https:\/\/fuentesfidedignas.com.mx\/index.php\/wp-json\/wp\/v2\/posts"}],"about":[{"href":"https:\/\/fuentesfidedignas.com.mx\/index.php\/wp-json\/wp\/v2\/types\/post"}],"author":[{"embeddable":true,"href":"https:\/\/fuentesfidedignas.com.mx\/index.php\/wp-json\/wp\/v2\/users\/41"}],"replies":[{"embeddable":true,"href":"https:\/\/fuentesfidedignas.com.mx\/index.php\/wp-json\/wp\/v2\/comments?post=64603"}],"version-history":[{"count":2,"href":"https:\/\/fuentesfidedignas.com.mx\/index.php\/wp-json\/wp\/v2\/posts\/64603\/revisions"}],"predecessor-version":[{"id":64606,"href":"https:\/\/fuentesfidedignas.com.mx\/index.php\/wp-json\/wp\/v2\/posts\/64603\/revisions\/64606"}],"wp:featuredmedia":[{"embeddable":true,"href":"https:\/\/fuentesfidedignas.com.mx\/index.php\/wp-json\/wp\/v2\/media\/64605"}],"wp:attachment":[{"href":"https:\/\/fuentesfidedignas.com.mx\/index.php\/wp-json\/wp\/v2\/media?parent=64603"}],"wp:term":[{"taxonomy":"category","embeddable":true,"href":"https:\/\/fuentesfidedignas.com.mx\/index.php\/wp-json\/wp\/v2\/categories?post=64603"},{"taxonomy":"post_tag","embeddable":true,"href":"https:\/\/fuentesfidedignas.com.mx\/index.php\/wp-json\/wp\/v2\/tags?post=64603"}],"curies":[{"name":"wp","href":"https:\/\/api.w.org\/{rel}","templated":true}]}}