{"id":64595,"date":"2023-11-03T10:00:49","date_gmt":"2023-11-03T17:00:49","guid":{"rendered":"https:\/\/fuentesfidedignas.com.mx\/?p=64595"},"modified":"2023-11-03T10:07:54","modified_gmt":"2023-11-03T17:07:54","slug":"dan-pena-de-casi-27-anos-de-prision-para-carlos-r-por-violacion-a-su-hijastra","status":"publish","type":"post","link":"https:\/\/fuentesfidedignas.com.mx\/index.php\/2023\/11\/03\/dan-pena-de-casi-27-anos-de-prision-para-carlos-r-por-violacion-a-su-hijastra\/","title":{"rendered":"Ahome: Dan pena de 27 a\u00f1os de prisi\u00f3n a Carlos \u201cR\u201d por violaci\u00f3n a su hijastra"},"content":{"rendered":"\n<p><strong><em>El sujeto comenz\u00f3 a violentar sexualmente a la menor de edad desde que ella ten\u00eda temprana edad, siendo las \u00faltimas veces cuando esta ten\u00eda 12 a\u00f1os de edad<\/em><\/strong><\/p>\n\n\n\n<p>Los Mochis, Ahome, Sin.- Debido a los trabajos de investigaci\u00f3n encabezados por la Agencia del Ministerio P\u00fablico Especializada en Delitos Sexuales de la Vicefiscal\u00eda Zona Norte de la Fiscal\u00eda General del Estado de Sinaloa, se dict\u00f3 sentencia condenatoria de 26 a\u00f1os 8 meses de prisi\u00f3n a Carlos \u201cR\u201d, por el delito de violaci\u00f3n equiparada agravada por raz\u00f3n de parentesco por afinidad.<\/p>\n\n\n\n<p>En juicio oral de la causa penal 556\/2022 el Juez dict\u00f3 adem\u00e1s el pago de 31 mil 200 pesos por concepto de reparaci\u00f3n del da\u00f1o; asimismo la cantidad de 192 mil 440 pesos por da\u00f1o moral a la v\u00edctima menor de edad con resguardo de identidad, quien es hijastra del hoy sentenciado.<\/p>\n\n\n\n<p>De acuerdo a la carpeta de investigaci\u00f3n los hechos ocurrieron desde el martes 20 hasta el 23 de septiembre de 2022 en una comunidad rural del municipio de Ahome, cuando la adolescente de 12 a\u00f1os de edad se encontraba acostada en su cama y a donde lleg\u00f3 su padrastro en horas de la noche a violentarla sexualmente.<\/p>\n\n\n\n<p>Esta conducta se mantiene por parte de Carlos en contra de la adolescente desde temprana edad, -sin precisar fechas- y a quien lo une una relaci\u00f3n de parentesco por afinidad al ser esposo de la mam\u00e1 de la v\u00edctima.<\/p>\n\n\n\n<p>Al conocer de estos hechos la representaci\u00f3n social inici\u00f3 carpeta de investigaci\u00f3n y determin\u00f3 ejercitar acci\u00f3n penal solicitando orden de aprehensi\u00f3n la cual fue autorizada por el Juez y ejecutada el 24 de noviembre de 2022.<\/p>\n\n\n\n<p>El 25 de noviembre de ese mismo a\u00f1o se celebr\u00f3 audiencia inicial en la cual se formul\u00f3 imputaci\u00f3n y se vertieron los datos de prueba para la vinculaci\u00f3n la cual se dict\u00f3 hasta continuaci\u00f3n de audiencia inicial al acogerse el imputado la duplicidad del t\u00e9rmino constitucional.<\/p>\n\n\n\n<p>El 5 de junio de 2023 se celebr\u00f3 audiencia intermedia y se dict\u00f3 auto de apertura a juicio oral llev\u00e1ndose a cabo el desarrollo del mismo los d\u00edas 3 y 4 de octubre de 2023 donde se vertieron los alegatos y desahogaron las pruebas; el 5 de octubre se dio fallo condenatorio.<\/p>\n","protected":false},"excerpt":{"rendered":"<p>El sujeto comenz\u00f3 a violentar sexualmente a la menor de edad desde que ella ten\u00eda temprana edad, siendo las \u00faltimas veces cuando esta ten\u00eda 12 a\u00f1os de edad Los Mochis, Ahome, Sin.- Debido a los trabajos de investigaci\u00f3n encabezados por la Agencia del Ministerio P\u00fablico Especializada en Delitos Sexuales de la Vicefiscal\u00eda Zona Norte de [&hellip;]<\/p>\n","protected":false},"author":4,"featured_media":64597,"comment_status":"open","ping_status":"open","sticky":false,"template":"","format":"standard","meta":{"tdm_status":"","tdm_grid_status":"","footnotes":""},"categories":[38,1],"tags":[],"class_list":{"0":"post-64595","1":"post","2":"type-post","3":"status-publish","4":"format-standard","5":"has-post-thumbnail","7":"category-noticias-locales","8":"category-sin-categoria"},"yoast_head":"<!-- This site is optimized with the Yoast SEO plugin v27.5 - https:\/\/yoast.com\/product\/yoast-seo-wordpress\/ -->\n<title>Ahome: Dan pena de 27 a\u00f1os de prisi\u00f3n a Carlos \u201cR\u201d por violaci\u00f3n a su hijastra - Fuentes Fidedignas<\/title>\n<meta name=\"robots\" content=\"index, follow, max-snippet:-1, max-image-preview:large, max-video-preview:-1\" \/>\n<link rel=\"canonical\" href=\"https:\/\/fuentesfidedignas.com.mx\/index.php\/2023\/11\/03\/dan-pena-de-casi-27-anos-de-prision-para-carlos-r-por-violacion-a-su-hijastra\/\" \/>\n<meta property=\"og:locale\" content=\"es_MX\" \/>\n<meta property=\"og:type\" content=\"article\" \/>\n<meta property=\"og:title\" content=\"Ahome: Dan pena de 27 a\u00f1os de prisi\u00f3n a Carlos \u201cR\u201d por violaci\u00f3n a su hijastra - Fuentes Fidedignas\" \/>\n<meta property=\"og:description\" content=\"El sujeto comenz\u00f3 a violentar sexualmente a la menor de edad desde que ella ten\u00eda temprana edad, siendo las \u00faltimas veces cuando esta ten\u00eda 12 a\u00f1os de edad Los Mochis, Ahome, Sin.- Debido a los trabajos de investigaci\u00f3n encabezados por la Agencia del Ministerio P\u00fablico Especializada en Delitos Sexuales de la Vicefiscal\u00eda Zona Norte de [&hellip;]\" \/>\n<meta property=\"og:url\" content=\"https:\/\/fuentesfidedignas.com.mx\/index.php\/2023\/11\/03\/dan-pena-de-casi-27-anos-de-prision-para-carlos-r-por-violacion-a-su-hijastra\/\" \/>\n<meta property=\"og:site_name\" content=\"Fuentes Fidedignas\" \/>\n<meta property=\"article:publisher\" content=\"https:\/\/www.facebook.com\/Fuentes-Fidedignas-368234489921644\" \/>\n<meta property=\"article:published_time\" content=\"2023-11-03T17:00:49+00:00\" \/>\n<meta property=\"article:modified_time\" content=\"2023-11-03T17:07:54+00:00\" \/>\n<meta property=\"og:image\" content=\"https:\/\/fuentesfidedignas.com.mx\/wp-content\/uploads\/2023\/11\/images-1-1.jpeg\" \/>\n\t<meta property=\"og:image:width\" content=\"701\" \/>\n\t<meta property=\"og:image:height\" content=\"438\" \/>\n\t<meta property=\"og:image:type\" content=\"image\/jpeg\" \/>\n<meta name=\"author\" content=\"Redacci\u00f3n\" \/>\n<meta name=\"twitter:card\" content=\"summary_large_image\" \/>\n<meta name=\"twitter:creator\" content=\"@fidedignas\" \/>\n<meta name=\"twitter:site\" content=\"@fidedignas\" \/>\n<meta name=\"twitter:label1\" content=\"Escrito por\" \/>\n\t<meta name=\"twitter:data1\" content=\"Redacci\u00f3n\" \/>\n\t<meta name=\"twitter:label2\" content=\"Tiempo de lectura\" \/>\n\t<meta name=\"twitter:data2\" content=\"2 minutos\" \/>\n<script type=\"application\/ld+json\" class=\"yoast-schema-graph\">{\"@context\":\"https:\\\/\\\/schema.org\",\"@graph\":[{\"@type\":\"Article\",\"@id\":\"https:\\\/\\\/fuentesfidedignas.com.mx\\\/index.php\\\/2023\\\/11\\\/03\\\/dan-pena-de-casi-27-anos-de-prision-para-carlos-r-por-violacion-a-su-hijastra\\\/#article\",\"isPartOf\":{\"@id\":\"https:\\\/\\\/fuentesfidedignas.com.mx\\\/index.php\\\/2023\\\/11\\\/03\\\/dan-pena-de-casi-27-anos-de-prision-para-carlos-r-por-violacion-a-su-hijastra\\\/\"},\"author\":{\"name\":\"Redacci\u00f3n\",\"@id\":\"https:\\\/\\\/fuentesfidedignas.com.mx\\\/#\\\/schema\\\/person\\\/331be9283d37198e2acd5750279085b0\"},\"headline\":\"Ahome: Dan pena de 27 a\u00f1os de prisi\u00f3n a Carlos \u201cR\u201d por violaci\u00f3n a su hijastra\",\"datePublished\":\"2023-11-03T17:00:49+00:00\",\"dateModified\":\"2023-11-03T17:07:54+00:00\",\"mainEntityOfPage\":{\"@id\":\"https:\\\/\\\/fuentesfidedignas.com.mx\\\/index.php\\\/2023\\\/11\\\/03\\\/dan-pena-de-casi-27-anos-de-prision-para-carlos-r-por-violacion-a-su-hijastra\\\/\"},\"wordCount\":400,\"commentCount\":0,\"publisher\":{\"@id\":\"https:\\\/\\\/fuentesfidedignas.com.mx\\\/#organization\"},\"image\":{\"@id\":\"https:\\\/\\\/fuentesfidedignas.com.mx\\\/index.php\\\/2023\\\/11\\\/03\\\/dan-pena-de-casi-27-anos-de-prision-para-carlos-r-por-violacion-a-su-hijastra\\\/#primaryimage\"},\"thumbnailUrl\":\"https:\\\/\\\/fuentesfidedignas.com.mx\\\/wp-content\\\/uploads\\\/2023\\\/11\\\/images-1-1.jpeg\",\"articleSection\":[\"NOTICIAS LOCALES\"],\"inLanguage\":\"es\",\"potentialAction\":[{\"@type\":\"CommentAction\",\"name\":\"Comment\",\"target\":[\"https:\\\/\\\/fuentesfidedignas.com.mx\\\/index.php\\\/2023\\\/11\\\/03\\\/dan-pena-de-casi-27-anos-de-prision-para-carlos-r-por-violacion-a-su-hijastra\\\/#respond\"]}]},{\"@type\":\"WebPage\",\"@id\":\"https:\\\/\\\/fuentesfidedignas.com.mx\\\/index.php\\\/2023\\\/11\\\/03\\\/dan-pena-de-casi-27-anos-de-prision-para-carlos-r-por-violacion-a-su-hijastra\\\/\",\"url\":\"https:\\\/\\\/fuentesfidedignas.com.mx\\\/index.php\\\/2023\\\/11\\\/03\\\/dan-pena-de-casi-27-anos-de-prision-para-carlos-r-por-violacion-a-su-hijastra\\\/\",\"name\":\"Ahome: Dan pena de 27 a\u00f1os de prisi\u00f3n a Carlos \u201cR\u201d por violaci\u00f3n a su hijastra - Fuentes Fidedignas\",\"isPartOf\":{\"@id\":\"https:\\\/\\\/fuentesfidedignas.com.mx\\\/#website\"},\"primaryImageOfPage\":{\"@id\":\"https:\\\/\\\/fuentesfidedignas.com.mx\\\/index.php\\\/2023\\\/11\\\/03\\\/dan-pena-de-casi-27-anos-de-prision-para-carlos-r-por-violacion-a-su-hijastra\\\/#primaryimage\"},\"image\":{\"@id\":\"https:\\\/\\\/fuentesfidedignas.com.mx\\\/index.php\\\/2023\\\/11\\\/03\\\/dan-pena-de-casi-27-anos-de-prision-para-carlos-r-por-violacion-a-su-hijastra\\\/#primaryimage\"},\"thumbnailUrl\":\"https:\\\/\\\/fuentesfidedignas.com.mx\\\/wp-content\\\/uploads\\\/2023\\\/11\\\/images-1-1.jpeg\",\"datePublished\":\"2023-11-03T17:00:49+00:00\",\"dateModified\":\"2023-11-03T17:07:54+00:00\",\"breadcrumb\":{\"@id\":\"https:\\\/\\\/fuentesfidedignas.com.mx\\\/index.php\\\/2023\\\/11\\\/03\\\/dan-pena-de-casi-27-anos-de-prision-para-carlos-r-por-violacion-a-su-hijastra\\\/#breadcrumb\"},\"inLanguage\":\"es\",\"potentialAction\":[{\"@type\":\"ReadAction\",\"target\":[\"https:\\\/\\\/fuentesfidedignas.com.mx\\\/index.php\\\/2023\\\/11\\\/03\\\/dan-pena-de-casi-27-anos-de-prision-para-carlos-r-por-violacion-a-su-hijastra\\\/\"]}]},{\"@type\":\"ImageObject\",\"inLanguage\":\"es\",\"@id\":\"https:\\\/\\\/fuentesfidedignas.com.mx\\\/index.php\\\/2023\\\/11\\\/03\\\/dan-pena-de-casi-27-anos-de-prision-para-carlos-r-por-violacion-a-su-hijastra\\\/#primaryimage\",\"url\":\"https:\\\/\\\/fuentesfidedignas.com.mx\\\/wp-content\\\/uploads\\\/2023\\\/11\\\/images-1-1.jpeg\",\"contentUrl\":\"https:\\\/\\\/fuentesfidedignas.com.mx\\\/wp-content\\\/uploads\\\/2023\\\/11\\\/images-1-1.jpeg\",\"width\":701,\"height\":438},{\"@type\":\"BreadcrumbList\",\"@id\":\"https:\\\/\\\/fuentesfidedignas.com.mx\\\/index.php\\\/2023\\\/11\\\/03\\\/dan-pena-de-casi-27-anos-de-prision-para-carlos-r-por-violacion-a-su-hijastra\\\/#breadcrumb\",\"itemListElement\":[{\"@type\":\"ListItem\",\"position\":1,\"name\":\"Inicio\",\"item\":\"https:\\\/\\\/fuentesfidedignas.com.mx\\\/\"},{\"@type\":\"ListItem\",\"position\":2,\"name\":\"Ahome: Dan pena de 27 a\u00f1os de prisi\u00f3n a Carlos \u201cR\u201d por violaci\u00f3n a su hijastra\"}]},{\"@type\":\"WebSite\",\"@id\":\"https:\\\/\\\/fuentesfidedignas.com.mx\\\/#website\",\"url\":\"https:\\\/\\\/fuentesfidedignas.com.mx\\\/\",\"name\":\"Fuentes Fidedignas\",\"description\":\"Otro sitio realizado con WordPress\",\"publisher\":{\"@id\":\"https:\\\/\\\/fuentesfidedignas.com.mx\\\/#organization\"},\"potentialAction\":[{\"@type\":\"SearchAction\",\"target\":{\"@type\":\"EntryPoint\",\"urlTemplate\":\"https:\\\/\\\/fuentesfidedignas.com.mx\\\/?s={search_term_string}\"},\"query-input\":{\"@type\":\"PropertyValueSpecification\",\"valueRequired\":true,\"valueName\":\"search_term_string\"}}],\"inLanguage\":\"es\"},{\"@type\":\"Organization\",\"@id\":\"https:\\\/\\\/fuentesfidedignas.com.mx\\\/#organization\",\"name\":\"Fuentes Fidedignas\",\"url\":\"https:\\\/\\\/fuentesfidedignas.com.mx\\\/\",\"logo\":{\"@type\":\"ImageObject\",\"inLanguage\":\"es\",\"@id\":\"https:\\\/\\\/fuentesfidedignas.com.mx\\\/#\\\/schema\\\/logo\\\/image\\\/\",\"url\":\"https:\\\/\\\/fuentesfidedignas.com.mx\\\/wp-content\\\/uploads\\\/2021\\\/04\\\/logo-retina.png\",\"contentUrl\":\"https:\\\/\\\/fuentesfidedignas.com.mx\\\/wp-content\\\/uploads\\\/2021\\\/04\\\/logo-retina.png\",\"width\":280,\"height\":51,\"caption\":\"Fuentes Fidedignas\"},\"image\":{\"@id\":\"https:\\\/\\\/fuentesfidedignas.com.mx\\\/#\\\/schema\\\/logo\\\/image\\\/\"},\"sameAs\":[\"https:\\\/\\\/www.facebook.com\\\/Fuentes-Fidedignas-368234489921644\",\"https:\\\/\\\/x.com\\\/fidedignas\"]},{\"@type\":\"Person\",\"@id\":\"https:\\\/\\\/fuentesfidedignas.com.mx\\\/#\\\/schema\\\/person\\\/331be9283d37198e2acd5750279085b0\",\"name\":\"Redacci\u00f3n\",\"image\":{\"@type\":\"ImageObject\",\"inLanguage\":\"es\",\"@id\":\"https:\\\/\\\/secure.gravatar.com\\\/avatar\\\/f6d8782c11d12b2d4ad3fbb6931aeab5309937a4d6cd2fc9cfaa28a6396a5aec?s=96&d=mm&r=g\",\"url\":\"https:\\\/\\\/secure.gravatar.com\\\/avatar\\\/f6d8782c11d12b2d4ad3fbb6931aeab5309937a4d6cd2fc9cfaa28a6396a5aec?s=96&d=mm&r=g\",\"contentUrl\":\"https:\\\/\\\/secure.gravatar.com\\\/avatar\\\/f6d8782c11d12b2d4ad3fbb6931aeab5309937a4d6cd2fc9cfaa28a6396a5aec?s=96&d=mm&r=g\",\"caption\":\"Redacci\u00f3n\"},\"url\":\"https:\\\/\\\/fuentesfidedignas.com.mx\\\/index.php\\\/author\\\/redaccion\\\/\"}]}<\/script>\n<!-- \/ Yoast SEO plugin. -->","yoast_head_json":{"title":"Ahome: Dan pena de 27 a\u00f1os de prisi\u00f3n a Carlos \u201cR\u201d por violaci\u00f3n a su hijastra - Fuentes Fidedignas","robots":{"index":"index","follow":"follow","max-snippet":"max-snippet:-1","max-image-preview":"max-image-preview:large","max-video-preview":"max-video-preview:-1"},"canonical":"https:\/\/fuentesfidedignas.com.mx\/index.php\/2023\/11\/03\/dan-pena-de-casi-27-anos-de-prision-para-carlos-r-por-violacion-a-su-hijastra\/","og_locale":"es_MX","og_type":"article","og_title":"Ahome: Dan pena de 27 a\u00f1os de prisi\u00f3n a Carlos \u201cR\u201d por violaci\u00f3n a su hijastra - Fuentes Fidedignas","og_description":"El sujeto comenz\u00f3 a violentar sexualmente a la menor de edad desde que ella ten\u00eda temprana edad, siendo las \u00faltimas veces cuando esta ten\u00eda 12 a\u00f1os de edad Los Mochis, Ahome, Sin.- Debido a los trabajos de investigaci\u00f3n encabezados por la Agencia del Ministerio P\u00fablico Especializada en Delitos Sexuales de la Vicefiscal\u00eda Zona Norte de [&hellip;]","og_url":"https:\/\/fuentesfidedignas.com.mx\/index.php\/2023\/11\/03\/dan-pena-de-casi-27-anos-de-prision-para-carlos-r-por-violacion-a-su-hijastra\/","og_site_name":"Fuentes Fidedignas","article_publisher":"https:\/\/www.facebook.com\/Fuentes-Fidedignas-368234489921644","article_published_time":"2023-11-03T17:00:49+00:00","article_modified_time":"2023-11-03T17:07:54+00:00","og_image":[{"width":701,"height":438,"url":"https:\/\/fuentesfidedignas.com.mx\/wp-content\/uploads\/2023\/11\/images-1-1.jpeg","type":"image\/jpeg"}],"author":"Redacci\u00f3n","twitter_card":"summary_large_image","twitter_creator":"@fidedignas","twitter_site":"@fidedignas","twitter_misc":{"Escrito por":"Redacci\u00f3n","Tiempo de lectura":"2 minutos"},"schema":{"@context":"https:\/\/schema.org","@graph":[{"@type":"Article","@id":"https:\/\/fuentesfidedignas.com.mx\/index.php\/2023\/11\/03\/dan-pena-de-casi-27-anos-de-prision-para-carlos-r-por-violacion-a-su-hijastra\/#article","isPartOf":{"@id":"https:\/\/fuentesfidedignas.com.mx\/index.php\/2023\/11\/03\/dan-pena-de-casi-27-anos-de-prision-para-carlos-r-por-violacion-a-su-hijastra\/"},"author":{"name":"Redacci\u00f3n","@id":"https:\/\/fuentesfidedignas.com.mx\/#\/schema\/person\/331be9283d37198e2acd5750279085b0"},"headline":"Ahome: Dan pena de 27 a\u00f1os de prisi\u00f3n a Carlos \u201cR\u201d por violaci\u00f3n a su hijastra","datePublished":"2023-11-03T17:00:49+00:00","dateModified":"2023-11-03T17:07:54+00:00","mainEntityOfPage":{"@id":"https:\/\/fuentesfidedignas.com.mx\/index.php\/2023\/11\/03\/dan-pena-de-casi-27-anos-de-prision-para-carlos-r-por-violacion-a-su-hijastra\/"},"wordCount":400,"commentCount":0,"publisher":{"@id":"https:\/\/fuentesfidedignas.com.mx\/#organization"},"image":{"@id":"https:\/\/fuentesfidedignas.com.mx\/index.php\/2023\/11\/03\/dan-pena-de-casi-27-anos-de-prision-para-carlos-r-por-violacion-a-su-hijastra\/#primaryimage"},"thumbnailUrl":"https:\/\/fuentesfidedignas.com.mx\/wp-content\/uploads\/2023\/11\/images-1-1.jpeg","articleSection":["NOTICIAS LOCALES"],"inLanguage":"es","potentialAction":[{"@type":"CommentAction","name":"Comment","target":["https:\/\/fuentesfidedignas.com.mx\/index.php\/2023\/11\/03\/dan-pena-de-casi-27-anos-de-prision-para-carlos-r-por-violacion-a-su-hijastra\/#respond"]}]},{"@type":"WebPage","@id":"https:\/\/fuentesfidedignas.com.mx\/index.php\/2023\/11\/03\/dan-pena-de-casi-27-anos-de-prision-para-carlos-r-por-violacion-a-su-hijastra\/","url":"https:\/\/fuentesfidedignas.com.mx\/index.php\/2023\/11\/03\/dan-pena-de-casi-27-anos-de-prision-para-carlos-r-por-violacion-a-su-hijastra\/","name":"Ahome: Dan pena de 27 a\u00f1os de prisi\u00f3n a Carlos \u201cR\u201d por violaci\u00f3n a su hijastra - Fuentes Fidedignas","isPartOf":{"@id":"https:\/\/fuentesfidedignas.com.mx\/#website"},"primaryImageOfPage":{"@id":"https:\/\/fuentesfidedignas.com.mx\/index.php\/2023\/11\/03\/dan-pena-de-casi-27-anos-de-prision-para-carlos-r-por-violacion-a-su-hijastra\/#primaryimage"},"image":{"@id":"https:\/\/fuentesfidedignas.com.mx\/index.php\/2023\/11\/03\/dan-pena-de-casi-27-anos-de-prision-para-carlos-r-por-violacion-a-su-hijastra\/#primaryimage"},"thumbnailUrl":"https:\/\/fuentesfidedignas.com.mx\/wp-content\/uploads\/2023\/11\/images-1-1.jpeg","datePublished":"2023-11-03T17:00:49+00:00","dateModified":"2023-11-03T17:07:54+00:00","breadcrumb":{"@id":"https:\/\/fuentesfidedignas.com.mx\/index.php\/2023\/11\/03\/dan-pena-de-casi-27-anos-de-prision-para-carlos-r-por-violacion-a-su-hijastra\/#breadcrumb"},"inLanguage":"es","potentialAction":[{"@type":"ReadAction","target":["https:\/\/fuentesfidedignas.com.mx\/index.php\/2023\/11\/03\/dan-pena-de-casi-27-anos-de-prision-para-carlos-r-por-violacion-a-su-hijastra\/"]}]},{"@type":"ImageObject","inLanguage":"es","@id":"https:\/\/fuentesfidedignas.com.mx\/index.php\/2023\/11\/03\/dan-pena-de-casi-27-anos-de-prision-para-carlos-r-por-violacion-a-su-hijastra\/#primaryimage","url":"https:\/\/fuentesfidedignas.com.mx\/wp-content\/uploads\/2023\/11\/images-1-1.jpeg","contentUrl":"https:\/\/fuentesfidedignas.com.mx\/wp-content\/uploads\/2023\/11\/images-1-1.jpeg","width":701,"height":438},{"@type":"BreadcrumbList","@id":"https:\/\/fuentesfidedignas.com.mx\/index.php\/2023\/11\/03\/dan-pena-de-casi-27-anos-de-prision-para-carlos-r-por-violacion-a-su-hijastra\/#breadcrumb","itemListElement":[{"@type":"ListItem","position":1,"name":"Inicio","item":"https:\/\/fuentesfidedignas.com.mx\/"},{"@type":"ListItem","position":2,"name":"Ahome: Dan pena de 27 a\u00f1os de prisi\u00f3n a Carlos \u201cR\u201d por violaci\u00f3n a su hijastra"}]},{"@type":"WebSite","@id":"https:\/\/fuentesfidedignas.com.mx\/#website","url":"https:\/\/fuentesfidedignas.com.mx\/","name":"Fuentes Fidedignas","description":"Otro sitio realizado con WordPress","publisher":{"@id":"https:\/\/fuentesfidedignas.com.mx\/#organization"},"potentialAction":[{"@type":"SearchAction","target":{"@type":"EntryPoint","urlTemplate":"https:\/\/fuentesfidedignas.com.mx\/?s={search_term_string}"},"query-input":{"@type":"PropertyValueSpecification","valueRequired":true,"valueName":"search_term_string"}}],"inLanguage":"es"},{"@type":"Organization","@id":"https:\/\/fuentesfidedignas.com.mx\/#organization","name":"Fuentes Fidedignas","url":"https:\/\/fuentesfidedignas.com.mx\/","logo":{"@type":"ImageObject","inLanguage":"es","@id":"https:\/\/fuentesfidedignas.com.mx\/#\/schema\/logo\/image\/","url":"https:\/\/fuentesfidedignas.com.mx\/wp-content\/uploads\/2021\/04\/logo-retina.png","contentUrl":"https:\/\/fuentesfidedignas.com.mx\/wp-content\/uploads\/2021\/04\/logo-retina.png","width":280,"height":51,"caption":"Fuentes Fidedignas"},"image":{"@id":"https:\/\/fuentesfidedignas.com.mx\/#\/schema\/logo\/image\/"},"sameAs":["https:\/\/www.facebook.com\/Fuentes-Fidedignas-368234489921644","https:\/\/x.com\/fidedignas"]},{"@type":"Person","@id":"https:\/\/fuentesfidedignas.com.mx\/#\/schema\/person\/331be9283d37198e2acd5750279085b0","name":"Redacci\u00f3n","image":{"@type":"ImageObject","inLanguage":"es","@id":"https:\/\/secure.gravatar.com\/avatar\/f6d8782c11d12b2d4ad3fbb6931aeab5309937a4d6cd2fc9cfaa28a6396a5aec?s=96&d=mm&r=g","url":"https:\/\/secure.gravatar.com\/avatar\/f6d8782c11d12b2d4ad3fbb6931aeab5309937a4d6cd2fc9cfaa28a6396a5aec?s=96&d=mm&r=g","contentUrl":"https:\/\/secure.gravatar.com\/avatar\/f6d8782c11d12b2d4ad3fbb6931aeab5309937a4d6cd2fc9cfaa28a6396a5aec?s=96&d=mm&r=g","caption":"Redacci\u00f3n"},"url":"https:\/\/fuentesfidedignas.com.mx\/index.php\/author\/redaccion\/"}]}},"_links":{"self":[{"href":"https:\/\/fuentesfidedignas.com.mx\/index.php\/wp-json\/wp\/v2\/posts\/64595","targetHints":{"allow":["GET"]}}],"collection":[{"href":"https:\/\/fuentesfidedignas.com.mx\/index.php\/wp-json\/wp\/v2\/posts"}],"about":[{"href":"https:\/\/fuentesfidedignas.com.mx\/index.php\/wp-json\/wp\/v2\/types\/post"}],"author":[{"embeddable":true,"href":"https:\/\/fuentesfidedignas.com.mx\/index.php\/wp-json\/wp\/v2\/users\/4"}],"replies":[{"embeddable":true,"href":"https:\/\/fuentesfidedignas.com.mx\/index.php\/wp-json\/wp\/v2\/comments?post=64595"}],"version-history":[{"count":3,"href":"https:\/\/fuentesfidedignas.com.mx\/index.php\/wp-json\/wp\/v2\/posts\/64595\/revisions"}],"predecessor-version":[{"id":64599,"href":"https:\/\/fuentesfidedignas.com.mx\/index.php\/wp-json\/wp\/v2\/posts\/64595\/revisions\/64599"}],"wp:featuredmedia":[{"embeddable":true,"href":"https:\/\/fuentesfidedignas.com.mx\/index.php\/wp-json\/wp\/v2\/media\/64597"}],"wp:attachment":[{"href":"https:\/\/fuentesfidedignas.com.mx\/index.php\/wp-json\/wp\/v2\/media?parent=64595"}],"wp:term":[{"taxonomy":"category","embeddable":true,"href":"https:\/\/fuentesfidedignas.com.mx\/index.php\/wp-json\/wp\/v2\/categories?post=64595"},{"taxonomy":"post_tag","embeddable":true,"href":"https:\/\/fuentesfidedignas.com.mx\/index.php\/wp-json\/wp\/v2\/tags?post=64595"}],"curies":[{"name":"wp","href":"https:\/\/api.w.org\/{rel}","templated":true}]}}