{"id":64554,"date":"2023-11-03T05:03:29","date_gmt":"2023-11-03T12:03:29","guid":{"rendered":"https:\/\/fuentesfidedignas.com.mx\/?p=64554"},"modified":"2023-11-02T21:03:55","modified_gmt":"2023-11-03T04:03:55","slug":"video-joven-se-frustra-porque-en-su-primer-dia-de-trabajo-le-dieron-una-hora-de-comida","status":"publish","type":"post","link":"https:\/\/fuentesfidedignas.com.mx\/index.php\/2023\/11\/03\/video-joven-se-frustra-porque-en-su-primer-dia-de-trabajo-le-dieron-una-hora-de-comida\/","title":{"rendered":"VIDEO: joven &#8220;se frustra&#8221; porque en su primer d\u00eda de trabajo le dieron una hora de comida"},"content":{"rendered":"\n<p><em><strong>El clip cuenta con miles de reproducciones y algunos usuarios le han comentado &#8220;bienvenida a la vida laboral&#8221;.<\/strong><\/em><\/p>\n\n\n\n<p>A trav\u00e9s de su cuenta de TikTok, la usuaria colombiana @ornela.cabezasss comparti\u00f3 un video en el que se queja de su primer d\u00eda en el trabajo y comparte detalles de su experiencia los cuales la hicieron frustrante.<\/p>\n\n\n\n<p>Resulta que hoy fue mi primer d\u00eda laboral, hace dos semanas acabo de salir de la universidad y para m\u00ed ha sido muy frustrante, creo que no estoy preparada para trabajar&#8221;<\/p>\n\n\n\n<p>Posteriormente, la tiktoker comenz\u00f3 a mencionar por qu\u00e9 fue frustrante, uno de los aspectos que destac\u00f3 fue que normalmente se demora dos horas comiendo y s\u00f3lo le dieron una, por lo que no pudo almorzar bien.<\/p>\n\n\n\n<p>&#8220;No s\u00e9 que estar\u00eda llegando a mi casa tipo ocho de la noche. Es s\u00faper frustrante porque no puedes contestar ni siquiera el tel\u00e9fono, no puedes contestarle a nadie porque est\u00e1s trabajando, han sido las ocho horas m\u00e1s estresantes de mi vida&#8221;<\/p>\n\n\n\n<p><strong>Usuarios reaccionan al video de la tiktoker &#8220;frustrada&#8221;<\/strong><br>El video que ya suma cerca de 29 mil 887 comentarios y destacan los siguientes: &#8220;Bienvenida al mundo adulto y laboral&#8221;, &#8220;\u00bfA qui\u00e9n no le alcanza una hora para almorzar? Yo almuerzo en 15 minutos&#8221; y &#8220;Solo deseo que sea SARCASMO&#8221;.<\/p>\n\n\n\n<blockquote class=\"tiktok-embed\" cite=\"https:\/\/www.tiktok.com\/@ornela.cabezasss\/video\/7294401421766593797\" data-video-id=\"7294401421766593797\" style=\"max-width: 605px;min-width: 325px;\" > <section> <a target=\"_blank\" title=\"@ornela.cabezasss\" href=\"https:\/\/www.tiktok.com\/@ornela.cabezasss?refer=embed\" rel=\"noopener\">@ornela.cabezasss<\/a> El trabajo stresa   <a title=\"colombia\" target=\"_blank\" href=\"https:\/\/www.tiktok.com\/tag\/colombia?refer=embed\" rel=\"noopener\">#colombia<\/a> <a title=\"trabajo\" target=\"_blank\" href=\"https:\/\/www.tiktok.com\/tag\/trabajo?refer=embed\" rel=\"noopener\">#trabajo<\/a>  <a title=\"labor\" target=\"_blank\" href=\"https:\/\/www.tiktok.com\/tag\/labor?refer=embed\" rel=\"noopener\">#labor<\/a> <a target=\"_blank\" title=\"\u266c sonido original - Ornella..cabezas\" href=\"https:\/\/www.tiktok.com\/music\/sonido-original-7294401432601660165?refer=embed\" rel=\"noopener\">\u266c sonido original &#8211; Ornella..cabezas<\/a> <\/section> <\/blockquote> <script async src=\"https:\/\/www.tiktok.com\/embed.js\"><\/script>\n\n\n\n<p>Fue as\u00ed como muchos usuarios comenzaron a dudar de la joven, pues les pareci\u00f3 incre\u00edble que alguien tuviera esa mentalidad y todav\u00eda lo subiera a redes sociales aunque muchos otros se identificaron con su relato.<\/p>\n\n\n\n<p><strong>\u00bfDespidieron a la tiktoker por su video viral?<\/strong><br>Luego de que se viralizara el video en el que se queja en su primer d\u00eda de trabajo, la joven comparti\u00f3 una &#8220;actualizaci\u00f3n&#8221; de lo que hab\u00eda ocurrido y public\u00f3 un clip en el que asegura que su su jefe fue a hablar con ella para despedirla e incluso se graba mientras ocurre.<\/p>\n\n\n\n<p>No obstante, ah\u00ed los usuarios descubrieron que la tiktoker se dedica a hacer este tipo de contenido actuando situaciones cotidianas, ya que en el clip nunca se escucha a su jefe hablar y les caus\u00f3 gracia su actuaci\u00f3n.<\/p>\n","protected":false},"excerpt":{"rendered":"<p>El clip cuenta con miles de reproducciones y algunos usuarios le han comentado &#8220;bienvenida a la vida laboral&#8221;. A trav\u00e9s de su cuenta de TikTok, la usuaria colombiana @ornela.cabezasss comparti\u00f3 un video en el que se queja de su primer d\u00eda en el trabajo y comparte detalles de su experiencia los cuales la hicieron frustrante. [&hellip;]<\/p>\n","protected":false},"author":7,"featured_media":64557,"comment_status":"open","ping_status":"open","sticky":false,"template":"","format":"standard","meta":{"tdm_status":"","tdm_grid_status":"","footnotes":""},"categories":[40],"tags":[],"class_list":{"0":"post-64554","1":"post","2":"type-post","3":"status-publish","4":"format-standard","5":"has-post-thumbnail","7":"category-las-asombrosas"},"yoast_head":"<!-- This site is optimized with the Yoast SEO plugin v27.4 - https:\/\/yoast.com\/product\/yoast-seo-wordpress\/ -->\n<title>VIDEO: joven &quot;se frustra&quot; porque en su primer d\u00eda de trabajo le dieron una hora de comida - Fuentes Fidedignas<\/title>\n<meta name=\"robots\" content=\"index, follow, max-snippet:-1, max-image-preview:large, max-video-preview:-1\" \/>\n<link rel=\"canonical\" href=\"https:\/\/fuentesfidedignas.com.mx\/index.php\/2023\/11\/03\/video-joven-se-frustra-porque-en-su-primer-dia-de-trabajo-le-dieron-una-hora-de-comida\/\" \/>\n<meta property=\"og:locale\" content=\"es_MX\" \/>\n<meta property=\"og:type\" content=\"article\" \/>\n<meta property=\"og:title\" content=\"VIDEO: joven &quot;se frustra&quot; porque en su primer d\u00eda de trabajo le dieron una hora de comida - Fuentes Fidedignas\" \/>\n<meta property=\"og:description\" content=\"El clip cuenta con miles de reproducciones y algunos usuarios le han comentado &#8220;bienvenida a la vida laboral&#8221;. A trav\u00e9s de su cuenta de TikTok, la usuaria colombiana @ornela.cabezasss comparti\u00f3 un video en el que se queja de su primer d\u00eda en el trabajo y comparte detalles de su experiencia los cuales la hicieron frustrante. [&hellip;]\" \/>\n<meta property=\"og:url\" content=\"https:\/\/fuentesfidedignas.com.mx\/index.php\/2023\/11\/03\/video-joven-se-frustra-porque-en-su-primer-dia-de-trabajo-le-dieron-una-hora-de-comida\/\" \/>\n<meta property=\"og:site_name\" content=\"Fuentes Fidedignas\" \/>\n<meta property=\"article:publisher\" content=\"https:\/\/www.facebook.com\/Fuentes-Fidedignas-368234489921644\" \/>\n<meta property=\"article:published_time\" content=\"2023-11-03T12:03:29+00:00\" \/>\n<meta property=\"og:image\" content=\"https:\/\/fuentesfidedignas.com.mx\/wp-content\/uploads\/2023\/11\/TIK_COMIDA.jpg\" \/>\n\t<meta property=\"og:image:width\" content=\"800\" \/>\n\t<meta property=\"og:image:height\" content=\"600\" \/>\n\t<meta property=\"og:image:type\" content=\"image\/jpeg\" \/>\n<meta name=\"author\" content=\"Exc\u00e9lsior\" \/>\n<meta name=\"twitter:card\" content=\"summary_large_image\" \/>\n<meta name=\"twitter:creator\" content=\"@fidedignas\" \/>\n<meta name=\"twitter:site\" content=\"@fidedignas\" \/>\n<meta name=\"twitter:label1\" content=\"Escrito por\" \/>\n\t<meta name=\"twitter:data1\" content=\"Exc\u00e9lsior\" \/>\n\t<meta name=\"twitter:label2\" content=\"Tiempo de lectura\" \/>\n\t<meta name=\"twitter:data2\" content=\"2 minutos\" \/>\n<script type=\"application\/ld+json\" class=\"yoast-schema-graph\">{\"@context\":\"https:\\\/\\\/schema.org\",\"@graph\":[{\"@type\":\"Article\",\"@id\":\"https:\\\/\\\/fuentesfidedignas.com.mx\\\/index.php\\\/2023\\\/11\\\/03\\\/video-joven-se-frustra-porque-en-su-primer-dia-de-trabajo-le-dieron-una-hora-de-comida\\\/#article\",\"isPartOf\":{\"@id\":\"https:\\\/\\\/fuentesfidedignas.com.mx\\\/index.php\\\/2023\\\/11\\\/03\\\/video-joven-se-frustra-porque-en-su-primer-dia-de-trabajo-le-dieron-una-hora-de-comida\\\/\"},\"author\":{\"name\":\"Exc\u00e9lsior\",\"@id\":\"https:\\\/\\\/fuentesfidedignas.com.mx\\\/#\\\/schema\\\/person\\\/ec4edd1fbf5efa3e44fce34fe2787780\"},\"headline\":\"VIDEO: joven &#8220;se frustra&#8221; porque en su primer d\u00eda de trabajo le dieron una hora de comida\",\"datePublished\":\"2023-11-03T12:03:29+00:00\",\"mainEntityOfPage\":{\"@id\":\"https:\\\/\\\/fuentesfidedignas.com.mx\\\/index.php\\\/2023\\\/11\\\/03\\\/video-joven-se-frustra-porque-en-su-primer-dia-de-trabajo-le-dieron-una-hora-de-comida\\\/\"},\"wordCount\":392,\"commentCount\":0,\"publisher\":{\"@id\":\"https:\\\/\\\/fuentesfidedignas.com.mx\\\/#organization\"},\"image\":{\"@id\":\"https:\\\/\\\/fuentesfidedignas.com.mx\\\/index.php\\\/2023\\\/11\\\/03\\\/video-joven-se-frustra-porque-en-su-primer-dia-de-trabajo-le-dieron-una-hora-de-comida\\\/#primaryimage\"},\"thumbnailUrl\":\"https:\\\/\\\/fuentesfidedignas.com.mx\\\/wp-content\\\/uploads\\\/2023\\\/11\\\/TIK_COMIDA.jpg\",\"articleSection\":[\"LAS ASOMBROSAS\"],\"inLanguage\":\"es\",\"potentialAction\":[{\"@type\":\"CommentAction\",\"name\":\"Comment\",\"target\":[\"https:\\\/\\\/fuentesfidedignas.com.mx\\\/index.php\\\/2023\\\/11\\\/03\\\/video-joven-se-frustra-porque-en-su-primer-dia-de-trabajo-le-dieron-una-hora-de-comida\\\/#respond\"]}]},{\"@type\":\"WebPage\",\"@id\":\"https:\\\/\\\/fuentesfidedignas.com.mx\\\/index.php\\\/2023\\\/11\\\/03\\\/video-joven-se-frustra-porque-en-su-primer-dia-de-trabajo-le-dieron-una-hora-de-comida\\\/\",\"url\":\"https:\\\/\\\/fuentesfidedignas.com.mx\\\/index.php\\\/2023\\\/11\\\/03\\\/video-joven-se-frustra-porque-en-su-primer-dia-de-trabajo-le-dieron-una-hora-de-comida\\\/\",\"name\":\"VIDEO: joven \\\"se frustra\\\" porque en su primer d\u00eda de trabajo le dieron una hora de comida - Fuentes Fidedignas\",\"isPartOf\":{\"@id\":\"https:\\\/\\\/fuentesfidedignas.com.mx\\\/#website\"},\"primaryImageOfPage\":{\"@id\":\"https:\\\/\\\/fuentesfidedignas.com.mx\\\/index.php\\\/2023\\\/11\\\/03\\\/video-joven-se-frustra-porque-en-su-primer-dia-de-trabajo-le-dieron-una-hora-de-comida\\\/#primaryimage\"},\"image\":{\"@id\":\"https:\\\/\\\/fuentesfidedignas.com.mx\\\/index.php\\\/2023\\\/11\\\/03\\\/video-joven-se-frustra-porque-en-su-primer-dia-de-trabajo-le-dieron-una-hora-de-comida\\\/#primaryimage\"},\"thumbnailUrl\":\"https:\\\/\\\/fuentesfidedignas.com.mx\\\/wp-content\\\/uploads\\\/2023\\\/11\\\/TIK_COMIDA.jpg\",\"datePublished\":\"2023-11-03T12:03:29+00:00\",\"breadcrumb\":{\"@id\":\"https:\\\/\\\/fuentesfidedignas.com.mx\\\/index.php\\\/2023\\\/11\\\/03\\\/video-joven-se-frustra-porque-en-su-primer-dia-de-trabajo-le-dieron-una-hora-de-comida\\\/#breadcrumb\"},\"inLanguage\":\"es\",\"potentialAction\":[{\"@type\":\"ReadAction\",\"target\":[\"https:\\\/\\\/fuentesfidedignas.com.mx\\\/index.php\\\/2023\\\/11\\\/03\\\/video-joven-se-frustra-porque-en-su-primer-dia-de-trabajo-le-dieron-una-hora-de-comida\\\/\"]}]},{\"@type\":\"ImageObject\",\"inLanguage\":\"es\",\"@id\":\"https:\\\/\\\/fuentesfidedignas.com.mx\\\/index.php\\\/2023\\\/11\\\/03\\\/video-joven-se-frustra-porque-en-su-primer-dia-de-trabajo-le-dieron-una-hora-de-comida\\\/#primaryimage\",\"url\":\"https:\\\/\\\/fuentesfidedignas.com.mx\\\/wp-content\\\/uploads\\\/2023\\\/11\\\/TIK_COMIDA.jpg\",\"contentUrl\":\"https:\\\/\\\/fuentesfidedignas.com.mx\\\/wp-content\\\/uploads\\\/2023\\\/11\\\/TIK_COMIDA.jpg\",\"width\":800,\"height\":600},{\"@type\":\"BreadcrumbList\",\"@id\":\"https:\\\/\\\/fuentesfidedignas.com.mx\\\/index.php\\\/2023\\\/11\\\/03\\\/video-joven-se-frustra-porque-en-su-primer-dia-de-trabajo-le-dieron-una-hora-de-comida\\\/#breadcrumb\",\"itemListElement\":[{\"@type\":\"ListItem\",\"position\":1,\"name\":\"Inicio\",\"item\":\"https:\\\/\\\/fuentesfidedignas.com.mx\\\/\"},{\"@type\":\"ListItem\",\"position\":2,\"name\":\"VIDEO: joven &#8220;se frustra&#8221; porque en su primer d\u00eda de trabajo le dieron una hora de comida\"}]},{\"@type\":\"WebSite\",\"@id\":\"https:\\\/\\\/fuentesfidedignas.com.mx\\\/#website\",\"url\":\"https:\\\/\\\/fuentesfidedignas.com.mx\\\/\",\"name\":\"Fuentes Fidedignas\",\"description\":\"Otro sitio realizado con WordPress\",\"publisher\":{\"@id\":\"https:\\\/\\\/fuentesfidedignas.com.mx\\\/#organization\"},\"potentialAction\":[{\"@type\":\"SearchAction\",\"target\":{\"@type\":\"EntryPoint\",\"urlTemplate\":\"https:\\\/\\\/fuentesfidedignas.com.mx\\\/?s={search_term_string}\"},\"query-input\":{\"@type\":\"PropertyValueSpecification\",\"valueRequired\":true,\"valueName\":\"search_term_string\"}}],\"inLanguage\":\"es\"},{\"@type\":\"Organization\",\"@id\":\"https:\\\/\\\/fuentesfidedignas.com.mx\\\/#organization\",\"name\":\"Fuentes Fidedignas\",\"url\":\"https:\\\/\\\/fuentesfidedignas.com.mx\\\/\",\"logo\":{\"@type\":\"ImageObject\",\"inLanguage\":\"es\",\"@id\":\"https:\\\/\\\/fuentesfidedignas.com.mx\\\/#\\\/schema\\\/logo\\\/image\\\/\",\"url\":\"https:\\\/\\\/fuentesfidedignas.com.mx\\\/wp-content\\\/uploads\\\/2021\\\/04\\\/logo-retina.png\",\"contentUrl\":\"https:\\\/\\\/fuentesfidedignas.com.mx\\\/wp-content\\\/uploads\\\/2021\\\/04\\\/logo-retina.png\",\"width\":280,\"height\":51,\"caption\":\"Fuentes Fidedignas\"},\"image\":{\"@id\":\"https:\\\/\\\/fuentesfidedignas.com.mx\\\/#\\\/schema\\\/logo\\\/image\\\/\"},\"sameAs\":[\"https:\\\/\\\/www.facebook.com\\\/Fuentes-Fidedignas-368234489921644\",\"https:\\\/\\\/x.com\\\/fidedignas\"]},{\"@type\":\"Person\",\"@id\":\"https:\\\/\\\/fuentesfidedignas.com.mx\\\/#\\\/schema\\\/person\\\/ec4edd1fbf5efa3e44fce34fe2787780\",\"name\":\"Exc\u00e9lsior\",\"image\":{\"@type\":\"ImageObject\",\"inLanguage\":\"es\",\"@id\":\"https:\\\/\\\/secure.gravatar.com\\\/avatar\\\/4b7ee9206b48be08447852b3f0814dbc7c0f3b51541b164f1464a2725614020b?s=96&d=mm&r=g\",\"url\":\"https:\\\/\\\/secure.gravatar.com\\\/avatar\\\/4b7ee9206b48be08447852b3f0814dbc7c0f3b51541b164f1464a2725614020b?s=96&d=mm&r=g\",\"contentUrl\":\"https:\\\/\\\/secure.gravatar.com\\\/avatar\\\/4b7ee9206b48be08447852b3f0814dbc7c0f3b51541b164f1464a2725614020b?s=96&d=mm&r=g\",\"caption\":\"Exc\u00e9lsior\"},\"url\":\"https:\\\/\\\/fuentesfidedignas.com.mx\\\/index.php\\\/author\\\/excelsior\\\/\"}]}<\/script>\n<!-- \/ Yoast SEO plugin. -->","yoast_head_json":{"title":"VIDEO: joven \"se frustra\" porque en su primer d\u00eda de trabajo le dieron una hora de comida - Fuentes Fidedignas","robots":{"index":"index","follow":"follow","max-snippet":"max-snippet:-1","max-image-preview":"max-image-preview:large","max-video-preview":"max-video-preview:-1"},"canonical":"https:\/\/fuentesfidedignas.com.mx\/index.php\/2023\/11\/03\/video-joven-se-frustra-porque-en-su-primer-dia-de-trabajo-le-dieron-una-hora-de-comida\/","og_locale":"es_MX","og_type":"article","og_title":"VIDEO: joven \"se frustra\" porque en su primer d\u00eda de trabajo le dieron una hora de comida - Fuentes Fidedignas","og_description":"El clip cuenta con miles de reproducciones y algunos usuarios le han comentado &#8220;bienvenida a la vida laboral&#8221;. A trav\u00e9s de su cuenta de TikTok, la usuaria colombiana @ornela.cabezasss comparti\u00f3 un video en el que se queja de su primer d\u00eda en el trabajo y comparte detalles de su experiencia los cuales la hicieron frustrante. [&hellip;]","og_url":"https:\/\/fuentesfidedignas.com.mx\/index.php\/2023\/11\/03\/video-joven-se-frustra-porque-en-su-primer-dia-de-trabajo-le-dieron-una-hora-de-comida\/","og_site_name":"Fuentes Fidedignas","article_publisher":"https:\/\/www.facebook.com\/Fuentes-Fidedignas-368234489921644","article_published_time":"2023-11-03T12:03:29+00:00","og_image":[{"width":800,"height":600,"url":"https:\/\/fuentesfidedignas.com.mx\/wp-content\/uploads\/2023\/11\/TIK_COMIDA.jpg","type":"image\/jpeg"}],"author":"Exc\u00e9lsior","twitter_card":"summary_large_image","twitter_creator":"@fidedignas","twitter_site":"@fidedignas","twitter_misc":{"Escrito por":"Exc\u00e9lsior","Tiempo de lectura":"2 minutos"},"schema":{"@context":"https:\/\/schema.org","@graph":[{"@type":"Article","@id":"https:\/\/fuentesfidedignas.com.mx\/index.php\/2023\/11\/03\/video-joven-se-frustra-porque-en-su-primer-dia-de-trabajo-le-dieron-una-hora-de-comida\/#article","isPartOf":{"@id":"https:\/\/fuentesfidedignas.com.mx\/index.php\/2023\/11\/03\/video-joven-se-frustra-porque-en-su-primer-dia-de-trabajo-le-dieron-una-hora-de-comida\/"},"author":{"name":"Exc\u00e9lsior","@id":"https:\/\/fuentesfidedignas.com.mx\/#\/schema\/person\/ec4edd1fbf5efa3e44fce34fe2787780"},"headline":"VIDEO: joven &#8220;se frustra&#8221; porque en su primer d\u00eda de trabajo le dieron una hora de comida","datePublished":"2023-11-03T12:03:29+00:00","mainEntityOfPage":{"@id":"https:\/\/fuentesfidedignas.com.mx\/index.php\/2023\/11\/03\/video-joven-se-frustra-porque-en-su-primer-dia-de-trabajo-le-dieron-una-hora-de-comida\/"},"wordCount":392,"commentCount":0,"publisher":{"@id":"https:\/\/fuentesfidedignas.com.mx\/#organization"},"image":{"@id":"https:\/\/fuentesfidedignas.com.mx\/index.php\/2023\/11\/03\/video-joven-se-frustra-porque-en-su-primer-dia-de-trabajo-le-dieron-una-hora-de-comida\/#primaryimage"},"thumbnailUrl":"https:\/\/fuentesfidedignas.com.mx\/wp-content\/uploads\/2023\/11\/TIK_COMIDA.jpg","articleSection":["LAS ASOMBROSAS"],"inLanguage":"es","potentialAction":[{"@type":"CommentAction","name":"Comment","target":["https:\/\/fuentesfidedignas.com.mx\/index.php\/2023\/11\/03\/video-joven-se-frustra-porque-en-su-primer-dia-de-trabajo-le-dieron-una-hora-de-comida\/#respond"]}]},{"@type":"WebPage","@id":"https:\/\/fuentesfidedignas.com.mx\/index.php\/2023\/11\/03\/video-joven-se-frustra-porque-en-su-primer-dia-de-trabajo-le-dieron-una-hora-de-comida\/","url":"https:\/\/fuentesfidedignas.com.mx\/index.php\/2023\/11\/03\/video-joven-se-frustra-porque-en-su-primer-dia-de-trabajo-le-dieron-una-hora-de-comida\/","name":"VIDEO: joven \"se frustra\" porque en su primer d\u00eda de trabajo le dieron una hora de comida - Fuentes Fidedignas","isPartOf":{"@id":"https:\/\/fuentesfidedignas.com.mx\/#website"},"primaryImageOfPage":{"@id":"https:\/\/fuentesfidedignas.com.mx\/index.php\/2023\/11\/03\/video-joven-se-frustra-porque-en-su-primer-dia-de-trabajo-le-dieron-una-hora-de-comida\/#primaryimage"},"image":{"@id":"https:\/\/fuentesfidedignas.com.mx\/index.php\/2023\/11\/03\/video-joven-se-frustra-porque-en-su-primer-dia-de-trabajo-le-dieron-una-hora-de-comida\/#primaryimage"},"thumbnailUrl":"https:\/\/fuentesfidedignas.com.mx\/wp-content\/uploads\/2023\/11\/TIK_COMIDA.jpg","datePublished":"2023-11-03T12:03:29+00:00","breadcrumb":{"@id":"https:\/\/fuentesfidedignas.com.mx\/index.php\/2023\/11\/03\/video-joven-se-frustra-porque-en-su-primer-dia-de-trabajo-le-dieron-una-hora-de-comida\/#breadcrumb"},"inLanguage":"es","potentialAction":[{"@type":"ReadAction","target":["https:\/\/fuentesfidedignas.com.mx\/index.php\/2023\/11\/03\/video-joven-se-frustra-porque-en-su-primer-dia-de-trabajo-le-dieron-una-hora-de-comida\/"]}]},{"@type":"ImageObject","inLanguage":"es","@id":"https:\/\/fuentesfidedignas.com.mx\/index.php\/2023\/11\/03\/video-joven-se-frustra-porque-en-su-primer-dia-de-trabajo-le-dieron-una-hora-de-comida\/#primaryimage","url":"https:\/\/fuentesfidedignas.com.mx\/wp-content\/uploads\/2023\/11\/TIK_COMIDA.jpg","contentUrl":"https:\/\/fuentesfidedignas.com.mx\/wp-content\/uploads\/2023\/11\/TIK_COMIDA.jpg","width":800,"height":600},{"@type":"BreadcrumbList","@id":"https:\/\/fuentesfidedignas.com.mx\/index.php\/2023\/11\/03\/video-joven-se-frustra-porque-en-su-primer-dia-de-trabajo-le-dieron-una-hora-de-comida\/#breadcrumb","itemListElement":[{"@type":"ListItem","position":1,"name":"Inicio","item":"https:\/\/fuentesfidedignas.com.mx\/"},{"@type":"ListItem","position":2,"name":"VIDEO: joven &#8220;se frustra&#8221; porque en su primer d\u00eda de trabajo le dieron una hora de comida"}]},{"@type":"WebSite","@id":"https:\/\/fuentesfidedignas.com.mx\/#website","url":"https:\/\/fuentesfidedignas.com.mx\/","name":"Fuentes Fidedignas","description":"Otro sitio realizado con WordPress","publisher":{"@id":"https:\/\/fuentesfidedignas.com.mx\/#organization"},"potentialAction":[{"@type":"SearchAction","target":{"@type":"EntryPoint","urlTemplate":"https:\/\/fuentesfidedignas.com.mx\/?s={search_term_string}"},"query-input":{"@type":"PropertyValueSpecification","valueRequired":true,"valueName":"search_term_string"}}],"inLanguage":"es"},{"@type":"Organization","@id":"https:\/\/fuentesfidedignas.com.mx\/#organization","name":"Fuentes Fidedignas","url":"https:\/\/fuentesfidedignas.com.mx\/","logo":{"@type":"ImageObject","inLanguage":"es","@id":"https:\/\/fuentesfidedignas.com.mx\/#\/schema\/logo\/image\/","url":"https:\/\/fuentesfidedignas.com.mx\/wp-content\/uploads\/2021\/04\/logo-retina.png","contentUrl":"https:\/\/fuentesfidedignas.com.mx\/wp-content\/uploads\/2021\/04\/logo-retina.png","width":280,"height":51,"caption":"Fuentes Fidedignas"},"image":{"@id":"https:\/\/fuentesfidedignas.com.mx\/#\/schema\/logo\/image\/"},"sameAs":["https:\/\/www.facebook.com\/Fuentes-Fidedignas-368234489921644","https:\/\/x.com\/fidedignas"]},{"@type":"Person","@id":"https:\/\/fuentesfidedignas.com.mx\/#\/schema\/person\/ec4edd1fbf5efa3e44fce34fe2787780","name":"Exc\u00e9lsior","image":{"@type":"ImageObject","inLanguage":"es","@id":"https:\/\/secure.gravatar.com\/avatar\/4b7ee9206b48be08447852b3f0814dbc7c0f3b51541b164f1464a2725614020b?s=96&d=mm&r=g","url":"https:\/\/secure.gravatar.com\/avatar\/4b7ee9206b48be08447852b3f0814dbc7c0f3b51541b164f1464a2725614020b?s=96&d=mm&r=g","contentUrl":"https:\/\/secure.gravatar.com\/avatar\/4b7ee9206b48be08447852b3f0814dbc7c0f3b51541b164f1464a2725614020b?s=96&d=mm&r=g","caption":"Exc\u00e9lsior"},"url":"https:\/\/fuentesfidedignas.com.mx\/index.php\/author\/excelsior\/"}]}},"_links":{"self":[{"href":"https:\/\/fuentesfidedignas.com.mx\/index.php\/wp-json\/wp\/v2\/posts\/64554","targetHints":{"allow":["GET"]}}],"collection":[{"href":"https:\/\/fuentesfidedignas.com.mx\/index.php\/wp-json\/wp\/v2\/posts"}],"about":[{"href":"https:\/\/fuentesfidedignas.com.mx\/index.php\/wp-json\/wp\/v2\/types\/post"}],"author":[{"embeddable":true,"href":"https:\/\/fuentesfidedignas.com.mx\/index.php\/wp-json\/wp\/v2\/users\/7"}],"replies":[{"embeddable":true,"href":"https:\/\/fuentesfidedignas.com.mx\/index.php\/wp-json\/wp\/v2\/comments?post=64554"}],"version-history":[{"count":1,"href":"https:\/\/fuentesfidedignas.com.mx\/index.php\/wp-json\/wp\/v2\/posts\/64554\/revisions"}],"predecessor-version":[{"id":64558,"href":"https:\/\/fuentesfidedignas.com.mx\/index.php\/wp-json\/wp\/v2\/posts\/64554\/revisions\/64558"}],"wp:featuredmedia":[{"embeddable":true,"href":"https:\/\/fuentesfidedignas.com.mx\/index.php\/wp-json\/wp\/v2\/media\/64557"}],"wp:attachment":[{"href":"https:\/\/fuentesfidedignas.com.mx\/index.php\/wp-json\/wp\/v2\/media?parent=64554"}],"wp:term":[{"taxonomy":"category","embeddable":true,"href":"https:\/\/fuentesfidedignas.com.mx\/index.php\/wp-json\/wp\/v2\/categories?post=64554"},{"taxonomy":"post_tag","embeddable":true,"href":"https:\/\/fuentesfidedignas.com.mx\/index.php\/wp-json\/wp\/v2\/tags?post=64554"}],"curies":[{"name":"wp","href":"https:\/\/api.w.org\/{rel}","templated":true}]}}