{"id":64529,"date":"2023-11-02T12:45:52","date_gmt":"2023-11-02T19:45:52","guid":{"rendered":"https:\/\/fuentesfidedignas.com.mx\/?p=64529"},"modified":"2023-11-02T12:48:20","modified_gmt":"2023-11-02T19:48:20","slug":"reflexiones-sobre-la-alienacion-cultural-en-los-jovenes","status":"publish","type":"post","link":"https:\/\/fuentesfidedignas.com.mx\/index.php\/2023\/11\/02\/reflexiones-sobre-la-alienacion-cultural-en-los-jovenes\/","title":{"rendered":"Reflexiones sobre la alienaci\u00f3n cultural en los j\u00f3venes"},"content":{"rendered":"\n<p>Nutriendo la mente<\/p>\n\n\n\n<p>Por MC. Horacio de Jes\u00fas Malcampo Moreno<\/p>\n\n\n\n<p>La alienaci\u00f3n cultural en la juventud, nos lleva a explorar una problem\u00e1tica que va m\u00e1s all\u00e1 de una simple desconexi\u00f3n con el entorno cultural.<\/p>\n\n\n\n<p>Este trabajo aborda este tema desde la perspectiva de Rahel Jaeggi, una filosof\u00eda contempor\u00e1nea cuyo enfoque sobre la alienaci\u00f3n destaca que se trata de una distorsi\u00f3n en la capacidad de la voluntad humana para establecer sus propios fines y apropiarse de su entorno cultural.<\/p>\n\n\n\n<p>La alienaci\u00f3n cultural se manifiesta en diversas formas en la juventud. En primer lugar, se puede observar a trav\u00e9s de la desconexi\u00f3n de los j\u00f3venes con sus propias identidades culturales.<\/p>\n\n\n\n<p>En un mundo globalizado, donde las influencias culturales se entrelazan, los j\u00f3venes pueden experimentar una sensaci\u00f3n de p\u00e9rdida de su identidad cultural.<\/p>\n\n\n\n<p>Jaeggi nos recuerda que la alienaci\u00f3n no solo se refiere a la falta de control sobre nuestras vidas, sino tambi\u00e9n a la falta de conexi\u00f3n con nuestras propias identidades, lo que puede llevar a una sensaci\u00f3n de desubicaci\u00f3n y desarraigo.<\/p>\n\n\n\n<p>Adem\u00e1s, la alienaci\u00f3n cultural en los j\u00f3venes puede ser resultado de la mercantilizaci\u00f3n de la cultura. Jaeggi argumenta que la sociedad de consumo puede llevar a la alienaci\u00f3n, ya que las personas son reducidas a meros consumidores, despojados de su autonom\u00eda y capacidad de elecci\u00f3n.<\/p>\n\n\n\n<p>Los j\u00f3venes, al ser bombardeados con mensajes publicitarios y productos culturales, pueden sentirse alienados, atrapados en un ciclo de consumo constante que no satisface sus necesidades m\u00e1s profundas.<\/p>\n\n\n\n<p>La alienaci\u00f3n cultural tambi\u00e9n puede manifestarse en la brecha generacional. Los j\u00f3venes pueden sentirse alienados de las generaciones mayores debido a diferencias en valores, normas y formas de comunicaci\u00f3n.<br>Jaeggi nos insta a considerar c\u00f3mo estas tensiones generacionales pueden aumentar la sensaci\u00f3n de alienaci\u00f3n cultural en los j\u00f3venes.<\/p>\n\n\n\n<p>Es importante reflexionar sobre la desconexi\u00f3n de los j\u00f3venes con sus identidades culturales, la mercantilizaci\u00f3n de la cultura y las tensiones generacionales como fuentes de alienaci\u00f3n.<\/p>\n\n\n\n<p>Abordar estos problemas es esencial para promover la integraci\u00f3n cultural y el bienestar de la juventud en un mundo en constante cambio.<\/p>\n","protected":false},"excerpt":{"rendered":"<p>Nutriendo la mente Por MC. Horacio de Jes\u00fas Malcampo Moreno La alienaci\u00f3n cultural en la juventud, nos lleva a explorar una problem\u00e1tica que va m\u00e1s all\u00e1 de una simple desconexi\u00f3n con el entorno cultural. Este trabajo aborda este tema desde la perspectiva de Rahel Jaeggi, una filosof\u00eda contempor\u00e1nea cuyo enfoque sobre la alienaci\u00f3n destaca que [&hellip;]<\/p>\n","protected":false},"author":146,"featured_media":64531,"comment_status":"open","ping_status":"open","sticky":false,"template":"","format":"standard","meta":{"tdm_status":"","tdm_grid_status":"","footnotes":""},"categories":[3064,3089,1],"tags":[],"class_list":{"0":"post-64529","1":"post","2":"type-post","3":"status-publish","4":"format-standard","5":"has-post-thumbnail","7":"category-columnas","8":"category-nutriendo-la-mente","9":"category-sin-categoria"},"yoast_head":"<!-- This site is optimized with the Yoast SEO plugin v27.5 - https:\/\/yoast.com\/product\/yoast-seo-wordpress\/ -->\n<title>Reflexiones sobre la alienaci\u00f3n cultural en los j\u00f3venes - Fuentes Fidedignas<\/title>\n<meta name=\"robots\" content=\"index, follow, max-snippet:-1, max-image-preview:large, max-video-preview:-1\" \/>\n<link rel=\"canonical\" href=\"https:\/\/fuentesfidedignas.com.mx\/index.php\/2023\/11\/02\/reflexiones-sobre-la-alienacion-cultural-en-los-jovenes\/\" \/>\n<meta property=\"og:locale\" content=\"es_MX\" \/>\n<meta property=\"og:type\" content=\"article\" \/>\n<meta property=\"og:title\" content=\"Reflexiones sobre la alienaci\u00f3n cultural en los j\u00f3venes - Fuentes Fidedignas\" \/>\n<meta property=\"og:description\" content=\"Nutriendo la mente Por MC. Horacio de Jes\u00fas Malcampo Moreno La alienaci\u00f3n cultural en la juventud, nos lleva a explorar una problem\u00e1tica que va m\u00e1s all\u00e1 de una simple desconexi\u00f3n con el entorno cultural. Este trabajo aborda este tema desde la perspectiva de Rahel Jaeggi, una filosof\u00eda contempor\u00e1nea cuyo enfoque sobre la alienaci\u00f3n destaca que [&hellip;]\" \/>\n<meta property=\"og:url\" content=\"https:\/\/fuentesfidedignas.com.mx\/index.php\/2023\/11\/02\/reflexiones-sobre-la-alienacion-cultural-en-los-jovenes\/\" \/>\n<meta property=\"og:site_name\" content=\"Fuentes Fidedignas\" \/>\n<meta property=\"article:publisher\" content=\"https:\/\/www.facebook.com\/Fuentes-Fidedignas-368234489921644\" \/>\n<meta property=\"article:published_time\" content=\"2023-11-02T19:45:52+00:00\" \/>\n<meta property=\"article:modified_time\" content=\"2023-11-02T19:48:20+00:00\" \/>\n<meta property=\"og:image\" content=\"https:\/\/fuentesfidedignas.com.mx\/wp-content\/uploads\/2023\/11\/IMG_3427-1068x1211-1.jpg\" \/>\n\t<meta property=\"og:image:width\" content=\"1068\" \/>\n\t<meta property=\"og:image:height\" content=\"1211\" \/>\n\t<meta property=\"og:image:type\" content=\"image\/jpeg\" \/>\n<meta name=\"author\" content=\"Mtro. Horacio de Jes\u00fas Malcampo Moreno\" \/>\n<meta name=\"twitter:card\" content=\"summary_large_image\" \/>\n<meta name=\"twitter:creator\" content=\"@fidedignas\" \/>\n<meta name=\"twitter:site\" content=\"@fidedignas\" \/>\n<meta name=\"twitter:label1\" content=\"Escrito por\" \/>\n\t<meta name=\"twitter:data1\" content=\"Mtro. Horacio de Jes\u00fas Malcampo Moreno\" \/>\n\t<meta name=\"twitter:label2\" content=\"Tiempo de lectura\" \/>\n\t<meta name=\"twitter:data2\" content=\"2 minutos\" \/>\n<script type=\"application\/ld+json\" class=\"yoast-schema-graph\">{\"@context\":\"https:\\\/\\\/schema.org\",\"@graph\":[{\"@type\":\"Article\",\"@id\":\"https:\\\/\\\/fuentesfidedignas.com.mx\\\/index.php\\\/2023\\\/11\\\/02\\\/reflexiones-sobre-la-alienacion-cultural-en-los-jovenes\\\/#article\",\"isPartOf\":{\"@id\":\"https:\\\/\\\/fuentesfidedignas.com.mx\\\/index.php\\\/2023\\\/11\\\/02\\\/reflexiones-sobre-la-alienacion-cultural-en-los-jovenes\\\/\"},\"author\":{\"name\":\"Mtro. Horacio de Jes\u00fas Malcampo Moreno\",\"@id\":\"https:\\\/\\\/fuentesfidedignas.com.mx\\\/#\\\/schema\\\/person\\\/3f687c55082c557a647c7836bde45728\"},\"headline\":\"Reflexiones sobre la alienaci\u00f3n cultural en los j\u00f3venes\",\"datePublished\":\"2023-11-02T19:45:52+00:00\",\"dateModified\":\"2023-11-02T19:48:20+00:00\",\"mainEntityOfPage\":{\"@id\":\"https:\\\/\\\/fuentesfidedignas.com.mx\\\/index.php\\\/2023\\\/11\\\/02\\\/reflexiones-sobre-la-alienacion-cultural-en-los-jovenes\\\/\"},\"wordCount\":392,\"commentCount\":0,\"publisher\":{\"@id\":\"https:\\\/\\\/fuentesfidedignas.com.mx\\\/#organization\"},\"image\":{\"@id\":\"https:\\\/\\\/fuentesfidedignas.com.mx\\\/index.php\\\/2023\\\/11\\\/02\\\/reflexiones-sobre-la-alienacion-cultural-en-los-jovenes\\\/#primaryimage\"},\"thumbnailUrl\":\"https:\\\/\\\/fuentesfidedignas.com.mx\\\/wp-content\\\/uploads\\\/2023\\\/11\\\/IMG_3427-1068x1211-1.jpg\",\"articleSection\":[\"COLUMNAS\",\"NUTRIENDO LA MENTE\"],\"inLanguage\":\"es\",\"potentialAction\":[{\"@type\":\"CommentAction\",\"name\":\"Comment\",\"target\":[\"https:\\\/\\\/fuentesfidedignas.com.mx\\\/index.php\\\/2023\\\/11\\\/02\\\/reflexiones-sobre-la-alienacion-cultural-en-los-jovenes\\\/#respond\"]}]},{\"@type\":\"WebPage\",\"@id\":\"https:\\\/\\\/fuentesfidedignas.com.mx\\\/index.php\\\/2023\\\/11\\\/02\\\/reflexiones-sobre-la-alienacion-cultural-en-los-jovenes\\\/\",\"url\":\"https:\\\/\\\/fuentesfidedignas.com.mx\\\/index.php\\\/2023\\\/11\\\/02\\\/reflexiones-sobre-la-alienacion-cultural-en-los-jovenes\\\/\",\"name\":\"Reflexiones sobre la alienaci\u00f3n cultural en los j\u00f3venes - Fuentes Fidedignas\",\"isPartOf\":{\"@id\":\"https:\\\/\\\/fuentesfidedignas.com.mx\\\/#website\"},\"primaryImageOfPage\":{\"@id\":\"https:\\\/\\\/fuentesfidedignas.com.mx\\\/index.php\\\/2023\\\/11\\\/02\\\/reflexiones-sobre-la-alienacion-cultural-en-los-jovenes\\\/#primaryimage\"},\"image\":{\"@id\":\"https:\\\/\\\/fuentesfidedignas.com.mx\\\/index.php\\\/2023\\\/11\\\/02\\\/reflexiones-sobre-la-alienacion-cultural-en-los-jovenes\\\/#primaryimage\"},\"thumbnailUrl\":\"https:\\\/\\\/fuentesfidedignas.com.mx\\\/wp-content\\\/uploads\\\/2023\\\/11\\\/IMG_3427-1068x1211-1.jpg\",\"datePublished\":\"2023-11-02T19:45:52+00:00\",\"dateModified\":\"2023-11-02T19:48:20+00:00\",\"breadcrumb\":{\"@id\":\"https:\\\/\\\/fuentesfidedignas.com.mx\\\/index.php\\\/2023\\\/11\\\/02\\\/reflexiones-sobre-la-alienacion-cultural-en-los-jovenes\\\/#breadcrumb\"},\"inLanguage\":\"es\",\"potentialAction\":[{\"@type\":\"ReadAction\",\"target\":[\"https:\\\/\\\/fuentesfidedignas.com.mx\\\/index.php\\\/2023\\\/11\\\/02\\\/reflexiones-sobre-la-alienacion-cultural-en-los-jovenes\\\/\"]}]},{\"@type\":\"ImageObject\",\"inLanguage\":\"es\",\"@id\":\"https:\\\/\\\/fuentesfidedignas.com.mx\\\/index.php\\\/2023\\\/11\\\/02\\\/reflexiones-sobre-la-alienacion-cultural-en-los-jovenes\\\/#primaryimage\",\"url\":\"https:\\\/\\\/fuentesfidedignas.com.mx\\\/wp-content\\\/uploads\\\/2023\\\/11\\\/IMG_3427-1068x1211-1.jpg\",\"contentUrl\":\"https:\\\/\\\/fuentesfidedignas.com.mx\\\/wp-content\\\/uploads\\\/2023\\\/11\\\/IMG_3427-1068x1211-1.jpg\",\"width\":1068,\"height\":1211},{\"@type\":\"BreadcrumbList\",\"@id\":\"https:\\\/\\\/fuentesfidedignas.com.mx\\\/index.php\\\/2023\\\/11\\\/02\\\/reflexiones-sobre-la-alienacion-cultural-en-los-jovenes\\\/#breadcrumb\",\"itemListElement\":[{\"@type\":\"ListItem\",\"position\":1,\"name\":\"Inicio\",\"item\":\"https:\\\/\\\/fuentesfidedignas.com.mx\\\/\"},{\"@type\":\"ListItem\",\"position\":2,\"name\":\"Reflexiones sobre la alienaci\u00f3n cultural en los j\u00f3venes\"}]},{\"@type\":\"WebSite\",\"@id\":\"https:\\\/\\\/fuentesfidedignas.com.mx\\\/#website\",\"url\":\"https:\\\/\\\/fuentesfidedignas.com.mx\\\/\",\"name\":\"Fuentes Fidedignas\",\"description\":\"Otro sitio realizado con WordPress\",\"publisher\":{\"@id\":\"https:\\\/\\\/fuentesfidedignas.com.mx\\\/#organization\"},\"potentialAction\":[{\"@type\":\"SearchAction\",\"target\":{\"@type\":\"EntryPoint\",\"urlTemplate\":\"https:\\\/\\\/fuentesfidedignas.com.mx\\\/?s={search_term_string}\"},\"query-input\":{\"@type\":\"PropertyValueSpecification\",\"valueRequired\":true,\"valueName\":\"search_term_string\"}}],\"inLanguage\":\"es\"},{\"@type\":\"Organization\",\"@id\":\"https:\\\/\\\/fuentesfidedignas.com.mx\\\/#organization\",\"name\":\"Fuentes Fidedignas\",\"url\":\"https:\\\/\\\/fuentesfidedignas.com.mx\\\/\",\"logo\":{\"@type\":\"ImageObject\",\"inLanguage\":\"es\",\"@id\":\"https:\\\/\\\/fuentesfidedignas.com.mx\\\/#\\\/schema\\\/logo\\\/image\\\/\",\"url\":\"https:\\\/\\\/fuentesfidedignas.com.mx\\\/wp-content\\\/uploads\\\/2021\\\/04\\\/logo-retina.png\",\"contentUrl\":\"https:\\\/\\\/fuentesfidedignas.com.mx\\\/wp-content\\\/uploads\\\/2021\\\/04\\\/logo-retina.png\",\"width\":280,\"height\":51,\"caption\":\"Fuentes Fidedignas\"},\"image\":{\"@id\":\"https:\\\/\\\/fuentesfidedignas.com.mx\\\/#\\\/schema\\\/logo\\\/image\\\/\"},\"sameAs\":[\"https:\\\/\\\/www.facebook.com\\\/Fuentes-Fidedignas-368234489921644\",\"https:\\\/\\\/x.com\\\/fidedignas\"]},{\"@type\":\"Person\",\"@id\":\"https:\\\/\\\/fuentesfidedignas.com.mx\\\/#\\\/schema\\\/person\\\/3f687c55082c557a647c7836bde45728\",\"name\":\"Mtro. Horacio de Jes\u00fas Malcampo Moreno\",\"image\":{\"@type\":\"ImageObject\",\"inLanguage\":\"es\",\"@id\":\"https:\\\/\\\/secure.gravatar.com\\\/avatar\\\/21fd667a5b9de079d383e44390566d4c728a6ce47b9b5e8419c61f1b793461ac?s=96&d=mm&r=g\",\"url\":\"https:\\\/\\\/secure.gravatar.com\\\/avatar\\\/21fd667a5b9de079d383e44390566d4c728a6ce47b9b5e8419c61f1b793461ac?s=96&d=mm&r=g\",\"contentUrl\":\"https:\\\/\\\/secure.gravatar.com\\\/avatar\\\/21fd667a5b9de079d383e44390566d4c728a6ce47b9b5e8419c61f1b793461ac?s=96&d=mm&r=g\",\"caption\":\"Mtro. Horacio de Jes\u00fas Malcampo Moreno\"},\"url\":\"https:\\\/\\\/fuentesfidedignas.com.mx\\\/index.php\\\/author\\\/horacio\\\/\"}]}<\/script>\n<!-- \/ Yoast SEO plugin. -->","yoast_head_json":{"title":"Reflexiones sobre la alienaci\u00f3n cultural en los j\u00f3venes - Fuentes Fidedignas","robots":{"index":"index","follow":"follow","max-snippet":"max-snippet:-1","max-image-preview":"max-image-preview:large","max-video-preview":"max-video-preview:-1"},"canonical":"https:\/\/fuentesfidedignas.com.mx\/index.php\/2023\/11\/02\/reflexiones-sobre-la-alienacion-cultural-en-los-jovenes\/","og_locale":"es_MX","og_type":"article","og_title":"Reflexiones sobre la alienaci\u00f3n cultural en los j\u00f3venes - Fuentes Fidedignas","og_description":"Nutriendo la mente Por MC. Horacio de Jes\u00fas Malcampo Moreno La alienaci\u00f3n cultural en la juventud, nos lleva a explorar una problem\u00e1tica que va m\u00e1s all\u00e1 de una simple desconexi\u00f3n con el entorno cultural. Este trabajo aborda este tema desde la perspectiva de Rahel Jaeggi, una filosof\u00eda contempor\u00e1nea cuyo enfoque sobre la alienaci\u00f3n destaca que [&hellip;]","og_url":"https:\/\/fuentesfidedignas.com.mx\/index.php\/2023\/11\/02\/reflexiones-sobre-la-alienacion-cultural-en-los-jovenes\/","og_site_name":"Fuentes Fidedignas","article_publisher":"https:\/\/www.facebook.com\/Fuentes-Fidedignas-368234489921644","article_published_time":"2023-11-02T19:45:52+00:00","article_modified_time":"2023-11-02T19:48:20+00:00","og_image":[{"width":1068,"height":1211,"url":"https:\/\/fuentesfidedignas.com.mx\/wp-content\/uploads\/2023\/11\/IMG_3427-1068x1211-1.jpg","type":"image\/jpeg"}],"author":"Mtro. Horacio de Jes\u00fas Malcampo Moreno","twitter_card":"summary_large_image","twitter_creator":"@fidedignas","twitter_site":"@fidedignas","twitter_misc":{"Escrito por":"Mtro. Horacio de Jes\u00fas Malcampo Moreno","Tiempo de lectura":"2 minutos"},"schema":{"@context":"https:\/\/schema.org","@graph":[{"@type":"Article","@id":"https:\/\/fuentesfidedignas.com.mx\/index.php\/2023\/11\/02\/reflexiones-sobre-la-alienacion-cultural-en-los-jovenes\/#article","isPartOf":{"@id":"https:\/\/fuentesfidedignas.com.mx\/index.php\/2023\/11\/02\/reflexiones-sobre-la-alienacion-cultural-en-los-jovenes\/"},"author":{"name":"Mtro. Horacio de Jes\u00fas Malcampo Moreno","@id":"https:\/\/fuentesfidedignas.com.mx\/#\/schema\/person\/3f687c55082c557a647c7836bde45728"},"headline":"Reflexiones sobre la alienaci\u00f3n cultural en los j\u00f3venes","datePublished":"2023-11-02T19:45:52+00:00","dateModified":"2023-11-02T19:48:20+00:00","mainEntityOfPage":{"@id":"https:\/\/fuentesfidedignas.com.mx\/index.php\/2023\/11\/02\/reflexiones-sobre-la-alienacion-cultural-en-los-jovenes\/"},"wordCount":392,"commentCount":0,"publisher":{"@id":"https:\/\/fuentesfidedignas.com.mx\/#organization"},"image":{"@id":"https:\/\/fuentesfidedignas.com.mx\/index.php\/2023\/11\/02\/reflexiones-sobre-la-alienacion-cultural-en-los-jovenes\/#primaryimage"},"thumbnailUrl":"https:\/\/fuentesfidedignas.com.mx\/wp-content\/uploads\/2023\/11\/IMG_3427-1068x1211-1.jpg","articleSection":["COLUMNAS","NUTRIENDO LA MENTE"],"inLanguage":"es","potentialAction":[{"@type":"CommentAction","name":"Comment","target":["https:\/\/fuentesfidedignas.com.mx\/index.php\/2023\/11\/02\/reflexiones-sobre-la-alienacion-cultural-en-los-jovenes\/#respond"]}]},{"@type":"WebPage","@id":"https:\/\/fuentesfidedignas.com.mx\/index.php\/2023\/11\/02\/reflexiones-sobre-la-alienacion-cultural-en-los-jovenes\/","url":"https:\/\/fuentesfidedignas.com.mx\/index.php\/2023\/11\/02\/reflexiones-sobre-la-alienacion-cultural-en-los-jovenes\/","name":"Reflexiones sobre la alienaci\u00f3n cultural en los j\u00f3venes - Fuentes Fidedignas","isPartOf":{"@id":"https:\/\/fuentesfidedignas.com.mx\/#website"},"primaryImageOfPage":{"@id":"https:\/\/fuentesfidedignas.com.mx\/index.php\/2023\/11\/02\/reflexiones-sobre-la-alienacion-cultural-en-los-jovenes\/#primaryimage"},"image":{"@id":"https:\/\/fuentesfidedignas.com.mx\/index.php\/2023\/11\/02\/reflexiones-sobre-la-alienacion-cultural-en-los-jovenes\/#primaryimage"},"thumbnailUrl":"https:\/\/fuentesfidedignas.com.mx\/wp-content\/uploads\/2023\/11\/IMG_3427-1068x1211-1.jpg","datePublished":"2023-11-02T19:45:52+00:00","dateModified":"2023-11-02T19:48:20+00:00","breadcrumb":{"@id":"https:\/\/fuentesfidedignas.com.mx\/index.php\/2023\/11\/02\/reflexiones-sobre-la-alienacion-cultural-en-los-jovenes\/#breadcrumb"},"inLanguage":"es","potentialAction":[{"@type":"ReadAction","target":["https:\/\/fuentesfidedignas.com.mx\/index.php\/2023\/11\/02\/reflexiones-sobre-la-alienacion-cultural-en-los-jovenes\/"]}]},{"@type":"ImageObject","inLanguage":"es","@id":"https:\/\/fuentesfidedignas.com.mx\/index.php\/2023\/11\/02\/reflexiones-sobre-la-alienacion-cultural-en-los-jovenes\/#primaryimage","url":"https:\/\/fuentesfidedignas.com.mx\/wp-content\/uploads\/2023\/11\/IMG_3427-1068x1211-1.jpg","contentUrl":"https:\/\/fuentesfidedignas.com.mx\/wp-content\/uploads\/2023\/11\/IMG_3427-1068x1211-1.jpg","width":1068,"height":1211},{"@type":"BreadcrumbList","@id":"https:\/\/fuentesfidedignas.com.mx\/index.php\/2023\/11\/02\/reflexiones-sobre-la-alienacion-cultural-en-los-jovenes\/#breadcrumb","itemListElement":[{"@type":"ListItem","position":1,"name":"Inicio","item":"https:\/\/fuentesfidedignas.com.mx\/"},{"@type":"ListItem","position":2,"name":"Reflexiones sobre la alienaci\u00f3n cultural en los j\u00f3venes"}]},{"@type":"WebSite","@id":"https:\/\/fuentesfidedignas.com.mx\/#website","url":"https:\/\/fuentesfidedignas.com.mx\/","name":"Fuentes Fidedignas","description":"Otro sitio realizado con WordPress","publisher":{"@id":"https:\/\/fuentesfidedignas.com.mx\/#organization"},"potentialAction":[{"@type":"SearchAction","target":{"@type":"EntryPoint","urlTemplate":"https:\/\/fuentesfidedignas.com.mx\/?s={search_term_string}"},"query-input":{"@type":"PropertyValueSpecification","valueRequired":true,"valueName":"search_term_string"}}],"inLanguage":"es"},{"@type":"Organization","@id":"https:\/\/fuentesfidedignas.com.mx\/#organization","name":"Fuentes Fidedignas","url":"https:\/\/fuentesfidedignas.com.mx\/","logo":{"@type":"ImageObject","inLanguage":"es","@id":"https:\/\/fuentesfidedignas.com.mx\/#\/schema\/logo\/image\/","url":"https:\/\/fuentesfidedignas.com.mx\/wp-content\/uploads\/2021\/04\/logo-retina.png","contentUrl":"https:\/\/fuentesfidedignas.com.mx\/wp-content\/uploads\/2021\/04\/logo-retina.png","width":280,"height":51,"caption":"Fuentes Fidedignas"},"image":{"@id":"https:\/\/fuentesfidedignas.com.mx\/#\/schema\/logo\/image\/"},"sameAs":["https:\/\/www.facebook.com\/Fuentes-Fidedignas-368234489921644","https:\/\/x.com\/fidedignas"]},{"@type":"Person","@id":"https:\/\/fuentesfidedignas.com.mx\/#\/schema\/person\/3f687c55082c557a647c7836bde45728","name":"Mtro. Horacio de Jes\u00fas Malcampo Moreno","image":{"@type":"ImageObject","inLanguage":"es","@id":"https:\/\/secure.gravatar.com\/avatar\/21fd667a5b9de079d383e44390566d4c728a6ce47b9b5e8419c61f1b793461ac?s=96&d=mm&r=g","url":"https:\/\/secure.gravatar.com\/avatar\/21fd667a5b9de079d383e44390566d4c728a6ce47b9b5e8419c61f1b793461ac?s=96&d=mm&r=g","contentUrl":"https:\/\/secure.gravatar.com\/avatar\/21fd667a5b9de079d383e44390566d4c728a6ce47b9b5e8419c61f1b793461ac?s=96&d=mm&r=g","caption":"Mtro. Horacio de Jes\u00fas Malcampo Moreno"},"url":"https:\/\/fuentesfidedignas.com.mx\/index.php\/author\/horacio\/"}]}},"_links":{"self":[{"href":"https:\/\/fuentesfidedignas.com.mx\/index.php\/wp-json\/wp\/v2\/posts\/64529","targetHints":{"allow":["GET"]}}],"collection":[{"href":"https:\/\/fuentesfidedignas.com.mx\/index.php\/wp-json\/wp\/v2\/posts"}],"about":[{"href":"https:\/\/fuentesfidedignas.com.mx\/index.php\/wp-json\/wp\/v2\/types\/post"}],"author":[{"embeddable":true,"href":"https:\/\/fuentesfidedignas.com.mx\/index.php\/wp-json\/wp\/v2\/users\/146"}],"replies":[{"embeddable":true,"href":"https:\/\/fuentesfidedignas.com.mx\/index.php\/wp-json\/wp\/v2\/comments?post=64529"}],"version-history":[{"count":1,"href":"https:\/\/fuentesfidedignas.com.mx\/index.php\/wp-json\/wp\/v2\/posts\/64529\/revisions"}],"predecessor-version":[{"id":64530,"href":"https:\/\/fuentesfidedignas.com.mx\/index.php\/wp-json\/wp\/v2\/posts\/64529\/revisions\/64530"}],"wp:featuredmedia":[{"embeddable":true,"href":"https:\/\/fuentesfidedignas.com.mx\/index.php\/wp-json\/wp\/v2\/media\/64531"}],"wp:attachment":[{"href":"https:\/\/fuentesfidedignas.com.mx\/index.php\/wp-json\/wp\/v2\/media?parent=64529"}],"wp:term":[{"taxonomy":"category","embeddable":true,"href":"https:\/\/fuentesfidedignas.com.mx\/index.php\/wp-json\/wp\/v2\/categories?post=64529"},{"taxonomy":"post_tag","embeddable":true,"href":"https:\/\/fuentesfidedignas.com.mx\/index.php\/wp-json\/wp\/v2\/tags?post=64529"}],"curies":[{"name":"wp","href":"https:\/\/api.w.org\/{rel}","templated":true}]}}