{"id":64523,"date":"2023-11-02T12:06:56","date_gmt":"2023-11-02T19:06:56","guid":{"rendered":"https:\/\/fuentesfidedignas.com.mx\/?p=64523"},"modified":"2023-11-02T12:09:33","modified_gmt":"2023-11-02T19:09:33","slug":"aprueba-iees-ajustes-a-plazos-y-calendario-para-proceso-electoral","status":"publish","type":"post","link":"https:\/\/fuentesfidedignas.com.mx\/index.php\/2023\/11\/02\/aprueba-iees-ajustes-a-plazos-y-calendario-para-proceso-electoral\/","title":{"rendered":"Aprueba IEES ajustes a plazos y calendario para proceso electoral"},"content":{"rendered":"\n<p>En sesi\u00f3n extraordinaria el Consejo General del Instituto Electoral del Estado de Sinaloa (IEES), aprob\u00f3 los ajustes a los plazos establecidos en la Ley de Instituciones y Procedimientos Electorales del Estado de Sinaloa (LIPEES) y el calendario para el Proceso Electoral Local 2023-2024.<\/p>\n\n\n\n<p>De conformidad con lo que establece la LIPEES, el Consejo General de este Instituto podr\u00e1 realizar ajustes a los plazos definidos y se podr\u00e1n ampliar cuando a juicio de este \u00f3rgano, haya imposibilidad material de realizar dentro de ellos los actos para los cuales est\u00e1n establecidos.<\/p>\n\n\n\n<p>En ese contexto resulta indispensable ajustar, precisar y definir algunos de los plazos a partir de la convocatoria a elecciones que realice el Congreso del Estado en la primera quincena del mes de diciembre de 2023; destacando que, dentro de los cinco d\u00edas posteriores a la fecha de dicha expedici\u00f3n, el Consejo General del IEES deber\u00e1 sesionar para dar inicio formal al Proceso Electoral Local 2023-2024.<\/p>\n\n\n\n<p>Considerando lo anterior se proyecta un calendario electoral, que entre sus temas y fechas m\u00e1s relevantes se encuentran:<\/p>\n\n\n\n<ul class=\"wp-block-list\">\n<li>A partir del d\u00eda siguiente al de la celebraci\u00f3n de la sesi\u00f3n del Consejo General para el inicio formal del proceso electoral y hasta el d\u00eda 18 de enero de 2024, las personas interesadas en postularse para una candidatura independiente deber\u00e1n presentar su escrito de manifestaci\u00f3n de intenci\u00f3n.<\/li>\n<\/ul>\n\n\n\n<ul class=\"wp-block-list\">\n<li>El d\u00eda 18 de enero de 2024 como fecha para que este \u00f3rgano electoral expida la constancia que otorgue la calidad de aspirante a candidatura independiente a las personas que cumplan con los requisitos.<\/li>\n<\/ul>\n\n\n\n<ul class=\"wp-block-list\">\n<li>El per\u00edodo para recabar el apoyo ciudadano deber\u00e1 iniciar el d\u00eda 19 de enero de 2024 atendiendo a que el Consejo General del INE estableci\u00f3 como fecha de t\u00e9rmino el d\u00eda 17 de febrero de 2024.<\/li>\n<\/ul>\n\n\n\n<ul class=\"wp-block-list\">\n<li>Durante la primera quincena de enero de 2024, se har\u00e1 la designaci\u00f3n de las personas que ocupar\u00e1n las Presidencias y Consejer\u00edas Electorales que integrar\u00e1n los Consejos Distritales y Municipales Electorales.<\/li>\n<\/ul>\n\n\n\n<ul class=\"wp-block-list\">\n<li>El periodo de precampa\u00f1as electorales para todos los cargos a elegirse en el Proceso Electoral Local 2023-2024, comprender\u00e1 a partir del 19 de enero y el 17 de febrero de 2024.<\/li>\n<\/ul>\n\n\n\n<ul class=\"wp-block-list\">\n<li>El 19 de enero de 2024 es la fecha l\u00edmite para que los partidos pol\u00edticos presenten, en su caso, su solicitud de registro del Convenio de Coalici\u00f3n ante este Instituto.<\/li>\n<\/ul>\n\n\n\n<ul class=\"wp-block-list\">\n<li>El 03 de marzo de 2024 (90 d\u00edas antes de la elecci\u00f3n) como la fecha l\u00edmite para que se separen del cargo las servidoras y los servidores p\u00fablicos que se encuentren impedidos para ocupar un cargo de elecci\u00f3n popular, as\u00ed como las personas que ocupen Diputaciones y Presidencias Municipales que pretendan reelegirse.<\/li>\n<\/ul>\n\n\n\n<ul class=\"wp-block-list\">\n<li>El per\u00edodo de campa\u00f1as electorales para todos los cargos a elegirse en el Proceso Electoral Local 2023-2024, ser\u00e1 comprendido entre el 15 de abril y el 29 de mayo de 2024 (45 d\u00edas).<\/li>\n<\/ul>\n\n\n\n<ul class=\"wp-block-list\">\n<li>El d\u00eda 12 de mayo de 2024 es la fecha l\u00edmite para que los partidos pol\u00edticos y coaliciones puedan realizar sustituciones por renuncia de sus candidatas y candidatos.<\/li>\n<\/ul>\n\n\n\n<p><strong>SE INTEGRA EL COMIT\u00c9 T\u00c9CNICO ASESOR PARA EL PREP<\/strong><\/p>\n\n\n\n<p>En sesi\u00f3n extraordinaria el Consejo General del IEES aprob\u00f3 la integraci\u00f3n del Comit\u00e9 T\u00e9cnico Asesor para el Programa de Resultados Electorales Preliminares (PREP) del Proceso Electoral Local 2023-2024.<\/p>\n\n\n\n<p>La Consejera Electoral y Titular de la Comisi\u00f3n de Innovaci\u00f3n Tecnol\u00f3gica, Marisol Quevedo Gonz\u00e1lez, sustent\u00f3 que en sesi\u00f3n ordinaria celebrada el 22 de noviembre de 2017, el Consejo General del INE, mediante acuerdo INE\/CG565\/2017, realiz\u00f3 modificaciones en lo que se refiere a los plazos para la designaci\u00f3n o ratificaci\u00f3n de la instancia interna responsable de coordinar el desarrollo de las actividades del PREP, as\u00ed como para la integraci\u00f3n del Comit\u00e9 T\u00e9cnico Asesor del Programa de Resultados Electorales Preliminares (COTAPREP).<\/p>\n\n\n\n<p>Con fundamento en lo dispuesto en el Reglamento de Elecciones del INE (RE), se crea el COTAPREP para el Proceso Electoral Local 2023-2024, el cual estar\u00e1 integrado por la Doctora Mar\u00eda Luc\u00eda Barr\u00f3n Estrada, el Doctor Marco C\u00e9sar Ojeda Castro, y la Maestra Gloria Ekaterine Peralta-Pe\u00f1\u00fa\u00f1uri, mismo que entrar\u00e1 en funciones a partir de la aprobaci\u00f3n del acuerdo y hasta el mes de junio de 2024 con el fin de contar con mecanismos institucionales confiables para conocer los resultados de las votaciones en las casillas en este Proceso Electoral&nbsp;por&nbsp;iniciar, y cuyas atribuciones ser\u00e1n las que se describen en el art\u00edculo 342 del propio Reglamentos de Elecciones del INE.<\/p>\n\n\n\n<p>De igual forma, en apego a lo que establecen los art\u00edculos 339 numeral 1 inciso a), y 340 numeral 2 del RE, se designa como Secretaria T\u00e9cnica del COTAPREP a la Maestra Carmen Mar\u00eda G\u00f3mez Llanos Pe\u00f1a, Jefa del \u00c1rea de Sistemas Inform\u00e1ticos de este Instituto e instancia interna responsable de coordinar el desarrollo de las actividades del PREP.<\/p>\n\n\n\n<p><strong>APRUEBAN PROGRAMA ANUAL DEL OIC DEL IEES<\/strong><\/p>\n\n\n\n<p>En cumplimiento a lo dispuesto en los art\u00edculos 149 Bis C, fracci\u00f3n XV de la LIPEES, 23, fracci\u00f3n XV del Reglamento Interior del IEES, y 14 del Reglamento del \u00d3rgano Interno de Control (OIC) del Instituto Electoral del Estado de Sinaloa, se aprob\u00f3 en sesi\u00f3n extraordinaria el Programa Anual de Trabajo del OIC, correspondiente al ejercicio fiscal del a\u00f1o 2024.<\/p>\n\n\n\n<p>La elaboraci\u00f3n del Plan Anual de Trabajo 2024 toma en cuenta los resultados y avances alcanzados en el ejercicio fiscal 2023, as\u00ed como el fortalecimiento de la estructura organizacional del OIC, lo que permite plantear diversas l\u00edneas de acci\u00f3n y actividades por \u00e1reas espec\u00edficas adscritas a este ente fiscalizador.<\/p>\n","protected":false},"excerpt":{"rendered":"<p>En sesi\u00f3n extraordinaria el Consejo General del Instituto Electoral del Estado de Sinaloa (IEES), aprob\u00f3 los ajustes a los plazos establecidos en la Ley de Instituciones y Procedimientos Electorales del Estado de Sinaloa (LIPEES) y el calendario para el Proceso Electoral Local 2023-2024. De conformidad con lo que establece la LIPEES, el Consejo General de [&hellip;]<\/p>\n","protected":false},"author":4,"featured_media":64525,"comment_status":"open","ping_status":"open","sticky":false,"template":"","format":"standard","meta":{"tdm_status":"","tdm_grid_status":"","footnotes":""},"categories":[37,1],"tags":[],"class_list":{"0":"post-64523","1":"post","2":"type-post","3":"status-publish","4":"format-standard","5":"has-post-thumbnail","7":"category-nota-principal","8":"category-sin-categoria"},"yoast_head":"<!-- This site is optimized with the Yoast SEO plugin v27.5 - https:\/\/yoast.com\/product\/yoast-seo-wordpress\/ -->\n<title>Aprueba IEES ajustes a plazos y calendario para proceso electoral - Fuentes Fidedignas<\/title>\n<meta name=\"robots\" content=\"index, follow, max-snippet:-1, max-image-preview:large, max-video-preview:-1\" \/>\n<link rel=\"canonical\" href=\"https:\/\/fuentesfidedignas.com.mx\/index.php\/2023\/11\/02\/aprueba-iees-ajustes-a-plazos-y-calendario-para-proceso-electoral\/\" \/>\n<meta property=\"og:locale\" content=\"es_MX\" \/>\n<meta property=\"og:type\" content=\"article\" \/>\n<meta property=\"og:title\" content=\"Aprueba IEES ajustes a plazos y calendario para proceso electoral - Fuentes Fidedignas\" \/>\n<meta property=\"og:description\" content=\"En sesi\u00f3n extraordinaria el Consejo General del Instituto Electoral del Estado de Sinaloa (IEES), aprob\u00f3 los ajustes a los plazos establecidos en la Ley de Instituciones y Procedimientos Electorales del Estado de Sinaloa (LIPEES) y el calendario para el Proceso Electoral Local 2023-2024. De conformidad con lo que establece la LIPEES, el Consejo General de [&hellip;]\" \/>\n<meta property=\"og:url\" content=\"https:\/\/fuentesfidedignas.com.mx\/index.php\/2023\/11\/02\/aprueba-iees-ajustes-a-plazos-y-calendario-para-proceso-electoral\/\" \/>\n<meta property=\"og:site_name\" content=\"Fuentes Fidedignas\" \/>\n<meta property=\"article:publisher\" content=\"https:\/\/www.facebook.com\/Fuentes-Fidedignas-368234489921644\" \/>\n<meta property=\"article:published_time\" content=\"2023-11-02T19:06:56+00:00\" \/>\n<meta property=\"article:modified_time\" content=\"2023-11-02T19:09:33+00:00\" \/>\n<meta property=\"og:image\" content=\"https:\/\/fuentesfidedignas.com.mx\/wp-content\/uploads\/2023\/11\/images-1.jpeg\" \/>\n\t<meta property=\"og:image:width\" content=\"678\" \/>\n\t<meta property=\"og:image:height\" content=\"452\" \/>\n\t<meta property=\"og:image:type\" content=\"image\/jpeg\" \/>\n<meta name=\"author\" content=\"Redacci\u00f3n\" \/>\n<meta name=\"twitter:card\" content=\"summary_large_image\" \/>\n<meta name=\"twitter:creator\" content=\"@fidedignas\" \/>\n<meta name=\"twitter:site\" content=\"@fidedignas\" \/>\n<meta name=\"twitter:label1\" content=\"Escrito por\" \/>\n\t<meta name=\"twitter:data1\" content=\"Redacci\u00f3n\" \/>\n\t<meta name=\"twitter:label2\" content=\"Tiempo de lectura\" \/>\n\t<meta name=\"twitter:data2\" content=\"5 minutos\" \/>\n<script type=\"application\/ld+json\" class=\"yoast-schema-graph\">{\"@context\":\"https:\\\/\\\/schema.org\",\"@graph\":[{\"@type\":\"Article\",\"@id\":\"https:\\\/\\\/fuentesfidedignas.com.mx\\\/index.php\\\/2023\\\/11\\\/02\\\/aprueba-iees-ajustes-a-plazos-y-calendario-para-proceso-electoral\\\/#article\",\"isPartOf\":{\"@id\":\"https:\\\/\\\/fuentesfidedignas.com.mx\\\/index.php\\\/2023\\\/11\\\/02\\\/aprueba-iees-ajustes-a-plazos-y-calendario-para-proceso-electoral\\\/\"},\"author\":{\"name\":\"Redacci\u00f3n\",\"@id\":\"https:\\\/\\\/fuentesfidedignas.com.mx\\\/#\\\/schema\\\/person\\\/331be9283d37198e2acd5750279085b0\"},\"headline\":\"Aprueba IEES ajustes a plazos y calendario para proceso electoral\",\"datePublished\":\"2023-11-02T19:06:56+00:00\",\"dateModified\":\"2023-11-02T19:09:33+00:00\",\"mainEntityOfPage\":{\"@id\":\"https:\\\/\\\/fuentesfidedignas.com.mx\\\/index.php\\\/2023\\\/11\\\/02\\\/aprueba-iees-ajustes-a-plazos-y-calendario-para-proceso-electoral\\\/\"},\"wordCount\":944,\"commentCount\":0,\"publisher\":{\"@id\":\"https:\\\/\\\/fuentesfidedignas.com.mx\\\/#organization\"},\"image\":{\"@id\":\"https:\\\/\\\/fuentesfidedignas.com.mx\\\/index.php\\\/2023\\\/11\\\/02\\\/aprueba-iees-ajustes-a-plazos-y-calendario-para-proceso-electoral\\\/#primaryimage\"},\"thumbnailUrl\":\"https:\\\/\\\/fuentesfidedignas.com.mx\\\/wp-content\\\/uploads\\\/2023\\\/11\\\/images-1.jpeg\",\"articleSection\":[\"NOTA PRINCIPAL\"],\"inLanguage\":\"es\",\"potentialAction\":[{\"@type\":\"CommentAction\",\"name\":\"Comment\",\"target\":[\"https:\\\/\\\/fuentesfidedignas.com.mx\\\/index.php\\\/2023\\\/11\\\/02\\\/aprueba-iees-ajustes-a-plazos-y-calendario-para-proceso-electoral\\\/#respond\"]}]},{\"@type\":\"WebPage\",\"@id\":\"https:\\\/\\\/fuentesfidedignas.com.mx\\\/index.php\\\/2023\\\/11\\\/02\\\/aprueba-iees-ajustes-a-plazos-y-calendario-para-proceso-electoral\\\/\",\"url\":\"https:\\\/\\\/fuentesfidedignas.com.mx\\\/index.php\\\/2023\\\/11\\\/02\\\/aprueba-iees-ajustes-a-plazos-y-calendario-para-proceso-electoral\\\/\",\"name\":\"Aprueba IEES ajustes a plazos y calendario para proceso electoral - Fuentes Fidedignas\",\"isPartOf\":{\"@id\":\"https:\\\/\\\/fuentesfidedignas.com.mx\\\/#website\"},\"primaryImageOfPage\":{\"@id\":\"https:\\\/\\\/fuentesfidedignas.com.mx\\\/index.php\\\/2023\\\/11\\\/02\\\/aprueba-iees-ajustes-a-plazos-y-calendario-para-proceso-electoral\\\/#primaryimage\"},\"image\":{\"@id\":\"https:\\\/\\\/fuentesfidedignas.com.mx\\\/index.php\\\/2023\\\/11\\\/02\\\/aprueba-iees-ajustes-a-plazos-y-calendario-para-proceso-electoral\\\/#primaryimage\"},\"thumbnailUrl\":\"https:\\\/\\\/fuentesfidedignas.com.mx\\\/wp-content\\\/uploads\\\/2023\\\/11\\\/images-1.jpeg\",\"datePublished\":\"2023-11-02T19:06:56+00:00\",\"dateModified\":\"2023-11-02T19:09:33+00:00\",\"breadcrumb\":{\"@id\":\"https:\\\/\\\/fuentesfidedignas.com.mx\\\/index.php\\\/2023\\\/11\\\/02\\\/aprueba-iees-ajustes-a-plazos-y-calendario-para-proceso-electoral\\\/#breadcrumb\"},\"inLanguage\":\"es\",\"potentialAction\":[{\"@type\":\"ReadAction\",\"target\":[\"https:\\\/\\\/fuentesfidedignas.com.mx\\\/index.php\\\/2023\\\/11\\\/02\\\/aprueba-iees-ajustes-a-plazos-y-calendario-para-proceso-electoral\\\/\"]}]},{\"@type\":\"ImageObject\",\"inLanguage\":\"es\",\"@id\":\"https:\\\/\\\/fuentesfidedignas.com.mx\\\/index.php\\\/2023\\\/11\\\/02\\\/aprueba-iees-ajustes-a-plazos-y-calendario-para-proceso-electoral\\\/#primaryimage\",\"url\":\"https:\\\/\\\/fuentesfidedignas.com.mx\\\/wp-content\\\/uploads\\\/2023\\\/11\\\/images-1.jpeg\",\"contentUrl\":\"https:\\\/\\\/fuentesfidedignas.com.mx\\\/wp-content\\\/uploads\\\/2023\\\/11\\\/images-1.jpeg\",\"width\":678,\"height\":452},{\"@type\":\"BreadcrumbList\",\"@id\":\"https:\\\/\\\/fuentesfidedignas.com.mx\\\/index.php\\\/2023\\\/11\\\/02\\\/aprueba-iees-ajustes-a-plazos-y-calendario-para-proceso-electoral\\\/#breadcrumb\",\"itemListElement\":[{\"@type\":\"ListItem\",\"position\":1,\"name\":\"Inicio\",\"item\":\"https:\\\/\\\/fuentesfidedignas.com.mx\\\/\"},{\"@type\":\"ListItem\",\"position\":2,\"name\":\"Aprueba IEES ajustes a plazos y calendario para proceso electoral\"}]},{\"@type\":\"WebSite\",\"@id\":\"https:\\\/\\\/fuentesfidedignas.com.mx\\\/#website\",\"url\":\"https:\\\/\\\/fuentesfidedignas.com.mx\\\/\",\"name\":\"Fuentes Fidedignas\",\"description\":\"Otro sitio realizado con WordPress\",\"publisher\":{\"@id\":\"https:\\\/\\\/fuentesfidedignas.com.mx\\\/#organization\"},\"potentialAction\":[{\"@type\":\"SearchAction\",\"target\":{\"@type\":\"EntryPoint\",\"urlTemplate\":\"https:\\\/\\\/fuentesfidedignas.com.mx\\\/?s={search_term_string}\"},\"query-input\":{\"@type\":\"PropertyValueSpecification\",\"valueRequired\":true,\"valueName\":\"search_term_string\"}}],\"inLanguage\":\"es\"},{\"@type\":\"Organization\",\"@id\":\"https:\\\/\\\/fuentesfidedignas.com.mx\\\/#organization\",\"name\":\"Fuentes Fidedignas\",\"url\":\"https:\\\/\\\/fuentesfidedignas.com.mx\\\/\",\"logo\":{\"@type\":\"ImageObject\",\"inLanguage\":\"es\",\"@id\":\"https:\\\/\\\/fuentesfidedignas.com.mx\\\/#\\\/schema\\\/logo\\\/image\\\/\",\"url\":\"https:\\\/\\\/fuentesfidedignas.com.mx\\\/wp-content\\\/uploads\\\/2021\\\/04\\\/logo-retina.png\",\"contentUrl\":\"https:\\\/\\\/fuentesfidedignas.com.mx\\\/wp-content\\\/uploads\\\/2021\\\/04\\\/logo-retina.png\",\"width\":280,\"height\":51,\"caption\":\"Fuentes Fidedignas\"},\"image\":{\"@id\":\"https:\\\/\\\/fuentesfidedignas.com.mx\\\/#\\\/schema\\\/logo\\\/image\\\/\"},\"sameAs\":[\"https:\\\/\\\/www.facebook.com\\\/Fuentes-Fidedignas-368234489921644\",\"https:\\\/\\\/x.com\\\/fidedignas\"]},{\"@type\":\"Person\",\"@id\":\"https:\\\/\\\/fuentesfidedignas.com.mx\\\/#\\\/schema\\\/person\\\/331be9283d37198e2acd5750279085b0\",\"name\":\"Redacci\u00f3n\",\"image\":{\"@type\":\"ImageObject\",\"inLanguage\":\"es\",\"@id\":\"https:\\\/\\\/secure.gravatar.com\\\/avatar\\\/f6d8782c11d12b2d4ad3fbb6931aeab5309937a4d6cd2fc9cfaa28a6396a5aec?s=96&d=mm&r=g\",\"url\":\"https:\\\/\\\/secure.gravatar.com\\\/avatar\\\/f6d8782c11d12b2d4ad3fbb6931aeab5309937a4d6cd2fc9cfaa28a6396a5aec?s=96&d=mm&r=g\",\"contentUrl\":\"https:\\\/\\\/secure.gravatar.com\\\/avatar\\\/f6d8782c11d12b2d4ad3fbb6931aeab5309937a4d6cd2fc9cfaa28a6396a5aec?s=96&d=mm&r=g\",\"caption\":\"Redacci\u00f3n\"},\"url\":\"https:\\\/\\\/fuentesfidedignas.com.mx\\\/index.php\\\/author\\\/redaccion\\\/\"}]}<\/script>\n<!-- \/ Yoast SEO plugin. -->","yoast_head_json":{"title":"Aprueba IEES ajustes a plazos y calendario para proceso electoral - Fuentes Fidedignas","robots":{"index":"index","follow":"follow","max-snippet":"max-snippet:-1","max-image-preview":"max-image-preview:large","max-video-preview":"max-video-preview:-1"},"canonical":"https:\/\/fuentesfidedignas.com.mx\/index.php\/2023\/11\/02\/aprueba-iees-ajustes-a-plazos-y-calendario-para-proceso-electoral\/","og_locale":"es_MX","og_type":"article","og_title":"Aprueba IEES ajustes a plazos y calendario para proceso electoral - Fuentes Fidedignas","og_description":"En sesi\u00f3n extraordinaria el Consejo General del Instituto Electoral del Estado de Sinaloa (IEES), aprob\u00f3 los ajustes a los plazos establecidos en la Ley de Instituciones y Procedimientos Electorales del Estado de Sinaloa (LIPEES) y el calendario para el Proceso Electoral Local 2023-2024. De conformidad con lo que establece la LIPEES, el Consejo General de [&hellip;]","og_url":"https:\/\/fuentesfidedignas.com.mx\/index.php\/2023\/11\/02\/aprueba-iees-ajustes-a-plazos-y-calendario-para-proceso-electoral\/","og_site_name":"Fuentes Fidedignas","article_publisher":"https:\/\/www.facebook.com\/Fuentes-Fidedignas-368234489921644","article_published_time":"2023-11-02T19:06:56+00:00","article_modified_time":"2023-11-02T19:09:33+00:00","og_image":[{"width":678,"height":452,"url":"https:\/\/fuentesfidedignas.com.mx\/wp-content\/uploads\/2023\/11\/images-1.jpeg","type":"image\/jpeg"}],"author":"Redacci\u00f3n","twitter_card":"summary_large_image","twitter_creator":"@fidedignas","twitter_site":"@fidedignas","twitter_misc":{"Escrito por":"Redacci\u00f3n","Tiempo de lectura":"5 minutos"},"schema":{"@context":"https:\/\/schema.org","@graph":[{"@type":"Article","@id":"https:\/\/fuentesfidedignas.com.mx\/index.php\/2023\/11\/02\/aprueba-iees-ajustes-a-plazos-y-calendario-para-proceso-electoral\/#article","isPartOf":{"@id":"https:\/\/fuentesfidedignas.com.mx\/index.php\/2023\/11\/02\/aprueba-iees-ajustes-a-plazos-y-calendario-para-proceso-electoral\/"},"author":{"name":"Redacci\u00f3n","@id":"https:\/\/fuentesfidedignas.com.mx\/#\/schema\/person\/331be9283d37198e2acd5750279085b0"},"headline":"Aprueba IEES ajustes a plazos y calendario para proceso electoral","datePublished":"2023-11-02T19:06:56+00:00","dateModified":"2023-11-02T19:09:33+00:00","mainEntityOfPage":{"@id":"https:\/\/fuentesfidedignas.com.mx\/index.php\/2023\/11\/02\/aprueba-iees-ajustes-a-plazos-y-calendario-para-proceso-electoral\/"},"wordCount":944,"commentCount":0,"publisher":{"@id":"https:\/\/fuentesfidedignas.com.mx\/#organization"},"image":{"@id":"https:\/\/fuentesfidedignas.com.mx\/index.php\/2023\/11\/02\/aprueba-iees-ajustes-a-plazos-y-calendario-para-proceso-electoral\/#primaryimage"},"thumbnailUrl":"https:\/\/fuentesfidedignas.com.mx\/wp-content\/uploads\/2023\/11\/images-1.jpeg","articleSection":["NOTA PRINCIPAL"],"inLanguage":"es","potentialAction":[{"@type":"CommentAction","name":"Comment","target":["https:\/\/fuentesfidedignas.com.mx\/index.php\/2023\/11\/02\/aprueba-iees-ajustes-a-plazos-y-calendario-para-proceso-electoral\/#respond"]}]},{"@type":"WebPage","@id":"https:\/\/fuentesfidedignas.com.mx\/index.php\/2023\/11\/02\/aprueba-iees-ajustes-a-plazos-y-calendario-para-proceso-electoral\/","url":"https:\/\/fuentesfidedignas.com.mx\/index.php\/2023\/11\/02\/aprueba-iees-ajustes-a-plazos-y-calendario-para-proceso-electoral\/","name":"Aprueba IEES ajustes a plazos y calendario para proceso electoral - Fuentes Fidedignas","isPartOf":{"@id":"https:\/\/fuentesfidedignas.com.mx\/#website"},"primaryImageOfPage":{"@id":"https:\/\/fuentesfidedignas.com.mx\/index.php\/2023\/11\/02\/aprueba-iees-ajustes-a-plazos-y-calendario-para-proceso-electoral\/#primaryimage"},"image":{"@id":"https:\/\/fuentesfidedignas.com.mx\/index.php\/2023\/11\/02\/aprueba-iees-ajustes-a-plazos-y-calendario-para-proceso-electoral\/#primaryimage"},"thumbnailUrl":"https:\/\/fuentesfidedignas.com.mx\/wp-content\/uploads\/2023\/11\/images-1.jpeg","datePublished":"2023-11-02T19:06:56+00:00","dateModified":"2023-11-02T19:09:33+00:00","breadcrumb":{"@id":"https:\/\/fuentesfidedignas.com.mx\/index.php\/2023\/11\/02\/aprueba-iees-ajustes-a-plazos-y-calendario-para-proceso-electoral\/#breadcrumb"},"inLanguage":"es","potentialAction":[{"@type":"ReadAction","target":["https:\/\/fuentesfidedignas.com.mx\/index.php\/2023\/11\/02\/aprueba-iees-ajustes-a-plazos-y-calendario-para-proceso-electoral\/"]}]},{"@type":"ImageObject","inLanguage":"es","@id":"https:\/\/fuentesfidedignas.com.mx\/index.php\/2023\/11\/02\/aprueba-iees-ajustes-a-plazos-y-calendario-para-proceso-electoral\/#primaryimage","url":"https:\/\/fuentesfidedignas.com.mx\/wp-content\/uploads\/2023\/11\/images-1.jpeg","contentUrl":"https:\/\/fuentesfidedignas.com.mx\/wp-content\/uploads\/2023\/11\/images-1.jpeg","width":678,"height":452},{"@type":"BreadcrumbList","@id":"https:\/\/fuentesfidedignas.com.mx\/index.php\/2023\/11\/02\/aprueba-iees-ajustes-a-plazos-y-calendario-para-proceso-electoral\/#breadcrumb","itemListElement":[{"@type":"ListItem","position":1,"name":"Inicio","item":"https:\/\/fuentesfidedignas.com.mx\/"},{"@type":"ListItem","position":2,"name":"Aprueba IEES ajustes a plazos y calendario para proceso electoral"}]},{"@type":"WebSite","@id":"https:\/\/fuentesfidedignas.com.mx\/#website","url":"https:\/\/fuentesfidedignas.com.mx\/","name":"Fuentes Fidedignas","description":"Otro sitio realizado con WordPress","publisher":{"@id":"https:\/\/fuentesfidedignas.com.mx\/#organization"},"potentialAction":[{"@type":"SearchAction","target":{"@type":"EntryPoint","urlTemplate":"https:\/\/fuentesfidedignas.com.mx\/?s={search_term_string}"},"query-input":{"@type":"PropertyValueSpecification","valueRequired":true,"valueName":"search_term_string"}}],"inLanguage":"es"},{"@type":"Organization","@id":"https:\/\/fuentesfidedignas.com.mx\/#organization","name":"Fuentes Fidedignas","url":"https:\/\/fuentesfidedignas.com.mx\/","logo":{"@type":"ImageObject","inLanguage":"es","@id":"https:\/\/fuentesfidedignas.com.mx\/#\/schema\/logo\/image\/","url":"https:\/\/fuentesfidedignas.com.mx\/wp-content\/uploads\/2021\/04\/logo-retina.png","contentUrl":"https:\/\/fuentesfidedignas.com.mx\/wp-content\/uploads\/2021\/04\/logo-retina.png","width":280,"height":51,"caption":"Fuentes Fidedignas"},"image":{"@id":"https:\/\/fuentesfidedignas.com.mx\/#\/schema\/logo\/image\/"},"sameAs":["https:\/\/www.facebook.com\/Fuentes-Fidedignas-368234489921644","https:\/\/x.com\/fidedignas"]},{"@type":"Person","@id":"https:\/\/fuentesfidedignas.com.mx\/#\/schema\/person\/331be9283d37198e2acd5750279085b0","name":"Redacci\u00f3n","image":{"@type":"ImageObject","inLanguage":"es","@id":"https:\/\/secure.gravatar.com\/avatar\/f6d8782c11d12b2d4ad3fbb6931aeab5309937a4d6cd2fc9cfaa28a6396a5aec?s=96&d=mm&r=g","url":"https:\/\/secure.gravatar.com\/avatar\/f6d8782c11d12b2d4ad3fbb6931aeab5309937a4d6cd2fc9cfaa28a6396a5aec?s=96&d=mm&r=g","contentUrl":"https:\/\/secure.gravatar.com\/avatar\/f6d8782c11d12b2d4ad3fbb6931aeab5309937a4d6cd2fc9cfaa28a6396a5aec?s=96&d=mm&r=g","caption":"Redacci\u00f3n"},"url":"https:\/\/fuentesfidedignas.com.mx\/index.php\/author\/redaccion\/"}]}},"_links":{"self":[{"href":"https:\/\/fuentesfidedignas.com.mx\/index.php\/wp-json\/wp\/v2\/posts\/64523","targetHints":{"allow":["GET"]}}],"collection":[{"href":"https:\/\/fuentesfidedignas.com.mx\/index.php\/wp-json\/wp\/v2\/posts"}],"about":[{"href":"https:\/\/fuentesfidedignas.com.mx\/index.php\/wp-json\/wp\/v2\/types\/post"}],"author":[{"embeddable":true,"href":"https:\/\/fuentesfidedignas.com.mx\/index.php\/wp-json\/wp\/v2\/users\/4"}],"replies":[{"embeddable":true,"href":"https:\/\/fuentesfidedignas.com.mx\/index.php\/wp-json\/wp\/v2\/comments?post=64523"}],"version-history":[{"count":1,"href":"https:\/\/fuentesfidedignas.com.mx\/index.php\/wp-json\/wp\/v2\/posts\/64523\/revisions"}],"predecessor-version":[{"id":64524,"href":"https:\/\/fuentesfidedignas.com.mx\/index.php\/wp-json\/wp\/v2\/posts\/64523\/revisions\/64524"}],"wp:featuredmedia":[{"embeddable":true,"href":"https:\/\/fuentesfidedignas.com.mx\/index.php\/wp-json\/wp\/v2\/media\/64525"}],"wp:attachment":[{"href":"https:\/\/fuentesfidedignas.com.mx\/index.php\/wp-json\/wp\/v2\/media?parent=64523"}],"wp:term":[{"taxonomy":"category","embeddable":true,"href":"https:\/\/fuentesfidedignas.com.mx\/index.php\/wp-json\/wp\/v2\/categories?post=64523"},{"taxonomy":"post_tag","embeddable":true,"href":"https:\/\/fuentesfidedignas.com.mx\/index.php\/wp-json\/wp\/v2\/tags?post=64523"}],"curies":[{"name":"wp","href":"https:\/\/api.w.org\/{rel}","templated":true}]}}