{"id":64513,"date":"2023-11-02T10:26:16","date_gmt":"2023-11-02T17:26:16","guid":{"rendered":"https:\/\/fuentesfidedignas.com.mx\/?p=64513"},"modified":"2023-11-02T10:27:24","modified_gmt":"2023-11-02T17:27:24","slug":"volar-desde-el-aifa-te-saldra-mas-caro-tua-sube-a-partir-de-esta-fecha","status":"publish","type":"post","link":"https:\/\/fuentesfidedignas.com.mx\/index.php\/2023\/11\/02\/volar-desde-el-aifa-te-saldra-mas-caro-tua-sube-a-partir-de-esta-fecha\/","title":{"rendered":"Volar desde el AIFA te saldr\u00e1 m\u00e1s \u2018caro\u2019: TUA sube a partir de esta fecha"},"content":{"rendered":"\n<p><strong><em>La TUA del AIFA aument\u00f3 25.7 por ciento para vuelos nacionales y 8.6 por ciento en internacionales<\/em><\/strong><\/p>\n\n\n\n<p>El Gobierno de M\u00e9xico anunci\u00f3 el aumento de la&nbsp;<a href=\"https:\/\/www.elfinanciero.com.mx\/mis-finanzas\/2023\/10\/07\/reembolso-de-la-tua-como-pedir-una-devolucion-si-perdiste-o-cancelas-tu-vuelo\/\">Tarifa de Uso Aeroportuario (TUA)<\/a>&nbsp;del Aeropuerto Internacional Felipe \u00c1ngeles (AIFA) en&nbsp;<strong>vuelos nacionales e internacionales<\/strong>, estos \u00faltimos con un incremento del&nbsp;<strong>25.7 por ciento<\/strong>.<\/p>\n\n\n\n<p>De acuerdo con el AIFA,&nbsp;<strong>a partir del 9 de noviembre<\/strong>, la TUA en vuelos internacionales pasar\u00e1 de 21.1 d\u00f3lares a 26.6 d\u00f3lares, un aumento de un cuarto del valor que hab\u00eda tenido dicha tarifa durante todo el a\u00f1o.https:\/\/d-6767278784197002164.ampproject.net\/2310201815000\/frame.html<\/p>\n\n\n\n<p>El aumento de tarifas del AIFA va en sentido contrario a lo dispuesto por el gobierno para los grupos aeroportuarios, que negocian una&nbsp;<a href=\"https:\/\/www.elfinanciero.com.mx\/empresas\/2023\/10\/11\/reduccion-de-tarifas-aeroportuarias-como-beneficiara-a-pasajeros-y-aerolineas\/\">reducci\u00f3n a las tarifas cobradas a l\u00edneas a\u00e9reas<\/a>&nbsp;y a los usuarios porque las ganancias de los concesionarios son consideradas abusivas, seg\u00fan lo dicho por el presidente.<\/p>\n\n\n\n<p>En tanto, la TUA para\u00a0<strong>vuelos nacionales\u00a0<\/strong>tambi\u00e9n tendr\u00e1 un incremento, aunque de solo el\u00a0<strong>8.6 por ciento<\/strong>, al pasar de 245 pesos a 266 pesos a partir del 9 de noviembre.<\/p>\n\n\n\n<p>Aunque el \u00a0gobierno asegur\u00f3 que la TUA del aeropuerto de Santa Luc\u00eda continuar\u00e1 siendo una de las m\u00e1s bajas, el aumento de las tarifas va en contracorriente de lo previsto para los grupos aeroportuarios privados.<\/p>\n\n\n\n<p>El aumento en la TUA ocurre, adem\u00e1s, en un momento en el que el AIFA comienza aumentar el n\u00famero de pasajeros transportados y las previsiones de nuevas rutas para el fin de a\u00f1o e inicios de 2024 le dar\u00e1n un nuevo impulso despu\u00e9s de los decretos presidenciales que lo favorecen y la recuperaci\u00f3n de la&nbsp;<a href=\"https:\/\/www.elfinanciero.com.mx\/economia\/2023\/10\/05\/recuperacion-de-categoria-1-detonara-nuevas-rutas-aereas\/\">categor\u00eda 1 en seguridad a\u00e9rea<\/a>.<\/p>\n\n\n\n<h2 class=\"wp-block-heading\">\u00bfC\u00f3mo pedir una \u2018devoluci\u00f3n\u2019 de TUA si perdiste o cancelas tu vuelo?<\/h2>\n\n\n\n<p>Si ya compraste tus&nbsp;<a href=\"https:\/\/www.elfinanciero.com.mx\/empresas\/2023\/10\/02\/cuantos-y-a-donde-la-nueva-aerolinea-mexicana-militar-inicia-venta-de-boletos\/\">boletos de avi\u00f3n<\/a>&nbsp;y por alguna raz\u00f3n ya no puedes viajar, puedes solicitar el&nbsp;<strong>reembolso del costo total de tu boleto.<\/strong>&nbsp;Pero que no se te vaya el avi\u00f3n, esta medida aplica siempre y cuando, lo solicites durante las primeras&nbsp;<strong>24 horas siguientes a tu compra<\/strong>.<\/p>\n\n\n\n<p>Transcurrido ese plazo, solo podr\u00e1s recuperar el monto que pagaste por la TUA, un\u00a0<strong>impuesto que paga la mayor\u00eda de personas que viajan en avi\u00f3n<\/strong>.<\/p>\n\n\n\n<p>Si por alguna raz\u00f3n tuviste que cancelar tu viaje o perdiste tu vuelo, puedes solicitar el reembolso de la TUA hasta<strong>&nbsp;30 d\u00edas naturales&nbsp;<\/strong>posteriores al vuelo no realizado.<\/p>\n\n\n\n<p>Cada aerol\u00ednea cuenta con diferentes protocolos para esta devoluci\u00f3n.<\/p>\n\n\n\n<p>En&nbsp;<a href=\"https:\/\/www.elfinanciero.com.mx\/empresas\/2023\/09\/28\/viva-aerobuns-anuncia-17-nuevas-rutas-desde-el-aifa-hacia-donde-volara\/\">Viva Aerobus<\/a>, los pasajeros pueden solicitar el reembolso de la TUA a trav\u00e9s del call center de la propia aerol\u00ednea o enviando un correo electr\u00f3nico a&nbsp;atencion.clientes@vivaaerobus.com, se\u00f1alando la&nbsp;<strong>clave de reservaci\u00f3n<\/strong>,as\u00ed como los motivos por los que no pudo realizar el viaje.<\/p>\n\n\n\n<p>Viva Aerobus reembolsa al pasajero el&nbsp;<strong>monto total pagado por concepto de TUA en efectivo o en Viva Cash<\/strong>.<\/p>\n\n\n\n<p>\u00danicamente podr\u00e1n solicitar el reembolso de la TUA en efectivo, aquellos pasajeros que hayan cancelado su vuelo dentro de las 24 horas posteriores a la compra, de lo contrario el reembolso se realizar\u00e1 en Viva Cash, sin excepci\u00f3n.<\/p>\n\n\n\n<p>Los pasajeros de&nbsp;<a href=\"https:\/\/www.elfinanciero.com.mx\/empresas\/2023\/10\/02\/aeromexico-anuncia-17-nuevas-rutas-hacia-eu-a-donde-volara\/\">Aerom\u00e9xico<\/a>&nbsp;deben atenerse a medidas diferentes. Los clientes que contrataron tarifa flexible pueden&nbsp;<strong>solicitar el reembolso de su TUA<\/strong>&nbsp;en la p\u00e1gina web del sitio. En caso de que la tarifa no cuente con flexibilidad deben llamar al 555133-4000, opci\u00f3n 2 o enviar un correo electr\u00f3nico a&nbsp;amreembolsoscc@aeromexico.com.<\/p>\n\n\n\n<p>En&nbsp;<a href=\"https:\/\/www.elfinanciero.com.mx\/tags\/volaris\/\"><strong>Volaris<\/strong><\/a><strong>, los pasajeros pueden solicitar el reembolso dentro de los 30 d\u00edas siguientes<\/strong>&nbsp;a la fecha del vuelo no abordado. El reembolso se realizar\u00e1 mediante la emisi\u00f3n de un cr\u00e9dito electr\u00f3nico.<\/p>\n","protected":false},"excerpt":{"rendered":"<p>La TUA del AIFA aument\u00f3 25.7 por ciento para vuelos nacionales y 8.6 por ciento en internacionales El Gobierno de M\u00e9xico anunci\u00f3 el aumento de la&nbsp;Tarifa de Uso Aeroportuario (TUA)&nbsp;del Aeropuerto Internacional Felipe \u00c1ngeles (AIFA) en&nbsp;vuelos nacionales e internacionales, estos \u00faltimos con un incremento del&nbsp;25.7 por ciento. De acuerdo con el AIFA,&nbsp;a partir del 9 [&hellip;]<\/p>\n","protected":false},"author":21,"featured_media":64515,"comment_status":"open","ping_status":"open","sticky":false,"template":"","format":"standard","meta":{"tdm_status":"","tdm_grid_status":"","footnotes":""},"categories":[39,1],"tags":[],"class_list":{"0":"post-64513","1":"post","2":"type-post","3":"status-publish","4":"format-standard","5":"has-post-thumbnail","7":"category-noticias-nacionales","8":"category-sin-categoria"},"yoast_head":"<!-- This site is optimized with the Yoast SEO plugin v27.5 - https:\/\/yoast.com\/product\/yoast-seo-wordpress\/ -->\n<title>Volar desde el AIFA te saldr\u00e1 m\u00e1s \u2018caro\u2019: TUA sube a partir de esta fecha - Fuentes Fidedignas<\/title>\n<meta name=\"robots\" content=\"index, follow, max-snippet:-1, max-image-preview:large, max-video-preview:-1\" \/>\n<link rel=\"canonical\" href=\"https:\/\/fuentesfidedignas.com.mx\/index.php\/2023\/11\/02\/volar-desde-el-aifa-te-saldra-mas-caro-tua-sube-a-partir-de-esta-fecha\/\" \/>\n<meta property=\"og:locale\" content=\"es_MX\" \/>\n<meta property=\"og:type\" content=\"article\" \/>\n<meta property=\"og:title\" content=\"Volar desde el AIFA te saldr\u00e1 m\u00e1s \u2018caro\u2019: TUA sube a partir de esta fecha - Fuentes Fidedignas\" \/>\n<meta property=\"og:description\" content=\"La TUA del AIFA aument\u00f3 25.7 por ciento para vuelos nacionales y 8.6 por ciento en internacionales El Gobierno de M\u00e9xico anunci\u00f3 el aumento de la&nbsp;Tarifa de Uso Aeroportuario (TUA)&nbsp;del Aeropuerto Internacional Felipe \u00c1ngeles (AIFA) en&nbsp;vuelos nacionales e internacionales, estos \u00faltimos con un incremento del&nbsp;25.7 por ciento. De acuerdo con el AIFA,&nbsp;a partir del 9 [&hellip;]\" \/>\n<meta property=\"og:url\" content=\"https:\/\/fuentesfidedignas.com.mx\/index.php\/2023\/11\/02\/volar-desde-el-aifa-te-saldra-mas-caro-tua-sube-a-partir-de-esta-fecha\/\" \/>\n<meta property=\"og:site_name\" content=\"Fuentes Fidedignas\" \/>\n<meta property=\"article:publisher\" content=\"https:\/\/www.facebook.com\/Fuentes-Fidedignas-368234489921644\" \/>\n<meta property=\"article:published_time\" content=\"2023-11-02T17:26:16+00:00\" \/>\n<meta property=\"article:modified_time\" content=\"2023-11-02T17:27:24+00:00\" \/>\n<meta property=\"og:image\" content=\"https:\/\/fuentesfidedignas.com.mx\/wp-content\/uploads\/2023\/11\/Screenshot_20231102_102404_Chrome.jpg\" \/>\n\t<meta property=\"og:image:width\" content=\"1079\" \/>\n\t<meta property=\"og:image:height\" content=\"606\" \/>\n\t<meta property=\"og:image:type\" content=\"image\/jpeg\" \/>\n<meta name=\"author\" content=\"El Financiero\" \/>\n<meta name=\"twitter:card\" content=\"summary_large_image\" \/>\n<meta name=\"twitter:creator\" content=\"@fidedignas\" \/>\n<meta name=\"twitter:site\" content=\"@fidedignas\" \/>\n<meta name=\"twitter:label1\" content=\"Escrito por\" \/>\n\t<meta name=\"twitter:data1\" content=\"El Financiero\" \/>\n\t<meta name=\"twitter:label2\" content=\"Tiempo de lectura\" \/>\n\t<meta name=\"twitter:data2\" content=\"2 minutos\" \/>\n<script type=\"application\/ld+json\" class=\"yoast-schema-graph\">{\"@context\":\"https:\\\/\\\/schema.org\",\"@graph\":[{\"@type\":\"Article\",\"@id\":\"https:\\\/\\\/fuentesfidedignas.com.mx\\\/index.php\\\/2023\\\/11\\\/02\\\/volar-desde-el-aifa-te-saldra-mas-caro-tua-sube-a-partir-de-esta-fecha\\\/#article\",\"isPartOf\":{\"@id\":\"https:\\\/\\\/fuentesfidedignas.com.mx\\\/index.php\\\/2023\\\/11\\\/02\\\/volar-desde-el-aifa-te-saldra-mas-caro-tua-sube-a-partir-de-esta-fecha\\\/\"},\"author\":{\"name\":\"El Financiero\",\"@id\":\"https:\\\/\\\/fuentesfidedignas.com.mx\\\/#\\\/schema\\\/person\\\/494f7e0dce8dfaaec5b64f16615b78e9\"},\"headline\":\"Volar desde el AIFA te saldr\u00e1 m\u00e1s \u2018caro\u2019: TUA sube a partir de esta fecha\",\"datePublished\":\"2023-11-02T17:26:16+00:00\",\"dateModified\":\"2023-11-02T17:27:24+00:00\",\"mainEntityOfPage\":{\"@id\":\"https:\\\/\\\/fuentesfidedignas.com.mx\\\/index.php\\\/2023\\\/11\\\/02\\\/volar-desde-el-aifa-te-saldra-mas-caro-tua-sube-a-partir-de-esta-fecha\\\/\"},\"wordCount\":660,\"commentCount\":0,\"publisher\":{\"@id\":\"https:\\\/\\\/fuentesfidedignas.com.mx\\\/#organization\"},\"image\":{\"@id\":\"https:\\\/\\\/fuentesfidedignas.com.mx\\\/index.php\\\/2023\\\/11\\\/02\\\/volar-desde-el-aifa-te-saldra-mas-caro-tua-sube-a-partir-de-esta-fecha\\\/#primaryimage\"},\"thumbnailUrl\":\"https:\\\/\\\/fuentesfidedignas.com.mx\\\/wp-content\\\/uploads\\\/2023\\\/11\\\/Screenshot_20231102_102404_Chrome.jpg\",\"articleSection\":[\"NOTICIAS NACIONALES\"],\"inLanguage\":\"es\",\"potentialAction\":[{\"@type\":\"CommentAction\",\"name\":\"Comment\",\"target\":[\"https:\\\/\\\/fuentesfidedignas.com.mx\\\/index.php\\\/2023\\\/11\\\/02\\\/volar-desde-el-aifa-te-saldra-mas-caro-tua-sube-a-partir-de-esta-fecha\\\/#respond\"]}]},{\"@type\":\"WebPage\",\"@id\":\"https:\\\/\\\/fuentesfidedignas.com.mx\\\/index.php\\\/2023\\\/11\\\/02\\\/volar-desde-el-aifa-te-saldra-mas-caro-tua-sube-a-partir-de-esta-fecha\\\/\",\"url\":\"https:\\\/\\\/fuentesfidedignas.com.mx\\\/index.php\\\/2023\\\/11\\\/02\\\/volar-desde-el-aifa-te-saldra-mas-caro-tua-sube-a-partir-de-esta-fecha\\\/\",\"name\":\"Volar desde el AIFA te saldr\u00e1 m\u00e1s \u2018caro\u2019: TUA sube a partir de esta fecha - Fuentes Fidedignas\",\"isPartOf\":{\"@id\":\"https:\\\/\\\/fuentesfidedignas.com.mx\\\/#website\"},\"primaryImageOfPage\":{\"@id\":\"https:\\\/\\\/fuentesfidedignas.com.mx\\\/index.php\\\/2023\\\/11\\\/02\\\/volar-desde-el-aifa-te-saldra-mas-caro-tua-sube-a-partir-de-esta-fecha\\\/#primaryimage\"},\"image\":{\"@id\":\"https:\\\/\\\/fuentesfidedignas.com.mx\\\/index.php\\\/2023\\\/11\\\/02\\\/volar-desde-el-aifa-te-saldra-mas-caro-tua-sube-a-partir-de-esta-fecha\\\/#primaryimage\"},\"thumbnailUrl\":\"https:\\\/\\\/fuentesfidedignas.com.mx\\\/wp-content\\\/uploads\\\/2023\\\/11\\\/Screenshot_20231102_102404_Chrome.jpg\",\"datePublished\":\"2023-11-02T17:26:16+00:00\",\"dateModified\":\"2023-11-02T17:27:24+00:00\",\"breadcrumb\":{\"@id\":\"https:\\\/\\\/fuentesfidedignas.com.mx\\\/index.php\\\/2023\\\/11\\\/02\\\/volar-desde-el-aifa-te-saldra-mas-caro-tua-sube-a-partir-de-esta-fecha\\\/#breadcrumb\"},\"inLanguage\":\"es\",\"potentialAction\":[{\"@type\":\"ReadAction\",\"target\":[\"https:\\\/\\\/fuentesfidedignas.com.mx\\\/index.php\\\/2023\\\/11\\\/02\\\/volar-desde-el-aifa-te-saldra-mas-caro-tua-sube-a-partir-de-esta-fecha\\\/\"]}]},{\"@type\":\"ImageObject\",\"inLanguage\":\"es\",\"@id\":\"https:\\\/\\\/fuentesfidedignas.com.mx\\\/index.php\\\/2023\\\/11\\\/02\\\/volar-desde-el-aifa-te-saldra-mas-caro-tua-sube-a-partir-de-esta-fecha\\\/#primaryimage\",\"url\":\"https:\\\/\\\/fuentesfidedignas.com.mx\\\/wp-content\\\/uploads\\\/2023\\\/11\\\/Screenshot_20231102_102404_Chrome.jpg\",\"contentUrl\":\"https:\\\/\\\/fuentesfidedignas.com.mx\\\/wp-content\\\/uploads\\\/2023\\\/11\\\/Screenshot_20231102_102404_Chrome.jpg\",\"width\":1079,\"height\":606},{\"@type\":\"BreadcrumbList\",\"@id\":\"https:\\\/\\\/fuentesfidedignas.com.mx\\\/index.php\\\/2023\\\/11\\\/02\\\/volar-desde-el-aifa-te-saldra-mas-caro-tua-sube-a-partir-de-esta-fecha\\\/#breadcrumb\",\"itemListElement\":[{\"@type\":\"ListItem\",\"position\":1,\"name\":\"Inicio\",\"item\":\"https:\\\/\\\/fuentesfidedignas.com.mx\\\/\"},{\"@type\":\"ListItem\",\"position\":2,\"name\":\"Volar desde el AIFA te saldr\u00e1 m\u00e1s \u2018caro\u2019: TUA sube a partir de esta fecha\"}]},{\"@type\":\"WebSite\",\"@id\":\"https:\\\/\\\/fuentesfidedignas.com.mx\\\/#website\",\"url\":\"https:\\\/\\\/fuentesfidedignas.com.mx\\\/\",\"name\":\"Fuentes Fidedignas\",\"description\":\"Otro sitio realizado con WordPress\",\"publisher\":{\"@id\":\"https:\\\/\\\/fuentesfidedignas.com.mx\\\/#organization\"},\"potentialAction\":[{\"@type\":\"SearchAction\",\"target\":{\"@type\":\"EntryPoint\",\"urlTemplate\":\"https:\\\/\\\/fuentesfidedignas.com.mx\\\/?s={search_term_string}\"},\"query-input\":{\"@type\":\"PropertyValueSpecification\",\"valueRequired\":true,\"valueName\":\"search_term_string\"}}],\"inLanguage\":\"es\"},{\"@type\":\"Organization\",\"@id\":\"https:\\\/\\\/fuentesfidedignas.com.mx\\\/#organization\",\"name\":\"Fuentes Fidedignas\",\"url\":\"https:\\\/\\\/fuentesfidedignas.com.mx\\\/\",\"logo\":{\"@type\":\"ImageObject\",\"inLanguage\":\"es\",\"@id\":\"https:\\\/\\\/fuentesfidedignas.com.mx\\\/#\\\/schema\\\/logo\\\/image\\\/\",\"url\":\"https:\\\/\\\/fuentesfidedignas.com.mx\\\/wp-content\\\/uploads\\\/2021\\\/04\\\/logo-retina.png\",\"contentUrl\":\"https:\\\/\\\/fuentesfidedignas.com.mx\\\/wp-content\\\/uploads\\\/2021\\\/04\\\/logo-retina.png\",\"width\":280,\"height\":51,\"caption\":\"Fuentes Fidedignas\"},\"image\":{\"@id\":\"https:\\\/\\\/fuentesfidedignas.com.mx\\\/#\\\/schema\\\/logo\\\/image\\\/\"},\"sameAs\":[\"https:\\\/\\\/www.facebook.com\\\/Fuentes-Fidedignas-368234489921644\",\"https:\\\/\\\/x.com\\\/fidedignas\"]},{\"@type\":\"Person\",\"@id\":\"https:\\\/\\\/fuentesfidedignas.com.mx\\\/#\\\/schema\\\/person\\\/494f7e0dce8dfaaec5b64f16615b78e9\",\"name\":\"El Financiero\",\"image\":{\"@type\":\"ImageObject\",\"inLanguage\":\"es\",\"@id\":\"https:\\\/\\\/secure.gravatar.com\\\/avatar\\\/88c0f3f2079389318ef8dd35c22cb997212aa89646e357ba59b318db26ed91a9?s=96&d=mm&r=g\",\"url\":\"https:\\\/\\\/secure.gravatar.com\\\/avatar\\\/88c0f3f2079389318ef8dd35c22cb997212aa89646e357ba59b318db26ed91a9?s=96&d=mm&r=g\",\"contentUrl\":\"https:\\\/\\\/secure.gravatar.com\\\/avatar\\\/88c0f3f2079389318ef8dd35c22cb997212aa89646e357ba59b318db26ed91a9?s=96&d=mm&r=g\",\"caption\":\"El Financiero\"},\"url\":\"https:\\\/\\\/fuentesfidedignas.com.mx\\\/index.php\\\/author\\\/financiero\\\/\"}]}<\/script>\n<!-- \/ Yoast SEO plugin. -->","yoast_head_json":{"title":"Volar desde el AIFA te saldr\u00e1 m\u00e1s \u2018caro\u2019: TUA sube a partir de esta fecha - Fuentes Fidedignas","robots":{"index":"index","follow":"follow","max-snippet":"max-snippet:-1","max-image-preview":"max-image-preview:large","max-video-preview":"max-video-preview:-1"},"canonical":"https:\/\/fuentesfidedignas.com.mx\/index.php\/2023\/11\/02\/volar-desde-el-aifa-te-saldra-mas-caro-tua-sube-a-partir-de-esta-fecha\/","og_locale":"es_MX","og_type":"article","og_title":"Volar desde el AIFA te saldr\u00e1 m\u00e1s \u2018caro\u2019: TUA sube a partir de esta fecha - Fuentes Fidedignas","og_description":"La TUA del AIFA aument\u00f3 25.7 por ciento para vuelos nacionales y 8.6 por ciento en internacionales El Gobierno de M\u00e9xico anunci\u00f3 el aumento de la&nbsp;Tarifa de Uso Aeroportuario (TUA)&nbsp;del Aeropuerto Internacional Felipe \u00c1ngeles (AIFA) en&nbsp;vuelos nacionales e internacionales, estos \u00faltimos con un incremento del&nbsp;25.7 por ciento. De acuerdo con el AIFA,&nbsp;a partir del 9 [&hellip;]","og_url":"https:\/\/fuentesfidedignas.com.mx\/index.php\/2023\/11\/02\/volar-desde-el-aifa-te-saldra-mas-caro-tua-sube-a-partir-de-esta-fecha\/","og_site_name":"Fuentes Fidedignas","article_publisher":"https:\/\/www.facebook.com\/Fuentes-Fidedignas-368234489921644","article_published_time":"2023-11-02T17:26:16+00:00","article_modified_time":"2023-11-02T17:27:24+00:00","og_image":[{"width":1079,"height":606,"url":"https:\/\/fuentesfidedignas.com.mx\/wp-content\/uploads\/2023\/11\/Screenshot_20231102_102404_Chrome.jpg","type":"image\/jpeg"}],"author":"El Financiero","twitter_card":"summary_large_image","twitter_creator":"@fidedignas","twitter_site":"@fidedignas","twitter_misc":{"Escrito por":"El Financiero","Tiempo de lectura":"2 minutos"},"schema":{"@context":"https:\/\/schema.org","@graph":[{"@type":"Article","@id":"https:\/\/fuentesfidedignas.com.mx\/index.php\/2023\/11\/02\/volar-desde-el-aifa-te-saldra-mas-caro-tua-sube-a-partir-de-esta-fecha\/#article","isPartOf":{"@id":"https:\/\/fuentesfidedignas.com.mx\/index.php\/2023\/11\/02\/volar-desde-el-aifa-te-saldra-mas-caro-tua-sube-a-partir-de-esta-fecha\/"},"author":{"name":"El Financiero","@id":"https:\/\/fuentesfidedignas.com.mx\/#\/schema\/person\/494f7e0dce8dfaaec5b64f16615b78e9"},"headline":"Volar desde el AIFA te saldr\u00e1 m\u00e1s \u2018caro\u2019: TUA sube a partir de esta fecha","datePublished":"2023-11-02T17:26:16+00:00","dateModified":"2023-11-02T17:27:24+00:00","mainEntityOfPage":{"@id":"https:\/\/fuentesfidedignas.com.mx\/index.php\/2023\/11\/02\/volar-desde-el-aifa-te-saldra-mas-caro-tua-sube-a-partir-de-esta-fecha\/"},"wordCount":660,"commentCount":0,"publisher":{"@id":"https:\/\/fuentesfidedignas.com.mx\/#organization"},"image":{"@id":"https:\/\/fuentesfidedignas.com.mx\/index.php\/2023\/11\/02\/volar-desde-el-aifa-te-saldra-mas-caro-tua-sube-a-partir-de-esta-fecha\/#primaryimage"},"thumbnailUrl":"https:\/\/fuentesfidedignas.com.mx\/wp-content\/uploads\/2023\/11\/Screenshot_20231102_102404_Chrome.jpg","articleSection":["NOTICIAS NACIONALES"],"inLanguage":"es","potentialAction":[{"@type":"CommentAction","name":"Comment","target":["https:\/\/fuentesfidedignas.com.mx\/index.php\/2023\/11\/02\/volar-desde-el-aifa-te-saldra-mas-caro-tua-sube-a-partir-de-esta-fecha\/#respond"]}]},{"@type":"WebPage","@id":"https:\/\/fuentesfidedignas.com.mx\/index.php\/2023\/11\/02\/volar-desde-el-aifa-te-saldra-mas-caro-tua-sube-a-partir-de-esta-fecha\/","url":"https:\/\/fuentesfidedignas.com.mx\/index.php\/2023\/11\/02\/volar-desde-el-aifa-te-saldra-mas-caro-tua-sube-a-partir-de-esta-fecha\/","name":"Volar desde el AIFA te saldr\u00e1 m\u00e1s \u2018caro\u2019: TUA sube a partir de esta fecha - Fuentes Fidedignas","isPartOf":{"@id":"https:\/\/fuentesfidedignas.com.mx\/#website"},"primaryImageOfPage":{"@id":"https:\/\/fuentesfidedignas.com.mx\/index.php\/2023\/11\/02\/volar-desde-el-aifa-te-saldra-mas-caro-tua-sube-a-partir-de-esta-fecha\/#primaryimage"},"image":{"@id":"https:\/\/fuentesfidedignas.com.mx\/index.php\/2023\/11\/02\/volar-desde-el-aifa-te-saldra-mas-caro-tua-sube-a-partir-de-esta-fecha\/#primaryimage"},"thumbnailUrl":"https:\/\/fuentesfidedignas.com.mx\/wp-content\/uploads\/2023\/11\/Screenshot_20231102_102404_Chrome.jpg","datePublished":"2023-11-02T17:26:16+00:00","dateModified":"2023-11-02T17:27:24+00:00","breadcrumb":{"@id":"https:\/\/fuentesfidedignas.com.mx\/index.php\/2023\/11\/02\/volar-desde-el-aifa-te-saldra-mas-caro-tua-sube-a-partir-de-esta-fecha\/#breadcrumb"},"inLanguage":"es","potentialAction":[{"@type":"ReadAction","target":["https:\/\/fuentesfidedignas.com.mx\/index.php\/2023\/11\/02\/volar-desde-el-aifa-te-saldra-mas-caro-tua-sube-a-partir-de-esta-fecha\/"]}]},{"@type":"ImageObject","inLanguage":"es","@id":"https:\/\/fuentesfidedignas.com.mx\/index.php\/2023\/11\/02\/volar-desde-el-aifa-te-saldra-mas-caro-tua-sube-a-partir-de-esta-fecha\/#primaryimage","url":"https:\/\/fuentesfidedignas.com.mx\/wp-content\/uploads\/2023\/11\/Screenshot_20231102_102404_Chrome.jpg","contentUrl":"https:\/\/fuentesfidedignas.com.mx\/wp-content\/uploads\/2023\/11\/Screenshot_20231102_102404_Chrome.jpg","width":1079,"height":606},{"@type":"BreadcrumbList","@id":"https:\/\/fuentesfidedignas.com.mx\/index.php\/2023\/11\/02\/volar-desde-el-aifa-te-saldra-mas-caro-tua-sube-a-partir-de-esta-fecha\/#breadcrumb","itemListElement":[{"@type":"ListItem","position":1,"name":"Inicio","item":"https:\/\/fuentesfidedignas.com.mx\/"},{"@type":"ListItem","position":2,"name":"Volar desde el AIFA te saldr\u00e1 m\u00e1s \u2018caro\u2019: TUA sube a partir de esta fecha"}]},{"@type":"WebSite","@id":"https:\/\/fuentesfidedignas.com.mx\/#website","url":"https:\/\/fuentesfidedignas.com.mx\/","name":"Fuentes Fidedignas","description":"Otro sitio realizado con WordPress","publisher":{"@id":"https:\/\/fuentesfidedignas.com.mx\/#organization"},"potentialAction":[{"@type":"SearchAction","target":{"@type":"EntryPoint","urlTemplate":"https:\/\/fuentesfidedignas.com.mx\/?s={search_term_string}"},"query-input":{"@type":"PropertyValueSpecification","valueRequired":true,"valueName":"search_term_string"}}],"inLanguage":"es"},{"@type":"Organization","@id":"https:\/\/fuentesfidedignas.com.mx\/#organization","name":"Fuentes Fidedignas","url":"https:\/\/fuentesfidedignas.com.mx\/","logo":{"@type":"ImageObject","inLanguage":"es","@id":"https:\/\/fuentesfidedignas.com.mx\/#\/schema\/logo\/image\/","url":"https:\/\/fuentesfidedignas.com.mx\/wp-content\/uploads\/2021\/04\/logo-retina.png","contentUrl":"https:\/\/fuentesfidedignas.com.mx\/wp-content\/uploads\/2021\/04\/logo-retina.png","width":280,"height":51,"caption":"Fuentes Fidedignas"},"image":{"@id":"https:\/\/fuentesfidedignas.com.mx\/#\/schema\/logo\/image\/"},"sameAs":["https:\/\/www.facebook.com\/Fuentes-Fidedignas-368234489921644","https:\/\/x.com\/fidedignas"]},{"@type":"Person","@id":"https:\/\/fuentesfidedignas.com.mx\/#\/schema\/person\/494f7e0dce8dfaaec5b64f16615b78e9","name":"El Financiero","image":{"@type":"ImageObject","inLanguage":"es","@id":"https:\/\/secure.gravatar.com\/avatar\/88c0f3f2079389318ef8dd35c22cb997212aa89646e357ba59b318db26ed91a9?s=96&d=mm&r=g","url":"https:\/\/secure.gravatar.com\/avatar\/88c0f3f2079389318ef8dd35c22cb997212aa89646e357ba59b318db26ed91a9?s=96&d=mm&r=g","contentUrl":"https:\/\/secure.gravatar.com\/avatar\/88c0f3f2079389318ef8dd35c22cb997212aa89646e357ba59b318db26ed91a9?s=96&d=mm&r=g","caption":"El Financiero"},"url":"https:\/\/fuentesfidedignas.com.mx\/index.php\/author\/financiero\/"}]}},"_links":{"self":[{"href":"https:\/\/fuentesfidedignas.com.mx\/index.php\/wp-json\/wp\/v2\/posts\/64513","targetHints":{"allow":["GET"]}}],"collection":[{"href":"https:\/\/fuentesfidedignas.com.mx\/index.php\/wp-json\/wp\/v2\/posts"}],"about":[{"href":"https:\/\/fuentesfidedignas.com.mx\/index.php\/wp-json\/wp\/v2\/types\/post"}],"author":[{"embeddable":true,"href":"https:\/\/fuentesfidedignas.com.mx\/index.php\/wp-json\/wp\/v2\/users\/21"}],"replies":[{"embeddable":true,"href":"https:\/\/fuentesfidedignas.com.mx\/index.php\/wp-json\/wp\/v2\/comments?post=64513"}],"version-history":[{"count":1,"href":"https:\/\/fuentesfidedignas.com.mx\/index.php\/wp-json\/wp\/v2\/posts\/64513\/revisions"}],"predecessor-version":[{"id":64514,"href":"https:\/\/fuentesfidedignas.com.mx\/index.php\/wp-json\/wp\/v2\/posts\/64513\/revisions\/64514"}],"wp:featuredmedia":[{"embeddable":true,"href":"https:\/\/fuentesfidedignas.com.mx\/index.php\/wp-json\/wp\/v2\/media\/64515"}],"wp:attachment":[{"href":"https:\/\/fuentesfidedignas.com.mx\/index.php\/wp-json\/wp\/v2\/media?parent=64513"}],"wp:term":[{"taxonomy":"category","embeddable":true,"href":"https:\/\/fuentesfidedignas.com.mx\/index.php\/wp-json\/wp\/v2\/categories?post=64513"},{"taxonomy":"post_tag","embeddable":true,"href":"https:\/\/fuentesfidedignas.com.mx\/index.php\/wp-json\/wp\/v2\/tags?post=64513"}],"curies":[{"name":"wp","href":"https:\/\/api.w.org\/{rel}","templated":true}]}}