{"id":64510,"date":"2023-11-02T09:16:30","date_gmt":"2023-11-02T16:16:30","guid":{"rendered":"https:\/\/fuentesfidedignas.com.mx\/?p=64510"},"modified":"2023-11-02T09:17:47","modified_gmt":"2023-11-02T16:17:47","slug":"diputados-van-por-recorte-a-presupuesto-de-poder-judicial-ine-e-inai","status":"publish","type":"post","link":"https:\/\/fuentesfidedignas.com.mx\/index.php\/2023\/11\/02\/diputados-van-por-recorte-a-presupuesto-de-poder-judicial-ine-e-inai\/","title":{"rendered":"Diputados van por recorte a presupuesto de Poder Judicial, INE e INAI"},"content":{"rendered":"\n<p><em><strong>El proyecto de dictamen del Presupuesto de Egresos 2024 prev\u00e9 recorte de m\u00e1s de 13 mil mdp para Poderes y \u00f3rganos aut\u00f3nomos<\/strong><\/em><\/p>\n\n\n\n<p>El Proyecto de Dictamen del&nbsp;<strong>Presupuesto de Egresos 2024<\/strong>&nbsp;prev\u00e9 un&nbsp;<strong>recorte de 13 mil 262 millones&nbsp;<\/strong>de pesos a&nbsp;<strong>Poderes y \u00f3rganos aut\u00f3nomos.<\/strong><\/p>\n\n\n\n<p>Dicho proyecto, que deber-a ser votado el pr\u00f3ximo 3 de noviembre en la<strong>&nbsp;Comisi\u00f3n de Presupuesto y Cuenta P\u00fablica de la&nbsp;<a href=\"https:\/\/web.diputados.gob.mx\/inicio\" target=\"_blank\" rel=\"noreferrer noopener\">C\u00e1mara de Diputados<\/a><\/strong>, tiene un recorte al&nbsp;<a href=\"https:\/\/lopezdoriga.com\/nacional\/juez-federal-suspende-eliminacion-de-fideicomisos-del-poder-judicial\/\" target=\"_blank\" rel=\"noreferrer noopener\"><strong>Poder Judicial<\/strong><\/a>&nbsp;de<strong>&nbsp;6 mil 465 millones de pesos<\/strong>, de los 84 mil 792 millones que pidi\u00f3.<\/p>\n\n\n\n<p>Adem\u00e1s, al\u00a0<strong>Instituto Nacional Electoral (INE)<\/strong>\u00a0se le estar\u00edan disminuyendo un total de<strong>\u00a05 mil millones de pesos<\/strong>\u00a0de los 37 mil 700 millones de pesos que solicit\u00f3 a los legisladores.<\/p>\n\n\n\n<p>En el caso del Instituto Nacional de Transparencia, Acceso a la Informaci\u00f3n y Protecci\u00f3n de Datos Personales (<strong>INAI<\/strong>) su recorte&nbsp;ser\u00eda de&nbsp;<strong>71 millones 48 mil pesos<\/strong>, mientras que para la&nbsp;<strong>Comisi\u00f3n Federal de Competencia Econ\u00f3mica<\/strong>, se les disminuir\u00edan&nbsp;<strong>86 millones 187 mil pesos.<\/strong><\/p>\n\n\n\n<p>No se hicieron recortes presupuestales tanto a la Comisi\u00f3n Nacional de los Derechos Humanos (<strong>CNDH<\/strong>), a la Fiscal\u00eda General de la Rep\u00fablica (<strong>FGR<\/strong>) y al Instituto Federal de Telecomunicaciones (<strong>IFT<\/strong>).<\/p>\n\n\n\n<p>En el caso de las&nbsp;<strong>C\u00e1maras de Diputados y de Senadores<\/strong>, habr\u00eda recortes de<strong>&nbsp;mil 636 millones de pesos<\/strong>, de 18 mil 397 millones.<\/p>\n\n\n\n<p>Se prev\u00e9 que tras su discusi\u00f3n y aprobaci\u00f3n este viernes en comisiones de San L\u00e1zaro, el proyecto del Presupuesto de Egresos 2024 se discuta en el Pleno el pr\u00f3ximo lunes 6 de noviembre.<\/p>\n","protected":false},"excerpt":{"rendered":"<p>El proyecto de dictamen del Presupuesto de Egresos 2024 prev\u00e9 recorte de m\u00e1s de 13 mil mdp para Poderes y \u00f3rganos aut\u00f3nomos El Proyecto de Dictamen del&nbsp;Presupuesto de Egresos 2024&nbsp;prev\u00e9 un&nbsp;recorte de 13 mil 262 millones&nbsp;de pesos a&nbsp;Poderes y \u00f3rganos aut\u00f3nomos. Dicho proyecto, que deber-a ser votado el pr\u00f3ximo 3 de noviembre en la&nbsp;Comisi\u00f3n de [&hellip;]<\/p>\n","protected":false},"author":47,"featured_media":64512,"comment_status":"open","ping_status":"open","sticky":false,"template":"","format":"standard","meta":{"tdm_status":"","tdm_grid_status":"","footnotes":""},"categories":[39,1],"tags":[],"class_list":{"0":"post-64510","1":"post","2":"type-post","3":"status-publish","4":"format-standard","5":"has-post-thumbnail","7":"category-noticias-nacionales","8":"category-sin-categoria"},"yoast_head":"<!-- This site is optimized with the Yoast SEO plugin v27.5 - https:\/\/yoast.com\/product\/yoast-seo-wordpress\/ -->\n<title>Diputados van por recorte a presupuesto de Poder Judicial, INE e INAI - Fuentes Fidedignas<\/title>\n<meta name=\"robots\" content=\"index, follow, max-snippet:-1, max-image-preview:large, max-video-preview:-1\" \/>\n<link rel=\"canonical\" href=\"https:\/\/fuentesfidedignas.com.mx\/index.php\/2023\/11\/02\/diputados-van-por-recorte-a-presupuesto-de-poder-judicial-ine-e-inai\/\" \/>\n<meta property=\"og:locale\" content=\"es_MX\" \/>\n<meta property=\"og:type\" content=\"article\" \/>\n<meta property=\"og:title\" content=\"Diputados van por recorte a presupuesto de Poder Judicial, INE e INAI - Fuentes Fidedignas\" \/>\n<meta property=\"og:description\" content=\"El proyecto de dictamen del Presupuesto de Egresos 2024 prev\u00e9 recorte de m\u00e1s de 13 mil mdp para Poderes y \u00f3rganos aut\u00f3nomos El Proyecto de Dictamen del&nbsp;Presupuesto de Egresos 2024&nbsp;prev\u00e9 un&nbsp;recorte de 13 mil 262 millones&nbsp;de pesos a&nbsp;Poderes y \u00f3rganos aut\u00f3nomos. Dicho proyecto, que deber-a ser votado el pr\u00f3ximo 3 de noviembre en la&nbsp;Comisi\u00f3n de [&hellip;]\" \/>\n<meta property=\"og:url\" content=\"https:\/\/fuentesfidedignas.com.mx\/index.php\/2023\/11\/02\/diputados-van-por-recorte-a-presupuesto-de-poder-judicial-ine-e-inai\/\" \/>\n<meta property=\"og:site_name\" content=\"Fuentes Fidedignas\" \/>\n<meta property=\"article:publisher\" content=\"https:\/\/www.facebook.com\/Fuentes-Fidedignas-368234489921644\" \/>\n<meta property=\"article:published_time\" content=\"2023-11-02T16:16:30+00:00\" \/>\n<meta property=\"article:modified_time\" content=\"2023-11-02T16:17:47+00:00\" \/>\n<meta property=\"og:image\" content=\"https:\/\/fuentesfidedignas.com.mx\/wp-content\/uploads\/2023\/11\/pleno-de-la-camara-de-diputados.jpeg\" \/>\n\t<meta property=\"og:image:width\" content=\"1024\" \/>\n\t<meta property=\"og:image:height\" content=\"682\" \/>\n\t<meta property=\"og:image:type\" content=\"image\/jpeg\" \/>\n<meta name=\"author\" content=\"L\u00f3pez D\u00f3riga\" \/>\n<meta name=\"twitter:card\" content=\"summary_large_image\" \/>\n<meta name=\"twitter:creator\" content=\"@fidedignas\" \/>\n<meta name=\"twitter:site\" content=\"@fidedignas\" \/>\n<meta name=\"twitter:label1\" content=\"Escrito por\" \/>\n\t<meta name=\"twitter:data1\" content=\"L\u00f3pez D\u00f3riga\" \/>\n\t<meta name=\"twitter:label2\" content=\"Tiempo de lectura\" \/>\n\t<meta name=\"twitter:data2\" content=\"2 minutos\" \/>\n<script type=\"application\/ld+json\" class=\"yoast-schema-graph\">{\"@context\":\"https:\\\/\\\/schema.org\",\"@graph\":[{\"@type\":\"Article\",\"@id\":\"https:\\\/\\\/fuentesfidedignas.com.mx\\\/index.php\\\/2023\\\/11\\\/02\\\/diputados-van-por-recorte-a-presupuesto-de-poder-judicial-ine-e-inai\\\/#article\",\"isPartOf\":{\"@id\":\"https:\\\/\\\/fuentesfidedignas.com.mx\\\/index.php\\\/2023\\\/11\\\/02\\\/diputados-van-por-recorte-a-presupuesto-de-poder-judicial-ine-e-inai\\\/\"},\"author\":{\"name\":\"L\u00f3pez D\u00f3riga\",\"@id\":\"https:\\\/\\\/fuentesfidedignas.com.mx\\\/#\\\/schema\\\/person\\\/67d852f0557c8509146a4b9ddebd543a\"},\"headline\":\"Diputados van por recorte a presupuesto de Poder Judicial, INE e INAI\",\"datePublished\":\"2023-11-02T16:16:30+00:00\",\"dateModified\":\"2023-11-02T16:17:47+00:00\",\"mainEntityOfPage\":{\"@id\":\"https:\\\/\\\/fuentesfidedignas.com.mx\\\/index.php\\\/2023\\\/11\\\/02\\\/diputados-van-por-recorte-a-presupuesto-de-poder-judicial-ine-e-inai\\\/\"},\"wordCount\":283,\"commentCount\":0,\"publisher\":{\"@id\":\"https:\\\/\\\/fuentesfidedignas.com.mx\\\/#organization\"},\"image\":{\"@id\":\"https:\\\/\\\/fuentesfidedignas.com.mx\\\/index.php\\\/2023\\\/11\\\/02\\\/diputados-van-por-recorte-a-presupuesto-de-poder-judicial-ine-e-inai\\\/#primaryimage\"},\"thumbnailUrl\":\"https:\\\/\\\/fuentesfidedignas.com.mx\\\/wp-content\\\/uploads\\\/2023\\\/11\\\/pleno-de-la-camara-de-diputados.jpeg\",\"articleSection\":[\"NOTICIAS NACIONALES\"],\"inLanguage\":\"es\",\"potentialAction\":[{\"@type\":\"CommentAction\",\"name\":\"Comment\",\"target\":[\"https:\\\/\\\/fuentesfidedignas.com.mx\\\/index.php\\\/2023\\\/11\\\/02\\\/diputados-van-por-recorte-a-presupuesto-de-poder-judicial-ine-e-inai\\\/#respond\"]}]},{\"@type\":\"WebPage\",\"@id\":\"https:\\\/\\\/fuentesfidedignas.com.mx\\\/index.php\\\/2023\\\/11\\\/02\\\/diputados-van-por-recorte-a-presupuesto-de-poder-judicial-ine-e-inai\\\/\",\"url\":\"https:\\\/\\\/fuentesfidedignas.com.mx\\\/index.php\\\/2023\\\/11\\\/02\\\/diputados-van-por-recorte-a-presupuesto-de-poder-judicial-ine-e-inai\\\/\",\"name\":\"Diputados van por recorte a presupuesto de Poder Judicial, INE e INAI - Fuentes Fidedignas\",\"isPartOf\":{\"@id\":\"https:\\\/\\\/fuentesfidedignas.com.mx\\\/#website\"},\"primaryImageOfPage\":{\"@id\":\"https:\\\/\\\/fuentesfidedignas.com.mx\\\/index.php\\\/2023\\\/11\\\/02\\\/diputados-van-por-recorte-a-presupuesto-de-poder-judicial-ine-e-inai\\\/#primaryimage\"},\"image\":{\"@id\":\"https:\\\/\\\/fuentesfidedignas.com.mx\\\/index.php\\\/2023\\\/11\\\/02\\\/diputados-van-por-recorte-a-presupuesto-de-poder-judicial-ine-e-inai\\\/#primaryimage\"},\"thumbnailUrl\":\"https:\\\/\\\/fuentesfidedignas.com.mx\\\/wp-content\\\/uploads\\\/2023\\\/11\\\/pleno-de-la-camara-de-diputados.jpeg\",\"datePublished\":\"2023-11-02T16:16:30+00:00\",\"dateModified\":\"2023-11-02T16:17:47+00:00\",\"breadcrumb\":{\"@id\":\"https:\\\/\\\/fuentesfidedignas.com.mx\\\/index.php\\\/2023\\\/11\\\/02\\\/diputados-van-por-recorte-a-presupuesto-de-poder-judicial-ine-e-inai\\\/#breadcrumb\"},\"inLanguage\":\"es\",\"potentialAction\":[{\"@type\":\"ReadAction\",\"target\":[\"https:\\\/\\\/fuentesfidedignas.com.mx\\\/index.php\\\/2023\\\/11\\\/02\\\/diputados-van-por-recorte-a-presupuesto-de-poder-judicial-ine-e-inai\\\/\"]}]},{\"@type\":\"ImageObject\",\"inLanguage\":\"es\",\"@id\":\"https:\\\/\\\/fuentesfidedignas.com.mx\\\/index.php\\\/2023\\\/11\\\/02\\\/diputados-van-por-recorte-a-presupuesto-de-poder-judicial-ine-e-inai\\\/#primaryimage\",\"url\":\"https:\\\/\\\/fuentesfidedignas.com.mx\\\/wp-content\\\/uploads\\\/2023\\\/11\\\/pleno-de-la-camara-de-diputados.jpeg\",\"contentUrl\":\"https:\\\/\\\/fuentesfidedignas.com.mx\\\/wp-content\\\/uploads\\\/2023\\\/11\\\/pleno-de-la-camara-de-diputados.jpeg\",\"width\":1024,\"height\":682},{\"@type\":\"BreadcrumbList\",\"@id\":\"https:\\\/\\\/fuentesfidedignas.com.mx\\\/index.php\\\/2023\\\/11\\\/02\\\/diputados-van-por-recorte-a-presupuesto-de-poder-judicial-ine-e-inai\\\/#breadcrumb\",\"itemListElement\":[{\"@type\":\"ListItem\",\"position\":1,\"name\":\"Inicio\",\"item\":\"https:\\\/\\\/fuentesfidedignas.com.mx\\\/\"},{\"@type\":\"ListItem\",\"position\":2,\"name\":\"Diputados van por recorte a presupuesto de Poder Judicial, INE e INAI\"}]},{\"@type\":\"WebSite\",\"@id\":\"https:\\\/\\\/fuentesfidedignas.com.mx\\\/#website\",\"url\":\"https:\\\/\\\/fuentesfidedignas.com.mx\\\/\",\"name\":\"Fuentes Fidedignas\",\"description\":\"Otro sitio realizado con WordPress\",\"publisher\":{\"@id\":\"https:\\\/\\\/fuentesfidedignas.com.mx\\\/#organization\"},\"potentialAction\":[{\"@type\":\"SearchAction\",\"target\":{\"@type\":\"EntryPoint\",\"urlTemplate\":\"https:\\\/\\\/fuentesfidedignas.com.mx\\\/?s={search_term_string}\"},\"query-input\":{\"@type\":\"PropertyValueSpecification\",\"valueRequired\":true,\"valueName\":\"search_term_string\"}}],\"inLanguage\":\"es\"},{\"@type\":\"Organization\",\"@id\":\"https:\\\/\\\/fuentesfidedignas.com.mx\\\/#organization\",\"name\":\"Fuentes Fidedignas\",\"url\":\"https:\\\/\\\/fuentesfidedignas.com.mx\\\/\",\"logo\":{\"@type\":\"ImageObject\",\"inLanguage\":\"es\",\"@id\":\"https:\\\/\\\/fuentesfidedignas.com.mx\\\/#\\\/schema\\\/logo\\\/image\\\/\",\"url\":\"https:\\\/\\\/fuentesfidedignas.com.mx\\\/wp-content\\\/uploads\\\/2021\\\/04\\\/logo-retina.png\",\"contentUrl\":\"https:\\\/\\\/fuentesfidedignas.com.mx\\\/wp-content\\\/uploads\\\/2021\\\/04\\\/logo-retina.png\",\"width\":280,\"height\":51,\"caption\":\"Fuentes Fidedignas\"},\"image\":{\"@id\":\"https:\\\/\\\/fuentesfidedignas.com.mx\\\/#\\\/schema\\\/logo\\\/image\\\/\"},\"sameAs\":[\"https:\\\/\\\/www.facebook.com\\\/Fuentes-Fidedignas-368234489921644\",\"https:\\\/\\\/x.com\\\/fidedignas\"]},{\"@type\":\"Person\",\"@id\":\"https:\\\/\\\/fuentesfidedignas.com.mx\\\/#\\\/schema\\\/person\\\/67d852f0557c8509146a4b9ddebd543a\",\"name\":\"L\u00f3pez D\u00f3riga\",\"image\":{\"@type\":\"ImageObject\",\"inLanguage\":\"es\",\"@id\":\"https:\\\/\\\/secure.gravatar.com\\\/avatar\\\/e525b06574ca18b33cded59dfe5778d6c823b9513154eff47da551b0551bdd1e?s=96&d=mm&r=g\",\"url\":\"https:\\\/\\\/secure.gravatar.com\\\/avatar\\\/e525b06574ca18b33cded59dfe5778d6c823b9513154eff47da551b0551bdd1e?s=96&d=mm&r=g\",\"contentUrl\":\"https:\\\/\\\/secure.gravatar.com\\\/avatar\\\/e525b06574ca18b33cded59dfe5778d6c823b9513154eff47da551b0551bdd1e?s=96&d=mm&r=g\",\"caption\":\"L\u00f3pez D\u00f3riga\"},\"url\":\"https:\\\/\\\/fuentesfidedignas.com.mx\\\/index.php\\\/author\\\/doriga\\\/\"}]}<\/script>\n<!-- \/ Yoast SEO plugin. -->","yoast_head_json":{"title":"Diputados van por recorte a presupuesto de Poder Judicial, INE e INAI - Fuentes Fidedignas","robots":{"index":"index","follow":"follow","max-snippet":"max-snippet:-1","max-image-preview":"max-image-preview:large","max-video-preview":"max-video-preview:-1"},"canonical":"https:\/\/fuentesfidedignas.com.mx\/index.php\/2023\/11\/02\/diputados-van-por-recorte-a-presupuesto-de-poder-judicial-ine-e-inai\/","og_locale":"es_MX","og_type":"article","og_title":"Diputados van por recorte a presupuesto de Poder Judicial, INE e INAI - Fuentes Fidedignas","og_description":"El proyecto de dictamen del Presupuesto de Egresos 2024 prev\u00e9 recorte de m\u00e1s de 13 mil mdp para Poderes y \u00f3rganos aut\u00f3nomos El Proyecto de Dictamen del&nbsp;Presupuesto de Egresos 2024&nbsp;prev\u00e9 un&nbsp;recorte de 13 mil 262 millones&nbsp;de pesos a&nbsp;Poderes y \u00f3rganos aut\u00f3nomos. Dicho proyecto, que deber-a ser votado el pr\u00f3ximo 3 de noviembre en la&nbsp;Comisi\u00f3n de [&hellip;]","og_url":"https:\/\/fuentesfidedignas.com.mx\/index.php\/2023\/11\/02\/diputados-van-por-recorte-a-presupuesto-de-poder-judicial-ine-e-inai\/","og_site_name":"Fuentes Fidedignas","article_publisher":"https:\/\/www.facebook.com\/Fuentes-Fidedignas-368234489921644","article_published_time":"2023-11-02T16:16:30+00:00","article_modified_time":"2023-11-02T16:17:47+00:00","og_image":[{"width":1024,"height":682,"url":"https:\/\/fuentesfidedignas.com.mx\/wp-content\/uploads\/2023\/11\/pleno-de-la-camara-de-diputados.jpeg","type":"image\/jpeg"}],"author":"L\u00f3pez D\u00f3riga","twitter_card":"summary_large_image","twitter_creator":"@fidedignas","twitter_site":"@fidedignas","twitter_misc":{"Escrito por":"L\u00f3pez D\u00f3riga","Tiempo de lectura":"2 minutos"},"schema":{"@context":"https:\/\/schema.org","@graph":[{"@type":"Article","@id":"https:\/\/fuentesfidedignas.com.mx\/index.php\/2023\/11\/02\/diputados-van-por-recorte-a-presupuesto-de-poder-judicial-ine-e-inai\/#article","isPartOf":{"@id":"https:\/\/fuentesfidedignas.com.mx\/index.php\/2023\/11\/02\/diputados-van-por-recorte-a-presupuesto-de-poder-judicial-ine-e-inai\/"},"author":{"name":"L\u00f3pez D\u00f3riga","@id":"https:\/\/fuentesfidedignas.com.mx\/#\/schema\/person\/67d852f0557c8509146a4b9ddebd543a"},"headline":"Diputados van por recorte a presupuesto de Poder Judicial, INE e INAI","datePublished":"2023-11-02T16:16:30+00:00","dateModified":"2023-11-02T16:17:47+00:00","mainEntityOfPage":{"@id":"https:\/\/fuentesfidedignas.com.mx\/index.php\/2023\/11\/02\/diputados-van-por-recorte-a-presupuesto-de-poder-judicial-ine-e-inai\/"},"wordCount":283,"commentCount":0,"publisher":{"@id":"https:\/\/fuentesfidedignas.com.mx\/#organization"},"image":{"@id":"https:\/\/fuentesfidedignas.com.mx\/index.php\/2023\/11\/02\/diputados-van-por-recorte-a-presupuesto-de-poder-judicial-ine-e-inai\/#primaryimage"},"thumbnailUrl":"https:\/\/fuentesfidedignas.com.mx\/wp-content\/uploads\/2023\/11\/pleno-de-la-camara-de-diputados.jpeg","articleSection":["NOTICIAS NACIONALES"],"inLanguage":"es","potentialAction":[{"@type":"CommentAction","name":"Comment","target":["https:\/\/fuentesfidedignas.com.mx\/index.php\/2023\/11\/02\/diputados-van-por-recorte-a-presupuesto-de-poder-judicial-ine-e-inai\/#respond"]}]},{"@type":"WebPage","@id":"https:\/\/fuentesfidedignas.com.mx\/index.php\/2023\/11\/02\/diputados-van-por-recorte-a-presupuesto-de-poder-judicial-ine-e-inai\/","url":"https:\/\/fuentesfidedignas.com.mx\/index.php\/2023\/11\/02\/diputados-van-por-recorte-a-presupuesto-de-poder-judicial-ine-e-inai\/","name":"Diputados van por recorte a presupuesto de Poder Judicial, INE e INAI - Fuentes Fidedignas","isPartOf":{"@id":"https:\/\/fuentesfidedignas.com.mx\/#website"},"primaryImageOfPage":{"@id":"https:\/\/fuentesfidedignas.com.mx\/index.php\/2023\/11\/02\/diputados-van-por-recorte-a-presupuesto-de-poder-judicial-ine-e-inai\/#primaryimage"},"image":{"@id":"https:\/\/fuentesfidedignas.com.mx\/index.php\/2023\/11\/02\/diputados-van-por-recorte-a-presupuesto-de-poder-judicial-ine-e-inai\/#primaryimage"},"thumbnailUrl":"https:\/\/fuentesfidedignas.com.mx\/wp-content\/uploads\/2023\/11\/pleno-de-la-camara-de-diputados.jpeg","datePublished":"2023-11-02T16:16:30+00:00","dateModified":"2023-11-02T16:17:47+00:00","breadcrumb":{"@id":"https:\/\/fuentesfidedignas.com.mx\/index.php\/2023\/11\/02\/diputados-van-por-recorte-a-presupuesto-de-poder-judicial-ine-e-inai\/#breadcrumb"},"inLanguage":"es","potentialAction":[{"@type":"ReadAction","target":["https:\/\/fuentesfidedignas.com.mx\/index.php\/2023\/11\/02\/diputados-van-por-recorte-a-presupuesto-de-poder-judicial-ine-e-inai\/"]}]},{"@type":"ImageObject","inLanguage":"es","@id":"https:\/\/fuentesfidedignas.com.mx\/index.php\/2023\/11\/02\/diputados-van-por-recorte-a-presupuesto-de-poder-judicial-ine-e-inai\/#primaryimage","url":"https:\/\/fuentesfidedignas.com.mx\/wp-content\/uploads\/2023\/11\/pleno-de-la-camara-de-diputados.jpeg","contentUrl":"https:\/\/fuentesfidedignas.com.mx\/wp-content\/uploads\/2023\/11\/pleno-de-la-camara-de-diputados.jpeg","width":1024,"height":682},{"@type":"BreadcrumbList","@id":"https:\/\/fuentesfidedignas.com.mx\/index.php\/2023\/11\/02\/diputados-van-por-recorte-a-presupuesto-de-poder-judicial-ine-e-inai\/#breadcrumb","itemListElement":[{"@type":"ListItem","position":1,"name":"Inicio","item":"https:\/\/fuentesfidedignas.com.mx\/"},{"@type":"ListItem","position":2,"name":"Diputados van por recorte a presupuesto de Poder Judicial, INE e INAI"}]},{"@type":"WebSite","@id":"https:\/\/fuentesfidedignas.com.mx\/#website","url":"https:\/\/fuentesfidedignas.com.mx\/","name":"Fuentes Fidedignas","description":"Otro sitio realizado con WordPress","publisher":{"@id":"https:\/\/fuentesfidedignas.com.mx\/#organization"},"potentialAction":[{"@type":"SearchAction","target":{"@type":"EntryPoint","urlTemplate":"https:\/\/fuentesfidedignas.com.mx\/?s={search_term_string}"},"query-input":{"@type":"PropertyValueSpecification","valueRequired":true,"valueName":"search_term_string"}}],"inLanguage":"es"},{"@type":"Organization","@id":"https:\/\/fuentesfidedignas.com.mx\/#organization","name":"Fuentes Fidedignas","url":"https:\/\/fuentesfidedignas.com.mx\/","logo":{"@type":"ImageObject","inLanguage":"es","@id":"https:\/\/fuentesfidedignas.com.mx\/#\/schema\/logo\/image\/","url":"https:\/\/fuentesfidedignas.com.mx\/wp-content\/uploads\/2021\/04\/logo-retina.png","contentUrl":"https:\/\/fuentesfidedignas.com.mx\/wp-content\/uploads\/2021\/04\/logo-retina.png","width":280,"height":51,"caption":"Fuentes Fidedignas"},"image":{"@id":"https:\/\/fuentesfidedignas.com.mx\/#\/schema\/logo\/image\/"},"sameAs":["https:\/\/www.facebook.com\/Fuentes-Fidedignas-368234489921644","https:\/\/x.com\/fidedignas"]},{"@type":"Person","@id":"https:\/\/fuentesfidedignas.com.mx\/#\/schema\/person\/67d852f0557c8509146a4b9ddebd543a","name":"L\u00f3pez D\u00f3riga","image":{"@type":"ImageObject","inLanguage":"es","@id":"https:\/\/secure.gravatar.com\/avatar\/e525b06574ca18b33cded59dfe5778d6c823b9513154eff47da551b0551bdd1e?s=96&d=mm&r=g","url":"https:\/\/secure.gravatar.com\/avatar\/e525b06574ca18b33cded59dfe5778d6c823b9513154eff47da551b0551bdd1e?s=96&d=mm&r=g","contentUrl":"https:\/\/secure.gravatar.com\/avatar\/e525b06574ca18b33cded59dfe5778d6c823b9513154eff47da551b0551bdd1e?s=96&d=mm&r=g","caption":"L\u00f3pez D\u00f3riga"},"url":"https:\/\/fuentesfidedignas.com.mx\/index.php\/author\/doriga\/"}]}},"_links":{"self":[{"href":"https:\/\/fuentesfidedignas.com.mx\/index.php\/wp-json\/wp\/v2\/posts\/64510","targetHints":{"allow":["GET"]}}],"collection":[{"href":"https:\/\/fuentesfidedignas.com.mx\/index.php\/wp-json\/wp\/v2\/posts"}],"about":[{"href":"https:\/\/fuentesfidedignas.com.mx\/index.php\/wp-json\/wp\/v2\/types\/post"}],"author":[{"embeddable":true,"href":"https:\/\/fuentesfidedignas.com.mx\/index.php\/wp-json\/wp\/v2\/users\/47"}],"replies":[{"embeddable":true,"href":"https:\/\/fuentesfidedignas.com.mx\/index.php\/wp-json\/wp\/v2\/comments?post=64510"}],"version-history":[{"count":1,"href":"https:\/\/fuentesfidedignas.com.mx\/index.php\/wp-json\/wp\/v2\/posts\/64510\/revisions"}],"predecessor-version":[{"id":64511,"href":"https:\/\/fuentesfidedignas.com.mx\/index.php\/wp-json\/wp\/v2\/posts\/64510\/revisions\/64511"}],"wp:featuredmedia":[{"embeddable":true,"href":"https:\/\/fuentesfidedignas.com.mx\/index.php\/wp-json\/wp\/v2\/media\/64512"}],"wp:attachment":[{"href":"https:\/\/fuentesfidedignas.com.mx\/index.php\/wp-json\/wp\/v2\/media?parent=64510"}],"wp:term":[{"taxonomy":"category","embeddable":true,"href":"https:\/\/fuentesfidedignas.com.mx\/index.php\/wp-json\/wp\/v2\/categories?post=64510"},{"taxonomy":"post_tag","embeddable":true,"href":"https:\/\/fuentesfidedignas.com.mx\/index.php\/wp-json\/wp\/v2\/tags?post=64510"}],"curies":[{"name":"wp","href":"https:\/\/api.w.org\/{rel}","templated":true}]}}