{"id":64492,"date":"2023-11-01T16:41:46","date_gmt":"2023-11-01T23:41:46","guid":{"rendered":"https:\/\/fuentesfidedignas.com.mx\/?p=64492"},"modified":"2023-11-01T16:42:38","modified_gmt":"2023-11-01T23:42:38","slug":"alonso-ramirez-se-registra-en-el-distrito-federal-07-por-morena","status":"publish","type":"post","link":"https:\/\/fuentesfidedignas.com.mx\/index.php\/2023\/11\/01\/alonso-ramirez-se-registra-en-el-distrito-federal-07-por-morena\/","title":{"rendered":"Alonso Ram\u00edrez se registra en el distrito federal 07 por Morena"},"content":{"rendered":"\n<p><br>El<strong><em> coordinador del proyecto de Claudia Sheinbaum en Sinaloa levant\u00f3 la mano para competir por el distrito con sede en Culiac\u00e1n<\/em><\/strong><\/p>\n\n\n\n<p>Culiac\u00e1n, Sin. &#8211; El exdirector de cultura Culiac\u00e1n y actual coordinador del proyecto de Claudia Sheinbaum en Sinaloa, Alonso Ram\u00edrez Reyes, se registr\u00f3 este mi\u00e9rcoles para contender por la diputaci\u00f3n federal del distrito 07 por Morena.<\/p>\n\n\n\n<p>A trav\u00e9s de redes sociales, el aspirante hizo p\u00fablico que ya se registr\u00f3 en la plataforma digital y obtuvo su constancia que lo acredita como aspirante para competir en la encuesta interna Morena y sus aliados.<\/p>\n\n\n\n<p><strong>&#8220;Mi compromiso es contribuir a la construcci\u00f3n del segundo piso de la transformaci\u00f3n en nuestro pa\u00eds bajo el liderazgo de la Dra. Claudia Sheinbaum, adem\u00e1s de impulsar el desarrollo de las plantas los sinaloenses para fortalecer el proyecto que encabeza nuestro gobernador, Rub\u00e9n Rocha Moya<\/strong>&#8220;, destac\u00f3.<\/p>\n\n\n\n<p>Antes de este paso, Alonso Ram\u00edrez Reyes ha ocupado diversos cargos p\u00fablicos, incluyendo la direcci\u00f3n del Instituto Municipal de la Juventud en Culiac\u00e1n, la direcci\u00f3n de Comunicaci\u00f3n Social de Culiac\u00e1n, y la titularidad del Instituto Municipal de Cultura. No obstante, dej\u00f3 este \u00faltimo cargo en julio para unirse al proyecto de Claudia Sheinbaum.<\/p>\n\n\n\n<p>Alonso Ram\u00edrez ha iniciado actividades de promoci\u00f3n pol\u00edtica bajo el sobre nombre de AR-24, el cual se ha visto pintado en diferentes paredes y sectores de la ciudad de Culiac\u00e1n con un tomate en el centro, y en ocasiones junto a la imagen de Claudia Sheinbaum<\/p>\n","protected":false},"excerpt":{"rendered":"<p>El coordinador del proyecto de Claudia Sheinbaum en Sinaloa levant\u00f3 la mano para competir por el distrito con sede en Culiac\u00e1n Culiac\u00e1n, Sin. &#8211; El exdirector de cultura Culiac\u00e1n y actual coordinador del proyecto de Claudia Sheinbaum en Sinaloa, Alonso Ram\u00edrez Reyes, se registr\u00f3 este mi\u00e9rcoles para contender por la diputaci\u00f3n federal del distrito 07 [&hellip;]<\/p>\n","protected":false},"author":4,"featured_media":64494,"comment_status":"open","ping_status":"open","sticky":false,"template":"","format":"standard","meta":{"tdm_status":"","tdm_grid_status":"","footnotes":""},"categories":[38,1],"tags":[],"class_list":{"0":"post-64492","1":"post","2":"type-post","3":"status-publish","4":"format-standard","5":"has-post-thumbnail","7":"category-noticias-locales","8":"category-sin-categoria"},"yoast_head":"<!-- This site is optimized with the Yoast SEO plugin v27.5 - https:\/\/yoast.com\/product\/yoast-seo-wordpress\/ -->\n<title>Alonso Ram\u00edrez se registra en el distrito federal 07 por Morena - Fuentes Fidedignas<\/title>\n<meta name=\"robots\" content=\"index, follow, max-snippet:-1, max-image-preview:large, max-video-preview:-1\" \/>\n<link rel=\"canonical\" href=\"https:\/\/fuentesfidedignas.com.mx\/index.php\/2023\/11\/01\/alonso-ramirez-se-registra-en-el-distrito-federal-07-por-morena\/\" \/>\n<meta property=\"og:locale\" content=\"es_MX\" \/>\n<meta property=\"og:type\" content=\"article\" \/>\n<meta property=\"og:title\" content=\"Alonso Ram\u00edrez se registra en el distrito federal 07 por Morena - Fuentes Fidedignas\" \/>\n<meta property=\"og:description\" content=\"El coordinador del proyecto de Claudia Sheinbaum en Sinaloa levant\u00f3 la mano para competir por el distrito con sede en Culiac\u00e1n Culiac\u00e1n, Sin. &#8211; El exdirector de cultura Culiac\u00e1n y actual coordinador del proyecto de Claudia Sheinbaum en Sinaloa, Alonso Ram\u00edrez Reyes, se registr\u00f3 este mi\u00e9rcoles para contender por la diputaci\u00f3n federal del distrito 07 [&hellip;]\" \/>\n<meta property=\"og:url\" content=\"https:\/\/fuentesfidedignas.com.mx\/index.php\/2023\/11\/01\/alonso-ramirez-se-registra-en-el-distrito-federal-07-por-morena\/\" \/>\n<meta property=\"og:site_name\" content=\"Fuentes Fidedignas\" \/>\n<meta property=\"article:publisher\" content=\"https:\/\/www.facebook.com\/Fuentes-Fidedignas-368234489921644\" \/>\n<meta property=\"article:published_time\" content=\"2023-11-01T23:41:46+00:00\" \/>\n<meta property=\"article:modified_time\" content=\"2023-11-01T23:42:38+00:00\" \/>\n<meta property=\"og:image\" content=\"https:\/\/fuentesfidedignas.com.mx\/wp-content\/uploads\/2023\/11\/IMG-20231101-WA0035.jpg\" \/>\n\t<meta property=\"og:image:width\" content=\"1440\" \/>\n\t<meta property=\"og:image:height\" content=\"1070\" \/>\n\t<meta property=\"og:image:type\" content=\"image\/jpeg\" \/>\n<meta name=\"author\" content=\"Redacci\u00f3n\" \/>\n<meta name=\"twitter:card\" content=\"summary_large_image\" \/>\n<meta name=\"twitter:creator\" content=\"@fidedignas\" \/>\n<meta name=\"twitter:site\" content=\"@fidedignas\" \/>\n<meta name=\"twitter:label1\" content=\"Escrito por\" \/>\n\t<meta name=\"twitter:data1\" content=\"Redacci\u00f3n\" \/>\n\t<meta name=\"twitter:label2\" content=\"Tiempo de lectura\" \/>\n\t<meta name=\"twitter:data2\" content=\"2 minutos\" \/>\n<script type=\"application\/ld+json\" class=\"yoast-schema-graph\">{\"@context\":\"https:\\\/\\\/schema.org\",\"@graph\":[{\"@type\":\"Article\",\"@id\":\"https:\\\/\\\/fuentesfidedignas.com.mx\\\/index.php\\\/2023\\\/11\\\/01\\\/alonso-ramirez-se-registra-en-el-distrito-federal-07-por-morena\\\/#article\",\"isPartOf\":{\"@id\":\"https:\\\/\\\/fuentesfidedignas.com.mx\\\/index.php\\\/2023\\\/11\\\/01\\\/alonso-ramirez-se-registra-en-el-distrito-federal-07-por-morena\\\/\"},\"author\":{\"name\":\"Redacci\u00f3n\",\"@id\":\"https:\\\/\\\/fuentesfidedignas.com.mx\\\/#\\\/schema\\\/person\\\/331be9283d37198e2acd5750279085b0\"},\"headline\":\"Alonso Ram\u00edrez se registra en el distrito federal 07 por Morena\",\"datePublished\":\"2023-11-01T23:41:46+00:00\",\"dateModified\":\"2023-11-01T23:42:38+00:00\",\"mainEntityOfPage\":{\"@id\":\"https:\\\/\\\/fuentesfidedignas.com.mx\\\/index.php\\\/2023\\\/11\\\/01\\\/alonso-ramirez-se-registra-en-el-distrito-federal-07-por-morena\\\/\"},\"wordCount\":272,\"commentCount\":0,\"publisher\":{\"@id\":\"https:\\\/\\\/fuentesfidedignas.com.mx\\\/#organization\"},\"image\":{\"@id\":\"https:\\\/\\\/fuentesfidedignas.com.mx\\\/index.php\\\/2023\\\/11\\\/01\\\/alonso-ramirez-se-registra-en-el-distrito-federal-07-por-morena\\\/#primaryimage\"},\"thumbnailUrl\":\"https:\\\/\\\/fuentesfidedignas.com.mx\\\/wp-content\\\/uploads\\\/2023\\\/11\\\/IMG-20231101-WA0035.jpg\",\"articleSection\":[\"NOTICIAS LOCALES\"],\"inLanguage\":\"es\",\"potentialAction\":[{\"@type\":\"CommentAction\",\"name\":\"Comment\",\"target\":[\"https:\\\/\\\/fuentesfidedignas.com.mx\\\/index.php\\\/2023\\\/11\\\/01\\\/alonso-ramirez-se-registra-en-el-distrito-federal-07-por-morena\\\/#respond\"]}]},{\"@type\":\"WebPage\",\"@id\":\"https:\\\/\\\/fuentesfidedignas.com.mx\\\/index.php\\\/2023\\\/11\\\/01\\\/alonso-ramirez-se-registra-en-el-distrito-federal-07-por-morena\\\/\",\"url\":\"https:\\\/\\\/fuentesfidedignas.com.mx\\\/index.php\\\/2023\\\/11\\\/01\\\/alonso-ramirez-se-registra-en-el-distrito-federal-07-por-morena\\\/\",\"name\":\"Alonso Ram\u00edrez se registra en el distrito federal 07 por Morena - Fuentes Fidedignas\",\"isPartOf\":{\"@id\":\"https:\\\/\\\/fuentesfidedignas.com.mx\\\/#website\"},\"primaryImageOfPage\":{\"@id\":\"https:\\\/\\\/fuentesfidedignas.com.mx\\\/index.php\\\/2023\\\/11\\\/01\\\/alonso-ramirez-se-registra-en-el-distrito-federal-07-por-morena\\\/#primaryimage\"},\"image\":{\"@id\":\"https:\\\/\\\/fuentesfidedignas.com.mx\\\/index.php\\\/2023\\\/11\\\/01\\\/alonso-ramirez-se-registra-en-el-distrito-federal-07-por-morena\\\/#primaryimage\"},\"thumbnailUrl\":\"https:\\\/\\\/fuentesfidedignas.com.mx\\\/wp-content\\\/uploads\\\/2023\\\/11\\\/IMG-20231101-WA0035.jpg\",\"datePublished\":\"2023-11-01T23:41:46+00:00\",\"dateModified\":\"2023-11-01T23:42:38+00:00\",\"breadcrumb\":{\"@id\":\"https:\\\/\\\/fuentesfidedignas.com.mx\\\/index.php\\\/2023\\\/11\\\/01\\\/alonso-ramirez-se-registra-en-el-distrito-federal-07-por-morena\\\/#breadcrumb\"},\"inLanguage\":\"es\",\"potentialAction\":[{\"@type\":\"ReadAction\",\"target\":[\"https:\\\/\\\/fuentesfidedignas.com.mx\\\/index.php\\\/2023\\\/11\\\/01\\\/alonso-ramirez-se-registra-en-el-distrito-federal-07-por-morena\\\/\"]}]},{\"@type\":\"ImageObject\",\"inLanguage\":\"es\",\"@id\":\"https:\\\/\\\/fuentesfidedignas.com.mx\\\/index.php\\\/2023\\\/11\\\/01\\\/alonso-ramirez-se-registra-en-el-distrito-federal-07-por-morena\\\/#primaryimage\",\"url\":\"https:\\\/\\\/fuentesfidedignas.com.mx\\\/wp-content\\\/uploads\\\/2023\\\/11\\\/IMG-20231101-WA0035.jpg\",\"contentUrl\":\"https:\\\/\\\/fuentesfidedignas.com.mx\\\/wp-content\\\/uploads\\\/2023\\\/11\\\/IMG-20231101-WA0035.jpg\",\"width\":1440,\"height\":1070},{\"@type\":\"BreadcrumbList\",\"@id\":\"https:\\\/\\\/fuentesfidedignas.com.mx\\\/index.php\\\/2023\\\/11\\\/01\\\/alonso-ramirez-se-registra-en-el-distrito-federal-07-por-morena\\\/#breadcrumb\",\"itemListElement\":[{\"@type\":\"ListItem\",\"position\":1,\"name\":\"Inicio\",\"item\":\"https:\\\/\\\/fuentesfidedignas.com.mx\\\/\"},{\"@type\":\"ListItem\",\"position\":2,\"name\":\"Alonso Ram\u00edrez se registra en el distrito federal 07 por Morena\"}]},{\"@type\":\"WebSite\",\"@id\":\"https:\\\/\\\/fuentesfidedignas.com.mx\\\/#website\",\"url\":\"https:\\\/\\\/fuentesfidedignas.com.mx\\\/\",\"name\":\"Fuentes Fidedignas\",\"description\":\"Otro sitio realizado con WordPress\",\"publisher\":{\"@id\":\"https:\\\/\\\/fuentesfidedignas.com.mx\\\/#organization\"},\"potentialAction\":[{\"@type\":\"SearchAction\",\"target\":{\"@type\":\"EntryPoint\",\"urlTemplate\":\"https:\\\/\\\/fuentesfidedignas.com.mx\\\/?s={search_term_string}\"},\"query-input\":{\"@type\":\"PropertyValueSpecification\",\"valueRequired\":true,\"valueName\":\"search_term_string\"}}],\"inLanguage\":\"es\"},{\"@type\":\"Organization\",\"@id\":\"https:\\\/\\\/fuentesfidedignas.com.mx\\\/#organization\",\"name\":\"Fuentes Fidedignas\",\"url\":\"https:\\\/\\\/fuentesfidedignas.com.mx\\\/\",\"logo\":{\"@type\":\"ImageObject\",\"inLanguage\":\"es\",\"@id\":\"https:\\\/\\\/fuentesfidedignas.com.mx\\\/#\\\/schema\\\/logo\\\/image\\\/\",\"url\":\"https:\\\/\\\/fuentesfidedignas.com.mx\\\/wp-content\\\/uploads\\\/2021\\\/04\\\/logo-retina.png\",\"contentUrl\":\"https:\\\/\\\/fuentesfidedignas.com.mx\\\/wp-content\\\/uploads\\\/2021\\\/04\\\/logo-retina.png\",\"width\":280,\"height\":51,\"caption\":\"Fuentes Fidedignas\"},\"image\":{\"@id\":\"https:\\\/\\\/fuentesfidedignas.com.mx\\\/#\\\/schema\\\/logo\\\/image\\\/\"},\"sameAs\":[\"https:\\\/\\\/www.facebook.com\\\/Fuentes-Fidedignas-368234489921644\",\"https:\\\/\\\/x.com\\\/fidedignas\"]},{\"@type\":\"Person\",\"@id\":\"https:\\\/\\\/fuentesfidedignas.com.mx\\\/#\\\/schema\\\/person\\\/331be9283d37198e2acd5750279085b0\",\"name\":\"Redacci\u00f3n\",\"image\":{\"@type\":\"ImageObject\",\"inLanguage\":\"es\",\"@id\":\"https:\\\/\\\/secure.gravatar.com\\\/avatar\\\/f6d8782c11d12b2d4ad3fbb6931aeab5309937a4d6cd2fc9cfaa28a6396a5aec?s=96&d=mm&r=g\",\"url\":\"https:\\\/\\\/secure.gravatar.com\\\/avatar\\\/f6d8782c11d12b2d4ad3fbb6931aeab5309937a4d6cd2fc9cfaa28a6396a5aec?s=96&d=mm&r=g\",\"contentUrl\":\"https:\\\/\\\/secure.gravatar.com\\\/avatar\\\/f6d8782c11d12b2d4ad3fbb6931aeab5309937a4d6cd2fc9cfaa28a6396a5aec?s=96&d=mm&r=g\",\"caption\":\"Redacci\u00f3n\"},\"url\":\"https:\\\/\\\/fuentesfidedignas.com.mx\\\/index.php\\\/author\\\/redaccion\\\/\"}]}<\/script>\n<!-- \/ Yoast SEO plugin. -->","yoast_head_json":{"title":"Alonso Ram\u00edrez se registra en el distrito federal 07 por Morena - Fuentes Fidedignas","robots":{"index":"index","follow":"follow","max-snippet":"max-snippet:-1","max-image-preview":"max-image-preview:large","max-video-preview":"max-video-preview:-1"},"canonical":"https:\/\/fuentesfidedignas.com.mx\/index.php\/2023\/11\/01\/alonso-ramirez-se-registra-en-el-distrito-federal-07-por-morena\/","og_locale":"es_MX","og_type":"article","og_title":"Alonso Ram\u00edrez se registra en el distrito federal 07 por Morena - Fuentes Fidedignas","og_description":"El coordinador del proyecto de Claudia Sheinbaum en Sinaloa levant\u00f3 la mano para competir por el distrito con sede en Culiac\u00e1n Culiac\u00e1n, Sin. &#8211; El exdirector de cultura Culiac\u00e1n y actual coordinador del proyecto de Claudia Sheinbaum en Sinaloa, Alonso Ram\u00edrez Reyes, se registr\u00f3 este mi\u00e9rcoles para contender por la diputaci\u00f3n federal del distrito 07 [&hellip;]","og_url":"https:\/\/fuentesfidedignas.com.mx\/index.php\/2023\/11\/01\/alonso-ramirez-se-registra-en-el-distrito-federal-07-por-morena\/","og_site_name":"Fuentes Fidedignas","article_publisher":"https:\/\/www.facebook.com\/Fuentes-Fidedignas-368234489921644","article_published_time":"2023-11-01T23:41:46+00:00","article_modified_time":"2023-11-01T23:42:38+00:00","og_image":[{"width":1440,"height":1070,"url":"https:\/\/fuentesfidedignas.com.mx\/wp-content\/uploads\/2023\/11\/IMG-20231101-WA0035.jpg","type":"image\/jpeg"}],"author":"Redacci\u00f3n","twitter_card":"summary_large_image","twitter_creator":"@fidedignas","twitter_site":"@fidedignas","twitter_misc":{"Escrito por":"Redacci\u00f3n","Tiempo de lectura":"2 minutos"},"schema":{"@context":"https:\/\/schema.org","@graph":[{"@type":"Article","@id":"https:\/\/fuentesfidedignas.com.mx\/index.php\/2023\/11\/01\/alonso-ramirez-se-registra-en-el-distrito-federal-07-por-morena\/#article","isPartOf":{"@id":"https:\/\/fuentesfidedignas.com.mx\/index.php\/2023\/11\/01\/alonso-ramirez-se-registra-en-el-distrito-federal-07-por-morena\/"},"author":{"name":"Redacci\u00f3n","@id":"https:\/\/fuentesfidedignas.com.mx\/#\/schema\/person\/331be9283d37198e2acd5750279085b0"},"headline":"Alonso Ram\u00edrez se registra en el distrito federal 07 por Morena","datePublished":"2023-11-01T23:41:46+00:00","dateModified":"2023-11-01T23:42:38+00:00","mainEntityOfPage":{"@id":"https:\/\/fuentesfidedignas.com.mx\/index.php\/2023\/11\/01\/alonso-ramirez-se-registra-en-el-distrito-federal-07-por-morena\/"},"wordCount":272,"commentCount":0,"publisher":{"@id":"https:\/\/fuentesfidedignas.com.mx\/#organization"},"image":{"@id":"https:\/\/fuentesfidedignas.com.mx\/index.php\/2023\/11\/01\/alonso-ramirez-se-registra-en-el-distrito-federal-07-por-morena\/#primaryimage"},"thumbnailUrl":"https:\/\/fuentesfidedignas.com.mx\/wp-content\/uploads\/2023\/11\/IMG-20231101-WA0035.jpg","articleSection":["NOTICIAS LOCALES"],"inLanguage":"es","potentialAction":[{"@type":"CommentAction","name":"Comment","target":["https:\/\/fuentesfidedignas.com.mx\/index.php\/2023\/11\/01\/alonso-ramirez-se-registra-en-el-distrito-federal-07-por-morena\/#respond"]}]},{"@type":"WebPage","@id":"https:\/\/fuentesfidedignas.com.mx\/index.php\/2023\/11\/01\/alonso-ramirez-se-registra-en-el-distrito-federal-07-por-morena\/","url":"https:\/\/fuentesfidedignas.com.mx\/index.php\/2023\/11\/01\/alonso-ramirez-se-registra-en-el-distrito-federal-07-por-morena\/","name":"Alonso Ram\u00edrez se registra en el distrito federal 07 por Morena - Fuentes Fidedignas","isPartOf":{"@id":"https:\/\/fuentesfidedignas.com.mx\/#website"},"primaryImageOfPage":{"@id":"https:\/\/fuentesfidedignas.com.mx\/index.php\/2023\/11\/01\/alonso-ramirez-se-registra-en-el-distrito-federal-07-por-morena\/#primaryimage"},"image":{"@id":"https:\/\/fuentesfidedignas.com.mx\/index.php\/2023\/11\/01\/alonso-ramirez-se-registra-en-el-distrito-federal-07-por-morena\/#primaryimage"},"thumbnailUrl":"https:\/\/fuentesfidedignas.com.mx\/wp-content\/uploads\/2023\/11\/IMG-20231101-WA0035.jpg","datePublished":"2023-11-01T23:41:46+00:00","dateModified":"2023-11-01T23:42:38+00:00","breadcrumb":{"@id":"https:\/\/fuentesfidedignas.com.mx\/index.php\/2023\/11\/01\/alonso-ramirez-se-registra-en-el-distrito-federal-07-por-morena\/#breadcrumb"},"inLanguage":"es","potentialAction":[{"@type":"ReadAction","target":["https:\/\/fuentesfidedignas.com.mx\/index.php\/2023\/11\/01\/alonso-ramirez-se-registra-en-el-distrito-federal-07-por-morena\/"]}]},{"@type":"ImageObject","inLanguage":"es","@id":"https:\/\/fuentesfidedignas.com.mx\/index.php\/2023\/11\/01\/alonso-ramirez-se-registra-en-el-distrito-federal-07-por-morena\/#primaryimage","url":"https:\/\/fuentesfidedignas.com.mx\/wp-content\/uploads\/2023\/11\/IMG-20231101-WA0035.jpg","contentUrl":"https:\/\/fuentesfidedignas.com.mx\/wp-content\/uploads\/2023\/11\/IMG-20231101-WA0035.jpg","width":1440,"height":1070},{"@type":"BreadcrumbList","@id":"https:\/\/fuentesfidedignas.com.mx\/index.php\/2023\/11\/01\/alonso-ramirez-se-registra-en-el-distrito-federal-07-por-morena\/#breadcrumb","itemListElement":[{"@type":"ListItem","position":1,"name":"Inicio","item":"https:\/\/fuentesfidedignas.com.mx\/"},{"@type":"ListItem","position":2,"name":"Alonso Ram\u00edrez se registra en el distrito federal 07 por Morena"}]},{"@type":"WebSite","@id":"https:\/\/fuentesfidedignas.com.mx\/#website","url":"https:\/\/fuentesfidedignas.com.mx\/","name":"Fuentes Fidedignas","description":"Otro sitio realizado con WordPress","publisher":{"@id":"https:\/\/fuentesfidedignas.com.mx\/#organization"},"potentialAction":[{"@type":"SearchAction","target":{"@type":"EntryPoint","urlTemplate":"https:\/\/fuentesfidedignas.com.mx\/?s={search_term_string}"},"query-input":{"@type":"PropertyValueSpecification","valueRequired":true,"valueName":"search_term_string"}}],"inLanguage":"es"},{"@type":"Organization","@id":"https:\/\/fuentesfidedignas.com.mx\/#organization","name":"Fuentes Fidedignas","url":"https:\/\/fuentesfidedignas.com.mx\/","logo":{"@type":"ImageObject","inLanguage":"es","@id":"https:\/\/fuentesfidedignas.com.mx\/#\/schema\/logo\/image\/","url":"https:\/\/fuentesfidedignas.com.mx\/wp-content\/uploads\/2021\/04\/logo-retina.png","contentUrl":"https:\/\/fuentesfidedignas.com.mx\/wp-content\/uploads\/2021\/04\/logo-retina.png","width":280,"height":51,"caption":"Fuentes Fidedignas"},"image":{"@id":"https:\/\/fuentesfidedignas.com.mx\/#\/schema\/logo\/image\/"},"sameAs":["https:\/\/www.facebook.com\/Fuentes-Fidedignas-368234489921644","https:\/\/x.com\/fidedignas"]},{"@type":"Person","@id":"https:\/\/fuentesfidedignas.com.mx\/#\/schema\/person\/331be9283d37198e2acd5750279085b0","name":"Redacci\u00f3n","image":{"@type":"ImageObject","inLanguage":"es","@id":"https:\/\/secure.gravatar.com\/avatar\/f6d8782c11d12b2d4ad3fbb6931aeab5309937a4d6cd2fc9cfaa28a6396a5aec?s=96&d=mm&r=g","url":"https:\/\/secure.gravatar.com\/avatar\/f6d8782c11d12b2d4ad3fbb6931aeab5309937a4d6cd2fc9cfaa28a6396a5aec?s=96&d=mm&r=g","contentUrl":"https:\/\/secure.gravatar.com\/avatar\/f6d8782c11d12b2d4ad3fbb6931aeab5309937a4d6cd2fc9cfaa28a6396a5aec?s=96&d=mm&r=g","caption":"Redacci\u00f3n"},"url":"https:\/\/fuentesfidedignas.com.mx\/index.php\/author\/redaccion\/"}]}},"_links":{"self":[{"href":"https:\/\/fuentesfidedignas.com.mx\/index.php\/wp-json\/wp\/v2\/posts\/64492","targetHints":{"allow":["GET"]}}],"collection":[{"href":"https:\/\/fuentesfidedignas.com.mx\/index.php\/wp-json\/wp\/v2\/posts"}],"about":[{"href":"https:\/\/fuentesfidedignas.com.mx\/index.php\/wp-json\/wp\/v2\/types\/post"}],"author":[{"embeddable":true,"href":"https:\/\/fuentesfidedignas.com.mx\/index.php\/wp-json\/wp\/v2\/users\/4"}],"replies":[{"embeddable":true,"href":"https:\/\/fuentesfidedignas.com.mx\/index.php\/wp-json\/wp\/v2\/comments?post=64492"}],"version-history":[{"count":1,"href":"https:\/\/fuentesfidedignas.com.mx\/index.php\/wp-json\/wp\/v2\/posts\/64492\/revisions"}],"predecessor-version":[{"id":64493,"href":"https:\/\/fuentesfidedignas.com.mx\/index.php\/wp-json\/wp\/v2\/posts\/64492\/revisions\/64493"}],"wp:featuredmedia":[{"embeddable":true,"href":"https:\/\/fuentesfidedignas.com.mx\/index.php\/wp-json\/wp\/v2\/media\/64494"}],"wp:attachment":[{"href":"https:\/\/fuentesfidedignas.com.mx\/index.php\/wp-json\/wp\/v2\/media?parent=64492"}],"wp:term":[{"taxonomy":"category","embeddable":true,"href":"https:\/\/fuentesfidedignas.com.mx\/index.php\/wp-json\/wp\/v2\/categories?post=64492"},{"taxonomy":"post_tag","embeddable":true,"href":"https:\/\/fuentesfidedignas.com.mx\/index.php\/wp-json\/wp\/v2\/tags?post=64492"}],"curies":[{"name":"wp","href":"https:\/\/api.w.org\/{rel}","templated":true}]}}