{"id":64489,"date":"2023-11-01T15:03:09","date_gmt":"2023-11-01T22:03:09","guid":{"rendered":"https:\/\/fuentesfidedignas.com.mx\/?p=64489"},"modified":"2023-11-01T15:04:37","modified_gmt":"2023-11-01T22:04:37","slug":"otis-destruyo-23-5-de-la-superficie-construida-en-acapulco","status":"publish","type":"post","link":"https:\/\/fuentesfidedignas.com.mx\/index.php\/2023\/11\/01\/otis-destruyo-23-5-de-la-superficie-construida-en-acapulco\/","title":{"rendered":"\u2018Otis\u2019 destruy\u00f3 23.5% de la superficie construida en Acapulco"},"content":{"rendered":"\n<p><strong><em><br>Se requiere una reconstrucci\u00f3n que priorice el bienestar de las personas, se\u00f1al\u00f3 la Red Mexicana de Cient\u00edficos por el Clima<\/em><\/strong><\/p>\n\n\n\n<p>La Red Mexicana de Cient\u00edficos por el Clima (REDCiC), conformada por decenas de expertos de las principales instituciones de educaci\u00f3n superior de M\u00e9xico, advirti\u00f3 que el potente hurac\u00e1n \u201cOtis\u201d, que devast\u00f3 el Puerto de Acapulco y municipios costeros de Guerrero, nos obliga a reconsiderar las pol\u00edticas de Protecci\u00f3n Civil y prevenci\u00f3n de desastres, as\u00ed como de adaptaci\u00f3n y mitigaci\u00f3n al cambio clim\u00e1tico.<\/p>\n\n\n\n<p>Adem\u00e1s de planear una reconstrucci\u00f3n que priorice el bienestar de las personas, garantizando los derechos humanos y la sustentabilidad del desarrollo incluyente y justo con visi\u00f3n de largo plazo.<\/p>\n\n\n\n<p>Al respecto, los integrantes de la&nbsp;<strong>REDCiC<\/strong>, destacaron que ante el comportamiento at\u00edpico de<strong>&nbsp;Otis,&nbsp;<\/strong>que aument\u00f3 en tiempo r\u00e9cord su velocidad de vientos hasta alcanzar la categor\u00eda 5 en la escala Saffir-Simpson, debido a las c\u00e1lidas aguas en el<strong>&nbsp;Oc\u00e9ano Pac\u00edfico<\/strong>, &#8220;es obligado modificar, actualizar y reforzar los sistemas de monitoreo, alertamiento y los protocolos de protecci\u00f3n civil, dado que ya estamos viviendo un cambio dr\u00e1stico en los sistemas clim\u00e1ticos&#8221;.&nbsp;<\/p>\n\n\n\n<p>Seg\u00fan el Servicio de Monitoreo de la Atm\u00f3sfera Copernicus, el hurac\u00e1n&nbsp;<strong>\u201cOtis\u201d<\/strong>&nbsp;destruy\u00f3 23.5 por ciento de la superficie construida en Acapulco, que suma cuatro mil 285.1 hect\u00e1reas, a las que se suman dos mil 487.3 hect\u00e1reas tierra adentro.<\/p>\n\n\n\n<p>Asimismo, se cuantifican 23.6 kil\u00f3metros de vialidades da\u00f1adas en la zona costera y 865.6 kil\u00f3metros de vialidades tierra adentro. &#8220;Derivado de los datos anteriores, es sin duda urgente tomar medidas concretas de mitigaci\u00f3n y adaptaci\u00f3n, modificar planes de desarrollo urbano, reglamentos de construcci\u00f3n e invertir en infraestructura adecuada, as\u00ed como sostener pol\u00edticas p\u00fablicas de combate a la desigualdad construyendo mayor resiliencia en las comunidades, comenzando por las m\u00e1s vulnerables y considerando cuestiones de g\u00e9nero&#8221;.<\/p>\n\n\n\n<p>La Red Mexicana de&nbsp;<strong>Cient\u00edficos por el<a href=\"https:\/\/www.excelsior.com.mx\/clima\" target=\"_blank\" rel=\"noreferrer noopener\">&nbsp;Clima<\/a><\/strong>, destac\u00f3 que a pesar de que el calentamiento terrestre nos afecta a todos, son las comunidades m\u00e1s pobres las que tienden a experimentar los mayores estragos y las que son menos resilientes, por lo que deben ser ellas las que reciban atenci\u00f3n en primer lugar. &#8220;Por ello, atender a las comunidades m\u00e1s pobres en el estado de Guerrero es prioritario&#8221;.<\/p>\n\n\n\n<blockquote class=\"wp-block-quote is-layout-flow wp-block-quote-is-layout-flow\">\n<p>Hay que reiterar que los desastres no son fen\u00f3menos naturales, sino eventos construidos socialmente, cuyo origen se encuentra en la falta de planeaci\u00f3n hist\u00f3rica, la urbanizaci\u00f3n desordenada, las condiciones de desigualdad, pobreza e inseguridad&#8221;, manifest\u00f3.<\/p>\n<\/blockquote>\n","protected":false},"excerpt":{"rendered":"<p>Se requiere una reconstrucci\u00f3n que priorice el bienestar de las personas, se\u00f1al\u00f3 la Red Mexicana de Cient\u00edficos por el Clima La Red Mexicana de Cient\u00edficos por el Clima (REDCiC), conformada por decenas de expertos de las principales instituciones de educaci\u00f3n superior de M\u00e9xico, advirti\u00f3 que el potente hurac\u00e1n \u201cOtis\u201d, que devast\u00f3 el Puerto de Acapulco [&hellip;]<\/p>\n","protected":false},"author":7,"featured_media":64491,"comment_status":"open","ping_status":"open","sticky":false,"template":"","format":"standard","meta":{"tdm_status":"","tdm_grid_status":"","footnotes":""},"categories":[39,1],"tags":[],"class_list":{"0":"post-64489","1":"post","2":"type-post","3":"status-publish","4":"format-standard","5":"has-post-thumbnail","7":"category-noticias-nacionales","8":"category-sin-categoria"},"yoast_head":"<!-- This site is optimized with the Yoast SEO plugin v27.5 - https:\/\/yoast.com\/product\/yoast-seo-wordpress\/ -->\n<title>\u2018Otis\u2019 destruy\u00f3 23.5% de la superficie construida en Acapulco - Fuentes Fidedignas<\/title>\n<meta name=\"robots\" content=\"index, follow, max-snippet:-1, max-image-preview:large, max-video-preview:-1\" \/>\n<link rel=\"canonical\" href=\"https:\/\/fuentesfidedignas.com.mx\/index.php\/2023\/11\/01\/otis-destruyo-23-5-de-la-superficie-construida-en-acapulco\/\" \/>\n<meta property=\"og:locale\" content=\"es_MX\" \/>\n<meta property=\"og:type\" content=\"article\" \/>\n<meta property=\"og:title\" content=\"\u2018Otis\u2019 destruy\u00f3 23.5% de la superficie construida en Acapulco - Fuentes Fidedignas\" \/>\n<meta property=\"og:description\" content=\"Se requiere una reconstrucci\u00f3n que priorice el bienestar de las personas, se\u00f1al\u00f3 la Red Mexicana de Cient\u00edficos por el Clima La Red Mexicana de Cient\u00edficos por el Clima (REDCiC), conformada por decenas de expertos de las principales instituciones de educaci\u00f3n superior de M\u00e9xico, advirti\u00f3 que el potente hurac\u00e1n \u201cOtis\u201d, que devast\u00f3 el Puerto de Acapulco [&hellip;]\" \/>\n<meta property=\"og:url\" content=\"https:\/\/fuentesfidedignas.com.mx\/index.php\/2023\/11\/01\/otis-destruyo-23-5-de-la-superficie-construida-en-acapulco\/\" \/>\n<meta property=\"og:site_name\" content=\"Fuentes Fidedignas\" \/>\n<meta property=\"article:publisher\" content=\"https:\/\/www.facebook.com\/Fuentes-Fidedignas-368234489921644\" \/>\n<meta property=\"article:published_time\" content=\"2023-11-01T22:03:09+00:00\" \/>\n<meta property=\"article:modified_time\" content=\"2023-11-01T22:04:37+00:00\" \/>\n<meta property=\"og:image\" content=\"https:\/\/fuentesfidedignas.com.mx\/wp-content\/uploads\/2023\/11\/3027242.jpg\" \/>\n\t<meta property=\"og:image:width\" content=\"800\" \/>\n\t<meta property=\"og:image:height\" content=\"600\" \/>\n\t<meta property=\"og:image:type\" content=\"image\/jpeg\" \/>\n<meta name=\"author\" content=\"Exc\u00e9lsior\" \/>\n<meta name=\"twitter:card\" content=\"summary_large_image\" \/>\n<meta name=\"twitter:creator\" content=\"@fidedignas\" \/>\n<meta name=\"twitter:site\" content=\"@fidedignas\" \/>\n<meta name=\"twitter:label1\" content=\"Escrito por\" \/>\n\t<meta name=\"twitter:data1\" content=\"Exc\u00e9lsior\" \/>\n\t<meta name=\"twitter:label2\" content=\"Tiempo de lectura\" \/>\n\t<meta name=\"twitter:data2\" content=\"2 minutos\" \/>\n<script type=\"application\/ld+json\" class=\"yoast-schema-graph\">{\"@context\":\"https:\\\/\\\/schema.org\",\"@graph\":[{\"@type\":\"Article\",\"@id\":\"https:\\\/\\\/fuentesfidedignas.com.mx\\\/index.php\\\/2023\\\/11\\\/01\\\/otis-destruyo-23-5-de-la-superficie-construida-en-acapulco\\\/#article\",\"isPartOf\":{\"@id\":\"https:\\\/\\\/fuentesfidedignas.com.mx\\\/index.php\\\/2023\\\/11\\\/01\\\/otis-destruyo-23-5-de-la-superficie-construida-en-acapulco\\\/\"},\"author\":{\"name\":\"Exc\u00e9lsior\",\"@id\":\"https:\\\/\\\/fuentesfidedignas.com.mx\\\/#\\\/schema\\\/person\\\/ec4edd1fbf5efa3e44fce34fe2787780\"},\"headline\":\"\u2018Otis\u2019 destruy\u00f3 23.5% de la superficie construida en Acapulco\",\"datePublished\":\"2023-11-01T22:03:09+00:00\",\"dateModified\":\"2023-11-01T22:04:37+00:00\",\"mainEntityOfPage\":{\"@id\":\"https:\\\/\\\/fuentesfidedignas.com.mx\\\/index.php\\\/2023\\\/11\\\/01\\\/otis-destruyo-23-5-de-la-superficie-construida-en-acapulco\\\/\"},\"wordCount\":457,\"commentCount\":0,\"publisher\":{\"@id\":\"https:\\\/\\\/fuentesfidedignas.com.mx\\\/#organization\"},\"image\":{\"@id\":\"https:\\\/\\\/fuentesfidedignas.com.mx\\\/index.php\\\/2023\\\/11\\\/01\\\/otis-destruyo-23-5-de-la-superficie-construida-en-acapulco\\\/#primaryimage\"},\"thumbnailUrl\":\"https:\\\/\\\/fuentesfidedignas.com.mx\\\/wp-content\\\/uploads\\\/2023\\\/11\\\/3027242.jpg\",\"articleSection\":[\"NOTICIAS NACIONALES\"],\"inLanguage\":\"es\",\"potentialAction\":[{\"@type\":\"CommentAction\",\"name\":\"Comment\",\"target\":[\"https:\\\/\\\/fuentesfidedignas.com.mx\\\/index.php\\\/2023\\\/11\\\/01\\\/otis-destruyo-23-5-de-la-superficie-construida-en-acapulco\\\/#respond\"]}]},{\"@type\":\"WebPage\",\"@id\":\"https:\\\/\\\/fuentesfidedignas.com.mx\\\/index.php\\\/2023\\\/11\\\/01\\\/otis-destruyo-23-5-de-la-superficie-construida-en-acapulco\\\/\",\"url\":\"https:\\\/\\\/fuentesfidedignas.com.mx\\\/index.php\\\/2023\\\/11\\\/01\\\/otis-destruyo-23-5-de-la-superficie-construida-en-acapulco\\\/\",\"name\":\"\u2018Otis\u2019 destruy\u00f3 23.5% de la superficie construida en Acapulco - Fuentes Fidedignas\",\"isPartOf\":{\"@id\":\"https:\\\/\\\/fuentesfidedignas.com.mx\\\/#website\"},\"primaryImageOfPage\":{\"@id\":\"https:\\\/\\\/fuentesfidedignas.com.mx\\\/index.php\\\/2023\\\/11\\\/01\\\/otis-destruyo-23-5-de-la-superficie-construida-en-acapulco\\\/#primaryimage\"},\"image\":{\"@id\":\"https:\\\/\\\/fuentesfidedignas.com.mx\\\/index.php\\\/2023\\\/11\\\/01\\\/otis-destruyo-23-5-de-la-superficie-construida-en-acapulco\\\/#primaryimage\"},\"thumbnailUrl\":\"https:\\\/\\\/fuentesfidedignas.com.mx\\\/wp-content\\\/uploads\\\/2023\\\/11\\\/3027242.jpg\",\"datePublished\":\"2023-11-01T22:03:09+00:00\",\"dateModified\":\"2023-11-01T22:04:37+00:00\",\"breadcrumb\":{\"@id\":\"https:\\\/\\\/fuentesfidedignas.com.mx\\\/index.php\\\/2023\\\/11\\\/01\\\/otis-destruyo-23-5-de-la-superficie-construida-en-acapulco\\\/#breadcrumb\"},\"inLanguage\":\"es\",\"potentialAction\":[{\"@type\":\"ReadAction\",\"target\":[\"https:\\\/\\\/fuentesfidedignas.com.mx\\\/index.php\\\/2023\\\/11\\\/01\\\/otis-destruyo-23-5-de-la-superficie-construida-en-acapulco\\\/\"]}]},{\"@type\":\"ImageObject\",\"inLanguage\":\"es\",\"@id\":\"https:\\\/\\\/fuentesfidedignas.com.mx\\\/index.php\\\/2023\\\/11\\\/01\\\/otis-destruyo-23-5-de-la-superficie-construida-en-acapulco\\\/#primaryimage\",\"url\":\"https:\\\/\\\/fuentesfidedignas.com.mx\\\/wp-content\\\/uploads\\\/2023\\\/11\\\/3027242.jpg\",\"contentUrl\":\"https:\\\/\\\/fuentesfidedignas.com.mx\\\/wp-content\\\/uploads\\\/2023\\\/11\\\/3027242.jpg\",\"width\":800,\"height\":600},{\"@type\":\"BreadcrumbList\",\"@id\":\"https:\\\/\\\/fuentesfidedignas.com.mx\\\/index.php\\\/2023\\\/11\\\/01\\\/otis-destruyo-23-5-de-la-superficie-construida-en-acapulco\\\/#breadcrumb\",\"itemListElement\":[{\"@type\":\"ListItem\",\"position\":1,\"name\":\"Inicio\",\"item\":\"https:\\\/\\\/fuentesfidedignas.com.mx\\\/\"},{\"@type\":\"ListItem\",\"position\":2,\"name\":\"\u2018Otis\u2019 destruy\u00f3 23.5% de la superficie construida en Acapulco\"}]},{\"@type\":\"WebSite\",\"@id\":\"https:\\\/\\\/fuentesfidedignas.com.mx\\\/#website\",\"url\":\"https:\\\/\\\/fuentesfidedignas.com.mx\\\/\",\"name\":\"Fuentes Fidedignas\",\"description\":\"Otro sitio realizado con WordPress\",\"publisher\":{\"@id\":\"https:\\\/\\\/fuentesfidedignas.com.mx\\\/#organization\"},\"potentialAction\":[{\"@type\":\"SearchAction\",\"target\":{\"@type\":\"EntryPoint\",\"urlTemplate\":\"https:\\\/\\\/fuentesfidedignas.com.mx\\\/?s={search_term_string}\"},\"query-input\":{\"@type\":\"PropertyValueSpecification\",\"valueRequired\":true,\"valueName\":\"search_term_string\"}}],\"inLanguage\":\"es\"},{\"@type\":\"Organization\",\"@id\":\"https:\\\/\\\/fuentesfidedignas.com.mx\\\/#organization\",\"name\":\"Fuentes Fidedignas\",\"url\":\"https:\\\/\\\/fuentesfidedignas.com.mx\\\/\",\"logo\":{\"@type\":\"ImageObject\",\"inLanguage\":\"es\",\"@id\":\"https:\\\/\\\/fuentesfidedignas.com.mx\\\/#\\\/schema\\\/logo\\\/image\\\/\",\"url\":\"https:\\\/\\\/fuentesfidedignas.com.mx\\\/wp-content\\\/uploads\\\/2021\\\/04\\\/logo-retina.png\",\"contentUrl\":\"https:\\\/\\\/fuentesfidedignas.com.mx\\\/wp-content\\\/uploads\\\/2021\\\/04\\\/logo-retina.png\",\"width\":280,\"height\":51,\"caption\":\"Fuentes Fidedignas\"},\"image\":{\"@id\":\"https:\\\/\\\/fuentesfidedignas.com.mx\\\/#\\\/schema\\\/logo\\\/image\\\/\"},\"sameAs\":[\"https:\\\/\\\/www.facebook.com\\\/Fuentes-Fidedignas-368234489921644\",\"https:\\\/\\\/x.com\\\/fidedignas\"]},{\"@type\":\"Person\",\"@id\":\"https:\\\/\\\/fuentesfidedignas.com.mx\\\/#\\\/schema\\\/person\\\/ec4edd1fbf5efa3e44fce34fe2787780\",\"name\":\"Exc\u00e9lsior\",\"image\":{\"@type\":\"ImageObject\",\"inLanguage\":\"es\",\"@id\":\"https:\\\/\\\/secure.gravatar.com\\\/avatar\\\/4b7ee9206b48be08447852b3f0814dbc7c0f3b51541b164f1464a2725614020b?s=96&d=mm&r=g\",\"url\":\"https:\\\/\\\/secure.gravatar.com\\\/avatar\\\/4b7ee9206b48be08447852b3f0814dbc7c0f3b51541b164f1464a2725614020b?s=96&d=mm&r=g\",\"contentUrl\":\"https:\\\/\\\/secure.gravatar.com\\\/avatar\\\/4b7ee9206b48be08447852b3f0814dbc7c0f3b51541b164f1464a2725614020b?s=96&d=mm&r=g\",\"caption\":\"Exc\u00e9lsior\"},\"url\":\"https:\\\/\\\/fuentesfidedignas.com.mx\\\/index.php\\\/author\\\/excelsior\\\/\"}]}<\/script>\n<!-- \/ Yoast SEO plugin. -->","yoast_head_json":{"title":"\u2018Otis\u2019 destruy\u00f3 23.5% de la superficie construida en Acapulco - Fuentes Fidedignas","robots":{"index":"index","follow":"follow","max-snippet":"max-snippet:-1","max-image-preview":"max-image-preview:large","max-video-preview":"max-video-preview:-1"},"canonical":"https:\/\/fuentesfidedignas.com.mx\/index.php\/2023\/11\/01\/otis-destruyo-23-5-de-la-superficie-construida-en-acapulco\/","og_locale":"es_MX","og_type":"article","og_title":"\u2018Otis\u2019 destruy\u00f3 23.5% de la superficie construida en Acapulco - Fuentes Fidedignas","og_description":"Se requiere una reconstrucci\u00f3n que priorice el bienestar de las personas, se\u00f1al\u00f3 la Red Mexicana de Cient\u00edficos por el Clima La Red Mexicana de Cient\u00edficos por el Clima (REDCiC), conformada por decenas de expertos de las principales instituciones de educaci\u00f3n superior de M\u00e9xico, advirti\u00f3 que el potente hurac\u00e1n \u201cOtis\u201d, que devast\u00f3 el Puerto de Acapulco [&hellip;]","og_url":"https:\/\/fuentesfidedignas.com.mx\/index.php\/2023\/11\/01\/otis-destruyo-23-5-de-la-superficie-construida-en-acapulco\/","og_site_name":"Fuentes Fidedignas","article_publisher":"https:\/\/www.facebook.com\/Fuentes-Fidedignas-368234489921644","article_published_time":"2023-11-01T22:03:09+00:00","article_modified_time":"2023-11-01T22:04:37+00:00","og_image":[{"width":800,"height":600,"url":"https:\/\/fuentesfidedignas.com.mx\/wp-content\/uploads\/2023\/11\/3027242.jpg","type":"image\/jpeg"}],"author":"Exc\u00e9lsior","twitter_card":"summary_large_image","twitter_creator":"@fidedignas","twitter_site":"@fidedignas","twitter_misc":{"Escrito por":"Exc\u00e9lsior","Tiempo de lectura":"2 minutos"},"schema":{"@context":"https:\/\/schema.org","@graph":[{"@type":"Article","@id":"https:\/\/fuentesfidedignas.com.mx\/index.php\/2023\/11\/01\/otis-destruyo-23-5-de-la-superficie-construida-en-acapulco\/#article","isPartOf":{"@id":"https:\/\/fuentesfidedignas.com.mx\/index.php\/2023\/11\/01\/otis-destruyo-23-5-de-la-superficie-construida-en-acapulco\/"},"author":{"name":"Exc\u00e9lsior","@id":"https:\/\/fuentesfidedignas.com.mx\/#\/schema\/person\/ec4edd1fbf5efa3e44fce34fe2787780"},"headline":"\u2018Otis\u2019 destruy\u00f3 23.5% de la superficie construida en Acapulco","datePublished":"2023-11-01T22:03:09+00:00","dateModified":"2023-11-01T22:04:37+00:00","mainEntityOfPage":{"@id":"https:\/\/fuentesfidedignas.com.mx\/index.php\/2023\/11\/01\/otis-destruyo-23-5-de-la-superficie-construida-en-acapulco\/"},"wordCount":457,"commentCount":0,"publisher":{"@id":"https:\/\/fuentesfidedignas.com.mx\/#organization"},"image":{"@id":"https:\/\/fuentesfidedignas.com.mx\/index.php\/2023\/11\/01\/otis-destruyo-23-5-de-la-superficie-construida-en-acapulco\/#primaryimage"},"thumbnailUrl":"https:\/\/fuentesfidedignas.com.mx\/wp-content\/uploads\/2023\/11\/3027242.jpg","articleSection":["NOTICIAS NACIONALES"],"inLanguage":"es","potentialAction":[{"@type":"CommentAction","name":"Comment","target":["https:\/\/fuentesfidedignas.com.mx\/index.php\/2023\/11\/01\/otis-destruyo-23-5-de-la-superficie-construida-en-acapulco\/#respond"]}]},{"@type":"WebPage","@id":"https:\/\/fuentesfidedignas.com.mx\/index.php\/2023\/11\/01\/otis-destruyo-23-5-de-la-superficie-construida-en-acapulco\/","url":"https:\/\/fuentesfidedignas.com.mx\/index.php\/2023\/11\/01\/otis-destruyo-23-5-de-la-superficie-construida-en-acapulco\/","name":"\u2018Otis\u2019 destruy\u00f3 23.5% de la superficie construida en Acapulco - Fuentes Fidedignas","isPartOf":{"@id":"https:\/\/fuentesfidedignas.com.mx\/#website"},"primaryImageOfPage":{"@id":"https:\/\/fuentesfidedignas.com.mx\/index.php\/2023\/11\/01\/otis-destruyo-23-5-de-la-superficie-construida-en-acapulco\/#primaryimage"},"image":{"@id":"https:\/\/fuentesfidedignas.com.mx\/index.php\/2023\/11\/01\/otis-destruyo-23-5-de-la-superficie-construida-en-acapulco\/#primaryimage"},"thumbnailUrl":"https:\/\/fuentesfidedignas.com.mx\/wp-content\/uploads\/2023\/11\/3027242.jpg","datePublished":"2023-11-01T22:03:09+00:00","dateModified":"2023-11-01T22:04:37+00:00","breadcrumb":{"@id":"https:\/\/fuentesfidedignas.com.mx\/index.php\/2023\/11\/01\/otis-destruyo-23-5-de-la-superficie-construida-en-acapulco\/#breadcrumb"},"inLanguage":"es","potentialAction":[{"@type":"ReadAction","target":["https:\/\/fuentesfidedignas.com.mx\/index.php\/2023\/11\/01\/otis-destruyo-23-5-de-la-superficie-construida-en-acapulco\/"]}]},{"@type":"ImageObject","inLanguage":"es","@id":"https:\/\/fuentesfidedignas.com.mx\/index.php\/2023\/11\/01\/otis-destruyo-23-5-de-la-superficie-construida-en-acapulco\/#primaryimage","url":"https:\/\/fuentesfidedignas.com.mx\/wp-content\/uploads\/2023\/11\/3027242.jpg","contentUrl":"https:\/\/fuentesfidedignas.com.mx\/wp-content\/uploads\/2023\/11\/3027242.jpg","width":800,"height":600},{"@type":"BreadcrumbList","@id":"https:\/\/fuentesfidedignas.com.mx\/index.php\/2023\/11\/01\/otis-destruyo-23-5-de-la-superficie-construida-en-acapulco\/#breadcrumb","itemListElement":[{"@type":"ListItem","position":1,"name":"Inicio","item":"https:\/\/fuentesfidedignas.com.mx\/"},{"@type":"ListItem","position":2,"name":"\u2018Otis\u2019 destruy\u00f3 23.5% de la superficie construida en Acapulco"}]},{"@type":"WebSite","@id":"https:\/\/fuentesfidedignas.com.mx\/#website","url":"https:\/\/fuentesfidedignas.com.mx\/","name":"Fuentes Fidedignas","description":"Otro sitio realizado con WordPress","publisher":{"@id":"https:\/\/fuentesfidedignas.com.mx\/#organization"},"potentialAction":[{"@type":"SearchAction","target":{"@type":"EntryPoint","urlTemplate":"https:\/\/fuentesfidedignas.com.mx\/?s={search_term_string}"},"query-input":{"@type":"PropertyValueSpecification","valueRequired":true,"valueName":"search_term_string"}}],"inLanguage":"es"},{"@type":"Organization","@id":"https:\/\/fuentesfidedignas.com.mx\/#organization","name":"Fuentes Fidedignas","url":"https:\/\/fuentesfidedignas.com.mx\/","logo":{"@type":"ImageObject","inLanguage":"es","@id":"https:\/\/fuentesfidedignas.com.mx\/#\/schema\/logo\/image\/","url":"https:\/\/fuentesfidedignas.com.mx\/wp-content\/uploads\/2021\/04\/logo-retina.png","contentUrl":"https:\/\/fuentesfidedignas.com.mx\/wp-content\/uploads\/2021\/04\/logo-retina.png","width":280,"height":51,"caption":"Fuentes Fidedignas"},"image":{"@id":"https:\/\/fuentesfidedignas.com.mx\/#\/schema\/logo\/image\/"},"sameAs":["https:\/\/www.facebook.com\/Fuentes-Fidedignas-368234489921644","https:\/\/x.com\/fidedignas"]},{"@type":"Person","@id":"https:\/\/fuentesfidedignas.com.mx\/#\/schema\/person\/ec4edd1fbf5efa3e44fce34fe2787780","name":"Exc\u00e9lsior","image":{"@type":"ImageObject","inLanguage":"es","@id":"https:\/\/secure.gravatar.com\/avatar\/4b7ee9206b48be08447852b3f0814dbc7c0f3b51541b164f1464a2725614020b?s=96&d=mm&r=g","url":"https:\/\/secure.gravatar.com\/avatar\/4b7ee9206b48be08447852b3f0814dbc7c0f3b51541b164f1464a2725614020b?s=96&d=mm&r=g","contentUrl":"https:\/\/secure.gravatar.com\/avatar\/4b7ee9206b48be08447852b3f0814dbc7c0f3b51541b164f1464a2725614020b?s=96&d=mm&r=g","caption":"Exc\u00e9lsior"},"url":"https:\/\/fuentesfidedignas.com.mx\/index.php\/author\/excelsior\/"}]}},"_links":{"self":[{"href":"https:\/\/fuentesfidedignas.com.mx\/index.php\/wp-json\/wp\/v2\/posts\/64489","targetHints":{"allow":["GET"]}}],"collection":[{"href":"https:\/\/fuentesfidedignas.com.mx\/index.php\/wp-json\/wp\/v2\/posts"}],"about":[{"href":"https:\/\/fuentesfidedignas.com.mx\/index.php\/wp-json\/wp\/v2\/types\/post"}],"author":[{"embeddable":true,"href":"https:\/\/fuentesfidedignas.com.mx\/index.php\/wp-json\/wp\/v2\/users\/7"}],"replies":[{"embeddable":true,"href":"https:\/\/fuentesfidedignas.com.mx\/index.php\/wp-json\/wp\/v2\/comments?post=64489"}],"version-history":[{"count":1,"href":"https:\/\/fuentesfidedignas.com.mx\/index.php\/wp-json\/wp\/v2\/posts\/64489\/revisions"}],"predecessor-version":[{"id":64490,"href":"https:\/\/fuentesfidedignas.com.mx\/index.php\/wp-json\/wp\/v2\/posts\/64489\/revisions\/64490"}],"wp:featuredmedia":[{"embeddable":true,"href":"https:\/\/fuentesfidedignas.com.mx\/index.php\/wp-json\/wp\/v2\/media\/64491"}],"wp:attachment":[{"href":"https:\/\/fuentesfidedignas.com.mx\/index.php\/wp-json\/wp\/v2\/media?parent=64489"}],"wp:term":[{"taxonomy":"category","embeddable":true,"href":"https:\/\/fuentesfidedignas.com.mx\/index.php\/wp-json\/wp\/v2\/categories?post=64489"},{"taxonomy":"post_tag","embeddable":true,"href":"https:\/\/fuentesfidedignas.com.mx\/index.php\/wp-json\/wp\/v2\/tags?post=64489"}],"curies":[{"name":"wp","href":"https:\/\/api.w.org\/{rel}","templated":true}]}}