{"id":64395,"date":"2023-10-31T17:53:51","date_gmt":"2023-11-01T00:53:51","guid":{"rendered":"https:\/\/fuentesfidedignas.com.mx\/?p=64395"},"modified":"2023-10-31T17:54:05","modified_gmt":"2023-11-01T00:54:05","slug":"la-uas-recibe-del-suntuas-el-emplazamiento-a-huelga-y-el-pliego-petitorio-2023","status":"publish","type":"post","link":"https:\/\/fuentesfidedignas.com.mx\/index.php\/2023\/10\/31\/la-uas-recibe-del-suntuas-el-emplazamiento-a-huelga-y-el-pliego-petitorio-2023\/","title":{"rendered":"La UAS recibe del SUNTUAS el emplazamiento a huelga y el pliego petitorio 2023"},"content":{"rendered":"\n<p><strong><em>La Secretaria General del SUNTUAS, Secci\u00f3n Administrativos e Intendencia, maestra Maricela Guadalupe P\u00e9rez Carrillo, expuso que con esta entrega se da seguimiento a una ruta cr\u00edtica que se aprob\u00f3 en el Consejo General de Delegados<\/em><\/strong><\/p>\n\n\n\n<p>Culiac\u00e1n, Sin.- En atenci\u00f3n a lo estipulado en el Contrato Colectivo de Trabajo (CCT) y con la disposici\u00f3n de atender las demandas de los trabajadores, la Universidad Aut\u00f3noma de Sinaloa (UAS) a trav\u00e9s de su Secretario General, doctor Candelario Ortiz Bueno, recibi\u00f3 de los dirigentes del Sindicato \u00danico de Trabajadores de la UAS (SUNTUAS) el emplazamiento a huelga 2023 que incluye en el pliego petitorio el paquete laboral y econ\u00f3mico.<\/p>\n\n\n\n<p>Ortiz Bueno expuso que el emplazamiento y la entrega de los paquetes econ\u00f3mico y laboral se realiza cada a\u00f1o en esta fecha y no es una tarea aislada, ya que de manera coordinada se instala la mesa negociadora central para atender y dar cobertura a los requerimientos de los trabajadores sindicalizados, tanto acad\u00e9micos como administrativos.<\/p>\n\n\n\n<p>\u201cA pesar de la persecuci\u00f3n pol\u00edtica nuestra Universidad contin\u00faa con las labores sustantivas que es atender a la docencia, a la investigaci\u00f3n, a los compa\u00f1eros trabajadores alumnos, a la cultura y al deporte\u201d, dijo el Secretario General al se\u00f1alar que el Modelo Educativo humanista permite atender los requerimientos de la base laboral, para lo cual los titulares de las \u00e1reas de Administraci\u00f3n y Finanzas, Prestaciones Sociales, Recursos Humanos y Asuntos Jur\u00eddicos se integrar\u00e1n en la negociaci\u00f3n con los compa\u00f1eros del Sindicato para la revisi\u00f3n de los documentos y hacer lo posible por atender las solicitudes.<\/p>\n\n\n\n<p>La Secretaria General del SUNTUAS, Secci\u00f3n Administrativos e Intendencia, maestra Maricela Guadalupe P\u00e9rez Carrillo, expuso que con esta entrega se da seguimiento a una ruta cr\u00edtica que se aprob\u00f3 en el Consejo General de Delegados, y adem\u00e1s de cumplir con el Contrato Colectivo de Trabajo se da certeza laboral y jur\u00eddica a los representados.<\/p>\n\n\n\n<p>\u201cSabemos de antemano la sensibilidad para atender la problem\u00e1tica de los trabajadores y del sentido humanista de esta administraci\u00f3n, en donde se privilegia el bienestar de los universitarios (\u2026) sabemos del panorama que vive nuestra Universidad y dem\u00e1s funcionarios pero tambi\u00e9n tenemos conocimiento de las intensas gestiones que se realizan para garantizar la estabilidad laboral y financiera de los miles de universitarios, por eso hoy reafirmamos el compromiso de trabajar en coordinaci\u00f3n, en un ambiente de colaboraci\u00f3n y respeto privilegiando como siempre el di\u00e1logo\u201d, dijo.<\/p>\n\n\n\n<p>Por su parte el Secretario General del SUNTUAS Acad\u00e9micos maestro Jos\u00e9 Carlos Aceves Tamayo, ponder\u00f3 que a pesar de que la Universidad pasa por tiempos muy complejos se dan resultados positivos y se atiende de manera responsable y satisfactoria el compromiso social con la juventud y tambi\u00e9n con los trabajadores acad\u00e9micos y administrativos.<\/p>\n\n\n\n<p>Detall\u00f3 que adem\u00e1s de la estabilidad laboral que se ha otorgado en el 75 por ciento de las unidades acad\u00e9micas por medio de lecturas de titularidades, el Sindicato ha venido obteniendo diversos beneficios estipulados en el Contrato Colectivo, y este d\u00eda se cumple con un protocolo que se realiza todos los a\u00f1os en esta fecha y que da cabida a la legalidad y legitimidad para avanzar y responder a los agremiados.<\/p>\n\n\n\n<p>Aceves Tamayo expres\u00f3 un posicionamiento como Sindicato y como integrante del Comit\u00e9 Estatal de Defensa de la Autonom\u00eda Universitaria para denunciar que hay una persecuci\u00f3n pol\u00edtica y un \u201codio\u201d por parte de integrantes del Gobierno Estatal y del Congreso del Estado y eso puede afectar a la comunidad universitaria, lo que se origin\u00f3 por la publicaci\u00f3n de la Ley de Educaci\u00f3n Superior del Estado que viola la Autonom\u00eda Universitaria.<\/p>\n\n\n\n<p>\u201cEst\u00e1 a punto de dictarse una resoluci\u00f3n por parte de un Tribunal de alzada para que declare la inconstitucionalidad de esta Ley de Educaci\u00f3n Superior (\u2026) hay varios puntos financieros, y sobre todo laboral, que pone en riesgo esta relaci\u00f3n bilateral y por ello hemos solicitado el amparo\u201d, manifest\u00f3 al enfatizar que la UAS es punta de lanza en la defensa del principio constitucional de Autonom\u00eda y lo que suceda en Sinaloa se podr\u00e1 aplicar en otros estados, por ello est\u00e1 toda la atenci\u00f3n puesta en lo que hagan o dejen de hacer los universitarios.<\/p>\n\n\n\n<p>Agreg\u00f3 que por lo anterior el H. Consejo Universitario se pronunci\u00f3, entre otras cosas, por denunciar ante la ONU las injusticias de parte de autoridades estatales en contra de la UAS y sus autoridades y vengan a testificar que hay una persecuci\u00f3n pol\u00edtica, adem\u00e1s anunci\u00f3 que desde este d\u00eda se analizar\u00e1n en todos los comit\u00e9s de defensa las estrategias para intensificar las protestas en apoyo a las autoridades universitarias.<\/p>\n","protected":false},"excerpt":{"rendered":"<p>La Secretaria General del SUNTUAS, Secci\u00f3n Administrativos e Intendencia, maestra Maricela Guadalupe P\u00e9rez Carrillo, expuso que con esta entrega se da seguimiento a una ruta cr\u00edtica que se aprob\u00f3 en el Consejo General de Delegados Culiac\u00e1n, Sin.- En atenci\u00f3n a lo estipulado en el Contrato Colectivo de Trabajo (CCT) y con la disposici\u00f3n de atender [&hellip;]<\/p>\n","protected":false},"author":4,"featured_media":64396,"comment_status":"open","ping_status":"open","sticky":false,"template":"","format":"standard","meta":{"tdm_status":"","tdm_grid_status":"","footnotes":""},"categories":[1],"tags":[],"class_list":{"0":"post-64395","1":"post","2":"type-post","3":"status-publish","4":"format-standard","5":"has-post-thumbnail","7":"category-sin-categoria"},"yoast_head":"<!-- This site is optimized with the Yoast SEO plugin v27.5 - https:\/\/yoast.com\/product\/yoast-seo-wordpress\/ -->\n<title>La UAS recibe del SUNTUAS el emplazamiento a huelga y el pliego petitorio 2023 - Fuentes Fidedignas<\/title>\n<meta name=\"robots\" content=\"index, follow, max-snippet:-1, max-image-preview:large, max-video-preview:-1\" \/>\n<link rel=\"canonical\" href=\"https:\/\/fuentesfidedignas.com.mx\/index.php\/2023\/10\/31\/la-uas-recibe-del-suntuas-el-emplazamiento-a-huelga-y-el-pliego-petitorio-2023\/\" \/>\n<meta property=\"og:locale\" content=\"es_MX\" \/>\n<meta property=\"og:type\" content=\"article\" \/>\n<meta property=\"og:title\" content=\"La UAS recibe del SUNTUAS el emplazamiento a huelga y el pliego petitorio 2023 - Fuentes Fidedignas\" \/>\n<meta property=\"og:description\" content=\"La Secretaria General del SUNTUAS, Secci\u00f3n Administrativos e Intendencia, maestra Maricela Guadalupe P\u00e9rez Carrillo, expuso que con esta entrega se da seguimiento a una ruta cr\u00edtica que se aprob\u00f3 en el Consejo General de Delegados Culiac\u00e1n, Sin.- En atenci\u00f3n a lo estipulado en el Contrato Colectivo de Trabajo (CCT) y con la disposici\u00f3n de atender [&hellip;]\" \/>\n<meta property=\"og:url\" content=\"https:\/\/fuentesfidedignas.com.mx\/index.php\/2023\/10\/31\/la-uas-recibe-del-suntuas-el-emplazamiento-a-huelga-y-el-pliego-petitorio-2023\/\" \/>\n<meta property=\"og:site_name\" content=\"Fuentes Fidedignas\" \/>\n<meta property=\"article:publisher\" content=\"https:\/\/www.facebook.com\/Fuentes-Fidedignas-368234489921644\" \/>\n<meta property=\"article:published_time\" content=\"2023-11-01T00:53:51+00:00\" \/>\n<meta property=\"article:modified_time\" content=\"2023-11-01T00:54:05+00:00\" \/>\n<meta property=\"og:image\" content=\"https:\/\/fuentesfidedignas.com.mx\/wp-content\/uploads\/2023\/10\/emplazamiento-huelga-2.jpg\" \/>\n\t<meta property=\"og:image:width\" content=\"2000\" \/>\n\t<meta property=\"og:image:height\" content=\"1332\" \/>\n\t<meta property=\"og:image:type\" content=\"image\/jpeg\" \/>\n<meta name=\"author\" content=\"Redacci\u00f3n\" \/>\n<meta name=\"twitter:card\" content=\"summary_large_image\" \/>\n<meta name=\"twitter:creator\" content=\"@fidedignas\" \/>\n<meta name=\"twitter:site\" content=\"@fidedignas\" \/>\n<meta name=\"twitter:label1\" content=\"Escrito por\" \/>\n\t<meta name=\"twitter:data1\" content=\"Redacci\u00f3n\" \/>\n\t<meta name=\"twitter:label2\" content=\"Tiempo de lectura\" \/>\n\t<meta name=\"twitter:data2\" content=\"4 minutos\" \/>\n<script type=\"application\/ld+json\" class=\"yoast-schema-graph\">{\"@context\":\"https:\\\/\\\/schema.org\",\"@graph\":[{\"@type\":\"Article\",\"@id\":\"https:\\\/\\\/fuentesfidedignas.com.mx\\\/index.php\\\/2023\\\/10\\\/31\\\/la-uas-recibe-del-suntuas-el-emplazamiento-a-huelga-y-el-pliego-petitorio-2023\\\/#article\",\"isPartOf\":{\"@id\":\"https:\\\/\\\/fuentesfidedignas.com.mx\\\/index.php\\\/2023\\\/10\\\/31\\\/la-uas-recibe-del-suntuas-el-emplazamiento-a-huelga-y-el-pliego-petitorio-2023\\\/\"},\"author\":{\"name\":\"Redacci\u00f3n\",\"@id\":\"https:\\\/\\\/fuentesfidedignas.com.mx\\\/#\\\/schema\\\/person\\\/331be9283d37198e2acd5750279085b0\"},\"headline\":\"La UAS recibe del SUNTUAS el emplazamiento a huelga y el pliego petitorio 2023\",\"datePublished\":\"2023-11-01T00:53:51+00:00\",\"dateModified\":\"2023-11-01T00:54:05+00:00\",\"mainEntityOfPage\":{\"@id\":\"https:\\\/\\\/fuentesfidedignas.com.mx\\\/index.php\\\/2023\\\/10\\\/31\\\/la-uas-recibe-del-suntuas-el-emplazamiento-a-huelga-y-el-pliego-petitorio-2023\\\/\"},\"wordCount\":821,\"commentCount\":0,\"publisher\":{\"@id\":\"https:\\\/\\\/fuentesfidedignas.com.mx\\\/#organization\"},\"image\":{\"@id\":\"https:\\\/\\\/fuentesfidedignas.com.mx\\\/index.php\\\/2023\\\/10\\\/31\\\/la-uas-recibe-del-suntuas-el-emplazamiento-a-huelga-y-el-pliego-petitorio-2023\\\/#primaryimage\"},\"thumbnailUrl\":\"https:\\\/\\\/fuentesfidedignas.com.mx\\\/wp-content\\\/uploads\\\/2023\\\/10\\\/emplazamiento-huelga-2.jpg\",\"inLanguage\":\"es\",\"potentialAction\":[{\"@type\":\"CommentAction\",\"name\":\"Comment\",\"target\":[\"https:\\\/\\\/fuentesfidedignas.com.mx\\\/index.php\\\/2023\\\/10\\\/31\\\/la-uas-recibe-del-suntuas-el-emplazamiento-a-huelga-y-el-pliego-petitorio-2023\\\/#respond\"]}]},{\"@type\":\"WebPage\",\"@id\":\"https:\\\/\\\/fuentesfidedignas.com.mx\\\/index.php\\\/2023\\\/10\\\/31\\\/la-uas-recibe-del-suntuas-el-emplazamiento-a-huelga-y-el-pliego-petitorio-2023\\\/\",\"url\":\"https:\\\/\\\/fuentesfidedignas.com.mx\\\/index.php\\\/2023\\\/10\\\/31\\\/la-uas-recibe-del-suntuas-el-emplazamiento-a-huelga-y-el-pliego-petitorio-2023\\\/\",\"name\":\"La UAS recibe del SUNTUAS el emplazamiento a huelga y el pliego petitorio 2023 - Fuentes Fidedignas\",\"isPartOf\":{\"@id\":\"https:\\\/\\\/fuentesfidedignas.com.mx\\\/#website\"},\"primaryImageOfPage\":{\"@id\":\"https:\\\/\\\/fuentesfidedignas.com.mx\\\/index.php\\\/2023\\\/10\\\/31\\\/la-uas-recibe-del-suntuas-el-emplazamiento-a-huelga-y-el-pliego-petitorio-2023\\\/#primaryimage\"},\"image\":{\"@id\":\"https:\\\/\\\/fuentesfidedignas.com.mx\\\/index.php\\\/2023\\\/10\\\/31\\\/la-uas-recibe-del-suntuas-el-emplazamiento-a-huelga-y-el-pliego-petitorio-2023\\\/#primaryimage\"},\"thumbnailUrl\":\"https:\\\/\\\/fuentesfidedignas.com.mx\\\/wp-content\\\/uploads\\\/2023\\\/10\\\/emplazamiento-huelga-2.jpg\",\"datePublished\":\"2023-11-01T00:53:51+00:00\",\"dateModified\":\"2023-11-01T00:54:05+00:00\",\"breadcrumb\":{\"@id\":\"https:\\\/\\\/fuentesfidedignas.com.mx\\\/index.php\\\/2023\\\/10\\\/31\\\/la-uas-recibe-del-suntuas-el-emplazamiento-a-huelga-y-el-pliego-petitorio-2023\\\/#breadcrumb\"},\"inLanguage\":\"es\",\"potentialAction\":[{\"@type\":\"ReadAction\",\"target\":[\"https:\\\/\\\/fuentesfidedignas.com.mx\\\/index.php\\\/2023\\\/10\\\/31\\\/la-uas-recibe-del-suntuas-el-emplazamiento-a-huelga-y-el-pliego-petitorio-2023\\\/\"]}]},{\"@type\":\"ImageObject\",\"inLanguage\":\"es\",\"@id\":\"https:\\\/\\\/fuentesfidedignas.com.mx\\\/index.php\\\/2023\\\/10\\\/31\\\/la-uas-recibe-del-suntuas-el-emplazamiento-a-huelga-y-el-pliego-petitorio-2023\\\/#primaryimage\",\"url\":\"https:\\\/\\\/fuentesfidedignas.com.mx\\\/wp-content\\\/uploads\\\/2023\\\/10\\\/emplazamiento-huelga-2.jpg\",\"contentUrl\":\"https:\\\/\\\/fuentesfidedignas.com.mx\\\/wp-content\\\/uploads\\\/2023\\\/10\\\/emplazamiento-huelga-2.jpg\",\"width\":2000,\"height\":1332},{\"@type\":\"BreadcrumbList\",\"@id\":\"https:\\\/\\\/fuentesfidedignas.com.mx\\\/index.php\\\/2023\\\/10\\\/31\\\/la-uas-recibe-del-suntuas-el-emplazamiento-a-huelga-y-el-pliego-petitorio-2023\\\/#breadcrumb\",\"itemListElement\":[{\"@type\":\"ListItem\",\"position\":1,\"name\":\"Inicio\",\"item\":\"https:\\\/\\\/fuentesfidedignas.com.mx\\\/\"},{\"@type\":\"ListItem\",\"position\":2,\"name\":\"La UAS recibe del SUNTUAS el emplazamiento a huelga y el pliego petitorio 2023\"}]},{\"@type\":\"WebSite\",\"@id\":\"https:\\\/\\\/fuentesfidedignas.com.mx\\\/#website\",\"url\":\"https:\\\/\\\/fuentesfidedignas.com.mx\\\/\",\"name\":\"Fuentes Fidedignas\",\"description\":\"Otro sitio realizado con WordPress\",\"publisher\":{\"@id\":\"https:\\\/\\\/fuentesfidedignas.com.mx\\\/#organization\"},\"potentialAction\":[{\"@type\":\"SearchAction\",\"target\":{\"@type\":\"EntryPoint\",\"urlTemplate\":\"https:\\\/\\\/fuentesfidedignas.com.mx\\\/?s={search_term_string}\"},\"query-input\":{\"@type\":\"PropertyValueSpecification\",\"valueRequired\":true,\"valueName\":\"search_term_string\"}}],\"inLanguage\":\"es\"},{\"@type\":\"Organization\",\"@id\":\"https:\\\/\\\/fuentesfidedignas.com.mx\\\/#organization\",\"name\":\"Fuentes Fidedignas\",\"url\":\"https:\\\/\\\/fuentesfidedignas.com.mx\\\/\",\"logo\":{\"@type\":\"ImageObject\",\"inLanguage\":\"es\",\"@id\":\"https:\\\/\\\/fuentesfidedignas.com.mx\\\/#\\\/schema\\\/logo\\\/image\\\/\",\"url\":\"https:\\\/\\\/fuentesfidedignas.com.mx\\\/wp-content\\\/uploads\\\/2021\\\/04\\\/logo-retina.png\",\"contentUrl\":\"https:\\\/\\\/fuentesfidedignas.com.mx\\\/wp-content\\\/uploads\\\/2021\\\/04\\\/logo-retina.png\",\"width\":280,\"height\":51,\"caption\":\"Fuentes Fidedignas\"},\"image\":{\"@id\":\"https:\\\/\\\/fuentesfidedignas.com.mx\\\/#\\\/schema\\\/logo\\\/image\\\/\"},\"sameAs\":[\"https:\\\/\\\/www.facebook.com\\\/Fuentes-Fidedignas-368234489921644\",\"https:\\\/\\\/x.com\\\/fidedignas\"]},{\"@type\":\"Person\",\"@id\":\"https:\\\/\\\/fuentesfidedignas.com.mx\\\/#\\\/schema\\\/person\\\/331be9283d37198e2acd5750279085b0\",\"name\":\"Redacci\u00f3n\",\"image\":{\"@type\":\"ImageObject\",\"inLanguage\":\"es\",\"@id\":\"https:\\\/\\\/secure.gravatar.com\\\/avatar\\\/f6d8782c11d12b2d4ad3fbb6931aeab5309937a4d6cd2fc9cfaa28a6396a5aec?s=96&d=mm&r=g\",\"url\":\"https:\\\/\\\/secure.gravatar.com\\\/avatar\\\/f6d8782c11d12b2d4ad3fbb6931aeab5309937a4d6cd2fc9cfaa28a6396a5aec?s=96&d=mm&r=g\",\"contentUrl\":\"https:\\\/\\\/secure.gravatar.com\\\/avatar\\\/f6d8782c11d12b2d4ad3fbb6931aeab5309937a4d6cd2fc9cfaa28a6396a5aec?s=96&d=mm&r=g\",\"caption\":\"Redacci\u00f3n\"},\"url\":\"https:\\\/\\\/fuentesfidedignas.com.mx\\\/index.php\\\/author\\\/redaccion\\\/\"}]}<\/script>\n<!-- \/ Yoast SEO plugin. -->","yoast_head_json":{"title":"La UAS recibe del SUNTUAS el emplazamiento a huelga y el pliego petitorio 2023 - Fuentes Fidedignas","robots":{"index":"index","follow":"follow","max-snippet":"max-snippet:-1","max-image-preview":"max-image-preview:large","max-video-preview":"max-video-preview:-1"},"canonical":"https:\/\/fuentesfidedignas.com.mx\/index.php\/2023\/10\/31\/la-uas-recibe-del-suntuas-el-emplazamiento-a-huelga-y-el-pliego-petitorio-2023\/","og_locale":"es_MX","og_type":"article","og_title":"La UAS recibe del SUNTUAS el emplazamiento a huelga y el pliego petitorio 2023 - Fuentes Fidedignas","og_description":"La Secretaria General del SUNTUAS, Secci\u00f3n Administrativos e Intendencia, maestra Maricela Guadalupe P\u00e9rez Carrillo, expuso que con esta entrega se da seguimiento a una ruta cr\u00edtica que se aprob\u00f3 en el Consejo General de Delegados Culiac\u00e1n, Sin.- En atenci\u00f3n a lo estipulado en el Contrato Colectivo de Trabajo (CCT) y con la disposici\u00f3n de atender [&hellip;]","og_url":"https:\/\/fuentesfidedignas.com.mx\/index.php\/2023\/10\/31\/la-uas-recibe-del-suntuas-el-emplazamiento-a-huelga-y-el-pliego-petitorio-2023\/","og_site_name":"Fuentes Fidedignas","article_publisher":"https:\/\/www.facebook.com\/Fuentes-Fidedignas-368234489921644","article_published_time":"2023-11-01T00:53:51+00:00","article_modified_time":"2023-11-01T00:54:05+00:00","og_image":[{"width":2000,"height":1332,"url":"https:\/\/fuentesfidedignas.com.mx\/wp-content\/uploads\/2023\/10\/emplazamiento-huelga-2.jpg","type":"image\/jpeg"}],"author":"Redacci\u00f3n","twitter_card":"summary_large_image","twitter_creator":"@fidedignas","twitter_site":"@fidedignas","twitter_misc":{"Escrito por":"Redacci\u00f3n","Tiempo de lectura":"4 minutos"},"schema":{"@context":"https:\/\/schema.org","@graph":[{"@type":"Article","@id":"https:\/\/fuentesfidedignas.com.mx\/index.php\/2023\/10\/31\/la-uas-recibe-del-suntuas-el-emplazamiento-a-huelga-y-el-pliego-petitorio-2023\/#article","isPartOf":{"@id":"https:\/\/fuentesfidedignas.com.mx\/index.php\/2023\/10\/31\/la-uas-recibe-del-suntuas-el-emplazamiento-a-huelga-y-el-pliego-petitorio-2023\/"},"author":{"name":"Redacci\u00f3n","@id":"https:\/\/fuentesfidedignas.com.mx\/#\/schema\/person\/331be9283d37198e2acd5750279085b0"},"headline":"La UAS recibe del SUNTUAS el emplazamiento a huelga y el pliego petitorio 2023","datePublished":"2023-11-01T00:53:51+00:00","dateModified":"2023-11-01T00:54:05+00:00","mainEntityOfPage":{"@id":"https:\/\/fuentesfidedignas.com.mx\/index.php\/2023\/10\/31\/la-uas-recibe-del-suntuas-el-emplazamiento-a-huelga-y-el-pliego-petitorio-2023\/"},"wordCount":821,"commentCount":0,"publisher":{"@id":"https:\/\/fuentesfidedignas.com.mx\/#organization"},"image":{"@id":"https:\/\/fuentesfidedignas.com.mx\/index.php\/2023\/10\/31\/la-uas-recibe-del-suntuas-el-emplazamiento-a-huelga-y-el-pliego-petitorio-2023\/#primaryimage"},"thumbnailUrl":"https:\/\/fuentesfidedignas.com.mx\/wp-content\/uploads\/2023\/10\/emplazamiento-huelga-2.jpg","inLanguage":"es","potentialAction":[{"@type":"CommentAction","name":"Comment","target":["https:\/\/fuentesfidedignas.com.mx\/index.php\/2023\/10\/31\/la-uas-recibe-del-suntuas-el-emplazamiento-a-huelga-y-el-pliego-petitorio-2023\/#respond"]}]},{"@type":"WebPage","@id":"https:\/\/fuentesfidedignas.com.mx\/index.php\/2023\/10\/31\/la-uas-recibe-del-suntuas-el-emplazamiento-a-huelga-y-el-pliego-petitorio-2023\/","url":"https:\/\/fuentesfidedignas.com.mx\/index.php\/2023\/10\/31\/la-uas-recibe-del-suntuas-el-emplazamiento-a-huelga-y-el-pliego-petitorio-2023\/","name":"La UAS recibe del SUNTUAS el emplazamiento a huelga y el pliego petitorio 2023 - Fuentes Fidedignas","isPartOf":{"@id":"https:\/\/fuentesfidedignas.com.mx\/#website"},"primaryImageOfPage":{"@id":"https:\/\/fuentesfidedignas.com.mx\/index.php\/2023\/10\/31\/la-uas-recibe-del-suntuas-el-emplazamiento-a-huelga-y-el-pliego-petitorio-2023\/#primaryimage"},"image":{"@id":"https:\/\/fuentesfidedignas.com.mx\/index.php\/2023\/10\/31\/la-uas-recibe-del-suntuas-el-emplazamiento-a-huelga-y-el-pliego-petitorio-2023\/#primaryimage"},"thumbnailUrl":"https:\/\/fuentesfidedignas.com.mx\/wp-content\/uploads\/2023\/10\/emplazamiento-huelga-2.jpg","datePublished":"2023-11-01T00:53:51+00:00","dateModified":"2023-11-01T00:54:05+00:00","breadcrumb":{"@id":"https:\/\/fuentesfidedignas.com.mx\/index.php\/2023\/10\/31\/la-uas-recibe-del-suntuas-el-emplazamiento-a-huelga-y-el-pliego-petitorio-2023\/#breadcrumb"},"inLanguage":"es","potentialAction":[{"@type":"ReadAction","target":["https:\/\/fuentesfidedignas.com.mx\/index.php\/2023\/10\/31\/la-uas-recibe-del-suntuas-el-emplazamiento-a-huelga-y-el-pliego-petitorio-2023\/"]}]},{"@type":"ImageObject","inLanguage":"es","@id":"https:\/\/fuentesfidedignas.com.mx\/index.php\/2023\/10\/31\/la-uas-recibe-del-suntuas-el-emplazamiento-a-huelga-y-el-pliego-petitorio-2023\/#primaryimage","url":"https:\/\/fuentesfidedignas.com.mx\/wp-content\/uploads\/2023\/10\/emplazamiento-huelga-2.jpg","contentUrl":"https:\/\/fuentesfidedignas.com.mx\/wp-content\/uploads\/2023\/10\/emplazamiento-huelga-2.jpg","width":2000,"height":1332},{"@type":"BreadcrumbList","@id":"https:\/\/fuentesfidedignas.com.mx\/index.php\/2023\/10\/31\/la-uas-recibe-del-suntuas-el-emplazamiento-a-huelga-y-el-pliego-petitorio-2023\/#breadcrumb","itemListElement":[{"@type":"ListItem","position":1,"name":"Inicio","item":"https:\/\/fuentesfidedignas.com.mx\/"},{"@type":"ListItem","position":2,"name":"La UAS recibe del SUNTUAS el emplazamiento a huelga y el pliego petitorio 2023"}]},{"@type":"WebSite","@id":"https:\/\/fuentesfidedignas.com.mx\/#website","url":"https:\/\/fuentesfidedignas.com.mx\/","name":"Fuentes Fidedignas","description":"Otro sitio realizado con WordPress","publisher":{"@id":"https:\/\/fuentesfidedignas.com.mx\/#organization"},"potentialAction":[{"@type":"SearchAction","target":{"@type":"EntryPoint","urlTemplate":"https:\/\/fuentesfidedignas.com.mx\/?s={search_term_string}"},"query-input":{"@type":"PropertyValueSpecification","valueRequired":true,"valueName":"search_term_string"}}],"inLanguage":"es"},{"@type":"Organization","@id":"https:\/\/fuentesfidedignas.com.mx\/#organization","name":"Fuentes Fidedignas","url":"https:\/\/fuentesfidedignas.com.mx\/","logo":{"@type":"ImageObject","inLanguage":"es","@id":"https:\/\/fuentesfidedignas.com.mx\/#\/schema\/logo\/image\/","url":"https:\/\/fuentesfidedignas.com.mx\/wp-content\/uploads\/2021\/04\/logo-retina.png","contentUrl":"https:\/\/fuentesfidedignas.com.mx\/wp-content\/uploads\/2021\/04\/logo-retina.png","width":280,"height":51,"caption":"Fuentes Fidedignas"},"image":{"@id":"https:\/\/fuentesfidedignas.com.mx\/#\/schema\/logo\/image\/"},"sameAs":["https:\/\/www.facebook.com\/Fuentes-Fidedignas-368234489921644","https:\/\/x.com\/fidedignas"]},{"@type":"Person","@id":"https:\/\/fuentesfidedignas.com.mx\/#\/schema\/person\/331be9283d37198e2acd5750279085b0","name":"Redacci\u00f3n","image":{"@type":"ImageObject","inLanguage":"es","@id":"https:\/\/secure.gravatar.com\/avatar\/f6d8782c11d12b2d4ad3fbb6931aeab5309937a4d6cd2fc9cfaa28a6396a5aec?s=96&d=mm&r=g","url":"https:\/\/secure.gravatar.com\/avatar\/f6d8782c11d12b2d4ad3fbb6931aeab5309937a4d6cd2fc9cfaa28a6396a5aec?s=96&d=mm&r=g","contentUrl":"https:\/\/secure.gravatar.com\/avatar\/f6d8782c11d12b2d4ad3fbb6931aeab5309937a4d6cd2fc9cfaa28a6396a5aec?s=96&d=mm&r=g","caption":"Redacci\u00f3n"},"url":"https:\/\/fuentesfidedignas.com.mx\/index.php\/author\/redaccion\/"}]}},"_links":{"self":[{"href":"https:\/\/fuentesfidedignas.com.mx\/index.php\/wp-json\/wp\/v2\/posts\/64395","targetHints":{"allow":["GET"]}}],"collection":[{"href":"https:\/\/fuentesfidedignas.com.mx\/index.php\/wp-json\/wp\/v2\/posts"}],"about":[{"href":"https:\/\/fuentesfidedignas.com.mx\/index.php\/wp-json\/wp\/v2\/types\/post"}],"author":[{"embeddable":true,"href":"https:\/\/fuentesfidedignas.com.mx\/index.php\/wp-json\/wp\/v2\/users\/4"}],"replies":[{"embeddable":true,"href":"https:\/\/fuentesfidedignas.com.mx\/index.php\/wp-json\/wp\/v2\/comments?post=64395"}],"version-history":[{"count":1,"href":"https:\/\/fuentesfidedignas.com.mx\/index.php\/wp-json\/wp\/v2\/posts\/64395\/revisions"}],"predecessor-version":[{"id":64397,"href":"https:\/\/fuentesfidedignas.com.mx\/index.php\/wp-json\/wp\/v2\/posts\/64395\/revisions\/64397"}],"wp:featuredmedia":[{"embeddable":true,"href":"https:\/\/fuentesfidedignas.com.mx\/index.php\/wp-json\/wp\/v2\/media\/64396"}],"wp:attachment":[{"href":"https:\/\/fuentesfidedignas.com.mx\/index.php\/wp-json\/wp\/v2\/media?parent=64395"}],"wp:term":[{"taxonomy":"category","embeddable":true,"href":"https:\/\/fuentesfidedignas.com.mx\/index.php\/wp-json\/wp\/v2\/categories?post=64395"},{"taxonomy":"post_tag","embeddable":true,"href":"https:\/\/fuentesfidedignas.com.mx\/index.php\/wp-json\/wp\/v2\/tags?post=64395"}],"curies":[{"name":"wp","href":"https:\/\/api.w.org\/{rel}","templated":true}]}}