{"id":64392,"date":"2023-10-31T17:49:31","date_gmt":"2023-11-01T00:49:31","guid":{"rendered":"https:\/\/fuentesfidedignas.com.mx\/?p=64392"},"modified":"2023-10-31T17:49:46","modified_gmt":"2023-11-01T00:49:46","slug":"inicia-pri-estatal-irh-y-la-rjxm-sinaloa-curso-liderazgos-positivos","status":"publish","type":"post","link":"https:\/\/fuentesfidedignas.com.mx\/index.php\/2023\/10\/31\/inicia-pri-estatal-irh-y-la-rjxm-sinaloa-curso-liderazgos-positivos\/","title":{"rendered":"Inicia PRI Estatal, IRH y la RJXM Sinaloa, curso \u201cLiderazgos positivos\u201d"},"content":{"rendered":"\n<p><strong><em>Impartido por Ruby Mariana Romero Hern\u00e1ndez.<\/em><\/strong><\/p>\n\n\n\n<p>Culiac\u00e1n, Sin.- Con la finalidad de continuar preparando cuadros, que se encuentren capacitados para afrontar la problem\u00e1tica en diversos rubros en el presente, PRI Sinaloa, IRH y la RJXM en el estado, da inicio al curso \u201cLiderazgos positivos\u201d.<\/p>\n\n\n\n<p>Presentes en dicho curso, la presidenta del Comit\u00e9 Directivo Estatal del PRI Sinaloa, Paola G\u00e1rate Valenzuela; el secretario general, Bernardino Antelo Esper; el dirigente del Instituto Reyes Heroles Estatal, G\u00f3mer Mon\u00e1rrez Lara; la dirigente de la Red de J\u00f3venes por M\u00e9xico en Sinaloa, Hecbel L\u00f3pez Caballero y el presidente del Movimiento Territorial, \u00d3scar Valdez L\u00f3pez.<\/p>\n\n\n\n<p>G\u00e1rate Valenzuela, en su mensaje, dijo que celebra la realizaci\u00f3n de estas capacitaciones, exhort\u00f3 a los presentes a que lo que aprendan aqu\u00ed, lo lleven de manera inmediata a la pr\u00e1ctica, para ser quienes motiven a m\u00e1s personas, ya que los j\u00f3venes son los protagonistas del presente.<\/p>\n\n\n\n<p>\u201cLo que tenemos en puerta el pr\u00f3ximo a\u00f1o no es una elecci\u00f3n m\u00e1s, es la \u00faltima gran oportunidad, para influir en que tengamos una dictadura ya instaurada que han pretendido hace 5 a\u00f1os los de Morena o un pa\u00eds libre; debemos luchar por un Sinaloa mejor\u201d, coment\u00f3 la presidenta estatal.<\/p>\n\n\n\n<p>Por su parte, Antelo Esper se\u00f1al\u00f3 \u201cno cualquier partido pol\u00edtico tiene la posibilidad de tener este tipo de herramientas y espacios para poder capacitar, formarnos y prepararnos para lo que viene\u201d.<\/p>\n\n\n\n<p>\u201cLo que ha hecho Morena desde que ellos gobiernan este pa\u00eds, es llevar a gente que no est\u00e1n a la altura de las circunstancias, cuantos funcionarios p\u00fablicos tenemos de primer nivel, que son responsables de la pol\u00edtica p\u00fablica que nos han dejado mucho a deber\u201d, agreg\u00f3 el secretario general del PRI en Sinaloa.<\/p>\n\n\n\n<p>Mon\u00e1rrez Lara, expreso \u201cvamos a brindar un proceso de calidad, que nos va a permitir una formaci\u00f3n m\u00e1s din\u00e1mica, por una apertura de pensamiento enfocado a la realidad que vivimos pol\u00edticamente en el estado, a la situaci\u00f3n econ\u00f3mica que tenemos en nuestro pa\u00eds y principalmente a lo que nos acontece a todas las familias sinaloenses\u201d.<\/p>\n\n\n\n<p>El primer m\u00f3dulo de seis, fue impartido por Ruby Mariana Romero Hern\u00e1ndez.<\/p>\n","protected":false},"excerpt":{"rendered":"<p>Impartido por Ruby Mariana Romero Hern\u00e1ndez. Culiac\u00e1n, Sin.- Con la finalidad de continuar preparando cuadros, que se encuentren capacitados para afrontar la problem\u00e1tica en diversos rubros en el presente, PRI Sinaloa, IRH y la RJXM en el estado, da inicio al curso \u201cLiderazgos positivos\u201d. Presentes en dicho curso, la presidenta del Comit\u00e9 Directivo Estatal del [&hellip;]<\/p>\n","protected":false},"author":4,"featured_media":64393,"comment_status":"open","ping_status":"open","sticky":false,"template":"","format":"standard","meta":{"tdm_status":"","tdm_grid_status":"","footnotes":""},"categories":[1],"tags":[],"class_list":{"0":"post-64392","1":"post","2":"type-post","3":"status-publish","4":"format-standard","5":"has-post-thumbnail","7":"category-sin-categoria"},"yoast_head":"<!-- This site is optimized with the Yoast SEO plugin v27.5 - https:\/\/yoast.com\/product\/yoast-seo-wordpress\/ -->\n<title>Inicia PRI Estatal, IRH y la RJXM Sinaloa, curso \u201cLiderazgos positivos\u201d - Fuentes Fidedignas<\/title>\n<meta name=\"robots\" content=\"index, follow, max-snippet:-1, max-image-preview:large, max-video-preview:-1\" \/>\n<link rel=\"canonical\" href=\"https:\/\/fuentesfidedignas.com.mx\/index.php\/2023\/10\/31\/inicia-pri-estatal-irh-y-la-rjxm-sinaloa-curso-liderazgos-positivos\/\" \/>\n<meta property=\"og:locale\" content=\"es_MX\" \/>\n<meta property=\"og:type\" content=\"article\" \/>\n<meta property=\"og:title\" content=\"Inicia PRI Estatal, IRH y la RJXM Sinaloa, curso \u201cLiderazgos positivos\u201d - Fuentes Fidedignas\" \/>\n<meta property=\"og:description\" content=\"Impartido por Ruby Mariana Romero Hern\u00e1ndez. Culiac\u00e1n, Sin.- Con la finalidad de continuar preparando cuadros, que se encuentren capacitados para afrontar la problem\u00e1tica en diversos rubros en el presente, PRI Sinaloa, IRH y la RJXM en el estado, da inicio al curso \u201cLiderazgos positivos\u201d. Presentes en dicho curso, la presidenta del Comit\u00e9 Directivo Estatal del [&hellip;]\" \/>\n<meta property=\"og:url\" content=\"https:\/\/fuentesfidedignas.com.mx\/index.php\/2023\/10\/31\/inicia-pri-estatal-irh-y-la-rjxm-sinaloa-curso-liderazgos-positivos\/\" \/>\n<meta property=\"og:site_name\" content=\"Fuentes Fidedignas\" \/>\n<meta property=\"article:publisher\" content=\"https:\/\/www.facebook.com\/Fuentes-Fidedignas-368234489921644\" \/>\n<meta property=\"article:published_time\" content=\"2023-11-01T00:49:31+00:00\" \/>\n<meta property=\"article:modified_time\" content=\"2023-11-01T00:49:46+00:00\" \/>\n<meta property=\"og:image\" content=\"https:\/\/fuentesfidedignas.com.mx\/wp-content\/uploads\/2023\/10\/4-4.jpg\" \/>\n\t<meta property=\"og:image:width\" content=\"1600\" \/>\n\t<meta property=\"og:image:height\" content=\"900\" \/>\n\t<meta property=\"og:image:type\" content=\"image\/jpeg\" \/>\n<meta name=\"author\" content=\"Redacci\u00f3n\" \/>\n<meta name=\"twitter:card\" content=\"summary_large_image\" \/>\n<meta name=\"twitter:creator\" content=\"@fidedignas\" \/>\n<meta name=\"twitter:site\" content=\"@fidedignas\" \/>\n<meta name=\"twitter:label1\" content=\"Escrito por\" \/>\n\t<meta name=\"twitter:data1\" content=\"Redacci\u00f3n\" \/>\n\t<meta name=\"twitter:label2\" content=\"Tiempo de lectura\" \/>\n\t<meta name=\"twitter:data2\" content=\"2 minutos\" \/>\n<script type=\"application\/ld+json\" class=\"yoast-schema-graph\">{\"@context\":\"https:\\\/\\\/schema.org\",\"@graph\":[{\"@type\":\"Article\",\"@id\":\"https:\\\/\\\/fuentesfidedignas.com.mx\\\/index.php\\\/2023\\\/10\\\/31\\\/inicia-pri-estatal-irh-y-la-rjxm-sinaloa-curso-liderazgos-positivos\\\/#article\",\"isPartOf\":{\"@id\":\"https:\\\/\\\/fuentesfidedignas.com.mx\\\/index.php\\\/2023\\\/10\\\/31\\\/inicia-pri-estatal-irh-y-la-rjxm-sinaloa-curso-liderazgos-positivos\\\/\"},\"author\":{\"name\":\"Redacci\u00f3n\",\"@id\":\"https:\\\/\\\/fuentesfidedignas.com.mx\\\/#\\\/schema\\\/person\\\/331be9283d37198e2acd5750279085b0\"},\"headline\":\"Inicia PRI Estatal, IRH y la RJXM Sinaloa, curso \u201cLiderazgos positivos\u201d\",\"datePublished\":\"2023-11-01T00:49:31+00:00\",\"dateModified\":\"2023-11-01T00:49:46+00:00\",\"mainEntityOfPage\":{\"@id\":\"https:\\\/\\\/fuentesfidedignas.com.mx\\\/index.php\\\/2023\\\/10\\\/31\\\/inicia-pri-estatal-irh-y-la-rjxm-sinaloa-curso-liderazgos-positivos\\\/\"},\"wordCount\":396,\"commentCount\":0,\"publisher\":{\"@id\":\"https:\\\/\\\/fuentesfidedignas.com.mx\\\/#organization\"},\"image\":{\"@id\":\"https:\\\/\\\/fuentesfidedignas.com.mx\\\/index.php\\\/2023\\\/10\\\/31\\\/inicia-pri-estatal-irh-y-la-rjxm-sinaloa-curso-liderazgos-positivos\\\/#primaryimage\"},\"thumbnailUrl\":\"https:\\\/\\\/fuentesfidedignas.com.mx\\\/wp-content\\\/uploads\\\/2023\\\/10\\\/4-4.jpg\",\"inLanguage\":\"es\",\"potentialAction\":[{\"@type\":\"CommentAction\",\"name\":\"Comment\",\"target\":[\"https:\\\/\\\/fuentesfidedignas.com.mx\\\/index.php\\\/2023\\\/10\\\/31\\\/inicia-pri-estatal-irh-y-la-rjxm-sinaloa-curso-liderazgos-positivos\\\/#respond\"]}]},{\"@type\":\"WebPage\",\"@id\":\"https:\\\/\\\/fuentesfidedignas.com.mx\\\/index.php\\\/2023\\\/10\\\/31\\\/inicia-pri-estatal-irh-y-la-rjxm-sinaloa-curso-liderazgos-positivos\\\/\",\"url\":\"https:\\\/\\\/fuentesfidedignas.com.mx\\\/index.php\\\/2023\\\/10\\\/31\\\/inicia-pri-estatal-irh-y-la-rjxm-sinaloa-curso-liderazgos-positivos\\\/\",\"name\":\"Inicia PRI Estatal, IRH y la RJXM Sinaloa, curso \u201cLiderazgos positivos\u201d - Fuentes Fidedignas\",\"isPartOf\":{\"@id\":\"https:\\\/\\\/fuentesfidedignas.com.mx\\\/#website\"},\"primaryImageOfPage\":{\"@id\":\"https:\\\/\\\/fuentesfidedignas.com.mx\\\/index.php\\\/2023\\\/10\\\/31\\\/inicia-pri-estatal-irh-y-la-rjxm-sinaloa-curso-liderazgos-positivos\\\/#primaryimage\"},\"image\":{\"@id\":\"https:\\\/\\\/fuentesfidedignas.com.mx\\\/index.php\\\/2023\\\/10\\\/31\\\/inicia-pri-estatal-irh-y-la-rjxm-sinaloa-curso-liderazgos-positivos\\\/#primaryimage\"},\"thumbnailUrl\":\"https:\\\/\\\/fuentesfidedignas.com.mx\\\/wp-content\\\/uploads\\\/2023\\\/10\\\/4-4.jpg\",\"datePublished\":\"2023-11-01T00:49:31+00:00\",\"dateModified\":\"2023-11-01T00:49:46+00:00\",\"breadcrumb\":{\"@id\":\"https:\\\/\\\/fuentesfidedignas.com.mx\\\/index.php\\\/2023\\\/10\\\/31\\\/inicia-pri-estatal-irh-y-la-rjxm-sinaloa-curso-liderazgos-positivos\\\/#breadcrumb\"},\"inLanguage\":\"es\",\"potentialAction\":[{\"@type\":\"ReadAction\",\"target\":[\"https:\\\/\\\/fuentesfidedignas.com.mx\\\/index.php\\\/2023\\\/10\\\/31\\\/inicia-pri-estatal-irh-y-la-rjxm-sinaloa-curso-liderazgos-positivos\\\/\"]}]},{\"@type\":\"ImageObject\",\"inLanguage\":\"es\",\"@id\":\"https:\\\/\\\/fuentesfidedignas.com.mx\\\/index.php\\\/2023\\\/10\\\/31\\\/inicia-pri-estatal-irh-y-la-rjxm-sinaloa-curso-liderazgos-positivos\\\/#primaryimage\",\"url\":\"https:\\\/\\\/fuentesfidedignas.com.mx\\\/wp-content\\\/uploads\\\/2023\\\/10\\\/4-4.jpg\",\"contentUrl\":\"https:\\\/\\\/fuentesfidedignas.com.mx\\\/wp-content\\\/uploads\\\/2023\\\/10\\\/4-4.jpg\",\"width\":1600,\"height\":900},{\"@type\":\"BreadcrumbList\",\"@id\":\"https:\\\/\\\/fuentesfidedignas.com.mx\\\/index.php\\\/2023\\\/10\\\/31\\\/inicia-pri-estatal-irh-y-la-rjxm-sinaloa-curso-liderazgos-positivos\\\/#breadcrumb\",\"itemListElement\":[{\"@type\":\"ListItem\",\"position\":1,\"name\":\"Inicio\",\"item\":\"https:\\\/\\\/fuentesfidedignas.com.mx\\\/\"},{\"@type\":\"ListItem\",\"position\":2,\"name\":\"Inicia PRI Estatal, IRH y la RJXM Sinaloa, curso \u201cLiderazgos positivos\u201d\"}]},{\"@type\":\"WebSite\",\"@id\":\"https:\\\/\\\/fuentesfidedignas.com.mx\\\/#website\",\"url\":\"https:\\\/\\\/fuentesfidedignas.com.mx\\\/\",\"name\":\"Fuentes Fidedignas\",\"description\":\"Otro sitio realizado con WordPress\",\"publisher\":{\"@id\":\"https:\\\/\\\/fuentesfidedignas.com.mx\\\/#organization\"},\"potentialAction\":[{\"@type\":\"SearchAction\",\"target\":{\"@type\":\"EntryPoint\",\"urlTemplate\":\"https:\\\/\\\/fuentesfidedignas.com.mx\\\/?s={search_term_string}\"},\"query-input\":{\"@type\":\"PropertyValueSpecification\",\"valueRequired\":true,\"valueName\":\"search_term_string\"}}],\"inLanguage\":\"es\"},{\"@type\":\"Organization\",\"@id\":\"https:\\\/\\\/fuentesfidedignas.com.mx\\\/#organization\",\"name\":\"Fuentes Fidedignas\",\"url\":\"https:\\\/\\\/fuentesfidedignas.com.mx\\\/\",\"logo\":{\"@type\":\"ImageObject\",\"inLanguage\":\"es\",\"@id\":\"https:\\\/\\\/fuentesfidedignas.com.mx\\\/#\\\/schema\\\/logo\\\/image\\\/\",\"url\":\"https:\\\/\\\/fuentesfidedignas.com.mx\\\/wp-content\\\/uploads\\\/2021\\\/04\\\/logo-retina.png\",\"contentUrl\":\"https:\\\/\\\/fuentesfidedignas.com.mx\\\/wp-content\\\/uploads\\\/2021\\\/04\\\/logo-retina.png\",\"width\":280,\"height\":51,\"caption\":\"Fuentes Fidedignas\"},\"image\":{\"@id\":\"https:\\\/\\\/fuentesfidedignas.com.mx\\\/#\\\/schema\\\/logo\\\/image\\\/\"},\"sameAs\":[\"https:\\\/\\\/www.facebook.com\\\/Fuentes-Fidedignas-368234489921644\",\"https:\\\/\\\/x.com\\\/fidedignas\"]},{\"@type\":\"Person\",\"@id\":\"https:\\\/\\\/fuentesfidedignas.com.mx\\\/#\\\/schema\\\/person\\\/331be9283d37198e2acd5750279085b0\",\"name\":\"Redacci\u00f3n\",\"image\":{\"@type\":\"ImageObject\",\"inLanguage\":\"es\",\"@id\":\"https:\\\/\\\/secure.gravatar.com\\\/avatar\\\/f6d8782c11d12b2d4ad3fbb6931aeab5309937a4d6cd2fc9cfaa28a6396a5aec?s=96&d=mm&r=g\",\"url\":\"https:\\\/\\\/secure.gravatar.com\\\/avatar\\\/f6d8782c11d12b2d4ad3fbb6931aeab5309937a4d6cd2fc9cfaa28a6396a5aec?s=96&d=mm&r=g\",\"contentUrl\":\"https:\\\/\\\/secure.gravatar.com\\\/avatar\\\/f6d8782c11d12b2d4ad3fbb6931aeab5309937a4d6cd2fc9cfaa28a6396a5aec?s=96&d=mm&r=g\",\"caption\":\"Redacci\u00f3n\"},\"url\":\"https:\\\/\\\/fuentesfidedignas.com.mx\\\/index.php\\\/author\\\/redaccion\\\/\"}]}<\/script>\n<!-- \/ Yoast SEO plugin. -->","yoast_head_json":{"title":"Inicia PRI Estatal, IRH y la RJXM Sinaloa, curso \u201cLiderazgos positivos\u201d - Fuentes Fidedignas","robots":{"index":"index","follow":"follow","max-snippet":"max-snippet:-1","max-image-preview":"max-image-preview:large","max-video-preview":"max-video-preview:-1"},"canonical":"https:\/\/fuentesfidedignas.com.mx\/index.php\/2023\/10\/31\/inicia-pri-estatal-irh-y-la-rjxm-sinaloa-curso-liderazgos-positivos\/","og_locale":"es_MX","og_type":"article","og_title":"Inicia PRI Estatal, IRH y la RJXM Sinaloa, curso \u201cLiderazgos positivos\u201d - Fuentes Fidedignas","og_description":"Impartido por Ruby Mariana Romero Hern\u00e1ndez. Culiac\u00e1n, Sin.- Con la finalidad de continuar preparando cuadros, que se encuentren capacitados para afrontar la problem\u00e1tica en diversos rubros en el presente, PRI Sinaloa, IRH y la RJXM en el estado, da inicio al curso \u201cLiderazgos positivos\u201d. Presentes en dicho curso, la presidenta del Comit\u00e9 Directivo Estatal del [&hellip;]","og_url":"https:\/\/fuentesfidedignas.com.mx\/index.php\/2023\/10\/31\/inicia-pri-estatal-irh-y-la-rjxm-sinaloa-curso-liderazgos-positivos\/","og_site_name":"Fuentes Fidedignas","article_publisher":"https:\/\/www.facebook.com\/Fuentes-Fidedignas-368234489921644","article_published_time":"2023-11-01T00:49:31+00:00","article_modified_time":"2023-11-01T00:49:46+00:00","og_image":[{"width":1600,"height":900,"url":"https:\/\/fuentesfidedignas.com.mx\/wp-content\/uploads\/2023\/10\/4-4.jpg","type":"image\/jpeg"}],"author":"Redacci\u00f3n","twitter_card":"summary_large_image","twitter_creator":"@fidedignas","twitter_site":"@fidedignas","twitter_misc":{"Escrito por":"Redacci\u00f3n","Tiempo de lectura":"2 minutos"},"schema":{"@context":"https:\/\/schema.org","@graph":[{"@type":"Article","@id":"https:\/\/fuentesfidedignas.com.mx\/index.php\/2023\/10\/31\/inicia-pri-estatal-irh-y-la-rjxm-sinaloa-curso-liderazgos-positivos\/#article","isPartOf":{"@id":"https:\/\/fuentesfidedignas.com.mx\/index.php\/2023\/10\/31\/inicia-pri-estatal-irh-y-la-rjxm-sinaloa-curso-liderazgos-positivos\/"},"author":{"name":"Redacci\u00f3n","@id":"https:\/\/fuentesfidedignas.com.mx\/#\/schema\/person\/331be9283d37198e2acd5750279085b0"},"headline":"Inicia PRI Estatal, IRH y la RJXM Sinaloa, curso \u201cLiderazgos positivos\u201d","datePublished":"2023-11-01T00:49:31+00:00","dateModified":"2023-11-01T00:49:46+00:00","mainEntityOfPage":{"@id":"https:\/\/fuentesfidedignas.com.mx\/index.php\/2023\/10\/31\/inicia-pri-estatal-irh-y-la-rjxm-sinaloa-curso-liderazgos-positivos\/"},"wordCount":396,"commentCount":0,"publisher":{"@id":"https:\/\/fuentesfidedignas.com.mx\/#organization"},"image":{"@id":"https:\/\/fuentesfidedignas.com.mx\/index.php\/2023\/10\/31\/inicia-pri-estatal-irh-y-la-rjxm-sinaloa-curso-liderazgos-positivos\/#primaryimage"},"thumbnailUrl":"https:\/\/fuentesfidedignas.com.mx\/wp-content\/uploads\/2023\/10\/4-4.jpg","inLanguage":"es","potentialAction":[{"@type":"CommentAction","name":"Comment","target":["https:\/\/fuentesfidedignas.com.mx\/index.php\/2023\/10\/31\/inicia-pri-estatal-irh-y-la-rjxm-sinaloa-curso-liderazgos-positivos\/#respond"]}]},{"@type":"WebPage","@id":"https:\/\/fuentesfidedignas.com.mx\/index.php\/2023\/10\/31\/inicia-pri-estatal-irh-y-la-rjxm-sinaloa-curso-liderazgos-positivos\/","url":"https:\/\/fuentesfidedignas.com.mx\/index.php\/2023\/10\/31\/inicia-pri-estatal-irh-y-la-rjxm-sinaloa-curso-liderazgos-positivos\/","name":"Inicia PRI Estatal, IRH y la RJXM Sinaloa, curso \u201cLiderazgos positivos\u201d - Fuentes Fidedignas","isPartOf":{"@id":"https:\/\/fuentesfidedignas.com.mx\/#website"},"primaryImageOfPage":{"@id":"https:\/\/fuentesfidedignas.com.mx\/index.php\/2023\/10\/31\/inicia-pri-estatal-irh-y-la-rjxm-sinaloa-curso-liderazgos-positivos\/#primaryimage"},"image":{"@id":"https:\/\/fuentesfidedignas.com.mx\/index.php\/2023\/10\/31\/inicia-pri-estatal-irh-y-la-rjxm-sinaloa-curso-liderazgos-positivos\/#primaryimage"},"thumbnailUrl":"https:\/\/fuentesfidedignas.com.mx\/wp-content\/uploads\/2023\/10\/4-4.jpg","datePublished":"2023-11-01T00:49:31+00:00","dateModified":"2023-11-01T00:49:46+00:00","breadcrumb":{"@id":"https:\/\/fuentesfidedignas.com.mx\/index.php\/2023\/10\/31\/inicia-pri-estatal-irh-y-la-rjxm-sinaloa-curso-liderazgos-positivos\/#breadcrumb"},"inLanguage":"es","potentialAction":[{"@type":"ReadAction","target":["https:\/\/fuentesfidedignas.com.mx\/index.php\/2023\/10\/31\/inicia-pri-estatal-irh-y-la-rjxm-sinaloa-curso-liderazgos-positivos\/"]}]},{"@type":"ImageObject","inLanguage":"es","@id":"https:\/\/fuentesfidedignas.com.mx\/index.php\/2023\/10\/31\/inicia-pri-estatal-irh-y-la-rjxm-sinaloa-curso-liderazgos-positivos\/#primaryimage","url":"https:\/\/fuentesfidedignas.com.mx\/wp-content\/uploads\/2023\/10\/4-4.jpg","contentUrl":"https:\/\/fuentesfidedignas.com.mx\/wp-content\/uploads\/2023\/10\/4-4.jpg","width":1600,"height":900},{"@type":"BreadcrumbList","@id":"https:\/\/fuentesfidedignas.com.mx\/index.php\/2023\/10\/31\/inicia-pri-estatal-irh-y-la-rjxm-sinaloa-curso-liderazgos-positivos\/#breadcrumb","itemListElement":[{"@type":"ListItem","position":1,"name":"Inicio","item":"https:\/\/fuentesfidedignas.com.mx\/"},{"@type":"ListItem","position":2,"name":"Inicia PRI Estatal, IRH y la RJXM Sinaloa, curso \u201cLiderazgos positivos\u201d"}]},{"@type":"WebSite","@id":"https:\/\/fuentesfidedignas.com.mx\/#website","url":"https:\/\/fuentesfidedignas.com.mx\/","name":"Fuentes Fidedignas","description":"Otro sitio realizado con WordPress","publisher":{"@id":"https:\/\/fuentesfidedignas.com.mx\/#organization"},"potentialAction":[{"@type":"SearchAction","target":{"@type":"EntryPoint","urlTemplate":"https:\/\/fuentesfidedignas.com.mx\/?s={search_term_string}"},"query-input":{"@type":"PropertyValueSpecification","valueRequired":true,"valueName":"search_term_string"}}],"inLanguage":"es"},{"@type":"Organization","@id":"https:\/\/fuentesfidedignas.com.mx\/#organization","name":"Fuentes Fidedignas","url":"https:\/\/fuentesfidedignas.com.mx\/","logo":{"@type":"ImageObject","inLanguage":"es","@id":"https:\/\/fuentesfidedignas.com.mx\/#\/schema\/logo\/image\/","url":"https:\/\/fuentesfidedignas.com.mx\/wp-content\/uploads\/2021\/04\/logo-retina.png","contentUrl":"https:\/\/fuentesfidedignas.com.mx\/wp-content\/uploads\/2021\/04\/logo-retina.png","width":280,"height":51,"caption":"Fuentes Fidedignas"},"image":{"@id":"https:\/\/fuentesfidedignas.com.mx\/#\/schema\/logo\/image\/"},"sameAs":["https:\/\/www.facebook.com\/Fuentes-Fidedignas-368234489921644","https:\/\/x.com\/fidedignas"]},{"@type":"Person","@id":"https:\/\/fuentesfidedignas.com.mx\/#\/schema\/person\/331be9283d37198e2acd5750279085b0","name":"Redacci\u00f3n","image":{"@type":"ImageObject","inLanguage":"es","@id":"https:\/\/secure.gravatar.com\/avatar\/f6d8782c11d12b2d4ad3fbb6931aeab5309937a4d6cd2fc9cfaa28a6396a5aec?s=96&d=mm&r=g","url":"https:\/\/secure.gravatar.com\/avatar\/f6d8782c11d12b2d4ad3fbb6931aeab5309937a4d6cd2fc9cfaa28a6396a5aec?s=96&d=mm&r=g","contentUrl":"https:\/\/secure.gravatar.com\/avatar\/f6d8782c11d12b2d4ad3fbb6931aeab5309937a4d6cd2fc9cfaa28a6396a5aec?s=96&d=mm&r=g","caption":"Redacci\u00f3n"},"url":"https:\/\/fuentesfidedignas.com.mx\/index.php\/author\/redaccion\/"}]}},"_links":{"self":[{"href":"https:\/\/fuentesfidedignas.com.mx\/index.php\/wp-json\/wp\/v2\/posts\/64392","targetHints":{"allow":["GET"]}}],"collection":[{"href":"https:\/\/fuentesfidedignas.com.mx\/index.php\/wp-json\/wp\/v2\/posts"}],"about":[{"href":"https:\/\/fuentesfidedignas.com.mx\/index.php\/wp-json\/wp\/v2\/types\/post"}],"author":[{"embeddable":true,"href":"https:\/\/fuentesfidedignas.com.mx\/index.php\/wp-json\/wp\/v2\/users\/4"}],"replies":[{"embeddable":true,"href":"https:\/\/fuentesfidedignas.com.mx\/index.php\/wp-json\/wp\/v2\/comments?post=64392"}],"version-history":[{"count":1,"href":"https:\/\/fuentesfidedignas.com.mx\/index.php\/wp-json\/wp\/v2\/posts\/64392\/revisions"}],"predecessor-version":[{"id":64394,"href":"https:\/\/fuentesfidedignas.com.mx\/index.php\/wp-json\/wp\/v2\/posts\/64392\/revisions\/64394"}],"wp:featuredmedia":[{"embeddable":true,"href":"https:\/\/fuentesfidedignas.com.mx\/index.php\/wp-json\/wp\/v2\/media\/64393"}],"wp:attachment":[{"href":"https:\/\/fuentesfidedignas.com.mx\/index.php\/wp-json\/wp\/v2\/media?parent=64392"}],"wp:term":[{"taxonomy":"category","embeddable":true,"href":"https:\/\/fuentesfidedignas.com.mx\/index.php\/wp-json\/wp\/v2\/categories?post=64392"},{"taxonomy":"post_tag","embeddable":true,"href":"https:\/\/fuentesfidedignas.com.mx\/index.php\/wp-json\/wp\/v2\/tags?post=64392"}],"curies":[{"name":"wp","href":"https:\/\/api.w.org\/{rel}","templated":true}]}}