{"id":6439,"date":"2021-07-01T15:15:43","date_gmt":"2021-07-01T22:15:43","guid":{"rendered":"https:\/\/fuentesfidedignas.com.mx\/?p=6439"},"modified":"2021-07-01T15:15:44","modified_gmt":"2021-07-01T22:15:44","slug":"da-congreso-lectura-a-dictamen-de-reforma-que-actualiza-formato-de-informe-de-gobierno","status":"publish","type":"post","link":"https:\/\/fuentesfidedignas.com.mx\/index.php\/2021\/07\/01\/da-congreso-lectura-a-dictamen-de-reforma-que-actualiza-formato-de-informe-de-gobierno\/","title":{"rendered":"Da Congreso lectura a dictamen de reforma que actualiza formato de informe de gobierno"},"content":{"rendered":"\n<p><strong><em>El informe estar\u00e1 alineado al Plan Estatal de Desarrollo conforme a los programas de la Administraci\u00f3n P\u00fablica<\/em><\/strong><\/p>\n\n\n\n<p>Culiac\u00e1n, Sin.-  Ante el Pleno del Congreso del Estado de Sinaloa se dio primera lectura al dictamen de la Comisi\u00f3n de Puntos Constitucionales y Gobernaci\u00f3n que actualiza el formato de informe de gobierno el cual establece que a partir del pr\u00f3ximo a\u00f1o la persona titular del Poder Ejecutivo tendr\u00e1 reuniones de trabajo con diputadas y diputados.<\/p>\n\n\n\n<p>Con esta propuesta de reforma, se asume una posici\u00f3n de avanzada, en materia de rendici\u00f3n de cuentas, mediante la inclusi\u00f3n en el texto constitucional local de que en fecha posterior a la presentaci\u00f3n del informe por escrito, el Congreso se re\u00fana con el titular del Poder Ejecutivo, los integrantes de su gabinete.<\/p>\n\n\n\n<p>En sesi\u00f3n p\u00fablica ordinaria, modalidad virtual, la diputada Francisca Abell\u00f3 Jord\u00e1, secretaria de la Mesa Directiva, dio lectura al dictamen y al final, la presidenta de la Mesa Directiva, Roxana Rubio Valdez, program\u00f3 su discusi\u00f3n y votaci\u00f3n para el pr\u00f3ximo martes 6 de julio.<\/p>\n\n\n\n<p>Se ley\u00f3 dictamen elaborado por la Comisi\u00f3n de Puntos Constitucionales y gobernaci\u00f3n que reforma el p\u00e1rrafo segundo y adiciona los p\u00e1rrafos tercero y cuarto, al art\u00edculo 40 de la Constituci\u00f3n Pol\u00edtica del Estado de Sinaloa.<\/p>\n\n\n\n<p>Diputadas y diputados integrantes de la Comisi\u00f3n Dictaminadora aprobaron que en el a\u00f1o que concluya el ejercicio constitucional de gobierno, el informe se enviar\u00e1 al Congreso el cinco de septiembre, y no el 15 de noviembre.<\/p>\n\n\n\n<p>Se establece que durante el periodo ordinario de sesiones en que se reciba el informe, el Congreso, conforme a las formalidades que establezca su Ley Org\u00e1nica, celebrar\u00e1 reuni\u00f3n de trabajo con la persona titular del Poder Ejecutivo del Estado y citar\u00e1 a comparecer, bajo protesta de decir verdad, a las y los titulares de la Administraci\u00f3n P\u00fablica Estatal y Paraestatal, para la valoraci\u00f3n y an\u00e1lisis del informe rendido.<\/p>\n\n\n\n<p>El informe estar\u00e1 alineado al Plan Estatal de Desarrollo conforme a los programas de la Administraci\u00f3n P\u00fablica y el avance del ejercicio fiscal correspondiente con detalle al cierre al mes de septiembre, sin menoscabo de las disposiciones de esta Constituci\u00f3n en materia de cuentas p\u00fablicas.<\/p>\n\n\n\n<p>Una vez sea aprobado el dictamen por el Pleno el Decreto correspondiente entrar\u00e1 en vigor al d\u00eda siguiente de su publicaci\u00f3n en el Peri\u00f3dico Oficial \u201cEl Estado de Sinaloa\u201d.<\/p>\n\n\n\n<p>La reforma al p\u00e1rrafo segundo y la adici\u00f3n del p\u00e1rrafo tercero, del art\u00edculo 40 de la<br>Constituci\u00f3n Pol\u00edtica del Estado de Sinaloa, que se modifica mediante el presente Decreto, entrar\u00e1n en vigor el d\u00eda primero de enero de 2022.<\/p>\n\n\n\n<p>Las adecuaciones reglamentarias que se deriven del presente Decreto deber\u00e1n realizarse dentro de los noventa d\u00edas siguientes a la entrada en vigor del mismo.<\/p>\n\n\n\n<p>El primer p\u00e1rrafo del Art\u00edculo 40 de la Constituci\u00f3n se mantiene y el quince de noviembre de cada a\u00f1o, el Ejecutivo del Estado enviar\u00e1 al Congreso un informe por escrito sobre la situaci\u00f3n que guarda la Administraci\u00f3n P\u00fablica.<\/p>\n\n\n\n<p>Y el \u00faltimo a\u00f1o de gobierno, lo har\u00e1 el 5 de septiembre, debido que la pr\u00f3xima administraci\u00f3n estatal inicia funciones el 1 de noviembre del a\u00f1o de la elecci\u00f3n.<br>La Comisi\u00f3n elabor\u00f3 dictamen con dos iniciativas presentadas por diputadas y diputados del grupo parlamentario de Morena.<br><br>Derivado del an\u00e1lisis a las iniciativas presentadas, esta Comisi\u00f3n dictaminadora coincide con la finalidad de las mismas, en el sentido de actualizar el formato del informe de gobierno para fortalecer las relaciones de colaboraci\u00f3n y di\u00e1logo entre los poderes.<\/p>\n","protected":false},"excerpt":{"rendered":"<p>El informe estar\u00e1 alineado al Plan Estatal de Desarrollo conforme a los programas de la Administraci\u00f3n P\u00fablica Culiac\u00e1n, Sin.- Ante el Pleno del Congreso del Estado de Sinaloa se dio primera lectura al dictamen de la Comisi\u00f3n de Puntos Constitucionales y Gobernaci\u00f3n que actualiza el formato de informe de gobierno el cual establece que a [&hellip;]<\/p>\n","protected":false},"author":4,"featured_media":6440,"comment_status":"open","ping_status":"open","sticky":false,"template":"","format":"standard","meta":{"tdm_status":"","tdm_grid_status":"","footnotes":""},"categories":[38],"tags":[708,1200],"class_list":{"0":"post-6439","1":"post","2":"type-post","3":"status-publish","4":"format-standard","5":"has-post-thumbnail","7":"category-noticias-locales","8":"tag-congreso-del-estado-de-sinaloa","9":"tag-informe-de-gobierno"},"yoast_head":"<!-- This site is optimized with the Yoast SEO plugin v27.4 - https:\/\/yoast.com\/product\/yoast-seo-wordpress\/ -->\n<title>Da Congreso lectura a dictamen de reforma que actualiza formato de informe de gobierno - Fuentes Fidedignas<\/title>\n<meta name=\"robots\" content=\"index, follow, max-snippet:-1, max-image-preview:large, max-video-preview:-1\" \/>\n<link rel=\"canonical\" href=\"https:\/\/fuentesfidedignas.com.mx\/index.php\/2021\/07\/01\/da-congreso-lectura-a-dictamen-de-reforma-que-actualiza-formato-de-informe-de-gobierno\/\" \/>\n<meta property=\"og:locale\" content=\"es_MX\" \/>\n<meta property=\"og:type\" content=\"article\" \/>\n<meta property=\"og:title\" content=\"Da Congreso lectura a dictamen de reforma que actualiza formato de informe de gobierno - Fuentes Fidedignas\" \/>\n<meta property=\"og:description\" content=\"El informe estar\u00e1 alineado al Plan Estatal de Desarrollo conforme a los programas de la Administraci\u00f3n P\u00fablica Culiac\u00e1n, Sin.- Ante el Pleno del Congreso del Estado de Sinaloa se dio primera lectura al dictamen de la Comisi\u00f3n de Puntos Constitucionales y Gobernaci\u00f3n que actualiza el formato de informe de gobierno el cual establece que a [&hellip;]\" \/>\n<meta property=\"og:url\" content=\"https:\/\/fuentesfidedignas.com.mx\/index.php\/2021\/07\/01\/da-congreso-lectura-a-dictamen-de-reforma-que-actualiza-formato-de-informe-de-gobierno\/\" \/>\n<meta property=\"og:site_name\" content=\"Fuentes Fidedignas\" \/>\n<meta property=\"article:publisher\" content=\"https:\/\/www.facebook.com\/Fuentes-Fidedignas-368234489921644\" \/>\n<meta property=\"article:published_time\" content=\"2021-07-01T22:15:43+00:00\" \/>\n<meta property=\"article:modified_time\" content=\"2021-07-01T22:15:44+00:00\" \/>\n<meta property=\"og:image\" content=\"https:\/\/fuentesfidedignas.com.mx\/wp-content\/uploads\/2021\/07\/unnamed-3.jpg\" \/>\n\t<meta property=\"og:image:width\" content=\"1000\" \/>\n\t<meta property=\"og:image:height\" content=\"667\" \/>\n\t<meta property=\"og:image:type\" content=\"image\/jpeg\" \/>\n<meta name=\"author\" content=\"Redacci\u00f3n\" \/>\n<meta name=\"twitter:card\" content=\"summary_large_image\" \/>\n<meta name=\"twitter:creator\" content=\"@fidedignas\" \/>\n<meta name=\"twitter:site\" content=\"@fidedignas\" \/>\n<meta name=\"twitter:label1\" content=\"Escrito por\" \/>\n\t<meta name=\"twitter:data1\" content=\"Redacci\u00f3n\" \/>\n\t<meta name=\"twitter:label2\" content=\"Tiempo de lectura\" \/>\n\t<meta name=\"twitter:data2\" content=\"3 minutos\" \/>\n<script type=\"application\/ld+json\" class=\"yoast-schema-graph\">{\"@context\":\"https:\\\/\\\/schema.org\",\"@graph\":[{\"@type\":\"Article\",\"@id\":\"https:\\\/\\\/fuentesfidedignas.com.mx\\\/index.php\\\/2021\\\/07\\\/01\\\/da-congreso-lectura-a-dictamen-de-reforma-que-actualiza-formato-de-informe-de-gobierno\\\/#article\",\"isPartOf\":{\"@id\":\"https:\\\/\\\/fuentesfidedignas.com.mx\\\/index.php\\\/2021\\\/07\\\/01\\\/da-congreso-lectura-a-dictamen-de-reforma-que-actualiza-formato-de-informe-de-gobierno\\\/\"},\"author\":{\"name\":\"Redacci\u00f3n\",\"@id\":\"https:\\\/\\\/fuentesfidedignas.com.mx\\\/#\\\/schema\\\/person\\\/331be9283d37198e2acd5750279085b0\"},\"headline\":\"Da Congreso lectura a dictamen de reforma que actualiza formato de informe de gobierno\",\"datePublished\":\"2021-07-01T22:15:43+00:00\",\"dateModified\":\"2021-07-01T22:15:44+00:00\",\"mainEntityOfPage\":{\"@id\":\"https:\\\/\\\/fuentesfidedignas.com.mx\\\/index.php\\\/2021\\\/07\\\/01\\\/da-congreso-lectura-a-dictamen-de-reforma-que-actualiza-formato-de-informe-de-gobierno\\\/\"},\"wordCount\":640,\"commentCount\":0,\"publisher\":{\"@id\":\"https:\\\/\\\/fuentesfidedignas.com.mx\\\/#organization\"},\"image\":{\"@id\":\"https:\\\/\\\/fuentesfidedignas.com.mx\\\/index.php\\\/2021\\\/07\\\/01\\\/da-congreso-lectura-a-dictamen-de-reforma-que-actualiza-formato-de-informe-de-gobierno\\\/#primaryimage\"},\"thumbnailUrl\":\"https:\\\/\\\/fuentesfidedignas.com.mx\\\/wp-content\\\/uploads\\\/2021\\\/07\\\/unnamed-3.jpg\",\"keywords\":[\"Congreso del Estado de Sinaloa\",\"Informe de Gobierno\"],\"articleSection\":[\"NOTICIAS LOCALES\"],\"inLanguage\":\"es\",\"potentialAction\":[{\"@type\":\"CommentAction\",\"name\":\"Comment\",\"target\":[\"https:\\\/\\\/fuentesfidedignas.com.mx\\\/index.php\\\/2021\\\/07\\\/01\\\/da-congreso-lectura-a-dictamen-de-reforma-que-actualiza-formato-de-informe-de-gobierno\\\/#respond\"]}]},{\"@type\":\"WebPage\",\"@id\":\"https:\\\/\\\/fuentesfidedignas.com.mx\\\/index.php\\\/2021\\\/07\\\/01\\\/da-congreso-lectura-a-dictamen-de-reforma-que-actualiza-formato-de-informe-de-gobierno\\\/\",\"url\":\"https:\\\/\\\/fuentesfidedignas.com.mx\\\/index.php\\\/2021\\\/07\\\/01\\\/da-congreso-lectura-a-dictamen-de-reforma-que-actualiza-formato-de-informe-de-gobierno\\\/\",\"name\":\"Da Congreso lectura a dictamen de reforma que actualiza formato de informe de gobierno - Fuentes Fidedignas\",\"isPartOf\":{\"@id\":\"https:\\\/\\\/fuentesfidedignas.com.mx\\\/#website\"},\"primaryImageOfPage\":{\"@id\":\"https:\\\/\\\/fuentesfidedignas.com.mx\\\/index.php\\\/2021\\\/07\\\/01\\\/da-congreso-lectura-a-dictamen-de-reforma-que-actualiza-formato-de-informe-de-gobierno\\\/#primaryimage\"},\"image\":{\"@id\":\"https:\\\/\\\/fuentesfidedignas.com.mx\\\/index.php\\\/2021\\\/07\\\/01\\\/da-congreso-lectura-a-dictamen-de-reforma-que-actualiza-formato-de-informe-de-gobierno\\\/#primaryimage\"},\"thumbnailUrl\":\"https:\\\/\\\/fuentesfidedignas.com.mx\\\/wp-content\\\/uploads\\\/2021\\\/07\\\/unnamed-3.jpg\",\"datePublished\":\"2021-07-01T22:15:43+00:00\",\"dateModified\":\"2021-07-01T22:15:44+00:00\",\"breadcrumb\":{\"@id\":\"https:\\\/\\\/fuentesfidedignas.com.mx\\\/index.php\\\/2021\\\/07\\\/01\\\/da-congreso-lectura-a-dictamen-de-reforma-que-actualiza-formato-de-informe-de-gobierno\\\/#breadcrumb\"},\"inLanguage\":\"es\",\"potentialAction\":[{\"@type\":\"ReadAction\",\"target\":[\"https:\\\/\\\/fuentesfidedignas.com.mx\\\/index.php\\\/2021\\\/07\\\/01\\\/da-congreso-lectura-a-dictamen-de-reforma-que-actualiza-formato-de-informe-de-gobierno\\\/\"]}]},{\"@type\":\"ImageObject\",\"inLanguage\":\"es\",\"@id\":\"https:\\\/\\\/fuentesfidedignas.com.mx\\\/index.php\\\/2021\\\/07\\\/01\\\/da-congreso-lectura-a-dictamen-de-reforma-que-actualiza-formato-de-informe-de-gobierno\\\/#primaryimage\",\"url\":\"https:\\\/\\\/fuentesfidedignas.com.mx\\\/wp-content\\\/uploads\\\/2021\\\/07\\\/unnamed-3.jpg\",\"contentUrl\":\"https:\\\/\\\/fuentesfidedignas.com.mx\\\/wp-content\\\/uploads\\\/2021\\\/07\\\/unnamed-3.jpg\",\"width\":1000,\"height\":667},{\"@type\":\"BreadcrumbList\",\"@id\":\"https:\\\/\\\/fuentesfidedignas.com.mx\\\/index.php\\\/2021\\\/07\\\/01\\\/da-congreso-lectura-a-dictamen-de-reforma-que-actualiza-formato-de-informe-de-gobierno\\\/#breadcrumb\",\"itemListElement\":[{\"@type\":\"ListItem\",\"position\":1,\"name\":\"Inicio\",\"item\":\"https:\\\/\\\/fuentesfidedignas.com.mx\\\/\"},{\"@type\":\"ListItem\",\"position\":2,\"name\":\"Da Congreso lectura a dictamen de reforma que actualiza formato de informe de gobierno\"}]},{\"@type\":\"WebSite\",\"@id\":\"https:\\\/\\\/fuentesfidedignas.com.mx\\\/#website\",\"url\":\"https:\\\/\\\/fuentesfidedignas.com.mx\\\/\",\"name\":\"Fuentes Fidedignas\",\"description\":\"Otro sitio realizado con WordPress\",\"publisher\":{\"@id\":\"https:\\\/\\\/fuentesfidedignas.com.mx\\\/#organization\"},\"potentialAction\":[{\"@type\":\"SearchAction\",\"target\":{\"@type\":\"EntryPoint\",\"urlTemplate\":\"https:\\\/\\\/fuentesfidedignas.com.mx\\\/?s={search_term_string}\"},\"query-input\":{\"@type\":\"PropertyValueSpecification\",\"valueRequired\":true,\"valueName\":\"search_term_string\"}}],\"inLanguage\":\"es\"},{\"@type\":\"Organization\",\"@id\":\"https:\\\/\\\/fuentesfidedignas.com.mx\\\/#organization\",\"name\":\"Fuentes Fidedignas\",\"url\":\"https:\\\/\\\/fuentesfidedignas.com.mx\\\/\",\"logo\":{\"@type\":\"ImageObject\",\"inLanguage\":\"es\",\"@id\":\"https:\\\/\\\/fuentesfidedignas.com.mx\\\/#\\\/schema\\\/logo\\\/image\\\/\",\"url\":\"https:\\\/\\\/fuentesfidedignas.com.mx\\\/wp-content\\\/uploads\\\/2021\\\/04\\\/logo-retina.png\",\"contentUrl\":\"https:\\\/\\\/fuentesfidedignas.com.mx\\\/wp-content\\\/uploads\\\/2021\\\/04\\\/logo-retina.png\",\"width\":280,\"height\":51,\"caption\":\"Fuentes Fidedignas\"},\"image\":{\"@id\":\"https:\\\/\\\/fuentesfidedignas.com.mx\\\/#\\\/schema\\\/logo\\\/image\\\/\"},\"sameAs\":[\"https:\\\/\\\/www.facebook.com\\\/Fuentes-Fidedignas-368234489921644\",\"https:\\\/\\\/x.com\\\/fidedignas\"]},{\"@type\":\"Person\",\"@id\":\"https:\\\/\\\/fuentesfidedignas.com.mx\\\/#\\\/schema\\\/person\\\/331be9283d37198e2acd5750279085b0\",\"name\":\"Redacci\u00f3n\",\"image\":{\"@type\":\"ImageObject\",\"inLanguage\":\"es\",\"@id\":\"https:\\\/\\\/secure.gravatar.com\\\/avatar\\\/f6d8782c11d12b2d4ad3fbb6931aeab5309937a4d6cd2fc9cfaa28a6396a5aec?s=96&d=mm&r=g\",\"url\":\"https:\\\/\\\/secure.gravatar.com\\\/avatar\\\/f6d8782c11d12b2d4ad3fbb6931aeab5309937a4d6cd2fc9cfaa28a6396a5aec?s=96&d=mm&r=g\",\"contentUrl\":\"https:\\\/\\\/secure.gravatar.com\\\/avatar\\\/f6d8782c11d12b2d4ad3fbb6931aeab5309937a4d6cd2fc9cfaa28a6396a5aec?s=96&d=mm&r=g\",\"caption\":\"Redacci\u00f3n\"},\"url\":\"https:\\\/\\\/fuentesfidedignas.com.mx\\\/index.php\\\/author\\\/redaccion\\\/\"}]}<\/script>\n<!-- \/ Yoast SEO plugin. -->","yoast_head_json":{"title":"Da Congreso lectura a dictamen de reforma que actualiza formato de informe de gobierno - Fuentes Fidedignas","robots":{"index":"index","follow":"follow","max-snippet":"max-snippet:-1","max-image-preview":"max-image-preview:large","max-video-preview":"max-video-preview:-1"},"canonical":"https:\/\/fuentesfidedignas.com.mx\/index.php\/2021\/07\/01\/da-congreso-lectura-a-dictamen-de-reforma-que-actualiza-formato-de-informe-de-gobierno\/","og_locale":"es_MX","og_type":"article","og_title":"Da Congreso lectura a dictamen de reforma que actualiza formato de informe de gobierno - Fuentes Fidedignas","og_description":"El informe estar\u00e1 alineado al Plan Estatal de Desarrollo conforme a los programas de la Administraci\u00f3n P\u00fablica Culiac\u00e1n, Sin.- Ante el Pleno del Congreso del Estado de Sinaloa se dio primera lectura al dictamen de la Comisi\u00f3n de Puntos Constitucionales y Gobernaci\u00f3n que actualiza el formato de informe de gobierno el cual establece que a [&hellip;]","og_url":"https:\/\/fuentesfidedignas.com.mx\/index.php\/2021\/07\/01\/da-congreso-lectura-a-dictamen-de-reforma-que-actualiza-formato-de-informe-de-gobierno\/","og_site_name":"Fuentes Fidedignas","article_publisher":"https:\/\/www.facebook.com\/Fuentes-Fidedignas-368234489921644","article_published_time":"2021-07-01T22:15:43+00:00","article_modified_time":"2021-07-01T22:15:44+00:00","og_image":[{"width":1000,"height":667,"url":"https:\/\/fuentesfidedignas.com.mx\/wp-content\/uploads\/2021\/07\/unnamed-3.jpg","type":"image\/jpeg"}],"author":"Redacci\u00f3n","twitter_card":"summary_large_image","twitter_creator":"@fidedignas","twitter_site":"@fidedignas","twitter_misc":{"Escrito por":"Redacci\u00f3n","Tiempo de lectura":"3 minutos"},"schema":{"@context":"https:\/\/schema.org","@graph":[{"@type":"Article","@id":"https:\/\/fuentesfidedignas.com.mx\/index.php\/2021\/07\/01\/da-congreso-lectura-a-dictamen-de-reforma-que-actualiza-formato-de-informe-de-gobierno\/#article","isPartOf":{"@id":"https:\/\/fuentesfidedignas.com.mx\/index.php\/2021\/07\/01\/da-congreso-lectura-a-dictamen-de-reforma-que-actualiza-formato-de-informe-de-gobierno\/"},"author":{"name":"Redacci\u00f3n","@id":"https:\/\/fuentesfidedignas.com.mx\/#\/schema\/person\/331be9283d37198e2acd5750279085b0"},"headline":"Da Congreso lectura a dictamen de reforma que actualiza formato de informe de gobierno","datePublished":"2021-07-01T22:15:43+00:00","dateModified":"2021-07-01T22:15:44+00:00","mainEntityOfPage":{"@id":"https:\/\/fuentesfidedignas.com.mx\/index.php\/2021\/07\/01\/da-congreso-lectura-a-dictamen-de-reforma-que-actualiza-formato-de-informe-de-gobierno\/"},"wordCount":640,"commentCount":0,"publisher":{"@id":"https:\/\/fuentesfidedignas.com.mx\/#organization"},"image":{"@id":"https:\/\/fuentesfidedignas.com.mx\/index.php\/2021\/07\/01\/da-congreso-lectura-a-dictamen-de-reforma-que-actualiza-formato-de-informe-de-gobierno\/#primaryimage"},"thumbnailUrl":"https:\/\/fuentesfidedignas.com.mx\/wp-content\/uploads\/2021\/07\/unnamed-3.jpg","keywords":["Congreso del Estado de Sinaloa","Informe de Gobierno"],"articleSection":["NOTICIAS LOCALES"],"inLanguage":"es","potentialAction":[{"@type":"CommentAction","name":"Comment","target":["https:\/\/fuentesfidedignas.com.mx\/index.php\/2021\/07\/01\/da-congreso-lectura-a-dictamen-de-reforma-que-actualiza-formato-de-informe-de-gobierno\/#respond"]}]},{"@type":"WebPage","@id":"https:\/\/fuentesfidedignas.com.mx\/index.php\/2021\/07\/01\/da-congreso-lectura-a-dictamen-de-reforma-que-actualiza-formato-de-informe-de-gobierno\/","url":"https:\/\/fuentesfidedignas.com.mx\/index.php\/2021\/07\/01\/da-congreso-lectura-a-dictamen-de-reforma-que-actualiza-formato-de-informe-de-gobierno\/","name":"Da Congreso lectura a dictamen de reforma que actualiza formato de informe de gobierno - Fuentes Fidedignas","isPartOf":{"@id":"https:\/\/fuentesfidedignas.com.mx\/#website"},"primaryImageOfPage":{"@id":"https:\/\/fuentesfidedignas.com.mx\/index.php\/2021\/07\/01\/da-congreso-lectura-a-dictamen-de-reforma-que-actualiza-formato-de-informe-de-gobierno\/#primaryimage"},"image":{"@id":"https:\/\/fuentesfidedignas.com.mx\/index.php\/2021\/07\/01\/da-congreso-lectura-a-dictamen-de-reforma-que-actualiza-formato-de-informe-de-gobierno\/#primaryimage"},"thumbnailUrl":"https:\/\/fuentesfidedignas.com.mx\/wp-content\/uploads\/2021\/07\/unnamed-3.jpg","datePublished":"2021-07-01T22:15:43+00:00","dateModified":"2021-07-01T22:15:44+00:00","breadcrumb":{"@id":"https:\/\/fuentesfidedignas.com.mx\/index.php\/2021\/07\/01\/da-congreso-lectura-a-dictamen-de-reforma-que-actualiza-formato-de-informe-de-gobierno\/#breadcrumb"},"inLanguage":"es","potentialAction":[{"@type":"ReadAction","target":["https:\/\/fuentesfidedignas.com.mx\/index.php\/2021\/07\/01\/da-congreso-lectura-a-dictamen-de-reforma-que-actualiza-formato-de-informe-de-gobierno\/"]}]},{"@type":"ImageObject","inLanguage":"es","@id":"https:\/\/fuentesfidedignas.com.mx\/index.php\/2021\/07\/01\/da-congreso-lectura-a-dictamen-de-reforma-que-actualiza-formato-de-informe-de-gobierno\/#primaryimage","url":"https:\/\/fuentesfidedignas.com.mx\/wp-content\/uploads\/2021\/07\/unnamed-3.jpg","contentUrl":"https:\/\/fuentesfidedignas.com.mx\/wp-content\/uploads\/2021\/07\/unnamed-3.jpg","width":1000,"height":667},{"@type":"BreadcrumbList","@id":"https:\/\/fuentesfidedignas.com.mx\/index.php\/2021\/07\/01\/da-congreso-lectura-a-dictamen-de-reforma-que-actualiza-formato-de-informe-de-gobierno\/#breadcrumb","itemListElement":[{"@type":"ListItem","position":1,"name":"Inicio","item":"https:\/\/fuentesfidedignas.com.mx\/"},{"@type":"ListItem","position":2,"name":"Da Congreso lectura a dictamen de reforma que actualiza formato de informe de gobierno"}]},{"@type":"WebSite","@id":"https:\/\/fuentesfidedignas.com.mx\/#website","url":"https:\/\/fuentesfidedignas.com.mx\/","name":"Fuentes Fidedignas","description":"Otro sitio realizado con WordPress","publisher":{"@id":"https:\/\/fuentesfidedignas.com.mx\/#organization"},"potentialAction":[{"@type":"SearchAction","target":{"@type":"EntryPoint","urlTemplate":"https:\/\/fuentesfidedignas.com.mx\/?s={search_term_string}"},"query-input":{"@type":"PropertyValueSpecification","valueRequired":true,"valueName":"search_term_string"}}],"inLanguage":"es"},{"@type":"Organization","@id":"https:\/\/fuentesfidedignas.com.mx\/#organization","name":"Fuentes Fidedignas","url":"https:\/\/fuentesfidedignas.com.mx\/","logo":{"@type":"ImageObject","inLanguage":"es","@id":"https:\/\/fuentesfidedignas.com.mx\/#\/schema\/logo\/image\/","url":"https:\/\/fuentesfidedignas.com.mx\/wp-content\/uploads\/2021\/04\/logo-retina.png","contentUrl":"https:\/\/fuentesfidedignas.com.mx\/wp-content\/uploads\/2021\/04\/logo-retina.png","width":280,"height":51,"caption":"Fuentes Fidedignas"},"image":{"@id":"https:\/\/fuentesfidedignas.com.mx\/#\/schema\/logo\/image\/"},"sameAs":["https:\/\/www.facebook.com\/Fuentes-Fidedignas-368234489921644","https:\/\/x.com\/fidedignas"]},{"@type":"Person","@id":"https:\/\/fuentesfidedignas.com.mx\/#\/schema\/person\/331be9283d37198e2acd5750279085b0","name":"Redacci\u00f3n","image":{"@type":"ImageObject","inLanguage":"es","@id":"https:\/\/secure.gravatar.com\/avatar\/f6d8782c11d12b2d4ad3fbb6931aeab5309937a4d6cd2fc9cfaa28a6396a5aec?s=96&d=mm&r=g","url":"https:\/\/secure.gravatar.com\/avatar\/f6d8782c11d12b2d4ad3fbb6931aeab5309937a4d6cd2fc9cfaa28a6396a5aec?s=96&d=mm&r=g","contentUrl":"https:\/\/secure.gravatar.com\/avatar\/f6d8782c11d12b2d4ad3fbb6931aeab5309937a4d6cd2fc9cfaa28a6396a5aec?s=96&d=mm&r=g","caption":"Redacci\u00f3n"},"url":"https:\/\/fuentesfidedignas.com.mx\/index.php\/author\/redaccion\/"}]}},"_links":{"self":[{"href":"https:\/\/fuentesfidedignas.com.mx\/index.php\/wp-json\/wp\/v2\/posts\/6439","targetHints":{"allow":["GET"]}}],"collection":[{"href":"https:\/\/fuentesfidedignas.com.mx\/index.php\/wp-json\/wp\/v2\/posts"}],"about":[{"href":"https:\/\/fuentesfidedignas.com.mx\/index.php\/wp-json\/wp\/v2\/types\/post"}],"author":[{"embeddable":true,"href":"https:\/\/fuentesfidedignas.com.mx\/index.php\/wp-json\/wp\/v2\/users\/4"}],"replies":[{"embeddable":true,"href":"https:\/\/fuentesfidedignas.com.mx\/index.php\/wp-json\/wp\/v2\/comments?post=6439"}],"version-history":[{"count":1,"href":"https:\/\/fuentesfidedignas.com.mx\/index.php\/wp-json\/wp\/v2\/posts\/6439\/revisions"}],"predecessor-version":[{"id":6441,"href":"https:\/\/fuentesfidedignas.com.mx\/index.php\/wp-json\/wp\/v2\/posts\/6439\/revisions\/6441"}],"wp:featuredmedia":[{"embeddable":true,"href":"https:\/\/fuentesfidedignas.com.mx\/index.php\/wp-json\/wp\/v2\/media\/6440"}],"wp:attachment":[{"href":"https:\/\/fuentesfidedignas.com.mx\/index.php\/wp-json\/wp\/v2\/media?parent=6439"}],"wp:term":[{"taxonomy":"category","embeddable":true,"href":"https:\/\/fuentesfidedignas.com.mx\/index.php\/wp-json\/wp\/v2\/categories?post=6439"},{"taxonomy":"post_tag","embeddable":true,"href":"https:\/\/fuentesfidedignas.com.mx\/index.php\/wp-json\/wp\/v2\/tags?post=6439"}],"curies":[{"name":"wp","href":"https:\/\/api.w.org\/{rel}","templated":true}]}}