{"id":64384,"date":"2023-10-31T17:33:54","date_gmt":"2023-11-01T00:33:54","guid":{"rendered":"https:\/\/fuentesfidedignas.com.mx\/?p=64384"},"modified":"2023-10-31T17:47:11","modified_gmt":"2023-11-01T00:47:11","slug":"norma-pina-acepta-propuesta-de-amlo-para-destinar-fideicomisos-a-damnificados","status":"publish","type":"post","link":"https:\/\/fuentesfidedignas.com.mx\/index.php\/2023\/10\/31\/norma-pina-acepta-propuesta-de-amlo-para-destinar-fideicomisos-a-damnificados\/","title":{"rendered":"Norma Pi\u00f1a acepta propuesta de AMLO para destinar fideicomisos a damnificados"},"content":{"rendered":"\n<p><strong><em>La ministra presidenta de la SCJN, Norma Pi\u00f1a, aval\u00f3 la propuesta del presidente L\u00f3pez Obrador para dar los fideicomisos del Poder Judicial a los damnificados de Acapulco, y le pidi\u00f3 definir un canal de di\u00e1logo para concretar el plan.<\/em><\/strong><\/p>\n\n\n\n<p>CIUDAD DE M\u00c9XICO.- La ministra presidenta de la Suprema Corte de Justicia de la Naci\u00f3n (SCJN), Norma Luc\u00eda Pi\u00f1a Hern\u00e1ndez, dio su visto bueno a la propuesta del presidente Andr\u00e9s Manuel L\u00f3pez Obrador, de que se utilicen los fideicomisos del Poder Judicial de la Federaci\u00f3n (PJF) para atender a los damnificados de Acapulco.<\/p>\n\n\n\n<p>En su ma\u00f1anera de este martes, el presidente propuso destinar el dinero de los fideicomisos del PJF, recientemente eliminados por el Congreso de la Uni\u00f3n y que suman 15 mil millones de pesos, a apoyar a la poblaci\u00f3n afectada por Otis en el municipio de Acapulco de Ju\u00e1rez.<\/p>\n\n\n\n<p>La declaraci\u00f3n del mandatario ocurre luego de tres semanas en conflicto con el PJF por la eliminaci\u00f3n de los fideicomisos.<\/p>\n\n\n\n<p>En una carta dirigida al presidente, la ministra Pi\u00f1a considera que su propuesta \u201crepresenta una alternativa real que nos permitir\u00e1 actuar como Estado, en defensa de su poblaci\u00f3n\u201d.<\/p>\n\n\n\n<p>\u201cTrabajaremos en conjunto por la recuperaci\u00f3n de las personas m\u00e1s afectadas, para devolverles el derecho al futuro que les fue suspendido y buscar asegurarles, en el menor tiempo posible, condiciones de igualdad para continuar con su proyecto de vida\u201d, agreg\u00f3.<\/p>\n\n\n\n<p>La ministra tambi\u00e9n record\u00f3 que, \u201cdesde el Poder Judicial Federal, estamos obligados a garantizar los derechos de todos los integrantes de nuestra instituci\u00f3n\u201d.<\/p>\n\n\n\n<p>Tras presumir que ha trabajado en la reingenier\u00eda, tanto en los fideicomisos como en el presupuesto asignado, la ministra se dijo \u201ca la espera de la definici\u00f3n del canal institucional para dialogar los t\u00e9rminos con la finalidad de concretar la propuesta en cuesti\u00f3n\u201d.<\/p>\n\n\n\n<figure class=\"wp-block-image size-full\"><img decoding=\"async\" width=\"768\" height=\"960\" src=\"https:\/\/fuentesfidedignas.com.mx\/wp-content\/uploads\/2023\/10\/image-20.png\" alt=\"\" class=\"wp-image-64385\" srcset=\"https:\/\/fuentesfidedignas.com.mx\/wp-content\/uploads\/2023\/10\/image-20.png 768w, https:\/\/fuentesfidedignas.com.mx\/wp-content\/uploads\/2023\/10\/image-20-240x300.png 240w, https:\/\/fuentesfidedignas.com.mx\/wp-content\/uploads\/2023\/10\/image-20-696x870.png 696w, https:\/\/fuentesfidedignas.com.mx\/wp-content\/uploads\/2023\/10\/image-20-336x420.png 336w\" sizes=\"(max-width: 768px) 100vw, 768px\" \/><\/figure>\n","protected":false},"excerpt":{"rendered":"<p>La ministra presidenta de la SCJN, Norma Pi\u00f1a, aval\u00f3 la propuesta del presidente L\u00f3pez Obrador para dar los fideicomisos del Poder Judicial a los damnificados de Acapulco, y le pidi\u00f3 definir un canal de di\u00e1logo para concretar el plan. CIUDAD DE M\u00c9XICO.- La ministra presidenta de la Suprema Corte de Justicia de la Naci\u00f3n (SCJN), [&hellip;]<\/p>\n","protected":false},"author":47,"featured_media":64386,"comment_status":"open","ping_status":"open","sticky":false,"template":"","format":"standard","meta":{"tdm_status":"","tdm_grid_status":"","footnotes":""},"categories":[39],"tags":[],"class_list":{"0":"post-64384","1":"post","2":"type-post","3":"status-publish","4":"format-standard","5":"has-post-thumbnail","7":"category-noticias-nacionales"},"yoast_head":"<!-- This site is optimized with the Yoast SEO plugin v27.5 - https:\/\/yoast.com\/product\/yoast-seo-wordpress\/ -->\n<title>Norma Pi\u00f1a acepta propuesta de AMLO para destinar fideicomisos a damnificados - Fuentes Fidedignas<\/title>\n<meta name=\"robots\" content=\"index, follow, max-snippet:-1, max-image-preview:large, max-video-preview:-1\" \/>\n<link rel=\"canonical\" href=\"https:\/\/fuentesfidedignas.com.mx\/index.php\/2023\/10\/31\/norma-pina-acepta-propuesta-de-amlo-para-destinar-fideicomisos-a-damnificados\/\" \/>\n<meta property=\"og:locale\" content=\"es_MX\" \/>\n<meta property=\"og:type\" content=\"article\" \/>\n<meta property=\"og:title\" content=\"Norma Pi\u00f1a acepta propuesta de AMLO para destinar fideicomisos a damnificados - Fuentes Fidedignas\" \/>\n<meta property=\"og:description\" content=\"La ministra presidenta de la SCJN, Norma Pi\u00f1a, aval\u00f3 la propuesta del presidente L\u00f3pez Obrador para dar los fideicomisos del Poder Judicial a los damnificados de Acapulco, y le pidi\u00f3 definir un canal de di\u00e1logo para concretar el plan. CIUDAD DE M\u00c9XICO.- La ministra presidenta de la Suprema Corte de Justicia de la Naci\u00f3n (SCJN), [&hellip;]\" \/>\n<meta property=\"og:url\" content=\"https:\/\/fuentesfidedignas.com.mx\/index.php\/2023\/10\/31\/norma-pina-acepta-propuesta-de-amlo-para-destinar-fideicomisos-a-damnificados\/\" \/>\n<meta property=\"og:site_name\" content=\"Fuentes Fidedignas\" \/>\n<meta property=\"article:publisher\" content=\"https:\/\/www.facebook.com\/Fuentes-Fidedignas-368234489921644\" \/>\n<meta property=\"article:published_time\" content=\"2023-11-01T00:33:54+00:00\" \/>\n<meta property=\"article:modified_time\" content=\"2023-11-01T00:47:11+00:00\" \/>\n<meta property=\"og:image\" content=\"https:\/\/fuentesfidedignas.com.mx\/wp-content\/uploads\/2023\/10\/NORMA_PINA.jpg\" \/>\n\t<meta property=\"og:image:width\" content=\"1113\" \/>\n\t<meta property=\"og:image:height\" content=\"748\" \/>\n\t<meta property=\"og:image:type\" content=\"image\/jpeg\" \/>\n<meta name=\"author\" content=\"L\u00f3pez D\u00f3riga\" \/>\n<meta name=\"twitter:card\" content=\"summary_large_image\" \/>\n<meta name=\"twitter:creator\" content=\"@fidedignas\" \/>\n<meta name=\"twitter:site\" content=\"@fidedignas\" \/>\n<meta name=\"twitter:label1\" content=\"Escrito por\" \/>\n\t<meta name=\"twitter:data1\" content=\"L\u00f3pez D\u00f3riga\" \/>\n\t<meta name=\"twitter:label2\" content=\"Tiempo de lectura\" \/>\n\t<meta name=\"twitter:data2\" content=\"2 minutos\" \/>\n<script type=\"application\/ld+json\" class=\"yoast-schema-graph\">{\"@context\":\"https:\\\/\\\/schema.org\",\"@graph\":[{\"@type\":\"Article\",\"@id\":\"https:\\\/\\\/fuentesfidedignas.com.mx\\\/index.php\\\/2023\\\/10\\\/31\\\/norma-pina-acepta-propuesta-de-amlo-para-destinar-fideicomisos-a-damnificados\\\/#article\",\"isPartOf\":{\"@id\":\"https:\\\/\\\/fuentesfidedignas.com.mx\\\/index.php\\\/2023\\\/10\\\/31\\\/norma-pina-acepta-propuesta-de-amlo-para-destinar-fideicomisos-a-damnificados\\\/\"},\"author\":{\"name\":\"L\u00f3pez D\u00f3riga\",\"@id\":\"https:\\\/\\\/fuentesfidedignas.com.mx\\\/#\\\/schema\\\/person\\\/67d852f0557c8509146a4b9ddebd543a\"},\"headline\":\"Norma Pi\u00f1a acepta propuesta de AMLO para destinar fideicomisos a damnificados\",\"datePublished\":\"2023-11-01T00:33:54+00:00\",\"dateModified\":\"2023-11-01T00:47:11+00:00\",\"mainEntityOfPage\":{\"@id\":\"https:\\\/\\\/fuentesfidedignas.com.mx\\\/index.php\\\/2023\\\/10\\\/31\\\/norma-pina-acepta-propuesta-de-amlo-para-destinar-fideicomisos-a-damnificados\\\/\"},\"wordCount\":333,\"commentCount\":0,\"publisher\":{\"@id\":\"https:\\\/\\\/fuentesfidedignas.com.mx\\\/#organization\"},\"image\":{\"@id\":\"https:\\\/\\\/fuentesfidedignas.com.mx\\\/index.php\\\/2023\\\/10\\\/31\\\/norma-pina-acepta-propuesta-de-amlo-para-destinar-fideicomisos-a-damnificados\\\/#primaryimage\"},\"thumbnailUrl\":\"https:\\\/\\\/fuentesfidedignas.com.mx\\\/wp-content\\\/uploads\\\/2023\\\/10\\\/NORMA_PINA.jpg\",\"articleSection\":[\"NOTICIAS NACIONALES\"],\"inLanguage\":\"es\",\"potentialAction\":[{\"@type\":\"CommentAction\",\"name\":\"Comment\",\"target\":[\"https:\\\/\\\/fuentesfidedignas.com.mx\\\/index.php\\\/2023\\\/10\\\/31\\\/norma-pina-acepta-propuesta-de-amlo-para-destinar-fideicomisos-a-damnificados\\\/#respond\"]}]},{\"@type\":\"WebPage\",\"@id\":\"https:\\\/\\\/fuentesfidedignas.com.mx\\\/index.php\\\/2023\\\/10\\\/31\\\/norma-pina-acepta-propuesta-de-amlo-para-destinar-fideicomisos-a-damnificados\\\/\",\"url\":\"https:\\\/\\\/fuentesfidedignas.com.mx\\\/index.php\\\/2023\\\/10\\\/31\\\/norma-pina-acepta-propuesta-de-amlo-para-destinar-fideicomisos-a-damnificados\\\/\",\"name\":\"Norma Pi\u00f1a acepta propuesta de AMLO para destinar fideicomisos a damnificados - Fuentes Fidedignas\",\"isPartOf\":{\"@id\":\"https:\\\/\\\/fuentesfidedignas.com.mx\\\/#website\"},\"primaryImageOfPage\":{\"@id\":\"https:\\\/\\\/fuentesfidedignas.com.mx\\\/index.php\\\/2023\\\/10\\\/31\\\/norma-pina-acepta-propuesta-de-amlo-para-destinar-fideicomisos-a-damnificados\\\/#primaryimage\"},\"image\":{\"@id\":\"https:\\\/\\\/fuentesfidedignas.com.mx\\\/index.php\\\/2023\\\/10\\\/31\\\/norma-pina-acepta-propuesta-de-amlo-para-destinar-fideicomisos-a-damnificados\\\/#primaryimage\"},\"thumbnailUrl\":\"https:\\\/\\\/fuentesfidedignas.com.mx\\\/wp-content\\\/uploads\\\/2023\\\/10\\\/NORMA_PINA.jpg\",\"datePublished\":\"2023-11-01T00:33:54+00:00\",\"dateModified\":\"2023-11-01T00:47:11+00:00\",\"breadcrumb\":{\"@id\":\"https:\\\/\\\/fuentesfidedignas.com.mx\\\/index.php\\\/2023\\\/10\\\/31\\\/norma-pina-acepta-propuesta-de-amlo-para-destinar-fideicomisos-a-damnificados\\\/#breadcrumb\"},\"inLanguage\":\"es\",\"potentialAction\":[{\"@type\":\"ReadAction\",\"target\":[\"https:\\\/\\\/fuentesfidedignas.com.mx\\\/index.php\\\/2023\\\/10\\\/31\\\/norma-pina-acepta-propuesta-de-amlo-para-destinar-fideicomisos-a-damnificados\\\/\"]}]},{\"@type\":\"ImageObject\",\"inLanguage\":\"es\",\"@id\":\"https:\\\/\\\/fuentesfidedignas.com.mx\\\/index.php\\\/2023\\\/10\\\/31\\\/norma-pina-acepta-propuesta-de-amlo-para-destinar-fideicomisos-a-damnificados\\\/#primaryimage\",\"url\":\"https:\\\/\\\/fuentesfidedignas.com.mx\\\/wp-content\\\/uploads\\\/2023\\\/10\\\/NORMA_PINA.jpg\",\"contentUrl\":\"https:\\\/\\\/fuentesfidedignas.com.mx\\\/wp-content\\\/uploads\\\/2023\\\/10\\\/NORMA_PINA.jpg\",\"width\":1113,\"height\":748},{\"@type\":\"BreadcrumbList\",\"@id\":\"https:\\\/\\\/fuentesfidedignas.com.mx\\\/index.php\\\/2023\\\/10\\\/31\\\/norma-pina-acepta-propuesta-de-amlo-para-destinar-fideicomisos-a-damnificados\\\/#breadcrumb\",\"itemListElement\":[{\"@type\":\"ListItem\",\"position\":1,\"name\":\"Inicio\",\"item\":\"https:\\\/\\\/fuentesfidedignas.com.mx\\\/\"},{\"@type\":\"ListItem\",\"position\":2,\"name\":\"Norma Pi\u00f1a acepta propuesta de AMLO para destinar fideicomisos a damnificados\"}]},{\"@type\":\"WebSite\",\"@id\":\"https:\\\/\\\/fuentesfidedignas.com.mx\\\/#website\",\"url\":\"https:\\\/\\\/fuentesfidedignas.com.mx\\\/\",\"name\":\"Fuentes Fidedignas\",\"description\":\"Otro sitio realizado con WordPress\",\"publisher\":{\"@id\":\"https:\\\/\\\/fuentesfidedignas.com.mx\\\/#organization\"},\"potentialAction\":[{\"@type\":\"SearchAction\",\"target\":{\"@type\":\"EntryPoint\",\"urlTemplate\":\"https:\\\/\\\/fuentesfidedignas.com.mx\\\/?s={search_term_string}\"},\"query-input\":{\"@type\":\"PropertyValueSpecification\",\"valueRequired\":true,\"valueName\":\"search_term_string\"}}],\"inLanguage\":\"es\"},{\"@type\":\"Organization\",\"@id\":\"https:\\\/\\\/fuentesfidedignas.com.mx\\\/#organization\",\"name\":\"Fuentes Fidedignas\",\"url\":\"https:\\\/\\\/fuentesfidedignas.com.mx\\\/\",\"logo\":{\"@type\":\"ImageObject\",\"inLanguage\":\"es\",\"@id\":\"https:\\\/\\\/fuentesfidedignas.com.mx\\\/#\\\/schema\\\/logo\\\/image\\\/\",\"url\":\"https:\\\/\\\/fuentesfidedignas.com.mx\\\/wp-content\\\/uploads\\\/2021\\\/04\\\/logo-retina.png\",\"contentUrl\":\"https:\\\/\\\/fuentesfidedignas.com.mx\\\/wp-content\\\/uploads\\\/2021\\\/04\\\/logo-retina.png\",\"width\":280,\"height\":51,\"caption\":\"Fuentes Fidedignas\"},\"image\":{\"@id\":\"https:\\\/\\\/fuentesfidedignas.com.mx\\\/#\\\/schema\\\/logo\\\/image\\\/\"},\"sameAs\":[\"https:\\\/\\\/www.facebook.com\\\/Fuentes-Fidedignas-368234489921644\",\"https:\\\/\\\/x.com\\\/fidedignas\"]},{\"@type\":\"Person\",\"@id\":\"https:\\\/\\\/fuentesfidedignas.com.mx\\\/#\\\/schema\\\/person\\\/67d852f0557c8509146a4b9ddebd543a\",\"name\":\"L\u00f3pez D\u00f3riga\",\"image\":{\"@type\":\"ImageObject\",\"inLanguage\":\"es\",\"@id\":\"https:\\\/\\\/secure.gravatar.com\\\/avatar\\\/e525b06574ca18b33cded59dfe5778d6c823b9513154eff47da551b0551bdd1e?s=96&d=mm&r=g\",\"url\":\"https:\\\/\\\/secure.gravatar.com\\\/avatar\\\/e525b06574ca18b33cded59dfe5778d6c823b9513154eff47da551b0551bdd1e?s=96&d=mm&r=g\",\"contentUrl\":\"https:\\\/\\\/secure.gravatar.com\\\/avatar\\\/e525b06574ca18b33cded59dfe5778d6c823b9513154eff47da551b0551bdd1e?s=96&d=mm&r=g\",\"caption\":\"L\u00f3pez D\u00f3riga\"},\"url\":\"https:\\\/\\\/fuentesfidedignas.com.mx\\\/index.php\\\/author\\\/doriga\\\/\"}]}<\/script>\n<!-- \/ Yoast SEO plugin. -->","yoast_head_json":{"title":"Norma Pi\u00f1a acepta propuesta de AMLO para destinar fideicomisos a damnificados - Fuentes Fidedignas","robots":{"index":"index","follow":"follow","max-snippet":"max-snippet:-1","max-image-preview":"max-image-preview:large","max-video-preview":"max-video-preview:-1"},"canonical":"https:\/\/fuentesfidedignas.com.mx\/index.php\/2023\/10\/31\/norma-pina-acepta-propuesta-de-amlo-para-destinar-fideicomisos-a-damnificados\/","og_locale":"es_MX","og_type":"article","og_title":"Norma Pi\u00f1a acepta propuesta de AMLO para destinar fideicomisos a damnificados - Fuentes Fidedignas","og_description":"La ministra presidenta de la SCJN, Norma Pi\u00f1a, aval\u00f3 la propuesta del presidente L\u00f3pez Obrador para dar los fideicomisos del Poder Judicial a los damnificados de Acapulco, y le pidi\u00f3 definir un canal de di\u00e1logo para concretar el plan. CIUDAD DE M\u00c9XICO.- La ministra presidenta de la Suprema Corte de Justicia de la Naci\u00f3n (SCJN), [&hellip;]","og_url":"https:\/\/fuentesfidedignas.com.mx\/index.php\/2023\/10\/31\/norma-pina-acepta-propuesta-de-amlo-para-destinar-fideicomisos-a-damnificados\/","og_site_name":"Fuentes Fidedignas","article_publisher":"https:\/\/www.facebook.com\/Fuentes-Fidedignas-368234489921644","article_published_time":"2023-11-01T00:33:54+00:00","article_modified_time":"2023-11-01T00:47:11+00:00","og_image":[{"width":1113,"height":748,"url":"https:\/\/fuentesfidedignas.com.mx\/wp-content\/uploads\/2023\/10\/NORMA_PINA.jpg","type":"image\/jpeg"}],"author":"L\u00f3pez D\u00f3riga","twitter_card":"summary_large_image","twitter_creator":"@fidedignas","twitter_site":"@fidedignas","twitter_misc":{"Escrito por":"L\u00f3pez D\u00f3riga","Tiempo de lectura":"2 minutos"},"schema":{"@context":"https:\/\/schema.org","@graph":[{"@type":"Article","@id":"https:\/\/fuentesfidedignas.com.mx\/index.php\/2023\/10\/31\/norma-pina-acepta-propuesta-de-amlo-para-destinar-fideicomisos-a-damnificados\/#article","isPartOf":{"@id":"https:\/\/fuentesfidedignas.com.mx\/index.php\/2023\/10\/31\/norma-pina-acepta-propuesta-de-amlo-para-destinar-fideicomisos-a-damnificados\/"},"author":{"name":"L\u00f3pez D\u00f3riga","@id":"https:\/\/fuentesfidedignas.com.mx\/#\/schema\/person\/67d852f0557c8509146a4b9ddebd543a"},"headline":"Norma Pi\u00f1a acepta propuesta de AMLO para destinar fideicomisos a damnificados","datePublished":"2023-11-01T00:33:54+00:00","dateModified":"2023-11-01T00:47:11+00:00","mainEntityOfPage":{"@id":"https:\/\/fuentesfidedignas.com.mx\/index.php\/2023\/10\/31\/norma-pina-acepta-propuesta-de-amlo-para-destinar-fideicomisos-a-damnificados\/"},"wordCount":333,"commentCount":0,"publisher":{"@id":"https:\/\/fuentesfidedignas.com.mx\/#organization"},"image":{"@id":"https:\/\/fuentesfidedignas.com.mx\/index.php\/2023\/10\/31\/norma-pina-acepta-propuesta-de-amlo-para-destinar-fideicomisos-a-damnificados\/#primaryimage"},"thumbnailUrl":"https:\/\/fuentesfidedignas.com.mx\/wp-content\/uploads\/2023\/10\/NORMA_PINA.jpg","articleSection":["NOTICIAS NACIONALES"],"inLanguage":"es","potentialAction":[{"@type":"CommentAction","name":"Comment","target":["https:\/\/fuentesfidedignas.com.mx\/index.php\/2023\/10\/31\/norma-pina-acepta-propuesta-de-amlo-para-destinar-fideicomisos-a-damnificados\/#respond"]}]},{"@type":"WebPage","@id":"https:\/\/fuentesfidedignas.com.mx\/index.php\/2023\/10\/31\/norma-pina-acepta-propuesta-de-amlo-para-destinar-fideicomisos-a-damnificados\/","url":"https:\/\/fuentesfidedignas.com.mx\/index.php\/2023\/10\/31\/norma-pina-acepta-propuesta-de-amlo-para-destinar-fideicomisos-a-damnificados\/","name":"Norma Pi\u00f1a acepta propuesta de AMLO para destinar fideicomisos a damnificados - Fuentes Fidedignas","isPartOf":{"@id":"https:\/\/fuentesfidedignas.com.mx\/#website"},"primaryImageOfPage":{"@id":"https:\/\/fuentesfidedignas.com.mx\/index.php\/2023\/10\/31\/norma-pina-acepta-propuesta-de-amlo-para-destinar-fideicomisos-a-damnificados\/#primaryimage"},"image":{"@id":"https:\/\/fuentesfidedignas.com.mx\/index.php\/2023\/10\/31\/norma-pina-acepta-propuesta-de-amlo-para-destinar-fideicomisos-a-damnificados\/#primaryimage"},"thumbnailUrl":"https:\/\/fuentesfidedignas.com.mx\/wp-content\/uploads\/2023\/10\/NORMA_PINA.jpg","datePublished":"2023-11-01T00:33:54+00:00","dateModified":"2023-11-01T00:47:11+00:00","breadcrumb":{"@id":"https:\/\/fuentesfidedignas.com.mx\/index.php\/2023\/10\/31\/norma-pina-acepta-propuesta-de-amlo-para-destinar-fideicomisos-a-damnificados\/#breadcrumb"},"inLanguage":"es","potentialAction":[{"@type":"ReadAction","target":["https:\/\/fuentesfidedignas.com.mx\/index.php\/2023\/10\/31\/norma-pina-acepta-propuesta-de-amlo-para-destinar-fideicomisos-a-damnificados\/"]}]},{"@type":"ImageObject","inLanguage":"es","@id":"https:\/\/fuentesfidedignas.com.mx\/index.php\/2023\/10\/31\/norma-pina-acepta-propuesta-de-amlo-para-destinar-fideicomisos-a-damnificados\/#primaryimage","url":"https:\/\/fuentesfidedignas.com.mx\/wp-content\/uploads\/2023\/10\/NORMA_PINA.jpg","contentUrl":"https:\/\/fuentesfidedignas.com.mx\/wp-content\/uploads\/2023\/10\/NORMA_PINA.jpg","width":1113,"height":748},{"@type":"BreadcrumbList","@id":"https:\/\/fuentesfidedignas.com.mx\/index.php\/2023\/10\/31\/norma-pina-acepta-propuesta-de-amlo-para-destinar-fideicomisos-a-damnificados\/#breadcrumb","itemListElement":[{"@type":"ListItem","position":1,"name":"Inicio","item":"https:\/\/fuentesfidedignas.com.mx\/"},{"@type":"ListItem","position":2,"name":"Norma Pi\u00f1a acepta propuesta de AMLO para destinar fideicomisos a damnificados"}]},{"@type":"WebSite","@id":"https:\/\/fuentesfidedignas.com.mx\/#website","url":"https:\/\/fuentesfidedignas.com.mx\/","name":"Fuentes Fidedignas","description":"Otro sitio realizado con WordPress","publisher":{"@id":"https:\/\/fuentesfidedignas.com.mx\/#organization"},"potentialAction":[{"@type":"SearchAction","target":{"@type":"EntryPoint","urlTemplate":"https:\/\/fuentesfidedignas.com.mx\/?s={search_term_string}"},"query-input":{"@type":"PropertyValueSpecification","valueRequired":true,"valueName":"search_term_string"}}],"inLanguage":"es"},{"@type":"Organization","@id":"https:\/\/fuentesfidedignas.com.mx\/#organization","name":"Fuentes Fidedignas","url":"https:\/\/fuentesfidedignas.com.mx\/","logo":{"@type":"ImageObject","inLanguage":"es","@id":"https:\/\/fuentesfidedignas.com.mx\/#\/schema\/logo\/image\/","url":"https:\/\/fuentesfidedignas.com.mx\/wp-content\/uploads\/2021\/04\/logo-retina.png","contentUrl":"https:\/\/fuentesfidedignas.com.mx\/wp-content\/uploads\/2021\/04\/logo-retina.png","width":280,"height":51,"caption":"Fuentes Fidedignas"},"image":{"@id":"https:\/\/fuentesfidedignas.com.mx\/#\/schema\/logo\/image\/"},"sameAs":["https:\/\/www.facebook.com\/Fuentes-Fidedignas-368234489921644","https:\/\/x.com\/fidedignas"]},{"@type":"Person","@id":"https:\/\/fuentesfidedignas.com.mx\/#\/schema\/person\/67d852f0557c8509146a4b9ddebd543a","name":"L\u00f3pez D\u00f3riga","image":{"@type":"ImageObject","inLanguage":"es","@id":"https:\/\/secure.gravatar.com\/avatar\/e525b06574ca18b33cded59dfe5778d6c823b9513154eff47da551b0551bdd1e?s=96&d=mm&r=g","url":"https:\/\/secure.gravatar.com\/avatar\/e525b06574ca18b33cded59dfe5778d6c823b9513154eff47da551b0551bdd1e?s=96&d=mm&r=g","contentUrl":"https:\/\/secure.gravatar.com\/avatar\/e525b06574ca18b33cded59dfe5778d6c823b9513154eff47da551b0551bdd1e?s=96&d=mm&r=g","caption":"L\u00f3pez D\u00f3riga"},"url":"https:\/\/fuentesfidedignas.com.mx\/index.php\/author\/doriga\/"}]}},"_links":{"self":[{"href":"https:\/\/fuentesfidedignas.com.mx\/index.php\/wp-json\/wp\/v2\/posts\/64384","targetHints":{"allow":["GET"]}}],"collection":[{"href":"https:\/\/fuentesfidedignas.com.mx\/index.php\/wp-json\/wp\/v2\/posts"}],"about":[{"href":"https:\/\/fuentesfidedignas.com.mx\/index.php\/wp-json\/wp\/v2\/types\/post"}],"author":[{"embeddable":true,"href":"https:\/\/fuentesfidedignas.com.mx\/index.php\/wp-json\/wp\/v2\/users\/47"}],"replies":[{"embeddable":true,"href":"https:\/\/fuentesfidedignas.com.mx\/index.php\/wp-json\/wp\/v2\/comments?post=64384"}],"version-history":[{"count":2,"href":"https:\/\/fuentesfidedignas.com.mx\/index.php\/wp-json\/wp\/v2\/posts\/64384\/revisions"}],"predecessor-version":[{"id":64391,"href":"https:\/\/fuentesfidedignas.com.mx\/index.php\/wp-json\/wp\/v2\/posts\/64384\/revisions\/64391"}],"wp:featuredmedia":[{"embeddable":true,"href":"https:\/\/fuentesfidedignas.com.mx\/index.php\/wp-json\/wp\/v2\/media\/64386"}],"wp:attachment":[{"href":"https:\/\/fuentesfidedignas.com.mx\/index.php\/wp-json\/wp\/v2\/media?parent=64384"}],"wp:term":[{"taxonomy":"category","embeddable":true,"href":"https:\/\/fuentesfidedignas.com.mx\/index.php\/wp-json\/wp\/v2\/categories?post=64384"},{"taxonomy":"post_tag","embeddable":true,"href":"https:\/\/fuentesfidedignas.com.mx\/index.php\/wp-json\/wp\/v2\/tags?post=64384"}],"curies":[{"name":"wp","href":"https:\/\/api.w.org\/{rel}","templated":true}]}}