{"id":64381,"date":"2023-10-31T17:29:07","date_gmt":"2023-11-01T00:29:07","guid":{"rendered":"https:\/\/fuentesfidedignas.com.mx\/?p=64381"},"modified":"2023-10-31T17:29:24","modified_gmt":"2023-11-01T00:29:24","slug":"entregan-apoyos-economicos-a-familias-afectadas-por-tormenta-norma-en-costa-rica-y-eldorado","status":"publish","type":"post","link":"https:\/\/fuentesfidedignas.com.mx\/index.php\/2023\/10\/31\/entregan-apoyos-economicos-a-familias-afectadas-por-tormenta-norma-en-costa-rica-y-eldorado\/","title":{"rendered":"Entregan apoyos econ\u00f3micos a familias afectadas por tormenta &#8216;Norma&#8217; en Costa Rica y Eldorado"},"content":{"rendered":"\n<p><strong><em>Durante el recorrido, G\u00e1mez Mend\u00edvil entreg\u00f3 personalmente los cheques a cada beneficiario y brind\u00f3 un mensaje de aliento a las familias afectadas<\/em><\/strong><\/p>\n\n\n\n<p>Culiac\u00e1n, Sin.- El alcalde Juan de Dios G\u00e1mez Mend\u00edvil, a nombre del gobernador, Rub\u00e9n Rocha Moya, realiz\u00f3 la entrega de 251 cheques por un monto de 6 mil pesos cada uno, a las familias afectadas por los estragos ocasionados por la tormenta tropical &#8220;Norma&#8221; en las sindicaturas de Costa Rica y Eldorado.<\/p>\n\n\n\n<p>En un recorrido que tuvo lugar por el ejido Mezquitillo-La Curva, el Campo Rebeca, ejido Primero de Mayo de la sindicatura de Costa Rica y, la comunidad de Las Piedritas de la sindicatura de Eldorado, el presidente municipal se hizo presente para entregar estos valiosos apoyos, una semana despu\u00e9s de las afectaciones, y hasta la puerta de sus hogares.<\/p>\n\n\n\n<p>Esta entrega de ayuda econ\u00f3mica es resultado de un censo previo de levantamiento de necesidades, que identific\u00f3 a 196 familias en Costa Rica, 86 de ellas en Mezquitillo-La Curva, y 70 en Campo Rebeca ejido Primero de Mayo, en la sindicatura de Costa Rica.<\/p>\n\n\n\n<p>Adem\u00e1s, se otorgaron 30 cheques en la comunidad de Las Piedritas de la sindicatura de Eldorado, y se espera que en breve se contin\u00fae entregando 136 apoyos m\u00e1s en esta sindicatura, sumando un total de 387 ayudas econ\u00f3micas.<\/p>\n\n\n\n<p>Durante el recorrido, G\u00e1mez Mend\u00edvil entreg\u00f3 personalmente los cheques a cada beneficiario y brind\u00f3 un mensaje de aliento a las familias afectadas, enfatizando que no est\u00e1n solos, ya que desde que ocurri\u00f3 la emergencia trabajaron en coordinaci\u00f3n con el Gobierno federal y estatal.<\/p>\n\n\n\n<p>&#8220;Aqu\u00ed le manda el gobernador, es una ayuda para que salgan de este apuro, pero la idea es continuar con el estudio hidrol\u00f3gico para no tener que volver a verlos en estas circunstancias, sino resolverles el problema de fondo.&#8221;<\/p>\n\n\n\n<p>Adem\u00e1s de la entrega de cheques, el alcalde aprovech\u00f3 la ocasi\u00f3n para inspeccionar el puente, que seg\u00fan informaci\u00f3n de los vecinos ha generado los siniestros desde que fue constru\u00eddo en el a\u00f1o 2007.<\/p>\n\n\n\n<p>Derivado de la identificaci\u00f3n de otras necesidades, el primer edil, dio instrucciones para realizar los ajustes correspondientes en concordancia con el estudio hidrol\u00f3gico en curso y, en un esfuerzo adicional, instruy\u00f3 al director de Servicios P\u00fablicos, Alfonso Arce Arias, para desplegar cuadrillas de limpieza y descacharrizaci\u00f3n en la zona, con el fin de garantizar la seguridad y el bienestar de la comunidad.<\/p>\n\n\n\n<p>Durante la entrega de los cheques participaron los regidores: Arely Berenice Ruiz L\u00f3pez; Jos\u00e9 Mar\u00eda Casanova Rodr\u00edguez; Oscar Manuel Uribe Padilla; Elda Amor L\u00f3pez C\u00e1rdenas; Miguel Ibarra Atondo; as\u00ed como personal del Sistema DIF Bienestar Culiac\u00e1n; s\u00edndicos y comisarios de las comunidades visitadas.<\/p>\n","protected":false},"excerpt":{"rendered":"<p>Durante el recorrido, G\u00e1mez Mend\u00edvil entreg\u00f3 personalmente los cheques a cada beneficiario y brind\u00f3 un mensaje de aliento a las familias afectadas Culiac\u00e1n, Sin.- El alcalde Juan de Dios G\u00e1mez Mend\u00edvil, a nombre del gobernador, Rub\u00e9n Rocha Moya, realiz\u00f3 la entrega de 251 cheques por un monto de 6 mil pesos cada uno, a las [&hellip;]<\/p>\n","protected":false},"author":4,"featured_media":64382,"comment_status":"open","ping_status":"open","sticky":false,"template":"","format":"standard","meta":{"tdm_status":"","tdm_grid_status":"","footnotes":""},"categories":[1],"tags":[],"class_list":{"0":"post-64381","1":"post","2":"type-post","3":"status-publish","4":"format-standard","5":"has-post-thumbnail","7":"category-sin-categoria"},"yoast_head":"<!-- This site is optimized with the Yoast SEO plugin v27.5 - https:\/\/yoast.com\/product\/yoast-seo-wordpress\/ -->\n<title>Entregan apoyos econ\u00f3micos a familias afectadas por tormenta &#039;Norma&#039; en Costa Rica y Eldorado - Fuentes Fidedignas<\/title>\n<meta name=\"robots\" content=\"index, follow, max-snippet:-1, max-image-preview:large, max-video-preview:-1\" \/>\n<link rel=\"canonical\" href=\"https:\/\/fuentesfidedignas.com.mx\/index.php\/2023\/10\/31\/entregan-apoyos-economicos-a-familias-afectadas-por-tormenta-norma-en-costa-rica-y-eldorado\/\" \/>\n<meta property=\"og:locale\" content=\"es_MX\" \/>\n<meta property=\"og:type\" content=\"article\" \/>\n<meta property=\"og:title\" content=\"Entregan apoyos econ\u00f3micos a familias afectadas por tormenta &#039;Norma&#039; en Costa Rica y Eldorado - Fuentes Fidedignas\" \/>\n<meta property=\"og:description\" content=\"Durante el recorrido, G\u00e1mez Mend\u00edvil entreg\u00f3 personalmente los cheques a cada beneficiario y brind\u00f3 un mensaje de aliento a las familias afectadas Culiac\u00e1n, Sin.- El alcalde Juan de Dios G\u00e1mez Mend\u00edvil, a nombre del gobernador, Rub\u00e9n Rocha Moya, realiz\u00f3 la entrega de 251 cheques por un monto de 6 mil pesos cada uno, a las [&hellip;]\" \/>\n<meta property=\"og:url\" content=\"https:\/\/fuentesfidedignas.com.mx\/index.php\/2023\/10\/31\/entregan-apoyos-economicos-a-familias-afectadas-por-tormenta-norma-en-costa-rica-y-eldorado\/\" \/>\n<meta property=\"og:site_name\" content=\"Fuentes Fidedignas\" \/>\n<meta property=\"article:publisher\" content=\"https:\/\/www.facebook.com\/Fuentes-Fidedignas-368234489921644\" \/>\n<meta property=\"article:published_time\" content=\"2023-11-01T00:29:07+00:00\" \/>\n<meta property=\"article:modified_time\" content=\"2023-11-01T00:29:24+00:00\" \/>\n<meta property=\"og:image\" content=\"https:\/\/fuentesfidedignas.com.mx\/wp-content\/uploads\/2023\/10\/WhatsApp-Image-2023-10-31-at-1.10.42-PM.jpeg\" \/>\n\t<meta property=\"og:image:width\" content=\"1600\" \/>\n\t<meta property=\"og:image:height\" content=\"1066\" \/>\n\t<meta property=\"og:image:type\" content=\"image\/jpeg\" \/>\n<meta name=\"author\" content=\"Redacci\u00f3n\" \/>\n<meta name=\"twitter:card\" content=\"summary_large_image\" \/>\n<meta name=\"twitter:creator\" content=\"@fidedignas\" \/>\n<meta name=\"twitter:site\" content=\"@fidedignas\" \/>\n<meta name=\"twitter:label1\" content=\"Escrito por\" \/>\n\t<meta name=\"twitter:data1\" content=\"Redacci\u00f3n\" \/>\n\t<meta name=\"twitter:label2\" content=\"Tiempo de lectura\" \/>\n\t<meta name=\"twitter:data2\" content=\"2 minutos\" \/>\n<script type=\"application\/ld+json\" class=\"yoast-schema-graph\">{\"@context\":\"https:\\\/\\\/schema.org\",\"@graph\":[{\"@type\":\"Article\",\"@id\":\"https:\\\/\\\/fuentesfidedignas.com.mx\\\/index.php\\\/2023\\\/10\\\/31\\\/entregan-apoyos-economicos-a-familias-afectadas-por-tormenta-norma-en-costa-rica-y-eldorado\\\/#article\",\"isPartOf\":{\"@id\":\"https:\\\/\\\/fuentesfidedignas.com.mx\\\/index.php\\\/2023\\\/10\\\/31\\\/entregan-apoyos-economicos-a-familias-afectadas-por-tormenta-norma-en-costa-rica-y-eldorado\\\/\"},\"author\":{\"name\":\"Redacci\u00f3n\",\"@id\":\"https:\\\/\\\/fuentesfidedignas.com.mx\\\/#\\\/schema\\\/person\\\/331be9283d37198e2acd5750279085b0\"},\"headline\":\"Entregan apoyos econ\u00f3micos a familias afectadas por tormenta &#8216;Norma&#8217; en Costa Rica y Eldorado\",\"datePublished\":\"2023-11-01T00:29:07+00:00\",\"dateModified\":\"2023-11-01T00:29:24+00:00\",\"mainEntityOfPage\":{\"@id\":\"https:\\\/\\\/fuentesfidedignas.com.mx\\\/index.php\\\/2023\\\/10\\\/31\\\/entregan-apoyos-economicos-a-familias-afectadas-por-tormenta-norma-en-costa-rica-y-eldorado\\\/\"},\"wordCount\":476,\"commentCount\":0,\"publisher\":{\"@id\":\"https:\\\/\\\/fuentesfidedignas.com.mx\\\/#organization\"},\"image\":{\"@id\":\"https:\\\/\\\/fuentesfidedignas.com.mx\\\/index.php\\\/2023\\\/10\\\/31\\\/entregan-apoyos-economicos-a-familias-afectadas-por-tormenta-norma-en-costa-rica-y-eldorado\\\/#primaryimage\"},\"thumbnailUrl\":\"https:\\\/\\\/fuentesfidedignas.com.mx\\\/wp-content\\\/uploads\\\/2023\\\/10\\\/WhatsApp-Image-2023-10-31-at-1.10.42-PM.jpeg\",\"inLanguage\":\"es\",\"potentialAction\":[{\"@type\":\"CommentAction\",\"name\":\"Comment\",\"target\":[\"https:\\\/\\\/fuentesfidedignas.com.mx\\\/index.php\\\/2023\\\/10\\\/31\\\/entregan-apoyos-economicos-a-familias-afectadas-por-tormenta-norma-en-costa-rica-y-eldorado\\\/#respond\"]}]},{\"@type\":\"WebPage\",\"@id\":\"https:\\\/\\\/fuentesfidedignas.com.mx\\\/index.php\\\/2023\\\/10\\\/31\\\/entregan-apoyos-economicos-a-familias-afectadas-por-tormenta-norma-en-costa-rica-y-eldorado\\\/\",\"url\":\"https:\\\/\\\/fuentesfidedignas.com.mx\\\/index.php\\\/2023\\\/10\\\/31\\\/entregan-apoyos-economicos-a-familias-afectadas-por-tormenta-norma-en-costa-rica-y-eldorado\\\/\",\"name\":\"Entregan apoyos econ\u00f3micos a familias afectadas por tormenta 'Norma' en Costa Rica y Eldorado - Fuentes Fidedignas\",\"isPartOf\":{\"@id\":\"https:\\\/\\\/fuentesfidedignas.com.mx\\\/#website\"},\"primaryImageOfPage\":{\"@id\":\"https:\\\/\\\/fuentesfidedignas.com.mx\\\/index.php\\\/2023\\\/10\\\/31\\\/entregan-apoyos-economicos-a-familias-afectadas-por-tormenta-norma-en-costa-rica-y-eldorado\\\/#primaryimage\"},\"image\":{\"@id\":\"https:\\\/\\\/fuentesfidedignas.com.mx\\\/index.php\\\/2023\\\/10\\\/31\\\/entregan-apoyos-economicos-a-familias-afectadas-por-tormenta-norma-en-costa-rica-y-eldorado\\\/#primaryimage\"},\"thumbnailUrl\":\"https:\\\/\\\/fuentesfidedignas.com.mx\\\/wp-content\\\/uploads\\\/2023\\\/10\\\/WhatsApp-Image-2023-10-31-at-1.10.42-PM.jpeg\",\"datePublished\":\"2023-11-01T00:29:07+00:00\",\"dateModified\":\"2023-11-01T00:29:24+00:00\",\"breadcrumb\":{\"@id\":\"https:\\\/\\\/fuentesfidedignas.com.mx\\\/index.php\\\/2023\\\/10\\\/31\\\/entregan-apoyos-economicos-a-familias-afectadas-por-tormenta-norma-en-costa-rica-y-eldorado\\\/#breadcrumb\"},\"inLanguage\":\"es\",\"potentialAction\":[{\"@type\":\"ReadAction\",\"target\":[\"https:\\\/\\\/fuentesfidedignas.com.mx\\\/index.php\\\/2023\\\/10\\\/31\\\/entregan-apoyos-economicos-a-familias-afectadas-por-tormenta-norma-en-costa-rica-y-eldorado\\\/\"]}]},{\"@type\":\"ImageObject\",\"inLanguage\":\"es\",\"@id\":\"https:\\\/\\\/fuentesfidedignas.com.mx\\\/index.php\\\/2023\\\/10\\\/31\\\/entregan-apoyos-economicos-a-familias-afectadas-por-tormenta-norma-en-costa-rica-y-eldorado\\\/#primaryimage\",\"url\":\"https:\\\/\\\/fuentesfidedignas.com.mx\\\/wp-content\\\/uploads\\\/2023\\\/10\\\/WhatsApp-Image-2023-10-31-at-1.10.42-PM.jpeg\",\"contentUrl\":\"https:\\\/\\\/fuentesfidedignas.com.mx\\\/wp-content\\\/uploads\\\/2023\\\/10\\\/WhatsApp-Image-2023-10-31-at-1.10.42-PM.jpeg\",\"width\":1600,\"height\":1066},{\"@type\":\"BreadcrumbList\",\"@id\":\"https:\\\/\\\/fuentesfidedignas.com.mx\\\/index.php\\\/2023\\\/10\\\/31\\\/entregan-apoyos-economicos-a-familias-afectadas-por-tormenta-norma-en-costa-rica-y-eldorado\\\/#breadcrumb\",\"itemListElement\":[{\"@type\":\"ListItem\",\"position\":1,\"name\":\"Inicio\",\"item\":\"https:\\\/\\\/fuentesfidedignas.com.mx\\\/\"},{\"@type\":\"ListItem\",\"position\":2,\"name\":\"Entregan apoyos econ\u00f3micos a familias afectadas por tormenta &#8216;Norma&#8217; en Costa Rica y Eldorado\"}]},{\"@type\":\"WebSite\",\"@id\":\"https:\\\/\\\/fuentesfidedignas.com.mx\\\/#website\",\"url\":\"https:\\\/\\\/fuentesfidedignas.com.mx\\\/\",\"name\":\"Fuentes Fidedignas\",\"description\":\"Otro sitio realizado con WordPress\",\"publisher\":{\"@id\":\"https:\\\/\\\/fuentesfidedignas.com.mx\\\/#organization\"},\"potentialAction\":[{\"@type\":\"SearchAction\",\"target\":{\"@type\":\"EntryPoint\",\"urlTemplate\":\"https:\\\/\\\/fuentesfidedignas.com.mx\\\/?s={search_term_string}\"},\"query-input\":{\"@type\":\"PropertyValueSpecification\",\"valueRequired\":true,\"valueName\":\"search_term_string\"}}],\"inLanguage\":\"es\"},{\"@type\":\"Organization\",\"@id\":\"https:\\\/\\\/fuentesfidedignas.com.mx\\\/#organization\",\"name\":\"Fuentes Fidedignas\",\"url\":\"https:\\\/\\\/fuentesfidedignas.com.mx\\\/\",\"logo\":{\"@type\":\"ImageObject\",\"inLanguage\":\"es\",\"@id\":\"https:\\\/\\\/fuentesfidedignas.com.mx\\\/#\\\/schema\\\/logo\\\/image\\\/\",\"url\":\"https:\\\/\\\/fuentesfidedignas.com.mx\\\/wp-content\\\/uploads\\\/2021\\\/04\\\/logo-retina.png\",\"contentUrl\":\"https:\\\/\\\/fuentesfidedignas.com.mx\\\/wp-content\\\/uploads\\\/2021\\\/04\\\/logo-retina.png\",\"width\":280,\"height\":51,\"caption\":\"Fuentes Fidedignas\"},\"image\":{\"@id\":\"https:\\\/\\\/fuentesfidedignas.com.mx\\\/#\\\/schema\\\/logo\\\/image\\\/\"},\"sameAs\":[\"https:\\\/\\\/www.facebook.com\\\/Fuentes-Fidedignas-368234489921644\",\"https:\\\/\\\/x.com\\\/fidedignas\"]},{\"@type\":\"Person\",\"@id\":\"https:\\\/\\\/fuentesfidedignas.com.mx\\\/#\\\/schema\\\/person\\\/331be9283d37198e2acd5750279085b0\",\"name\":\"Redacci\u00f3n\",\"image\":{\"@type\":\"ImageObject\",\"inLanguage\":\"es\",\"@id\":\"https:\\\/\\\/secure.gravatar.com\\\/avatar\\\/f6d8782c11d12b2d4ad3fbb6931aeab5309937a4d6cd2fc9cfaa28a6396a5aec?s=96&d=mm&r=g\",\"url\":\"https:\\\/\\\/secure.gravatar.com\\\/avatar\\\/f6d8782c11d12b2d4ad3fbb6931aeab5309937a4d6cd2fc9cfaa28a6396a5aec?s=96&d=mm&r=g\",\"contentUrl\":\"https:\\\/\\\/secure.gravatar.com\\\/avatar\\\/f6d8782c11d12b2d4ad3fbb6931aeab5309937a4d6cd2fc9cfaa28a6396a5aec?s=96&d=mm&r=g\",\"caption\":\"Redacci\u00f3n\"},\"url\":\"https:\\\/\\\/fuentesfidedignas.com.mx\\\/index.php\\\/author\\\/redaccion\\\/\"}]}<\/script>\n<!-- \/ Yoast SEO plugin. -->","yoast_head_json":{"title":"Entregan apoyos econ\u00f3micos a familias afectadas por tormenta 'Norma' en Costa Rica y Eldorado - Fuentes Fidedignas","robots":{"index":"index","follow":"follow","max-snippet":"max-snippet:-1","max-image-preview":"max-image-preview:large","max-video-preview":"max-video-preview:-1"},"canonical":"https:\/\/fuentesfidedignas.com.mx\/index.php\/2023\/10\/31\/entregan-apoyos-economicos-a-familias-afectadas-por-tormenta-norma-en-costa-rica-y-eldorado\/","og_locale":"es_MX","og_type":"article","og_title":"Entregan apoyos econ\u00f3micos a familias afectadas por tormenta 'Norma' en Costa Rica y Eldorado - Fuentes Fidedignas","og_description":"Durante el recorrido, G\u00e1mez Mend\u00edvil entreg\u00f3 personalmente los cheques a cada beneficiario y brind\u00f3 un mensaje de aliento a las familias afectadas Culiac\u00e1n, Sin.- El alcalde Juan de Dios G\u00e1mez Mend\u00edvil, a nombre del gobernador, Rub\u00e9n Rocha Moya, realiz\u00f3 la entrega de 251 cheques por un monto de 6 mil pesos cada uno, a las [&hellip;]","og_url":"https:\/\/fuentesfidedignas.com.mx\/index.php\/2023\/10\/31\/entregan-apoyos-economicos-a-familias-afectadas-por-tormenta-norma-en-costa-rica-y-eldorado\/","og_site_name":"Fuentes Fidedignas","article_publisher":"https:\/\/www.facebook.com\/Fuentes-Fidedignas-368234489921644","article_published_time":"2023-11-01T00:29:07+00:00","article_modified_time":"2023-11-01T00:29:24+00:00","og_image":[{"width":1600,"height":1066,"url":"https:\/\/fuentesfidedignas.com.mx\/wp-content\/uploads\/2023\/10\/WhatsApp-Image-2023-10-31-at-1.10.42-PM.jpeg","type":"image\/jpeg"}],"author":"Redacci\u00f3n","twitter_card":"summary_large_image","twitter_creator":"@fidedignas","twitter_site":"@fidedignas","twitter_misc":{"Escrito por":"Redacci\u00f3n","Tiempo de lectura":"2 minutos"},"schema":{"@context":"https:\/\/schema.org","@graph":[{"@type":"Article","@id":"https:\/\/fuentesfidedignas.com.mx\/index.php\/2023\/10\/31\/entregan-apoyos-economicos-a-familias-afectadas-por-tormenta-norma-en-costa-rica-y-eldorado\/#article","isPartOf":{"@id":"https:\/\/fuentesfidedignas.com.mx\/index.php\/2023\/10\/31\/entregan-apoyos-economicos-a-familias-afectadas-por-tormenta-norma-en-costa-rica-y-eldorado\/"},"author":{"name":"Redacci\u00f3n","@id":"https:\/\/fuentesfidedignas.com.mx\/#\/schema\/person\/331be9283d37198e2acd5750279085b0"},"headline":"Entregan apoyos econ\u00f3micos a familias afectadas por tormenta &#8216;Norma&#8217; en Costa Rica y Eldorado","datePublished":"2023-11-01T00:29:07+00:00","dateModified":"2023-11-01T00:29:24+00:00","mainEntityOfPage":{"@id":"https:\/\/fuentesfidedignas.com.mx\/index.php\/2023\/10\/31\/entregan-apoyos-economicos-a-familias-afectadas-por-tormenta-norma-en-costa-rica-y-eldorado\/"},"wordCount":476,"commentCount":0,"publisher":{"@id":"https:\/\/fuentesfidedignas.com.mx\/#organization"},"image":{"@id":"https:\/\/fuentesfidedignas.com.mx\/index.php\/2023\/10\/31\/entregan-apoyos-economicos-a-familias-afectadas-por-tormenta-norma-en-costa-rica-y-eldorado\/#primaryimage"},"thumbnailUrl":"https:\/\/fuentesfidedignas.com.mx\/wp-content\/uploads\/2023\/10\/WhatsApp-Image-2023-10-31-at-1.10.42-PM.jpeg","inLanguage":"es","potentialAction":[{"@type":"CommentAction","name":"Comment","target":["https:\/\/fuentesfidedignas.com.mx\/index.php\/2023\/10\/31\/entregan-apoyos-economicos-a-familias-afectadas-por-tormenta-norma-en-costa-rica-y-eldorado\/#respond"]}]},{"@type":"WebPage","@id":"https:\/\/fuentesfidedignas.com.mx\/index.php\/2023\/10\/31\/entregan-apoyos-economicos-a-familias-afectadas-por-tormenta-norma-en-costa-rica-y-eldorado\/","url":"https:\/\/fuentesfidedignas.com.mx\/index.php\/2023\/10\/31\/entregan-apoyos-economicos-a-familias-afectadas-por-tormenta-norma-en-costa-rica-y-eldorado\/","name":"Entregan apoyos econ\u00f3micos a familias afectadas por tormenta 'Norma' en Costa Rica y Eldorado - Fuentes Fidedignas","isPartOf":{"@id":"https:\/\/fuentesfidedignas.com.mx\/#website"},"primaryImageOfPage":{"@id":"https:\/\/fuentesfidedignas.com.mx\/index.php\/2023\/10\/31\/entregan-apoyos-economicos-a-familias-afectadas-por-tormenta-norma-en-costa-rica-y-eldorado\/#primaryimage"},"image":{"@id":"https:\/\/fuentesfidedignas.com.mx\/index.php\/2023\/10\/31\/entregan-apoyos-economicos-a-familias-afectadas-por-tormenta-norma-en-costa-rica-y-eldorado\/#primaryimage"},"thumbnailUrl":"https:\/\/fuentesfidedignas.com.mx\/wp-content\/uploads\/2023\/10\/WhatsApp-Image-2023-10-31-at-1.10.42-PM.jpeg","datePublished":"2023-11-01T00:29:07+00:00","dateModified":"2023-11-01T00:29:24+00:00","breadcrumb":{"@id":"https:\/\/fuentesfidedignas.com.mx\/index.php\/2023\/10\/31\/entregan-apoyos-economicos-a-familias-afectadas-por-tormenta-norma-en-costa-rica-y-eldorado\/#breadcrumb"},"inLanguage":"es","potentialAction":[{"@type":"ReadAction","target":["https:\/\/fuentesfidedignas.com.mx\/index.php\/2023\/10\/31\/entregan-apoyos-economicos-a-familias-afectadas-por-tormenta-norma-en-costa-rica-y-eldorado\/"]}]},{"@type":"ImageObject","inLanguage":"es","@id":"https:\/\/fuentesfidedignas.com.mx\/index.php\/2023\/10\/31\/entregan-apoyos-economicos-a-familias-afectadas-por-tormenta-norma-en-costa-rica-y-eldorado\/#primaryimage","url":"https:\/\/fuentesfidedignas.com.mx\/wp-content\/uploads\/2023\/10\/WhatsApp-Image-2023-10-31-at-1.10.42-PM.jpeg","contentUrl":"https:\/\/fuentesfidedignas.com.mx\/wp-content\/uploads\/2023\/10\/WhatsApp-Image-2023-10-31-at-1.10.42-PM.jpeg","width":1600,"height":1066},{"@type":"BreadcrumbList","@id":"https:\/\/fuentesfidedignas.com.mx\/index.php\/2023\/10\/31\/entregan-apoyos-economicos-a-familias-afectadas-por-tormenta-norma-en-costa-rica-y-eldorado\/#breadcrumb","itemListElement":[{"@type":"ListItem","position":1,"name":"Inicio","item":"https:\/\/fuentesfidedignas.com.mx\/"},{"@type":"ListItem","position":2,"name":"Entregan apoyos econ\u00f3micos a familias afectadas por tormenta &#8216;Norma&#8217; en Costa Rica y Eldorado"}]},{"@type":"WebSite","@id":"https:\/\/fuentesfidedignas.com.mx\/#website","url":"https:\/\/fuentesfidedignas.com.mx\/","name":"Fuentes Fidedignas","description":"Otro sitio realizado con WordPress","publisher":{"@id":"https:\/\/fuentesfidedignas.com.mx\/#organization"},"potentialAction":[{"@type":"SearchAction","target":{"@type":"EntryPoint","urlTemplate":"https:\/\/fuentesfidedignas.com.mx\/?s={search_term_string}"},"query-input":{"@type":"PropertyValueSpecification","valueRequired":true,"valueName":"search_term_string"}}],"inLanguage":"es"},{"@type":"Organization","@id":"https:\/\/fuentesfidedignas.com.mx\/#organization","name":"Fuentes Fidedignas","url":"https:\/\/fuentesfidedignas.com.mx\/","logo":{"@type":"ImageObject","inLanguage":"es","@id":"https:\/\/fuentesfidedignas.com.mx\/#\/schema\/logo\/image\/","url":"https:\/\/fuentesfidedignas.com.mx\/wp-content\/uploads\/2021\/04\/logo-retina.png","contentUrl":"https:\/\/fuentesfidedignas.com.mx\/wp-content\/uploads\/2021\/04\/logo-retina.png","width":280,"height":51,"caption":"Fuentes Fidedignas"},"image":{"@id":"https:\/\/fuentesfidedignas.com.mx\/#\/schema\/logo\/image\/"},"sameAs":["https:\/\/www.facebook.com\/Fuentes-Fidedignas-368234489921644","https:\/\/x.com\/fidedignas"]},{"@type":"Person","@id":"https:\/\/fuentesfidedignas.com.mx\/#\/schema\/person\/331be9283d37198e2acd5750279085b0","name":"Redacci\u00f3n","image":{"@type":"ImageObject","inLanguage":"es","@id":"https:\/\/secure.gravatar.com\/avatar\/f6d8782c11d12b2d4ad3fbb6931aeab5309937a4d6cd2fc9cfaa28a6396a5aec?s=96&d=mm&r=g","url":"https:\/\/secure.gravatar.com\/avatar\/f6d8782c11d12b2d4ad3fbb6931aeab5309937a4d6cd2fc9cfaa28a6396a5aec?s=96&d=mm&r=g","contentUrl":"https:\/\/secure.gravatar.com\/avatar\/f6d8782c11d12b2d4ad3fbb6931aeab5309937a4d6cd2fc9cfaa28a6396a5aec?s=96&d=mm&r=g","caption":"Redacci\u00f3n"},"url":"https:\/\/fuentesfidedignas.com.mx\/index.php\/author\/redaccion\/"}]}},"_links":{"self":[{"href":"https:\/\/fuentesfidedignas.com.mx\/index.php\/wp-json\/wp\/v2\/posts\/64381","targetHints":{"allow":["GET"]}}],"collection":[{"href":"https:\/\/fuentesfidedignas.com.mx\/index.php\/wp-json\/wp\/v2\/posts"}],"about":[{"href":"https:\/\/fuentesfidedignas.com.mx\/index.php\/wp-json\/wp\/v2\/types\/post"}],"author":[{"embeddable":true,"href":"https:\/\/fuentesfidedignas.com.mx\/index.php\/wp-json\/wp\/v2\/users\/4"}],"replies":[{"embeddable":true,"href":"https:\/\/fuentesfidedignas.com.mx\/index.php\/wp-json\/wp\/v2\/comments?post=64381"}],"version-history":[{"count":1,"href":"https:\/\/fuentesfidedignas.com.mx\/index.php\/wp-json\/wp\/v2\/posts\/64381\/revisions"}],"predecessor-version":[{"id":64383,"href":"https:\/\/fuentesfidedignas.com.mx\/index.php\/wp-json\/wp\/v2\/posts\/64381\/revisions\/64383"}],"wp:featuredmedia":[{"embeddable":true,"href":"https:\/\/fuentesfidedignas.com.mx\/index.php\/wp-json\/wp\/v2\/media\/64382"}],"wp:attachment":[{"href":"https:\/\/fuentesfidedignas.com.mx\/index.php\/wp-json\/wp\/v2\/media?parent=64381"}],"wp:term":[{"taxonomy":"category","embeddable":true,"href":"https:\/\/fuentesfidedignas.com.mx\/index.php\/wp-json\/wp\/v2\/categories?post=64381"},{"taxonomy":"post_tag","embeddable":true,"href":"https:\/\/fuentesfidedignas.com.mx\/index.php\/wp-json\/wp\/v2\/tags?post=64381"}],"curies":[{"name":"wp","href":"https:\/\/api.w.org\/{rel}","templated":true}]}}