{"id":64370,"date":"2023-10-31T15:32:31","date_gmt":"2023-10-31T22:32:31","guid":{"rendered":"https:\/\/fuentesfidedignas.com.mx\/?p=64370"},"modified":"2023-10-31T15:32:32","modified_gmt":"2023-10-31T22:32:32","slug":"critica-el-pas-actuar-de-gobierno-ante-otis-en-guerrero","status":"publish","type":"post","link":"https:\/\/fuentesfidedignas.com.mx\/index.php\/2023\/10\/31\/critica-el-pas-actuar-de-gobierno-ante-otis-en-guerrero\/","title":{"rendered":"Critica el PAS actuar de gobierno ante &#8220;Otis&#8221; en Guerrero"},"content":{"rendered":"\n<p><br><strong><em>\u201cOtis ocasion\u00f3 destrozos, falta de agua, alimento, luz, internet, tel\u00e9fono, agricultura devastada, carreteras destrozadas, calles inundadas y comunidades incomunicadas\u201d: Elizabeth Ch\u00eda Galaviz<\/em><\/strong><\/p>\n\n\n\n<p>CULIAC\u00c1N, Sin.- Este a\u00f1o, la temporada de lluvias, huracanes y ciclones tropicales ha sido devastador, 6 fen\u00f3menos naturales atmosf\u00e9ricos han golpeado severamente a nuestro pa\u00eds causando severas afectaciones, dejando elevadas p\u00e9rdidas en infraestructura y afectando el patrimonio de miles de ciudadanos de Jalisco, Baja California Sur, Nayarit, Sinaloa y Guerrero, siendo este \u00faltimo el que ahora se encuentra incomunicado debido al Hurac\u00e1n \u201cOtis\u201d, categor\u00eda 5, que toc\u00f3 tierra en el puerto de Acapulco durante la madrugada del 25 de octubre, inform\u00f3 la diputada Elizabeth Ch\u00eda Galaviz.<\/p>\n\n\n\n<p>La intensidad con la que el Hurac\u00e1n \u201cOtis\u201d toc\u00f3 tierra en el estado de Guerrero dej\u00f3 a los ciudadanos incomunicados, las ciudades destrozadas, sin agua, alimento, luz, internet, tel\u00e9fono, la agricultura devastada, carreteras destrozadas, calles inundadas y comunidades incomunicadas.<\/p>\n\n\n\n<p>\u201cComo Legisladora y como presidenta de la Comisi\u00f3n de Derechos Humanos de este Congreso, considero importante se\u00f1alar una gran diferencia entre la coordinaci\u00f3n de protecci\u00f3n civil, instituciones gubernamentales, instituciones de emergencia que se tuvieron por el fen\u00f3meno que d\u00edas antes hab\u00eda tocado tierra en Sinaloa a lo que sucedi\u00f3 en el estado de Guerrero. Claro que fueron dimensiones distintas, sin embargo la falta de prevenci\u00f3n de las autoridades y la respuesta del gobierno federal y del gobierno del estado a los ciudadanos de Guerrero tard\u00f3 en llegar, lo que\u00a0 ocasion\u00f3 que muchas personas no se resguardaran en sus hogares, no se preparan con v\u00edveres para los d\u00edas posteriores, y muchas personas, que lo perdieron todo, realizaron actos vand\u00e1licos para obtener alimentos, agua y otros accesorios del hogar para hacerle frente a las necesidades b\u00e1sicas de su familia\u201d, dijo la diputada Elizabeth Ch\u00eda Galaviz.<\/p>\n\n\n\n<p>Las p\u00e9rdidas son millonarias y ante la falta de un programa oficial de rescate por desastres naturales, los ciudadanos nos preguntamos, \u00bfC\u00f3mo vamos a poder apoyar a los ciudadanos que enfrentan alguna p\u00e9rdida por estos fen\u00f3menos?<\/p>\n\n\n\n<p>\u201cRecordemos que el Fondo de Desastres Naturales\u00a0(FONDEN), era un fideicomiso que fue desaparecido, ante esto \u00bfc\u00f3mo piensan ayudar a las familias\u00a0 de Guerrero y a las familias sinaloenses, si desde julio de 2021 fue extinguido este fondo el cual ten\u00eda recursos inmediatos para la reparaci\u00f3n de infraestructura y de los bienes de las personas afectadas por desastres naturales, si el recurso asignado para estas afectaciones en el presupuesto de egresos para el ejercicio fiscal 2023 es insuficiente\u201d, expres\u00f3 la diputada Elisabeth Ch\u00eda Galaviz.<\/p>\n\n\n\n<p>La responsabilidad de cada gobierno es estar prevenidos para enfrentar desastres naturales como los ciclones y huracanes que cada a\u00f1o afectan a nuestras costas, sabemos que la desgracia que est\u00e1n viviendo en Guerrero debe ser una prioridad, pero en nuestro estado de Sinaloa tambi\u00e9n tenemos ciudadanos que est\u00e1n sufriendo por el fen\u00f3meno de \u201cNorma\u201d, esperemos que el gobierno federal no se olvide de nuestros damnificados.<\/p>\n","protected":false},"excerpt":{"rendered":"<p>\u201cOtis ocasion\u00f3 destrozos, falta de agua, alimento, luz, internet, tel\u00e9fono, agricultura devastada, carreteras destrozadas, calles inundadas y comunidades incomunicadas\u201d: Elizabeth Ch\u00eda Galaviz CULIAC\u00c1N, Sin.- Este a\u00f1o, la temporada de lluvias, huracanes y ciclones tropicales ha sido devastador, 6 fen\u00f3menos naturales atmosf\u00e9ricos han golpeado severamente a nuestro pa\u00eds causando severas afectaciones, dejando elevadas p\u00e9rdidas en infraestructura [&hellip;]<\/p>\n","protected":false},"author":4,"featured_media":64372,"comment_status":"open","ping_status":"open","sticky":false,"template":"","format":"standard","meta":{"tdm_status":"","tdm_grid_status":"","footnotes":""},"categories":[1],"tags":[],"class_list":{"0":"post-64370","1":"post","2":"type-post","3":"status-publish","4":"format-standard","5":"has-post-thumbnail","7":"category-sin-categoria"},"yoast_head":"<!-- This site is optimized with the Yoast SEO plugin v27.5 - https:\/\/yoast.com\/product\/yoast-seo-wordpress\/ -->\n<title>Critica el PAS actuar de gobierno ante &quot;Otis&quot; en Guerrero - Fuentes Fidedignas<\/title>\n<meta name=\"robots\" content=\"index, follow, max-snippet:-1, max-image-preview:large, max-video-preview:-1\" \/>\n<link rel=\"canonical\" href=\"https:\/\/fuentesfidedignas.com.mx\/index.php\/2023\/10\/31\/critica-el-pas-actuar-de-gobierno-ante-otis-en-guerrero\/\" \/>\n<meta property=\"og:locale\" content=\"es_MX\" \/>\n<meta property=\"og:type\" content=\"article\" \/>\n<meta property=\"og:title\" content=\"Critica el PAS actuar de gobierno ante &quot;Otis&quot; en Guerrero - Fuentes Fidedignas\" \/>\n<meta property=\"og:description\" content=\"\u201cOtis ocasion\u00f3 destrozos, falta de agua, alimento, luz, internet, tel\u00e9fono, agricultura devastada, carreteras destrozadas, calles inundadas y comunidades incomunicadas\u201d: Elizabeth Ch\u00eda Galaviz CULIAC\u00c1N, Sin.- Este a\u00f1o, la temporada de lluvias, huracanes y ciclones tropicales ha sido devastador, 6 fen\u00f3menos naturales atmosf\u00e9ricos han golpeado severamente a nuestro pa\u00eds causando severas afectaciones, dejando elevadas p\u00e9rdidas en infraestructura [&hellip;]\" \/>\n<meta property=\"og:url\" content=\"https:\/\/fuentesfidedignas.com.mx\/index.php\/2023\/10\/31\/critica-el-pas-actuar-de-gobierno-ante-otis-en-guerrero\/\" \/>\n<meta property=\"og:site_name\" content=\"Fuentes Fidedignas\" \/>\n<meta property=\"article:publisher\" content=\"https:\/\/www.facebook.com\/Fuentes-Fidedignas-368234489921644\" \/>\n<meta property=\"article:published_time\" content=\"2023-10-31T22:32:31+00:00\" \/>\n<meta property=\"article:modified_time\" content=\"2023-10-31T22:32:32+00:00\" \/>\n<meta property=\"og:image\" content=\"https:\/\/fuentesfidedignas.com.mx\/wp-content\/uploads\/2023\/10\/WhatsApp-Image-2023-10-31-at-2.13.16-PM.jpeg\" \/>\n\t<meta property=\"og:image:width\" content=\"1600\" \/>\n\t<meta property=\"og:image:height\" content=\"1066\" \/>\n\t<meta property=\"og:image:type\" content=\"image\/jpeg\" \/>\n<meta name=\"author\" content=\"Redacci\u00f3n\" \/>\n<meta name=\"twitter:card\" content=\"summary_large_image\" \/>\n<meta name=\"twitter:creator\" content=\"@fidedignas\" \/>\n<meta name=\"twitter:site\" content=\"@fidedignas\" \/>\n<meta name=\"twitter:label1\" content=\"Escrito por\" \/>\n\t<meta name=\"twitter:data1\" content=\"Redacci\u00f3n\" \/>\n\t<meta name=\"twitter:label2\" content=\"Tiempo de lectura\" \/>\n\t<meta name=\"twitter:data2\" content=\"3 minutos\" \/>\n<script type=\"application\/ld+json\" class=\"yoast-schema-graph\">{\"@context\":\"https:\\\/\\\/schema.org\",\"@graph\":[{\"@type\":\"Article\",\"@id\":\"https:\\\/\\\/fuentesfidedignas.com.mx\\\/index.php\\\/2023\\\/10\\\/31\\\/critica-el-pas-actuar-de-gobierno-ante-otis-en-guerrero\\\/#article\",\"isPartOf\":{\"@id\":\"https:\\\/\\\/fuentesfidedignas.com.mx\\\/index.php\\\/2023\\\/10\\\/31\\\/critica-el-pas-actuar-de-gobierno-ante-otis-en-guerrero\\\/\"},\"author\":{\"name\":\"Redacci\u00f3n\",\"@id\":\"https:\\\/\\\/fuentesfidedignas.com.mx\\\/#\\\/schema\\\/person\\\/331be9283d37198e2acd5750279085b0\"},\"headline\":\"Critica el PAS actuar de gobierno ante &#8220;Otis&#8221; en Guerrero\",\"datePublished\":\"2023-10-31T22:32:31+00:00\",\"dateModified\":\"2023-10-31T22:32:32+00:00\",\"mainEntityOfPage\":{\"@id\":\"https:\\\/\\\/fuentesfidedignas.com.mx\\\/index.php\\\/2023\\\/10\\\/31\\\/critica-el-pas-actuar-de-gobierno-ante-otis-en-guerrero\\\/\"},\"wordCount\":520,\"commentCount\":0,\"publisher\":{\"@id\":\"https:\\\/\\\/fuentesfidedignas.com.mx\\\/#organization\"},\"image\":{\"@id\":\"https:\\\/\\\/fuentesfidedignas.com.mx\\\/index.php\\\/2023\\\/10\\\/31\\\/critica-el-pas-actuar-de-gobierno-ante-otis-en-guerrero\\\/#primaryimage\"},\"thumbnailUrl\":\"https:\\\/\\\/fuentesfidedignas.com.mx\\\/wp-content\\\/uploads\\\/2023\\\/10\\\/WhatsApp-Image-2023-10-31-at-2.13.16-PM.jpeg\",\"inLanguage\":\"es\",\"potentialAction\":[{\"@type\":\"CommentAction\",\"name\":\"Comment\",\"target\":[\"https:\\\/\\\/fuentesfidedignas.com.mx\\\/index.php\\\/2023\\\/10\\\/31\\\/critica-el-pas-actuar-de-gobierno-ante-otis-en-guerrero\\\/#respond\"]}]},{\"@type\":\"WebPage\",\"@id\":\"https:\\\/\\\/fuentesfidedignas.com.mx\\\/index.php\\\/2023\\\/10\\\/31\\\/critica-el-pas-actuar-de-gobierno-ante-otis-en-guerrero\\\/\",\"url\":\"https:\\\/\\\/fuentesfidedignas.com.mx\\\/index.php\\\/2023\\\/10\\\/31\\\/critica-el-pas-actuar-de-gobierno-ante-otis-en-guerrero\\\/\",\"name\":\"Critica el PAS actuar de gobierno ante \\\"Otis\\\" en Guerrero - Fuentes Fidedignas\",\"isPartOf\":{\"@id\":\"https:\\\/\\\/fuentesfidedignas.com.mx\\\/#website\"},\"primaryImageOfPage\":{\"@id\":\"https:\\\/\\\/fuentesfidedignas.com.mx\\\/index.php\\\/2023\\\/10\\\/31\\\/critica-el-pas-actuar-de-gobierno-ante-otis-en-guerrero\\\/#primaryimage\"},\"image\":{\"@id\":\"https:\\\/\\\/fuentesfidedignas.com.mx\\\/index.php\\\/2023\\\/10\\\/31\\\/critica-el-pas-actuar-de-gobierno-ante-otis-en-guerrero\\\/#primaryimage\"},\"thumbnailUrl\":\"https:\\\/\\\/fuentesfidedignas.com.mx\\\/wp-content\\\/uploads\\\/2023\\\/10\\\/WhatsApp-Image-2023-10-31-at-2.13.16-PM.jpeg\",\"datePublished\":\"2023-10-31T22:32:31+00:00\",\"dateModified\":\"2023-10-31T22:32:32+00:00\",\"breadcrumb\":{\"@id\":\"https:\\\/\\\/fuentesfidedignas.com.mx\\\/index.php\\\/2023\\\/10\\\/31\\\/critica-el-pas-actuar-de-gobierno-ante-otis-en-guerrero\\\/#breadcrumb\"},\"inLanguage\":\"es\",\"potentialAction\":[{\"@type\":\"ReadAction\",\"target\":[\"https:\\\/\\\/fuentesfidedignas.com.mx\\\/index.php\\\/2023\\\/10\\\/31\\\/critica-el-pas-actuar-de-gobierno-ante-otis-en-guerrero\\\/\"]}]},{\"@type\":\"ImageObject\",\"inLanguage\":\"es\",\"@id\":\"https:\\\/\\\/fuentesfidedignas.com.mx\\\/index.php\\\/2023\\\/10\\\/31\\\/critica-el-pas-actuar-de-gobierno-ante-otis-en-guerrero\\\/#primaryimage\",\"url\":\"https:\\\/\\\/fuentesfidedignas.com.mx\\\/wp-content\\\/uploads\\\/2023\\\/10\\\/WhatsApp-Image-2023-10-31-at-2.13.16-PM.jpeg\",\"contentUrl\":\"https:\\\/\\\/fuentesfidedignas.com.mx\\\/wp-content\\\/uploads\\\/2023\\\/10\\\/WhatsApp-Image-2023-10-31-at-2.13.16-PM.jpeg\",\"width\":1600,\"height\":1066},{\"@type\":\"BreadcrumbList\",\"@id\":\"https:\\\/\\\/fuentesfidedignas.com.mx\\\/index.php\\\/2023\\\/10\\\/31\\\/critica-el-pas-actuar-de-gobierno-ante-otis-en-guerrero\\\/#breadcrumb\",\"itemListElement\":[{\"@type\":\"ListItem\",\"position\":1,\"name\":\"Inicio\",\"item\":\"https:\\\/\\\/fuentesfidedignas.com.mx\\\/\"},{\"@type\":\"ListItem\",\"position\":2,\"name\":\"Critica el PAS actuar de gobierno ante &#8220;Otis&#8221; en Guerrero\"}]},{\"@type\":\"WebSite\",\"@id\":\"https:\\\/\\\/fuentesfidedignas.com.mx\\\/#website\",\"url\":\"https:\\\/\\\/fuentesfidedignas.com.mx\\\/\",\"name\":\"Fuentes Fidedignas\",\"description\":\"Otro sitio realizado con WordPress\",\"publisher\":{\"@id\":\"https:\\\/\\\/fuentesfidedignas.com.mx\\\/#organization\"},\"potentialAction\":[{\"@type\":\"SearchAction\",\"target\":{\"@type\":\"EntryPoint\",\"urlTemplate\":\"https:\\\/\\\/fuentesfidedignas.com.mx\\\/?s={search_term_string}\"},\"query-input\":{\"@type\":\"PropertyValueSpecification\",\"valueRequired\":true,\"valueName\":\"search_term_string\"}}],\"inLanguage\":\"es\"},{\"@type\":\"Organization\",\"@id\":\"https:\\\/\\\/fuentesfidedignas.com.mx\\\/#organization\",\"name\":\"Fuentes Fidedignas\",\"url\":\"https:\\\/\\\/fuentesfidedignas.com.mx\\\/\",\"logo\":{\"@type\":\"ImageObject\",\"inLanguage\":\"es\",\"@id\":\"https:\\\/\\\/fuentesfidedignas.com.mx\\\/#\\\/schema\\\/logo\\\/image\\\/\",\"url\":\"https:\\\/\\\/fuentesfidedignas.com.mx\\\/wp-content\\\/uploads\\\/2021\\\/04\\\/logo-retina.png\",\"contentUrl\":\"https:\\\/\\\/fuentesfidedignas.com.mx\\\/wp-content\\\/uploads\\\/2021\\\/04\\\/logo-retina.png\",\"width\":280,\"height\":51,\"caption\":\"Fuentes Fidedignas\"},\"image\":{\"@id\":\"https:\\\/\\\/fuentesfidedignas.com.mx\\\/#\\\/schema\\\/logo\\\/image\\\/\"},\"sameAs\":[\"https:\\\/\\\/www.facebook.com\\\/Fuentes-Fidedignas-368234489921644\",\"https:\\\/\\\/x.com\\\/fidedignas\"]},{\"@type\":\"Person\",\"@id\":\"https:\\\/\\\/fuentesfidedignas.com.mx\\\/#\\\/schema\\\/person\\\/331be9283d37198e2acd5750279085b0\",\"name\":\"Redacci\u00f3n\",\"image\":{\"@type\":\"ImageObject\",\"inLanguage\":\"es\",\"@id\":\"https:\\\/\\\/secure.gravatar.com\\\/avatar\\\/f6d8782c11d12b2d4ad3fbb6931aeab5309937a4d6cd2fc9cfaa28a6396a5aec?s=96&d=mm&r=g\",\"url\":\"https:\\\/\\\/secure.gravatar.com\\\/avatar\\\/f6d8782c11d12b2d4ad3fbb6931aeab5309937a4d6cd2fc9cfaa28a6396a5aec?s=96&d=mm&r=g\",\"contentUrl\":\"https:\\\/\\\/secure.gravatar.com\\\/avatar\\\/f6d8782c11d12b2d4ad3fbb6931aeab5309937a4d6cd2fc9cfaa28a6396a5aec?s=96&d=mm&r=g\",\"caption\":\"Redacci\u00f3n\"},\"url\":\"https:\\\/\\\/fuentesfidedignas.com.mx\\\/index.php\\\/author\\\/redaccion\\\/\"}]}<\/script>\n<!-- \/ Yoast SEO plugin. -->","yoast_head_json":{"title":"Critica el PAS actuar de gobierno ante \"Otis\" en Guerrero - Fuentes Fidedignas","robots":{"index":"index","follow":"follow","max-snippet":"max-snippet:-1","max-image-preview":"max-image-preview:large","max-video-preview":"max-video-preview:-1"},"canonical":"https:\/\/fuentesfidedignas.com.mx\/index.php\/2023\/10\/31\/critica-el-pas-actuar-de-gobierno-ante-otis-en-guerrero\/","og_locale":"es_MX","og_type":"article","og_title":"Critica el PAS actuar de gobierno ante \"Otis\" en Guerrero - Fuentes Fidedignas","og_description":"\u201cOtis ocasion\u00f3 destrozos, falta de agua, alimento, luz, internet, tel\u00e9fono, agricultura devastada, carreteras destrozadas, calles inundadas y comunidades incomunicadas\u201d: Elizabeth Ch\u00eda Galaviz CULIAC\u00c1N, Sin.- Este a\u00f1o, la temporada de lluvias, huracanes y ciclones tropicales ha sido devastador, 6 fen\u00f3menos naturales atmosf\u00e9ricos han golpeado severamente a nuestro pa\u00eds causando severas afectaciones, dejando elevadas p\u00e9rdidas en infraestructura [&hellip;]","og_url":"https:\/\/fuentesfidedignas.com.mx\/index.php\/2023\/10\/31\/critica-el-pas-actuar-de-gobierno-ante-otis-en-guerrero\/","og_site_name":"Fuentes Fidedignas","article_publisher":"https:\/\/www.facebook.com\/Fuentes-Fidedignas-368234489921644","article_published_time":"2023-10-31T22:32:31+00:00","article_modified_time":"2023-10-31T22:32:32+00:00","og_image":[{"width":1600,"height":1066,"url":"https:\/\/fuentesfidedignas.com.mx\/wp-content\/uploads\/2023\/10\/WhatsApp-Image-2023-10-31-at-2.13.16-PM.jpeg","type":"image\/jpeg"}],"author":"Redacci\u00f3n","twitter_card":"summary_large_image","twitter_creator":"@fidedignas","twitter_site":"@fidedignas","twitter_misc":{"Escrito por":"Redacci\u00f3n","Tiempo de lectura":"3 minutos"},"schema":{"@context":"https:\/\/schema.org","@graph":[{"@type":"Article","@id":"https:\/\/fuentesfidedignas.com.mx\/index.php\/2023\/10\/31\/critica-el-pas-actuar-de-gobierno-ante-otis-en-guerrero\/#article","isPartOf":{"@id":"https:\/\/fuentesfidedignas.com.mx\/index.php\/2023\/10\/31\/critica-el-pas-actuar-de-gobierno-ante-otis-en-guerrero\/"},"author":{"name":"Redacci\u00f3n","@id":"https:\/\/fuentesfidedignas.com.mx\/#\/schema\/person\/331be9283d37198e2acd5750279085b0"},"headline":"Critica el PAS actuar de gobierno ante &#8220;Otis&#8221; en Guerrero","datePublished":"2023-10-31T22:32:31+00:00","dateModified":"2023-10-31T22:32:32+00:00","mainEntityOfPage":{"@id":"https:\/\/fuentesfidedignas.com.mx\/index.php\/2023\/10\/31\/critica-el-pas-actuar-de-gobierno-ante-otis-en-guerrero\/"},"wordCount":520,"commentCount":0,"publisher":{"@id":"https:\/\/fuentesfidedignas.com.mx\/#organization"},"image":{"@id":"https:\/\/fuentesfidedignas.com.mx\/index.php\/2023\/10\/31\/critica-el-pas-actuar-de-gobierno-ante-otis-en-guerrero\/#primaryimage"},"thumbnailUrl":"https:\/\/fuentesfidedignas.com.mx\/wp-content\/uploads\/2023\/10\/WhatsApp-Image-2023-10-31-at-2.13.16-PM.jpeg","inLanguage":"es","potentialAction":[{"@type":"CommentAction","name":"Comment","target":["https:\/\/fuentesfidedignas.com.mx\/index.php\/2023\/10\/31\/critica-el-pas-actuar-de-gobierno-ante-otis-en-guerrero\/#respond"]}]},{"@type":"WebPage","@id":"https:\/\/fuentesfidedignas.com.mx\/index.php\/2023\/10\/31\/critica-el-pas-actuar-de-gobierno-ante-otis-en-guerrero\/","url":"https:\/\/fuentesfidedignas.com.mx\/index.php\/2023\/10\/31\/critica-el-pas-actuar-de-gobierno-ante-otis-en-guerrero\/","name":"Critica el PAS actuar de gobierno ante \"Otis\" en Guerrero - Fuentes Fidedignas","isPartOf":{"@id":"https:\/\/fuentesfidedignas.com.mx\/#website"},"primaryImageOfPage":{"@id":"https:\/\/fuentesfidedignas.com.mx\/index.php\/2023\/10\/31\/critica-el-pas-actuar-de-gobierno-ante-otis-en-guerrero\/#primaryimage"},"image":{"@id":"https:\/\/fuentesfidedignas.com.mx\/index.php\/2023\/10\/31\/critica-el-pas-actuar-de-gobierno-ante-otis-en-guerrero\/#primaryimage"},"thumbnailUrl":"https:\/\/fuentesfidedignas.com.mx\/wp-content\/uploads\/2023\/10\/WhatsApp-Image-2023-10-31-at-2.13.16-PM.jpeg","datePublished":"2023-10-31T22:32:31+00:00","dateModified":"2023-10-31T22:32:32+00:00","breadcrumb":{"@id":"https:\/\/fuentesfidedignas.com.mx\/index.php\/2023\/10\/31\/critica-el-pas-actuar-de-gobierno-ante-otis-en-guerrero\/#breadcrumb"},"inLanguage":"es","potentialAction":[{"@type":"ReadAction","target":["https:\/\/fuentesfidedignas.com.mx\/index.php\/2023\/10\/31\/critica-el-pas-actuar-de-gobierno-ante-otis-en-guerrero\/"]}]},{"@type":"ImageObject","inLanguage":"es","@id":"https:\/\/fuentesfidedignas.com.mx\/index.php\/2023\/10\/31\/critica-el-pas-actuar-de-gobierno-ante-otis-en-guerrero\/#primaryimage","url":"https:\/\/fuentesfidedignas.com.mx\/wp-content\/uploads\/2023\/10\/WhatsApp-Image-2023-10-31-at-2.13.16-PM.jpeg","contentUrl":"https:\/\/fuentesfidedignas.com.mx\/wp-content\/uploads\/2023\/10\/WhatsApp-Image-2023-10-31-at-2.13.16-PM.jpeg","width":1600,"height":1066},{"@type":"BreadcrumbList","@id":"https:\/\/fuentesfidedignas.com.mx\/index.php\/2023\/10\/31\/critica-el-pas-actuar-de-gobierno-ante-otis-en-guerrero\/#breadcrumb","itemListElement":[{"@type":"ListItem","position":1,"name":"Inicio","item":"https:\/\/fuentesfidedignas.com.mx\/"},{"@type":"ListItem","position":2,"name":"Critica el PAS actuar de gobierno ante &#8220;Otis&#8221; en Guerrero"}]},{"@type":"WebSite","@id":"https:\/\/fuentesfidedignas.com.mx\/#website","url":"https:\/\/fuentesfidedignas.com.mx\/","name":"Fuentes Fidedignas","description":"Otro sitio realizado con WordPress","publisher":{"@id":"https:\/\/fuentesfidedignas.com.mx\/#organization"},"potentialAction":[{"@type":"SearchAction","target":{"@type":"EntryPoint","urlTemplate":"https:\/\/fuentesfidedignas.com.mx\/?s={search_term_string}"},"query-input":{"@type":"PropertyValueSpecification","valueRequired":true,"valueName":"search_term_string"}}],"inLanguage":"es"},{"@type":"Organization","@id":"https:\/\/fuentesfidedignas.com.mx\/#organization","name":"Fuentes Fidedignas","url":"https:\/\/fuentesfidedignas.com.mx\/","logo":{"@type":"ImageObject","inLanguage":"es","@id":"https:\/\/fuentesfidedignas.com.mx\/#\/schema\/logo\/image\/","url":"https:\/\/fuentesfidedignas.com.mx\/wp-content\/uploads\/2021\/04\/logo-retina.png","contentUrl":"https:\/\/fuentesfidedignas.com.mx\/wp-content\/uploads\/2021\/04\/logo-retina.png","width":280,"height":51,"caption":"Fuentes Fidedignas"},"image":{"@id":"https:\/\/fuentesfidedignas.com.mx\/#\/schema\/logo\/image\/"},"sameAs":["https:\/\/www.facebook.com\/Fuentes-Fidedignas-368234489921644","https:\/\/x.com\/fidedignas"]},{"@type":"Person","@id":"https:\/\/fuentesfidedignas.com.mx\/#\/schema\/person\/331be9283d37198e2acd5750279085b0","name":"Redacci\u00f3n","image":{"@type":"ImageObject","inLanguage":"es","@id":"https:\/\/secure.gravatar.com\/avatar\/f6d8782c11d12b2d4ad3fbb6931aeab5309937a4d6cd2fc9cfaa28a6396a5aec?s=96&d=mm&r=g","url":"https:\/\/secure.gravatar.com\/avatar\/f6d8782c11d12b2d4ad3fbb6931aeab5309937a4d6cd2fc9cfaa28a6396a5aec?s=96&d=mm&r=g","contentUrl":"https:\/\/secure.gravatar.com\/avatar\/f6d8782c11d12b2d4ad3fbb6931aeab5309937a4d6cd2fc9cfaa28a6396a5aec?s=96&d=mm&r=g","caption":"Redacci\u00f3n"},"url":"https:\/\/fuentesfidedignas.com.mx\/index.php\/author\/redaccion\/"}]}},"_links":{"self":[{"href":"https:\/\/fuentesfidedignas.com.mx\/index.php\/wp-json\/wp\/v2\/posts\/64370","targetHints":{"allow":["GET"]}}],"collection":[{"href":"https:\/\/fuentesfidedignas.com.mx\/index.php\/wp-json\/wp\/v2\/posts"}],"about":[{"href":"https:\/\/fuentesfidedignas.com.mx\/index.php\/wp-json\/wp\/v2\/types\/post"}],"author":[{"embeddable":true,"href":"https:\/\/fuentesfidedignas.com.mx\/index.php\/wp-json\/wp\/v2\/users\/4"}],"replies":[{"embeddable":true,"href":"https:\/\/fuentesfidedignas.com.mx\/index.php\/wp-json\/wp\/v2\/comments?post=64370"}],"version-history":[{"count":1,"href":"https:\/\/fuentesfidedignas.com.mx\/index.php\/wp-json\/wp\/v2\/posts\/64370\/revisions"}],"predecessor-version":[{"id":64373,"href":"https:\/\/fuentesfidedignas.com.mx\/index.php\/wp-json\/wp\/v2\/posts\/64370\/revisions\/64373"}],"wp:featuredmedia":[{"embeddable":true,"href":"https:\/\/fuentesfidedignas.com.mx\/index.php\/wp-json\/wp\/v2\/media\/64372"}],"wp:attachment":[{"href":"https:\/\/fuentesfidedignas.com.mx\/index.php\/wp-json\/wp\/v2\/media?parent=64370"}],"wp:term":[{"taxonomy":"category","embeddable":true,"href":"https:\/\/fuentesfidedignas.com.mx\/index.php\/wp-json\/wp\/v2\/categories?post=64370"},{"taxonomy":"post_tag","embeddable":true,"href":"https:\/\/fuentesfidedignas.com.mx\/index.php\/wp-json\/wp\/v2\/tags?post=64370"}],"curies":[{"name":"wp","href":"https:\/\/api.w.org\/{rel}","templated":true}]}}