{"id":64354,"date":"2023-10-31T14:34:38","date_gmt":"2023-10-31T21:34:38","guid":{"rendered":"https:\/\/fuentesfidedignas.com.mx\/?p=64354"},"modified":"2023-10-31T14:35:20","modified_gmt":"2023-10-31T21:35:20","slug":"construiran-nueva-aula-y-banqueta-en-escuela-primaria-de-mochicahui-el-fuerte","status":"publish","type":"post","link":"https:\/\/fuentesfidedignas.com.mx\/index.php\/2023\/10\/31\/construiran-nueva-aula-y-banqueta-en-escuela-primaria-de-mochicahui-el-fuerte\/","title":{"rendered":"Construir\u00e1n nueva aula y banqueta en escuela primaria de Mochicahui, El Fuerte"},"content":{"rendered":"\n<p><strong><em>El alcalde Gildardo Leyva visit\u00f3 la instituci\u00f3n en la sindicatura de Mochicahui, para hacer entrega de material de limpieza y se comprometi\u00f3 con la construcci\u00f3n de un aula para alumnado de primer grado, adem\u00e1s de una banqueta por el per\u00edmetro de la escuela<\/em><\/strong><\/p>\n\n\n\n<p>El Fuerte, Sin.- El presidente municipal Gildardo Leyva Ortega acudi\u00f3 en compa\u00f1\u00eda del Jefe de Servicios Regionales de El Fuerte y Choix, Martin Palafox Cota, para hacer entrega de material de limpieza y botiqu\u00edn de primeros auxilios en siete escuelas de la sindicatura de Mochicahui, apoyo que lleg\u00f3 por parte de gobierno del estado a trav\u00e9s de SEPyC y el gobierno municipal, esto con el objetivo de ayudar en las actividades de aseo de las instituciones para el bienestar de ni\u00f1as y ni\u00f1os que ah\u00ed estudian.<\/p>\n\n\n\n<figure class=\"wp-block-image size-large\"><img decoding=\"async\" width=\"1024\" height=\"683\" src=\"https:\/\/fuentesfidedignas.com.mx\/wp-content\/uploads\/2023\/10\/WhatsApp-Image-2023-10-31-at-2.27.59-PM-1024x683.jpeg\" alt=\"\" class=\"wp-image-64355\" srcset=\"https:\/\/fuentesfidedignas.com.mx\/wp-content\/uploads\/2023\/10\/WhatsApp-Image-2023-10-31-at-2.27.59-PM-1024x683.jpeg 1024w, https:\/\/fuentesfidedignas.com.mx\/wp-content\/uploads\/2023\/10\/WhatsApp-Image-2023-10-31-at-2.27.59-PM-300x200.jpeg 300w, https:\/\/fuentesfidedignas.com.mx\/wp-content\/uploads\/2023\/10\/WhatsApp-Image-2023-10-31-at-2.27.59-PM-768x512.jpeg 768w, https:\/\/fuentesfidedignas.com.mx\/wp-content\/uploads\/2023\/10\/WhatsApp-Image-2023-10-31-at-2.27.59-PM-1536x1024.jpeg 1536w, https:\/\/fuentesfidedignas.com.mx\/wp-content\/uploads\/2023\/10\/WhatsApp-Image-2023-10-31-at-2.27.59-PM-2048x1366.jpeg 2048w, https:\/\/fuentesfidedignas.com.mx\/wp-content\/uploads\/2023\/10\/WhatsApp-Image-2023-10-31-at-2.27.59-PM-696x464.jpeg 696w, https:\/\/fuentesfidedignas.com.mx\/wp-content\/uploads\/2023\/10\/WhatsApp-Image-2023-10-31-at-2.27.59-PM-1068x712.jpeg 1068w, https:\/\/fuentesfidedignas.com.mx\/wp-content\/uploads\/2023\/10\/WhatsApp-Image-2023-10-31-at-2.27.59-PM-1920x1280.jpeg 1920w, https:\/\/fuentesfidedignas.com.mx\/wp-content\/uploads\/2023\/10\/WhatsApp-Image-2023-10-31-at-2.27.59-PM-630x420.jpeg 630w\" sizes=\"(max-width: 1024px) 100vw, 1024px\" \/><\/figure>\n\n\n\n<p>La entrega simb\u00f3lica se llev\u00f3 a cabo en la Escuela Primaria General \u00c1ngel Flores, en Mochicahui, donde el alcalde tuvo oportunidad de saludar a los peque\u00f1os estudiantes y personal docente. Aprovechando esta visita se le hizo petici\u00f3n sobre una banqueta para facilitar el acceso a la escuela, una techumbre y apoyo para un aula nueva que iba a iniciar su construcci\u00f3n con recurso de la primaria, a lo que Leyva Ortega respondi\u00f3 favorablemente.<\/p>\n\n\n\n<p>\u201cPara no hablar mucho, la banqueta no va a terminar el mes sin que no se las haga. Les quiero proponer maestras y maestros, yo no puedo construir otra techumbre porque ya tienen una aqu\u00ed, pero les propongo algo, ustedes van a tener un recurso para construir un aula, yo me comprometo a hacerles el aula con nuestro recurso y ustedes comprom\u00e9tanse a que ese dinero lo utilicen para hacer la techumbre\u201d, expres\u00f3 el alcalde.<\/p>\n\n\n\n<p>La propuesta fue bien aceptada por los presentes y agradecieron la atenci\u00f3n de las autoridades, reconociendo siempre la disponibilidad del presidente para dar soluci\u00f3n a las peticiones que se le han presentado.<\/p>\n","protected":false},"excerpt":{"rendered":"<p>El alcalde Gildardo Leyva visit\u00f3 la instituci\u00f3n en la sindicatura de Mochicahui, para hacer entrega de material de limpieza y se comprometi\u00f3 con la construcci\u00f3n de un aula para alumnado de primer grado, adem\u00e1s de una banqueta por el per\u00edmetro de la escuela El Fuerte, Sin.- El presidente municipal Gildardo Leyva Ortega acudi\u00f3 en compa\u00f1\u00eda [&hellip;]<\/p>\n","protected":false},"author":4,"featured_media":64357,"comment_status":"open","ping_status":"open","sticky":false,"template":"","format":"standard","meta":{"tdm_status":"","tdm_grid_status":"","footnotes":""},"categories":[38,1],"tags":[],"class_list":{"0":"post-64354","1":"post","2":"type-post","3":"status-publish","4":"format-standard","5":"has-post-thumbnail","7":"category-noticias-locales","8":"category-sin-categoria"},"yoast_head":"<!-- This site is optimized with the Yoast SEO plugin v27.5 - https:\/\/yoast.com\/product\/yoast-seo-wordpress\/ -->\n<title>Construir\u00e1n nueva aula y banqueta en escuela primaria de Mochicahui, El Fuerte - Fuentes Fidedignas<\/title>\n<meta name=\"robots\" content=\"index, follow, max-snippet:-1, max-image-preview:large, max-video-preview:-1\" \/>\n<link rel=\"canonical\" href=\"https:\/\/fuentesfidedignas.com.mx\/index.php\/2023\/10\/31\/construiran-nueva-aula-y-banqueta-en-escuela-primaria-de-mochicahui-el-fuerte\/\" \/>\n<meta property=\"og:locale\" content=\"es_MX\" \/>\n<meta property=\"og:type\" content=\"article\" \/>\n<meta property=\"og:title\" content=\"Construir\u00e1n nueva aula y banqueta en escuela primaria de Mochicahui, El Fuerte - Fuentes Fidedignas\" \/>\n<meta property=\"og:description\" content=\"El alcalde Gildardo Leyva visit\u00f3 la instituci\u00f3n en la sindicatura de Mochicahui, para hacer entrega de material de limpieza y se comprometi\u00f3 con la construcci\u00f3n de un aula para alumnado de primer grado, adem\u00e1s de una banqueta por el per\u00edmetro de la escuela El Fuerte, Sin.- El presidente municipal Gildardo Leyva Ortega acudi\u00f3 en compa\u00f1\u00eda [&hellip;]\" \/>\n<meta property=\"og:url\" content=\"https:\/\/fuentesfidedignas.com.mx\/index.php\/2023\/10\/31\/construiran-nueva-aula-y-banqueta-en-escuela-primaria-de-mochicahui-el-fuerte\/\" \/>\n<meta property=\"og:site_name\" content=\"Fuentes Fidedignas\" \/>\n<meta property=\"article:publisher\" content=\"https:\/\/www.facebook.com\/Fuentes-Fidedignas-368234489921644\" \/>\n<meta property=\"article:published_time\" content=\"2023-10-31T21:34:38+00:00\" \/>\n<meta property=\"article:modified_time\" content=\"2023-10-31T21:35:20+00:00\" \/>\n<meta property=\"og:image\" content=\"https:\/\/fuentesfidedignas.com.mx\/wp-content\/uploads\/2023\/10\/WhatsApp-Image-2023-10-31-at-2.28.02-PM-scaled.jpeg\" \/>\n\t<meta property=\"og:image:width\" content=\"2560\" \/>\n\t<meta property=\"og:image:height\" content=\"1707\" \/>\n\t<meta property=\"og:image:type\" content=\"image\/jpeg\" \/>\n<meta name=\"author\" content=\"Redacci\u00f3n\" \/>\n<meta name=\"twitter:card\" content=\"summary_large_image\" \/>\n<meta name=\"twitter:creator\" content=\"@fidedignas\" \/>\n<meta name=\"twitter:site\" content=\"@fidedignas\" \/>\n<meta name=\"twitter:label1\" content=\"Escrito por\" \/>\n\t<meta name=\"twitter:data1\" content=\"Redacci\u00f3n\" \/>\n\t<meta name=\"twitter:label2\" content=\"Tiempo de lectura\" \/>\n\t<meta name=\"twitter:data2\" content=\"2 minutos\" \/>\n<script type=\"application\/ld+json\" class=\"yoast-schema-graph\">{\"@context\":\"https:\\\/\\\/schema.org\",\"@graph\":[{\"@type\":\"Article\",\"@id\":\"https:\\\/\\\/fuentesfidedignas.com.mx\\\/index.php\\\/2023\\\/10\\\/31\\\/construiran-nueva-aula-y-banqueta-en-escuela-primaria-de-mochicahui-el-fuerte\\\/#article\",\"isPartOf\":{\"@id\":\"https:\\\/\\\/fuentesfidedignas.com.mx\\\/index.php\\\/2023\\\/10\\\/31\\\/construiran-nueva-aula-y-banqueta-en-escuela-primaria-de-mochicahui-el-fuerte\\\/\"},\"author\":{\"name\":\"Redacci\u00f3n\",\"@id\":\"https:\\\/\\\/fuentesfidedignas.com.mx\\\/#\\\/schema\\\/person\\\/331be9283d37198e2acd5750279085b0\"},\"headline\":\"Construir\u00e1n nueva aula y banqueta en escuela primaria de Mochicahui, El Fuerte\",\"datePublished\":\"2023-10-31T21:34:38+00:00\",\"dateModified\":\"2023-10-31T21:35:20+00:00\",\"mainEntityOfPage\":{\"@id\":\"https:\\\/\\\/fuentesfidedignas.com.mx\\\/index.php\\\/2023\\\/10\\\/31\\\/construiran-nueva-aula-y-banqueta-en-escuela-primaria-de-mochicahui-el-fuerte\\\/\"},\"wordCount\":339,\"commentCount\":0,\"publisher\":{\"@id\":\"https:\\\/\\\/fuentesfidedignas.com.mx\\\/#organization\"},\"image\":{\"@id\":\"https:\\\/\\\/fuentesfidedignas.com.mx\\\/index.php\\\/2023\\\/10\\\/31\\\/construiran-nueva-aula-y-banqueta-en-escuela-primaria-de-mochicahui-el-fuerte\\\/#primaryimage\"},\"thumbnailUrl\":\"https:\\\/\\\/fuentesfidedignas.com.mx\\\/wp-content\\\/uploads\\\/2023\\\/10\\\/WhatsApp-Image-2023-10-31-at-2.28.02-PM-scaled.jpeg\",\"articleSection\":[\"NOTICIAS LOCALES\"],\"inLanguage\":\"es\",\"potentialAction\":[{\"@type\":\"CommentAction\",\"name\":\"Comment\",\"target\":[\"https:\\\/\\\/fuentesfidedignas.com.mx\\\/index.php\\\/2023\\\/10\\\/31\\\/construiran-nueva-aula-y-banqueta-en-escuela-primaria-de-mochicahui-el-fuerte\\\/#respond\"]}]},{\"@type\":\"WebPage\",\"@id\":\"https:\\\/\\\/fuentesfidedignas.com.mx\\\/index.php\\\/2023\\\/10\\\/31\\\/construiran-nueva-aula-y-banqueta-en-escuela-primaria-de-mochicahui-el-fuerte\\\/\",\"url\":\"https:\\\/\\\/fuentesfidedignas.com.mx\\\/index.php\\\/2023\\\/10\\\/31\\\/construiran-nueva-aula-y-banqueta-en-escuela-primaria-de-mochicahui-el-fuerte\\\/\",\"name\":\"Construir\u00e1n nueva aula y banqueta en escuela primaria de Mochicahui, El Fuerte - Fuentes Fidedignas\",\"isPartOf\":{\"@id\":\"https:\\\/\\\/fuentesfidedignas.com.mx\\\/#website\"},\"primaryImageOfPage\":{\"@id\":\"https:\\\/\\\/fuentesfidedignas.com.mx\\\/index.php\\\/2023\\\/10\\\/31\\\/construiran-nueva-aula-y-banqueta-en-escuela-primaria-de-mochicahui-el-fuerte\\\/#primaryimage\"},\"image\":{\"@id\":\"https:\\\/\\\/fuentesfidedignas.com.mx\\\/index.php\\\/2023\\\/10\\\/31\\\/construiran-nueva-aula-y-banqueta-en-escuela-primaria-de-mochicahui-el-fuerte\\\/#primaryimage\"},\"thumbnailUrl\":\"https:\\\/\\\/fuentesfidedignas.com.mx\\\/wp-content\\\/uploads\\\/2023\\\/10\\\/WhatsApp-Image-2023-10-31-at-2.28.02-PM-scaled.jpeg\",\"datePublished\":\"2023-10-31T21:34:38+00:00\",\"dateModified\":\"2023-10-31T21:35:20+00:00\",\"breadcrumb\":{\"@id\":\"https:\\\/\\\/fuentesfidedignas.com.mx\\\/index.php\\\/2023\\\/10\\\/31\\\/construiran-nueva-aula-y-banqueta-en-escuela-primaria-de-mochicahui-el-fuerte\\\/#breadcrumb\"},\"inLanguage\":\"es\",\"potentialAction\":[{\"@type\":\"ReadAction\",\"target\":[\"https:\\\/\\\/fuentesfidedignas.com.mx\\\/index.php\\\/2023\\\/10\\\/31\\\/construiran-nueva-aula-y-banqueta-en-escuela-primaria-de-mochicahui-el-fuerte\\\/\"]}]},{\"@type\":\"ImageObject\",\"inLanguage\":\"es\",\"@id\":\"https:\\\/\\\/fuentesfidedignas.com.mx\\\/index.php\\\/2023\\\/10\\\/31\\\/construiran-nueva-aula-y-banqueta-en-escuela-primaria-de-mochicahui-el-fuerte\\\/#primaryimage\",\"url\":\"https:\\\/\\\/fuentesfidedignas.com.mx\\\/wp-content\\\/uploads\\\/2023\\\/10\\\/WhatsApp-Image-2023-10-31-at-2.28.02-PM-scaled.jpeg\",\"contentUrl\":\"https:\\\/\\\/fuentesfidedignas.com.mx\\\/wp-content\\\/uploads\\\/2023\\\/10\\\/WhatsApp-Image-2023-10-31-at-2.28.02-PM-scaled.jpeg\",\"width\":2560,\"height\":1707},{\"@type\":\"BreadcrumbList\",\"@id\":\"https:\\\/\\\/fuentesfidedignas.com.mx\\\/index.php\\\/2023\\\/10\\\/31\\\/construiran-nueva-aula-y-banqueta-en-escuela-primaria-de-mochicahui-el-fuerte\\\/#breadcrumb\",\"itemListElement\":[{\"@type\":\"ListItem\",\"position\":1,\"name\":\"Inicio\",\"item\":\"https:\\\/\\\/fuentesfidedignas.com.mx\\\/\"},{\"@type\":\"ListItem\",\"position\":2,\"name\":\"Construir\u00e1n nueva aula y banqueta en escuela primaria de Mochicahui, El Fuerte\"}]},{\"@type\":\"WebSite\",\"@id\":\"https:\\\/\\\/fuentesfidedignas.com.mx\\\/#website\",\"url\":\"https:\\\/\\\/fuentesfidedignas.com.mx\\\/\",\"name\":\"Fuentes Fidedignas\",\"description\":\"Otro sitio realizado con WordPress\",\"publisher\":{\"@id\":\"https:\\\/\\\/fuentesfidedignas.com.mx\\\/#organization\"},\"potentialAction\":[{\"@type\":\"SearchAction\",\"target\":{\"@type\":\"EntryPoint\",\"urlTemplate\":\"https:\\\/\\\/fuentesfidedignas.com.mx\\\/?s={search_term_string}\"},\"query-input\":{\"@type\":\"PropertyValueSpecification\",\"valueRequired\":true,\"valueName\":\"search_term_string\"}}],\"inLanguage\":\"es\"},{\"@type\":\"Organization\",\"@id\":\"https:\\\/\\\/fuentesfidedignas.com.mx\\\/#organization\",\"name\":\"Fuentes Fidedignas\",\"url\":\"https:\\\/\\\/fuentesfidedignas.com.mx\\\/\",\"logo\":{\"@type\":\"ImageObject\",\"inLanguage\":\"es\",\"@id\":\"https:\\\/\\\/fuentesfidedignas.com.mx\\\/#\\\/schema\\\/logo\\\/image\\\/\",\"url\":\"https:\\\/\\\/fuentesfidedignas.com.mx\\\/wp-content\\\/uploads\\\/2021\\\/04\\\/logo-retina.png\",\"contentUrl\":\"https:\\\/\\\/fuentesfidedignas.com.mx\\\/wp-content\\\/uploads\\\/2021\\\/04\\\/logo-retina.png\",\"width\":280,\"height\":51,\"caption\":\"Fuentes Fidedignas\"},\"image\":{\"@id\":\"https:\\\/\\\/fuentesfidedignas.com.mx\\\/#\\\/schema\\\/logo\\\/image\\\/\"},\"sameAs\":[\"https:\\\/\\\/www.facebook.com\\\/Fuentes-Fidedignas-368234489921644\",\"https:\\\/\\\/x.com\\\/fidedignas\"]},{\"@type\":\"Person\",\"@id\":\"https:\\\/\\\/fuentesfidedignas.com.mx\\\/#\\\/schema\\\/person\\\/331be9283d37198e2acd5750279085b0\",\"name\":\"Redacci\u00f3n\",\"image\":{\"@type\":\"ImageObject\",\"inLanguage\":\"es\",\"@id\":\"https:\\\/\\\/secure.gravatar.com\\\/avatar\\\/f6d8782c11d12b2d4ad3fbb6931aeab5309937a4d6cd2fc9cfaa28a6396a5aec?s=96&d=mm&r=g\",\"url\":\"https:\\\/\\\/secure.gravatar.com\\\/avatar\\\/f6d8782c11d12b2d4ad3fbb6931aeab5309937a4d6cd2fc9cfaa28a6396a5aec?s=96&d=mm&r=g\",\"contentUrl\":\"https:\\\/\\\/secure.gravatar.com\\\/avatar\\\/f6d8782c11d12b2d4ad3fbb6931aeab5309937a4d6cd2fc9cfaa28a6396a5aec?s=96&d=mm&r=g\",\"caption\":\"Redacci\u00f3n\"},\"url\":\"https:\\\/\\\/fuentesfidedignas.com.mx\\\/index.php\\\/author\\\/redaccion\\\/\"}]}<\/script>\n<!-- \/ Yoast SEO plugin. -->","yoast_head_json":{"title":"Construir\u00e1n nueva aula y banqueta en escuela primaria de Mochicahui, El Fuerte - Fuentes Fidedignas","robots":{"index":"index","follow":"follow","max-snippet":"max-snippet:-1","max-image-preview":"max-image-preview:large","max-video-preview":"max-video-preview:-1"},"canonical":"https:\/\/fuentesfidedignas.com.mx\/index.php\/2023\/10\/31\/construiran-nueva-aula-y-banqueta-en-escuela-primaria-de-mochicahui-el-fuerte\/","og_locale":"es_MX","og_type":"article","og_title":"Construir\u00e1n nueva aula y banqueta en escuela primaria de Mochicahui, El Fuerte - Fuentes Fidedignas","og_description":"El alcalde Gildardo Leyva visit\u00f3 la instituci\u00f3n en la sindicatura de Mochicahui, para hacer entrega de material de limpieza y se comprometi\u00f3 con la construcci\u00f3n de un aula para alumnado de primer grado, adem\u00e1s de una banqueta por el per\u00edmetro de la escuela El Fuerte, Sin.- El presidente municipal Gildardo Leyva Ortega acudi\u00f3 en compa\u00f1\u00eda [&hellip;]","og_url":"https:\/\/fuentesfidedignas.com.mx\/index.php\/2023\/10\/31\/construiran-nueva-aula-y-banqueta-en-escuela-primaria-de-mochicahui-el-fuerte\/","og_site_name":"Fuentes Fidedignas","article_publisher":"https:\/\/www.facebook.com\/Fuentes-Fidedignas-368234489921644","article_published_time":"2023-10-31T21:34:38+00:00","article_modified_time":"2023-10-31T21:35:20+00:00","og_image":[{"width":2560,"height":1707,"url":"https:\/\/fuentesfidedignas.com.mx\/wp-content\/uploads\/2023\/10\/WhatsApp-Image-2023-10-31-at-2.28.02-PM-scaled.jpeg","type":"image\/jpeg"}],"author":"Redacci\u00f3n","twitter_card":"summary_large_image","twitter_creator":"@fidedignas","twitter_site":"@fidedignas","twitter_misc":{"Escrito por":"Redacci\u00f3n","Tiempo de lectura":"2 minutos"},"schema":{"@context":"https:\/\/schema.org","@graph":[{"@type":"Article","@id":"https:\/\/fuentesfidedignas.com.mx\/index.php\/2023\/10\/31\/construiran-nueva-aula-y-banqueta-en-escuela-primaria-de-mochicahui-el-fuerte\/#article","isPartOf":{"@id":"https:\/\/fuentesfidedignas.com.mx\/index.php\/2023\/10\/31\/construiran-nueva-aula-y-banqueta-en-escuela-primaria-de-mochicahui-el-fuerte\/"},"author":{"name":"Redacci\u00f3n","@id":"https:\/\/fuentesfidedignas.com.mx\/#\/schema\/person\/331be9283d37198e2acd5750279085b0"},"headline":"Construir\u00e1n nueva aula y banqueta en escuela primaria de Mochicahui, El Fuerte","datePublished":"2023-10-31T21:34:38+00:00","dateModified":"2023-10-31T21:35:20+00:00","mainEntityOfPage":{"@id":"https:\/\/fuentesfidedignas.com.mx\/index.php\/2023\/10\/31\/construiran-nueva-aula-y-banqueta-en-escuela-primaria-de-mochicahui-el-fuerte\/"},"wordCount":339,"commentCount":0,"publisher":{"@id":"https:\/\/fuentesfidedignas.com.mx\/#organization"},"image":{"@id":"https:\/\/fuentesfidedignas.com.mx\/index.php\/2023\/10\/31\/construiran-nueva-aula-y-banqueta-en-escuela-primaria-de-mochicahui-el-fuerte\/#primaryimage"},"thumbnailUrl":"https:\/\/fuentesfidedignas.com.mx\/wp-content\/uploads\/2023\/10\/WhatsApp-Image-2023-10-31-at-2.28.02-PM-scaled.jpeg","articleSection":["NOTICIAS LOCALES"],"inLanguage":"es","potentialAction":[{"@type":"CommentAction","name":"Comment","target":["https:\/\/fuentesfidedignas.com.mx\/index.php\/2023\/10\/31\/construiran-nueva-aula-y-banqueta-en-escuela-primaria-de-mochicahui-el-fuerte\/#respond"]}]},{"@type":"WebPage","@id":"https:\/\/fuentesfidedignas.com.mx\/index.php\/2023\/10\/31\/construiran-nueva-aula-y-banqueta-en-escuela-primaria-de-mochicahui-el-fuerte\/","url":"https:\/\/fuentesfidedignas.com.mx\/index.php\/2023\/10\/31\/construiran-nueva-aula-y-banqueta-en-escuela-primaria-de-mochicahui-el-fuerte\/","name":"Construir\u00e1n nueva aula y banqueta en escuela primaria de Mochicahui, El Fuerte - Fuentes Fidedignas","isPartOf":{"@id":"https:\/\/fuentesfidedignas.com.mx\/#website"},"primaryImageOfPage":{"@id":"https:\/\/fuentesfidedignas.com.mx\/index.php\/2023\/10\/31\/construiran-nueva-aula-y-banqueta-en-escuela-primaria-de-mochicahui-el-fuerte\/#primaryimage"},"image":{"@id":"https:\/\/fuentesfidedignas.com.mx\/index.php\/2023\/10\/31\/construiran-nueva-aula-y-banqueta-en-escuela-primaria-de-mochicahui-el-fuerte\/#primaryimage"},"thumbnailUrl":"https:\/\/fuentesfidedignas.com.mx\/wp-content\/uploads\/2023\/10\/WhatsApp-Image-2023-10-31-at-2.28.02-PM-scaled.jpeg","datePublished":"2023-10-31T21:34:38+00:00","dateModified":"2023-10-31T21:35:20+00:00","breadcrumb":{"@id":"https:\/\/fuentesfidedignas.com.mx\/index.php\/2023\/10\/31\/construiran-nueva-aula-y-banqueta-en-escuela-primaria-de-mochicahui-el-fuerte\/#breadcrumb"},"inLanguage":"es","potentialAction":[{"@type":"ReadAction","target":["https:\/\/fuentesfidedignas.com.mx\/index.php\/2023\/10\/31\/construiran-nueva-aula-y-banqueta-en-escuela-primaria-de-mochicahui-el-fuerte\/"]}]},{"@type":"ImageObject","inLanguage":"es","@id":"https:\/\/fuentesfidedignas.com.mx\/index.php\/2023\/10\/31\/construiran-nueva-aula-y-banqueta-en-escuela-primaria-de-mochicahui-el-fuerte\/#primaryimage","url":"https:\/\/fuentesfidedignas.com.mx\/wp-content\/uploads\/2023\/10\/WhatsApp-Image-2023-10-31-at-2.28.02-PM-scaled.jpeg","contentUrl":"https:\/\/fuentesfidedignas.com.mx\/wp-content\/uploads\/2023\/10\/WhatsApp-Image-2023-10-31-at-2.28.02-PM-scaled.jpeg","width":2560,"height":1707},{"@type":"BreadcrumbList","@id":"https:\/\/fuentesfidedignas.com.mx\/index.php\/2023\/10\/31\/construiran-nueva-aula-y-banqueta-en-escuela-primaria-de-mochicahui-el-fuerte\/#breadcrumb","itemListElement":[{"@type":"ListItem","position":1,"name":"Inicio","item":"https:\/\/fuentesfidedignas.com.mx\/"},{"@type":"ListItem","position":2,"name":"Construir\u00e1n nueva aula y banqueta en escuela primaria de Mochicahui, El Fuerte"}]},{"@type":"WebSite","@id":"https:\/\/fuentesfidedignas.com.mx\/#website","url":"https:\/\/fuentesfidedignas.com.mx\/","name":"Fuentes Fidedignas","description":"Otro sitio realizado con WordPress","publisher":{"@id":"https:\/\/fuentesfidedignas.com.mx\/#organization"},"potentialAction":[{"@type":"SearchAction","target":{"@type":"EntryPoint","urlTemplate":"https:\/\/fuentesfidedignas.com.mx\/?s={search_term_string}"},"query-input":{"@type":"PropertyValueSpecification","valueRequired":true,"valueName":"search_term_string"}}],"inLanguage":"es"},{"@type":"Organization","@id":"https:\/\/fuentesfidedignas.com.mx\/#organization","name":"Fuentes Fidedignas","url":"https:\/\/fuentesfidedignas.com.mx\/","logo":{"@type":"ImageObject","inLanguage":"es","@id":"https:\/\/fuentesfidedignas.com.mx\/#\/schema\/logo\/image\/","url":"https:\/\/fuentesfidedignas.com.mx\/wp-content\/uploads\/2021\/04\/logo-retina.png","contentUrl":"https:\/\/fuentesfidedignas.com.mx\/wp-content\/uploads\/2021\/04\/logo-retina.png","width":280,"height":51,"caption":"Fuentes Fidedignas"},"image":{"@id":"https:\/\/fuentesfidedignas.com.mx\/#\/schema\/logo\/image\/"},"sameAs":["https:\/\/www.facebook.com\/Fuentes-Fidedignas-368234489921644","https:\/\/x.com\/fidedignas"]},{"@type":"Person","@id":"https:\/\/fuentesfidedignas.com.mx\/#\/schema\/person\/331be9283d37198e2acd5750279085b0","name":"Redacci\u00f3n","image":{"@type":"ImageObject","inLanguage":"es","@id":"https:\/\/secure.gravatar.com\/avatar\/f6d8782c11d12b2d4ad3fbb6931aeab5309937a4d6cd2fc9cfaa28a6396a5aec?s=96&d=mm&r=g","url":"https:\/\/secure.gravatar.com\/avatar\/f6d8782c11d12b2d4ad3fbb6931aeab5309937a4d6cd2fc9cfaa28a6396a5aec?s=96&d=mm&r=g","contentUrl":"https:\/\/secure.gravatar.com\/avatar\/f6d8782c11d12b2d4ad3fbb6931aeab5309937a4d6cd2fc9cfaa28a6396a5aec?s=96&d=mm&r=g","caption":"Redacci\u00f3n"},"url":"https:\/\/fuentesfidedignas.com.mx\/index.php\/author\/redaccion\/"}]}},"_links":{"self":[{"href":"https:\/\/fuentesfidedignas.com.mx\/index.php\/wp-json\/wp\/v2\/posts\/64354","targetHints":{"allow":["GET"]}}],"collection":[{"href":"https:\/\/fuentesfidedignas.com.mx\/index.php\/wp-json\/wp\/v2\/posts"}],"about":[{"href":"https:\/\/fuentesfidedignas.com.mx\/index.php\/wp-json\/wp\/v2\/types\/post"}],"author":[{"embeddable":true,"href":"https:\/\/fuentesfidedignas.com.mx\/index.php\/wp-json\/wp\/v2\/users\/4"}],"replies":[{"embeddable":true,"href":"https:\/\/fuentesfidedignas.com.mx\/index.php\/wp-json\/wp\/v2\/comments?post=64354"}],"version-history":[{"count":2,"href":"https:\/\/fuentesfidedignas.com.mx\/index.php\/wp-json\/wp\/v2\/posts\/64354\/revisions"}],"predecessor-version":[{"id":64360,"href":"https:\/\/fuentesfidedignas.com.mx\/index.php\/wp-json\/wp\/v2\/posts\/64354\/revisions\/64360"}],"wp:featuredmedia":[{"embeddable":true,"href":"https:\/\/fuentesfidedignas.com.mx\/index.php\/wp-json\/wp\/v2\/media\/64357"}],"wp:attachment":[{"href":"https:\/\/fuentesfidedignas.com.mx\/index.php\/wp-json\/wp\/v2\/media?parent=64354"}],"wp:term":[{"taxonomy":"category","embeddable":true,"href":"https:\/\/fuentesfidedignas.com.mx\/index.php\/wp-json\/wp\/v2\/categories?post=64354"},{"taxonomy":"post_tag","embeddable":true,"href":"https:\/\/fuentesfidedignas.com.mx\/index.php\/wp-json\/wp\/v2\/tags?post=64354"}],"curies":[{"name":"wp","href":"https:\/\/api.w.org\/{rel}","templated":true}]}}