{"id":64231,"date":"2023-10-30T17:56:43","date_gmt":"2023-10-31T00:56:43","guid":{"rendered":"https:\/\/fuentesfidedignas.com.mx\/?p=64231"},"modified":"2023-10-30T17:56:58","modified_gmt":"2023-10-31T00:56:58","slug":"toma-protesta-gladys-obeso-como-presidenta-del-pri-mx-sinaloa","status":"publish","type":"post","link":"https:\/\/fuentesfidedignas.com.mx\/index.php\/2023\/10\/30\/toma-protesta-gladys-obeso-como-presidenta-del-pri-mx-sinaloa\/","title":{"rendered":"Toma protesta Gladys Obeso como presidenta del PRI MX Sinaloa"},"content":{"rendered":"\n<p><strong><em>Necesitamos estar unidos y trabajar en equipo como partido: Paola Garate.<\/em><\/strong><\/p>\n\n\n\n<p>Culiac\u00e1n, Sin. &#8211; \u201cNecesitamos estar unidos y trabajar en equipo como partido para poder generar los resultados que son indispensables para el pr\u00f3ximo proceso electoral\u201d, dijo Paola G\u00e1rate, presidenta del PRI en Sinaloa en la toma de protesta de la nueva presidenta del PRI MX en Sinaloa, Gladys Lourdes Obeso.<\/p>\n\n\n\n<p>Ante la diputada federal Paloma S\u00e1nchez y Bernardito Antelo, secretario general del PRI, reiter\u00f3 tambi\u00e9n que el objetivo esta claro, y es muy importante trazar la ruta para recuperar los espacios y se consoliden, tras se\u00f1alar que es importante caminar juntos, a paso firme.<\/p>\n\n\n\n<p>Al tomarle protesta, la diputada federal y tambi\u00e9n presidenta del PRI.Mx a nivel nacional, resalt\u00f3 la importancia que, como partido, debemos tener al permanecer vinculados a la difusi\u00f3n de redes sociales, as\u00ed como de promover la participaci\u00f3n social mediante el uso de las nuevas tecnolog\u00edas de la informaci\u00f3n.<\/p>\n\n\n\n<p>\u201cEstoy segura que nuestra amiga Gladys va a desempe\u00f1ar un excelente trabajo porque conozco su compromiso y necesitamos tener un v\u00ednculo del partido con la sociedad, transmitiendo mensajes que difundan nuestra oferta pol\u00edtica y las propuestas de los candidatos\u201d, dijo.<\/p>\n\n\n\n<p>Por su parte, Gladys Obeso expres\u00f3 su agradecimiento por la oportunidad y se comprometi\u00f3 a trabajar fuerte para desarrollar contenidos conforme a la agenda partidista para ser difundidos en redes sociales.<\/p>\n\n\n\n<p>Gladys Obeso ha desarrollado una trayectoria pol\u00edtica desde la vertiente ciudadana, que ha sido respaldada de manera convergente por diversas fuerzas pol\u00edticas; su integraci\u00f3n a nuestro Partido y a las tareas institucionales se produce en un momento en que el PRI se abre a la sociedad civil, en cuyas tareas de vinculaci\u00f3n con sus instituciones y de posicionamiento en redes sociales Gladys habr\u00e1 de desempe\u00f1ar un papel fundamental.<\/p>\n","protected":false},"excerpt":{"rendered":"<p>Necesitamos estar unidos y trabajar en equipo como partido: Paola Garate. Culiac\u00e1n, Sin. &#8211; \u201cNecesitamos estar unidos y trabajar en equipo como partido para poder generar los resultados que son indispensables para el pr\u00f3ximo proceso electoral\u201d, dijo Paola G\u00e1rate, presidenta del PRI en Sinaloa en la toma de protesta de la nueva presidenta del PRI [&hellip;]<\/p>\n","protected":false},"author":4,"featured_media":64232,"comment_status":"open","ping_status":"open","sticky":false,"template":"","format":"standard","meta":{"tdm_status":"","tdm_grid_status":"","footnotes":""},"categories":[1],"tags":[],"class_list":{"0":"post-64231","1":"post","2":"type-post","3":"status-publish","4":"format-standard","5":"has-post-thumbnail","7":"category-sin-categoria"},"yoast_head":"<!-- This site is optimized with the Yoast SEO plugin v27.5 - https:\/\/yoast.com\/product\/yoast-seo-wordpress\/ -->\n<title>Toma protesta Gladys Obeso como presidenta del PRI MX Sinaloa - Fuentes Fidedignas<\/title>\n<meta name=\"robots\" content=\"index, follow, max-snippet:-1, max-image-preview:large, max-video-preview:-1\" \/>\n<link rel=\"canonical\" href=\"https:\/\/fuentesfidedignas.com.mx\/index.php\/2023\/10\/30\/toma-protesta-gladys-obeso-como-presidenta-del-pri-mx-sinaloa\/\" \/>\n<meta property=\"og:locale\" content=\"es_MX\" \/>\n<meta property=\"og:type\" content=\"article\" \/>\n<meta property=\"og:title\" content=\"Toma protesta Gladys Obeso como presidenta del PRI MX Sinaloa - Fuentes Fidedignas\" \/>\n<meta property=\"og:description\" content=\"Necesitamos estar unidos y trabajar en equipo como partido: Paola Garate. Culiac\u00e1n, Sin. &#8211; \u201cNecesitamos estar unidos y trabajar en equipo como partido para poder generar los resultados que son indispensables para el pr\u00f3ximo proceso electoral\u201d, dijo Paola G\u00e1rate, presidenta del PRI en Sinaloa en la toma de protesta de la nueva presidenta del PRI [&hellip;]\" \/>\n<meta property=\"og:url\" content=\"https:\/\/fuentesfidedignas.com.mx\/index.php\/2023\/10\/30\/toma-protesta-gladys-obeso-como-presidenta-del-pri-mx-sinaloa\/\" \/>\n<meta property=\"og:site_name\" content=\"Fuentes Fidedignas\" \/>\n<meta property=\"article:publisher\" content=\"https:\/\/www.facebook.com\/Fuentes-Fidedignas-368234489921644\" \/>\n<meta property=\"article:published_time\" content=\"2023-10-31T00:56:43+00:00\" \/>\n<meta property=\"article:modified_time\" content=\"2023-10-31T00:56:58+00:00\" \/>\n<meta property=\"og:image\" content=\"https:\/\/fuentesfidedignas.com.mx\/wp-content\/uploads\/2023\/10\/1-13.jpg\" \/>\n\t<meta property=\"og:image:width\" content=\"1080\" \/>\n\t<meta property=\"og:image:height\" content=\"737\" \/>\n\t<meta property=\"og:image:type\" content=\"image\/jpeg\" \/>\n<meta name=\"author\" content=\"Redacci\u00f3n\" \/>\n<meta name=\"twitter:card\" content=\"summary_large_image\" \/>\n<meta name=\"twitter:creator\" content=\"@fidedignas\" \/>\n<meta name=\"twitter:site\" content=\"@fidedignas\" \/>\n<meta name=\"twitter:label1\" content=\"Escrito por\" \/>\n\t<meta name=\"twitter:data1\" content=\"Redacci\u00f3n\" \/>\n\t<meta name=\"twitter:label2\" content=\"Tiempo de lectura\" \/>\n\t<meta name=\"twitter:data2\" content=\"2 minutos\" \/>\n<script type=\"application\/ld+json\" class=\"yoast-schema-graph\">{\"@context\":\"https:\\\/\\\/schema.org\",\"@graph\":[{\"@type\":\"Article\",\"@id\":\"https:\\\/\\\/fuentesfidedignas.com.mx\\\/index.php\\\/2023\\\/10\\\/30\\\/toma-protesta-gladys-obeso-como-presidenta-del-pri-mx-sinaloa\\\/#article\",\"isPartOf\":{\"@id\":\"https:\\\/\\\/fuentesfidedignas.com.mx\\\/index.php\\\/2023\\\/10\\\/30\\\/toma-protesta-gladys-obeso-como-presidenta-del-pri-mx-sinaloa\\\/\"},\"author\":{\"name\":\"Redacci\u00f3n\",\"@id\":\"https:\\\/\\\/fuentesfidedignas.com.mx\\\/#\\\/schema\\\/person\\\/331be9283d37198e2acd5750279085b0\"},\"headline\":\"Toma protesta Gladys Obeso como presidenta del PRI MX Sinaloa\",\"datePublished\":\"2023-10-31T00:56:43+00:00\",\"dateModified\":\"2023-10-31T00:56:58+00:00\",\"mainEntityOfPage\":{\"@id\":\"https:\\\/\\\/fuentesfidedignas.com.mx\\\/index.php\\\/2023\\\/10\\\/30\\\/toma-protesta-gladys-obeso-como-presidenta-del-pri-mx-sinaloa\\\/\"},\"wordCount\":322,\"commentCount\":0,\"publisher\":{\"@id\":\"https:\\\/\\\/fuentesfidedignas.com.mx\\\/#organization\"},\"image\":{\"@id\":\"https:\\\/\\\/fuentesfidedignas.com.mx\\\/index.php\\\/2023\\\/10\\\/30\\\/toma-protesta-gladys-obeso-como-presidenta-del-pri-mx-sinaloa\\\/#primaryimage\"},\"thumbnailUrl\":\"https:\\\/\\\/fuentesfidedignas.com.mx\\\/wp-content\\\/uploads\\\/2023\\\/10\\\/1-13.jpg\",\"inLanguage\":\"es\",\"potentialAction\":[{\"@type\":\"CommentAction\",\"name\":\"Comment\",\"target\":[\"https:\\\/\\\/fuentesfidedignas.com.mx\\\/index.php\\\/2023\\\/10\\\/30\\\/toma-protesta-gladys-obeso-como-presidenta-del-pri-mx-sinaloa\\\/#respond\"]}]},{\"@type\":\"WebPage\",\"@id\":\"https:\\\/\\\/fuentesfidedignas.com.mx\\\/index.php\\\/2023\\\/10\\\/30\\\/toma-protesta-gladys-obeso-como-presidenta-del-pri-mx-sinaloa\\\/\",\"url\":\"https:\\\/\\\/fuentesfidedignas.com.mx\\\/index.php\\\/2023\\\/10\\\/30\\\/toma-protesta-gladys-obeso-como-presidenta-del-pri-mx-sinaloa\\\/\",\"name\":\"Toma protesta Gladys Obeso como presidenta del PRI MX Sinaloa - Fuentes Fidedignas\",\"isPartOf\":{\"@id\":\"https:\\\/\\\/fuentesfidedignas.com.mx\\\/#website\"},\"primaryImageOfPage\":{\"@id\":\"https:\\\/\\\/fuentesfidedignas.com.mx\\\/index.php\\\/2023\\\/10\\\/30\\\/toma-protesta-gladys-obeso-como-presidenta-del-pri-mx-sinaloa\\\/#primaryimage\"},\"image\":{\"@id\":\"https:\\\/\\\/fuentesfidedignas.com.mx\\\/index.php\\\/2023\\\/10\\\/30\\\/toma-protesta-gladys-obeso-como-presidenta-del-pri-mx-sinaloa\\\/#primaryimage\"},\"thumbnailUrl\":\"https:\\\/\\\/fuentesfidedignas.com.mx\\\/wp-content\\\/uploads\\\/2023\\\/10\\\/1-13.jpg\",\"datePublished\":\"2023-10-31T00:56:43+00:00\",\"dateModified\":\"2023-10-31T00:56:58+00:00\",\"breadcrumb\":{\"@id\":\"https:\\\/\\\/fuentesfidedignas.com.mx\\\/index.php\\\/2023\\\/10\\\/30\\\/toma-protesta-gladys-obeso-como-presidenta-del-pri-mx-sinaloa\\\/#breadcrumb\"},\"inLanguage\":\"es\",\"potentialAction\":[{\"@type\":\"ReadAction\",\"target\":[\"https:\\\/\\\/fuentesfidedignas.com.mx\\\/index.php\\\/2023\\\/10\\\/30\\\/toma-protesta-gladys-obeso-como-presidenta-del-pri-mx-sinaloa\\\/\"]}]},{\"@type\":\"ImageObject\",\"inLanguage\":\"es\",\"@id\":\"https:\\\/\\\/fuentesfidedignas.com.mx\\\/index.php\\\/2023\\\/10\\\/30\\\/toma-protesta-gladys-obeso-como-presidenta-del-pri-mx-sinaloa\\\/#primaryimage\",\"url\":\"https:\\\/\\\/fuentesfidedignas.com.mx\\\/wp-content\\\/uploads\\\/2023\\\/10\\\/1-13.jpg\",\"contentUrl\":\"https:\\\/\\\/fuentesfidedignas.com.mx\\\/wp-content\\\/uploads\\\/2023\\\/10\\\/1-13.jpg\",\"width\":1080,\"height\":737},{\"@type\":\"BreadcrumbList\",\"@id\":\"https:\\\/\\\/fuentesfidedignas.com.mx\\\/index.php\\\/2023\\\/10\\\/30\\\/toma-protesta-gladys-obeso-como-presidenta-del-pri-mx-sinaloa\\\/#breadcrumb\",\"itemListElement\":[{\"@type\":\"ListItem\",\"position\":1,\"name\":\"Inicio\",\"item\":\"https:\\\/\\\/fuentesfidedignas.com.mx\\\/\"},{\"@type\":\"ListItem\",\"position\":2,\"name\":\"Toma protesta Gladys Obeso como presidenta del PRI MX Sinaloa\"}]},{\"@type\":\"WebSite\",\"@id\":\"https:\\\/\\\/fuentesfidedignas.com.mx\\\/#website\",\"url\":\"https:\\\/\\\/fuentesfidedignas.com.mx\\\/\",\"name\":\"Fuentes Fidedignas\",\"description\":\"Otro sitio realizado con WordPress\",\"publisher\":{\"@id\":\"https:\\\/\\\/fuentesfidedignas.com.mx\\\/#organization\"},\"potentialAction\":[{\"@type\":\"SearchAction\",\"target\":{\"@type\":\"EntryPoint\",\"urlTemplate\":\"https:\\\/\\\/fuentesfidedignas.com.mx\\\/?s={search_term_string}\"},\"query-input\":{\"@type\":\"PropertyValueSpecification\",\"valueRequired\":true,\"valueName\":\"search_term_string\"}}],\"inLanguage\":\"es\"},{\"@type\":\"Organization\",\"@id\":\"https:\\\/\\\/fuentesfidedignas.com.mx\\\/#organization\",\"name\":\"Fuentes Fidedignas\",\"url\":\"https:\\\/\\\/fuentesfidedignas.com.mx\\\/\",\"logo\":{\"@type\":\"ImageObject\",\"inLanguage\":\"es\",\"@id\":\"https:\\\/\\\/fuentesfidedignas.com.mx\\\/#\\\/schema\\\/logo\\\/image\\\/\",\"url\":\"https:\\\/\\\/fuentesfidedignas.com.mx\\\/wp-content\\\/uploads\\\/2021\\\/04\\\/logo-retina.png\",\"contentUrl\":\"https:\\\/\\\/fuentesfidedignas.com.mx\\\/wp-content\\\/uploads\\\/2021\\\/04\\\/logo-retina.png\",\"width\":280,\"height\":51,\"caption\":\"Fuentes Fidedignas\"},\"image\":{\"@id\":\"https:\\\/\\\/fuentesfidedignas.com.mx\\\/#\\\/schema\\\/logo\\\/image\\\/\"},\"sameAs\":[\"https:\\\/\\\/www.facebook.com\\\/Fuentes-Fidedignas-368234489921644\",\"https:\\\/\\\/x.com\\\/fidedignas\"]},{\"@type\":\"Person\",\"@id\":\"https:\\\/\\\/fuentesfidedignas.com.mx\\\/#\\\/schema\\\/person\\\/331be9283d37198e2acd5750279085b0\",\"name\":\"Redacci\u00f3n\",\"image\":{\"@type\":\"ImageObject\",\"inLanguage\":\"es\",\"@id\":\"https:\\\/\\\/secure.gravatar.com\\\/avatar\\\/f6d8782c11d12b2d4ad3fbb6931aeab5309937a4d6cd2fc9cfaa28a6396a5aec?s=96&d=mm&r=g\",\"url\":\"https:\\\/\\\/secure.gravatar.com\\\/avatar\\\/f6d8782c11d12b2d4ad3fbb6931aeab5309937a4d6cd2fc9cfaa28a6396a5aec?s=96&d=mm&r=g\",\"contentUrl\":\"https:\\\/\\\/secure.gravatar.com\\\/avatar\\\/f6d8782c11d12b2d4ad3fbb6931aeab5309937a4d6cd2fc9cfaa28a6396a5aec?s=96&d=mm&r=g\",\"caption\":\"Redacci\u00f3n\"},\"url\":\"https:\\\/\\\/fuentesfidedignas.com.mx\\\/index.php\\\/author\\\/redaccion\\\/\"}]}<\/script>\n<!-- \/ Yoast SEO plugin. -->","yoast_head_json":{"title":"Toma protesta Gladys Obeso como presidenta del PRI MX Sinaloa - Fuentes Fidedignas","robots":{"index":"index","follow":"follow","max-snippet":"max-snippet:-1","max-image-preview":"max-image-preview:large","max-video-preview":"max-video-preview:-1"},"canonical":"https:\/\/fuentesfidedignas.com.mx\/index.php\/2023\/10\/30\/toma-protesta-gladys-obeso-como-presidenta-del-pri-mx-sinaloa\/","og_locale":"es_MX","og_type":"article","og_title":"Toma protesta Gladys Obeso como presidenta del PRI MX Sinaloa - Fuentes Fidedignas","og_description":"Necesitamos estar unidos y trabajar en equipo como partido: Paola Garate. Culiac\u00e1n, Sin. &#8211; \u201cNecesitamos estar unidos y trabajar en equipo como partido para poder generar los resultados que son indispensables para el pr\u00f3ximo proceso electoral\u201d, dijo Paola G\u00e1rate, presidenta del PRI en Sinaloa en la toma de protesta de la nueva presidenta del PRI [&hellip;]","og_url":"https:\/\/fuentesfidedignas.com.mx\/index.php\/2023\/10\/30\/toma-protesta-gladys-obeso-como-presidenta-del-pri-mx-sinaloa\/","og_site_name":"Fuentes Fidedignas","article_publisher":"https:\/\/www.facebook.com\/Fuentes-Fidedignas-368234489921644","article_published_time":"2023-10-31T00:56:43+00:00","article_modified_time":"2023-10-31T00:56:58+00:00","og_image":[{"width":1080,"height":737,"url":"https:\/\/fuentesfidedignas.com.mx\/wp-content\/uploads\/2023\/10\/1-13.jpg","type":"image\/jpeg"}],"author":"Redacci\u00f3n","twitter_card":"summary_large_image","twitter_creator":"@fidedignas","twitter_site":"@fidedignas","twitter_misc":{"Escrito por":"Redacci\u00f3n","Tiempo de lectura":"2 minutos"},"schema":{"@context":"https:\/\/schema.org","@graph":[{"@type":"Article","@id":"https:\/\/fuentesfidedignas.com.mx\/index.php\/2023\/10\/30\/toma-protesta-gladys-obeso-como-presidenta-del-pri-mx-sinaloa\/#article","isPartOf":{"@id":"https:\/\/fuentesfidedignas.com.mx\/index.php\/2023\/10\/30\/toma-protesta-gladys-obeso-como-presidenta-del-pri-mx-sinaloa\/"},"author":{"name":"Redacci\u00f3n","@id":"https:\/\/fuentesfidedignas.com.mx\/#\/schema\/person\/331be9283d37198e2acd5750279085b0"},"headline":"Toma protesta Gladys Obeso como presidenta del PRI MX Sinaloa","datePublished":"2023-10-31T00:56:43+00:00","dateModified":"2023-10-31T00:56:58+00:00","mainEntityOfPage":{"@id":"https:\/\/fuentesfidedignas.com.mx\/index.php\/2023\/10\/30\/toma-protesta-gladys-obeso-como-presidenta-del-pri-mx-sinaloa\/"},"wordCount":322,"commentCount":0,"publisher":{"@id":"https:\/\/fuentesfidedignas.com.mx\/#organization"},"image":{"@id":"https:\/\/fuentesfidedignas.com.mx\/index.php\/2023\/10\/30\/toma-protesta-gladys-obeso-como-presidenta-del-pri-mx-sinaloa\/#primaryimage"},"thumbnailUrl":"https:\/\/fuentesfidedignas.com.mx\/wp-content\/uploads\/2023\/10\/1-13.jpg","inLanguage":"es","potentialAction":[{"@type":"CommentAction","name":"Comment","target":["https:\/\/fuentesfidedignas.com.mx\/index.php\/2023\/10\/30\/toma-protesta-gladys-obeso-como-presidenta-del-pri-mx-sinaloa\/#respond"]}]},{"@type":"WebPage","@id":"https:\/\/fuentesfidedignas.com.mx\/index.php\/2023\/10\/30\/toma-protesta-gladys-obeso-como-presidenta-del-pri-mx-sinaloa\/","url":"https:\/\/fuentesfidedignas.com.mx\/index.php\/2023\/10\/30\/toma-protesta-gladys-obeso-como-presidenta-del-pri-mx-sinaloa\/","name":"Toma protesta Gladys Obeso como presidenta del PRI MX Sinaloa - Fuentes Fidedignas","isPartOf":{"@id":"https:\/\/fuentesfidedignas.com.mx\/#website"},"primaryImageOfPage":{"@id":"https:\/\/fuentesfidedignas.com.mx\/index.php\/2023\/10\/30\/toma-protesta-gladys-obeso-como-presidenta-del-pri-mx-sinaloa\/#primaryimage"},"image":{"@id":"https:\/\/fuentesfidedignas.com.mx\/index.php\/2023\/10\/30\/toma-protesta-gladys-obeso-como-presidenta-del-pri-mx-sinaloa\/#primaryimage"},"thumbnailUrl":"https:\/\/fuentesfidedignas.com.mx\/wp-content\/uploads\/2023\/10\/1-13.jpg","datePublished":"2023-10-31T00:56:43+00:00","dateModified":"2023-10-31T00:56:58+00:00","breadcrumb":{"@id":"https:\/\/fuentesfidedignas.com.mx\/index.php\/2023\/10\/30\/toma-protesta-gladys-obeso-como-presidenta-del-pri-mx-sinaloa\/#breadcrumb"},"inLanguage":"es","potentialAction":[{"@type":"ReadAction","target":["https:\/\/fuentesfidedignas.com.mx\/index.php\/2023\/10\/30\/toma-protesta-gladys-obeso-como-presidenta-del-pri-mx-sinaloa\/"]}]},{"@type":"ImageObject","inLanguage":"es","@id":"https:\/\/fuentesfidedignas.com.mx\/index.php\/2023\/10\/30\/toma-protesta-gladys-obeso-como-presidenta-del-pri-mx-sinaloa\/#primaryimage","url":"https:\/\/fuentesfidedignas.com.mx\/wp-content\/uploads\/2023\/10\/1-13.jpg","contentUrl":"https:\/\/fuentesfidedignas.com.mx\/wp-content\/uploads\/2023\/10\/1-13.jpg","width":1080,"height":737},{"@type":"BreadcrumbList","@id":"https:\/\/fuentesfidedignas.com.mx\/index.php\/2023\/10\/30\/toma-protesta-gladys-obeso-como-presidenta-del-pri-mx-sinaloa\/#breadcrumb","itemListElement":[{"@type":"ListItem","position":1,"name":"Inicio","item":"https:\/\/fuentesfidedignas.com.mx\/"},{"@type":"ListItem","position":2,"name":"Toma protesta Gladys Obeso como presidenta del PRI MX Sinaloa"}]},{"@type":"WebSite","@id":"https:\/\/fuentesfidedignas.com.mx\/#website","url":"https:\/\/fuentesfidedignas.com.mx\/","name":"Fuentes Fidedignas","description":"Otro sitio realizado con WordPress","publisher":{"@id":"https:\/\/fuentesfidedignas.com.mx\/#organization"},"potentialAction":[{"@type":"SearchAction","target":{"@type":"EntryPoint","urlTemplate":"https:\/\/fuentesfidedignas.com.mx\/?s={search_term_string}"},"query-input":{"@type":"PropertyValueSpecification","valueRequired":true,"valueName":"search_term_string"}}],"inLanguage":"es"},{"@type":"Organization","@id":"https:\/\/fuentesfidedignas.com.mx\/#organization","name":"Fuentes Fidedignas","url":"https:\/\/fuentesfidedignas.com.mx\/","logo":{"@type":"ImageObject","inLanguage":"es","@id":"https:\/\/fuentesfidedignas.com.mx\/#\/schema\/logo\/image\/","url":"https:\/\/fuentesfidedignas.com.mx\/wp-content\/uploads\/2021\/04\/logo-retina.png","contentUrl":"https:\/\/fuentesfidedignas.com.mx\/wp-content\/uploads\/2021\/04\/logo-retina.png","width":280,"height":51,"caption":"Fuentes Fidedignas"},"image":{"@id":"https:\/\/fuentesfidedignas.com.mx\/#\/schema\/logo\/image\/"},"sameAs":["https:\/\/www.facebook.com\/Fuentes-Fidedignas-368234489921644","https:\/\/x.com\/fidedignas"]},{"@type":"Person","@id":"https:\/\/fuentesfidedignas.com.mx\/#\/schema\/person\/331be9283d37198e2acd5750279085b0","name":"Redacci\u00f3n","image":{"@type":"ImageObject","inLanguage":"es","@id":"https:\/\/secure.gravatar.com\/avatar\/f6d8782c11d12b2d4ad3fbb6931aeab5309937a4d6cd2fc9cfaa28a6396a5aec?s=96&d=mm&r=g","url":"https:\/\/secure.gravatar.com\/avatar\/f6d8782c11d12b2d4ad3fbb6931aeab5309937a4d6cd2fc9cfaa28a6396a5aec?s=96&d=mm&r=g","contentUrl":"https:\/\/secure.gravatar.com\/avatar\/f6d8782c11d12b2d4ad3fbb6931aeab5309937a4d6cd2fc9cfaa28a6396a5aec?s=96&d=mm&r=g","caption":"Redacci\u00f3n"},"url":"https:\/\/fuentesfidedignas.com.mx\/index.php\/author\/redaccion\/"}]}},"_links":{"self":[{"href":"https:\/\/fuentesfidedignas.com.mx\/index.php\/wp-json\/wp\/v2\/posts\/64231","targetHints":{"allow":["GET"]}}],"collection":[{"href":"https:\/\/fuentesfidedignas.com.mx\/index.php\/wp-json\/wp\/v2\/posts"}],"about":[{"href":"https:\/\/fuentesfidedignas.com.mx\/index.php\/wp-json\/wp\/v2\/types\/post"}],"author":[{"embeddable":true,"href":"https:\/\/fuentesfidedignas.com.mx\/index.php\/wp-json\/wp\/v2\/users\/4"}],"replies":[{"embeddable":true,"href":"https:\/\/fuentesfidedignas.com.mx\/index.php\/wp-json\/wp\/v2\/comments?post=64231"}],"version-history":[{"count":1,"href":"https:\/\/fuentesfidedignas.com.mx\/index.php\/wp-json\/wp\/v2\/posts\/64231\/revisions"}],"predecessor-version":[{"id":64233,"href":"https:\/\/fuentesfidedignas.com.mx\/index.php\/wp-json\/wp\/v2\/posts\/64231\/revisions\/64233"}],"wp:featuredmedia":[{"embeddable":true,"href":"https:\/\/fuentesfidedignas.com.mx\/index.php\/wp-json\/wp\/v2\/media\/64232"}],"wp:attachment":[{"href":"https:\/\/fuentesfidedignas.com.mx\/index.php\/wp-json\/wp\/v2\/media?parent=64231"}],"wp:term":[{"taxonomy":"category","embeddable":true,"href":"https:\/\/fuentesfidedignas.com.mx\/index.php\/wp-json\/wp\/v2\/categories?post=64231"},{"taxonomy":"post_tag","embeddable":true,"href":"https:\/\/fuentesfidedignas.com.mx\/index.php\/wp-json\/wp\/v2\/tags?post=64231"}],"curies":[{"name":"wp","href":"https:\/\/api.w.org\/{rel}","templated":true}]}}