{"id":64158,"date":"2023-10-30T09:17:56","date_gmt":"2023-10-30T16:17:56","guid":{"rendered":"https:\/\/fuentesfidedignas.com.mx\/?p=64158"},"modified":"2023-10-30T10:52:23","modified_gmt":"2023-10-30T17:52:23","slug":"abandonan-8-cuerpos-en-calles-de-durango-victimas-serian-de-culiacan","status":"publish","type":"post","link":"https:\/\/fuentesfidedignas.com.mx\/index.php\/2023\/10\/30\/abandonan-8-cuerpos-en-calles-de-durango-victimas-serian-de-culiacan\/","title":{"rendered":"Abandonan 8 cuerpos en calles de Durango; v\u00edctimas ser\u00edan de Culiac\u00e1n"},"content":{"rendered":"\n<p><strong><em>Se presume que los ocho cuerpos pertenecen al grupo de personas que d\u00edas atr\u00e1s fueron secuestradas de un inmueble en Culiac\u00e1n<\/em><\/strong><\/p>\n\n\n\n<p>Durango. Los\u00a0<strong>cuerpos<\/strong>\u00a0de\u00a0<strong>ocho personas<\/strong>\u00a0presuntamente secuestradas en Culiac\u00e1n fueron\u00a0<strong>abandonados<\/strong>\u00a0en calles de\u00a0<strong>Durango<\/strong>.<\/p>\n\n\n\n<p>Dos de los cuerpos fueron hallados en la entrada a\u00a0<strong>Tamazula<\/strong>\u00a0y los otros seis en diversas vialidades.<\/p>\n\n\n\n<p>Las&nbsp;<strong>v\u00edctimas<\/strong>&nbsp;se encontraban&nbsp;<strong>esposadas<\/strong>. Se hall\u00f3 un cartel donde los se\u00f1alaban de&nbsp;<strong>traidores<\/strong>.<\/p>\n\n\n\n<p>Autoridades trasladaron los cad\u00e1veres al Servicio M\u00e9dico Forense de Culiac\u00e1n, Sinaloa, al estar m\u00e1s cerca que la capital de Durango.<\/p>\n\n\n\n<p>Se presume que los ocho cuerpos pertenecen al grupo de personas que d\u00edas atr\u00e1s fueron secuestradas de un inmueble en fraccionamiento Bosques del Rey, en la ciudad de Culiac\u00e1n.<\/p>\n\n\n\n<p>Autoridades de ambos estados trabajar\u00e1n en coordinaci\u00f3n hasta identificar los cad\u00e1veres y para dar con los presuntos responsables.<\/p>\n","protected":false},"excerpt":{"rendered":"<p>Se presume que los ocho cuerpos pertenecen al grupo de personas que d\u00edas atr\u00e1s fueron secuestradas de un inmueble en Culiac\u00e1n Durango. Los\u00a0cuerpos\u00a0de\u00a0ocho personas\u00a0presuntamente secuestradas en Culiac\u00e1n fueron\u00a0abandonados\u00a0en calles de\u00a0Durango. Dos de los cuerpos fueron hallados en la entrada a\u00a0Tamazula\u00a0y los otros seis en diversas vialidades. Las&nbsp;v\u00edctimas&nbsp;se encontraban&nbsp;esposadas. Se hall\u00f3 un cartel donde los se\u00f1alaban [&hellip;]<\/p>\n","protected":false},"author":47,"featured_media":64160,"comment_status":"open","ping_status":"open","sticky":false,"template":"","format":"standard","meta":{"tdm_status":"","tdm_grid_status":"","footnotes":""},"categories":[1],"tags":[],"class_list":{"0":"post-64158","1":"post","2":"type-post","3":"status-publish","4":"format-standard","5":"has-post-thumbnail","7":"category-sin-categoria"},"yoast_head":"<!-- This site is optimized with the Yoast SEO plugin v27.5 - https:\/\/yoast.com\/product\/yoast-seo-wordpress\/ -->\n<title>Abandonan 8 cuerpos en calles de Durango; v\u00edctimas ser\u00edan de Culiac\u00e1n - Fuentes Fidedignas<\/title>\n<meta name=\"robots\" content=\"index, follow, max-snippet:-1, max-image-preview:large, max-video-preview:-1\" \/>\n<link rel=\"canonical\" href=\"https:\/\/fuentesfidedignas.com.mx\/index.php\/2023\/10\/30\/abandonan-8-cuerpos-en-calles-de-durango-victimas-serian-de-culiacan\/\" \/>\n<meta property=\"og:locale\" content=\"es_MX\" \/>\n<meta property=\"og:type\" content=\"article\" \/>\n<meta property=\"og:title\" content=\"Abandonan 8 cuerpos en calles de Durango; v\u00edctimas ser\u00edan de Culiac\u00e1n - Fuentes Fidedignas\" \/>\n<meta property=\"og:description\" content=\"Se presume que los ocho cuerpos pertenecen al grupo de personas que d\u00edas atr\u00e1s fueron secuestradas de un inmueble en Culiac\u00e1n Durango. Los\u00a0cuerpos\u00a0de\u00a0ocho personas\u00a0presuntamente secuestradas en Culiac\u00e1n fueron\u00a0abandonados\u00a0en calles de\u00a0Durango. Dos de los cuerpos fueron hallados en la entrada a\u00a0Tamazula\u00a0y los otros seis en diversas vialidades. Las&nbsp;v\u00edctimas&nbsp;se encontraban&nbsp;esposadas. Se hall\u00f3 un cartel donde los se\u00f1alaban [&hellip;]\" \/>\n<meta property=\"og:url\" content=\"https:\/\/fuentesfidedignas.com.mx\/index.php\/2023\/10\/30\/abandonan-8-cuerpos-en-calles-de-durango-victimas-serian-de-culiacan\/\" \/>\n<meta property=\"og:site_name\" content=\"Fuentes Fidedignas\" \/>\n<meta property=\"article:publisher\" content=\"https:\/\/www.facebook.com\/Fuentes-Fidedignas-368234489921644\" \/>\n<meta property=\"article:published_time\" content=\"2023-10-30T16:17:56+00:00\" \/>\n<meta property=\"article:modified_time\" content=\"2023-10-30T17:52:23+00:00\" \/>\n<meta property=\"og:image\" content=\"https:\/\/fuentesfidedignas.com.mx\/wp-content\/uploads\/2023\/10\/cuerpos-abandonados-en-tamazula-durango.jpg\" \/>\n\t<meta property=\"og:image:width\" content=\"1000\" \/>\n\t<meta property=\"og:image:height\" content=\"563\" \/>\n\t<meta property=\"og:image:type\" content=\"image\/jpeg\" \/>\n<meta name=\"author\" content=\"L\u00f3pez D\u00f3riga\" \/>\n<meta name=\"twitter:card\" content=\"summary_large_image\" \/>\n<meta name=\"twitter:creator\" content=\"@fidedignas\" \/>\n<meta name=\"twitter:site\" content=\"@fidedignas\" \/>\n<meta name=\"twitter:label1\" content=\"Escrito por\" \/>\n\t<meta name=\"twitter:data1\" content=\"L\u00f3pez D\u00f3riga\" \/>\n\t<meta name=\"twitter:label2\" content=\"Tiempo de lectura\" \/>\n\t<meta name=\"twitter:data2\" content=\"1 minuto\" \/>\n<script type=\"application\/ld+json\" class=\"yoast-schema-graph\">{\"@context\":\"https:\\\/\\\/schema.org\",\"@graph\":[{\"@type\":\"Article\",\"@id\":\"https:\\\/\\\/fuentesfidedignas.com.mx\\\/index.php\\\/2023\\\/10\\\/30\\\/abandonan-8-cuerpos-en-calles-de-durango-victimas-serian-de-culiacan\\\/#article\",\"isPartOf\":{\"@id\":\"https:\\\/\\\/fuentesfidedignas.com.mx\\\/index.php\\\/2023\\\/10\\\/30\\\/abandonan-8-cuerpos-en-calles-de-durango-victimas-serian-de-culiacan\\\/\"},\"author\":{\"name\":\"L\u00f3pez D\u00f3riga\",\"@id\":\"https:\\\/\\\/fuentesfidedignas.com.mx\\\/#\\\/schema\\\/person\\\/67d852f0557c8509146a4b9ddebd543a\"},\"headline\":\"Abandonan 8 cuerpos en calles de Durango; v\u00edctimas ser\u00edan de Culiac\u00e1n\",\"datePublished\":\"2023-10-30T16:17:56+00:00\",\"dateModified\":\"2023-10-30T17:52:23+00:00\",\"mainEntityOfPage\":{\"@id\":\"https:\\\/\\\/fuentesfidedignas.com.mx\\\/index.php\\\/2023\\\/10\\\/30\\\/abandonan-8-cuerpos-en-calles-de-durango-victimas-serian-de-culiacan\\\/\"},\"wordCount\":169,\"commentCount\":0,\"publisher\":{\"@id\":\"https:\\\/\\\/fuentesfidedignas.com.mx\\\/#organization\"},\"image\":{\"@id\":\"https:\\\/\\\/fuentesfidedignas.com.mx\\\/index.php\\\/2023\\\/10\\\/30\\\/abandonan-8-cuerpos-en-calles-de-durango-victimas-serian-de-culiacan\\\/#primaryimage\"},\"thumbnailUrl\":\"https:\\\/\\\/fuentesfidedignas.com.mx\\\/wp-content\\\/uploads\\\/2023\\\/10\\\/cuerpos-abandonados-en-tamazula-durango.jpg\",\"inLanguage\":\"es\",\"potentialAction\":[{\"@type\":\"CommentAction\",\"name\":\"Comment\",\"target\":[\"https:\\\/\\\/fuentesfidedignas.com.mx\\\/index.php\\\/2023\\\/10\\\/30\\\/abandonan-8-cuerpos-en-calles-de-durango-victimas-serian-de-culiacan\\\/#respond\"]}]},{\"@type\":\"WebPage\",\"@id\":\"https:\\\/\\\/fuentesfidedignas.com.mx\\\/index.php\\\/2023\\\/10\\\/30\\\/abandonan-8-cuerpos-en-calles-de-durango-victimas-serian-de-culiacan\\\/\",\"url\":\"https:\\\/\\\/fuentesfidedignas.com.mx\\\/index.php\\\/2023\\\/10\\\/30\\\/abandonan-8-cuerpos-en-calles-de-durango-victimas-serian-de-culiacan\\\/\",\"name\":\"Abandonan 8 cuerpos en calles de Durango; v\u00edctimas ser\u00edan de Culiac\u00e1n - Fuentes Fidedignas\",\"isPartOf\":{\"@id\":\"https:\\\/\\\/fuentesfidedignas.com.mx\\\/#website\"},\"primaryImageOfPage\":{\"@id\":\"https:\\\/\\\/fuentesfidedignas.com.mx\\\/index.php\\\/2023\\\/10\\\/30\\\/abandonan-8-cuerpos-en-calles-de-durango-victimas-serian-de-culiacan\\\/#primaryimage\"},\"image\":{\"@id\":\"https:\\\/\\\/fuentesfidedignas.com.mx\\\/index.php\\\/2023\\\/10\\\/30\\\/abandonan-8-cuerpos-en-calles-de-durango-victimas-serian-de-culiacan\\\/#primaryimage\"},\"thumbnailUrl\":\"https:\\\/\\\/fuentesfidedignas.com.mx\\\/wp-content\\\/uploads\\\/2023\\\/10\\\/cuerpos-abandonados-en-tamazula-durango.jpg\",\"datePublished\":\"2023-10-30T16:17:56+00:00\",\"dateModified\":\"2023-10-30T17:52:23+00:00\",\"breadcrumb\":{\"@id\":\"https:\\\/\\\/fuentesfidedignas.com.mx\\\/index.php\\\/2023\\\/10\\\/30\\\/abandonan-8-cuerpos-en-calles-de-durango-victimas-serian-de-culiacan\\\/#breadcrumb\"},\"inLanguage\":\"es\",\"potentialAction\":[{\"@type\":\"ReadAction\",\"target\":[\"https:\\\/\\\/fuentesfidedignas.com.mx\\\/index.php\\\/2023\\\/10\\\/30\\\/abandonan-8-cuerpos-en-calles-de-durango-victimas-serian-de-culiacan\\\/\"]}]},{\"@type\":\"ImageObject\",\"inLanguage\":\"es\",\"@id\":\"https:\\\/\\\/fuentesfidedignas.com.mx\\\/index.php\\\/2023\\\/10\\\/30\\\/abandonan-8-cuerpos-en-calles-de-durango-victimas-serian-de-culiacan\\\/#primaryimage\",\"url\":\"https:\\\/\\\/fuentesfidedignas.com.mx\\\/wp-content\\\/uploads\\\/2023\\\/10\\\/cuerpos-abandonados-en-tamazula-durango.jpg\",\"contentUrl\":\"https:\\\/\\\/fuentesfidedignas.com.mx\\\/wp-content\\\/uploads\\\/2023\\\/10\\\/cuerpos-abandonados-en-tamazula-durango.jpg\",\"width\":1000,\"height\":563},{\"@type\":\"BreadcrumbList\",\"@id\":\"https:\\\/\\\/fuentesfidedignas.com.mx\\\/index.php\\\/2023\\\/10\\\/30\\\/abandonan-8-cuerpos-en-calles-de-durango-victimas-serian-de-culiacan\\\/#breadcrumb\",\"itemListElement\":[{\"@type\":\"ListItem\",\"position\":1,\"name\":\"Inicio\",\"item\":\"https:\\\/\\\/fuentesfidedignas.com.mx\\\/\"},{\"@type\":\"ListItem\",\"position\":2,\"name\":\"Abandonan 8 cuerpos en calles de Durango; v\u00edctimas ser\u00edan de Culiac\u00e1n\"}]},{\"@type\":\"WebSite\",\"@id\":\"https:\\\/\\\/fuentesfidedignas.com.mx\\\/#website\",\"url\":\"https:\\\/\\\/fuentesfidedignas.com.mx\\\/\",\"name\":\"Fuentes Fidedignas\",\"description\":\"Otro sitio realizado con WordPress\",\"publisher\":{\"@id\":\"https:\\\/\\\/fuentesfidedignas.com.mx\\\/#organization\"},\"potentialAction\":[{\"@type\":\"SearchAction\",\"target\":{\"@type\":\"EntryPoint\",\"urlTemplate\":\"https:\\\/\\\/fuentesfidedignas.com.mx\\\/?s={search_term_string}\"},\"query-input\":{\"@type\":\"PropertyValueSpecification\",\"valueRequired\":true,\"valueName\":\"search_term_string\"}}],\"inLanguage\":\"es\"},{\"@type\":\"Organization\",\"@id\":\"https:\\\/\\\/fuentesfidedignas.com.mx\\\/#organization\",\"name\":\"Fuentes Fidedignas\",\"url\":\"https:\\\/\\\/fuentesfidedignas.com.mx\\\/\",\"logo\":{\"@type\":\"ImageObject\",\"inLanguage\":\"es\",\"@id\":\"https:\\\/\\\/fuentesfidedignas.com.mx\\\/#\\\/schema\\\/logo\\\/image\\\/\",\"url\":\"https:\\\/\\\/fuentesfidedignas.com.mx\\\/wp-content\\\/uploads\\\/2021\\\/04\\\/logo-retina.png\",\"contentUrl\":\"https:\\\/\\\/fuentesfidedignas.com.mx\\\/wp-content\\\/uploads\\\/2021\\\/04\\\/logo-retina.png\",\"width\":280,\"height\":51,\"caption\":\"Fuentes Fidedignas\"},\"image\":{\"@id\":\"https:\\\/\\\/fuentesfidedignas.com.mx\\\/#\\\/schema\\\/logo\\\/image\\\/\"},\"sameAs\":[\"https:\\\/\\\/www.facebook.com\\\/Fuentes-Fidedignas-368234489921644\",\"https:\\\/\\\/x.com\\\/fidedignas\"]},{\"@type\":\"Person\",\"@id\":\"https:\\\/\\\/fuentesfidedignas.com.mx\\\/#\\\/schema\\\/person\\\/67d852f0557c8509146a4b9ddebd543a\",\"name\":\"L\u00f3pez D\u00f3riga\",\"image\":{\"@type\":\"ImageObject\",\"inLanguage\":\"es\",\"@id\":\"https:\\\/\\\/secure.gravatar.com\\\/avatar\\\/e525b06574ca18b33cded59dfe5778d6c823b9513154eff47da551b0551bdd1e?s=96&d=mm&r=g\",\"url\":\"https:\\\/\\\/secure.gravatar.com\\\/avatar\\\/e525b06574ca18b33cded59dfe5778d6c823b9513154eff47da551b0551bdd1e?s=96&d=mm&r=g\",\"contentUrl\":\"https:\\\/\\\/secure.gravatar.com\\\/avatar\\\/e525b06574ca18b33cded59dfe5778d6c823b9513154eff47da551b0551bdd1e?s=96&d=mm&r=g\",\"caption\":\"L\u00f3pez D\u00f3riga\"},\"url\":\"https:\\\/\\\/fuentesfidedignas.com.mx\\\/index.php\\\/author\\\/doriga\\\/\"}]}<\/script>\n<!-- \/ Yoast SEO plugin. -->","yoast_head_json":{"title":"Abandonan 8 cuerpos en calles de Durango; v\u00edctimas ser\u00edan de Culiac\u00e1n - Fuentes Fidedignas","robots":{"index":"index","follow":"follow","max-snippet":"max-snippet:-1","max-image-preview":"max-image-preview:large","max-video-preview":"max-video-preview:-1"},"canonical":"https:\/\/fuentesfidedignas.com.mx\/index.php\/2023\/10\/30\/abandonan-8-cuerpos-en-calles-de-durango-victimas-serian-de-culiacan\/","og_locale":"es_MX","og_type":"article","og_title":"Abandonan 8 cuerpos en calles de Durango; v\u00edctimas ser\u00edan de Culiac\u00e1n - Fuentes Fidedignas","og_description":"Se presume que los ocho cuerpos pertenecen al grupo de personas que d\u00edas atr\u00e1s fueron secuestradas de un inmueble en Culiac\u00e1n Durango. Los\u00a0cuerpos\u00a0de\u00a0ocho personas\u00a0presuntamente secuestradas en Culiac\u00e1n fueron\u00a0abandonados\u00a0en calles de\u00a0Durango. Dos de los cuerpos fueron hallados en la entrada a\u00a0Tamazula\u00a0y los otros seis en diversas vialidades. Las&nbsp;v\u00edctimas&nbsp;se encontraban&nbsp;esposadas. Se hall\u00f3 un cartel donde los se\u00f1alaban [&hellip;]","og_url":"https:\/\/fuentesfidedignas.com.mx\/index.php\/2023\/10\/30\/abandonan-8-cuerpos-en-calles-de-durango-victimas-serian-de-culiacan\/","og_site_name":"Fuentes Fidedignas","article_publisher":"https:\/\/www.facebook.com\/Fuentes-Fidedignas-368234489921644","article_published_time":"2023-10-30T16:17:56+00:00","article_modified_time":"2023-10-30T17:52:23+00:00","og_image":[{"width":1000,"height":563,"url":"https:\/\/fuentesfidedignas.com.mx\/wp-content\/uploads\/2023\/10\/cuerpos-abandonados-en-tamazula-durango.jpg","type":"image\/jpeg"}],"author":"L\u00f3pez D\u00f3riga","twitter_card":"summary_large_image","twitter_creator":"@fidedignas","twitter_site":"@fidedignas","twitter_misc":{"Escrito por":"L\u00f3pez D\u00f3riga","Tiempo de lectura":"1 minuto"},"schema":{"@context":"https:\/\/schema.org","@graph":[{"@type":"Article","@id":"https:\/\/fuentesfidedignas.com.mx\/index.php\/2023\/10\/30\/abandonan-8-cuerpos-en-calles-de-durango-victimas-serian-de-culiacan\/#article","isPartOf":{"@id":"https:\/\/fuentesfidedignas.com.mx\/index.php\/2023\/10\/30\/abandonan-8-cuerpos-en-calles-de-durango-victimas-serian-de-culiacan\/"},"author":{"name":"L\u00f3pez D\u00f3riga","@id":"https:\/\/fuentesfidedignas.com.mx\/#\/schema\/person\/67d852f0557c8509146a4b9ddebd543a"},"headline":"Abandonan 8 cuerpos en calles de Durango; v\u00edctimas ser\u00edan de Culiac\u00e1n","datePublished":"2023-10-30T16:17:56+00:00","dateModified":"2023-10-30T17:52:23+00:00","mainEntityOfPage":{"@id":"https:\/\/fuentesfidedignas.com.mx\/index.php\/2023\/10\/30\/abandonan-8-cuerpos-en-calles-de-durango-victimas-serian-de-culiacan\/"},"wordCount":169,"commentCount":0,"publisher":{"@id":"https:\/\/fuentesfidedignas.com.mx\/#organization"},"image":{"@id":"https:\/\/fuentesfidedignas.com.mx\/index.php\/2023\/10\/30\/abandonan-8-cuerpos-en-calles-de-durango-victimas-serian-de-culiacan\/#primaryimage"},"thumbnailUrl":"https:\/\/fuentesfidedignas.com.mx\/wp-content\/uploads\/2023\/10\/cuerpos-abandonados-en-tamazula-durango.jpg","inLanguage":"es","potentialAction":[{"@type":"CommentAction","name":"Comment","target":["https:\/\/fuentesfidedignas.com.mx\/index.php\/2023\/10\/30\/abandonan-8-cuerpos-en-calles-de-durango-victimas-serian-de-culiacan\/#respond"]}]},{"@type":"WebPage","@id":"https:\/\/fuentesfidedignas.com.mx\/index.php\/2023\/10\/30\/abandonan-8-cuerpos-en-calles-de-durango-victimas-serian-de-culiacan\/","url":"https:\/\/fuentesfidedignas.com.mx\/index.php\/2023\/10\/30\/abandonan-8-cuerpos-en-calles-de-durango-victimas-serian-de-culiacan\/","name":"Abandonan 8 cuerpos en calles de Durango; v\u00edctimas ser\u00edan de Culiac\u00e1n - Fuentes Fidedignas","isPartOf":{"@id":"https:\/\/fuentesfidedignas.com.mx\/#website"},"primaryImageOfPage":{"@id":"https:\/\/fuentesfidedignas.com.mx\/index.php\/2023\/10\/30\/abandonan-8-cuerpos-en-calles-de-durango-victimas-serian-de-culiacan\/#primaryimage"},"image":{"@id":"https:\/\/fuentesfidedignas.com.mx\/index.php\/2023\/10\/30\/abandonan-8-cuerpos-en-calles-de-durango-victimas-serian-de-culiacan\/#primaryimage"},"thumbnailUrl":"https:\/\/fuentesfidedignas.com.mx\/wp-content\/uploads\/2023\/10\/cuerpos-abandonados-en-tamazula-durango.jpg","datePublished":"2023-10-30T16:17:56+00:00","dateModified":"2023-10-30T17:52:23+00:00","breadcrumb":{"@id":"https:\/\/fuentesfidedignas.com.mx\/index.php\/2023\/10\/30\/abandonan-8-cuerpos-en-calles-de-durango-victimas-serian-de-culiacan\/#breadcrumb"},"inLanguage":"es","potentialAction":[{"@type":"ReadAction","target":["https:\/\/fuentesfidedignas.com.mx\/index.php\/2023\/10\/30\/abandonan-8-cuerpos-en-calles-de-durango-victimas-serian-de-culiacan\/"]}]},{"@type":"ImageObject","inLanguage":"es","@id":"https:\/\/fuentesfidedignas.com.mx\/index.php\/2023\/10\/30\/abandonan-8-cuerpos-en-calles-de-durango-victimas-serian-de-culiacan\/#primaryimage","url":"https:\/\/fuentesfidedignas.com.mx\/wp-content\/uploads\/2023\/10\/cuerpos-abandonados-en-tamazula-durango.jpg","contentUrl":"https:\/\/fuentesfidedignas.com.mx\/wp-content\/uploads\/2023\/10\/cuerpos-abandonados-en-tamazula-durango.jpg","width":1000,"height":563},{"@type":"BreadcrumbList","@id":"https:\/\/fuentesfidedignas.com.mx\/index.php\/2023\/10\/30\/abandonan-8-cuerpos-en-calles-de-durango-victimas-serian-de-culiacan\/#breadcrumb","itemListElement":[{"@type":"ListItem","position":1,"name":"Inicio","item":"https:\/\/fuentesfidedignas.com.mx\/"},{"@type":"ListItem","position":2,"name":"Abandonan 8 cuerpos en calles de Durango; v\u00edctimas ser\u00edan de Culiac\u00e1n"}]},{"@type":"WebSite","@id":"https:\/\/fuentesfidedignas.com.mx\/#website","url":"https:\/\/fuentesfidedignas.com.mx\/","name":"Fuentes Fidedignas","description":"Otro sitio realizado con WordPress","publisher":{"@id":"https:\/\/fuentesfidedignas.com.mx\/#organization"},"potentialAction":[{"@type":"SearchAction","target":{"@type":"EntryPoint","urlTemplate":"https:\/\/fuentesfidedignas.com.mx\/?s={search_term_string}"},"query-input":{"@type":"PropertyValueSpecification","valueRequired":true,"valueName":"search_term_string"}}],"inLanguage":"es"},{"@type":"Organization","@id":"https:\/\/fuentesfidedignas.com.mx\/#organization","name":"Fuentes Fidedignas","url":"https:\/\/fuentesfidedignas.com.mx\/","logo":{"@type":"ImageObject","inLanguage":"es","@id":"https:\/\/fuentesfidedignas.com.mx\/#\/schema\/logo\/image\/","url":"https:\/\/fuentesfidedignas.com.mx\/wp-content\/uploads\/2021\/04\/logo-retina.png","contentUrl":"https:\/\/fuentesfidedignas.com.mx\/wp-content\/uploads\/2021\/04\/logo-retina.png","width":280,"height":51,"caption":"Fuentes Fidedignas"},"image":{"@id":"https:\/\/fuentesfidedignas.com.mx\/#\/schema\/logo\/image\/"},"sameAs":["https:\/\/www.facebook.com\/Fuentes-Fidedignas-368234489921644","https:\/\/x.com\/fidedignas"]},{"@type":"Person","@id":"https:\/\/fuentesfidedignas.com.mx\/#\/schema\/person\/67d852f0557c8509146a4b9ddebd543a","name":"L\u00f3pez D\u00f3riga","image":{"@type":"ImageObject","inLanguage":"es","@id":"https:\/\/secure.gravatar.com\/avatar\/e525b06574ca18b33cded59dfe5778d6c823b9513154eff47da551b0551bdd1e?s=96&d=mm&r=g","url":"https:\/\/secure.gravatar.com\/avatar\/e525b06574ca18b33cded59dfe5778d6c823b9513154eff47da551b0551bdd1e?s=96&d=mm&r=g","contentUrl":"https:\/\/secure.gravatar.com\/avatar\/e525b06574ca18b33cded59dfe5778d6c823b9513154eff47da551b0551bdd1e?s=96&d=mm&r=g","caption":"L\u00f3pez D\u00f3riga"},"url":"https:\/\/fuentesfidedignas.com.mx\/index.php\/author\/doriga\/"}]}},"_links":{"self":[{"href":"https:\/\/fuentesfidedignas.com.mx\/index.php\/wp-json\/wp\/v2\/posts\/64158","targetHints":{"allow":["GET"]}}],"collection":[{"href":"https:\/\/fuentesfidedignas.com.mx\/index.php\/wp-json\/wp\/v2\/posts"}],"about":[{"href":"https:\/\/fuentesfidedignas.com.mx\/index.php\/wp-json\/wp\/v2\/types\/post"}],"author":[{"embeddable":true,"href":"https:\/\/fuentesfidedignas.com.mx\/index.php\/wp-json\/wp\/v2\/users\/47"}],"replies":[{"embeddable":true,"href":"https:\/\/fuentesfidedignas.com.mx\/index.php\/wp-json\/wp\/v2\/comments?post=64158"}],"version-history":[{"count":1,"href":"https:\/\/fuentesfidedignas.com.mx\/index.php\/wp-json\/wp\/v2\/posts\/64158\/revisions"}],"predecessor-version":[{"id":64159,"href":"https:\/\/fuentesfidedignas.com.mx\/index.php\/wp-json\/wp\/v2\/posts\/64158\/revisions\/64159"}],"wp:featuredmedia":[{"embeddable":true,"href":"https:\/\/fuentesfidedignas.com.mx\/index.php\/wp-json\/wp\/v2\/media\/64160"}],"wp:attachment":[{"href":"https:\/\/fuentesfidedignas.com.mx\/index.php\/wp-json\/wp\/v2\/media?parent=64158"}],"wp:term":[{"taxonomy":"category","embeddable":true,"href":"https:\/\/fuentesfidedignas.com.mx\/index.php\/wp-json\/wp\/v2\/categories?post=64158"},{"taxonomy":"post_tag","embeddable":true,"href":"https:\/\/fuentesfidedignas.com.mx\/index.php\/wp-json\/wp\/v2\/tags?post=64158"}],"curies":[{"name":"wp","href":"https:\/\/api.w.org\/{rel}","templated":true}]}}